{"id":250606,"date":"2022-06-14T14:57:35","date_gmt":"2022-06-14T19:57:35","guid":{"rendered":"https:\/\/www.fiscalia.gov.co\/colombia\/?p=250606"},"modified":"2022-06-22T15:12:21","modified_gmt":"2022-06-22T20:12:21","slug":"a-prision-tres-presuntos-integrantes-de-una-banda-senalada-de-varios-atracos-en-zona-metropolitana-de-cucuta","status":"publish","type":"post","link":"https:\/\/www.fiscalia.gov.co\/colombia\/noticias\/a-prision-tres-presuntos-integrantes-de-una-banda-senalada-de-varios-atracos-en-zona-metropolitana-de-cucuta\/","title":{"rendered":"A prisi\u00f3n tres presuntos integrantes de una banda se\u00f1alada de varios atracos en zona metropolitana de C\u00facuta"},"content":{"rendered":"<p style=\"font-weight: 400;\">Luego de acoger la solicitud de la\u00a0Fiscal\u00eda General de la Naci\u00f3n, un juez con funci\u00f3n de control de garant\u00edas envi\u00f3 a la c\u00e1rcel a tres presuntos integrantes de la banda delincuencial De Po, se\u00f1alados de ser los responsables de varios\u00a0<a href=\"https:\/\/www.fiscalia.gov.co\/colombia\/noticias\/asegurados-tres-presuntos-integrantes-de-de-un-grupo-delincuencia-comun-dedicados-presuntamente-al-homicidio-y-al-hurto-en-cucuta\/\" data-saferedirecturl=\"https:\/\/www.google.com\/url?q=https:\/\/www.fiscalia.gov.co\/colombia\/noticias\/asegurados-tres-presuntos-integrantes-de-de-un-grupo-delincuencia-comun-dedicados-presuntamente-al-homicidio-y-al-hurto-en-cucuta\/&amp;source=gmail&amp;ust=1655321761268000&amp;usg=AOvVaw1fJ5rsn6jxLidwbSTtlE3j\">atraco<\/a>s\u00a0a mano armada en la zona metropolitana de C\u00facuta (Norte de Santander).<\/p>\n<p style=\"font-weight: 400;\">Se trata de Jarol Alexander Garc\u00eda Lizcano, alias de PO, Jos\u00e9 Miguel Gonz\u00e1lez\u00a0Villamil y Juan Camilo Beltr\u00e1n Garc\u00eda, judicializados por el delito\u00a0de hurto calificado y agravado en concurso homog\u00e9neo y sucesivo.<\/p>\n<p style=\"font-weight: 400;\">Los hechos materia de investigaci\u00f3n se presentaron entre septiembre de 2021 y abril del presente a\u00f1o, en los barrios 7 de agosto, Latinos, Zona Industrial de C\u00facuta y el barrio Once de noviembre del municipio de Los Patios.<\/p>\n<p style=\"font-weight: 400;\">Informaci\u00f3n obtenida a trav\u00e9s de las labores de\u00a0<a href=\"https:\/\/www.fiscalia.gov.co\/colombia\/noticias\/asegurados-tres-hombres-y-una-mujer-dedicados-presuntamente-al-hurto-en-la-modalidad-de-fleteo-en-cucuta\/\" data-saferedirecturl=\"https:\/\/www.google.com\/url?q=https:\/\/www.fiscalia.gov.co\/colombia\/noticias\/asegurados-tres-hombres-y-una-mujer-dedicados-presuntamente-al-hurto-en-la-modalidad-de-fleteo-en-cucuta\/&amp;source=gmail&amp;ust=1655321761268000&amp;usg=AOvVaw2KHPYcIafvxc6xAu4U8iEd\">polic\u00eda judicial<\/a>\u00a0como entrevistas a las v\u00edctimas, declaraciones juradas y reconocimientos fotogr\u00e1ficos, entre otras, la Fiscal\u00eda pudo establecer las fechas, lugares y el modo en que delinqu\u00eda la banda.<\/p>\n<p style=\"font-weight: 400;\">Los procesados, utilizaban varias motocicletas para, al parecer, interceptar a sus v\u00edctimas e intimidarlas con armas de fuego para despojarlas de sus pertenencias como tel\u00e9fonos celulares, dinero en efectivo y joyas.<\/p>\n<p style=\"font-weight: 400;\">Durante diligencias de registro y allanamiento efectuadas este 9 y 10 de junio, uniformados de la Polic\u00eda Nacional efectuaron las \u00f3rdenes de captura, emitidas por un juez. Se les incautaron un arma de traum\u00e1tica, cuatro cartuchos y dos tel\u00e9fonos celulares.<\/p>\n<p style=\"font-weight: 400;\">Los procesados no aceptaron su responsabilidad y fueron enviados a la c\u00e1rcel Modelo de la capital nortesantandereana.<\/p>\n<p style=\"font-weight: 400;\">Es de anotar, que alias De PO presenta investigaciones por los delitos de hurto, porte de armas de fuego y homicidio.<\/p>\n<p style=\"font-weight: 400;\"><strong>La Fiscal\u00eda habla con resultados.<\/strong><\/p>\n<p>&nbsp;<\/p>\n<p>&nbsp;<\/p>\n<p style=\"font-weight: 400;\">MPHA\/CFG\/SDQ\/DATO\/DSNS<\/p>\n<p>&nbsp;<\/p>\n<p>&nbsp;<\/p>\n<div class=\"td-post-content tagdiv-type\">\n<p><em>La informaci\u00f3n contenida en este bolet\u00edn de prensa corresponde a la narraci\u00f3n de los hechos noticiosos objetivos, y las investigaciones penales al interior de la Fiscal\u00eda General de la Naci\u00f3n. Para el momento de la divulgaci\u00f3n de este comunicado, la situaci\u00f3n jur\u00eddica de la(s) persona(s) relacionada(s) se encuentra pendiente de resolver por la autoridad judicial competente, siempre bajo los preceptos de la presunci\u00f3n de inocencia, consagrados en el art\u00edculo 29 de la Constituci\u00f3n Pol\u00edtica y el art\u00edculo 7\u00ba de la Ley 906 de 2004.<\/em><\/p>\n<\/div>\n<footer>\n<div class=\"td-post-source-tags\"><\/div>\n<div class=\"td-post-sharing-bottom\"><\/div>\n<\/footer>\n\n<div class=\"twitter-share\"><a href=\"https:\/\/twitter.com\/intent\/tweet?via=fiscaliacol\" class=\"twitter-share-button\">Tweet<\/a><\/div>\n","protected":false},"excerpt":{"rendered":"<p>Luego de acoger la solicitud de la\u00a0Fiscal\u00eda General de la Naci\u00f3n, un juez con funci\u00f3n de control de garant\u00edas envi\u00f3 a la c\u00e1rcel a tres presuntos integrantes de la banda delincuencial De Po, se\u00f1alados de ser los responsables de varios\u00a0atracos\u00a0a mano armada en la zona metropolitana de C\u00facuta (Norte de Santander). Se trata de Jarol [&hellip;]<\/p>\n","protected":false},"author":177,"featured_media":251289,"comment_status":"closed","ping_status":"open","sticky":false,"template":"","format":"video","meta":{"_price":"","_stock":"","_tribe_ticket_header":"","_tribe_default_ticket_provider":"","_tribe_ticket_capacity":"0","_ticket_start_date":"","_ticket_end_date":"","_tribe_ticket_show_description":"","_tribe_ticket_show_not_going":false,"_tribe_ticket_use_global_stock":"","_tribe_ticket_global_stock_level":"","_global_stock_mode":"","_global_stock_cap":"","_tribe_rsvp_for_event":"","_tribe_ticket_going_count":"","_tribe_ticket_not_going_count":"","_tribe_tickets_list":"[]","_tribe_ticket_has_attendee_info_fields":false,"tdm_status":"","tdm_grid_status":"","footnotes":""},"categories":[1,326,303,24099],"tags":[31730,24185,24188,1047,18320],"class_list":{"0":"post-250606","1":"post","2":"type-post","3":"status-publish","4":"format-video","5":"has-post-thumbnail","7":"category-noticias","8":"category-seccional-cucuta","9":"category-seccionales","10":"category-seguridad-territorial","11":"tag-cucuta-norte-de-santander","12":"tag-fiscal-barbosa","13":"tag-fiscal-francisco-barbosa","14":"tag-fiscalia-general-de-la-nacion","15":"tag-hurtos","16":"post_format-post-format-video"},"yoast_head":"<!-- This site is optimized with the Yoast SEO plugin v24.3 - https:\/\/yoast.com\/wordpress\/plugins\/seo\/ -->\n<title>Fiscal\u00eda General de la Naci\u00f3n<\/title>\n<meta name=\"description\" content=\"P\u00e1gina oficial de la Fiscal\u00eda General de la Naci\u00f3n \u2013 Colombia. Garantizamos el acceso efectivo a la justicia, la verdad y la reparaci\u00f3n de las v\u00edctimas de los delitos.\" \/>\n<meta name=\"robots\" content=\"noindex, follow\" \/>\n<meta property=\"og:locale\" content=\"es_ES\" \/>\n<meta property=\"og:type\" content=\"article\" \/>\n<meta property=\"og:title\" content=\"Fiscal\u00eda General de la Naci\u00f3n\" \/>\n<meta property=\"og:description\" content=\"P\u00e1gina oficial de la Fiscal\u00eda General de la Naci\u00f3n \u2013 Colombia. Garantizamos el acceso efectivo a la justicia, la verdad y la reparaci\u00f3n de las v\u00edctimas de los delitos.\" \/>\n<meta property=\"og:url\" content=\"https:\/\/www.fiscalia.gov.co\/colombia\/noticias\/a-prision-tres-presuntos-integrantes-de-una-banda-senalada-de-varios-atracos-en-zona-metropolitana-de-cucuta\/\" \/>\n<meta property=\"og:site_name\" content=\"Fiscal\u00eda General de la Naci\u00f3n\" \/>\n<meta property=\"article:publisher\" content=\"https:\/\/www.facebook.com\/FiscaliaCol\" \/>\n<meta property=\"article:published_time\" content=\"2022-06-14T19:57:35+00:00\" \/>\n<meta property=\"article:modified_time\" content=\"2022-06-22T20:12:21+00:00\" \/>\n<meta property=\"og:image\" content=\"https:\/\/www.fiscalia.gov.co\/colombia\/wp-content\/uploads\/maxresdefault-538.jpg\" \/>\n\t<meta property=\"og:image:width\" content=\"1280\" \/>\n\t<meta property=\"og:image:height\" content=\"720\" \/>\n\t<meta property=\"og:image:type\" content=\"image\/jpeg\" \/>\n<meta name=\"author\" content=\"Jordan Leandro Oviedo Anzola\" \/>\n<meta name=\"twitter:card\" content=\"summary_large_image\" \/>\n<meta name=\"twitter:creator\" content=\"@FiscaliaCol\" \/>\n<meta name=\"twitter:site\" content=\"@FiscaliaCol\" \/>\n<meta name=\"twitter:label1\" content=\"Escrito por\" \/>\n\t<meta name=\"twitter:data1\" content=\"Jordan Leandro Oviedo Anzola\" \/>\n\t<meta name=\"twitter:label2\" content=\"Tiempo de lectura\" \/>\n\t<meta name=\"twitter:data2\" content=\"2 minutos\" \/>\n<script type=\"application\/ld+json\" class=\"yoast-schema-graph\">{\"@context\":\"https:\/\/schema.org\",\"@graph\":[{\"@type\":\"Article\",\"@id\":\"https:\/\/www.fiscalia.gov.co\/colombia\/noticias\/a-prision-tres-presuntos-integrantes-de-una-banda-senalada-de-varios-atracos-en-zona-metropolitana-de-cucuta\/#article\",\"isPartOf\":{\"@id\":\"https:\/\/www.fiscalia.gov.co\/colombia\/noticias\/a-prision-tres-presuntos-integrantes-de-una-banda-senalada-de-varios-atracos-en-zona-metropolitana-de-cucuta\/\"},\"author\":{\"name\":\"Jordan Leandro Oviedo Anzola\",\"@id\":\"https:\/\/www.fiscalia.gov.co\/colombia\/#\/schema\/person\/bf84402cf293a5393e9c70b111020b24\"},\"headline\":\"A prisi\u00f3n tres presuntos integrantes de una banda se\u00f1alada de varios atracos en zona metropolitana de C\u00facuta\",\"datePublished\":\"2022-06-14T19:57:35+00:00\",\"dateModified\":\"2022-06-22T20:12:21+00:00\",\"mainEntityOfPage\":{\"@id\":\"https:\/\/www.fiscalia.gov.co\/colombia\/noticias\/a-prision-tres-presuntos-integrantes-de-una-banda-senalada-de-varios-atracos-en-zona-metropolitana-de-cucuta\/\"},\"wordCount\":426,\"publisher\":{\"@id\":\"https:\/\/www.fiscalia.gov.co\/colombia\/#organization\"},\"image\":{\"@id\":\"https:\/\/www.fiscalia.gov.co\/colombia\/noticias\/a-prision-tres-presuntos-integrantes-de-una-banda-senalada-de-varios-atracos-en-zona-metropolitana-de-cucuta\/#primaryimage\"},\"thumbnailUrl\":\"https:\/\/www.fiscalia.gov.co\/colombia\/wp-content\/uploads\/maxresdefault-538.jpg\",\"keywords\":[\"C\u00facuta (Norte de Santander)\",\"Fiscal Barbosa\",\"Fiscal Francisco Barbosa\",\"Fiscal\u00eda General de la Naci\u00f3n\",\"Hurtos\"],\"articleSection\":[\"Noticias\",\"Seccional C\u00facuta\",\"Seccionales\",\"Seguridad territorial\"],\"inLanguage\":\"es-CO\"},{\"@type\":\"WebPage\",\"@id\":\"https:\/\/www.fiscalia.gov.co\/colombia\/noticias\/a-prision-tres-presuntos-integrantes-de-una-banda-senalada-de-varios-atracos-en-zona-metropolitana-de-cucuta\/\",\"url\":\"https:\/\/www.fiscalia.gov.co\/colombia\/noticias\/a-prision-tres-presuntos-integrantes-de-una-banda-senalada-de-varios-atracos-en-zona-metropolitana-de-cucuta\/\",\"name\":\"Fiscal\u00eda General de la Naci\u00f3n\",\"isPartOf\":{\"@id\":\"https:\/\/www.fiscalia.gov.co\/colombia\/#website\"},\"primaryImageOfPage\":{\"@id\":\"https:\/\/www.fiscalia.gov.co\/colombia\/noticias\/a-prision-tres-presuntos-integrantes-de-una-banda-senalada-de-varios-atracos-en-zona-metropolitana-de-cucuta\/#primaryimage\"},\"image\":{\"@id\":\"https:\/\/www.fiscalia.gov.co\/colombia\/noticias\/a-prision-tres-presuntos-integrantes-de-una-banda-senalada-de-varios-atracos-en-zona-metropolitana-de-cucuta\/#primaryimage\"},\"thumbnailUrl\":\"https:\/\/www.fiscalia.gov.co\/colombia\/wp-content\/uploads\/maxresdefault-538.jpg\",\"datePublished\":\"2022-06-14T19:57:35+00:00\",\"dateModified\":\"2022-06-22T20:12:21+00:00\",\"description\":\"P\u00e1gina oficial de la Fiscal\u00eda General de la Naci\u00f3n \u2013 Colombia. Garantizamos el acceso efectivo a la justicia, la verdad y la reparaci\u00f3n de las v\u00edctimas de los delitos.\",\"breadcrumb\":{\"@id\":\"https:\/\/www.fiscalia.gov.co\/colombia\/noticias\/a-prision-tres-presuntos-integrantes-de-una-banda-senalada-de-varios-atracos-en-zona-metropolitana-de-cucuta\/#breadcrumb\"},\"inLanguage\":\"es-CO\",\"potentialAction\":[{\"@type\":\"ReadAction\",\"target\":[\"https:\/\/www.fiscalia.gov.co\/colombia\/noticias\/a-prision-tres-presuntos-integrantes-de-una-banda-senalada-de-varios-atracos-en-zona-metropolitana-de-cucuta\/\"]}]},{\"@type\":\"ImageObject\",\"inLanguage\":\"es-CO\",\"@id\":\"https:\/\/www.fiscalia.gov.co\/colombia\/noticias\/a-prision-tres-presuntos-integrantes-de-una-banda-senalada-de-varios-atracos-en-zona-metropolitana-de-cucuta\/#primaryimage\",\"url\":\"https:\/\/www.fiscalia.gov.co\/colombia\/wp-content\/uploads\/maxresdefault-538.jpg\",\"contentUrl\":\"https:\/\/www.fiscalia.gov.co\/colombia\/wp-content\/uploads\/maxresdefault-538.jpg\",\"width\":1280,\"height\":720},{\"@type\":\"BreadcrumbList\",\"@id\":\"https:\/\/www.fiscalia.gov.co\/colombia\/noticias\/a-prision-tres-presuntos-integrantes-de-una-banda-senalada-de-varios-atracos-en-zona-metropolitana-de-cucuta\/#breadcrumb\",\"itemListElement\":[{\"@type\":\"ListItem\",\"position\":1,\"name\":\"Home\",\"item\":\"https:\/\/www.fiscalia.gov.co\/colombia\/\"},{\"@type\":\"ListItem\",\"position\":2,\"name\":\"A prisi\u00f3n tres presuntos integrantes de una banda se\u00f1alada de varios atracos en zona metropolitana de C\u00facuta\"}]},{\"@type\":\"WebSite\",\"@id\":\"https:\/\/www.fiscalia.gov.co\/colombia\/#website\",\"url\":\"https:\/\/www.fiscalia.gov.co\/colombia\/\",\"name\":\"Fiscal\u00eda General de la Naci\u00f3n\",\"description\":\"P\u00e1gina oficial de la Fiscal\u00eda General de la Naci\u00f3n \u2013 Colombia. Garantizamos el acceso efectivo a la justicia, la verdad y la reparaci\u00f3n de las v\u00edctimas de los delitos.\",\"publisher\":{\"@id\":\"https:\/\/www.fiscalia.gov.co\/colombia\/#organization\"},\"potentialAction\":[{\"@type\":\"SearchAction\",\"target\":{\"@type\":\"EntryPoint\",\"urlTemplate\":\"https:\/\/www.fiscalia.gov.co\/colombia\/?s={search_term_string}\"},\"query-input\":{\"@type\":\"PropertyValueSpecification\",\"valueRequired\":true,\"valueName\":\"search_term_string\"}}],\"inLanguage\":\"es-CO\"},{\"@type\":\"Organization\",\"@id\":\"https:\/\/www.fiscalia.gov.co\/colombia\/#organization\",\"name\":\"Fiscal\u00eda General de la Naci\u00f3n\",\"url\":\"https:\/\/www.fiscalia.gov.co\/colombia\/\",\"logo\":{\"@type\":\"ImageObject\",\"inLanguage\":\"es-CO\",\"@id\":\"https:\/\/www.fiscalia.gov.co\/colombia\/#\/schema\/logo\/image\/\",\"url\":\"https:\/\/www.fiscalia.gov.co\/colombia\/wp-content\/uploads\/LogoHorizontal_1.jpg\",\"contentUrl\":\"https:\/\/www.fiscalia.gov.co\/colombia\/wp-content\/uploads\/LogoHorizontal_1.jpg\",\"width\":300,\"height\":90,\"caption\":\"Fiscal\u00eda General de la Naci\u00f3n\"},\"image\":{\"@id\":\"https:\/\/www.fiscalia.gov.co\/colombia\/#\/schema\/logo\/image\/\"},\"sameAs\":[\"https:\/\/www.facebook.com\/FiscaliaCol\",\"https:\/\/x.com\/FiscaliaCol\",\"https:\/\/www.instagram.com\/fiscaliacol\",\"https:\/\/www.linkedin.com\/company\/fiscalia-general-de-la-naci-n\/\",\"https:\/\/youtube.com\/@fiscaliageneraldelanacion-4668?si=6nN79nyQICPU5iTh\"]},{\"@type\":\"Person\",\"@id\":\"https:\/\/www.fiscalia.gov.co\/colombia\/#\/schema\/person\/bf84402cf293a5393e9c70b111020b24\",\"name\":\"Jordan Leandro Oviedo Anzola\",\"image\":{\"@type\":\"ImageObject\",\"inLanguage\":\"es-CO\",\"@id\":\"https:\/\/www.fiscalia.gov.co\/colombia\/#\/schema\/person\/image\/\",\"url\":\"https:\/\/secure.gravatar.com\/avatar\/dabba4346fa9b9207d96adafa8f92721?s=96&d=mm&r=g\",\"contentUrl\":\"https:\/\/secure.gravatar.com\/avatar\/dabba4346fa9b9207d96adafa8f92721?s=96&d=mm&r=g\",\"caption\":\"Jordan Leandro Oviedo Anzola\"},\"url\":\"https:\/\/www.fiscalia.gov.co\/colombia\/author\/joviedo\/\"}]}<\/script>\n<!-- \/ Yoast SEO plugin. -->","yoast_head_json":{"title":"Fiscal\u00eda General de la Naci\u00f3n","description":"P\u00e1gina oficial de la Fiscal\u00eda General de la Naci\u00f3n \u2013 Colombia. Garantizamos el acceso efectivo a la justicia, la verdad y la reparaci\u00f3n de las v\u00edctimas de los delitos.","robots":{"index":"noindex","follow":"follow"},"og_locale":"es_ES","og_type":"article","og_title":"Fiscal\u00eda General de la Naci\u00f3n","og_description":"P\u00e1gina oficial de la Fiscal\u00eda General de la Naci\u00f3n \u2013 Colombia. Garantizamos el acceso efectivo a la justicia, la verdad y la reparaci\u00f3n de las v\u00edctimas de los delitos.","og_url":"https:\/\/www.fiscalia.gov.co\/colombia\/noticias\/a-prision-tres-presuntos-integrantes-de-una-banda-senalada-de-varios-atracos-en-zona-metropolitana-de-cucuta\/","og_site_name":"Fiscal\u00eda General de la Naci\u00f3n","article_publisher":"https:\/\/www.facebook.com\/FiscaliaCol","article_published_time":"2022-06-14T19:57:35+00:00","article_modified_time":"2022-06-22T20:12:21+00:00","og_image":[{"width":1280,"height":720,"url":"https:\/\/www.fiscalia.gov.co\/colombia\/wp-content\/uploads\/maxresdefault-538.jpg","type":"image\/jpeg"}],"author":"Jordan Leandro Oviedo Anzola","twitter_card":"summary_large_image","twitter_creator":"@FiscaliaCol","twitter_site":"@FiscaliaCol","twitter_misc":{"Escrito por":"Jordan Leandro Oviedo Anzola","Tiempo de lectura":"2 minutos"},"schema":{"@context":"https:\/\/schema.org","@graph":[{"@type":"Article","@id":"https:\/\/www.fiscalia.gov.co\/colombia\/noticias\/a-prision-tres-presuntos-integrantes-de-una-banda-senalada-de-varios-atracos-en-zona-metropolitana-de-cucuta\/#article","isPartOf":{"@id":"https:\/\/www.fiscalia.gov.co\/colombia\/noticias\/a-prision-tres-presuntos-integrantes-de-una-banda-senalada-de-varios-atracos-en-zona-metropolitana-de-cucuta\/"},"author":{"name":"Jordan Leandro Oviedo Anzola","@id":"https:\/\/www.fiscalia.gov.co\/colombia\/#\/schema\/person\/bf84402cf293a5393e9c70b111020b24"},"headline":"A prisi\u00f3n tres presuntos integrantes de una banda se\u00f1alada de varios atracos en zona metropolitana de C\u00facuta","datePublished":"2022-06-14T19:57:35+00:00","dateModified":"2022-06-22T20:12:21+00:00","mainEntityOfPage":{"@id":"https:\/\/www.fiscalia.gov.co\/colombia\/noticias\/a-prision-tres-presuntos-integrantes-de-una-banda-senalada-de-varios-atracos-en-zona-metropolitana-de-cucuta\/"},"wordCount":426,"publisher":{"@id":"https:\/\/www.fiscalia.gov.co\/colombia\/#organization"},"image":{"@id":"https:\/\/www.fiscalia.gov.co\/colombia\/noticias\/a-prision-tres-presuntos-integrantes-de-una-banda-senalada-de-varios-atracos-en-zona-metropolitana-de-cucuta\/#primaryimage"},"thumbnailUrl":"https:\/\/www.fiscalia.gov.co\/colombia\/wp-content\/uploads\/maxresdefault-538.jpg","keywords":["C\u00facuta (Norte de Santander)","Fiscal Barbosa","Fiscal Francisco Barbosa","Fiscal\u00eda General de la Naci\u00f3n","Hurtos"],"articleSection":["Noticias","Seccional C\u00facuta","Seccionales","Seguridad territorial"],"inLanguage":"es-CO"},{"@type":"WebPage","@id":"https:\/\/www.fiscalia.gov.co\/colombia\/noticias\/a-prision-tres-presuntos-integrantes-de-una-banda-senalada-de-varios-atracos-en-zona-metropolitana-de-cucuta\/","url":"https:\/\/www.fiscalia.gov.co\/colombia\/noticias\/a-prision-tres-presuntos-integrantes-de-una-banda-senalada-de-varios-atracos-en-zona-metropolitana-de-cucuta\/","name":"Fiscal\u00eda General de la Naci\u00f3n","isPartOf":{"@id":"https:\/\/www.fiscalia.gov.co\/colombia\/#website"},"primaryImageOfPage":{"@id":"https:\/\/www.fiscalia.gov.co\/colombia\/noticias\/a-prision-tres-presuntos-integrantes-de-una-banda-senalada-de-varios-atracos-en-zona-metropolitana-de-cucuta\/#primaryimage"},"image":{"@id":"https:\/\/www.fiscalia.gov.co\/colombia\/noticias\/a-prision-tres-presuntos-integrantes-de-una-banda-senalada-de-varios-atracos-en-zona-metropolitana-de-cucuta\/#primaryimage"},"thumbnailUrl":"https:\/\/www.fiscalia.gov.co\/colombia\/wp-content\/uploads\/maxresdefault-538.jpg","datePublished":"2022-06-14T19:57:35+00:00","dateModified":"2022-06-22T20:12:21+00:00","description":"P\u00e1gina oficial de la Fiscal\u00eda General de la Naci\u00f3n \u2013 Colombia. Garantizamos el acceso efectivo a la justicia, la verdad y la reparaci\u00f3n de las v\u00edctimas de los delitos.","breadcrumb":{"@id":"https:\/\/www.fiscalia.gov.co\/colombia\/noticias\/a-prision-tres-presuntos-integrantes-de-una-banda-senalada-de-varios-atracos-en-zona-metropolitana-de-cucuta\/#breadcrumb"},"inLanguage":"es-CO","potentialAction":[{"@type":"ReadAction","target":["https:\/\/www.fiscalia.gov.co\/colombia\/noticias\/a-prision-tres-presuntos-integrantes-de-una-banda-senalada-de-varios-atracos-en-zona-metropolitana-de-cucuta\/"]}]},{"@type":"ImageObject","inLanguage":"es-CO","@id":"https:\/\/www.fiscalia.gov.co\/colombia\/noticias\/a-prision-tres-presuntos-integrantes-de-una-banda-senalada-de-varios-atracos-en-zona-metropolitana-de-cucuta\/#primaryimage","url":"https:\/\/www.fiscalia.gov.co\/colombia\/wp-content\/uploads\/maxresdefault-538.jpg","contentUrl":"https:\/\/www.fiscalia.gov.co\/colombia\/wp-content\/uploads\/maxresdefault-538.jpg","width":1280,"height":720},{"@type":"BreadcrumbList","@id":"https:\/\/www.fiscalia.gov.co\/colombia\/noticias\/a-prision-tres-presuntos-integrantes-de-una-banda-senalada-de-varios-atracos-en-zona-metropolitana-de-cucuta\/#breadcrumb","itemListElement":[{"@type":"ListItem","position":1,"name":"Home","item":"https:\/\/www.fiscalia.gov.co\/colombia\/"},{"@type":"ListItem","position":2,"name":"A prisi\u00f3n tres presuntos integrantes de una banda se\u00f1alada de varios atracos en zona metropolitana de C\u00facuta"}]},{"@type":"WebSite","@id":"https:\/\/www.fiscalia.gov.co\/colombia\/#website","url":"https:\/\/www.fiscalia.gov.co\/colombia\/","name":"Fiscal\u00eda General de la Naci\u00f3n","description":"P\u00e1gina oficial de la Fiscal\u00eda General de la Naci\u00f3n \u2013 Colombia. Garantizamos el acceso efectivo a la justicia, la verdad y la reparaci\u00f3n de las v\u00edctimas de los delitos.","publisher":{"@id":"https:\/\/www.fiscalia.gov.co\/colombia\/#organization"},"potentialAction":[{"@type":"SearchAction","target":{"@type":"EntryPoint","urlTemplate":"https:\/\/www.fiscalia.gov.co\/colombia\/?s={search_term_string}"},"query-input":{"@type":"PropertyValueSpecification","valueRequired":true,"valueName":"search_term_string"}}],"inLanguage":"es-CO"},{"@type":"Organization","@id":"https:\/\/www.fiscalia.gov.co\/colombia\/#organization","name":"Fiscal\u00eda General de la Naci\u00f3n","url":"https:\/\/www.fiscalia.gov.co\/colombia\/","logo":{"@type":"ImageObject","inLanguage":"es-CO","@id":"https:\/\/www.fiscalia.gov.co\/colombia\/#\/schema\/logo\/image\/","url":"https:\/\/www.fiscalia.gov.co\/colombia\/wp-content\/uploads\/LogoHorizontal_1.jpg","contentUrl":"https:\/\/www.fiscalia.gov.co\/colombia\/wp-content\/uploads\/LogoHorizontal_1.jpg","width":300,"height":90,"caption":"Fiscal\u00eda General de la Naci\u00f3n"},"image":{"@id":"https:\/\/www.fiscalia.gov.co\/colombia\/#\/schema\/logo\/image\/"},"sameAs":["https:\/\/www.facebook.com\/FiscaliaCol","https:\/\/x.com\/FiscaliaCol","https:\/\/www.instagram.com\/fiscaliacol","https:\/\/www.linkedin.com\/company\/fiscalia-general-de-la-naci-n\/","https:\/\/youtube.com\/@fiscaliageneraldelanacion-4668?si=6nN79nyQICPU5iTh"]},{"@type":"Person","@id":"https:\/\/www.fiscalia.gov.co\/colombia\/#\/schema\/person\/bf84402cf293a5393e9c70b111020b24","name":"Jordan Leandro Oviedo Anzola","image":{"@type":"ImageObject","inLanguage":"es-CO","@id":"https:\/\/www.fiscalia.gov.co\/colombia\/#\/schema\/person\/image\/","url":"https:\/\/secure.gravatar.com\/avatar\/dabba4346fa9b9207d96adafa8f92721?s=96&d=mm&r=g","contentUrl":"https:\/\/secure.gravatar.com\/avatar\/dabba4346fa9b9207d96adafa8f92721?s=96&d=mm&r=g","caption":"Jordan Leandro Oviedo Anzola"},"url":"https:\/\/www.fiscalia.gov.co\/colombia\/author\/joviedo\/"}]}},"_links":{"self":[{"href":"https:\/\/www.fiscalia.gov.co\/colombia\/wp-json\/wp\/v2\/posts\/250606","targetHints":{"allow":["GET"]}}],"collection":[{"href":"https:\/\/www.fiscalia.gov.co\/colombia\/wp-json\/wp\/v2\/posts"}],"about":[{"href":"https:\/\/www.fiscalia.gov.co\/colombia\/wp-json\/wp\/v2\/types\/post"}],"author":[{"embeddable":true,"href":"https:\/\/www.fiscalia.gov.co\/colombia\/wp-json\/wp\/v2\/users\/177"}],"replies":[{"embeddable":true,"href":"https:\/\/www.fiscalia.gov.co\/colombia\/wp-json\/wp\/v2\/comments?post=250606"}],"version-history":[{"count":2,"href":"https:\/\/www.fiscalia.gov.co\/colombia\/wp-json\/wp\/v2\/posts\/250606\/revisions"}],"predecessor-version":[{"id":251292,"href":"https:\/\/www.fiscalia.gov.co\/colombia\/wp-json\/wp\/v2\/posts\/250606\/revisions\/251292"}],"wp:featuredmedia":[{"embeddable":true,"href":"https:\/\/www.fiscalia.gov.co\/colombia\/wp-json\/wp\/v2\/media\/251289"}],"wp:attachment":[{"href":"https:\/\/www.fiscalia.gov.co\/colombia\/wp-json\/wp\/v2\/media?parent=250606"}],"wp:term":[{"taxonomy":"category","embeddable":true,"href":"https:\/\/www.fiscalia.gov.co\/colombia\/wp-json\/wp\/v2\/categories?post=250606"},{"taxonomy":"post_tag","embeddable":true,"href":"https:\/\/www.fiscalia.gov.co\/colombia\/wp-json\/wp\/v2\/tags?post=250606"}],"curies":[{"name":"wp","href":"https:\/\/api.w.org\/{rel}","templated":true}]}}