{"id":250408,"date":"2022-06-10T17:31:07","date_gmt":"2022-06-10T22:31:07","guid":{"rendered":"https:\/\/www.fiscalia.gov.co\/colombia\/?p=250408"},"modified":"2022-06-10T17:31:07","modified_gmt":"2022-06-10T22:31:07","slug":"un-hombre-fue-sentenciado-a-7-anos-de-prision-tras-ser-encontrado-con-69-cartuchos-de-556-milimetros-para-fusil","status":"publish","type":"post","link":"https:\/\/www.fiscalia.gov.co\/colombia\/noticias\/un-hombre-fue-sentenciado-a-7-anos-de-prision-tras-ser-encontrado-con-69-cartuchos-de-556-milimetros-para-fusil\/","title":{"rendered":"Un hombre fue sentenciado a 7 a\u00f1os de prisi\u00f3n tras ser encontrado con 69 cartuchos de 5,56 mil\u00edmetros para fusil"},"content":{"rendered":"<p style=\"font-weight: 400;\">Mediante preacuerdo pactado entre una Fiscal\u00eda Especializada de Arauca y la defensa del procesado, un juez de conocimiento conden\u00f3 a 7 a\u00f1os y tres meses de prisi\u00f3n a Jaider Steven Sep\u00falveda Ereu, como responsable del delito de\u00a0<a href=\"https:\/\/www.fiscalia.gov.co\/colombia\/noticias\/fiscalia-en-arauca-obtuvo-sentencia-condenatoria-por-porte-ilegal-de-armas-de-fuego\/\" data-saferedirecturl=\"https:\/\/www.google.com\/url?q=https:\/\/www.fiscalia.gov.co\/colombia\/noticias\/fiscalia-en-arauca-obtuvo-sentencia-condenatoria-por-porte-ilegal-de-armas-de-fuego\/&amp;source=gmail&amp;ust=1654986229066000&amp;usg=AOvVaw1AikzfYhIVqWG21bOyEKP_\">fabricaci\u00f3n<\/a>, tr\u00e1fico y porte de armas y municiones de uso restringido de las fuerzas armadas.<\/p>\n<p style=\"font-weight: 400;\">Los hechos se presentaron el 3 de abril de 2021, cuando la Polic\u00eda Nacional intervino para detener una\u00a0<a href=\"http:\/\/iscalia.gov.co\/colombia\/noticias\/condenado-a-mas-de-cuatro-anos-de-carcel-hombre-responsable-de-trafico-de-armas-en-el-departamento-de-arauca\/\" data-saferedirecturl=\"https:\/\/www.google.com\/url?q=http:\/\/iscalia.gov.co\/colombia\/noticias\/condenado-a-mas-de-cuatro-anos-de-carcel-hombre-responsable-de-trafico-de-armas-en-el-departamento-de-arauca\/&amp;source=gmail&amp;ust=1654986229066000&amp;usg=AOvVaw2TCmEhSZfsAbxBXN_Eg85z\">ri\u00f1a<\/a>\u00a0que se presentaba en v\u00eda p\u00fablica del barrio Corocoras, de la ciudad de Arauca. Y al realizarle al investigado una requisa le hallaron en los bolsillos 69 cartuchos 5.56 mm para fusil y dos proveedores.<\/p>\n<p style=\"font-weight: 400;\">Sep\u00falveda Eure se encuentra recluido en la C\u00e1rcel de Arauca donde permanecer\u00e1 hasta el cumplimiento de su condena.<\/p>\n<p style=\"font-weight: 400;\"><strong>La Fiscal\u00eda habla con resultados.<\/strong><\/p>\n<p style=\"font-weight: 400;\">\n<p>&nbsp;<\/p>\n<p>&nbsp;<\/p>\n<p style=\"font-weight: 400;\">MPHA\/CFG\/JFEL\/DSA\/<\/p>\n<p>&nbsp;<\/p>\n<p>&nbsp;<\/p>\n<div class=\"td-post-content tagdiv-type\">\n<div class=\"td-post-content tagdiv-type\">\n<p><i><span lang=\"ES\">La informaci\u00f3n contenida en este bolet\u00edn de prensa corresponde a la narraci\u00f3n de los hechos noticiosos objetivos, suministrados por los funcionarios encargados de adelantar las investigaciones penales al interior de la Fiscal\u00eda General de la Naci\u00f3n. Para el momento de la divulgaci\u00f3n de este comunicado, la situaci\u00f3n jur\u00eddica de la(s) persona(s) relacionada(s) se encuentra pendiente de resolver por la autoridad judicial competente, siempre bajo los preceptos de la presunci\u00f3n de inocencia, consagrados en el art\u00edculo 29 de la Constituci\u00f3n Pol\u00edtica y el art\u00edculo 7\u00ba de la Ley 906 de 2004.<\/span><\/i><\/p>\n<\/div>\n<\/div>\n<p style=\"font-weight: 400;\">\n<p style=\"font-weight: 400;\">\n\n<div class=\"twitter-share\"><a href=\"https:\/\/twitter.com\/intent\/tweet?via=fiscaliacol\" class=\"twitter-share-button\">Tweet<\/a><\/div>\n","protected":false},"excerpt":{"rendered":"<p>Mediante preacuerdo pactado entre una Fiscal\u00eda Especializada de Arauca y la defensa del procesado, un juez de conocimiento conden\u00f3 a 7 a\u00f1os y tres meses de prisi\u00f3n a Jaider Steven Sep\u00falveda Ereu, como responsable del delito de\u00a0fabricaci\u00f3n, tr\u00e1fico y porte de armas y municiones de uso restringido de las fuerzas armadas. Los hechos se presentaron [&hellip;]<\/p>\n","protected":false},"author":177,"featured_media":0,"comment_status":"closed","ping_status":"open","sticky":false,"template":"","format":"standard","meta":{"_price":"","_stock":"","_tribe_ticket_header":"","_tribe_default_ticket_provider":"","_tribe_ticket_capacity":"0","_ticket_start_date":"","_ticket_end_date":"","_tribe_ticket_show_description":"","_tribe_ticket_show_not_going":false,"_tribe_ticket_use_global_stock":"","_tribe_ticket_global_stock_level":"","_global_stock_mode":"","_global_stock_cap":"","_tribe_rsvp_for_event":"","_tribe_ticket_going_count":"","_tribe_ticket_not_going_count":"","_tribe_tickets_list":"[]","_tribe_ticket_has_attendee_info_fields":false,"tdm_status":"","tdm_grid_status":"","footnotes":""},"categories":[24174,1,12632,303,24099],"tags":[31726,14550,24185,24188,4614,1047,17967,2286,1063,975],"class_list":{"0":"post-250408","1":"post","2":"type-post","3":"status-publish","4":"format-standard","6":"category-hay-justicia","7":"category-noticias","8":"category-seccional-arauca","9":"category-seccionales","10":"category-seguridad-territorial","11":"tag-arauca-arauca","12":"tag-carcel","13":"tag-fiscal-barbosa","14":"tag-fiscal-francisco-barbosa","15":"tag-fiscalia-2","16":"tag-fiscalia-general-de-la-nacion","17":"tag-investigacion","18":"tag-justicia","19":"tag-preacuerdo","20":"tag-sentencia"},"yoast_head":"<!-- This site is optimized with the Yoast SEO plugin v24.3 - https:\/\/yoast.com\/wordpress\/plugins\/seo\/ -->\n<title>Fiscal\u00eda General de la Naci\u00f3n<\/title>\n<meta name=\"description\" content=\"P\u00e1gina oficial de la Fiscal\u00eda General de la Naci\u00f3n \u2013 Colombia. Garantizamos el acceso efectivo a la justicia, la verdad y la reparaci\u00f3n de las v\u00edctimas de los delitos.\" \/>\n<meta name=\"robots\" content=\"noindex, follow\" \/>\n<meta property=\"og:locale\" content=\"es_ES\" \/>\n<meta property=\"og:type\" content=\"article\" \/>\n<meta property=\"og:title\" content=\"Fiscal\u00eda General de la Naci\u00f3n\" \/>\n<meta property=\"og:description\" content=\"P\u00e1gina oficial de la Fiscal\u00eda General de la Naci\u00f3n \u2013 Colombia. Garantizamos el acceso efectivo a la justicia, la verdad y la reparaci\u00f3n de las v\u00edctimas de los delitos.\" \/>\n<meta property=\"og:url\" content=\"https:\/\/www.fiscalia.gov.co\/colombia\/noticias\/un-hombre-fue-sentenciado-a-7-anos-de-prision-tras-ser-encontrado-con-69-cartuchos-de-556-milimetros-para-fusil\/\" \/>\n<meta property=\"og:site_name\" content=\"Fiscal\u00eda General de la Naci\u00f3n\" \/>\n<meta property=\"article:publisher\" content=\"https:\/\/www.facebook.com\/FiscaliaCol\" \/>\n<meta property=\"article:published_time\" content=\"2022-06-10T22:31:07+00:00\" \/>\n<meta name=\"author\" content=\"Jordan Leandro Oviedo Anzola\" \/>\n<meta name=\"twitter:card\" content=\"summary_large_image\" \/>\n<meta name=\"twitter:creator\" content=\"@FiscaliaCol\" \/>\n<meta name=\"twitter:site\" content=\"@FiscaliaCol\" \/>\n<meta name=\"twitter:label1\" content=\"Escrito por\" \/>\n\t<meta name=\"twitter:data1\" content=\"Jordan Leandro Oviedo Anzola\" \/>\n\t<meta name=\"twitter:label2\" content=\"Tiempo de lectura\" \/>\n\t<meta name=\"twitter:data2\" content=\"1 minuto\" \/>\n<script type=\"application\/ld+json\" class=\"yoast-schema-graph\">{\"@context\":\"https:\/\/schema.org\",\"@graph\":[{\"@type\":\"Article\",\"@id\":\"https:\/\/www.fiscalia.gov.co\/colombia\/noticias\/un-hombre-fue-sentenciado-a-7-anos-de-prision-tras-ser-encontrado-con-69-cartuchos-de-556-milimetros-para-fusil\/#article\",\"isPartOf\":{\"@id\":\"https:\/\/www.fiscalia.gov.co\/colombia\/noticias\/un-hombre-fue-sentenciado-a-7-anos-de-prision-tras-ser-encontrado-con-69-cartuchos-de-556-milimetros-para-fusil\/\"},\"author\":{\"name\":\"Jordan Leandro Oviedo Anzola\",\"@id\":\"https:\/\/www.fiscalia.gov.co\/colombia\/#\/schema\/person\/bf84402cf293a5393e9c70b111020b24\"},\"headline\":\"Un hombre fue sentenciado a 7 a\u00f1os de prisi\u00f3n tras ser encontrado con 69 cartuchos de 5,56 mil\u00edmetros para fusil\",\"datePublished\":\"2022-06-10T22:31:07+00:00\",\"dateModified\":\"2022-06-10T22:31:07+00:00\",\"mainEntityOfPage\":{\"@id\":\"https:\/\/www.fiscalia.gov.co\/colombia\/noticias\/un-hombre-fue-sentenciado-a-7-anos-de-prision-tras-ser-encontrado-con-69-cartuchos-de-556-milimetros-para-fusil\/\"},\"wordCount\":267,\"publisher\":{\"@id\":\"https:\/\/www.fiscalia.gov.co\/colombia\/#organization\"},\"keywords\":[\"Arauca (Arauca)\",\"C\u00e1rcel\",\"Fiscal Barbosa\",\"Fiscal Francisco Barbosa\",\"Fiscal\u00eda\",\"Fiscal\u00eda General de la Naci\u00f3n\",\"Investigaci\u00f3n\",\"Justicia\",\"Preacuerdo\",\"Sentencia\"],\"articleSection\":[\"Hay Justicia\",\"Noticias\",\"Seccional Arauca\",\"Seccionales\",\"Seguridad territorial\"],\"inLanguage\":\"es-CO\"},{\"@type\":\"WebPage\",\"@id\":\"https:\/\/www.fiscalia.gov.co\/colombia\/noticias\/un-hombre-fue-sentenciado-a-7-anos-de-prision-tras-ser-encontrado-con-69-cartuchos-de-556-milimetros-para-fusil\/\",\"url\":\"https:\/\/www.fiscalia.gov.co\/colombia\/noticias\/un-hombre-fue-sentenciado-a-7-anos-de-prision-tras-ser-encontrado-con-69-cartuchos-de-556-milimetros-para-fusil\/\",\"name\":\"Fiscal\u00eda General de la Naci\u00f3n\",\"isPartOf\":{\"@id\":\"https:\/\/www.fiscalia.gov.co\/colombia\/#website\"},\"datePublished\":\"2022-06-10T22:31:07+00:00\",\"dateModified\":\"2022-06-10T22:31:07+00:00\",\"description\":\"P\u00e1gina oficial de la Fiscal\u00eda General de la Naci\u00f3n \u2013 Colombia. Garantizamos el acceso efectivo a la justicia, la verdad y la reparaci\u00f3n de las v\u00edctimas de los delitos.\",\"breadcrumb\":{\"@id\":\"https:\/\/www.fiscalia.gov.co\/colombia\/noticias\/un-hombre-fue-sentenciado-a-7-anos-de-prision-tras-ser-encontrado-con-69-cartuchos-de-556-milimetros-para-fusil\/#breadcrumb\"},\"inLanguage\":\"es-CO\",\"potentialAction\":[{\"@type\":\"ReadAction\",\"target\":[\"https:\/\/www.fiscalia.gov.co\/colombia\/noticias\/un-hombre-fue-sentenciado-a-7-anos-de-prision-tras-ser-encontrado-con-69-cartuchos-de-556-milimetros-para-fusil\/\"]}]},{\"@type\":\"BreadcrumbList\",\"@id\":\"https:\/\/www.fiscalia.gov.co\/colombia\/noticias\/un-hombre-fue-sentenciado-a-7-anos-de-prision-tras-ser-encontrado-con-69-cartuchos-de-556-milimetros-para-fusil\/#breadcrumb\",\"itemListElement\":[{\"@type\":\"ListItem\",\"position\":1,\"name\":\"Home\",\"item\":\"https:\/\/www.fiscalia.gov.co\/colombia\/\"},{\"@type\":\"ListItem\",\"position\":2,\"name\":\"Un hombre fue sentenciado a 7 a\u00f1os de prisi\u00f3n tras ser encontrado con 69 cartuchos de 5,56 mil\u00edmetros para fusil\"}]},{\"@type\":\"WebSite\",\"@id\":\"https:\/\/www.fiscalia.gov.co\/colombia\/#website\",\"url\":\"https:\/\/www.fiscalia.gov.co\/colombia\/\",\"name\":\"Fiscal\u00eda General de la Naci\u00f3n\",\"description\":\"P\u00e1gina oficial de la Fiscal\u00eda General de la Naci\u00f3n \u2013 Colombia. Garantizamos el acceso efectivo a la justicia, la verdad y la reparaci\u00f3n de las v\u00edctimas de los delitos.\",\"publisher\":{\"@id\":\"https:\/\/www.fiscalia.gov.co\/colombia\/#organization\"},\"potentialAction\":[{\"@type\":\"SearchAction\",\"target\":{\"@type\":\"EntryPoint\",\"urlTemplate\":\"https:\/\/www.fiscalia.gov.co\/colombia\/?s={search_term_string}\"},\"query-input\":{\"@type\":\"PropertyValueSpecification\",\"valueRequired\":true,\"valueName\":\"search_term_string\"}}],\"inLanguage\":\"es-CO\"},{\"@type\":\"Organization\",\"@id\":\"https:\/\/www.fiscalia.gov.co\/colombia\/#organization\",\"name\":\"Fiscal\u00eda General de la Naci\u00f3n\",\"url\":\"https:\/\/www.fiscalia.gov.co\/colombia\/\",\"logo\":{\"@type\":\"ImageObject\",\"inLanguage\":\"es-CO\",\"@id\":\"https:\/\/www.fiscalia.gov.co\/colombia\/#\/schema\/logo\/image\/\",\"url\":\"https:\/\/www.fiscalia.gov.co\/colombia\/wp-content\/uploads\/LogoHorizontal_1.jpg\",\"contentUrl\":\"https:\/\/www.fiscalia.gov.co\/colombia\/wp-content\/uploads\/LogoHorizontal_1.jpg\",\"width\":300,\"height\":90,\"caption\":\"Fiscal\u00eda General de la Naci\u00f3n\"},\"image\":{\"@id\":\"https:\/\/www.fiscalia.gov.co\/colombia\/#\/schema\/logo\/image\/\"},\"sameAs\":[\"https:\/\/www.facebook.com\/FiscaliaCol\",\"https:\/\/x.com\/FiscaliaCol\",\"https:\/\/www.instagram.com\/fiscaliacol\",\"https:\/\/www.linkedin.com\/company\/fiscalia-general-de-la-naci-n\/\",\"https:\/\/youtube.com\/@fiscaliageneraldelanacion-4668?si=6nN79nyQICPU5iTh\"]},{\"@type\":\"Person\",\"@id\":\"https:\/\/www.fiscalia.gov.co\/colombia\/#\/schema\/person\/bf84402cf293a5393e9c70b111020b24\",\"name\":\"Jordan Leandro Oviedo Anzola\",\"image\":{\"@type\":\"ImageObject\",\"inLanguage\":\"es-CO\",\"@id\":\"https:\/\/www.fiscalia.gov.co\/colombia\/#\/schema\/person\/image\/\",\"url\":\"https:\/\/secure.gravatar.com\/avatar\/dabba4346fa9b9207d96adafa8f92721?s=96&d=mm&r=g\",\"contentUrl\":\"https:\/\/secure.gravatar.com\/avatar\/dabba4346fa9b9207d96adafa8f92721?s=96&d=mm&r=g\",\"caption\":\"Jordan Leandro Oviedo Anzola\"},\"url\":\"https:\/\/www.fiscalia.gov.co\/colombia\/author\/joviedo\/\"}]}<\/script>\n<!-- \/ Yoast SEO plugin. -->","yoast_head_json":{"title":"Fiscal\u00eda General de la Naci\u00f3n","description":"P\u00e1gina oficial de la Fiscal\u00eda General de la Naci\u00f3n \u2013 Colombia. Garantizamos el acceso efectivo a la justicia, la verdad y la reparaci\u00f3n de las v\u00edctimas de los delitos.","robots":{"index":"noindex","follow":"follow"},"og_locale":"es_ES","og_type":"article","og_title":"Fiscal\u00eda General de la Naci\u00f3n","og_description":"P\u00e1gina oficial de la Fiscal\u00eda General de la Naci\u00f3n \u2013 Colombia. Garantizamos el acceso efectivo a la justicia, la verdad y la reparaci\u00f3n de las v\u00edctimas de los delitos.","og_url":"https:\/\/www.fiscalia.gov.co\/colombia\/noticias\/un-hombre-fue-sentenciado-a-7-anos-de-prision-tras-ser-encontrado-con-69-cartuchos-de-556-milimetros-para-fusil\/","og_site_name":"Fiscal\u00eda General de la Naci\u00f3n","article_publisher":"https:\/\/www.facebook.com\/FiscaliaCol","article_published_time":"2022-06-10T22:31:07+00:00","author":"Jordan Leandro Oviedo Anzola","twitter_card":"summary_large_image","twitter_creator":"@FiscaliaCol","twitter_site":"@FiscaliaCol","twitter_misc":{"Escrito por":"Jordan Leandro Oviedo Anzola","Tiempo de lectura":"1 minuto"},"schema":{"@context":"https:\/\/schema.org","@graph":[{"@type":"Article","@id":"https:\/\/www.fiscalia.gov.co\/colombia\/noticias\/un-hombre-fue-sentenciado-a-7-anos-de-prision-tras-ser-encontrado-con-69-cartuchos-de-556-milimetros-para-fusil\/#article","isPartOf":{"@id":"https:\/\/www.fiscalia.gov.co\/colombia\/noticias\/un-hombre-fue-sentenciado-a-7-anos-de-prision-tras-ser-encontrado-con-69-cartuchos-de-556-milimetros-para-fusil\/"},"author":{"name":"Jordan Leandro Oviedo Anzola","@id":"https:\/\/www.fiscalia.gov.co\/colombia\/#\/schema\/person\/bf84402cf293a5393e9c70b111020b24"},"headline":"Un hombre fue sentenciado a 7 a\u00f1os de prisi\u00f3n tras ser encontrado con 69 cartuchos de 5,56 mil\u00edmetros para fusil","datePublished":"2022-06-10T22:31:07+00:00","dateModified":"2022-06-10T22:31:07+00:00","mainEntityOfPage":{"@id":"https:\/\/www.fiscalia.gov.co\/colombia\/noticias\/un-hombre-fue-sentenciado-a-7-anos-de-prision-tras-ser-encontrado-con-69-cartuchos-de-556-milimetros-para-fusil\/"},"wordCount":267,"publisher":{"@id":"https:\/\/www.fiscalia.gov.co\/colombia\/#organization"},"keywords":["Arauca (Arauca)","C\u00e1rcel","Fiscal Barbosa","Fiscal Francisco Barbosa","Fiscal\u00eda","Fiscal\u00eda General de la Naci\u00f3n","Investigaci\u00f3n","Justicia","Preacuerdo","Sentencia"],"articleSection":["Hay Justicia","Noticias","Seccional Arauca","Seccionales","Seguridad territorial"],"inLanguage":"es-CO"},{"@type":"WebPage","@id":"https:\/\/www.fiscalia.gov.co\/colombia\/noticias\/un-hombre-fue-sentenciado-a-7-anos-de-prision-tras-ser-encontrado-con-69-cartuchos-de-556-milimetros-para-fusil\/","url":"https:\/\/www.fiscalia.gov.co\/colombia\/noticias\/un-hombre-fue-sentenciado-a-7-anos-de-prision-tras-ser-encontrado-con-69-cartuchos-de-556-milimetros-para-fusil\/","name":"Fiscal\u00eda General de la Naci\u00f3n","isPartOf":{"@id":"https:\/\/www.fiscalia.gov.co\/colombia\/#website"},"datePublished":"2022-06-10T22:31:07+00:00","dateModified":"2022-06-10T22:31:07+00:00","description":"P\u00e1gina oficial de la Fiscal\u00eda General de la Naci\u00f3n \u2013 Colombia. Garantizamos el acceso efectivo a la justicia, la verdad y la reparaci\u00f3n de las v\u00edctimas de los delitos.","breadcrumb":{"@id":"https:\/\/www.fiscalia.gov.co\/colombia\/noticias\/un-hombre-fue-sentenciado-a-7-anos-de-prision-tras-ser-encontrado-con-69-cartuchos-de-556-milimetros-para-fusil\/#breadcrumb"},"inLanguage":"es-CO","potentialAction":[{"@type":"ReadAction","target":["https:\/\/www.fiscalia.gov.co\/colombia\/noticias\/un-hombre-fue-sentenciado-a-7-anos-de-prision-tras-ser-encontrado-con-69-cartuchos-de-556-milimetros-para-fusil\/"]}]},{"@type":"BreadcrumbList","@id":"https:\/\/www.fiscalia.gov.co\/colombia\/noticias\/un-hombre-fue-sentenciado-a-7-anos-de-prision-tras-ser-encontrado-con-69-cartuchos-de-556-milimetros-para-fusil\/#breadcrumb","itemListElement":[{"@type":"ListItem","position":1,"name":"Home","item":"https:\/\/www.fiscalia.gov.co\/colombia\/"},{"@type":"ListItem","position":2,"name":"Un hombre fue sentenciado a 7 a\u00f1os de prisi\u00f3n tras ser encontrado con 69 cartuchos de 5,56 mil\u00edmetros para fusil"}]},{"@type":"WebSite","@id":"https:\/\/www.fiscalia.gov.co\/colombia\/#website","url":"https:\/\/www.fiscalia.gov.co\/colombia\/","name":"Fiscal\u00eda General de la Naci\u00f3n","description":"P\u00e1gina oficial de la Fiscal\u00eda General de la Naci\u00f3n \u2013 Colombia. Garantizamos el acceso efectivo a la justicia, la verdad y la reparaci\u00f3n de las v\u00edctimas de los delitos.","publisher":{"@id":"https:\/\/www.fiscalia.gov.co\/colombia\/#organization"},"potentialAction":[{"@type":"SearchAction","target":{"@type":"EntryPoint","urlTemplate":"https:\/\/www.fiscalia.gov.co\/colombia\/?s={search_term_string}"},"query-input":{"@type":"PropertyValueSpecification","valueRequired":true,"valueName":"search_term_string"}}],"inLanguage":"es-CO"},{"@type":"Organization","@id":"https:\/\/www.fiscalia.gov.co\/colombia\/#organization","name":"Fiscal\u00eda General de la Naci\u00f3n","url":"https:\/\/www.fiscalia.gov.co\/colombia\/","logo":{"@type":"ImageObject","inLanguage":"es-CO","@id":"https:\/\/www.fiscalia.gov.co\/colombia\/#\/schema\/logo\/image\/","url":"https:\/\/www.fiscalia.gov.co\/colombia\/wp-content\/uploads\/LogoHorizontal_1.jpg","contentUrl":"https:\/\/www.fiscalia.gov.co\/colombia\/wp-content\/uploads\/LogoHorizontal_1.jpg","width":300,"height":90,"caption":"Fiscal\u00eda General de la Naci\u00f3n"},"image":{"@id":"https:\/\/www.fiscalia.gov.co\/colombia\/#\/schema\/logo\/image\/"},"sameAs":["https:\/\/www.facebook.com\/FiscaliaCol","https:\/\/x.com\/FiscaliaCol","https:\/\/www.instagram.com\/fiscaliacol","https:\/\/www.linkedin.com\/company\/fiscalia-general-de-la-naci-n\/","https:\/\/youtube.com\/@fiscaliageneraldelanacion-4668?si=6nN79nyQICPU5iTh"]},{"@type":"Person","@id":"https:\/\/www.fiscalia.gov.co\/colombia\/#\/schema\/person\/bf84402cf293a5393e9c70b111020b24","name":"Jordan Leandro Oviedo Anzola","image":{"@type":"ImageObject","inLanguage":"es-CO","@id":"https:\/\/www.fiscalia.gov.co\/colombia\/#\/schema\/person\/image\/","url":"https:\/\/secure.gravatar.com\/avatar\/dabba4346fa9b9207d96adafa8f92721?s=96&d=mm&r=g","contentUrl":"https:\/\/secure.gravatar.com\/avatar\/dabba4346fa9b9207d96adafa8f92721?s=96&d=mm&r=g","caption":"Jordan Leandro Oviedo Anzola"},"url":"https:\/\/www.fiscalia.gov.co\/colombia\/author\/joviedo\/"}]}},"_links":{"self":[{"href":"https:\/\/www.fiscalia.gov.co\/colombia\/wp-json\/wp\/v2\/posts\/250408","targetHints":{"allow":["GET"]}}],"collection":[{"href":"https:\/\/www.fiscalia.gov.co\/colombia\/wp-json\/wp\/v2\/posts"}],"about":[{"href":"https:\/\/www.fiscalia.gov.co\/colombia\/wp-json\/wp\/v2\/types\/post"}],"author":[{"embeddable":true,"href":"https:\/\/www.fiscalia.gov.co\/colombia\/wp-json\/wp\/v2\/users\/177"}],"replies":[{"embeddable":true,"href":"https:\/\/www.fiscalia.gov.co\/colombia\/wp-json\/wp\/v2\/comments?post=250408"}],"version-history":[{"count":1,"href":"https:\/\/www.fiscalia.gov.co\/colombia\/wp-json\/wp\/v2\/posts\/250408\/revisions"}],"predecessor-version":[{"id":250409,"href":"https:\/\/www.fiscalia.gov.co\/colombia\/wp-json\/wp\/v2\/posts\/250408\/revisions\/250409"}],"wp:attachment":[{"href":"https:\/\/www.fiscalia.gov.co\/colombia\/wp-json\/wp\/v2\/media?parent=250408"}],"wp:term":[{"taxonomy":"category","embeddable":true,"href":"https:\/\/www.fiscalia.gov.co\/colombia\/wp-json\/wp\/v2\/categories?post=250408"},{"taxonomy":"post_tag","embeddable":true,"href":"https:\/\/www.fiscalia.gov.co\/colombia\/wp-json\/wp\/v2\/tags?post=250408"}],"curies":[{"name":"wp","href":"https:\/\/api.w.org\/{rel}","templated":true}]}}