{"id":250394,"date":"2022-06-10T17:06:04","date_gmt":"2022-06-10T22:06:04","guid":{"rendered":"https:\/\/www.fiscalia.gov.co\/colombia\/?p=250394"},"modified":"2022-06-10T17:06:04","modified_gmt":"2022-06-10T22:06:04","slug":"seccional-sucre-realiza-lanzamiento-de-estrategia-noseatreva-con-45-lideresas-de-hogares-sustitutos","status":"publish","type":"post","link":"https:\/\/www.fiscalia.gov.co\/colombia\/noticias\/seccional-sucre-realiza-lanzamiento-de-estrategia-noseatreva-con-45-lideresas-de-hogares-sustitutos\/","title":{"rendered":"Seccional Sucre realiza lanzamiento de estrategia #NoSeAtreva con 45 lideresas de hogares sustitutos"},"content":{"rendered":"<div id=\"m_-6758175798385537490mail-editor-reference-message-container\">\n<div id=\"m_-6758175798385537490divtagdefaultwrapper\" dir=\"ltr\">\n<h4><strong><i>La campa\u00f1a, que hace parte del programa Futuro Colombia, se desarrollar\u00e1 durante 6 meses con madres de hogares sustitutos para prevenir la violencia intrafamiliar y contra la mujer.<\/i><\/strong><\/h4>\n<p>Continuando con las directrices del fiscal general de la naci\u00f3n, Francisco Barbosa, de priorizar la prevenci\u00f3n de delitos para ni\u00f1os, ni\u00f1as y adolescentes y proteger a las mujeres, por intermedio del programa de prevenci\u00f3n social del delito Futuro Colombia, la Seccional Sucre realiz\u00f3 el lanzamiento de la estrategia #NOSEATREVA con 45 lideresas de hogares sustitutos del Instituto Colombiano de Bienestar Familiar (ICBF).<\/p>\n<figure id=\"attachment_250395\" aria-describedby=\"caption-attachment-250395\" style=\"width: 696px\" class=\"wp-caption aligncenter\"><img loading=\"lazy\" decoding=\"async\" class=\"size-large wp-image-250395\" src=\"https:\/\/www.fiscalia.gov.co\/colombia\/wp-content\/uploads\/Fiscal-Barbosa-campana-noseatreva-1024x768.jpeg\" alt=\"\" width=\"696\" height=\"522\" srcset=\"https:\/\/www.fiscalia.gov.co\/colombia\/wp-content\/uploads\/Fiscal-Barbosa-campana-noseatreva-1024x768.jpeg 1024w, https:\/\/www.fiscalia.gov.co\/colombia\/wp-content\/uploads\/Fiscal-Barbosa-campana-noseatreva-300x225.jpeg 300w, https:\/\/www.fiscalia.gov.co\/colombia\/wp-content\/uploads\/Fiscal-Barbosa-campana-noseatreva-768x576.jpeg 768w, https:\/\/www.fiscalia.gov.co\/colombia\/wp-content\/uploads\/Fiscal-Barbosa-campana-noseatreva-1536x1152.jpeg 1536w, https:\/\/www.fiscalia.gov.co\/colombia\/wp-content\/uploads\/Fiscal-Barbosa-campana-noseatreva-696x522.jpeg 696w, https:\/\/www.fiscalia.gov.co\/colombia\/wp-content\/uploads\/Fiscal-Barbosa-campana-noseatreva-1068x801.jpeg 1068w, https:\/\/www.fiscalia.gov.co\/colombia\/wp-content\/uploads\/Fiscal-Barbosa-campana-noseatreva-560x420.jpeg 560w, https:\/\/www.fiscalia.gov.co\/colombia\/wp-content\/uploads\/Fiscal-Barbosa-campana-noseatreva-80x60.jpeg 80w, https:\/\/www.fiscalia.gov.co\/colombia\/wp-content\/uploads\/Fiscal-Barbosa-campana-noseatreva-265x198.jpeg 265w, https:\/\/www.fiscalia.gov.co\/colombia\/wp-content\/uploads\/Fiscal-Barbosa-campana-noseatreva.jpeg 1600w\" sizes=\"auto, (max-width: 696px) 100vw, 696px\" \/><figcaption id=\"caption-attachment-250395\" class=\"wp-caption-text\">En el lanzamiento se explic\u00f3 la importancia de la prevenci\u00f3n.<\/figcaption><\/figure>\n<p>El objetivo de la campa\u00f1a ser\u00e1 contribuir en la prevenci\u00f3n de la violencia intrafamiliar y violencia contra la mujer a trav\u00e9s de acciones pedag\u00f3gicas que generen factores protectores al interior de la familia.<\/p>\n<figure id=\"attachment_250396\" aria-describedby=\"caption-attachment-250396\" style=\"width: 696px\" class=\"wp-caption aligncenter\"><img loading=\"lazy\" decoding=\"async\" class=\"size-large wp-image-250396\" src=\"https:\/\/www.fiscalia.gov.co\/colombia\/wp-content\/uploads\/Fiscal-BarbosaFoto-2-campana-noseatreva-1024x769.jpeg\" alt=\"\" width=\"696\" height=\"523\" srcset=\"https:\/\/www.fiscalia.gov.co\/colombia\/wp-content\/uploads\/Fiscal-BarbosaFoto-2-campana-noseatreva-1024x769.jpeg 1024w, https:\/\/www.fiscalia.gov.co\/colombia\/wp-content\/uploads\/Fiscal-BarbosaFoto-2-campana-noseatreva-300x225.jpeg 300w, https:\/\/www.fiscalia.gov.co\/colombia\/wp-content\/uploads\/Fiscal-BarbosaFoto-2-campana-noseatreva-768x576.jpeg 768w, https:\/\/www.fiscalia.gov.co\/colombia\/wp-content\/uploads\/Fiscal-BarbosaFoto-2-campana-noseatreva-1536x1153.jpeg 1536w, https:\/\/www.fiscalia.gov.co\/colombia\/wp-content\/uploads\/Fiscal-BarbosaFoto-2-campana-noseatreva-696x522.jpeg 696w, https:\/\/www.fiscalia.gov.co\/colombia\/wp-content\/uploads\/Fiscal-BarbosaFoto-2-campana-noseatreva-1068x802.jpeg 1068w, https:\/\/www.fiscalia.gov.co\/colombia\/wp-content\/uploads\/Fiscal-BarbosaFoto-2-campana-noseatreva-560x420.jpeg 560w, https:\/\/www.fiscalia.gov.co\/colombia\/wp-content\/uploads\/Fiscal-BarbosaFoto-2-campana-noseatreva-80x60.jpeg 80w, https:\/\/www.fiscalia.gov.co\/colombia\/wp-content\/uploads\/Fiscal-BarbosaFoto-2-campana-noseatreva-265x198.jpeg 265w, https:\/\/www.fiscalia.gov.co\/colombia\/wp-content\/uploads\/Fiscal-BarbosaFoto-2-campana-noseatreva.jpeg 1600w\" sizes=\"auto, (max-width: 696px) 100vw, 696px\" \/><figcaption id=\"caption-attachment-250396\" class=\"wp-caption-text\">La sombrilla es s\u00edmbolo de protecci\u00f3n para las mujeres.<\/figcaption><\/figure>\n<p>Para desarrollar la estrategia se realizar\u00e1n 12 talleres con los cuales se pretende empoderar, afianzar y apropiar a cada miembro de la familia con mayor prioridad a las mujeres, ni\u00f1os y adolescentes para poder tener claridad de las rutas, l\u00edneas y canales de atenci\u00f3n y denuncia pero tambi\u00e9n para\u00a0 desempe\u00f1ar un mejor rol afectivo de comunicaci\u00f3n asertiva al interior de la familiar en la resoluci\u00f3n de conflictos.<\/p>\n<p>El trabajo ser\u00e1 doblemente importante ya que en estos hogares sustitutos se encuentran ni\u00f1os quienes, al parecer, sufrieron alg\u00fan tipo de violencia al interior de sus familias y deben ser recibidos por hogares que tengan estrategias pedag\u00f3gicas y l\u00fadicas que les permitan recuperarse y restructurarse en su proceso de adaptaci\u00f3n nuevamente a una sociedad justa y as\u00ed garantizar los derechos de los ni\u00f1os, ni\u00f1as y adolescentes.<\/p>\n<p>Estos ni\u00f1os, ni\u00f1as y adolescentes ser\u00e1n quienes lleven los mensajes de prevenci\u00f3n a sus n\u00facleos familiares y entornos escolares.<\/p>\n<p>Las acciones se llevar\u00e1n a cabo durante 6 meses y tendr\u00e1n acompa\u00f1amiento constante de funcionarios del programa Futuro Colombia.<\/p>\n<p>El lanzamiento cont\u00f3 con la presencia de los Comandantes de Polic\u00eda, Armada, el Director del ICBF Sucre y el director seccional de Fiscal\u00edas de Sucre, Fernando Salgado.<\/p>\n<p>La Fiscal\u00eda General de la Naci\u00f3n trabaja con resultados.<\/p>\n<\/div>\n<\/div>\n<p><b>Le puede interesar:<\/b><\/p>\n<p><a href=\"https:\/\/www.fiscalia.gov.co\/colombia\/hechos-concretos\/no-se-atreva-la-campana-que-lidera-el-fiscal-barbosa-para-proteger-a-las-mujeres\/\" target=\"_blank\" rel=\"noopener\" data-saferedirecturl=\"https:\/\/www.google.com\/url?q=https:\/\/www.fiscalia.gov.co\/colombia\/hechos-concretos\/no-se-atreva-la-campana-que-lidera-el-fiscal-barbosa-para-proteger-a-las-mujeres\/&amp;source=gmail&amp;ust=1654984844796000&amp;usg=AOvVaw1xyulQ88D0mNqRNOLbQ24Z\">\u2018No se atreva\u2019, la campa\u00f1a que lidera el fiscal Barbosa para proteger a las mujeres<\/a><\/p>\n<p><a href=\"https:\/\/www.fiscalia.gov.co\/colombia\/fiscal-general-de-la-nacion\/campana-de-la-fiscalia-para-la-eliminacion-de-la-violencia-contra-las-mujeres\/\" target=\"_blank\" rel=\"noopener\" data-saferedirecturl=\"https:\/\/www.google.com\/url?q=https:\/\/www.fiscalia.gov.co\/colombia\/fiscal-general-de-la-nacion\/campana-de-la-fiscalia-para-la-eliminacion-de-la-violencia-contra-las-mujeres\/&amp;source=gmail&amp;ust=1654984844796000&amp;usg=AOvVaw1Vzk_N3e8Ljf3nAD-a9Ehe\">Campa\u00f1a de la Fiscal\u00eda para la eliminaci\u00f3n de la violencia contra las mujeres<\/a><\/p>\n<p>&nbsp;<\/p>\n<p>&nbsp;<\/p>\n<p>&nbsp;<\/p>\n<div id=\"m_-6758175798385537490mail-editor-reference-message-container\">\n<div id=\"m_-6758175798385537490divtagdefaultwrapper\" dir=\"ltr\">\n<p>VHGB\/FAGH\/MJS\/DSS<\/p>\n<\/div>\n<p>&nbsp;<\/p>\n<div id=\"m_-6758175798385537490divtagdefaultwrapper\" dir=\"ltr\">\n<p>&nbsp;<\/p>\n<p><em><span lang=\"ES\">La informaci\u00f3n contenida en este bolet\u00edn de prensa corresponde a la narraci\u00f3n de los hechos noticiosos objetivos, suministrados por los funcionarios encargados de adelantar las investigaciones penales al interior de la Fiscal\u00eda General de la Naci\u00f3n. Para el momento de la divulgaci\u00f3n de este comunicado, la situaci\u00f3n jur\u00eddica de la(s) persona(s) relacionada(s) se encuentra pendiente de resolver por la autoridad judicial competente, siempre bajo los preceptos de la presunci\u00f3n de inocencia, consagrados en el art\u00edculo 29 de la Constituci\u00f3n Pol\u00edtica y el art\u00edculo 7\u00ba de la Ley 906 de 2004.<\/span><\/em><\/p>\n<\/div>\n<\/div>\n\n<div class=\"twitter-share\"><a href=\"https:\/\/twitter.com\/intent\/tweet?via=fiscaliacol\" class=\"twitter-share-button\">Tweet<\/a><\/div>\n","protected":false},"excerpt":{"rendered":"<p>La campa\u00f1a, que hace parte del programa Futuro Colombia, se desarrollar\u00e1 durante 6 meses con madres de hogares sustitutos para prevenir la violencia intrafamiliar y contra la mujer. Continuando con las directrices del fiscal general de la naci\u00f3n, Francisco Barbosa, de priorizar la prevenci\u00f3n de delitos para ni\u00f1os, ni\u00f1as y adolescentes y proteger a las [&hellip;]<\/p>\n","protected":false},"author":177,"featured_media":0,"comment_status":"closed","ping_status":"open","sticky":false,"template":"","format":"standard","meta":{"_price":"","_stock":"","_tribe_ticket_header":"","_tribe_default_ticket_provider":"","_tribe_ticket_capacity":"0","_ticket_start_date":"","_ticket_end_date":"","_tribe_ticket_show_description":"","_tribe_ticket_show_not_going":false,"_tribe_ticket_use_global_stock":"","_tribe_ticket_global_stock_level":"","_global_stock_mode":"","_global_stock_cap":"","_tribe_rsvp_for_event":"","_tribe_ticket_going_count":"","_tribe_ticket_not_going_count":"","_tribe_tickets_list":"[]","_tribe_ticket_has_attendee_info_fields":false,"tdm_status":"","tdm_grid_status":"","footnotes":""},"categories":[1,340,12641,303],"tags":[24743,24774,29048,667,24187,1047,4011,31973,3049,24531,1408,558,7592,29313],"class_list":{"0":"post-250394","1":"post","2":"type-post","3":"status-publish","4":"format-standard","6":"category-noticias","7":"category-seccional-sincelejo","8":"category-seccional-sucre","9":"category-seccionales","10":"tag-noseatreva","11":"tag-adolescentes","12":"tag-armada","13":"tag-ejercito","14":"tag-fiscalia-colombia","15":"tag-fiscalia-general-de-la-nacion","16":"tag-futuro-colombia","17":"tag-hogares-sustitutos","18":"tag-icbf","19":"tag-ninas","20":"tag-ninos","21":"tag-policia-nacional","22":"tag-prevencion","23":"tag-sincelejo-sucre"},"yoast_head":"<!-- This site is optimized with the Yoast SEO plugin v24.3 - https:\/\/yoast.com\/wordpress\/plugins\/seo\/ -->\n<title>Fiscal\u00eda General de la Naci\u00f3n<\/title>\n<meta name=\"description\" content=\"P\u00e1gina oficial de la Fiscal\u00eda General de la Naci\u00f3n \u2013 Colombia. Garantizamos el acceso efectivo a la justicia, la verdad y la reparaci\u00f3n de las v\u00edctimas de los delitos.\" \/>\n<meta name=\"robots\" content=\"noindex, follow\" \/>\n<meta property=\"og:locale\" content=\"es_ES\" \/>\n<meta property=\"og:type\" content=\"article\" \/>\n<meta property=\"og:title\" content=\"Fiscal\u00eda General de la Naci\u00f3n\" \/>\n<meta property=\"og:description\" content=\"P\u00e1gina oficial de la Fiscal\u00eda General de la Naci\u00f3n \u2013 Colombia. Garantizamos el acceso efectivo a la justicia, la verdad y la reparaci\u00f3n de las v\u00edctimas de los delitos.\" \/>\n<meta property=\"og:url\" content=\"https:\/\/www.fiscalia.gov.co\/colombia\/noticias\/seccional-sucre-realiza-lanzamiento-de-estrategia-noseatreva-con-45-lideresas-de-hogares-sustitutos\/\" \/>\n<meta property=\"og:site_name\" content=\"Fiscal\u00eda General de la Naci\u00f3n\" \/>\n<meta property=\"article:publisher\" content=\"https:\/\/www.facebook.com\/FiscaliaCol\" \/>\n<meta property=\"article:published_time\" content=\"2022-06-10T22:06:04+00:00\" \/>\n<meta property=\"og:image\" content=\"https:\/\/www.fiscalia.gov.co\/colombia\/wp-content\/uploads\/Fiscal-Barbosa-campana-noseatreva-1024x768.jpeg\" \/>\n<meta name=\"author\" content=\"Jordan Leandro Oviedo Anzola\" \/>\n<meta name=\"twitter:card\" content=\"summary_large_image\" \/>\n<meta name=\"twitter:creator\" content=\"@FiscaliaCol\" \/>\n<meta name=\"twitter:site\" content=\"@FiscaliaCol\" \/>\n<meta name=\"twitter:label1\" content=\"Escrito por\" \/>\n\t<meta name=\"twitter:data1\" content=\"Jordan Leandro Oviedo Anzola\" \/>\n\t<meta name=\"twitter:label2\" content=\"Tiempo de lectura\" \/>\n\t<meta name=\"twitter:data2\" content=\"3 minutos\" \/>\n<script type=\"application\/ld+json\" class=\"yoast-schema-graph\">{\"@context\":\"https:\/\/schema.org\",\"@graph\":[{\"@type\":\"Article\",\"@id\":\"https:\/\/www.fiscalia.gov.co\/colombia\/noticias\/seccional-sucre-realiza-lanzamiento-de-estrategia-noseatreva-con-45-lideresas-de-hogares-sustitutos\/#article\",\"isPartOf\":{\"@id\":\"https:\/\/www.fiscalia.gov.co\/colombia\/noticias\/seccional-sucre-realiza-lanzamiento-de-estrategia-noseatreva-con-45-lideresas-de-hogares-sustitutos\/\"},\"author\":{\"name\":\"Jordan Leandro Oviedo Anzola\",\"@id\":\"https:\/\/www.fiscalia.gov.co\/colombia\/#\/schema\/person\/bf84402cf293a5393e9c70b111020b24\"},\"headline\":\"Seccional Sucre realiza lanzamiento de estrategia #NoSeAtreva con 45 lideresas de hogares sustitutos\",\"datePublished\":\"2022-06-10T22:06:04+00:00\",\"dateModified\":\"2022-06-10T22:06:04+00:00\",\"mainEntityOfPage\":{\"@id\":\"https:\/\/www.fiscalia.gov.co\/colombia\/noticias\/seccional-sucre-realiza-lanzamiento-de-estrategia-noseatreva-con-45-lideresas-de-hogares-sustitutos\/\"},\"wordCount\":557,\"publisher\":{\"@id\":\"https:\/\/www.fiscalia.gov.co\/colombia\/#organization\"},\"image\":{\"@id\":\"https:\/\/www.fiscalia.gov.co\/colombia\/noticias\/seccional-sucre-realiza-lanzamiento-de-estrategia-noseatreva-con-45-lideresas-de-hogares-sustitutos\/#primaryimage\"},\"thumbnailUrl\":\"https:\/\/www.fiscalia.gov.co\/colombia\/wp-content\/uploads\/Fiscal-Barbosa-campana-noseatreva-1024x768.jpeg\",\"keywords\":[\"#NoSeAtreva\",\"adolescentes\",\"armada\",\"Ej\u00e9rcito\",\"Fiscal\u00eda Colombia\",\"Fiscal\u00eda General de la Naci\u00f3n\",\"Futuro Colombia\",\"hogares sustitutos\",\"ICBF\",\"ni\u00f1as\",\"Ni\u00f1os\",\"Polic\u00eda Nacional\",\"Prevenci\u00f3n\",\"Sincelejo (Sucre)\"],\"articleSection\":[\"Noticias\",\"Seccional Sincelejo\",\"Seccional Sucre\",\"Seccionales\"],\"inLanguage\":\"es-CO\"},{\"@type\":\"WebPage\",\"@id\":\"https:\/\/www.fiscalia.gov.co\/colombia\/noticias\/seccional-sucre-realiza-lanzamiento-de-estrategia-noseatreva-con-45-lideresas-de-hogares-sustitutos\/\",\"url\":\"https:\/\/www.fiscalia.gov.co\/colombia\/noticias\/seccional-sucre-realiza-lanzamiento-de-estrategia-noseatreva-con-45-lideresas-de-hogares-sustitutos\/\",\"name\":\"Fiscal\u00eda General de la Naci\u00f3n\",\"isPartOf\":{\"@id\":\"https:\/\/www.fiscalia.gov.co\/colombia\/#website\"},\"primaryImageOfPage\":{\"@id\":\"https:\/\/www.fiscalia.gov.co\/colombia\/noticias\/seccional-sucre-realiza-lanzamiento-de-estrategia-noseatreva-con-45-lideresas-de-hogares-sustitutos\/#primaryimage\"},\"image\":{\"@id\":\"https:\/\/www.fiscalia.gov.co\/colombia\/noticias\/seccional-sucre-realiza-lanzamiento-de-estrategia-noseatreva-con-45-lideresas-de-hogares-sustitutos\/#primaryimage\"},\"thumbnailUrl\":\"https:\/\/www.fiscalia.gov.co\/colombia\/wp-content\/uploads\/Fiscal-Barbosa-campana-noseatreva-1024x768.jpeg\",\"datePublished\":\"2022-06-10T22:06:04+00:00\",\"dateModified\":\"2022-06-10T22:06:04+00:00\",\"description\":\"P\u00e1gina oficial de la Fiscal\u00eda General de la Naci\u00f3n \u2013 Colombia. Garantizamos el acceso efectivo a la justicia, la verdad y la reparaci\u00f3n de las v\u00edctimas de los delitos.\",\"breadcrumb\":{\"@id\":\"https:\/\/www.fiscalia.gov.co\/colombia\/noticias\/seccional-sucre-realiza-lanzamiento-de-estrategia-noseatreva-con-45-lideresas-de-hogares-sustitutos\/#breadcrumb\"},\"inLanguage\":\"es-CO\",\"potentialAction\":[{\"@type\":\"ReadAction\",\"target\":[\"https:\/\/www.fiscalia.gov.co\/colombia\/noticias\/seccional-sucre-realiza-lanzamiento-de-estrategia-noseatreva-con-45-lideresas-de-hogares-sustitutos\/\"]}]},{\"@type\":\"ImageObject\",\"inLanguage\":\"es-CO\",\"@id\":\"https:\/\/www.fiscalia.gov.co\/colombia\/noticias\/seccional-sucre-realiza-lanzamiento-de-estrategia-noseatreva-con-45-lideresas-de-hogares-sustitutos\/#primaryimage\",\"url\":\"https:\/\/www.fiscalia.gov.co\/colombia\/wp-content\/uploads\/Fiscal-Barbosa-campana-noseatreva-1024x768.jpeg\",\"contentUrl\":\"https:\/\/www.fiscalia.gov.co\/colombia\/wp-content\/uploads\/Fiscal-Barbosa-campana-noseatreva-1024x768.jpeg\"},{\"@type\":\"BreadcrumbList\",\"@id\":\"https:\/\/www.fiscalia.gov.co\/colombia\/noticias\/seccional-sucre-realiza-lanzamiento-de-estrategia-noseatreva-con-45-lideresas-de-hogares-sustitutos\/#breadcrumb\",\"itemListElement\":[{\"@type\":\"ListItem\",\"position\":1,\"name\":\"Home\",\"item\":\"https:\/\/www.fiscalia.gov.co\/colombia\/\"},{\"@type\":\"ListItem\",\"position\":2,\"name\":\"Seccional Sucre realiza lanzamiento de estrategia #NoSeAtreva con 45 lideresas de hogares sustitutos\"}]},{\"@type\":\"WebSite\",\"@id\":\"https:\/\/www.fiscalia.gov.co\/colombia\/#website\",\"url\":\"https:\/\/www.fiscalia.gov.co\/colombia\/\",\"name\":\"Fiscal\u00eda General de la Naci\u00f3n\",\"description\":\"P\u00e1gina oficial de la Fiscal\u00eda General de la Naci\u00f3n \u2013 Colombia. Garantizamos el acceso efectivo a la justicia, la verdad y la reparaci\u00f3n de las v\u00edctimas de los delitos.\",\"publisher\":{\"@id\":\"https:\/\/www.fiscalia.gov.co\/colombia\/#organization\"},\"potentialAction\":[{\"@type\":\"SearchAction\",\"target\":{\"@type\":\"EntryPoint\",\"urlTemplate\":\"https:\/\/www.fiscalia.gov.co\/colombia\/?s={search_term_string}\"},\"query-input\":{\"@type\":\"PropertyValueSpecification\",\"valueRequired\":true,\"valueName\":\"search_term_string\"}}],\"inLanguage\":\"es-CO\"},{\"@type\":\"Organization\",\"@id\":\"https:\/\/www.fiscalia.gov.co\/colombia\/#organization\",\"name\":\"Fiscal\u00eda General de la Naci\u00f3n\",\"url\":\"https:\/\/www.fiscalia.gov.co\/colombia\/\",\"logo\":{\"@type\":\"ImageObject\",\"inLanguage\":\"es-CO\",\"@id\":\"https:\/\/www.fiscalia.gov.co\/colombia\/#\/schema\/logo\/image\/\",\"url\":\"https:\/\/www.fiscalia.gov.co\/colombia\/wp-content\/uploads\/LogoHorizontal_1.jpg\",\"contentUrl\":\"https:\/\/www.fiscalia.gov.co\/colombia\/wp-content\/uploads\/LogoHorizontal_1.jpg\",\"width\":300,\"height\":90,\"caption\":\"Fiscal\u00eda General de la Naci\u00f3n\"},\"image\":{\"@id\":\"https:\/\/www.fiscalia.gov.co\/colombia\/#\/schema\/logo\/image\/\"},\"sameAs\":[\"https:\/\/www.facebook.com\/FiscaliaCol\",\"https:\/\/x.com\/FiscaliaCol\",\"https:\/\/www.instagram.com\/fiscaliacol\",\"https:\/\/www.linkedin.com\/company\/fiscalia-general-de-la-naci-n\/\",\"https:\/\/youtube.com\/@fiscaliageneraldelanacion-4668?si=6nN79nyQICPU5iTh\"]},{\"@type\":\"Person\",\"@id\":\"https:\/\/www.fiscalia.gov.co\/colombia\/#\/schema\/person\/bf84402cf293a5393e9c70b111020b24\",\"name\":\"Jordan Leandro Oviedo Anzola\",\"image\":{\"@type\":\"ImageObject\",\"inLanguage\":\"es-CO\",\"@id\":\"https:\/\/www.fiscalia.gov.co\/colombia\/#\/schema\/person\/image\/\",\"url\":\"https:\/\/secure.gravatar.com\/avatar\/dabba4346fa9b9207d96adafa8f92721?s=96&d=mm&r=g\",\"contentUrl\":\"https:\/\/secure.gravatar.com\/avatar\/dabba4346fa9b9207d96adafa8f92721?s=96&d=mm&r=g\",\"caption\":\"Jordan Leandro Oviedo Anzola\"},\"url\":\"https:\/\/www.fiscalia.gov.co\/colombia\/author\/joviedo\/\"}]}<\/script>\n<!-- \/ Yoast SEO plugin. -->","yoast_head_json":{"title":"Fiscal\u00eda General de la Naci\u00f3n","description":"P\u00e1gina oficial de la Fiscal\u00eda General de la Naci\u00f3n \u2013 Colombia. Garantizamos el acceso efectivo a la justicia, la verdad y la reparaci\u00f3n de las v\u00edctimas de los delitos.","robots":{"index":"noindex","follow":"follow"},"og_locale":"es_ES","og_type":"article","og_title":"Fiscal\u00eda General de la Naci\u00f3n","og_description":"P\u00e1gina oficial de la Fiscal\u00eda General de la Naci\u00f3n \u2013 Colombia. Garantizamos el acceso efectivo a la justicia, la verdad y la reparaci\u00f3n de las v\u00edctimas de los delitos.","og_url":"https:\/\/www.fiscalia.gov.co\/colombia\/noticias\/seccional-sucre-realiza-lanzamiento-de-estrategia-noseatreva-con-45-lideresas-de-hogares-sustitutos\/","og_site_name":"Fiscal\u00eda General de la Naci\u00f3n","article_publisher":"https:\/\/www.facebook.com\/FiscaliaCol","article_published_time":"2022-06-10T22:06:04+00:00","og_image":[{"url":"https:\/\/www.fiscalia.gov.co\/colombia\/wp-content\/uploads\/Fiscal-Barbosa-campana-noseatreva-1024x768.jpeg","type":"","width":"","height":""}],"author":"Jordan Leandro Oviedo Anzola","twitter_card":"summary_large_image","twitter_creator":"@FiscaliaCol","twitter_site":"@FiscaliaCol","twitter_misc":{"Escrito por":"Jordan Leandro Oviedo Anzola","Tiempo de lectura":"3 minutos"},"schema":{"@context":"https:\/\/schema.org","@graph":[{"@type":"Article","@id":"https:\/\/www.fiscalia.gov.co\/colombia\/noticias\/seccional-sucre-realiza-lanzamiento-de-estrategia-noseatreva-con-45-lideresas-de-hogares-sustitutos\/#article","isPartOf":{"@id":"https:\/\/www.fiscalia.gov.co\/colombia\/noticias\/seccional-sucre-realiza-lanzamiento-de-estrategia-noseatreva-con-45-lideresas-de-hogares-sustitutos\/"},"author":{"name":"Jordan Leandro Oviedo Anzola","@id":"https:\/\/www.fiscalia.gov.co\/colombia\/#\/schema\/person\/bf84402cf293a5393e9c70b111020b24"},"headline":"Seccional Sucre realiza lanzamiento de estrategia #NoSeAtreva con 45 lideresas de hogares sustitutos","datePublished":"2022-06-10T22:06:04+00:00","dateModified":"2022-06-10T22:06:04+00:00","mainEntityOfPage":{"@id":"https:\/\/www.fiscalia.gov.co\/colombia\/noticias\/seccional-sucre-realiza-lanzamiento-de-estrategia-noseatreva-con-45-lideresas-de-hogares-sustitutos\/"},"wordCount":557,"publisher":{"@id":"https:\/\/www.fiscalia.gov.co\/colombia\/#organization"},"image":{"@id":"https:\/\/www.fiscalia.gov.co\/colombia\/noticias\/seccional-sucre-realiza-lanzamiento-de-estrategia-noseatreva-con-45-lideresas-de-hogares-sustitutos\/#primaryimage"},"thumbnailUrl":"https:\/\/www.fiscalia.gov.co\/colombia\/wp-content\/uploads\/Fiscal-Barbosa-campana-noseatreva-1024x768.jpeg","keywords":["#NoSeAtreva","adolescentes","armada","Ej\u00e9rcito","Fiscal\u00eda Colombia","Fiscal\u00eda General de la Naci\u00f3n","Futuro Colombia","hogares sustitutos","ICBF","ni\u00f1as","Ni\u00f1os","Polic\u00eda Nacional","Prevenci\u00f3n","Sincelejo (Sucre)"],"articleSection":["Noticias","Seccional Sincelejo","Seccional Sucre","Seccionales"],"inLanguage":"es-CO"},{"@type":"WebPage","@id":"https:\/\/www.fiscalia.gov.co\/colombia\/noticias\/seccional-sucre-realiza-lanzamiento-de-estrategia-noseatreva-con-45-lideresas-de-hogares-sustitutos\/","url":"https:\/\/www.fiscalia.gov.co\/colombia\/noticias\/seccional-sucre-realiza-lanzamiento-de-estrategia-noseatreva-con-45-lideresas-de-hogares-sustitutos\/","name":"Fiscal\u00eda General de la Naci\u00f3n","isPartOf":{"@id":"https:\/\/www.fiscalia.gov.co\/colombia\/#website"},"primaryImageOfPage":{"@id":"https:\/\/www.fiscalia.gov.co\/colombia\/noticias\/seccional-sucre-realiza-lanzamiento-de-estrategia-noseatreva-con-45-lideresas-de-hogares-sustitutos\/#primaryimage"},"image":{"@id":"https:\/\/www.fiscalia.gov.co\/colombia\/noticias\/seccional-sucre-realiza-lanzamiento-de-estrategia-noseatreva-con-45-lideresas-de-hogares-sustitutos\/#primaryimage"},"thumbnailUrl":"https:\/\/www.fiscalia.gov.co\/colombia\/wp-content\/uploads\/Fiscal-Barbosa-campana-noseatreva-1024x768.jpeg","datePublished":"2022-06-10T22:06:04+00:00","dateModified":"2022-06-10T22:06:04+00:00","description":"P\u00e1gina oficial de la Fiscal\u00eda General de la Naci\u00f3n \u2013 Colombia. Garantizamos el acceso efectivo a la justicia, la verdad y la reparaci\u00f3n de las v\u00edctimas de los delitos.","breadcrumb":{"@id":"https:\/\/www.fiscalia.gov.co\/colombia\/noticias\/seccional-sucre-realiza-lanzamiento-de-estrategia-noseatreva-con-45-lideresas-de-hogares-sustitutos\/#breadcrumb"},"inLanguage":"es-CO","potentialAction":[{"@type":"ReadAction","target":["https:\/\/www.fiscalia.gov.co\/colombia\/noticias\/seccional-sucre-realiza-lanzamiento-de-estrategia-noseatreva-con-45-lideresas-de-hogares-sustitutos\/"]}]},{"@type":"ImageObject","inLanguage":"es-CO","@id":"https:\/\/www.fiscalia.gov.co\/colombia\/noticias\/seccional-sucre-realiza-lanzamiento-de-estrategia-noseatreva-con-45-lideresas-de-hogares-sustitutos\/#primaryimage","url":"https:\/\/www.fiscalia.gov.co\/colombia\/wp-content\/uploads\/Fiscal-Barbosa-campana-noseatreva-1024x768.jpeg","contentUrl":"https:\/\/www.fiscalia.gov.co\/colombia\/wp-content\/uploads\/Fiscal-Barbosa-campana-noseatreva-1024x768.jpeg"},{"@type":"BreadcrumbList","@id":"https:\/\/www.fiscalia.gov.co\/colombia\/noticias\/seccional-sucre-realiza-lanzamiento-de-estrategia-noseatreva-con-45-lideresas-de-hogares-sustitutos\/#breadcrumb","itemListElement":[{"@type":"ListItem","position":1,"name":"Home","item":"https:\/\/www.fiscalia.gov.co\/colombia\/"},{"@type":"ListItem","position":2,"name":"Seccional Sucre realiza lanzamiento de estrategia #NoSeAtreva con 45 lideresas de hogares sustitutos"}]},{"@type":"WebSite","@id":"https:\/\/www.fiscalia.gov.co\/colombia\/#website","url":"https:\/\/www.fiscalia.gov.co\/colombia\/","name":"Fiscal\u00eda General de la Naci\u00f3n","description":"P\u00e1gina oficial de la Fiscal\u00eda General de la Naci\u00f3n \u2013 Colombia. Garantizamos el acceso efectivo a la justicia, la verdad y la reparaci\u00f3n de las v\u00edctimas de los delitos.","publisher":{"@id":"https:\/\/www.fiscalia.gov.co\/colombia\/#organization"},"potentialAction":[{"@type":"SearchAction","target":{"@type":"EntryPoint","urlTemplate":"https:\/\/www.fiscalia.gov.co\/colombia\/?s={search_term_string}"},"query-input":{"@type":"PropertyValueSpecification","valueRequired":true,"valueName":"search_term_string"}}],"inLanguage":"es-CO"},{"@type":"Organization","@id":"https:\/\/www.fiscalia.gov.co\/colombia\/#organization","name":"Fiscal\u00eda General de la Naci\u00f3n","url":"https:\/\/www.fiscalia.gov.co\/colombia\/","logo":{"@type":"ImageObject","inLanguage":"es-CO","@id":"https:\/\/www.fiscalia.gov.co\/colombia\/#\/schema\/logo\/image\/","url":"https:\/\/www.fiscalia.gov.co\/colombia\/wp-content\/uploads\/LogoHorizontal_1.jpg","contentUrl":"https:\/\/www.fiscalia.gov.co\/colombia\/wp-content\/uploads\/LogoHorizontal_1.jpg","width":300,"height":90,"caption":"Fiscal\u00eda General de la Naci\u00f3n"},"image":{"@id":"https:\/\/www.fiscalia.gov.co\/colombia\/#\/schema\/logo\/image\/"},"sameAs":["https:\/\/www.facebook.com\/FiscaliaCol","https:\/\/x.com\/FiscaliaCol","https:\/\/www.instagram.com\/fiscaliacol","https:\/\/www.linkedin.com\/company\/fiscalia-general-de-la-naci-n\/","https:\/\/youtube.com\/@fiscaliageneraldelanacion-4668?si=6nN79nyQICPU5iTh"]},{"@type":"Person","@id":"https:\/\/www.fiscalia.gov.co\/colombia\/#\/schema\/person\/bf84402cf293a5393e9c70b111020b24","name":"Jordan Leandro Oviedo Anzola","image":{"@type":"ImageObject","inLanguage":"es-CO","@id":"https:\/\/www.fiscalia.gov.co\/colombia\/#\/schema\/person\/image\/","url":"https:\/\/secure.gravatar.com\/avatar\/dabba4346fa9b9207d96adafa8f92721?s=96&d=mm&r=g","contentUrl":"https:\/\/secure.gravatar.com\/avatar\/dabba4346fa9b9207d96adafa8f92721?s=96&d=mm&r=g","caption":"Jordan Leandro Oviedo Anzola"},"url":"https:\/\/www.fiscalia.gov.co\/colombia\/author\/joviedo\/"}]}},"_links":{"self":[{"href":"https:\/\/www.fiscalia.gov.co\/colombia\/wp-json\/wp\/v2\/posts\/250394","targetHints":{"allow":["GET"]}}],"collection":[{"href":"https:\/\/www.fiscalia.gov.co\/colombia\/wp-json\/wp\/v2\/posts"}],"about":[{"href":"https:\/\/www.fiscalia.gov.co\/colombia\/wp-json\/wp\/v2\/types\/post"}],"author":[{"embeddable":true,"href":"https:\/\/www.fiscalia.gov.co\/colombia\/wp-json\/wp\/v2\/users\/177"}],"replies":[{"embeddable":true,"href":"https:\/\/www.fiscalia.gov.co\/colombia\/wp-json\/wp\/v2\/comments?post=250394"}],"version-history":[{"count":1,"href":"https:\/\/www.fiscalia.gov.co\/colombia\/wp-json\/wp\/v2\/posts\/250394\/revisions"}],"predecessor-version":[{"id":250397,"href":"https:\/\/www.fiscalia.gov.co\/colombia\/wp-json\/wp\/v2\/posts\/250394\/revisions\/250397"}],"wp:attachment":[{"href":"https:\/\/www.fiscalia.gov.co\/colombia\/wp-json\/wp\/v2\/media?parent=250394"}],"wp:term":[{"taxonomy":"category","embeddable":true,"href":"https:\/\/www.fiscalia.gov.co\/colombia\/wp-json\/wp\/v2\/categories?post=250394"},{"taxonomy":"post_tag","embeddable":true,"href":"https:\/\/www.fiscalia.gov.co\/colombia\/wp-json\/wp\/v2\/tags?post=250394"}],"curies":[{"name":"wp","href":"https:\/\/api.w.org\/{rel}","templated":true}]}}