{"id":250367,"date":"2022-06-10T14:47:17","date_gmt":"2022-06-10T19:47:17","guid":{"rendered":"https:\/\/www.fiscalia.gov.co\/colombia\/?p=250367"},"modified":"2022-06-10T14:47:17","modified_gmt":"2022-06-10T19:47:17","slug":"fiscalia-judicializo-a-presunto-responsable-de-abusar-de-dos-menores-de-7-y-11-anos","status":"publish","type":"post","link":"https:\/\/www.fiscalia.gov.co\/colombia\/noticias\/fiscalia-judicializo-a-presunto-responsable-de-abusar-de-dos-menores-de-7-y-11-anos\/","title":{"rendered":"Fiscal\u00eda judicializ\u00f3 a presunto responsable de abusar de dos menores de 7 y 11 a\u00f1os"},"content":{"rendered":"<p>Luego de ser capturado en Ibagu\u00e9 (Tolima) por servidores del CTI de la Seccional Cali, unidades del Ej\u00e9rcito y agentes de la Polic\u00eda Nacional, la Fiscal\u00eda present\u00f3 ante un juez a Jhonatan Faviany Su\u00e1rez Espinosa\u00a0como el presunto responsable de abusar de dos menores de edad.<\/p>\n<figure id=\"attachment_250368\" aria-describedby=\"caption-attachment-250368\" style=\"width: 696px\" class=\"wp-caption aligncenter\"><img loading=\"lazy\" decoding=\"async\" class=\"size-large wp-image-250368\" src=\"https:\/\/www.fiscalia.gov.co\/colombia\/wp-content\/uploads\/Fiscal-Barbosa-Servidores-del-Grupo-de-Capturas-del-CTI-Cali-ubicaron-al-hoy-asegurado-en-la-capital-del-Tolima-donde-se-habia-refugiado-para-huir-de-las-autoridades--1024x576.jpg\" alt=\"\" width=\"696\" height=\"392\" srcset=\"https:\/\/www.fiscalia.gov.co\/colombia\/wp-content\/uploads\/Fiscal-Barbosa-Servidores-del-Grupo-de-Capturas-del-CTI-Cali-ubicaron-al-hoy-asegurado-en-la-capital-del-Tolima-donde-se-habia-refugiado-para-huir-de-las-autoridades--1024x576.jpg 1024w, https:\/\/www.fiscalia.gov.co\/colombia\/wp-content\/uploads\/Fiscal-Barbosa-Servidores-del-Grupo-de-Capturas-del-CTI-Cali-ubicaron-al-hoy-asegurado-en-la-capital-del-Tolima-donde-se-habia-refugiado-para-huir-de-las-autoridades--300x169.jpg 300w, https:\/\/www.fiscalia.gov.co\/colombia\/wp-content\/uploads\/Fiscal-Barbosa-Servidores-del-Grupo-de-Capturas-del-CTI-Cali-ubicaron-al-hoy-asegurado-en-la-capital-del-Tolima-donde-se-habia-refugiado-para-huir-de-las-autoridades--768x432.jpg 768w, https:\/\/www.fiscalia.gov.co\/colombia\/wp-content\/uploads\/Fiscal-Barbosa-Servidores-del-Grupo-de-Capturas-del-CTI-Cali-ubicaron-al-hoy-asegurado-en-la-capital-del-Tolima-donde-se-habia-refugiado-para-huir-de-las-autoridades--696x392.jpg 696w, https:\/\/www.fiscalia.gov.co\/colombia\/wp-content\/uploads\/Fiscal-Barbosa-Servidores-del-Grupo-de-Capturas-del-CTI-Cali-ubicaron-al-hoy-asegurado-en-la-capital-del-Tolima-donde-se-habia-refugiado-para-huir-de-las-autoridades--1068x601.jpg 1068w, https:\/\/www.fiscalia.gov.co\/colombia\/wp-content\/uploads\/Fiscal-Barbosa-Servidores-del-Grupo-de-Capturas-del-CTI-Cali-ubicaron-al-hoy-asegurado-en-la-capital-del-Tolima-donde-se-habia-refugiado-para-huir-de-las-autoridades--747x420.jpg 747w, https:\/\/www.fiscalia.gov.co\/colombia\/wp-content\/uploads\/Fiscal-Barbosa-Servidores-del-Grupo-de-Capturas-del-CTI-Cali-ubicaron-al-hoy-asegurado-en-la-capital-del-Tolima-donde-se-habia-refugiado-para-huir-de-las-autoridades-.jpg 1280w\" sizes=\"auto, (max-width: 696px) 100vw, 696px\" \/><figcaption id=\"caption-attachment-250368\" class=\"wp-caption-text\">Servidores del Grupo de Capturas del CTI Cali ubicaron al hoy asegurado en la capital del Tolima, donde se hab\u00eda refugiado para huir de las autoridades.<\/figcaption><\/figure>\n<p>Los hechos por los cuales es procesado ocurrieron entre septiembre y diciembre de 2021, en una vivienda de tres pisos ubicada en el barrio Prados del Sur, en donde 2 menores de 7 y 11 a\u00f1os habr\u00edan sido agredidas sexualmente, al parecer por Su\u00e1rez Espinosa. Situaci\u00f3n que fue narrada por las dos v\u00edctimas a sus respectivas madres, quienes presentaron una denuncia penal en su contra en la URI de la Fiscal\u00eda.<\/p>\n<p>De acuerdo con la investigaci\u00f3n, el hombre se hab\u00eda ganado la confianza de la familia y aprovechaba que las menores se quedaban solas cuando sus madres sal\u00edan a trabajar o a realizar diligencias.<\/p>\n<p>A ra\u00edz de los abusos, una de las menores fue internada en un hospital de la ciudad hasta donde lleg\u00f3, al parecer, el hombre haci\u00e9ndose pasar por un familiar. All\u00ec la habr\u00eda amenazado con que si contaba algo matar\u00eda a su hermano menor y a su mam\u00e1.<\/p>\n<p>Al conocer que estaba siendo investigado sali\u00f3 de la ciudad y se refugi\u00f3 en Ibagu\u00e9 en donde fue ubicado por las autoridades.<\/p>\n<p>La Fiscal\u00eda lo imput\u00f3 por los delitos de\u00a0<a href=\"https:\/\/www.fiscalia.gov.co\/colombia\/noticias\/un-hombre-fue-condenado-a-16-anos-de-cacel-por-acceso-carnal-violento-contra-una-menor-de-edad\/\" data-saferedirecturl=\"https:\/\/www.google.com\/url?q=https:\/\/www.fiscalia.gov.co\/colombia\/noticias\/un-hombre-fue-condenado-a-16-anos-de-cacel-por-acceso-carnal-violento-contra-una-menor-de-edad\/&amp;source=gmail&amp;ust=1654974387802000&amp;usg=AOvVaw25FvMq7tyQCvL1T6njx-jZ\">acceso carnal<\/a>\u00a0abusivo con menor de 14 a\u00f1os en concurso homog\u00e9neo y sucesivo agravado en concurso con\u00a0<a href=\"https:\/\/www.fiscalia.gov.co\/colombia\/noticias\/a-la-carcel-presunto-responsable-de-actos-sexuales-con-una-menor-de-edad-2\/\" data-saferedirecturl=\"https:\/\/www.google.com\/url?q=https:\/\/www.fiscalia.gov.co\/colombia\/noticias\/a-la-carcel-presunto-responsable-de-actos-sexuales-con-una-menor-de-edad-2\/&amp;source=gmail&amp;ust=1654974387802000&amp;usg=AOvVaw2-jF-nDFcrws7fCUPimtj5\">actos sexuales<\/a>\u00a0con menor de 14 a\u00f1os en concurso sucesivo y homog\u00e9neo agravado.<\/p>\n<p>Un juez penal del Tolima le dict\u00f3 medida de aseguramiento en establecimiento carcelario y ser\u00e1 trasladado a la c\u00e1rcel de Picale\u00f1a de Ibagu\u00e9.<\/p>\n<p><strong>La Fiscal\u00eda habla con resultados\u00a0<\/strong><\/p>\n<p>Le puede interesar:\u00a0<a href=\"https:\/\/www.fiscalia.gov.co\/colombia\/noticias\/condenados-padre-e-hijo-a-21-anos-de-prision-por-acceso-carnal-violento-contra-dos-menores-de-13-y-14-anos\/\" data-saferedirecturl=\"https:\/\/www.google.com\/url?q=https:\/\/www.fiscalia.gov.co\/colombia\/noticias\/condenados-padre-e-hijo-a-21-anos-de-prision-por-acceso-carnal-violento-contra-dos-menores-de-13-y-14-anos\/&amp;source=gmail&amp;ust=1654974387803000&amp;usg=AOvVaw0uwxPkg7duy0xhGg9HG096\">Condenados padre e hijo a 21 a\u00f1os de prisi\u00f3n por acceso carnal violento contra dos menores de 13 y 14 a\u00f1os\u00a0<\/a><\/p>\n<p>&nbsp;<\/p>\n<p><strong>\u00a0<\/strong><\/p>\n<p>JGP\/CFG\/JC\/DSC<\/p>\n<p>&nbsp;<\/p>\n<p>&nbsp;<\/p>\n<p><em>La informaci\u00f3n contenida en este bolet\u00edn de prensa corresponde a la narraci\u00f3n de los hechos noticiosos objetivos, suministrados por los funcionarios encargados de adelantar las investigaciones penales al interior de la Fiscal\u00eda General de la Naci\u00f3n. Para el momento de la divulgaci\u00f3n de este comunicado, la situaci\u00f3n jur\u00eddica de la(s) persona(s) relacionada(s) se encuentra pendiente de resolver por la autoridad judicial competente, siempre bajo los preceptos de la presunci\u00f3n de inocencia, consagrados en el art\u00edculo 29 de la Constituci\u00f3n Pol\u00edtica y el art\u00edculo 7\u00ba de la Ley 906 de 2004\u00a0<\/em><\/p>\n\n<div class=\"twitter-share\"><a href=\"https:\/\/twitter.com\/intent\/tweet?via=fiscaliacol\" class=\"twitter-share-button\">Tweet<\/a><\/div>\n","protected":false},"excerpt":{"rendered":"<p>Luego de ser capturado en Ibagu\u00e9 (Tolima) por servidores del CTI de la Seccional Cali, unidades del Ej\u00e9rcito y agentes de la Polic\u00eda Nacional, la Fiscal\u00eda present\u00f3 ante un juez [&hellip;]<\/p>\n","protected":false},"author":177,"featured_media":0,"comment_status":"closed","ping_status":"open","sticky":false,"template":"","format":"standard","meta":{"tdm_status":"","tdm_grid_status":"","footnotes":""},"categories":[1,324,303,24127],"tags":[366,863,30077,24185,24526,24481,1047],"class_list":["post-250367","post","type-post","status-publish","format-standard","category-noticias","category-seccional-cali","category-seccionales","category-violencia-sexual-e-intrafamiliar","tag-acceso-carnal","tag-actos-sexuales","tag-cali-valle-del-cauca","tag-fiscal-barbosa","tag-fiscal-general-francisco-barbosa-delgado","tag-fiscalia-de-colombia","tag-fiscalia-general-de-la-nacion"],"yoast_head":"<!-- This site is optimized with the Yoast SEO plugin v24.3 - https:\/\/yoast.com\/wordpress\/plugins\/seo\/ -->\n<title>Fiscal\u00eda General de la Naci\u00f3n<\/title>\n<meta name=\"description\" content=\"P\u00e1gina oficial de la Fiscal\u00eda General de la Naci\u00f3n \u2013 Colombia. Garantizamos el acceso efectivo a la justicia, la verdad y la reparaci\u00f3n de las v\u00edctimas de los delitos.\" \/>\n<meta name=\"robots\" content=\"noindex, follow\" \/>\n<meta property=\"og:locale\" content=\"es_ES\" \/>\n<meta property=\"og:type\" content=\"article\" \/>\n<meta property=\"og:title\" content=\"Fiscal\u00eda General de la Naci\u00f3n\" \/>\n<meta property=\"og:description\" content=\"P\u00e1gina oficial de la Fiscal\u00eda General de la Naci\u00f3n \u2013 Colombia. Garantizamos el acceso efectivo a la justicia, la verdad y la reparaci\u00f3n de las v\u00edctimas de los delitos.\" \/>\n<meta property=\"og:url\" content=\"https:\/\/www.fiscalia.gov.co\/colombia\/noticias\/fiscalia-judicializo-a-presunto-responsable-de-abusar-de-dos-menores-de-7-y-11-anos\/\" \/>\n<meta property=\"og:site_name\" content=\"Fiscal\u00eda General de la Naci\u00f3n\" \/>\n<meta property=\"article:publisher\" content=\"https:\/\/www.facebook.com\/FiscaliaCol\" \/>\n<meta property=\"article:published_time\" content=\"2022-06-10T19:47:17+00:00\" \/>\n<meta property=\"og:image\" content=\"https:\/\/www.fiscalia.gov.co\/colombia\/wp-content\/uploads\/Fiscal-Barbosa-Servidores-del-Grupo-de-Capturas-del-CTI-Cali-ubicaron-al-hoy-asegurado-en-la-capital-del-Tolima-donde-se-habia-refugiado-para-huir-de-las-autoridades--1024x576.jpg\" \/>\n<meta name=\"author\" content=\"Jordan Leandro Oviedo Anzola\" \/>\n<meta name=\"twitter:card\" content=\"summary_large_image\" \/>\n<meta name=\"twitter:creator\" content=\"@FiscaliaCol\" \/>\n<meta name=\"twitter:site\" content=\"@FiscaliaCol\" \/>\n<meta name=\"twitter:label1\" content=\"Escrito por\" \/>\n\t<meta name=\"twitter:data1\" content=\"Jordan Leandro Oviedo Anzola\" \/>\n\t<meta name=\"twitter:label2\" content=\"Tiempo de lectura\" \/>\n\t<meta name=\"twitter:data2\" content=\"2 minutos\" \/>\n<script type=\"application\/ld+json\" class=\"yoast-schema-graph\">{\"@context\":\"https:\/\/schema.org\",\"@graph\":[{\"@type\":\"Article\",\"@id\":\"https:\/\/www.fiscalia.gov.co\/colombia\/noticias\/fiscalia-judicializo-a-presunto-responsable-de-abusar-de-dos-menores-de-7-y-11-anos\/#article\",\"isPartOf\":{\"@id\":\"https:\/\/www.fiscalia.gov.co\/colombia\/noticias\/fiscalia-judicializo-a-presunto-responsable-de-abusar-de-dos-menores-de-7-y-11-anos\/\"},\"author\":{\"name\":\"Jordan Leandro Oviedo Anzola\",\"@id\":\"https:\/\/www.fiscalia.gov.co\/colombia\/#\/schema\/person\/bf84402cf293a5393e9c70b111020b24\"},\"headline\":\"Fiscal\u00eda judicializ\u00f3 a presunto responsable de abusar de dos menores de 7 y 11 a\u00f1os\",\"datePublished\":\"2022-06-10T19:47:17+00:00\",\"dateModified\":\"2022-06-10T19:47:17+00:00\",\"mainEntityOfPage\":{\"@id\":\"https:\/\/www.fiscalia.gov.co\/colombia\/noticias\/fiscalia-judicializo-a-presunto-responsable-de-abusar-de-dos-menores-de-7-y-11-anos\/\"},\"wordCount\":486,\"publisher\":{\"@id\":\"https:\/\/www.fiscalia.gov.co\/colombia\/#organization\"},\"image\":{\"@id\":\"https:\/\/www.fiscalia.gov.co\/colombia\/noticias\/fiscalia-judicializo-a-presunto-responsable-de-abusar-de-dos-menores-de-7-y-11-anos\/#primaryimage\"},\"thumbnailUrl\":\"https:\/\/www.fiscalia.gov.co\/colombia\/wp-content\/uploads\/Fiscal-Barbosa-Servidores-del-Grupo-de-Capturas-del-CTI-Cali-ubicaron-al-hoy-asegurado-en-la-capital-del-Tolima-donde-se-habia-refugiado-para-huir-de-las-autoridades--1024x576.jpg\",\"keywords\":[\"Acceso carnal\",\"Actos sexuales\",\"Cali (Valle del Cauca)\",\"Fiscal Barbosa\",\"Fiscal General Francisco Barbosa Delgado\",\"Fiscal\u00eda de Colombia\",\"Fiscal\u00eda General de la Naci\u00f3n\"],\"articleSection\":[\"Noticias\",\"Seccional Cali\",\"Seccionales\",\"Violencia sexual e intrafamiliar\"],\"inLanguage\":\"es-CO\"},{\"@type\":\"WebPage\",\"@id\":\"https:\/\/www.fiscalia.gov.co\/colombia\/noticias\/fiscalia-judicializo-a-presunto-responsable-de-abusar-de-dos-menores-de-7-y-11-anos\/\",\"url\":\"https:\/\/www.fiscalia.gov.co\/colombia\/noticias\/fiscalia-judicializo-a-presunto-responsable-de-abusar-de-dos-menores-de-7-y-11-anos\/\",\"name\":\"Fiscal\u00eda General de la Naci\u00f3n\",\"isPartOf\":{\"@id\":\"https:\/\/www.fiscalia.gov.co\/colombia\/#website\"},\"primaryImageOfPage\":{\"@id\":\"https:\/\/www.fiscalia.gov.co\/colombia\/noticias\/fiscalia-judicializo-a-presunto-responsable-de-abusar-de-dos-menores-de-7-y-11-anos\/#primaryimage\"},\"image\":{\"@id\":\"https:\/\/www.fiscalia.gov.co\/colombia\/noticias\/fiscalia-judicializo-a-presunto-responsable-de-abusar-de-dos-menores-de-7-y-11-anos\/#primaryimage\"},\"thumbnailUrl\":\"https:\/\/www.fiscalia.gov.co\/colombia\/wp-content\/uploads\/Fiscal-Barbosa-Servidores-del-Grupo-de-Capturas-del-CTI-Cali-ubicaron-al-hoy-asegurado-en-la-capital-del-Tolima-donde-se-habia-refugiado-para-huir-de-las-autoridades--1024x576.jpg\",\"datePublished\":\"2022-06-10T19:47:17+00:00\",\"dateModified\":\"2022-06-10T19:47:17+00:00\",\"description\":\"P\u00e1gina oficial de la Fiscal\u00eda General de la Naci\u00f3n \u2013 Colombia. Garantizamos el acceso efectivo a la justicia, la verdad y la reparaci\u00f3n de las v\u00edctimas de los delitos.\",\"breadcrumb\":{\"@id\":\"https:\/\/www.fiscalia.gov.co\/colombia\/noticias\/fiscalia-judicializo-a-presunto-responsable-de-abusar-de-dos-menores-de-7-y-11-anos\/#breadcrumb\"},\"inLanguage\":\"es-CO\",\"potentialAction\":[{\"@type\":\"ReadAction\",\"target\":[\"https:\/\/www.fiscalia.gov.co\/colombia\/noticias\/fiscalia-judicializo-a-presunto-responsable-de-abusar-de-dos-menores-de-7-y-11-anos\/\"]}]},{\"@type\":\"ImageObject\",\"inLanguage\":\"es-CO\",\"@id\":\"https:\/\/www.fiscalia.gov.co\/colombia\/noticias\/fiscalia-judicializo-a-presunto-responsable-de-abusar-de-dos-menores-de-7-y-11-anos\/#primaryimage\",\"url\":\"https:\/\/www.fiscalia.gov.co\/colombia\/wp-content\/uploads\/Fiscal-Barbosa-Servidores-del-Grupo-de-Capturas-del-CTI-Cali-ubicaron-al-hoy-asegurado-en-la-capital-del-Tolima-donde-se-habia-refugiado-para-huir-de-las-autoridades-.jpg\",\"contentUrl\":\"https:\/\/www.fiscalia.gov.co\/colombia\/wp-content\/uploads\/Fiscal-Barbosa-Servidores-del-Grupo-de-Capturas-del-CTI-Cali-ubicaron-al-hoy-asegurado-en-la-capital-del-Tolima-donde-se-habia-refugiado-para-huir-de-las-autoridades-.jpg\",\"width\":1280,\"height\":720,\"caption\":\"Servidores del Grupo de Capturas del CTI Cali ubicaron al hoy asegurado en la capital del Tolima, donde se hab\u00eda refugiado para huir de las autoridades.\"},{\"@type\":\"BreadcrumbList\",\"@id\":\"https:\/\/www.fiscalia.gov.co\/colombia\/noticias\/fiscalia-judicializo-a-presunto-responsable-de-abusar-de-dos-menores-de-7-y-11-anos\/#breadcrumb\",\"itemListElement\":[{\"@type\":\"ListItem\",\"position\":1,\"name\":\"Home\",\"item\":\"https:\/\/www.fiscalia.gov.co\/colombia\/\"},{\"@type\":\"ListItem\",\"position\":2,\"name\":\"Fiscal\u00eda judicializ\u00f3 a presunto responsable de abusar de dos menores de 7 y 11 a\u00f1os\"}]},{\"@type\":\"WebSite\",\"@id\":\"https:\/\/www.fiscalia.gov.co\/colombia\/#website\",\"url\":\"https:\/\/www.fiscalia.gov.co\/colombia\/\",\"name\":\"Fiscal\u00eda General de la Naci\u00f3n\",\"description\":\"P\u00e1gina oficial de la Fiscal\u00eda General de la Naci\u00f3n \u2013 Colombia. Garantizamos el acceso efectivo a la justicia, la verdad y la reparaci\u00f3n de las v\u00edctimas de los delitos.\",\"publisher\":{\"@id\":\"https:\/\/www.fiscalia.gov.co\/colombia\/#organization\"},\"potentialAction\":[{\"@type\":\"SearchAction\",\"target\":{\"@type\":\"EntryPoint\",\"urlTemplate\":\"https:\/\/www.fiscalia.gov.co\/colombia\/?s={search_term_string}\"},\"query-input\":{\"@type\":\"PropertyValueSpecification\",\"valueRequired\":true,\"valueName\":\"search_term_string\"}}],\"inLanguage\":\"es-CO\"},{\"@type\":\"Organization\",\"@id\":\"https:\/\/www.fiscalia.gov.co\/colombia\/#organization\",\"name\":\"Fiscal\u00eda General de la Naci\u00f3n\",\"url\":\"https:\/\/www.fiscalia.gov.co\/colombia\/\",\"logo\":{\"@type\":\"ImageObject\",\"inLanguage\":\"es-CO\",\"@id\":\"https:\/\/www.fiscalia.gov.co\/colombia\/#\/schema\/logo\/image\/\",\"url\":\"https:\/\/www.fiscalia.gov.co\/colombia\/wp-content\/uploads\/LogoHorizontal_1.jpg\",\"contentUrl\":\"https:\/\/www.fiscalia.gov.co\/colombia\/wp-content\/uploads\/LogoHorizontal_1.jpg\",\"width\":300,\"height\":90,\"caption\":\"Fiscal\u00eda General de la Naci\u00f3n\"},\"image\":{\"@id\":\"https:\/\/www.fiscalia.gov.co\/colombia\/#\/schema\/logo\/image\/\"},\"sameAs\":[\"https:\/\/www.facebook.com\/FiscaliaCol\",\"https:\/\/x.com\/FiscaliaCol\",\"https:\/\/www.instagram.com\/fiscaliacol\",\"https:\/\/www.linkedin.com\/company\/fiscalia-general-de-la-naci-n\/\",\"https:\/\/youtube.com\/@fiscaliageneraldelanacion-4668?si=6nN79nyQICPU5iTh\"]},{\"@type\":\"Person\",\"@id\":\"https:\/\/www.fiscalia.gov.co\/colombia\/#\/schema\/person\/bf84402cf293a5393e9c70b111020b24\",\"name\":\"Jordan Leandro Oviedo Anzola\",\"image\":{\"@type\":\"ImageObject\",\"inLanguage\":\"es-CO\",\"@id\":\"https:\/\/www.fiscalia.gov.co\/colombia\/#\/schema\/person\/image\/\",\"url\":\"https:\/\/secure.gravatar.com\/avatar\/dabba4346fa9b9207d96adafa8f92721?s=96&d=mm&r=g\",\"contentUrl\":\"https:\/\/secure.gravatar.com\/avatar\/dabba4346fa9b9207d96adafa8f92721?s=96&d=mm&r=g\",\"caption\":\"Jordan Leandro Oviedo Anzola\"},\"url\":\"https:\/\/www.fiscalia.gov.co\/colombia\/author\/joviedo\/\"}]}<\/script>\n<!-- \/ Yoast SEO plugin. -->","yoast_head_json":{"title":"Fiscal\u00eda General de la Naci\u00f3n","description":"P\u00e1gina oficial de la Fiscal\u00eda General de la Naci\u00f3n \u2013 Colombia. Garantizamos el acceso efectivo a la justicia, la verdad y la reparaci\u00f3n de las v\u00edctimas de los delitos.","robots":{"index":"noindex","follow":"follow"},"og_locale":"es_ES","og_type":"article","og_title":"Fiscal\u00eda General de la Naci\u00f3n","og_description":"P\u00e1gina oficial de la Fiscal\u00eda General de la Naci\u00f3n \u2013 Colombia. Garantizamos el acceso efectivo a la justicia, la verdad y la reparaci\u00f3n de las v\u00edctimas de los delitos.","og_url":"https:\/\/www.fiscalia.gov.co\/colombia\/noticias\/fiscalia-judicializo-a-presunto-responsable-de-abusar-de-dos-menores-de-7-y-11-anos\/","og_site_name":"Fiscal\u00eda General de la Naci\u00f3n","article_publisher":"https:\/\/www.facebook.com\/FiscaliaCol","article_published_time":"2022-06-10T19:47:17+00:00","og_image":[{"url":"https:\/\/www.fiscalia.gov.co\/colombia\/wp-content\/uploads\/Fiscal-Barbosa-Servidores-del-Grupo-de-Capturas-del-CTI-Cali-ubicaron-al-hoy-asegurado-en-la-capital-del-Tolima-donde-se-habia-refugiado-para-huir-de-las-autoridades--1024x576.jpg","type":"","width":"","height":""}],"author":"Jordan Leandro Oviedo Anzola","twitter_card":"summary_large_image","twitter_creator":"@FiscaliaCol","twitter_site":"@FiscaliaCol","twitter_misc":{"Escrito por":"Jordan Leandro Oviedo Anzola","Tiempo de lectura":"2 minutos"},"schema":{"@context":"https:\/\/schema.org","@graph":[{"@type":"Article","@id":"https:\/\/www.fiscalia.gov.co\/colombia\/noticias\/fiscalia-judicializo-a-presunto-responsable-de-abusar-de-dos-menores-de-7-y-11-anos\/#article","isPartOf":{"@id":"https:\/\/www.fiscalia.gov.co\/colombia\/noticias\/fiscalia-judicializo-a-presunto-responsable-de-abusar-de-dos-menores-de-7-y-11-anos\/"},"author":{"name":"Jordan Leandro Oviedo Anzola","@id":"https:\/\/www.fiscalia.gov.co\/colombia\/#\/schema\/person\/bf84402cf293a5393e9c70b111020b24"},"headline":"Fiscal\u00eda judicializ\u00f3 a presunto responsable de abusar de dos menores de 7 y 11 a\u00f1os","datePublished":"2022-06-10T19:47:17+00:00","dateModified":"2022-06-10T19:47:17+00:00","mainEntityOfPage":{"@id":"https:\/\/www.fiscalia.gov.co\/colombia\/noticias\/fiscalia-judicializo-a-presunto-responsable-de-abusar-de-dos-menores-de-7-y-11-anos\/"},"wordCount":486,"publisher":{"@id":"https:\/\/www.fiscalia.gov.co\/colombia\/#organization"},"image":{"@id":"https:\/\/www.fiscalia.gov.co\/colombia\/noticias\/fiscalia-judicializo-a-presunto-responsable-de-abusar-de-dos-menores-de-7-y-11-anos\/#primaryimage"},"thumbnailUrl":"https:\/\/www.fiscalia.gov.co\/colombia\/wp-content\/uploads\/Fiscal-Barbosa-Servidores-del-Grupo-de-Capturas-del-CTI-Cali-ubicaron-al-hoy-asegurado-en-la-capital-del-Tolima-donde-se-habia-refugiado-para-huir-de-las-autoridades--1024x576.jpg","keywords":["Acceso carnal","Actos sexuales","Cali (Valle del Cauca)","Fiscal Barbosa","Fiscal General Francisco Barbosa Delgado","Fiscal\u00eda de Colombia","Fiscal\u00eda General de la Naci\u00f3n"],"articleSection":["Noticias","Seccional Cali","Seccionales","Violencia sexual e intrafamiliar"],"inLanguage":"es-CO"},{"@type":"WebPage","@id":"https:\/\/www.fiscalia.gov.co\/colombia\/noticias\/fiscalia-judicializo-a-presunto-responsable-de-abusar-de-dos-menores-de-7-y-11-anos\/","url":"https:\/\/www.fiscalia.gov.co\/colombia\/noticias\/fiscalia-judicializo-a-presunto-responsable-de-abusar-de-dos-menores-de-7-y-11-anos\/","name":"Fiscal\u00eda General de la Naci\u00f3n","isPartOf":{"@id":"https:\/\/www.fiscalia.gov.co\/colombia\/#website"},"primaryImageOfPage":{"@id":"https:\/\/www.fiscalia.gov.co\/colombia\/noticias\/fiscalia-judicializo-a-presunto-responsable-de-abusar-de-dos-menores-de-7-y-11-anos\/#primaryimage"},"image":{"@id":"https:\/\/www.fiscalia.gov.co\/colombia\/noticias\/fiscalia-judicializo-a-presunto-responsable-de-abusar-de-dos-menores-de-7-y-11-anos\/#primaryimage"},"thumbnailUrl":"https:\/\/www.fiscalia.gov.co\/colombia\/wp-content\/uploads\/Fiscal-Barbosa-Servidores-del-Grupo-de-Capturas-del-CTI-Cali-ubicaron-al-hoy-asegurado-en-la-capital-del-Tolima-donde-se-habia-refugiado-para-huir-de-las-autoridades--1024x576.jpg","datePublished":"2022-06-10T19:47:17+00:00","dateModified":"2022-06-10T19:47:17+00:00","description":"P\u00e1gina oficial de la Fiscal\u00eda General de la Naci\u00f3n \u2013 Colombia. Garantizamos el acceso efectivo a la justicia, la verdad y la reparaci\u00f3n de las v\u00edctimas de los delitos.","breadcrumb":{"@id":"https:\/\/www.fiscalia.gov.co\/colombia\/noticias\/fiscalia-judicializo-a-presunto-responsable-de-abusar-de-dos-menores-de-7-y-11-anos\/#breadcrumb"},"inLanguage":"es-CO","potentialAction":[{"@type":"ReadAction","target":["https:\/\/www.fiscalia.gov.co\/colombia\/noticias\/fiscalia-judicializo-a-presunto-responsable-de-abusar-de-dos-menores-de-7-y-11-anos\/"]}]},{"@type":"ImageObject","inLanguage":"es-CO","@id":"https:\/\/www.fiscalia.gov.co\/colombia\/noticias\/fiscalia-judicializo-a-presunto-responsable-de-abusar-de-dos-menores-de-7-y-11-anos\/#primaryimage","url":"https:\/\/www.fiscalia.gov.co\/colombia\/wp-content\/uploads\/Fiscal-Barbosa-Servidores-del-Grupo-de-Capturas-del-CTI-Cali-ubicaron-al-hoy-asegurado-en-la-capital-del-Tolima-donde-se-habia-refugiado-para-huir-de-las-autoridades-.jpg","contentUrl":"https:\/\/www.fiscalia.gov.co\/colombia\/wp-content\/uploads\/Fiscal-Barbosa-Servidores-del-Grupo-de-Capturas-del-CTI-Cali-ubicaron-al-hoy-asegurado-en-la-capital-del-Tolima-donde-se-habia-refugiado-para-huir-de-las-autoridades-.jpg","width":1280,"height":720,"caption":"Servidores del Grupo de Capturas del CTI Cali ubicaron al hoy asegurado en la capital del Tolima, donde se hab\u00eda refugiado para huir de las autoridades."},{"@type":"BreadcrumbList","@id":"https:\/\/www.fiscalia.gov.co\/colombia\/noticias\/fiscalia-judicializo-a-presunto-responsable-de-abusar-de-dos-menores-de-7-y-11-anos\/#breadcrumb","itemListElement":[{"@type":"ListItem","position":1,"name":"Home","item":"https:\/\/www.fiscalia.gov.co\/colombia\/"},{"@type":"ListItem","position":2,"name":"Fiscal\u00eda judicializ\u00f3 a presunto responsable de abusar de dos menores de 7 y 11 a\u00f1os"}]},{"@type":"WebSite","@id":"https:\/\/www.fiscalia.gov.co\/colombia\/#website","url":"https:\/\/www.fiscalia.gov.co\/colombia\/","name":"Fiscal\u00eda General de la Naci\u00f3n","description":"P\u00e1gina oficial de la Fiscal\u00eda General de la Naci\u00f3n \u2013 Colombia. Garantizamos el acceso efectivo a la justicia, la verdad y la reparaci\u00f3n de las v\u00edctimas de los delitos.","publisher":{"@id":"https:\/\/www.fiscalia.gov.co\/colombia\/#organization"},"potentialAction":[{"@type":"SearchAction","target":{"@type":"EntryPoint","urlTemplate":"https:\/\/www.fiscalia.gov.co\/colombia\/?s={search_term_string}"},"query-input":{"@type":"PropertyValueSpecification","valueRequired":true,"valueName":"search_term_string"}}],"inLanguage":"es-CO"},{"@type":"Organization","@id":"https:\/\/www.fiscalia.gov.co\/colombia\/#organization","name":"Fiscal\u00eda General de la Naci\u00f3n","url":"https:\/\/www.fiscalia.gov.co\/colombia\/","logo":{"@type":"ImageObject","inLanguage":"es-CO","@id":"https:\/\/www.fiscalia.gov.co\/colombia\/#\/schema\/logo\/image\/","url":"https:\/\/www.fiscalia.gov.co\/colombia\/wp-content\/uploads\/LogoHorizontal_1.jpg","contentUrl":"https:\/\/www.fiscalia.gov.co\/colombia\/wp-content\/uploads\/LogoHorizontal_1.jpg","width":300,"height":90,"caption":"Fiscal\u00eda General de la Naci\u00f3n"},"image":{"@id":"https:\/\/www.fiscalia.gov.co\/colombia\/#\/schema\/logo\/image\/"},"sameAs":["https:\/\/www.facebook.com\/FiscaliaCol","https:\/\/x.com\/FiscaliaCol","https:\/\/www.instagram.com\/fiscaliacol","https:\/\/www.linkedin.com\/company\/fiscalia-general-de-la-naci-n\/","https:\/\/youtube.com\/@fiscaliageneraldelanacion-4668?si=6nN79nyQICPU5iTh"]},{"@type":"Person","@id":"https:\/\/www.fiscalia.gov.co\/colombia\/#\/schema\/person\/bf84402cf293a5393e9c70b111020b24","name":"Jordan Leandro Oviedo Anzola","image":{"@type":"ImageObject","inLanguage":"es-CO","@id":"https:\/\/www.fiscalia.gov.co\/colombia\/#\/schema\/person\/image\/","url":"https:\/\/secure.gravatar.com\/avatar\/dabba4346fa9b9207d96adafa8f92721?s=96&d=mm&r=g","contentUrl":"https:\/\/secure.gravatar.com\/avatar\/dabba4346fa9b9207d96adafa8f92721?s=96&d=mm&r=g","caption":"Jordan Leandro Oviedo Anzola"},"url":"https:\/\/www.fiscalia.gov.co\/colombia\/author\/joviedo\/"}]}},"_links":{"self":[{"href":"https:\/\/www.fiscalia.gov.co\/colombia\/wp-json\/wp\/v2\/posts\/250367","targetHints":{"allow":["GET"]}}],"collection":[{"href":"https:\/\/www.fiscalia.gov.co\/colombia\/wp-json\/wp\/v2\/posts"}],"about":[{"href":"https:\/\/www.fiscalia.gov.co\/colombia\/wp-json\/wp\/v2\/types\/post"}],"author":[{"embeddable":true,"href":"https:\/\/www.fiscalia.gov.co\/colombia\/wp-json\/wp\/v2\/users\/177"}],"replies":[{"embeddable":true,"href":"https:\/\/www.fiscalia.gov.co\/colombia\/wp-json\/wp\/v2\/comments?post=250367"}],"version-history":[{"count":1,"href":"https:\/\/www.fiscalia.gov.co\/colombia\/wp-json\/wp\/v2\/posts\/250367\/revisions"}],"predecessor-version":[{"id":250369,"href":"https:\/\/www.fiscalia.gov.co\/colombia\/wp-json\/wp\/v2\/posts\/250367\/revisions\/250369"}],"wp:attachment":[{"href":"https:\/\/www.fiscalia.gov.co\/colombia\/wp-json\/wp\/v2\/media?parent=250367"}],"wp:term":[{"taxonomy":"category","embeddable":true,"href":"https:\/\/www.fiscalia.gov.co\/colombia\/wp-json\/wp\/v2\/categories?post=250367"},{"taxonomy":"post_tag","embeddable":true,"href":"https:\/\/www.fiscalia.gov.co\/colombia\/wp-json\/wp\/v2\/tags?post=250367"}],"curies":[{"name":"wp","href":"https:\/\/api.w.org\/{rel}","templated":true}]}}