{"id":250362,"date":"2022-06-10T14:12:28","date_gmt":"2022-06-10T19:12:28","guid":{"rendered":"https:\/\/www.fiscalia.gov.co\/colombia\/?p=250362"},"modified":"2022-06-10T14:12:28","modified_gmt":"2022-06-10T19:12:28","slug":"destruida-pista-ilegal-que-era-utilizada-para-transportar-cocaina-hacia-el-pacifico-colombiano","status":"publish","type":"post","link":"https:\/\/www.fiscalia.gov.co\/colombia\/noticias\/destruida-pista-ilegal-que-era-utilizada-para-transportar-cocaina-hacia-el-pacifico-colombiano\/","title":{"rendered":"Destruida pista ilegal que era utilizada para transportar coca\u00edna hacia el Pac\u00edfico colombiano"},"content":{"rendered":"<p>Una pista ilegal de aterrizaje, descubierta\u00a0en zona rural del municipio de La Cumbre, occidente del Valle,\u00a0fue destruida con explosivos. La cual, seg\u00fan las autoridades, era\u00a0utilizada para realizar\u00a0<a href=\"https:\/\/www.fiscalia.gov.co\/colombia\/noticias\/capturados-con-fines-de-extradicion-cuatro-presuntos-integrantes-de-una-estructura-narcotraficante-senalada-de-sacar-cocaina-en-vuelos-charter\/\" data-saferedirecturl=\"https:\/\/www.google.com\/url?q=https:\/\/www.fiscalia.gov.co\/colombia\/noticias\/capturados-con-fines-de-extradicion-cuatro-presuntos-integrantes-de-una-estructura-narcotraficante-senalada-de-sacar-cocaina-en-vuelos-charter\/&amp;source=gmail&amp;ust=1654974300258000&amp;usg=AOvVaw2xlnXRP3nTmGQ4u49_2IbP\">vuelos con coca\u00edna<\/a>\u00a0hacia el pac\u00edfico colombiano por parte de grupos armados residuales y organizaciones del narcotr\u00e1fico que operan en la regi\u00f3n.<\/p>\n<figure id=\"attachment_250363\" aria-describedby=\"caption-attachment-250363\" style=\"width: 696px\" class=\"wp-caption aligncenter\"><img loading=\"lazy\" decoding=\"async\" class=\"size-large wp-image-250363\" src=\"https:\/\/www.fiscalia.gov.co\/colombia\/wp-content\/uploads\/Fiscal-Barbosa-Un-grupo-especial-de-la-Fuerza-Aerea-instalo-cargas-conicas-para-que-las-detonaciones-abrieran-crateres-en-el-terreno-1024x568.jpg\" alt=\"\" width=\"696\" height=\"386\" srcset=\"https:\/\/www.fiscalia.gov.co\/colombia\/wp-content\/uploads\/Fiscal-Barbosa-Un-grupo-especial-de-la-Fuerza-Aerea-instalo-cargas-conicas-para-que-las-detonaciones-abrieran-crateres-en-el-terreno-1024x568.jpg 1024w, https:\/\/www.fiscalia.gov.co\/colombia\/wp-content\/uploads\/Fiscal-Barbosa-Un-grupo-especial-de-la-Fuerza-Aerea-instalo-cargas-conicas-para-que-las-detonaciones-abrieran-crateres-en-el-terreno-300x166.jpg 300w, https:\/\/www.fiscalia.gov.co\/colombia\/wp-content\/uploads\/Fiscal-Barbosa-Un-grupo-especial-de-la-Fuerza-Aerea-instalo-cargas-conicas-para-que-las-detonaciones-abrieran-crateres-en-el-terreno-768x426.jpg 768w, https:\/\/www.fiscalia.gov.co\/colombia\/wp-content\/uploads\/Fiscal-Barbosa-Un-grupo-especial-de-la-Fuerza-Aerea-instalo-cargas-conicas-para-que-las-detonaciones-abrieran-crateres-en-el-terreno-696x385.jpg 696w, https:\/\/www.fiscalia.gov.co\/colombia\/wp-content\/uploads\/Fiscal-Barbosa-Un-grupo-especial-de-la-Fuerza-Aerea-instalo-cargas-conicas-para-que-las-detonaciones-abrieran-crateres-en-el-terreno-1068x592.jpg 1068w, https:\/\/www.fiscalia.gov.co\/colombia\/wp-content\/uploads\/Fiscal-Barbosa-Un-grupo-especial-de-la-Fuerza-Aerea-instalo-cargas-conicas-para-que-las-detonaciones-abrieran-crateres-en-el-terreno-757x420.jpg 757w, https:\/\/www.fiscalia.gov.co\/colombia\/wp-content\/uploads\/Fiscal-Barbosa-Un-grupo-especial-de-la-Fuerza-Aerea-instalo-cargas-conicas-para-que-las-detonaciones-abrieran-crateres-en-el-terreno.jpg 1280w\" sizes=\"auto, (max-width: 696px) 100vw, 696px\" \/><figcaption id=\"caption-attachment-250363\" class=\"wp-caption-text\">Un grupo especial de la Fuerza A\u00e9rea instal\u00f3 cargas c\u00f3nicas para que las detonaciones abrieran cr\u00e1teres en el terreno.<\/figcaption><\/figure>\n<p>El operativo estuvo a cargo de servidores\u00a0del Grupo Investigativo\u00a0contra el Narcotr\u00e1fico de la Seccional Cali, en coordinaci\u00f3n con el Grupo de Operaciones Especiales A\u00e9reas de la Fuerza A\u00e9rea.<\/p>\n<p>En febrero de 2022, en el mismo lugar, la Fiscal\u00eda inmoviliz\u00f3 un avi\u00f3n ultraliviano cargado con 183 kilos de\u00a0<a href=\"https:\/\/www.fiscalia.gov.co\/colombia\/noticias\/fiscalia-judicializo-a-dos-hombres-que-al-parecer-transportaban-328-kilos-de-cocaina-en-una-lancha-langostera\/\" data-saferedirecturl=\"https:\/\/www.google.com\/url?q=https:\/\/www.fiscalia.gov.co\/colombia\/noticias\/fiscalia-judicializo-a-dos-hombres-que-al-parecer-transportaban-328-kilos-de-cocaina-en-una-lancha-langostera\/&amp;source=gmail&amp;ust=1654974300258000&amp;usg=AOvVaw14j9pJINLclLGd5sAjipfy\">coca\u00edna<\/a>\u00a0que ten\u00eda como destino Centroam\u00e9rica y los Estados Unidos.<\/p>\n<p>La Fiscal\u00eda abri\u00f3 una investigaci\u00f3n por el delito de fabricaci\u00f3n, tr\u00e1fico y porte de estupefacientes.<\/p>\n<p><strong>La Fiscal\u00eda habla con resultados\u00a0<\/strong><\/p>\n<p>Le puede interesar:\u00a0<a href=\"https:\/\/www.fiscalia.gov.co\/colombia\/hechos-concretos\/capturaron-a-ciudadano-albanes-que-presuntamente-se-encargaba-de-sacar-cocaina-de-colombia-en-vuelos-charter\/\" data-saferedirecturl=\"https:\/\/www.google.com\/url?q=https:\/\/www.fiscalia.gov.co\/colombia\/hechos-concretos\/capturaron-a-ciudadano-albanes-que-presuntamente-se-encargaba-de-sacar-cocaina-de-colombia-en-vuelos-charter\/&amp;source=gmail&amp;ust=1654974300258000&amp;usg=AOvVaw25Sfi-g7EPnRdbO_tS81Hd\">Capturaron a ciudadano alban\u00e9s que presuntamente se encargaba de sacar coca\u00edna de Colombia en vuelos ch\u00e1rter<\/a><\/p>\n<p>&nbsp;<\/p>\n<p>&nbsp;<\/p>\n<p>JGP\/CFG\/JC\/DSC<\/p>\n<p>&nbsp;<\/p>\n<p>&nbsp;<\/p>\n<p><em>La informaci\u00f3n contenida en este bolet\u00edn de prensa corresponde a la narraci\u00f3n de los hechos noticiosos objetivos, suministrados por los funcionarios encargados de adelantar las investigaciones penales al interior de la Fiscal\u00eda General de la Naci\u00f3n. Para el momento de la divulgaci\u00f3n de este comunicado, la situaci\u00f3n jur\u00eddica de la(s) persona(s) relacionada(s) se encuentra pendiente de resolver por la autoridad judicial competente, siempre bajo los preceptos de la presunci\u00f3n de inocencia, consagrados en el art\u00edculo 29 de la Constituci\u00f3n Pol\u00edtica y el art\u00edculo 7\u00ba de la Ley 906 de 2004.<\/em><\/p>\n\n<div class=\"twitter-share\"><a href=\"https:\/\/twitter.com\/intent\/tweet?via=fiscaliacol\" class=\"twitter-share-button\">Tweet<\/a><\/div>\n","protected":false},"excerpt":{"rendered":"<p>Una pista ilegal de aterrizaje, descubierta\u00a0en zona rural del municipio de La Cumbre, occidente del Valle,\u00a0fue destruida con explosivos. La cual, seg\u00fan las autoridades, era\u00a0utilizada para realizar\u00a0vuelos con coca\u00edna\u00a0hacia el pac\u00edfico colombiano por parte de grupos armados residuales y organizaciones del narcotr\u00e1fico que operan en la regi\u00f3n. El operativo estuvo a cargo de servidores\u00a0del Grupo [&hellip;]<\/p>\n","protected":false},"author":177,"featured_media":0,"comment_status":"closed","ping_status":"open","sticky":false,"template":"","format":"standard","meta":{"_price":"","_stock":"","_tribe_ticket_header":"","_tribe_default_ticket_provider":"","_tribe_ticket_capacity":"0","_ticket_start_date":"","_ticket_end_date":"","_tribe_ticket_show_description":"","_tribe_ticket_show_not_going":false,"_tribe_ticket_use_global_stock":"","_tribe_ticket_global_stock_level":"","_global_stock_mode":"","_global_stock_cap":"","_tribe_rsvp_for_event":"","_tribe_ticket_going_count":"","_tribe_ticket_not_going_count":"","_tribe_tickets_list":"[]","_tribe_ticket_has_attendee_info_fields":false,"tdm_status":"","tdm_grid_status":"","footnotes":""},"categories":[24115,1,324,303],"tags":[19,24526,24481,1047,31963,31964],"class_list":{"0":"post-250362","1":"post","2":"type-post","3":"status-publish","4":"format-standard","6":"category-narcotrafico","7":"category-noticias","8":"category-seccional-cali","9":"category-seccionales","10":"tag-cocaina","11":"tag-fiscal-general-francisco-barbosa-delgado","12":"tag-fiscalia-de-colombia","13":"tag-fiscalia-general-de-la-nacion","14":"tag-la-cumbre-valle-del-cauca","15":"tag-vuelos-con-cocaina"},"yoast_head":"<!-- This site is optimized with the Yoast SEO plugin v24.3 - https:\/\/yoast.com\/wordpress\/plugins\/seo\/ -->\n<title>Fiscal\u00eda General de la Naci\u00f3n<\/title>\n<meta name=\"description\" content=\"P\u00e1gina oficial de la Fiscal\u00eda General de la Naci\u00f3n \u2013 Colombia. Garantizamos el acceso efectivo a la justicia, la verdad y la reparaci\u00f3n de las v\u00edctimas de los delitos.\" \/>\n<meta name=\"robots\" content=\"noindex, follow\" \/>\n<meta property=\"og:locale\" content=\"es_ES\" \/>\n<meta property=\"og:type\" content=\"article\" \/>\n<meta property=\"og:title\" content=\"Fiscal\u00eda General de la Naci\u00f3n\" \/>\n<meta property=\"og:description\" content=\"P\u00e1gina oficial de la Fiscal\u00eda General de la Naci\u00f3n \u2013 Colombia. Garantizamos el acceso efectivo a la justicia, la verdad y la reparaci\u00f3n de las v\u00edctimas de los delitos.\" \/>\n<meta property=\"og:url\" content=\"https:\/\/www.fiscalia.gov.co\/colombia\/noticias\/destruida-pista-ilegal-que-era-utilizada-para-transportar-cocaina-hacia-el-pacifico-colombiano\/\" \/>\n<meta property=\"og:site_name\" content=\"Fiscal\u00eda General de la Naci\u00f3n\" \/>\n<meta property=\"article:publisher\" content=\"https:\/\/www.facebook.com\/FiscaliaCol\" \/>\n<meta property=\"article:published_time\" content=\"2022-06-10T19:12:28+00:00\" \/>\n<meta property=\"og:image\" content=\"https:\/\/www.fiscalia.gov.co\/colombia\/wp-content\/uploads\/Fiscal-Barbosa-Un-grupo-especial-de-la-Fuerza-Aerea-instalo-cargas-conicas-para-que-las-detonaciones-abrieran-crateres-en-el-terreno-1024x568.jpg\" \/>\n<meta name=\"author\" content=\"Jordan Leandro Oviedo Anzola\" \/>\n<meta name=\"twitter:card\" content=\"summary_large_image\" \/>\n<meta name=\"twitter:creator\" content=\"@FiscaliaCol\" \/>\n<meta name=\"twitter:site\" content=\"@FiscaliaCol\" \/>\n<meta name=\"twitter:label1\" content=\"Escrito por\" \/>\n\t<meta name=\"twitter:data1\" content=\"Jordan Leandro Oviedo Anzola\" \/>\n\t<meta name=\"twitter:label2\" content=\"Tiempo de lectura\" \/>\n\t<meta name=\"twitter:data2\" content=\"2 minutos\" \/>\n<script type=\"application\/ld+json\" class=\"yoast-schema-graph\">{\"@context\":\"https:\/\/schema.org\",\"@graph\":[{\"@type\":\"Article\",\"@id\":\"https:\/\/www.fiscalia.gov.co\/colombia\/noticias\/destruida-pista-ilegal-que-era-utilizada-para-transportar-cocaina-hacia-el-pacifico-colombiano\/#article\",\"isPartOf\":{\"@id\":\"https:\/\/www.fiscalia.gov.co\/colombia\/noticias\/destruida-pista-ilegal-que-era-utilizada-para-transportar-cocaina-hacia-el-pacifico-colombiano\/\"},\"author\":{\"name\":\"Jordan Leandro Oviedo Anzola\",\"@id\":\"https:\/\/www.fiscalia.gov.co\/colombia\/#\/schema\/person\/bf84402cf293a5393e9c70b111020b24\"},\"headline\":\"Destruida pista ilegal que era utilizada para transportar coca\u00edna hacia el Pac\u00edfico colombiano\",\"datePublished\":\"2022-06-10T19:12:28+00:00\",\"dateModified\":\"2022-06-10T19:12:28+00:00\",\"mainEntityOfPage\":{\"@id\":\"https:\/\/www.fiscalia.gov.co\/colombia\/noticias\/destruida-pista-ilegal-que-era-utilizada-para-transportar-cocaina-hacia-el-pacifico-colombiano\/\"},\"wordCount\":324,\"publisher\":{\"@id\":\"https:\/\/www.fiscalia.gov.co\/colombia\/#organization\"},\"image\":{\"@id\":\"https:\/\/www.fiscalia.gov.co\/colombia\/noticias\/destruida-pista-ilegal-que-era-utilizada-para-transportar-cocaina-hacia-el-pacifico-colombiano\/#primaryimage\"},\"thumbnailUrl\":\"https:\/\/www.fiscalia.gov.co\/colombia\/wp-content\/uploads\/Fiscal-Barbosa-Un-grupo-especial-de-la-Fuerza-Aerea-instalo-cargas-conicas-para-que-las-detonaciones-abrieran-crateres-en-el-terreno-1024x568.jpg\",\"keywords\":[\"Coca\u00edna\",\"Fiscal General Francisco Barbosa Delgado\",\"Fiscal\u00eda de Colombia\",\"Fiscal\u00eda General de la Naci\u00f3n\",\"La Cumbre (Valle del Cauca)\",\"vuelos con coca\u00edna\"],\"articleSection\":[\"Narcotr\u00e1fico\",\"Noticias\",\"Seccional Cali\",\"Seccionales\"],\"inLanguage\":\"es-CO\"},{\"@type\":\"WebPage\",\"@id\":\"https:\/\/www.fiscalia.gov.co\/colombia\/noticias\/destruida-pista-ilegal-que-era-utilizada-para-transportar-cocaina-hacia-el-pacifico-colombiano\/\",\"url\":\"https:\/\/www.fiscalia.gov.co\/colombia\/noticias\/destruida-pista-ilegal-que-era-utilizada-para-transportar-cocaina-hacia-el-pacifico-colombiano\/\",\"name\":\"Fiscal\u00eda General de la Naci\u00f3n\",\"isPartOf\":{\"@id\":\"https:\/\/www.fiscalia.gov.co\/colombia\/#website\"},\"primaryImageOfPage\":{\"@id\":\"https:\/\/www.fiscalia.gov.co\/colombia\/noticias\/destruida-pista-ilegal-que-era-utilizada-para-transportar-cocaina-hacia-el-pacifico-colombiano\/#primaryimage\"},\"image\":{\"@id\":\"https:\/\/www.fiscalia.gov.co\/colombia\/noticias\/destruida-pista-ilegal-que-era-utilizada-para-transportar-cocaina-hacia-el-pacifico-colombiano\/#primaryimage\"},\"thumbnailUrl\":\"https:\/\/www.fiscalia.gov.co\/colombia\/wp-content\/uploads\/Fiscal-Barbosa-Un-grupo-especial-de-la-Fuerza-Aerea-instalo-cargas-conicas-para-que-las-detonaciones-abrieran-crateres-en-el-terreno-1024x568.jpg\",\"datePublished\":\"2022-06-10T19:12:28+00:00\",\"dateModified\":\"2022-06-10T19:12:28+00:00\",\"description\":\"P\u00e1gina oficial de la Fiscal\u00eda General de la Naci\u00f3n \u2013 Colombia. Garantizamos el acceso efectivo a la justicia, la verdad y la reparaci\u00f3n de las v\u00edctimas de los delitos.\",\"breadcrumb\":{\"@id\":\"https:\/\/www.fiscalia.gov.co\/colombia\/noticias\/destruida-pista-ilegal-que-era-utilizada-para-transportar-cocaina-hacia-el-pacifico-colombiano\/#breadcrumb\"},\"inLanguage\":\"es-CO\",\"potentialAction\":[{\"@type\":\"ReadAction\",\"target\":[\"https:\/\/www.fiscalia.gov.co\/colombia\/noticias\/destruida-pista-ilegal-que-era-utilizada-para-transportar-cocaina-hacia-el-pacifico-colombiano\/\"]}]},{\"@type\":\"ImageObject\",\"inLanguage\":\"es-CO\",\"@id\":\"https:\/\/www.fiscalia.gov.co\/colombia\/noticias\/destruida-pista-ilegal-que-era-utilizada-para-transportar-cocaina-hacia-el-pacifico-colombiano\/#primaryimage\",\"url\":\"https:\/\/www.fiscalia.gov.co\/colombia\/wp-content\/uploads\/Fiscal-Barbosa-Un-grupo-especial-de-la-Fuerza-Aerea-instalo-cargas-conicas-para-que-las-detonaciones-abrieran-crateres-en-el-terreno.jpg\",\"contentUrl\":\"https:\/\/www.fiscalia.gov.co\/colombia\/wp-content\/uploads\/Fiscal-Barbosa-Un-grupo-especial-de-la-Fuerza-Aerea-instalo-cargas-conicas-para-que-las-detonaciones-abrieran-crateres-en-el-terreno.jpg\",\"width\":1280,\"height\":710,\"caption\":\"Un grupo especial de la Fuerza A\u00e9rea instal\u00f3 cargas c\u00f3nicas para que las detonaciones abrieran cr\u00e1teres en el terreno.\"},{\"@type\":\"BreadcrumbList\",\"@id\":\"https:\/\/www.fiscalia.gov.co\/colombia\/noticias\/destruida-pista-ilegal-que-era-utilizada-para-transportar-cocaina-hacia-el-pacifico-colombiano\/#breadcrumb\",\"itemListElement\":[{\"@type\":\"ListItem\",\"position\":1,\"name\":\"Home\",\"item\":\"https:\/\/www.fiscalia.gov.co\/colombia\/\"},{\"@type\":\"ListItem\",\"position\":2,\"name\":\"Destruida pista ilegal que era utilizada para transportar coca\u00edna hacia el Pac\u00edfico colombiano\"}]},{\"@type\":\"WebSite\",\"@id\":\"https:\/\/www.fiscalia.gov.co\/colombia\/#website\",\"url\":\"https:\/\/www.fiscalia.gov.co\/colombia\/\",\"name\":\"Fiscal\u00eda General de la Naci\u00f3n\",\"description\":\"P\u00e1gina oficial de la Fiscal\u00eda General de la Naci\u00f3n \u2013 Colombia. Garantizamos el acceso efectivo a la justicia, la verdad y la reparaci\u00f3n de las v\u00edctimas de los delitos.\",\"publisher\":{\"@id\":\"https:\/\/www.fiscalia.gov.co\/colombia\/#organization\"},\"potentialAction\":[{\"@type\":\"SearchAction\",\"target\":{\"@type\":\"EntryPoint\",\"urlTemplate\":\"https:\/\/www.fiscalia.gov.co\/colombia\/?s={search_term_string}\"},\"query-input\":{\"@type\":\"PropertyValueSpecification\",\"valueRequired\":true,\"valueName\":\"search_term_string\"}}],\"inLanguage\":\"es-CO\"},{\"@type\":\"Organization\",\"@id\":\"https:\/\/www.fiscalia.gov.co\/colombia\/#organization\",\"name\":\"Fiscal\u00eda General de la Naci\u00f3n\",\"url\":\"https:\/\/www.fiscalia.gov.co\/colombia\/\",\"logo\":{\"@type\":\"ImageObject\",\"inLanguage\":\"es-CO\",\"@id\":\"https:\/\/www.fiscalia.gov.co\/colombia\/#\/schema\/logo\/image\/\",\"url\":\"https:\/\/www.fiscalia.gov.co\/colombia\/wp-content\/uploads\/LogoHorizontal_1.jpg\",\"contentUrl\":\"https:\/\/www.fiscalia.gov.co\/colombia\/wp-content\/uploads\/LogoHorizontal_1.jpg\",\"width\":300,\"height\":90,\"caption\":\"Fiscal\u00eda General de la Naci\u00f3n\"},\"image\":{\"@id\":\"https:\/\/www.fiscalia.gov.co\/colombia\/#\/schema\/logo\/image\/\"},\"sameAs\":[\"https:\/\/www.facebook.com\/FiscaliaCol\",\"https:\/\/x.com\/FiscaliaCol\",\"https:\/\/www.instagram.com\/fiscaliacol\",\"https:\/\/www.linkedin.com\/company\/fiscalia-general-de-la-naci-n\/\",\"https:\/\/youtube.com\/@fiscaliageneraldelanacion-4668?si=6nN79nyQICPU5iTh\"]},{\"@type\":\"Person\",\"@id\":\"https:\/\/www.fiscalia.gov.co\/colombia\/#\/schema\/person\/bf84402cf293a5393e9c70b111020b24\",\"name\":\"Jordan Leandro Oviedo Anzola\",\"image\":{\"@type\":\"ImageObject\",\"inLanguage\":\"es-CO\",\"@id\":\"https:\/\/www.fiscalia.gov.co\/colombia\/#\/schema\/person\/image\/\",\"url\":\"https:\/\/secure.gravatar.com\/avatar\/dabba4346fa9b9207d96adafa8f92721?s=96&d=mm&r=g\",\"contentUrl\":\"https:\/\/secure.gravatar.com\/avatar\/dabba4346fa9b9207d96adafa8f92721?s=96&d=mm&r=g\",\"caption\":\"Jordan Leandro Oviedo Anzola\"},\"url\":\"https:\/\/www.fiscalia.gov.co\/colombia\/author\/joviedo\/\"}]}<\/script>\n<!-- \/ Yoast SEO plugin. -->","yoast_head_json":{"title":"Fiscal\u00eda General de la Naci\u00f3n","description":"P\u00e1gina oficial de la Fiscal\u00eda General de la Naci\u00f3n \u2013 Colombia. Garantizamos el acceso efectivo a la justicia, la verdad y la reparaci\u00f3n de las v\u00edctimas de los delitos.","robots":{"index":"noindex","follow":"follow"},"og_locale":"es_ES","og_type":"article","og_title":"Fiscal\u00eda General de la Naci\u00f3n","og_description":"P\u00e1gina oficial de la Fiscal\u00eda General de la Naci\u00f3n \u2013 Colombia. Garantizamos el acceso efectivo a la justicia, la verdad y la reparaci\u00f3n de las v\u00edctimas de los delitos.","og_url":"https:\/\/www.fiscalia.gov.co\/colombia\/noticias\/destruida-pista-ilegal-que-era-utilizada-para-transportar-cocaina-hacia-el-pacifico-colombiano\/","og_site_name":"Fiscal\u00eda General de la Naci\u00f3n","article_publisher":"https:\/\/www.facebook.com\/FiscaliaCol","article_published_time":"2022-06-10T19:12:28+00:00","og_image":[{"url":"https:\/\/www.fiscalia.gov.co\/colombia\/wp-content\/uploads\/Fiscal-Barbosa-Un-grupo-especial-de-la-Fuerza-Aerea-instalo-cargas-conicas-para-que-las-detonaciones-abrieran-crateres-en-el-terreno-1024x568.jpg","type":"","width":"","height":""}],"author":"Jordan Leandro Oviedo Anzola","twitter_card":"summary_large_image","twitter_creator":"@FiscaliaCol","twitter_site":"@FiscaliaCol","twitter_misc":{"Escrito por":"Jordan Leandro Oviedo Anzola","Tiempo de lectura":"2 minutos"},"schema":{"@context":"https:\/\/schema.org","@graph":[{"@type":"Article","@id":"https:\/\/www.fiscalia.gov.co\/colombia\/noticias\/destruida-pista-ilegal-que-era-utilizada-para-transportar-cocaina-hacia-el-pacifico-colombiano\/#article","isPartOf":{"@id":"https:\/\/www.fiscalia.gov.co\/colombia\/noticias\/destruida-pista-ilegal-que-era-utilizada-para-transportar-cocaina-hacia-el-pacifico-colombiano\/"},"author":{"name":"Jordan Leandro Oviedo Anzola","@id":"https:\/\/www.fiscalia.gov.co\/colombia\/#\/schema\/person\/bf84402cf293a5393e9c70b111020b24"},"headline":"Destruida pista ilegal que era utilizada para transportar coca\u00edna hacia el Pac\u00edfico colombiano","datePublished":"2022-06-10T19:12:28+00:00","dateModified":"2022-06-10T19:12:28+00:00","mainEntityOfPage":{"@id":"https:\/\/www.fiscalia.gov.co\/colombia\/noticias\/destruida-pista-ilegal-que-era-utilizada-para-transportar-cocaina-hacia-el-pacifico-colombiano\/"},"wordCount":324,"publisher":{"@id":"https:\/\/www.fiscalia.gov.co\/colombia\/#organization"},"image":{"@id":"https:\/\/www.fiscalia.gov.co\/colombia\/noticias\/destruida-pista-ilegal-que-era-utilizada-para-transportar-cocaina-hacia-el-pacifico-colombiano\/#primaryimage"},"thumbnailUrl":"https:\/\/www.fiscalia.gov.co\/colombia\/wp-content\/uploads\/Fiscal-Barbosa-Un-grupo-especial-de-la-Fuerza-Aerea-instalo-cargas-conicas-para-que-las-detonaciones-abrieran-crateres-en-el-terreno-1024x568.jpg","keywords":["Coca\u00edna","Fiscal General Francisco Barbosa Delgado","Fiscal\u00eda de Colombia","Fiscal\u00eda General de la Naci\u00f3n","La Cumbre (Valle del Cauca)","vuelos con coca\u00edna"],"articleSection":["Narcotr\u00e1fico","Noticias","Seccional Cali","Seccionales"],"inLanguage":"es-CO"},{"@type":"WebPage","@id":"https:\/\/www.fiscalia.gov.co\/colombia\/noticias\/destruida-pista-ilegal-que-era-utilizada-para-transportar-cocaina-hacia-el-pacifico-colombiano\/","url":"https:\/\/www.fiscalia.gov.co\/colombia\/noticias\/destruida-pista-ilegal-que-era-utilizada-para-transportar-cocaina-hacia-el-pacifico-colombiano\/","name":"Fiscal\u00eda General de la Naci\u00f3n","isPartOf":{"@id":"https:\/\/www.fiscalia.gov.co\/colombia\/#website"},"primaryImageOfPage":{"@id":"https:\/\/www.fiscalia.gov.co\/colombia\/noticias\/destruida-pista-ilegal-que-era-utilizada-para-transportar-cocaina-hacia-el-pacifico-colombiano\/#primaryimage"},"image":{"@id":"https:\/\/www.fiscalia.gov.co\/colombia\/noticias\/destruida-pista-ilegal-que-era-utilizada-para-transportar-cocaina-hacia-el-pacifico-colombiano\/#primaryimage"},"thumbnailUrl":"https:\/\/www.fiscalia.gov.co\/colombia\/wp-content\/uploads\/Fiscal-Barbosa-Un-grupo-especial-de-la-Fuerza-Aerea-instalo-cargas-conicas-para-que-las-detonaciones-abrieran-crateres-en-el-terreno-1024x568.jpg","datePublished":"2022-06-10T19:12:28+00:00","dateModified":"2022-06-10T19:12:28+00:00","description":"P\u00e1gina oficial de la Fiscal\u00eda General de la Naci\u00f3n \u2013 Colombia. Garantizamos el acceso efectivo a la justicia, la verdad y la reparaci\u00f3n de las v\u00edctimas de los delitos.","breadcrumb":{"@id":"https:\/\/www.fiscalia.gov.co\/colombia\/noticias\/destruida-pista-ilegal-que-era-utilizada-para-transportar-cocaina-hacia-el-pacifico-colombiano\/#breadcrumb"},"inLanguage":"es-CO","potentialAction":[{"@type":"ReadAction","target":["https:\/\/www.fiscalia.gov.co\/colombia\/noticias\/destruida-pista-ilegal-que-era-utilizada-para-transportar-cocaina-hacia-el-pacifico-colombiano\/"]}]},{"@type":"ImageObject","inLanguage":"es-CO","@id":"https:\/\/www.fiscalia.gov.co\/colombia\/noticias\/destruida-pista-ilegal-que-era-utilizada-para-transportar-cocaina-hacia-el-pacifico-colombiano\/#primaryimage","url":"https:\/\/www.fiscalia.gov.co\/colombia\/wp-content\/uploads\/Fiscal-Barbosa-Un-grupo-especial-de-la-Fuerza-Aerea-instalo-cargas-conicas-para-que-las-detonaciones-abrieran-crateres-en-el-terreno.jpg","contentUrl":"https:\/\/www.fiscalia.gov.co\/colombia\/wp-content\/uploads\/Fiscal-Barbosa-Un-grupo-especial-de-la-Fuerza-Aerea-instalo-cargas-conicas-para-que-las-detonaciones-abrieran-crateres-en-el-terreno.jpg","width":1280,"height":710,"caption":"Un grupo especial de la Fuerza A\u00e9rea instal\u00f3 cargas c\u00f3nicas para que las detonaciones abrieran cr\u00e1teres en el terreno."},{"@type":"BreadcrumbList","@id":"https:\/\/www.fiscalia.gov.co\/colombia\/noticias\/destruida-pista-ilegal-que-era-utilizada-para-transportar-cocaina-hacia-el-pacifico-colombiano\/#breadcrumb","itemListElement":[{"@type":"ListItem","position":1,"name":"Home","item":"https:\/\/www.fiscalia.gov.co\/colombia\/"},{"@type":"ListItem","position":2,"name":"Destruida pista ilegal que era utilizada para transportar coca\u00edna hacia el Pac\u00edfico colombiano"}]},{"@type":"WebSite","@id":"https:\/\/www.fiscalia.gov.co\/colombia\/#website","url":"https:\/\/www.fiscalia.gov.co\/colombia\/","name":"Fiscal\u00eda General de la Naci\u00f3n","description":"P\u00e1gina oficial de la Fiscal\u00eda General de la Naci\u00f3n \u2013 Colombia. Garantizamos el acceso efectivo a la justicia, la verdad y la reparaci\u00f3n de las v\u00edctimas de los delitos.","publisher":{"@id":"https:\/\/www.fiscalia.gov.co\/colombia\/#organization"},"potentialAction":[{"@type":"SearchAction","target":{"@type":"EntryPoint","urlTemplate":"https:\/\/www.fiscalia.gov.co\/colombia\/?s={search_term_string}"},"query-input":{"@type":"PropertyValueSpecification","valueRequired":true,"valueName":"search_term_string"}}],"inLanguage":"es-CO"},{"@type":"Organization","@id":"https:\/\/www.fiscalia.gov.co\/colombia\/#organization","name":"Fiscal\u00eda General de la Naci\u00f3n","url":"https:\/\/www.fiscalia.gov.co\/colombia\/","logo":{"@type":"ImageObject","inLanguage":"es-CO","@id":"https:\/\/www.fiscalia.gov.co\/colombia\/#\/schema\/logo\/image\/","url":"https:\/\/www.fiscalia.gov.co\/colombia\/wp-content\/uploads\/LogoHorizontal_1.jpg","contentUrl":"https:\/\/www.fiscalia.gov.co\/colombia\/wp-content\/uploads\/LogoHorizontal_1.jpg","width":300,"height":90,"caption":"Fiscal\u00eda General de la Naci\u00f3n"},"image":{"@id":"https:\/\/www.fiscalia.gov.co\/colombia\/#\/schema\/logo\/image\/"},"sameAs":["https:\/\/www.facebook.com\/FiscaliaCol","https:\/\/x.com\/FiscaliaCol","https:\/\/www.instagram.com\/fiscaliacol","https:\/\/www.linkedin.com\/company\/fiscalia-general-de-la-naci-n\/","https:\/\/youtube.com\/@fiscaliageneraldelanacion-4668?si=6nN79nyQICPU5iTh"]},{"@type":"Person","@id":"https:\/\/www.fiscalia.gov.co\/colombia\/#\/schema\/person\/bf84402cf293a5393e9c70b111020b24","name":"Jordan Leandro Oviedo Anzola","image":{"@type":"ImageObject","inLanguage":"es-CO","@id":"https:\/\/www.fiscalia.gov.co\/colombia\/#\/schema\/person\/image\/","url":"https:\/\/secure.gravatar.com\/avatar\/dabba4346fa9b9207d96adafa8f92721?s=96&d=mm&r=g","contentUrl":"https:\/\/secure.gravatar.com\/avatar\/dabba4346fa9b9207d96adafa8f92721?s=96&d=mm&r=g","caption":"Jordan Leandro Oviedo Anzola"},"url":"https:\/\/www.fiscalia.gov.co\/colombia\/author\/joviedo\/"}]}},"_links":{"self":[{"href":"https:\/\/www.fiscalia.gov.co\/colombia\/wp-json\/wp\/v2\/posts\/250362","targetHints":{"allow":["GET"]}}],"collection":[{"href":"https:\/\/www.fiscalia.gov.co\/colombia\/wp-json\/wp\/v2\/posts"}],"about":[{"href":"https:\/\/www.fiscalia.gov.co\/colombia\/wp-json\/wp\/v2\/types\/post"}],"author":[{"embeddable":true,"href":"https:\/\/www.fiscalia.gov.co\/colombia\/wp-json\/wp\/v2\/users\/177"}],"replies":[{"embeddable":true,"href":"https:\/\/www.fiscalia.gov.co\/colombia\/wp-json\/wp\/v2\/comments?post=250362"}],"version-history":[{"count":1,"href":"https:\/\/www.fiscalia.gov.co\/colombia\/wp-json\/wp\/v2\/posts\/250362\/revisions"}],"predecessor-version":[{"id":250364,"href":"https:\/\/www.fiscalia.gov.co\/colombia\/wp-json\/wp\/v2\/posts\/250362\/revisions\/250364"}],"wp:attachment":[{"href":"https:\/\/www.fiscalia.gov.co\/colombia\/wp-json\/wp\/v2\/media?parent=250362"}],"wp:term":[{"taxonomy":"category","embeddable":true,"href":"https:\/\/www.fiscalia.gov.co\/colombia\/wp-json\/wp\/v2\/categories?post=250362"},{"taxonomy":"post_tag","embeddable":true,"href":"https:\/\/www.fiscalia.gov.co\/colombia\/wp-json\/wp\/v2\/tags?post=250362"}],"curies":[{"name":"wp","href":"https:\/\/api.w.org\/{rel}","templated":true}]}}