{"id":250307,"date":"2022-06-09T17:08:51","date_gmt":"2022-06-09T22:08:51","guid":{"rendered":"https:\/\/www.fiscalia.gov.co\/colombia\/?p=250307"},"modified":"2022-06-09T17:10:55","modified_gmt":"2022-06-09T22:10:55","slug":"programa-futuro-colombia-continua-con-la-ruta-del-nino-esta-vez-la-parada-fue-en-cienaga-de-oro","status":"publish","type":"post","link":"https:\/\/www.fiscalia.gov.co\/colombia\/noticias\/programa-futuro-colombia-continua-con-la-ruta-del-nino-esta-vez-la-parada-fue-en-cienaga-de-oro\/","title":{"rendered":"Programa Futuro Colombia contin\u00faa con la \u2018Ruta del Ni\u00f1o\u2019: \u00e9sta vez la parada fue en Ci\u00e9naga de Oro"},"content":{"rendered":"<h4 style=\"font-weight: 400;\"><strong><em>Cerca de 400 ni\u00f1os de los grados 6\u00ba a 11\u00ba disfrutaron de un espacio de acercamiento y socializaci\u00f3n mediante acciones de sensibilizaci\u00f3n para la prevenci\u00f3n de diversos delitos que afectan a ni\u00f1os, ni\u00f1as y adolescentes.<\/em><\/strong><\/h4>\n<p style=\"font-weight: 400;\">La Fiscal\u00eda contin\u00faa con sus recorridos itinerantes para llevar el mensaje de prevenci\u00f3n a diferentes regiones del pa\u00eds, especialmente para ni\u00f1os, ni\u00f1as, adolescentes y mujeres y as\u00ed evitar delitos sexuales y violencia intrafamiliar en hogares y entornos escolares.<\/p>\n<p style=\"font-weight: 400;\">\u00c9sta vez el turno fue para el municipio de Ci\u00e9naga de Oro, hasta donde lleg\u00f3 el programa Futuro Colombia con la \u2018Ruta del ni\u00f1o\u2019 donde cerca de 400 ni\u00f1os de la Instituci\u00f3n Educativa San Isidro recibieron sensibilizaci\u00f3n, mitigaci\u00f3n del delito y promoci\u00f3n del acceso a la justicia a trav\u00e9s de juegos y actividades dirigidas para evitar ser v\u00edctimas de los m\u00faltiples delitos que aquejan a la ni\u00f1ez.<\/p>\n<p style=\"font-weight: 400;\">Los riesgos en las redes, la importancia de tener una comunicaci\u00f3n contin\u00faa con los familiares, la violencia sexual, las l\u00edneas de atenci\u00f3n en caso de ser v\u00edctima de un delito, los estupefacientes y el sistema de responsabilidad penal para adolescentes, fueron algunos de los temas presentados a la comunidad educativa de 6\u00ba a 11\u00ba.<\/p>\n<figure id=\"attachment_250309\" aria-describedby=\"caption-attachment-250309\" style=\"width: 696px\" class=\"wp-caption aligncenter\"><img loading=\"lazy\" decoding=\"async\" class=\"size-large wp-image-250309\" src=\"https:\/\/www.fiscalia.gov.co\/colombia\/wp-content\/uploads\/Foto-1-Ruta-del-Nino-Cordoba-1024x576.jpeg\" alt=\"\" width=\"696\" height=\"392\" srcset=\"https:\/\/www.fiscalia.gov.co\/colombia\/wp-content\/uploads\/Foto-1-Ruta-del-Nino-Cordoba-1024x576.jpeg 1024w, https:\/\/www.fiscalia.gov.co\/colombia\/wp-content\/uploads\/Foto-1-Ruta-del-Nino-Cordoba-300x169.jpeg 300w, https:\/\/www.fiscalia.gov.co\/colombia\/wp-content\/uploads\/Foto-1-Ruta-del-Nino-Cordoba-768x432.jpeg 768w, https:\/\/www.fiscalia.gov.co\/colombia\/wp-content\/uploads\/Foto-1-Ruta-del-Nino-Cordoba-696x392.jpeg 696w, https:\/\/www.fiscalia.gov.co\/colombia\/wp-content\/uploads\/Foto-1-Ruta-del-Nino-Cordoba-1068x601.jpeg 1068w, https:\/\/www.fiscalia.gov.co\/colombia\/wp-content\/uploads\/Foto-1-Ruta-del-Nino-Cordoba-747x420.jpeg 747w, https:\/\/www.fiscalia.gov.co\/colombia\/wp-content\/uploads\/Foto-1-Ruta-del-Nino-Cordoba.jpeg 1280w\" sizes=\"auto, (max-width: 696px) 100vw, 696px\" \/><figcaption id=\"caption-attachment-250309\" class=\"wp-caption-text\">En la jornada participaron m\u00e1s de 400 ni\u00f1os de 6\u00ba a 11\u00ba grado.<\/figcaption><\/figure>\n<p style=\"font-weight: 400;\">El mensaje, que se transmiti\u00f3 por medio de juegos, actividades l\u00fadico-pedag\u00f3gicas, v\u00eddeos y con la exposici\u00f3n de la funcionaria de Futuro Colombia, fue bien aceptado por ni\u00f1os, ni\u00f1as y adolescentes, as\u00ed como por sus profesores, quienes recibieron herramientas para identificar cuando un ni\u00f1o es vulnerable a alguno de estos delitos.<\/p>\n<figure id=\"attachment_250312\" aria-describedby=\"caption-attachment-250312\" style=\"width: 696px\" class=\"wp-caption aligncenter\"><img loading=\"lazy\" decoding=\"async\" class=\"size-large wp-image-250312\" src=\"https:\/\/www.fiscalia.gov.co\/colombia\/wp-content\/uploads\/Foto-2-Ruta-del-Nino-Cordoba-1024x576.jpeg\" alt=\"\" width=\"696\" height=\"392\" srcset=\"https:\/\/www.fiscalia.gov.co\/colombia\/wp-content\/uploads\/Foto-2-Ruta-del-Nino-Cordoba-1024x576.jpeg 1024w, https:\/\/www.fiscalia.gov.co\/colombia\/wp-content\/uploads\/Foto-2-Ruta-del-Nino-Cordoba-300x169.jpeg 300w, https:\/\/www.fiscalia.gov.co\/colombia\/wp-content\/uploads\/Foto-2-Ruta-del-Nino-Cordoba-768x432.jpeg 768w, https:\/\/www.fiscalia.gov.co\/colombia\/wp-content\/uploads\/Foto-2-Ruta-del-Nino-Cordoba-696x392.jpeg 696w, https:\/\/www.fiscalia.gov.co\/colombia\/wp-content\/uploads\/Foto-2-Ruta-del-Nino-Cordoba-1068x601.jpeg 1068w, https:\/\/www.fiscalia.gov.co\/colombia\/wp-content\/uploads\/Foto-2-Ruta-del-Nino-Cordoba-747x420.jpeg 747w, https:\/\/www.fiscalia.gov.co\/colombia\/wp-content\/uploads\/Foto-2-Ruta-del-Nino-Cordoba.jpeg 1280w\" sizes=\"auto, (max-width: 696px) 100vw, 696px\" \/><figcaption id=\"caption-attachment-250312\" class=\"wp-caption-text\">En la jornada los estudiantes los aprendieron sobre prevenci\u00f3n de delitos.<\/figcaption><\/figure>\n<p style=\"font-weight: 400;\">A su vez, dentro de la jornada, se les entregaron regalos \u00fatiles a los ni\u00f1os por su participaci\u00f3n en las actividades como esferos, l\u00e1pices, borradores, sombreros, vasos, botilitos y reglas, entre otros objetos.<\/p>\n<p style=\"font-weight: 400;\">La Ruta del Ni\u00f1o continuar\u00e1 visitando municipios de C\u00f3rdoba a lo largo del a\u00f1o.<\/p>\n<p style=\"font-weight: 400;\">La Fiscal\u00eda General de la Naci\u00f3n habla con resultados.<\/p>\n<p><strong>Le puede interesar:<\/strong><\/p>\n<p><a href=\"https:\/\/www.fiscalia.gov.co\/colombia\/noticias\/estrategia-ruta-del-nino-de-la-fiscalia-llego-a-mas-de-5-mil-ninos-en-sucre\/\" data-saferedirecturl=\"https:\/\/www.google.com\/url?q=https:\/\/www.fiscalia.gov.co\/colombia\/noticias\/estrategia-ruta-del-nino-de-la-fiscalia-llego-a-mas-de-5-mil-ninos-en-sucre\/&amp;source=gmail&amp;ust=1654898640408000&amp;usg=AOvVaw1WMEySS_WuoAH5gjafIT4c\">Estrategia \u2018Ruta del Ni\u00f1o\u2019 de la Fiscal\u00eda lleg\u00f3 a m\u00e1s de 5 mil ni\u00f1os en Sucre<\/a><\/p>\n<p><a href=\"https:\/\/www.fiscalia.gov.co\/colombia\/noticias\/ruta-itinerante-llego-a-varios-municipios-de-sucre\/\" data-saferedirecturl=\"https:\/\/www.google.com\/url?q=https:\/\/www.fiscalia.gov.co\/colombia\/noticias\/ruta-itinerante-llego-a-varios-municipios-de-sucre\/&amp;source=gmail&amp;ust=1654898640408000&amp;usg=AOvVaw1HOnM39pfnpGpuHmfEXgfv\">Ruta itinerante lleg\u00f3 a varios municipios de Sucre<\/a><\/p>\n<p>&nbsp;<\/p>\n<p>&nbsp;<\/p>\n<p style=\"font-weight: 400;\">VHGB\/FAGH\/DPV\/CDSC<\/p>\n<p>&nbsp;<\/p>\n<p>&nbsp;<\/p>\n<p>&nbsp;<\/p>\n<p><em>La informaci\u00f3n contenida en este bolet\u00edn de prensa corresponde a la narraci\u00f3n de los hechos noticiosos objetivos, suministrados por los funcionarios encargados de adelantar las investigaciones penales al interior de la Fiscal\u00eda General de la Naci\u00f3n. Para el momento de la divulgaci\u00f3n de este comunicado, la situaci\u00f3n jur\u00eddica de la(s) persona(s) relacionada(s) se encuentra pendiente de resolver por la autoridad judicial competente, siempre bajo los preceptos de la presunci\u00f3n de inocencia, consagrados en el art\u00edculo 29 de la Constituci\u00f3n Pol\u00edtica y el art\u00edculo 7\u00ba de la Ley 906 de 2004.<\/em><\/p>\n\n<div class=\"twitter-share\"><a href=\"https:\/\/twitter.com\/intent\/tweet?via=fiscaliacol\" class=\"twitter-share-button\">Tweet<\/a><\/div>\n","protected":false},"excerpt":{"rendered":"<p>Cerca de 400 ni\u00f1os de los grados 6\u00ba a 11\u00ba disfrutaron de un espacio de acercamiento y socializaci\u00f3n mediante acciones de sensibilizaci\u00f3n para la prevenci\u00f3n de diversos delitos que afectan a ni\u00f1os, ni\u00f1as y adolescentes. La Fiscal\u00eda contin\u00faa con sus recorridos itinerantes para llevar el mensaje de prevenci\u00f3n a diferentes regiones del pa\u00eds, especialmente para [&hellip;]<\/p>\n","protected":false},"author":177,"featured_media":0,"comment_status":"closed","ping_status":"open","sticky":false,"template":"","format":"standard","meta":{"_price":"","_stock":"","_tribe_ticket_header":"","_tribe_default_ticket_provider":"","_tribe_ticket_capacity":"0","_ticket_start_date":"","_ticket_end_date":"","_tribe_ticket_show_description":"","_tribe_ticket_show_not_going":false,"_tribe_ticket_use_global_stock":"","_tribe_ticket_global_stock_level":"","_global_stock_mode":"","_global_stock_cap":"","_tribe_rsvp_for_event":"","_tribe_ticket_going_count":"","_tribe_ticket_not_going_count":"","_tribe_tickets_list":"[]","_tribe_ticket_has_attendee_info_fields":false,"tdm_status":"","tdm_grid_status":"","footnotes":""},"categories":[1,332,303],"tags":[13949,13531,24187,1047,4011,27117,31583,29705],"class_list":{"0":"post-250307","1":"post","2":"type-post","3":"status-publish","4":"format-standard","6":"category-noticias","7":"category-seccional-monteria","8":"category-seccionales","9":"tag-cienaga-de-oro","10":"tag-cordoba","11":"tag-fiscalia-colombia","12":"tag-fiscalia-general-de-la-nacion","13":"tag-futuro-colombia","14":"tag-monteria-cordoba","15":"tag-ruta-del-nino","16":"tag-ruta-itinerante"},"yoast_head":"<!-- This site is optimized with the Yoast SEO plugin v24.3 - https:\/\/yoast.com\/wordpress\/plugins\/seo\/ -->\n<title>Fiscal\u00eda General de la Naci\u00f3n<\/title>\n<meta name=\"description\" content=\"P\u00e1gina oficial de la Fiscal\u00eda General de la Naci\u00f3n \u2013 Colombia. Garantizamos el acceso efectivo a la justicia, la verdad y la reparaci\u00f3n de las v\u00edctimas de los delitos.\" \/>\n<meta name=\"robots\" content=\"noindex, follow\" \/>\n<meta property=\"og:locale\" content=\"es_ES\" \/>\n<meta property=\"og:type\" content=\"article\" \/>\n<meta property=\"og:title\" content=\"Fiscal\u00eda General de la Naci\u00f3n\" \/>\n<meta property=\"og:description\" content=\"P\u00e1gina oficial de la Fiscal\u00eda General de la Naci\u00f3n \u2013 Colombia. Garantizamos el acceso efectivo a la justicia, la verdad y la reparaci\u00f3n de las v\u00edctimas de los delitos.\" \/>\n<meta property=\"og:url\" content=\"https:\/\/www.fiscalia.gov.co\/colombia\/noticias\/programa-futuro-colombia-continua-con-la-ruta-del-nino-esta-vez-la-parada-fue-en-cienaga-de-oro\/\" \/>\n<meta property=\"og:site_name\" content=\"Fiscal\u00eda General de la Naci\u00f3n\" \/>\n<meta property=\"article:publisher\" content=\"https:\/\/www.facebook.com\/FiscaliaCol\" \/>\n<meta property=\"article:published_time\" content=\"2022-06-09T22:08:51+00:00\" \/>\n<meta property=\"article:modified_time\" content=\"2022-06-09T22:10:55+00:00\" \/>\n<meta property=\"og:image\" content=\"https:\/\/www.fiscalia.gov.co\/colombia\/wp-content\/uploads\/Foto-1-Ruta-del-Nino-Cordoba-1024x576.jpeg\" \/>\n<meta name=\"author\" content=\"Jordan Leandro Oviedo Anzola\" \/>\n<meta name=\"twitter:card\" content=\"summary_large_image\" \/>\n<meta name=\"twitter:creator\" content=\"@FiscaliaCol\" \/>\n<meta name=\"twitter:site\" content=\"@FiscaliaCol\" \/>\n<meta name=\"twitter:label1\" content=\"Escrito por\" \/>\n\t<meta name=\"twitter:data1\" content=\"Jordan Leandro Oviedo Anzola\" \/>\n\t<meta name=\"twitter:label2\" content=\"Tiempo de lectura\" \/>\n\t<meta name=\"twitter:data2\" content=\"3 minutos\" \/>\n<script type=\"application\/ld+json\" class=\"yoast-schema-graph\">{\"@context\":\"https:\/\/schema.org\",\"@graph\":[{\"@type\":\"Article\",\"@id\":\"https:\/\/www.fiscalia.gov.co\/colombia\/noticias\/programa-futuro-colombia-continua-con-la-ruta-del-nino-esta-vez-la-parada-fue-en-cienaga-de-oro\/#article\",\"isPartOf\":{\"@id\":\"https:\/\/www.fiscalia.gov.co\/colombia\/noticias\/programa-futuro-colombia-continua-con-la-ruta-del-nino-esta-vez-la-parada-fue-en-cienaga-de-oro\/\"},\"author\":{\"name\":\"Jordan Leandro Oviedo Anzola\",\"@id\":\"https:\/\/www.fiscalia.gov.co\/colombia\/#\/schema\/person\/bf84402cf293a5393e9c70b111020b24\"},\"headline\":\"Programa Futuro Colombia contin\u00faa con la \u2018Ruta del Ni\u00f1o\u2019: \u00e9sta vez la parada fue en Ci\u00e9naga de Oro\",\"datePublished\":\"2022-06-09T22:08:51+00:00\",\"dateModified\":\"2022-06-09T22:10:55+00:00\",\"mainEntityOfPage\":{\"@id\":\"https:\/\/www.fiscalia.gov.co\/colombia\/noticias\/programa-futuro-colombia-continua-con-la-ruta-del-nino-esta-vez-la-parada-fue-en-cienaga-de-oro\/\"},\"wordCount\":537,\"publisher\":{\"@id\":\"https:\/\/www.fiscalia.gov.co\/colombia\/#organization\"},\"image\":{\"@id\":\"https:\/\/www.fiscalia.gov.co\/colombia\/noticias\/programa-futuro-colombia-continua-con-la-ruta-del-nino-esta-vez-la-parada-fue-en-cienaga-de-oro\/#primaryimage\"},\"thumbnailUrl\":\"https:\/\/www.fiscalia.gov.co\/colombia\/wp-content\/uploads\/Foto-1-Ruta-del-Nino-Cordoba-1024x576.jpeg\",\"keywords\":[\"Ci\u00e9naga de Oro\",\"C\u00f3rdoba\",\"Fiscal\u00eda Colombia\",\"Fiscal\u00eda General de la Naci\u00f3n\",\"Futuro Colombia\",\"Monter\u00eda -C\u00f3rdoba\",\"Ruta del Ni\u00f1o\",\"ruta itinerante\"],\"articleSection\":[\"Noticias\",\"Seccional Monter\u00eda\",\"Seccionales\"],\"inLanguage\":\"es-CO\"},{\"@type\":\"WebPage\",\"@id\":\"https:\/\/www.fiscalia.gov.co\/colombia\/noticias\/programa-futuro-colombia-continua-con-la-ruta-del-nino-esta-vez-la-parada-fue-en-cienaga-de-oro\/\",\"url\":\"https:\/\/www.fiscalia.gov.co\/colombia\/noticias\/programa-futuro-colombia-continua-con-la-ruta-del-nino-esta-vez-la-parada-fue-en-cienaga-de-oro\/\",\"name\":\"Fiscal\u00eda General de la Naci\u00f3n\",\"isPartOf\":{\"@id\":\"https:\/\/www.fiscalia.gov.co\/colombia\/#website\"},\"primaryImageOfPage\":{\"@id\":\"https:\/\/www.fiscalia.gov.co\/colombia\/noticias\/programa-futuro-colombia-continua-con-la-ruta-del-nino-esta-vez-la-parada-fue-en-cienaga-de-oro\/#primaryimage\"},\"image\":{\"@id\":\"https:\/\/www.fiscalia.gov.co\/colombia\/noticias\/programa-futuro-colombia-continua-con-la-ruta-del-nino-esta-vez-la-parada-fue-en-cienaga-de-oro\/#primaryimage\"},\"thumbnailUrl\":\"https:\/\/www.fiscalia.gov.co\/colombia\/wp-content\/uploads\/Foto-1-Ruta-del-Nino-Cordoba-1024x576.jpeg\",\"datePublished\":\"2022-06-09T22:08:51+00:00\",\"dateModified\":\"2022-06-09T22:10:55+00:00\",\"description\":\"P\u00e1gina oficial de la Fiscal\u00eda General de la Naci\u00f3n \u2013 Colombia. Garantizamos el acceso efectivo a la justicia, la verdad y la reparaci\u00f3n de las v\u00edctimas de los delitos.\",\"breadcrumb\":{\"@id\":\"https:\/\/www.fiscalia.gov.co\/colombia\/noticias\/programa-futuro-colombia-continua-con-la-ruta-del-nino-esta-vez-la-parada-fue-en-cienaga-de-oro\/#breadcrumb\"},\"inLanguage\":\"es-CO\",\"potentialAction\":[{\"@type\":\"ReadAction\",\"target\":[\"https:\/\/www.fiscalia.gov.co\/colombia\/noticias\/programa-futuro-colombia-continua-con-la-ruta-del-nino-esta-vez-la-parada-fue-en-cienaga-de-oro\/\"]}]},{\"@type\":\"ImageObject\",\"inLanguage\":\"es-CO\",\"@id\":\"https:\/\/www.fiscalia.gov.co\/colombia\/noticias\/programa-futuro-colombia-continua-con-la-ruta-del-nino-esta-vez-la-parada-fue-en-cienaga-de-oro\/#primaryimage\",\"url\":\"https:\/\/www.fiscalia.gov.co\/colombia\/wp-content\/uploads\/Foto-1-Ruta-del-Nino-Cordoba-1024x576.jpeg\",\"contentUrl\":\"https:\/\/www.fiscalia.gov.co\/colombia\/wp-content\/uploads\/Foto-1-Ruta-del-Nino-Cordoba-1024x576.jpeg\"},{\"@type\":\"BreadcrumbList\",\"@id\":\"https:\/\/www.fiscalia.gov.co\/colombia\/noticias\/programa-futuro-colombia-continua-con-la-ruta-del-nino-esta-vez-la-parada-fue-en-cienaga-de-oro\/#breadcrumb\",\"itemListElement\":[{\"@type\":\"ListItem\",\"position\":1,\"name\":\"Home\",\"item\":\"https:\/\/www.fiscalia.gov.co\/colombia\/\"},{\"@type\":\"ListItem\",\"position\":2,\"name\":\"Programa Futuro Colombia contin\u00faa con la \u2018Ruta del Ni\u00f1o\u2019: \u00e9sta vez la parada fue en Ci\u00e9naga de Oro\"}]},{\"@type\":\"WebSite\",\"@id\":\"https:\/\/www.fiscalia.gov.co\/colombia\/#website\",\"url\":\"https:\/\/www.fiscalia.gov.co\/colombia\/\",\"name\":\"Fiscal\u00eda General de la Naci\u00f3n\",\"description\":\"P\u00e1gina oficial de la Fiscal\u00eda General de la Naci\u00f3n \u2013 Colombia. Garantizamos el acceso efectivo a la justicia, la verdad y la reparaci\u00f3n de las v\u00edctimas de los delitos.\",\"publisher\":{\"@id\":\"https:\/\/www.fiscalia.gov.co\/colombia\/#organization\"},\"potentialAction\":[{\"@type\":\"SearchAction\",\"target\":{\"@type\":\"EntryPoint\",\"urlTemplate\":\"https:\/\/www.fiscalia.gov.co\/colombia\/?s={search_term_string}\"},\"query-input\":{\"@type\":\"PropertyValueSpecification\",\"valueRequired\":true,\"valueName\":\"search_term_string\"}}],\"inLanguage\":\"es-CO\"},{\"@type\":\"Organization\",\"@id\":\"https:\/\/www.fiscalia.gov.co\/colombia\/#organization\",\"name\":\"Fiscal\u00eda General de la Naci\u00f3n\",\"url\":\"https:\/\/www.fiscalia.gov.co\/colombia\/\",\"logo\":{\"@type\":\"ImageObject\",\"inLanguage\":\"es-CO\",\"@id\":\"https:\/\/www.fiscalia.gov.co\/colombia\/#\/schema\/logo\/image\/\",\"url\":\"https:\/\/www.fiscalia.gov.co\/colombia\/wp-content\/uploads\/LogoHorizontal_1.jpg\",\"contentUrl\":\"https:\/\/www.fiscalia.gov.co\/colombia\/wp-content\/uploads\/LogoHorizontal_1.jpg\",\"width\":300,\"height\":90,\"caption\":\"Fiscal\u00eda General de la Naci\u00f3n\"},\"image\":{\"@id\":\"https:\/\/www.fiscalia.gov.co\/colombia\/#\/schema\/logo\/image\/\"},\"sameAs\":[\"https:\/\/www.facebook.com\/FiscaliaCol\",\"https:\/\/x.com\/FiscaliaCol\",\"https:\/\/www.instagram.com\/fiscaliacol\",\"https:\/\/www.linkedin.com\/company\/fiscalia-general-de-la-naci-n\/\",\"https:\/\/youtube.com\/@fiscaliageneraldelanacion-4668?si=6nN79nyQICPU5iTh\"]},{\"@type\":\"Person\",\"@id\":\"https:\/\/www.fiscalia.gov.co\/colombia\/#\/schema\/person\/bf84402cf293a5393e9c70b111020b24\",\"name\":\"Jordan Leandro Oviedo Anzola\",\"image\":{\"@type\":\"ImageObject\",\"inLanguage\":\"es-CO\",\"@id\":\"https:\/\/www.fiscalia.gov.co\/colombia\/#\/schema\/person\/image\/\",\"url\":\"https:\/\/secure.gravatar.com\/avatar\/dabba4346fa9b9207d96adafa8f92721?s=96&d=mm&r=g\",\"contentUrl\":\"https:\/\/secure.gravatar.com\/avatar\/dabba4346fa9b9207d96adafa8f92721?s=96&d=mm&r=g\",\"caption\":\"Jordan Leandro Oviedo Anzola\"},\"url\":\"https:\/\/www.fiscalia.gov.co\/colombia\/author\/joviedo\/\"}]}<\/script>\n<!-- \/ Yoast SEO plugin. -->","yoast_head_json":{"title":"Fiscal\u00eda General de la Naci\u00f3n","description":"P\u00e1gina oficial de la Fiscal\u00eda General de la Naci\u00f3n \u2013 Colombia. Garantizamos el acceso efectivo a la justicia, la verdad y la reparaci\u00f3n de las v\u00edctimas de los delitos.","robots":{"index":"noindex","follow":"follow"},"og_locale":"es_ES","og_type":"article","og_title":"Fiscal\u00eda General de la Naci\u00f3n","og_description":"P\u00e1gina oficial de la Fiscal\u00eda General de la Naci\u00f3n \u2013 Colombia. Garantizamos el acceso efectivo a la justicia, la verdad y la reparaci\u00f3n de las v\u00edctimas de los delitos.","og_url":"https:\/\/www.fiscalia.gov.co\/colombia\/noticias\/programa-futuro-colombia-continua-con-la-ruta-del-nino-esta-vez-la-parada-fue-en-cienaga-de-oro\/","og_site_name":"Fiscal\u00eda General de la Naci\u00f3n","article_publisher":"https:\/\/www.facebook.com\/FiscaliaCol","article_published_time":"2022-06-09T22:08:51+00:00","article_modified_time":"2022-06-09T22:10:55+00:00","og_image":[{"url":"https:\/\/www.fiscalia.gov.co\/colombia\/wp-content\/uploads\/Foto-1-Ruta-del-Nino-Cordoba-1024x576.jpeg","type":"","width":"","height":""}],"author":"Jordan Leandro Oviedo Anzola","twitter_card":"summary_large_image","twitter_creator":"@FiscaliaCol","twitter_site":"@FiscaliaCol","twitter_misc":{"Escrito por":"Jordan Leandro Oviedo Anzola","Tiempo de lectura":"3 minutos"},"schema":{"@context":"https:\/\/schema.org","@graph":[{"@type":"Article","@id":"https:\/\/www.fiscalia.gov.co\/colombia\/noticias\/programa-futuro-colombia-continua-con-la-ruta-del-nino-esta-vez-la-parada-fue-en-cienaga-de-oro\/#article","isPartOf":{"@id":"https:\/\/www.fiscalia.gov.co\/colombia\/noticias\/programa-futuro-colombia-continua-con-la-ruta-del-nino-esta-vez-la-parada-fue-en-cienaga-de-oro\/"},"author":{"name":"Jordan Leandro Oviedo Anzola","@id":"https:\/\/www.fiscalia.gov.co\/colombia\/#\/schema\/person\/bf84402cf293a5393e9c70b111020b24"},"headline":"Programa Futuro Colombia contin\u00faa con la \u2018Ruta del Ni\u00f1o\u2019: \u00e9sta vez la parada fue en Ci\u00e9naga de Oro","datePublished":"2022-06-09T22:08:51+00:00","dateModified":"2022-06-09T22:10:55+00:00","mainEntityOfPage":{"@id":"https:\/\/www.fiscalia.gov.co\/colombia\/noticias\/programa-futuro-colombia-continua-con-la-ruta-del-nino-esta-vez-la-parada-fue-en-cienaga-de-oro\/"},"wordCount":537,"publisher":{"@id":"https:\/\/www.fiscalia.gov.co\/colombia\/#organization"},"image":{"@id":"https:\/\/www.fiscalia.gov.co\/colombia\/noticias\/programa-futuro-colombia-continua-con-la-ruta-del-nino-esta-vez-la-parada-fue-en-cienaga-de-oro\/#primaryimage"},"thumbnailUrl":"https:\/\/www.fiscalia.gov.co\/colombia\/wp-content\/uploads\/Foto-1-Ruta-del-Nino-Cordoba-1024x576.jpeg","keywords":["Ci\u00e9naga de Oro","C\u00f3rdoba","Fiscal\u00eda Colombia","Fiscal\u00eda General de la Naci\u00f3n","Futuro Colombia","Monter\u00eda -C\u00f3rdoba","Ruta del Ni\u00f1o","ruta itinerante"],"articleSection":["Noticias","Seccional Monter\u00eda","Seccionales"],"inLanguage":"es-CO"},{"@type":"WebPage","@id":"https:\/\/www.fiscalia.gov.co\/colombia\/noticias\/programa-futuro-colombia-continua-con-la-ruta-del-nino-esta-vez-la-parada-fue-en-cienaga-de-oro\/","url":"https:\/\/www.fiscalia.gov.co\/colombia\/noticias\/programa-futuro-colombia-continua-con-la-ruta-del-nino-esta-vez-la-parada-fue-en-cienaga-de-oro\/","name":"Fiscal\u00eda General de la Naci\u00f3n","isPartOf":{"@id":"https:\/\/www.fiscalia.gov.co\/colombia\/#website"},"primaryImageOfPage":{"@id":"https:\/\/www.fiscalia.gov.co\/colombia\/noticias\/programa-futuro-colombia-continua-con-la-ruta-del-nino-esta-vez-la-parada-fue-en-cienaga-de-oro\/#primaryimage"},"image":{"@id":"https:\/\/www.fiscalia.gov.co\/colombia\/noticias\/programa-futuro-colombia-continua-con-la-ruta-del-nino-esta-vez-la-parada-fue-en-cienaga-de-oro\/#primaryimage"},"thumbnailUrl":"https:\/\/www.fiscalia.gov.co\/colombia\/wp-content\/uploads\/Foto-1-Ruta-del-Nino-Cordoba-1024x576.jpeg","datePublished":"2022-06-09T22:08:51+00:00","dateModified":"2022-06-09T22:10:55+00:00","description":"P\u00e1gina oficial de la Fiscal\u00eda General de la Naci\u00f3n \u2013 Colombia. Garantizamos el acceso efectivo a la justicia, la verdad y la reparaci\u00f3n de las v\u00edctimas de los delitos.","breadcrumb":{"@id":"https:\/\/www.fiscalia.gov.co\/colombia\/noticias\/programa-futuro-colombia-continua-con-la-ruta-del-nino-esta-vez-la-parada-fue-en-cienaga-de-oro\/#breadcrumb"},"inLanguage":"es-CO","potentialAction":[{"@type":"ReadAction","target":["https:\/\/www.fiscalia.gov.co\/colombia\/noticias\/programa-futuro-colombia-continua-con-la-ruta-del-nino-esta-vez-la-parada-fue-en-cienaga-de-oro\/"]}]},{"@type":"ImageObject","inLanguage":"es-CO","@id":"https:\/\/www.fiscalia.gov.co\/colombia\/noticias\/programa-futuro-colombia-continua-con-la-ruta-del-nino-esta-vez-la-parada-fue-en-cienaga-de-oro\/#primaryimage","url":"https:\/\/www.fiscalia.gov.co\/colombia\/wp-content\/uploads\/Foto-1-Ruta-del-Nino-Cordoba-1024x576.jpeg","contentUrl":"https:\/\/www.fiscalia.gov.co\/colombia\/wp-content\/uploads\/Foto-1-Ruta-del-Nino-Cordoba-1024x576.jpeg"},{"@type":"BreadcrumbList","@id":"https:\/\/www.fiscalia.gov.co\/colombia\/noticias\/programa-futuro-colombia-continua-con-la-ruta-del-nino-esta-vez-la-parada-fue-en-cienaga-de-oro\/#breadcrumb","itemListElement":[{"@type":"ListItem","position":1,"name":"Home","item":"https:\/\/www.fiscalia.gov.co\/colombia\/"},{"@type":"ListItem","position":2,"name":"Programa Futuro Colombia contin\u00faa con la \u2018Ruta del Ni\u00f1o\u2019: \u00e9sta vez la parada fue en Ci\u00e9naga de Oro"}]},{"@type":"WebSite","@id":"https:\/\/www.fiscalia.gov.co\/colombia\/#website","url":"https:\/\/www.fiscalia.gov.co\/colombia\/","name":"Fiscal\u00eda General de la Naci\u00f3n","description":"P\u00e1gina oficial de la Fiscal\u00eda General de la Naci\u00f3n \u2013 Colombia. Garantizamos el acceso efectivo a la justicia, la verdad y la reparaci\u00f3n de las v\u00edctimas de los delitos.","publisher":{"@id":"https:\/\/www.fiscalia.gov.co\/colombia\/#organization"},"potentialAction":[{"@type":"SearchAction","target":{"@type":"EntryPoint","urlTemplate":"https:\/\/www.fiscalia.gov.co\/colombia\/?s={search_term_string}"},"query-input":{"@type":"PropertyValueSpecification","valueRequired":true,"valueName":"search_term_string"}}],"inLanguage":"es-CO"},{"@type":"Organization","@id":"https:\/\/www.fiscalia.gov.co\/colombia\/#organization","name":"Fiscal\u00eda General de la Naci\u00f3n","url":"https:\/\/www.fiscalia.gov.co\/colombia\/","logo":{"@type":"ImageObject","inLanguage":"es-CO","@id":"https:\/\/www.fiscalia.gov.co\/colombia\/#\/schema\/logo\/image\/","url":"https:\/\/www.fiscalia.gov.co\/colombia\/wp-content\/uploads\/LogoHorizontal_1.jpg","contentUrl":"https:\/\/www.fiscalia.gov.co\/colombia\/wp-content\/uploads\/LogoHorizontal_1.jpg","width":300,"height":90,"caption":"Fiscal\u00eda General de la Naci\u00f3n"},"image":{"@id":"https:\/\/www.fiscalia.gov.co\/colombia\/#\/schema\/logo\/image\/"},"sameAs":["https:\/\/www.facebook.com\/FiscaliaCol","https:\/\/x.com\/FiscaliaCol","https:\/\/www.instagram.com\/fiscaliacol","https:\/\/www.linkedin.com\/company\/fiscalia-general-de-la-naci-n\/","https:\/\/youtube.com\/@fiscaliageneraldelanacion-4668?si=6nN79nyQICPU5iTh"]},{"@type":"Person","@id":"https:\/\/www.fiscalia.gov.co\/colombia\/#\/schema\/person\/bf84402cf293a5393e9c70b111020b24","name":"Jordan Leandro Oviedo Anzola","image":{"@type":"ImageObject","inLanguage":"es-CO","@id":"https:\/\/www.fiscalia.gov.co\/colombia\/#\/schema\/person\/image\/","url":"https:\/\/secure.gravatar.com\/avatar\/dabba4346fa9b9207d96adafa8f92721?s=96&d=mm&r=g","contentUrl":"https:\/\/secure.gravatar.com\/avatar\/dabba4346fa9b9207d96adafa8f92721?s=96&d=mm&r=g","caption":"Jordan Leandro Oviedo Anzola"},"url":"https:\/\/www.fiscalia.gov.co\/colombia\/author\/joviedo\/"}]}},"_links":{"self":[{"href":"https:\/\/www.fiscalia.gov.co\/colombia\/wp-json\/wp\/v2\/posts\/250307","targetHints":{"allow":["GET"]}}],"collection":[{"href":"https:\/\/www.fiscalia.gov.co\/colombia\/wp-json\/wp\/v2\/posts"}],"about":[{"href":"https:\/\/www.fiscalia.gov.co\/colombia\/wp-json\/wp\/v2\/types\/post"}],"author":[{"embeddable":true,"href":"https:\/\/www.fiscalia.gov.co\/colombia\/wp-json\/wp\/v2\/users\/177"}],"replies":[{"embeddable":true,"href":"https:\/\/www.fiscalia.gov.co\/colombia\/wp-json\/wp\/v2\/comments?post=250307"}],"version-history":[{"count":3,"href":"https:\/\/www.fiscalia.gov.co\/colombia\/wp-json\/wp\/v2\/posts\/250307\/revisions"}],"predecessor-version":[{"id":250310,"href":"https:\/\/www.fiscalia.gov.co\/colombia\/wp-json\/wp\/v2\/posts\/250307\/revisions\/250310"}],"wp:attachment":[{"href":"https:\/\/www.fiscalia.gov.co\/colombia\/wp-json\/wp\/v2\/media?parent=250307"}],"wp:term":[{"taxonomy":"category","embeddable":true,"href":"https:\/\/www.fiscalia.gov.co\/colombia\/wp-json\/wp\/v2\/categories?post=250307"},{"taxonomy":"post_tag","embeddable":true,"href":"https:\/\/www.fiscalia.gov.co\/colombia\/wp-json\/wp\/v2\/tags?post=250307"}],"curies":[{"name":"wp","href":"https:\/\/api.w.org\/{rel}","templated":true}]}}