{"id":250271,"date":"2022-06-09T17:10:36","date_gmt":"2022-06-09T22:10:36","guid":{"rendered":"https:\/\/www.fiscalia.gov.co\/colombia\/?p=250271"},"modified":"2022-06-09T17:16:16","modified_gmt":"2022-06-09T22:16:16","slug":"fiscalia-judicializo-a-presunto-cabecilla-del-clan-del-golfo-que-habria-ordenado-triple-homicidio-en-betania-antioquia-2","status":"publish","type":"post","link":"https:\/\/www.fiscalia.gov.co\/colombia\/hechos-concretos\/fiscalia-judicializo-a-presunto-cabecilla-del-clan-del-golfo-que-habria-ordenado-triple-homicidio-en-betania-antioquia-2\/","title":{"rendered":"Fiscal\u00eda judicializ\u00f3 a presunto cabecilla del \u2018Clan del Golfo\u2019 que habr\u00eda ordenado triple homicidio en Betania, Antioquia"},"content":{"rendered":"<p><strong>Fuente: La FM<\/strong><\/p>\n<p>La Fiscal\u00eda General de la Naci\u00f3n present\u00f3 un contundente material probatorio contra Andr\u00e9s Felipe Morales Mar\u00edn, alias &#8216;carne rancia&#8217;, supuesto cabecilla de la subestructura suroeste del &#8216;Clan del Golfo&#8217; y quien habr\u00eda ordenado desde una c\u00e1rcel en la que permanece, el homicidio de tres personas ocurrido el 10 de enero de 2021 en Betania (Antioquia).<\/p>\n<p>Seg\u00fan se conoci\u00f3, desde julio de 2017 estaba privado de la libertad por su presunta responsabilidad en los delitos de concierto para delinquir y tr\u00e1fico de estupefacientes.<\/p>\n<p>Un fiscal de la Unidad Especial de Investigaci\u00f3n (UEI), revel\u00f3 ante un juez penal municipal con funci\u00f3n de control de garant\u00edas de Bogot\u00e1, que las pruebas recopiladas demostrar\u00edan que al parecer, siguiendo \u00f3rdenes de alias &#8216;carne rancia&#8217;, hombres armados irrumpieron en la vivienda en la que se encontraban las v\u00edctimas y les dispararon indiscriminadamente.<\/p>\n<p>Lea la noticia completa <a href=\"https:\/\/www.lafm.com.co\/judicial\/jefe-del-clan-del-golfo-habria-ordenado-masacre-mientras-esta-en-la-carcel\" target=\"_blank\" rel=\"noopener\">aqu\u00ed<\/a>.<\/p>\n<p>&nbsp;<\/p>\n\n<div class=\"twitter-share\"><a href=\"https:\/\/twitter.com\/intent\/tweet?via=fiscaliacol\" class=\"twitter-share-button\">Tweet<\/a><\/div>\n","protected":false},"excerpt":{"rendered":"<p>Fuente: La FM La Fiscal\u00eda General de la Naci\u00f3n present\u00f3 un contundente material probatorio contra Andr\u00e9s Felipe Morales Mar\u00edn, alias &#8216;carne rancia&#8217;, supuesto cabecilla de la subestructura suroeste del &#8216;Clan del Golfo&#8217; y quien habr\u00eda ordenado desde una c\u00e1rcel en la que permanece, el homicidio de tres personas ocurrido el 10 de enero de 2021 [&hellip;]<\/p>\n","protected":false},"author":175,"featured_media":250311,"comment_status":"closed","ping_status":"open","sticky":false,"template":"","format":"standard","meta":{"tdm_status":"","tdm_grid_status":"","footnotes":""},"categories":[24184],"tags":[5132,24189,24305,24526,13142],"class_list":{"0":"post-250271","1":"post","2":"type-post","3":"status-publish","4":"format-standard","5":"has-post-thumbnail","7":"category-hechos-concretos","8":"tag-betania-antioquia","9":"tag-fiscal-francisco-barbosa-delgado","10":"tag-fiscal-general-francisco-barbosa","11":"tag-fiscal-general-francisco-barbosa-delgado","12":"tag-triple-homicidio"},"yoast_head":"<!-- This site is optimized with the Yoast SEO plugin v24.3 - https:\/\/yoast.com\/wordpress\/plugins\/seo\/ -->\n<title>Fiscal\u00eda General de la Naci\u00f3n<\/title>\n<meta name=\"description\" content=\"P\u00e1gina oficial de la Fiscal\u00eda General de la Naci\u00f3n \u2013 Colombia. Garantizamos el acceso efectivo a la justicia, la verdad y la reparaci\u00f3n de las v\u00edctimas de los delitos.\" \/>\n<meta name=\"robots\" content=\"noindex, follow\" \/>\n<meta property=\"og:locale\" content=\"es_ES\" \/>\n<meta property=\"og:type\" content=\"article\" \/>\n<meta property=\"og:title\" content=\"Fiscal\u00eda General de la Naci\u00f3n\" \/>\n<meta property=\"og:description\" content=\"P\u00e1gina oficial de la Fiscal\u00eda General de la Naci\u00f3n \u2013 Colombia. Garantizamos el acceso efectivo a la justicia, la verdad y la reparaci\u00f3n de las v\u00edctimas de los delitos.\" \/>\n<meta property=\"og:url\" content=\"https:\/\/www.fiscalia.gov.co\/colombia\/hechos-concretos\/fiscalia-judicializo-a-presunto-cabecilla-del-clan-del-golfo-que-habria-ordenado-triple-homicidio-en-betania-antioquia-2\/\" \/>\n<meta property=\"og:site_name\" content=\"Fiscal\u00eda General de la Naci\u00f3n\" \/>\n<meta property=\"article:publisher\" content=\"https:\/\/www.facebook.com\/FiscaliaCol\" \/>\n<meta property=\"article:published_time\" content=\"2022-06-09T22:10:36+00:00\" \/>\n<meta property=\"article:modified_time\" content=\"2022-06-09T22:16:16+00:00\" \/>\n<meta property=\"og:image\" content=\"https:\/\/www.fiscalia.gov.co\/colombia\/wp-content\/uploads\/IMG-20220609-WA0039.jpg\" \/>\n\t<meta property=\"og:image:width\" content=\"1280\" \/>\n\t<meta property=\"og:image:height\" content=\"720\" \/>\n\t<meta property=\"og:image:type\" content=\"image\/jpeg\" \/>\n<meta name=\"author\" content=\"Katherine Loaiza Mart\u00ednez\" \/>\n<meta name=\"twitter:card\" content=\"summary_large_image\" \/>\n<meta name=\"twitter:creator\" content=\"@FiscaliaCol\" \/>\n<meta name=\"twitter:site\" content=\"@FiscaliaCol\" \/>\n<meta name=\"twitter:label1\" content=\"Escrito por\" \/>\n\t<meta name=\"twitter:data1\" content=\"Katherine Loaiza Mart\u00ednez\" \/>\n\t<meta name=\"twitter:label2\" content=\"Tiempo de lectura\" \/>\n\t<meta name=\"twitter:data2\" content=\"1 minuto\" \/>\n<script type=\"application\/ld+json\" class=\"yoast-schema-graph\">{\"@context\":\"https:\/\/schema.org\",\"@graph\":[{\"@type\":\"Article\",\"@id\":\"https:\/\/www.fiscalia.gov.co\/colombia\/hechos-concretos\/fiscalia-judicializo-a-presunto-cabecilla-del-clan-del-golfo-que-habria-ordenado-triple-homicidio-en-betania-antioquia-2\/#article\",\"isPartOf\":{\"@id\":\"https:\/\/www.fiscalia.gov.co\/colombia\/hechos-concretos\/fiscalia-judicializo-a-presunto-cabecilla-del-clan-del-golfo-que-habria-ordenado-triple-homicidio-en-betania-antioquia-2\/\"},\"author\":{\"name\":\"Katherine Loaiza Mart\u00ednez\",\"@id\":\"https:\/\/www.fiscalia.gov.co\/colombia\/#\/schema\/person\/2e76b9aba5ecf875ed565ce4de0e0415\"},\"headline\":\"Fiscal\u00eda judicializ\u00f3 a presunto cabecilla del \u2018Clan del Golfo\u2019 que habr\u00eda ordenado triple homicidio en Betania, Antioquia\",\"datePublished\":\"2022-06-09T22:10:36+00:00\",\"dateModified\":\"2022-06-09T22:16:16+00:00\",\"mainEntityOfPage\":{\"@id\":\"https:\/\/www.fiscalia.gov.co\/colombia\/hechos-concretos\/fiscalia-judicializo-a-presunto-cabecilla-del-clan-del-golfo-que-habria-ordenado-triple-homicidio-en-betania-antioquia-2\/\"},\"wordCount\":174,\"publisher\":{\"@id\":\"https:\/\/www.fiscalia.gov.co\/colombia\/#organization\"},\"image\":{\"@id\":\"https:\/\/www.fiscalia.gov.co\/colombia\/hechos-concretos\/fiscalia-judicializo-a-presunto-cabecilla-del-clan-del-golfo-que-habria-ordenado-triple-homicidio-en-betania-antioquia-2\/#primaryimage\"},\"thumbnailUrl\":\"https:\/\/www.fiscalia.gov.co\/colombia\/wp-content\/uploads\/IMG-20220609-WA0039.jpg\",\"keywords\":[\"Betania (Antioquia)\",\"Fiscal Francisco Barbosa Delgado\",\"Fiscal General Francisco Barbosa\",\"Fiscal General Francisco Barbosa Delgado\",\"Triple homicidio\"],\"articleSection\":[\"Hechos concretos\"],\"inLanguage\":\"es-CO\"},{\"@type\":\"WebPage\",\"@id\":\"https:\/\/www.fiscalia.gov.co\/colombia\/hechos-concretos\/fiscalia-judicializo-a-presunto-cabecilla-del-clan-del-golfo-que-habria-ordenado-triple-homicidio-en-betania-antioquia-2\/\",\"url\":\"https:\/\/www.fiscalia.gov.co\/colombia\/hechos-concretos\/fiscalia-judicializo-a-presunto-cabecilla-del-clan-del-golfo-que-habria-ordenado-triple-homicidio-en-betania-antioquia-2\/\",\"name\":\"Fiscal\u00eda General de la Naci\u00f3n\",\"isPartOf\":{\"@id\":\"https:\/\/www.fiscalia.gov.co\/colombia\/#website\"},\"primaryImageOfPage\":{\"@id\":\"https:\/\/www.fiscalia.gov.co\/colombia\/hechos-concretos\/fiscalia-judicializo-a-presunto-cabecilla-del-clan-del-golfo-que-habria-ordenado-triple-homicidio-en-betania-antioquia-2\/#primaryimage\"},\"image\":{\"@id\":\"https:\/\/www.fiscalia.gov.co\/colombia\/hechos-concretos\/fiscalia-judicializo-a-presunto-cabecilla-del-clan-del-golfo-que-habria-ordenado-triple-homicidio-en-betania-antioquia-2\/#primaryimage\"},\"thumbnailUrl\":\"https:\/\/www.fiscalia.gov.co\/colombia\/wp-content\/uploads\/IMG-20220609-WA0039.jpg\",\"datePublished\":\"2022-06-09T22:10:36+00:00\",\"dateModified\":\"2022-06-09T22:16:16+00:00\",\"description\":\"P\u00e1gina oficial de la Fiscal\u00eda General de la Naci\u00f3n \u2013 Colombia. Garantizamos el acceso efectivo a la justicia, la verdad y la reparaci\u00f3n de las v\u00edctimas de los delitos.\",\"breadcrumb\":{\"@id\":\"https:\/\/www.fiscalia.gov.co\/colombia\/hechos-concretos\/fiscalia-judicializo-a-presunto-cabecilla-del-clan-del-golfo-que-habria-ordenado-triple-homicidio-en-betania-antioquia-2\/#breadcrumb\"},\"inLanguage\":\"es-CO\",\"potentialAction\":[{\"@type\":\"ReadAction\",\"target\":[\"https:\/\/www.fiscalia.gov.co\/colombia\/hechos-concretos\/fiscalia-judicializo-a-presunto-cabecilla-del-clan-del-golfo-que-habria-ordenado-triple-homicidio-en-betania-antioquia-2\/\"]}]},{\"@type\":\"ImageObject\",\"inLanguage\":\"es-CO\",\"@id\":\"https:\/\/www.fiscalia.gov.co\/colombia\/hechos-concretos\/fiscalia-judicializo-a-presunto-cabecilla-del-clan-del-golfo-que-habria-ordenado-triple-homicidio-en-betania-antioquia-2\/#primaryimage\",\"url\":\"https:\/\/www.fiscalia.gov.co\/colombia\/wp-content\/uploads\/IMG-20220609-WA0039.jpg\",\"contentUrl\":\"https:\/\/www.fiscalia.gov.co\/colombia\/wp-content\/uploads\/IMG-20220609-WA0039.jpg\",\"width\":1280,\"height\":720},{\"@type\":\"BreadcrumbList\",\"@id\":\"https:\/\/www.fiscalia.gov.co\/colombia\/hechos-concretos\/fiscalia-judicializo-a-presunto-cabecilla-del-clan-del-golfo-que-habria-ordenado-triple-homicidio-en-betania-antioquia-2\/#breadcrumb\",\"itemListElement\":[{\"@type\":\"ListItem\",\"position\":1,\"name\":\"Home\",\"item\":\"https:\/\/www.fiscalia.gov.co\/colombia\/\"},{\"@type\":\"ListItem\",\"position\":2,\"name\":\"Fiscal\u00eda judicializ\u00f3 a presunto cabecilla del \u2018Clan del Golfo\u2019 que habr\u00eda ordenado triple homicidio en Betania, Antioquia\"}]},{\"@type\":\"WebSite\",\"@id\":\"https:\/\/www.fiscalia.gov.co\/colombia\/#website\",\"url\":\"https:\/\/www.fiscalia.gov.co\/colombia\/\",\"name\":\"Fiscal\u00eda General de la Naci\u00f3n\",\"description\":\"P\u00e1gina oficial de la Fiscal\u00eda General de la Naci\u00f3n \u2013 Colombia. Garantizamos el acceso efectivo a la justicia, la verdad y la reparaci\u00f3n de las v\u00edctimas de los delitos.\",\"publisher\":{\"@id\":\"https:\/\/www.fiscalia.gov.co\/colombia\/#organization\"},\"potentialAction\":[{\"@type\":\"SearchAction\",\"target\":{\"@type\":\"EntryPoint\",\"urlTemplate\":\"https:\/\/www.fiscalia.gov.co\/colombia\/?s={search_term_string}\"},\"query-input\":{\"@type\":\"PropertyValueSpecification\",\"valueRequired\":true,\"valueName\":\"search_term_string\"}}],\"inLanguage\":\"es-CO\"},{\"@type\":\"Organization\",\"@id\":\"https:\/\/www.fiscalia.gov.co\/colombia\/#organization\",\"name\":\"Fiscal\u00eda General de la Naci\u00f3n\",\"url\":\"https:\/\/www.fiscalia.gov.co\/colombia\/\",\"logo\":{\"@type\":\"ImageObject\",\"inLanguage\":\"es-CO\",\"@id\":\"https:\/\/www.fiscalia.gov.co\/colombia\/#\/schema\/logo\/image\/\",\"url\":\"https:\/\/www.fiscalia.gov.co\/colombia\/wp-content\/uploads\/LogoHorizontal_1.jpg\",\"contentUrl\":\"https:\/\/www.fiscalia.gov.co\/colombia\/wp-content\/uploads\/LogoHorizontal_1.jpg\",\"width\":300,\"height\":90,\"caption\":\"Fiscal\u00eda General de la Naci\u00f3n\"},\"image\":{\"@id\":\"https:\/\/www.fiscalia.gov.co\/colombia\/#\/schema\/logo\/image\/\"},\"sameAs\":[\"https:\/\/www.facebook.com\/FiscaliaCol\",\"https:\/\/x.com\/FiscaliaCol\",\"https:\/\/www.instagram.com\/fiscaliacol\",\"https:\/\/www.linkedin.com\/company\/fiscalia-general-de-la-naci-n\/\",\"https:\/\/youtube.com\/@fiscaliageneraldelanacion-4668?si=6nN79nyQICPU5iTh\"]},{\"@type\":\"Person\",\"@id\":\"https:\/\/www.fiscalia.gov.co\/colombia\/#\/schema\/person\/2e76b9aba5ecf875ed565ce4de0e0415\",\"name\":\"Katherine Loaiza Mart\u00ednez\",\"image\":{\"@type\":\"ImageObject\",\"inLanguage\":\"es-CO\",\"@id\":\"https:\/\/www.fiscalia.gov.co\/colombia\/#\/schema\/person\/image\/\",\"url\":\"https:\/\/secure.gravatar.com\/avatar\/ab775a2f394c1b83b6d6f78680e57b50?s=96&d=mm&r=g\",\"contentUrl\":\"https:\/\/secure.gravatar.com\/avatar\/ab775a2f394c1b83b6d6f78680e57b50?s=96&d=mm&r=g\",\"caption\":\"Katherine Loaiza Mart\u00ednez\"},\"url\":\"https:\/\/www.fiscalia.gov.co\/colombia\/author\/kloaiza\/\"}]}<\/script>\n<!-- \/ Yoast SEO plugin. -->","yoast_head_json":{"title":"Fiscal\u00eda General de la Naci\u00f3n","description":"P\u00e1gina oficial de la Fiscal\u00eda General de la Naci\u00f3n \u2013 Colombia. Garantizamos el acceso efectivo a la justicia, la verdad y la reparaci\u00f3n de las v\u00edctimas de los delitos.","robots":{"index":"noindex","follow":"follow"},"og_locale":"es_ES","og_type":"article","og_title":"Fiscal\u00eda General de la Naci\u00f3n","og_description":"P\u00e1gina oficial de la Fiscal\u00eda General de la Naci\u00f3n \u2013 Colombia. Garantizamos el acceso efectivo a la justicia, la verdad y la reparaci\u00f3n de las v\u00edctimas de los delitos.","og_url":"https:\/\/www.fiscalia.gov.co\/colombia\/hechos-concretos\/fiscalia-judicializo-a-presunto-cabecilla-del-clan-del-golfo-que-habria-ordenado-triple-homicidio-en-betania-antioquia-2\/","og_site_name":"Fiscal\u00eda General de la Naci\u00f3n","article_publisher":"https:\/\/www.facebook.com\/FiscaliaCol","article_published_time":"2022-06-09T22:10:36+00:00","article_modified_time":"2022-06-09T22:16:16+00:00","og_image":[{"width":1280,"height":720,"url":"https:\/\/www.fiscalia.gov.co\/colombia\/wp-content\/uploads\/IMG-20220609-WA0039.jpg","type":"image\/jpeg"}],"author":"Katherine Loaiza Mart\u00ednez","twitter_card":"summary_large_image","twitter_creator":"@FiscaliaCol","twitter_site":"@FiscaliaCol","twitter_misc":{"Escrito por":"Katherine Loaiza Mart\u00ednez","Tiempo de lectura":"1 minuto"},"schema":{"@context":"https:\/\/schema.org","@graph":[{"@type":"Article","@id":"https:\/\/www.fiscalia.gov.co\/colombia\/hechos-concretos\/fiscalia-judicializo-a-presunto-cabecilla-del-clan-del-golfo-que-habria-ordenado-triple-homicidio-en-betania-antioquia-2\/#article","isPartOf":{"@id":"https:\/\/www.fiscalia.gov.co\/colombia\/hechos-concretos\/fiscalia-judicializo-a-presunto-cabecilla-del-clan-del-golfo-que-habria-ordenado-triple-homicidio-en-betania-antioquia-2\/"},"author":{"name":"Katherine Loaiza Mart\u00ednez","@id":"https:\/\/www.fiscalia.gov.co\/colombia\/#\/schema\/person\/2e76b9aba5ecf875ed565ce4de0e0415"},"headline":"Fiscal\u00eda judicializ\u00f3 a presunto cabecilla del \u2018Clan del Golfo\u2019 que habr\u00eda ordenado triple homicidio en Betania, Antioquia","datePublished":"2022-06-09T22:10:36+00:00","dateModified":"2022-06-09T22:16:16+00:00","mainEntityOfPage":{"@id":"https:\/\/www.fiscalia.gov.co\/colombia\/hechos-concretos\/fiscalia-judicializo-a-presunto-cabecilla-del-clan-del-golfo-que-habria-ordenado-triple-homicidio-en-betania-antioquia-2\/"},"wordCount":174,"publisher":{"@id":"https:\/\/www.fiscalia.gov.co\/colombia\/#organization"},"image":{"@id":"https:\/\/www.fiscalia.gov.co\/colombia\/hechos-concretos\/fiscalia-judicializo-a-presunto-cabecilla-del-clan-del-golfo-que-habria-ordenado-triple-homicidio-en-betania-antioquia-2\/#primaryimage"},"thumbnailUrl":"https:\/\/www.fiscalia.gov.co\/colombia\/wp-content\/uploads\/IMG-20220609-WA0039.jpg","keywords":["Betania (Antioquia)","Fiscal Francisco Barbosa Delgado","Fiscal General Francisco Barbosa","Fiscal General Francisco Barbosa Delgado","Triple homicidio"],"articleSection":["Hechos concretos"],"inLanguage":"es-CO"},{"@type":"WebPage","@id":"https:\/\/www.fiscalia.gov.co\/colombia\/hechos-concretos\/fiscalia-judicializo-a-presunto-cabecilla-del-clan-del-golfo-que-habria-ordenado-triple-homicidio-en-betania-antioquia-2\/","url":"https:\/\/www.fiscalia.gov.co\/colombia\/hechos-concretos\/fiscalia-judicializo-a-presunto-cabecilla-del-clan-del-golfo-que-habria-ordenado-triple-homicidio-en-betania-antioquia-2\/","name":"Fiscal\u00eda General de la Naci\u00f3n","isPartOf":{"@id":"https:\/\/www.fiscalia.gov.co\/colombia\/#website"},"primaryImageOfPage":{"@id":"https:\/\/www.fiscalia.gov.co\/colombia\/hechos-concretos\/fiscalia-judicializo-a-presunto-cabecilla-del-clan-del-golfo-que-habria-ordenado-triple-homicidio-en-betania-antioquia-2\/#primaryimage"},"image":{"@id":"https:\/\/www.fiscalia.gov.co\/colombia\/hechos-concretos\/fiscalia-judicializo-a-presunto-cabecilla-del-clan-del-golfo-que-habria-ordenado-triple-homicidio-en-betania-antioquia-2\/#primaryimage"},"thumbnailUrl":"https:\/\/www.fiscalia.gov.co\/colombia\/wp-content\/uploads\/IMG-20220609-WA0039.jpg","datePublished":"2022-06-09T22:10:36+00:00","dateModified":"2022-06-09T22:16:16+00:00","description":"P\u00e1gina oficial de la Fiscal\u00eda General de la Naci\u00f3n \u2013 Colombia. Garantizamos el acceso efectivo a la justicia, la verdad y la reparaci\u00f3n de las v\u00edctimas de los delitos.","breadcrumb":{"@id":"https:\/\/www.fiscalia.gov.co\/colombia\/hechos-concretos\/fiscalia-judicializo-a-presunto-cabecilla-del-clan-del-golfo-que-habria-ordenado-triple-homicidio-en-betania-antioquia-2\/#breadcrumb"},"inLanguage":"es-CO","potentialAction":[{"@type":"ReadAction","target":["https:\/\/www.fiscalia.gov.co\/colombia\/hechos-concretos\/fiscalia-judicializo-a-presunto-cabecilla-del-clan-del-golfo-que-habria-ordenado-triple-homicidio-en-betania-antioquia-2\/"]}]},{"@type":"ImageObject","inLanguage":"es-CO","@id":"https:\/\/www.fiscalia.gov.co\/colombia\/hechos-concretos\/fiscalia-judicializo-a-presunto-cabecilla-del-clan-del-golfo-que-habria-ordenado-triple-homicidio-en-betania-antioquia-2\/#primaryimage","url":"https:\/\/www.fiscalia.gov.co\/colombia\/wp-content\/uploads\/IMG-20220609-WA0039.jpg","contentUrl":"https:\/\/www.fiscalia.gov.co\/colombia\/wp-content\/uploads\/IMG-20220609-WA0039.jpg","width":1280,"height":720},{"@type":"BreadcrumbList","@id":"https:\/\/www.fiscalia.gov.co\/colombia\/hechos-concretos\/fiscalia-judicializo-a-presunto-cabecilla-del-clan-del-golfo-que-habria-ordenado-triple-homicidio-en-betania-antioquia-2\/#breadcrumb","itemListElement":[{"@type":"ListItem","position":1,"name":"Home","item":"https:\/\/www.fiscalia.gov.co\/colombia\/"},{"@type":"ListItem","position":2,"name":"Fiscal\u00eda judicializ\u00f3 a presunto cabecilla del \u2018Clan del Golfo\u2019 que habr\u00eda ordenado triple homicidio en Betania, Antioquia"}]},{"@type":"WebSite","@id":"https:\/\/www.fiscalia.gov.co\/colombia\/#website","url":"https:\/\/www.fiscalia.gov.co\/colombia\/","name":"Fiscal\u00eda General de la Naci\u00f3n","description":"P\u00e1gina oficial de la Fiscal\u00eda General de la Naci\u00f3n \u2013 Colombia. Garantizamos el acceso efectivo a la justicia, la verdad y la reparaci\u00f3n de las v\u00edctimas de los delitos.","publisher":{"@id":"https:\/\/www.fiscalia.gov.co\/colombia\/#organization"},"potentialAction":[{"@type":"SearchAction","target":{"@type":"EntryPoint","urlTemplate":"https:\/\/www.fiscalia.gov.co\/colombia\/?s={search_term_string}"},"query-input":{"@type":"PropertyValueSpecification","valueRequired":true,"valueName":"search_term_string"}}],"inLanguage":"es-CO"},{"@type":"Organization","@id":"https:\/\/www.fiscalia.gov.co\/colombia\/#organization","name":"Fiscal\u00eda General de la Naci\u00f3n","url":"https:\/\/www.fiscalia.gov.co\/colombia\/","logo":{"@type":"ImageObject","inLanguage":"es-CO","@id":"https:\/\/www.fiscalia.gov.co\/colombia\/#\/schema\/logo\/image\/","url":"https:\/\/www.fiscalia.gov.co\/colombia\/wp-content\/uploads\/LogoHorizontal_1.jpg","contentUrl":"https:\/\/www.fiscalia.gov.co\/colombia\/wp-content\/uploads\/LogoHorizontal_1.jpg","width":300,"height":90,"caption":"Fiscal\u00eda General de la Naci\u00f3n"},"image":{"@id":"https:\/\/www.fiscalia.gov.co\/colombia\/#\/schema\/logo\/image\/"},"sameAs":["https:\/\/www.facebook.com\/FiscaliaCol","https:\/\/x.com\/FiscaliaCol","https:\/\/www.instagram.com\/fiscaliacol","https:\/\/www.linkedin.com\/company\/fiscalia-general-de-la-naci-n\/","https:\/\/youtube.com\/@fiscaliageneraldelanacion-4668?si=6nN79nyQICPU5iTh"]},{"@type":"Person","@id":"https:\/\/www.fiscalia.gov.co\/colombia\/#\/schema\/person\/2e76b9aba5ecf875ed565ce4de0e0415","name":"Katherine Loaiza Mart\u00ednez","image":{"@type":"ImageObject","inLanguage":"es-CO","@id":"https:\/\/www.fiscalia.gov.co\/colombia\/#\/schema\/person\/image\/","url":"https:\/\/secure.gravatar.com\/avatar\/ab775a2f394c1b83b6d6f78680e57b50?s=96&d=mm&r=g","contentUrl":"https:\/\/secure.gravatar.com\/avatar\/ab775a2f394c1b83b6d6f78680e57b50?s=96&d=mm&r=g","caption":"Katherine Loaiza Mart\u00ednez"},"url":"https:\/\/www.fiscalia.gov.co\/colombia\/author\/kloaiza\/"}]}},"_links":{"self":[{"href":"https:\/\/www.fiscalia.gov.co\/colombia\/wp-json\/wp\/v2\/posts\/250271","targetHints":{"allow":["GET"]}}],"collection":[{"href":"https:\/\/www.fiscalia.gov.co\/colombia\/wp-json\/wp\/v2\/posts"}],"about":[{"href":"https:\/\/www.fiscalia.gov.co\/colombia\/wp-json\/wp\/v2\/types\/post"}],"author":[{"embeddable":true,"href":"https:\/\/www.fiscalia.gov.co\/colombia\/wp-json\/wp\/v2\/users\/175"}],"replies":[{"embeddable":true,"href":"https:\/\/www.fiscalia.gov.co\/colombia\/wp-json\/wp\/v2\/comments?post=250271"}],"version-history":[{"count":2,"href":"https:\/\/www.fiscalia.gov.co\/colombia\/wp-json\/wp\/v2\/posts\/250271\/revisions"}],"predecessor-version":[{"id":250318,"href":"https:\/\/www.fiscalia.gov.co\/colombia\/wp-json\/wp\/v2\/posts\/250271\/revisions\/250318"}],"wp:featuredmedia":[{"embeddable":true,"href":"https:\/\/www.fiscalia.gov.co\/colombia\/wp-json\/wp\/v2\/media\/250311"}],"wp:attachment":[{"href":"https:\/\/www.fiscalia.gov.co\/colombia\/wp-json\/wp\/v2\/media?parent=250271"}],"wp:term":[{"taxonomy":"category","embeddable":true,"href":"https:\/\/www.fiscalia.gov.co\/colombia\/wp-json\/wp\/v2\/categories?post=250271"},{"taxonomy":"post_tag","embeddable":true,"href":"https:\/\/www.fiscalia.gov.co\/colombia\/wp-json\/wp\/v2\/tags?post=250271"}],"curies":[{"name":"wp","href":"https:\/\/api.w.org\/{rel}","templated":true}]}}