{"id":250269,"date":"2022-06-09T17:23:31","date_gmt":"2022-06-09T22:23:31","guid":{"rendered":"https:\/\/www.fiscalia.gov.co\/colombia\/?p=250269"},"modified":"2022-06-09T17:23:31","modified_gmt":"2022-06-09T22:23:31","slug":"caso-marcelo-pecci-las-redes-sociales-son-un-arma-letal-fiscal-francisco-barbosa","status":"publish","type":"post","link":"https:\/\/www.fiscalia.gov.co\/colombia\/hechos-concretos\/caso-marcelo-pecci-las-redes-sociales-son-un-arma-letal-fiscal-francisco-barbosa\/","title":{"rendered":"Caso Marcelo Pecci: Las redes sociales son un \u201carma letal\u201d, Fiscal Francisco Barbosa"},"content":{"rendered":"<p><strong>Fuente: Revista Semana<\/strong><\/p>\n<p>Luego de conocer el resultado de las audiencias preliminares que dej\u00f3 la aceptaci\u00f3n de cargos de cuatro, de los cinco capturados por el asesinato del fiscal Marcelo Pecci, el Fiscal General de Colombia, Francisco Barbosa, asegur\u00f3 que las redes sociales se convirtieron en un \u201carma letal\u201d contra el funcionario paraguayo.<\/p>\n<p>Barbosa, en rueda de prensa entreg\u00f3 los detalles de la investigaci\u00f3n que permiti\u00f3 la captura de los responsables del crimen. Asegur\u00f3 el fiscal general que los asesinos confesaron c\u00f3mo fue gracias a las redes sociales que lograron ubicar al fiscal Pecci en sus recorridos por la ciudad de Cartagena.<\/p>\n<p>\u201cPublicar en redes sociales se puede convertir en un arma letal, los delincuentes manifestaron que en muchas ocasiones estuvieron perdidos, pero gracias a las redes sociales lograron la ubicaci\u00f3n y el seguimiento del fiscal Marcelo Pecci\u201d, dijo el fiscal Barbosa.<\/p>\n<p>De acuerdo con la Fiscal\u00eda los rastros que dejaron los criminales en su recorrido desde Medell\u00edn hasta Cartagena, lugar del crimen, fueron determinantes para establecer la responsabilidad que tendr\u00edan en el asesinato. Los sicarios y quienes coordinaron el homicidio quedaron en videos y fotograf\u00edas mientras se acercaban a la v\u00edctima.<\/p>\n<p>Lea la noticia completa <a href=\"https:\/\/www.semana.com\/nacion\/articulo\/caso-marcelo-pecci-las-redes-sociales-son-un-arma-letal-fiscal-francisco-barbosa\/202202\/\" target=\"_blank\" rel=\"noopener\">aqu\u00ed<\/a>.<\/p>\n<p>&nbsp;<\/p>\n\n<div class=\"twitter-share\"><a href=\"https:\/\/twitter.com\/intent\/tweet?via=fiscaliacol\" class=\"twitter-share-button\">Tweet<\/a><\/div>\n","protected":false},"excerpt":{"rendered":"<p>Fuente: Revista Semana Luego de conocer el resultado de las audiencias preliminares que dej\u00f3 la aceptaci\u00f3n de cargos de cuatro, de los cinco capturados por el asesinato del fiscal Marcelo Pecci, el Fiscal General de Colombia, Francisco Barbosa, asegur\u00f3 que las redes sociales se convirtieron en un \u201carma letal\u201d contra el funcionario paraguayo. Barbosa, en [&hellip;]<\/p>\n","protected":false},"author":175,"featured_media":250320,"comment_status":"closed","ping_status":"open","sticky":false,"template":"","format":"standard","meta":{"tdm_status":"","tdm_grid_status":"","footnotes":""},"categories":[24184],"tags":[24189,24526,31573],"class_list":{"0":"post-250269","1":"post","2":"type-post","3":"status-publish","4":"format-standard","5":"has-post-thumbnail","7":"category-hechos-concretos","8":"tag-fiscal-francisco-barbosa-delgado","9":"tag-fiscal-general-francisco-barbosa-delgado","10":"tag-marcelo-pecci"},"yoast_head":"<!-- This site is optimized with the Yoast SEO plugin v24.3 - https:\/\/yoast.com\/wordpress\/plugins\/seo\/ -->\n<title>Fiscal\u00eda General de la Naci\u00f3n<\/title>\n<meta name=\"description\" content=\"P\u00e1gina oficial de la Fiscal\u00eda General de la Naci\u00f3n \u2013 Colombia. Garantizamos el acceso efectivo a la justicia, la verdad y la reparaci\u00f3n de las v\u00edctimas de los delitos.\" \/>\n<meta name=\"robots\" content=\"noindex, follow\" \/>\n<meta property=\"og:locale\" content=\"es_ES\" \/>\n<meta property=\"og:type\" content=\"article\" \/>\n<meta property=\"og:title\" content=\"Fiscal\u00eda General de la Naci\u00f3n\" \/>\n<meta property=\"og:description\" content=\"P\u00e1gina oficial de la Fiscal\u00eda General de la Naci\u00f3n \u2013 Colombia. Garantizamos el acceso efectivo a la justicia, la verdad y la reparaci\u00f3n de las v\u00edctimas de los delitos.\" \/>\n<meta property=\"og:url\" content=\"https:\/\/www.fiscalia.gov.co\/colombia\/hechos-concretos\/caso-marcelo-pecci-las-redes-sociales-son-un-arma-letal-fiscal-francisco-barbosa\/\" \/>\n<meta property=\"og:site_name\" content=\"Fiscal\u00eda General de la Naci\u00f3n\" \/>\n<meta property=\"article:publisher\" content=\"https:\/\/www.facebook.com\/FiscaliaCol\" \/>\n<meta property=\"article:published_time\" content=\"2022-06-09T22:23:31+00:00\" \/>\n<meta property=\"og:image\" content=\"https:\/\/www.fiscalia.gov.co\/colombia\/wp-content\/uploads\/IMG-20220609-WA0041.jpg\" \/>\n\t<meta property=\"og:image:width\" content=\"1280\" \/>\n\t<meta property=\"og:image:height\" content=\"720\" \/>\n\t<meta property=\"og:image:type\" content=\"image\/jpeg\" \/>\n<meta name=\"author\" content=\"Katherine Loaiza Mart\u00ednez\" \/>\n<meta name=\"twitter:card\" content=\"summary_large_image\" \/>\n<meta name=\"twitter:creator\" content=\"@FiscaliaCol\" \/>\n<meta name=\"twitter:site\" content=\"@FiscaliaCol\" \/>\n<meta name=\"twitter:label1\" content=\"Escrito por\" \/>\n\t<meta name=\"twitter:data1\" content=\"Katherine Loaiza Mart\u00ednez\" \/>\n\t<meta name=\"twitter:label2\" content=\"Tiempo de lectura\" \/>\n\t<meta name=\"twitter:data2\" content=\"1 minuto\" \/>\n<script type=\"application\/ld+json\" class=\"yoast-schema-graph\">{\"@context\":\"https:\/\/schema.org\",\"@graph\":[{\"@type\":\"Article\",\"@id\":\"https:\/\/www.fiscalia.gov.co\/colombia\/hechos-concretos\/caso-marcelo-pecci-las-redes-sociales-son-un-arma-letal-fiscal-francisco-barbosa\/#article\",\"isPartOf\":{\"@id\":\"https:\/\/www.fiscalia.gov.co\/colombia\/hechos-concretos\/caso-marcelo-pecci-las-redes-sociales-son-un-arma-letal-fiscal-francisco-barbosa\/\"},\"author\":{\"name\":\"Katherine Loaiza Mart\u00ednez\",\"@id\":\"https:\/\/www.fiscalia.gov.co\/colombia\/#\/schema\/person\/2e76b9aba5ecf875ed565ce4de0e0415\"},\"headline\":\"Caso Marcelo Pecci: Las redes sociales son un \u201carma letal\u201d, Fiscal Francisco Barbosa\",\"datePublished\":\"2022-06-09T22:23:31+00:00\",\"dateModified\":\"2022-06-09T22:23:31+00:00\",\"mainEntityOfPage\":{\"@id\":\"https:\/\/www.fiscalia.gov.co\/colombia\/hechos-concretos\/caso-marcelo-pecci-las-redes-sociales-son-un-arma-letal-fiscal-francisco-barbosa\/\"},\"wordCount\":220,\"publisher\":{\"@id\":\"https:\/\/www.fiscalia.gov.co\/colombia\/#organization\"},\"image\":{\"@id\":\"https:\/\/www.fiscalia.gov.co\/colombia\/hechos-concretos\/caso-marcelo-pecci-las-redes-sociales-son-un-arma-letal-fiscal-francisco-barbosa\/#primaryimage\"},\"thumbnailUrl\":\"https:\/\/www.fiscalia.gov.co\/colombia\/wp-content\/uploads\/IMG-20220609-WA0041.jpg\",\"keywords\":[\"Fiscal Francisco Barbosa Delgado\",\"Fiscal General Francisco Barbosa Delgado\",\"Marcelo Pecci\"],\"articleSection\":[\"Hechos concretos\"],\"inLanguage\":\"es-CO\"},{\"@type\":\"WebPage\",\"@id\":\"https:\/\/www.fiscalia.gov.co\/colombia\/hechos-concretos\/caso-marcelo-pecci-las-redes-sociales-son-un-arma-letal-fiscal-francisco-barbosa\/\",\"url\":\"https:\/\/www.fiscalia.gov.co\/colombia\/hechos-concretos\/caso-marcelo-pecci-las-redes-sociales-son-un-arma-letal-fiscal-francisco-barbosa\/\",\"name\":\"Fiscal\u00eda General de la Naci\u00f3n\",\"isPartOf\":{\"@id\":\"https:\/\/www.fiscalia.gov.co\/colombia\/#website\"},\"primaryImageOfPage\":{\"@id\":\"https:\/\/www.fiscalia.gov.co\/colombia\/hechos-concretos\/caso-marcelo-pecci-las-redes-sociales-son-un-arma-letal-fiscal-francisco-barbosa\/#primaryimage\"},\"image\":{\"@id\":\"https:\/\/www.fiscalia.gov.co\/colombia\/hechos-concretos\/caso-marcelo-pecci-las-redes-sociales-son-un-arma-letal-fiscal-francisco-barbosa\/#primaryimage\"},\"thumbnailUrl\":\"https:\/\/www.fiscalia.gov.co\/colombia\/wp-content\/uploads\/IMG-20220609-WA0041.jpg\",\"datePublished\":\"2022-06-09T22:23:31+00:00\",\"dateModified\":\"2022-06-09T22:23:31+00:00\",\"description\":\"P\u00e1gina oficial de la Fiscal\u00eda General de la Naci\u00f3n \u2013 Colombia. Garantizamos el acceso efectivo a la justicia, la verdad y la reparaci\u00f3n de las v\u00edctimas de los delitos.\",\"breadcrumb\":{\"@id\":\"https:\/\/www.fiscalia.gov.co\/colombia\/hechos-concretos\/caso-marcelo-pecci-las-redes-sociales-son-un-arma-letal-fiscal-francisco-barbosa\/#breadcrumb\"},\"inLanguage\":\"es-CO\",\"potentialAction\":[{\"@type\":\"ReadAction\",\"target\":[\"https:\/\/www.fiscalia.gov.co\/colombia\/hechos-concretos\/caso-marcelo-pecci-las-redes-sociales-son-un-arma-letal-fiscal-francisco-barbosa\/\"]}]},{\"@type\":\"ImageObject\",\"inLanguage\":\"es-CO\",\"@id\":\"https:\/\/www.fiscalia.gov.co\/colombia\/hechos-concretos\/caso-marcelo-pecci-las-redes-sociales-son-un-arma-letal-fiscal-francisco-barbosa\/#primaryimage\",\"url\":\"https:\/\/www.fiscalia.gov.co\/colombia\/wp-content\/uploads\/IMG-20220609-WA0041.jpg\",\"contentUrl\":\"https:\/\/www.fiscalia.gov.co\/colombia\/wp-content\/uploads\/IMG-20220609-WA0041.jpg\",\"width\":1280,\"height\":720},{\"@type\":\"BreadcrumbList\",\"@id\":\"https:\/\/www.fiscalia.gov.co\/colombia\/hechos-concretos\/caso-marcelo-pecci-las-redes-sociales-son-un-arma-letal-fiscal-francisco-barbosa\/#breadcrumb\",\"itemListElement\":[{\"@type\":\"ListItem\",\"position\":1,\"name\":\"Home\",\"item\":\"https:\/\/www.fiscalia.gov.co\/colombia\/\"},{\"@type\":\"ListItem\",\"position\":2,\"name\":\"Caso Marcelo Pecci: Las redes sociales son un \u201carma letal\u201d, Fiscal Francisco Barbosa\"}]},{\"@type\":\"WebSite\",\"@id\":\"https:\/\/www.fiscalia.gov.co\/colombia\/#website\",\"url\":\"https:\/\/www.fiscalia.gov.co\/colombia\/\",\"name\":\"Fiscal\u00eda General de la Naci\u00f3n\",\"description\":\"P\u00e1gina oficial de la Fiscal\u00eda General de la Naci\u00f3n \u2013 Colombia. Garantizamos el acceso efectivo a la justicia, la verdad y la reparaci\u00f3n de las v\u00edctimas de los delitos.\",\"publisher\":{\"@id\":\"https:\/\/www.fiscalia.gov.co\/colombia\/#organization\"},\"potentialAction\":[{\"@type\":\"SearchAction\",\"target\":{\"@type\":\"EntryPoint\",\"urlTemplate\":\"https:\/\/www.fiscalia.gov.co\/colombia\/?s={search_term_string}\"},\"query-input\":{\"@type\":\"PropertyValueSpecification\",\"valueRequired\":true,\"valueName\":\"search_term_string\"}}],\"inLanguage\":\"es-CO\"},{\"@type\":\"Organization\",\"@id\":\"https:\/\/www.fiscalia.gov.co\/colombia\/#organization\",\"name\":\"Fiscal\u00eda General de la Naci\u00f3n\",\"url\":\"https:\/\/www.fiscalia.gov.co\/colombia\/\",\"logo\":{\"@type\":\"ImageObject\",\"inLanguage\":\"es-CO\",\"@id\":\"https:\/\/www.fiscalia.gov.co\/colombia\/#\/schema\/logo\/image\/\",\"url\":\"https:\/\/www.fiscalia.gov.co\/colombia\/wp-content\/uploads\/LogoHorizontal_1.jpg\",\"contentUrl\":\"https:\/\/www.fiscalia.gov.co\/colombia\/wp-content\/uploads\/LogoHorizontal_1.jpg\",\"width\":300,\"height\":90,\"caption\":\"Fiscal\u00eda General de la Naci\u00f3n\"},\"image\":{\"@id\":\"https:\/\/www.fiscalia.gov.co\/colombia\/#\/schema\/logo\/image\/\"},\"sameAs\":[\"https:\/\/www.facebook.com\/FiscaliaCol\",\"https:\/\/x.com\/FiscaliaCol\",\"https:\/\/www.instagram.com\/fiscaliacol\",\"https:\/\/www.linkedin.com\/company\/fiscalia-general-de-la-naci-n\/\",\"https:\/\/youtube.com\/@fiscaliageneraldelanacion-4668?si=6nN79nyQICPU5iTh\"]},{\"@type\":\"Person\",\"@id\":\"https:\/\/www.fiscalia.gov.co\/colombia\/#\/schema\/person\/2e76b9aba5ecf875ed565ce4de0e0415\",\"name\":\"Katherine Loaiza Mart\u00ednez\",\"image\":{\"@type\":\"ImageObject\",\"inLanguage\":\"es-CO\",\"@id\":\"https:\/\/www.fiscalia.gov.co\/colombia\/#\/schema\/person\/image\/\",\"url\":\"https:\/\/secure.gravatar.com\/avatar\/ab775a2f394c1b83b6d6f78680e57b50?s=96&d=mm&r=g\",\"contentUrl\":\"https:\/\/secure.gravatar.com\/avatar\/ab775a2f394c1b83b6d6f78680e57b50?s=96&d=mm&r=g\",\"caption\":\"Katherine Loaiza Mart\u00ednez\"},\"url\":\"https:\/\/www.fiscalia.gov.co\/colombia\/author\/kloaiza\/\"}]}<\/script>\n<!-- \/ Yoast SEO plugin. -->","yoast_head_json":{"title":"Fiscal\u00eda General de la Naci\u00f3n","description":"P\u00e1gina oficial de la Fiscal\u00eda General de la Naci\u00f3n \u2013 Colombia. Garantizamos el acceso efectivo a la justicia, la verdad y la reparaci\u00f3n de las v\u00edctimas de los delitos.","robots":{"index":"noindex","follow":"follow"},"og_locale":"es_ES","og_type":"article","og_title":"Fiscal\u00eda General de la Naci\u00f3n","og_description":"P\u00e1gina oficial de la Fiscal\u00eda General de la Naci\u00f3n \u2013 Colombia. Garantizamos el acceso efectivo a la justicia, la verdad y la reparaci\u00f3n de las v\u00edctimas de los delitos.","og_url":"https:\/\/www.fiscalia.gov.co\/colombia\/hechos-concretos\/caso-marcelo-pecci-las-redes-sociales-son-un-arma-letal-fiscal-francisco-barbosa\/","og_site_name":"Fiscal\u00eda General de la Naci\u00f3n","article_publisher":"https:\/\/www.facebook.com\/FiscaliaCol","article_published_time":"2022-06-09T22:23:31+00:00","og_image":[{"width":1280,"height":720,"url":"https:\/\/www.fiscalia.gov.co\/colombia\/wp-content\/uploads\/IMG-20220609-WA0041.jpg","type":"image\/jpeg"}],"author":"Katherine Loaiza Mart\u00ednez","twitter_card":"summary_large_image","twitter_creator":"@FiscaliaCol","twitter_site":"@FiscaliaCol","twitter_misc":{"Escrito por":"Katherine Loaiza Mart\u00ednez","Tiempo de lectura":"1 minuto"},"schema":{"@context":"https:\/\/schema.org","@graph":[{"@type":"Article","@id":"https:\/\/www.fiscalia.gov.co\/colombia\/hechos-concretos\/caso-marcelo-pecci-las-redes-sociales-son-un-arma-letal-fiscal-francisco-barbosa\/#article","isPartOf":{"@id":"https:\/\/www.fiscalia.gov.co\/colombia\/hechos-concretos\/caso-marcelo-pecci-las-redes-sociales-son-un-arma-letal-fiscal-francisco-barbosa\/"},"author":{"name":"Katherine Loaiza Mart\u00ednez","@id":"https:\/\/www.fiscalia.gov.co\/colombia\/#\/schema\/person\/2e76b9aba5ecf875ed565ce4de0e0415"},"headline":"Caso Marcelo Pecci: Las redes sociales son un \u201carma letal\u201d, Fiscal Francisco Barbosa","datePublished":"2022-06-09T22:23:31+00:00","dateModified":"2022-06-09T22:23:31+00:00","mainEntityOfPage":{"@id":"https:\/\/www.fiscalia.gov.co\/colombia\/hechos-concretos\/caso-marcelo-pecci-las-redes-sociales-son-un-arma-letal-fiscal-francisco-barbosa\/"},"wordCount":220,"publisher":{"@id":"https:\/\/www.fiscalia.gov.co\/colombia\/#organization"},"image":{"@id":"https:\/\/www.fiscalia.gov.co\/colombia\/hechos-concretos\/caso-marcelo-pecci-las-redes-sociales-son-un-arma-letal-fiscal-francisco-barbosa\/#primaryimage"},"thumbnailUrl":"https:\/\/www.fiscalia.gov.co\/colombia\/wp-content\/uploads\/IMG-20220609-WA0041.jpg","keywords":["Fiscal Francisco Barbosa Delgado","Fiscal General Francisco Barbosa Delgado","Marcelo Pecci"],"articleSection":["Hechos concretos"],"inLanguage":"es-CO"},{"@type":"WebPage","@id":"https:\/\/www.fiscalia.gov.co\/colombia\/hechos-concretos\/caso-marcelo-pecci-las-redes-sociales-son-un-arma-letal-fiscal-francisco-barbosa\/","url":"https:\/\/www.fiscalia.gov.co\/colombia\/hechos-concretos\/caso-marcelo-pecci-las-redes-sociales-son-un-arma-letal-fiscal-francisco-barbosa\/","name":"Fiscal\u00eda General de la Naci\u00f3n","isPartOf":{"@id":"https:\/\/www.fiscalia.gov.co\/colombia\/#website"},"primaryImageOfPage":{"@id":"https:\/\/www.fiscalia.gov.co\/colombia\/hechos-concretos\/caso-marcelo-pecci-las-redes-sociales-son-un-arma-letal-fiscal-francisco-barbosa\/#primaryimage"},"image":{"@id":"https:\/\/www.fiscalia.gov.co\/colombia\/hechos-concretos\/caso-marcelo-pecci-las-redes-sociales-son-un-arma-letal-fiscal-francisco-barbosa\/#primaryimage"},"thumbnailUrl":"https:\/\/www.fiscalia.gov.co\/colombia\/wp-content\/uploads\/IMG-20220609-WA0041.jpg","datePublished":"2022-06-09T22:23:31+00:00","dateModified":"2022-06-09T22:23:31+00:00","description":"P\u00e1gina oficial de la Fiscal\u00eda General de la Naci\u00f3n \u2013 Colombia. Garantizamos el acceso efectivo a la justicia, la verdad y la reparaci\u00f3n de las v\u00edctimas de los delitos.","breadcrumb":{"@id":"https:\/\/www.fiscalia.gov.co\/colombia\/hechos-concretos\/caso-marcelo-pecci-las-redes-sociales-son-un-arma-letal-fiscal-francisco-barbosa\/#breadcrumb"},"inLanguage":"es-CO","potentialAction":[{"@type":"ReadAction","target":["https:\/\/www.fiscalia.gov.co\/colombia\/hechos-concretos\/caso-marcelo-pecci-las-redes-sociales-son-un-arma-letal-fiscal-francisco-barbosa\/"]}]},{"@type":"ImageObject","inLanguage":"es-CO","@id":"https:\/\/www.fiscalia.gov.co\/colombia\/hechos-concretos\/caso-marcelo-pecci-las-redes-sociales-son-un-arma-letal-fiscal-francisco-barbosa\/#primaryimage","url":"https:\/\/www.fiscalia.gov.co\/colombia\/wp-content\/uploads\/IMG-20220609-WA0041.jpg","contentUrl":"https:\/\/www.fiscalia.gov.co\/colombia\/wp-content\/uploads\/IMG-20220609-WA0041.jpg","width":1280,"height":720},{"@type":"BreadcrumbList","@id":"https:\/\/www.fiscalia.gov.co\/colombia\/hechos-concretos\/caso-marcelo-pecci-las-redes-sociales-son-un-arma-letal-fiscal-francisco-barbosa\/#breadcrumb","itemListElement":[{"@type":"ListItem","position":1,"name":"Home","item":"https:\/\/www.fiscalia.gov.co\/colombia\/"},{"@type":"ListItem","position":2,"name":"Caso Marcelo Pecci: Las redes sociales son un \u201carma letal\u201d, Fiscal Francisco Barbosa"}]},{"@type":"WebSite","@id":"https:\/\/www.fiscalia.gov.co\/colombia\/#website","url":"https:\/\/www.fiscalia.gov.co\/colombia\/","name":"Fiscal\u00eda General de la Naci\u00f3n","description":"P\u00e1gina oficial de la Fiscal\u00eda General de la Naci\u00f3n \u2013 Colombia. Garantizamos el acceso efectivo a la justicia, la verdad y la reparaci\u00f3n de las v\u00edctimas de los delitos.","publisher":{"@id":"https:\/\/www.fiscalia.gov.co\/colombia\/#organization"},"potentialAction":[{"@type":"SearchAction","target":{"@type":"EntryPoint","urlTemplate":"https:\/\/www.fiscalia.gov.co\/colombia\/?s={search_term_string}"},"query-input":{"@type":"PropertyValueSpecification","valueRequired":true,"valueName":"search_term_string"}}],"inLanguage":"es-CO"},{"@type":"Organization","@id":"https:\/\/www.fiscalia.gov.co\/colombia\/#organization","name":"Fiscal\u00eda General de la Naci\u00f3n","url":"https:\/\/www.fiscalia.gov.co\/colombia\/","logo":{"@type":"ImageObject","inLanguage":"es-CO","@id":"https:\/\/www.fiscalia.gov.co\/colombia\/#\/schema\/logo\/image\/","url":"https:\/\/www.fiscalia.gov.co\/colombia\/wp-content\/uploads\/LogoHorizontal_1.jpg","contentUrl":"https:\/\/www.fiscalia.gov.co\/colombia\/wp-content\/uploads\/LogoHorizontal_1.jpg","width":300,"height":90,"caption":"Fiscal\u00eda General de la Naci\u00f3n"},"image":{"@id":"https:\/\/www.fiscalia.gov.co\/colombia\/#\/schema\/logo\/image\/"},"sameAs":["https:\/\/www.facebook.com\/FiscaliaCol","https:\/\/x.com\/FiscaliaCol","https:\/\/www.instagram.com\/fiscaliacol","https:\/\/www.linkedin.com\/company\/fiscalia-general-de-la-naci-n\/","https:\/\/youtube.com\/@fiscaliageneraldelanacion-4668?si=6nN79nyQICPU5iTh"]},{"@type":"Person","@id":"https:\/\/www.fiscalia.gov.co\/colombia\/#\/schema\/person\/2e76b9aba5ecf875ed565ce4de0e0415","name":"Katherine Loaiza Mart\u00ednez","image":{"@type":"ImageObject","inLanguage":"es-CO","@id":"https:\/\/www.fiscalia.gov.co\/colombia\/#\/schema\/person\/image\/","url":"https:\/\/secure.gravatar.com\/avatar\/ab775a2f394c1b83b6d6f78680e57b50?s=96&d=mm&r=g","contentUrl":"https:\/\/secure.gravatar.com\/avatar\/ab775a2f394c1b83b6d6f78680e57b50?s=96&d=mm&r=g","caption":"Katherine Loaiza Mart\u00ednez"},"url":"https:\/\/www.fiscalia.gov.co\/colombia\/author\/kloaiza\/"}]}},"_links":{"self":[{"href":"https:\/\/www.fiscalia.gov.co\/colombia\/wp-json\/wp\/v2\/posts\/250269","targetHints":{"allow":["GET"]}}],"collection":[{"href":"https:\/\/www.fiscalia.gov.co\/colombia\/wp-json\/wp\/v2\/posts"}],"about":[{"href":"https:\/\/www.fiscalia.gov.co\/colombia\/wp-json\/wp\/v2\/types\/post"}],"author":[{"embeddable":true,"href":"https:\/\/www.fiscalia.gov.co\/colombia\/wp-json\/wp\/v2\/users\/175"}],"replies":[{"embeddable":true,"href":"https:\/\/www.fiscalia.gov.co\/colombia\/wp-json\/wp\/v2\/comments?post=250269"}],"version-history":[{"count":1,"href":"https:\/\/www.fiscalia.gov.co\/colombia\/wp-json\/wp\/v2\/posts\/250269\/revisions"}],"predecessor-version":[{"id":250275,"href":"https:\/\/www.fiscalia.gov.co\/colombia\/wp-json\/wp\/v2\/posts\/250269\/revisions\/250275"}],"wp:featuredmedia":[{"embeddable":true,"href":"https:\/\/www.fiscalia.gov.co\/colombia\/wp-json\/wp\/v2\/media\/250320"}],"wp:attachment":[{"href":"https:\/\/www.fiscalia.gov.co\/colombia\/wp-json\/wp\/v2\/media?parent=250269"}],"wp:term":[{"taxonomy":"category","embeddable":true,"href":"https:\/\/www.fiscalia.gov.co\/colombia\/wp-json\/wp\/v2\/categories?post=250269"},{"taxonomy":"post_tag","embeddable":true,"href":"https:\/\/www.fiscalia.gov.co\/colombia\/wp-json\/wp\/v2\/tags?post=250269"}],"curies":[{"name":"wp","href":"https:\/\/api.w.org\/{rel}","templated":true}]}}