{"id":250176,"date":"2022-06-08T18:23:11","date_gmt":"2022-06-08T23:23:11","guid":{"rendered":"https:\/\/www.fiscalia.gov.co\/colombia\/?p=250176"},"modified":"2022-06-08T18:23:47","modified_gmt":"2022-06-08T23:23:47","slug":"un-hombre-fue-enviado-a-la-carcel-por-su-presunta-autoria-en-un-homicidio-en-ocana","status":"publish","type":"post","link":"https:\/\/www.fiscalia.gov.co\/colombia\/noticias\/un-hombre-fue-enviado-a-la-carcel-por-su-presunta-autoria-en-un-homicidio-en-ocana\/","title":{"rendered":"Un hombre fue enviado a la c\u00e1rcel por su presunta autor\u00eda en un homicidio en Oca\u00f1a"},"content":{"rendered":"<p style=\"font-weight: 400;\">La Fiscal\u00eda judicializ\u00f3 a un hombre se\u00f1alado\u00a0como presunto responsable del\u00a0<a href=\"https:\/\/www.fiscalia.gov.co\/colombia\/noticias\/a-la-carcel-hombre-investigado-por-tentativa-de-homicidio-en-cucuta-norte-de-santander\/\" data-saferedirecturl=\"https:\/\/www.google.com\/url?q=https:\/\/www.fiscalia.gov.co\/colombia\/noticias\/a-la-carcel-hombre-investigado-por-tentativa-de-homicidio-en-cucuta-norte-de-santander\/&amp;source=gmail&amp;ust=1654815940406000&amp;usg=AOvVaw1-znUf5AGXGl430detU5gZ\">homicidio<\/a>\u00a0de\u00a0Cristian Fernando Moncada Barbosa,\u00a0ocurrido este 5 de junio en zona urbana del municipio de Oca\u00f1a (Norte de Santander).<\/p>\n<figure id=\"attachment_250177\" aria-describedby=\"caption-attachment-250177\" style=\"width: 667px\" class=\"wp-caption aligncenter\"><img loading=\"lazy\" decoding=\"async\" class=\"size-full wp-image-250177\" src=\"https:\/\/www.fiscalia.gov.co\/colombia\/wp-content\/uploads\/Fiscal-Barbosa-Yeferson-Yohan-Acevedo-Rodriguez-se-presento-de-manera-voluntaria-a-la-Fiscalia-este-7-de-junio..jpg\" alt=\"\" width=\"667\" height=\"703\" srcset=\"https:\/\/www.fiscalia.gov.co\/colombia\/wp-content\/uploads\/Fiscal-Barbosa-Yeferson-Yohan-Acevedo-Rodriguez-se-presento-de-manera-voluntaria-a-la-Fiscalia-este-7-de-junio..jpg 667w, https:\/\/www.fiscalia.gov.co\/colombia\/wp-content\/uploads\/Fiscal-Barbosa-Yeferson-Yohan-Acevedo-Rodriguez-se-presento-de-manera-voluntaria-a-la-Fiscalia-este-7-de-junio.-285x300.jpg 285w, https:\/\/www.fiscalia.gov.co\/colombia\/wp-content\/uploads\/Fiscal-Barbosa-Yeferson-Yohan-Acevedo-Rodriguez-se-presento-de-manera-voluntaria-a-la-Fiscalia-este-7-de-junio.-398x420.jpg 398w\" sizes=\"auto, (max-width: 667px) 100vw, 667px\" \/><figcaption id=\"caption-attachment-250177\" class=\"wp-caption-text\">Yeferson Yohan Acevedo Rodr\u00edguez se present\u00f3 de manera voluntaria a la Fiscal\u00eda este 7 de junio.<\/figcaption><\/figure>\n<p style=\"font-weight: 400;\">Se trata de\u00a0Yeferson Yohan Acevedo Rodr\u00edguez, quien se present\u00f3 de manera voluntaria a la Fiscal\u00eda este 7 de junio.<\/p>\n<p style=\"font-weight: 400;\">En audiencias preliminares ante un juez con funciones de control de garant\u00edas, la Fiscal\u00eda le imputo cargos por el delito de homicidio\u00a0<a href=\"https:\/\/www.fiscalia.gov.co\/colombia\/noticias\/asegurado-hombre-investigado-por-homicidio-perpetrado-en-zona-metropolitana-de-cucuta-norte-de-santander\/\" data-saferedirecturl=\"https:\/\/www.google.com\/url?q=https:\/\/www.fiscalia.gov.co\/colombia\/noticias\/asegurado-hombre-investigado-por-homicidio-perpetrado-en-zona-metropolitana-de-cucuta-norte-de-santander\/&amp;source=gmail&amp;ust=1654815940406000&amp;usg=AOvVaw3R721APf-qg4qADOx-cENr\">agravado<\/a>.<\/p>\n<p style=\"font-weight: 400;\">De acuerdo con las indagaciones, la v\u00edctima fue herida de gravedad con arma cortopunzante por el procesado, al parecer en medio de una ri\u00f1a en un establecimiento comercial ubicado en zona c\u00e9ntrica de este municipio.<\/p>\n<p style=\"font-weight: 400;\">Acevedo Rodr\u00edguez no acepto su responsabilidad y fue cobijado con medida de aseguramiento\u00a0<a href=\"https:\/\/www.fiscalia.gov.co\/colombia\/noticias\/asegurados-presuntos-autores-del-homicidio-de-un-habitante-de-calle-en-cucuta\/\" data-saferedirecturl=\"https:\/\/www.google.com\/url?q=https:\/\/www.fiscalia.gov.co\/colombia\/noticias\/asegurados-presuntos-autores-del-homicidio-de-un-habitante-de-calle-en-cucuta\/&amp;source=gmail&amp;ust=1654815940406000&amp;usg=AOvVaw1CdWrkbMg1t_RVnI0HEiEz\">privativa de la libertad<\/a>.<\/p>\n<p style=\"font-weight: 400;\"><strong>La Fiscal\u00eda habla con resultados.<\/strong><\/p>\n<p>&nbsp;<\/p>\n<p>&nbsp;<\/p>\n<p>&nbsp;<\/p>\n<p style=\"font-weight: 400;\">MPHA\/CFG\/AEQT\/DATO\/DSNS<\/p>\n<p>&nbsp;<\/p>\n<p>&nbsp;<\/p>\n<p style=\"font-weight: 400;\"><em>La informaci\u00f3n contenida en este bolet\u00edn de prensa corresponde a la narraci\u00f3n de los hechos noticiosos objetivos, suministrados por los funcionarios encargados de adelantar las investigaciones penales al interior de la Fiscal\u00eda General de la Naci\u00f3n. Para el momento de la divulgaci\u00f3n de este comunicado, la situaci\u00f3n jur\u00eddica de la(s) persona(s) relacionada(s) se encuentra pendiente de resolver por la autoridad judicial competente, siempre bajo los preceptos de la presunci\u00f3n de inocencia, consagrados en el art\u00edculo 29 de la Constituci\u00f3n Pol\u00edtica y el art\u00edculo 7\u00ba de la Ley 906 de 2004.<\/em><\/p>\n\n<div class=\"twitter-share\"><a href=\"https:\/\/twitter.com\/intent\/tweet?via=fiscaliacol\" class=\"twitter-share-button\">Tweet<\/a><\/div>\n","protected":false},"excerpt":{"rendered":"<p>La Fiscal\u00eda judicializ\u00f3 a un hombre se\u00f1alado\u00a0como presunto responsable del\u00a0homicidio\u00a0de\u00a0Cristian Fernando Moncada Barbosa,\u00a0ocurrido este 5 de junio en zona urbana del municipio de Oca\u00f1a (Norte de Santander). Se trata de\u00a0Yeferson Yohan Acevedo Rodr\u00edguez, quien se present\u00f3 de manera voluntaria a la Fiscal\u00eda este 7 de junio. En audiencias preliminares ante un juez con funciones de [&hellip;]<\/p>\n","protected":false},"author":177,"featured_media":0,"comment_status":"closed","ping_status":"open","sticky":false,"template":"","format":"standard","meta":{"_price":"","_stock":"","_tribe_ticket_header":"","_tribe_default_ticket_provider":"","_tribe_ticket_capacity":"0","_ticket_start_date":"","_ticket_end_date":"","_tribe_ticket_show_description":"","_tribe_ticket_show_not_going":false,"_tribe_ticket_use_global_stock":"","_tribe_ticket_global_stock_level":"","_global_stock_mode":"","_global_stock_cap":"","_tribe_rsvp_for_event":"","_tribe_ticket_going_count":"","_tribe_ticket_not_going_count":"","_tribe_tickets_list":"[]","_tribe_ticket_has_attendee_info_fields":false,"tdm_status":"","tdm_grid_status":"","footnotes":""},"categories":[1,326,303,24099],"tags":[14550,14129,24185,4614,1047,409,25996,4348],"class_list":{"0":"post-250176","1":"post","2":"type-post","3":"status-publish","4":"format-standard","6":"category-noticias","7":"category-seccional-cucuta","8":"category-seccionales","9":"category-seguridad-territorial","10":"tag-carcel","11":"tag-entrega-voluntaria","12":"tag-fiscal-barbosa","13":"tag-fiscalia-2","14":"tag-fiscalia-general-de-la-nacion","15":"tag-homicidio","16":"tag-ocana-norte-de-santander","17":"tag-rina"},"yoast_head":"<!-- This site is optimized with the Yoast SEO plugin v24.3 - https:\/\/yoast.com\/wordpress\/plugins\/seo\/ -->\n<title>Fiscal\u00eda General de la Naci\u00f3n<\/title>\n<meta name=\"description\" content=\"P\u00e1gina oficial de la Fiscal\u00eda General de la Naci\u00f3n \u2013 Colombia. Garantizamos el acceso efectivo a la justicia, la verdad y la reparaci\u00f3n de las v\u00edctimas de los delitos.\" \/>\n<meta name=\"robots\" content=\"noindex, follow\" \/>\n<meta property=\"og:locale\" content=\"es_ES\" \/>\n<meta property=\"og:type\" content=\"article\" \/>\n<meta property=\"og:title\" content=\"Fiscal\u00eda General de la Naci\u00f3n\" \/>\n<meta property=\"og:description\" content=\"P\u00e1gina oficial de la Fiscal\u00eda General de la Naci\u00f3n \u2013 Colombia. Garantizamos el acceso efectivo a la justicia, la verdad y la reparaci\u00f3n de las v\u00edctimas de los delitos.\" \/>\n<meta property=\"og:url\" content=\"https:\/\/www.fiscalia.gov.co\/colombia\/noticias\/un-hombre-fue-enviado-a-la-carcel-por-su-presunta-autoria-en-un-homicidio-en-ocana\/\" \/>\n<meta property=\"og:site_name\" content=\"Fiscal\u00eda General de la Naci\u00f3n\" \/>\n<meta property=\"article:publisher\" content=\"https:\/\/www.facebook.com\/FiscaliaCol\" \/>\n<meta property=\"article:published_time\" content=\"2022-06-08T23:23:11+00:00\" \/>\n<meta property=\"article:modified_time\" content=\"2022-06-08T23:23:47+00:00\" \/>\n<meta property=\"og:image\" content=\"https:\/\/www.fiscalia.gov.co\/colombia\/wp-content\/uploads\/Fiscal-Barbosa-Yeferson-Yohan-Acevedo-Rodriguez-se-presento-de-manera-voluntaria-a-la-Fiscalia-este-7-de-junio..jpg\" \/>\n<meta name=\"author\" content=\"Jordan Leandro Oviedo Anzola\" \/>\n<meta name=\"twitter:card\" content=\"summary_large_image\" \/>\n<meta name=\"twitter:creator\" content=\"@FiscaliaCol\" \/>\n<meta name=\"twitter:site\" content=\"@FiscaliaCol\" \/>\n<meta name=\"twitter:label1\" content=\"Escrito por\" \/>\n\t<meta name=\"twitter:data1\" content=\"Jordan Leandro Oviedo Anzola\" \/>\n\t<meta name=\"twitter:label2\" content=\"Tiempo de lectura\" \/>\n\t<meta name=\"twitter:data2\" content=\"1 minuto\" \/>\n<script type=\"application\/ld+json\" class=\"yoast-schema-graph\">{\"@context\":\"https:\/\/schema.org\",\"@graph\":[{\"@type\":\"Article\",\"@id\":\"https:\/\/www.fiscalia.gov.co\/colombia\/noticias\/un-hombre-fue-enviado-a-la-carcel-por-su-presunta-autoria-en-un-homicidio-en-ocana\/#article\",\"isPartOf\":{\"@id\":\"https:\/\/www.fiscalia.gov.co\/colombia\/noticias\/un-hombre-fue-enviado-a-la-carcel-por-su-presunta-autoria-en-un-homicidio-en-ocana\/\"},\"author\":{\"name\":\"Jordan Leandro Oviedo Anzola\",\"@id\":\"https:\/\/www.fiscalia.gov.co\/colombia\/#\/schema\/person\/bf84402cf293a5393e9c70b111020b24\"},\"headline\":\"Un hombre fue enviado a la c\u00e1rcel por su presunta autor\u00eda en un homicidio en Oca\u00f1a\",\"datePublished\":\"2022-06-08T23:23:11+00:00\",\"dateModified\":\"2022-06-08T23:23:47+00:00\",\"mainEntityOfPage\":{\"@id\":\"https:\/\/www.fiscalia.gov.co\/colombia\/noticias\/un-hombre-fue-enviado-a-la-carcel-por-su-presunta-autoria-en-un-homicidio-en-ocana\/\"},\"wordCount\":297,\"publisher\":{\"@id\":\"https:\/\/www.fiscalia.gov.co\/colombia\/#organization\"},\"image\":{\"@id\":\"https:\/\/www.fiscalia.gov.co\/colombia\/noticias\/un-hombre-fue-enviado-a-la-carcel-por-su-presunta-autoria-en-un-homicidio-en-ocana\/#primaryimage\"},\"thumbnailUrl\":\"https:\/\/www.fiscalia.gov.co\/colombia\/wp-content\/uploads\/Fiscal-Barbosa-Yeferson-Yohan-Acevedo-Rodriguez-se-presento-de-manera-voluntaria-a-la-Fiscalia-este-7-de-junio..jpg\",\"keywords\":[\"C\u00e1rcel\",\"entrega voluntaria\",\"Fiscal Barbosa\",\"Fiscal\u00eda\",\"Fiscal\u00eda General de la Naci\u00f3n\",\"Homicidio\",\"Oca\u00f1a (Norte de Santander)\",\"Ri\u00f1a\"],\"articleSection\":[\"Noticias\",\"Seccional C\u00facuta\",\"Seccionales\",\"Seguridad territorial\"],\"inLanguage\":\"es-CO\"},{\"@type\":\"WebPage\",\"@id\":\"https:\/\/www.fiscalia.gov.co\/colombia\/noticias\/un-hombre-fue-enviado-a-la-carcel-por-su-presunta-autoria-en-un-homicidio-en-ocana\/\",\"url\":\"https:\/\/www.fiscalia.gov.co\/colombia\/noticias\/un-hombre-fue-enviado-a-la-carcel-por-su-presunta-autoria-en-un-homicidio-en-ocana\/\",\"name\":\"Fiscal\u00eda General de la Naci\u00f3n\",\"isPartOf\":{\"@id\":\"https:\/\/www.fiscalia.gov.co\/colombia\/#website\"},\"primaryImageOfPage\":{\"@id\":\"https:\/\/www.fiscalia.gov.co\/colombia\/noticias\/un-hombre-fue-enviado-a-la-carcel-por-su-presunta-autoria-en-un-homicidio-en-ocana\/#primaryimage\"},\"image\":{\"@id\":\"https:\/\/www.fiscalia.gov.co\/colombia\/noticias\/un-hombre-fue-enviado-a-la-carcel-por-su-presunta-autoria-en-un-homicidio-en-ocana\/#primaryimage\"},\"thumbnailUrl\":\"https:\/\/www.fiscalia.gov.co\/colombia\/wp-content\/uploads\/Fiscal-Barbosa-Yeferson-Yohan-Acevedo-Rodriguez-se-presento-de-manera-voluntaria-a-la-Fiscalia-este-7-de-junio..jpg\",\"datePublished\":\"2022-06-08T23:23:11+00:00\",\"dateModified\":\"2022-06-08T23:23:47+00:00\",\"description\":\"P\u00e1gina oficial de la Fiscal\u00eda General de la Naci\u00f3n \u2013 Colombia. Garantizamos el acceso efectivo a la justicia, la verdad y la reparaci\u00f3n de las v\u00edctimas de los delitos.\",\"breadcrumb\":{\"@id\":\"https:\/\/www.fiscalia.gov.co\/colombia\/noticias\/un-hombre-fue-enviado-a-la-carcel-por-su-presunta-autoria-en-un-homicidio-en-ocana\/#breadcrumb\"},\"inLanguage\":\"es-CO\",\"potentialAction\":[{\"@type\":\"ReadAction\",\"target\":[\"https:\/\/www.fiscalia.gov.co\/colombia\/noticias\/un-hombre-fue-enviado-a-la-carcel-por-su-presunta-autoria-en-un-homicidio-en-ocana\/\"]}]},{\"@type\":\"ImageObject\",\"inLanguage\":\"es-CO\",\"@id\":\"https:\/\/www.fiscalia.gov.co\/colombia\/noticias\/un-hombre-fue-enviado-a-la-carcel-por-su-presunta-autoria-en-un-homicidio-en-ocana\/#primaryimage\",\"url\":\"https:\/\/www.fiscalia.gov.co\/colombia\/wp-content\/uploads\/Fiscal-Barbosa-Yeferson-Yohan-Acevedo-Rodriguez-se-presento-de-manera-voluntaria-a-la-Fiscalia-este-7-de-junio..jpg\",\"contentUrl\":\"https:\/\/www.fiscalia.gov.co\/colombia\/wp-content\/uploads\/Fiscal-Barbosa-Yeferson-Yohan-Acevedo-Rodriguez-se-presento-de-manera-voluntaria-a-la-Fiscalia-este-7-de-junio..jpg\",\"width\":667,\"height\":703,\"caption\":\"Yeferson Yohan Acevedo Rodr\u00edguez se present\u00f3 de manera voluntaria a la Fiscal\u00eda este 7 de junio.\"},{\"@type\":\"BreadcrumbList\",\"@id\":\"https:\/\/www.fiscalia.gov.co\/colombia\/noticias\/un-hombre-fue-enviado-a-la-carcel-por-su-presunta-autoria-en-un-homicidio-en-ocana\/#breadcrumb\",\"itemListElement\":[{\"@type\":\"ListItem\",\"position\":1,\"name\":\"Home\",\"item\":\"https:\/\/www.fiscalia.gov.co\/colombia\/\"},{\"@type\":\"ListItem\",\"position\":2,\"name\":\"Un hombre fue enviado a la c\u00e1rcel por su presunta autor\u00eda en un homicidio en Oca\u00f1a\"}]},{\"@type\":\"WebSite\",\"@id\":\"https:\/\/www.fiscalia.gov.co\/colombia\/#website\",\"url\":\"https:\/\/www.fiscalia.gov.co\/colombia\/\",\"name\":\"Fiscal\u00eda General de la Naci\u00f3n\",\"description\":\"P\u00e1gina oficial de la Fiscal\u00eda General de la Naci\u00f3n \u2013 Colombia. Garantizamos el acceso efectivo a la justicia, la verdad y la reparaci\u00f3n de las v\u00edctimas de los delitos.\",\"publisher\":{\"@id\":\"https:\/\/www.fiscalia.gov.co\/colombia\/#organization\"},\"potentialAction\":[{\"@type\":\"SearchAction\",\"target\":{\"@type\":\"EntryPoint\",\"urlTemplate\":\"https:\/\/www.fiscalia.gov.co\/colombia\/?s={search_term_string}\"},\"query-input\":{\"@type\":\"PropertyValueSpecification\",\"valueRequired\":true,\"valueName\":\"search_term_string\"}}],\"inLanguage\":\"es-CO\"},{\"@type\":\"Organization\",\"@id\":\"https:\/\/www.fiscalia.gov.co\/colombia\/#organization\",\"name\":\"Fiscal\u00eda General de la Naci\u00f3n\",\"url\":\"https:\/\/www.fiscalia.gov.co\/colombia\/\",\"logo\":{\"@type\":\"ImageObject\",\"inLanguage\":\"es-CO\",\"@id\":\"https:\/\/www.fiscalia.gov.co\/colombia\/#\/schema\/logo\/image\/\",\"url\":\"https:\/\/www.fiscalia.gov.co\/colombia\/wp-content\/uploads\/LogoHorizontal_1.jpg\",\"contentUrl\":\"https:\/\/www.fiscalia.gov.co\/colombia\/wp-content\/uploads\/LogoHorizontal_1.jpg\",\"width\":300,\"height\":90,\"caption\":\"Fiscal\u00eda General de la Naci\u00f3n\"},\"image\":{\"@id\":\"https:\/\/www.fiscalia.gov.co\/colombia\/#\/schema\/logo\/image\/\"},\"sameAs\":[\"https:\/\/www.facebook.com\/FiscaliaCol\",\"https:\/\/x.com\/FiscaliaCol\",\"https:\/\/www.instagram.com\/fiscaliacol\",\"https:\/\/www.linkedin.com\/company\/fiscalia-general-de-la-naci-n\/\",\"https:\/\/youtube.com\/@fiscaliageneraldelanacion-4668?si=6nN79nyQICPU5iTh\"]},{\"@type\":\"Person\",\"@id\":\"https:\/\/www.fiscalia.gov.co\/colombia\/#\/schema\/person\/bf84402cf293a5393e9c70b111020b24\",\"name\":\"Jordan Leandro Oviedo Anzola\",\"image\":{\"@type\":\"ImageObject\",\"inLanguage\":\"es-CO\",\"@id\":\"https:\/\/www.fiscalia.gov.co\/colombia\/#\/schema\/person\/image\/\",\"url\":\"https:\/\/secure.gravatar.com\/avatar\/dabba4346fa9b9207d96adafa8f92721?s=96&d=mm&r=g\",\"contentUrl\":\"https:\/\/secure.gravatar.com\/avatar\/dabba4346fa9b9207d96adafa8f92721?s=96&d=mm&r=g\",\"caption\":\"Jordan Leandro Oviedo Anzola\"},\"url\":\"https:\/\/www.fiscalia.gov.co\/colombia\/author\/joviedo\/\"}]}<\/script>\n<!-- \/ Yoast SEO plugin. -->","yoast_head_json":{"title":"Fiscal\u00eda General de la Naci\u00f3n","description":"P\u00e1gina oficial de la Fiscal\u00eda General de la Naci\u00f3n \u2013 Colombia. Garantizamos el acceso efectivo a la justicia, la verdad y la reparaci\u00f3n de las v\u00edctimas de los delitos.","robots":{"index":"noindex","follow":"follow"},"og_locale":"es_ES","og_type":"article","og_title":"Fiscal\u00eda General de la Naci\u00f3n","og_description":"P\u00e1gina oficial de la Fiscal\u00eda General de la Naci\u00f3n \u2013 Colombia. Garantizamos el acceso efectivo a la justicia, la verdad y la reparaci\u00f3n de las v\u00edctimas de los delitos.","og_url":"https:\/\/www.fiscalia.gov.co\/colombia\/noticias\/un-hombre-fue-enviado-a-la-carcel-por-su-presunta-autoria-en-un-homicidio-en-ocana\/","og_site_name":"Fiscal\u00eda General de la Naci\u00f3n","article_publisher":"https:\/\/www.facebook.com\/FiscaliaCol","article_published_time":"2022-06-08T23:23:11+00:00","article_modified_time":"2022-06-08T23:23:47+00:00","og_image":[{"url":"https:\/\/www.fiscalia.gov.co\/colombia\/wp-content\/uploads\/Fiscal-Barbosa-Yeferson-Yohan-Acevedo-Rodriguez-se-presento-de-manera-voluntaria-a-la-Fiscalia-este-7-de-junio..jpg","type":"","width":"","height":""}],"author":"Jordan Leandro Oviedo Anzola","twitter_card":"summary_large_image","twitter_creator":"@FiscaliaCol","twitter_site":"@FiscaliaCol","twitter_misc":{"Escrito por":"Jordan Leandro Oviedo Anzola","Tiempo de lectura":"1 minuto"},"schema":{"@context":"https:\/\/schema.org","@graph":[{"@type":"Article","@id":"https:\/\/www.fiscalia.gov.co\/colombia\/noticias\/un-hombre-fue-enviado-a-la-carcel-por-su-presunta-autoria-en-un-homicidio-en-ocana\/#article","isPartOf":{"@id":"https:\/\/www.fiscalia.gov.co\/colombia\/noticias\/un-hombre-fue-enviado-a-la-carcel-por-su-presunta-autoria-en-un-homicidio-en-ocana\/"},"author":{"name":"Jordan Leandro Oviedo Anzola","@id":"https:\/\/www.fiscalia.gov.co\/colombia\/#\/schema\/person\/bf84402cf293a5393e9c70b111020b24"},"headline":"Un hombre fue enviado a la c\u00e1rcel por su presunta autor\u00eda en un homicidio en Oca\u00f1a","datePublished":"2022-06-08T23:23:11+00:00","dateModified":"2022-06-08T23:23:47+00:00","mainEntityOfPage":{"@id":"https:\/\/www.fiscalia.gov.co\/colombia\/noticias\/un-hombre-fue-enviado-a-la-carcel-por-su-presunta-autoria-en-un-homicidio-en-ocana\/"},"wordCount":297,"publisher":{"@id":"https:\/\/www.fiscalia.gov.co\/colombia\/#organization"},"image":{"@id":"https:\/\/www.fiscalia.gov.co\/colombia\/noticias\/un-hombre-fue-enviado-a-la-carcel-por-su-presunta-autoria-en-un-homicidio-en-ocana\/#primaryimage"},"thumbnailUrl":"https:\/\/www.fiscalia.gov.co\/colombia\/wp-content\/uploads\/Fiscal-Barbosa-Yeferson-Yohan-Acevedo-Rodriguez-se-presento-de-manera-voluntaria-a-la-Fiscalia-este-7-de-junio..jpg","keywords":["C\u00e1rcel","entrega voluntaria","Fiscal Barbosa","Fiscal\u00eda","Fiscal\u00eda General de la Naci\u00f3n","Homicidio","Oca\u00f1a (Norte de Santander)","Ri\u00f1a"],"articleSection":["Noticias","Seccional C\u00facuta","Seccionales","Seguridad territorial"],"inLanguage":"es-CO"},{"@type":"WebPage","@id":"https:\/\/www.fiscalia.gov.co\/colombia\/noticias\/un-hombre-fue-enviado-a-la-carcel-por-su-presunta-autoria-en-un-homicidio-en-ocana\/","url":"https:\/\/www.fiscalia.gov.co\/colombia\/noticias\/un-hombre-fue-enviado-a-la-carcel-por-su-presunta-autoria-en-un-homicidio-en-ocana\/","name":"Fiscal\u00eda General de la Naci\u00f3n","isPartOf":{"@id":"https:\/\/www.fiscalia.gov.co\/colombia\/#website"},"primaryImageOfPage":{"@id":"https:\/\/www.fiscalia.gov.co\/colombia\/noticias\/un-hombre-fue-enviado-a-la-carcel-por-su-presunta-autoria-en-un-homicidio-en-ocana\/#primaryimage"},"image":{"@id":"https:\/\/www.fiscalia.gov.co\/colombia\/noticias\/un-hombre-fue-enviado-a-la-carcel-por-su-presunta-autoria-en-un-homicidio-en-ocana\/#primaryimage"},"thumbnailUrl":"https:\/\/www.fiscalia.gov.co\/colombia\/wp-content\/uploads\/Fiscal-Barbosa-Yeferson-Yohan-Acevedo-Rodriguez-se-presento-de-manera-voluntaria-a-la-Fiscalia-este-7-de-junio..jpg","datePublished":"2022-06-08T23:23:11+00:00","dateModified":"2022-06-08T23:23:47+00:00","description":"P\u00e1gina oficial de la Fiscal\u00eda General de la Naci\u00f3n \u2013 Colombia. Garantizamos el acceso efectivo a la justicia, la verdad y la reparaci\u00f3n de las v\u00edctimas de los delitos.","breadcrumb":{"@id":"https:\/\/www.fiscalia.gov.co\/colombia\/noticias\/un-hombre-fue-enviado-a-la-carcel-por-su-presunta-autoria-en-un-homicidio-en-ocana\/#breadcrumb"},"inLanguage":"es-CO","potentialAction":[{"@type":"ReadAction","target":["https:\/\/www.fiscalia.gov.co\/colombia\/noticias\/un-hombre-fue-enviado-a-la-carcel-por-su-presunta-autoria-en-un-homicidio-en-ocana\/"]}]},{"@type":"ImageObject","inLanguage":"es-CO","@id":"https:\/\/www.fiscalia.gov.co\/colombia\/noticias\/un-hombre-fue-enviado-a-la-carcel-por-su-presunta-autoria-en-un-homicidio-en-ocana\/#primaryimage","url":"https:\/\/www.fiscalia.gov.co\/colombia\/wp-content\/uploads\/Fiscal-Barbosa-Yeferson-Yohan-Acevedo-Rodriguez-se-presento-de-manera-voluntaria-a-la-Fiscalia-este-7-de-junio..jpg","contentUrl":"https:\/\/www.fiscalia.gov.co\/colombia\/wp-content\/uploads\/Fiscal-Barbosa-Yeferson-Yohan-Acevedo-Rodriguez-se-presento-de-manera-voluntaria-a-la-Fiscalia-este-7-de-junio..jpg","width":667,"height":703,"caption":"Yeferson Yohan Acevedo Rodr\u00edguez se present\u00f3 de manera voluntaria a la Fiscal\u00eda este 7 de junio."},{"@type":"BreadcrumbList","@id":"https:\/\/www.fiscalia.gov.co\/colombia\/noticias\/un-hombre-fue-enviado-a-la-carcel-por-su-presunta-autoria-en-un-homicidio-en-ocana\/#breadcrumb","itemListElement":[{"@type":"ListItem","position":1,"name":"Home","item":"https:\/\/www.fiscalia.gov.co\/colombia\/"},{"@type":"ListItem","position":2,"name":"Un hombre fue enviado a la c\u00e1rcel por su presunta autor\u00eda en un homicidio en Oca\u00f1a"}]},{"@type":"WebSite","@id":"https:\/\/www.fiscalia.gov.co\/colombia\/#website","url":"https:\/\/www.fiscalia.gov.co\/colombia\/","name":"Fiscal\u00eda General de la Naci\u00f3n","description":"P\u00e1gina oficial de la Fiscal\u00eda General de la Naci\u00f3n \u2013 Colombia. Garantizamos el acceso efectivo a la justicia, la verdad y la reparaci\u00f3n de las v\u00edctimas de los delitos.","publisher":{"@id":"https:\/\/www.fiscalia.gov.co\/colombia\/#organization"},"potentialAction":[{"@type":"SearchAction","target":{"@type":"EntryPoint","urlTemplate":"https:\/\/www.fiscalia.gov.co\/colombia\/?s={search_term_string}"},"query-input":{"@type":"PropertyValueSpecification","valueRequired":true,"valueName":"search_term_string"}}],"inLanguage":"es-CO"},{"@type":"Organization","@id":"https:\/\/www.fiscalia.gov.co\/colombia\/#organization","name":"Fiscal\u00eda General de la Naci\u00f3n","url":"https:\/\/www.fiscalia.gov.co\/colombia\/","logo":{"@type":"ImageObject","inLanguage":"es-CO","@id":"https:\/\/www.fiscalia.gov.co\/colombia\/#\/schema\/logo\/image\/","url":"https:\/\/www.fiscalia.gov.co\/colombia\/wp-content\/uploads\/LogoHorizontal_1.jpg","contentUrl":"https:\/\/www.fiscalia.gov.co\/colombia\/wp-content\/uploads\/LogoHorizontal_1.jpg","width":300,"height":90,"caption":"Fiscal\u00eda General de la Naci\u00f3n"},"image":{"@id":"https:\/\/www.fiscalia.gov.co\/colombia\/#\/schema\/logo\/image\/"},"sameAs":["https:\/\/www.facebook.com\/FiscaliaCol","https:\/\/x.com\/FiscaliaCol","https:\/\/www.instagram.com\/fiscaliacol","https:\/\/www.linkedin.com\/company\/fiscalia-general-de-la-naci-n\/","https:\/\/youtube.com\/@fiscaliageneraldelanacion-4668?si=6nN79nyQICPU5iTh"]},{"@type":"Person","@id":"https:\/\/www.fiscalia.gov.co\/colombia\/#\/schema\/person\/bf84402cf293a5393e9c70b111020b24","name":"Jordan Leandro Oviedo Anzola","image":{"@type":"ImageObject","inLanguage":"es-CO","@id":"https:\/\/www.fiscalia.gov.co\/colombia\/#\/schema\/person\/image\/","url":"https:\/\/secure.gravatar.com\/avatar\/dabba4346fa9b9207d96adafa8f92721?s=96&d=mm&r=g","contentUrl":"https:\/\/secure.gravatar.com\/avatar\/dabba4346fa9b9207d96adafa8f92721?s=96&d=mm&r=g","caption":"Jordan Leandro Oviedo Anzola"},"url":"https:\/\/www.fiscalia.gov.co\/colombia\/author\/joviedo\/"}]}},"_links":{"self":[{"href":"https:\/\/www.fiscalia.gov.co\/colombia\/wp-json\/wp\/v2\/posts\/250176","targetHints":{"allow":["GET"]}}],"collection":[{"href":"https:\/\/www.fiscalia.gov.co\/colombia\/wp-json\/wp\/v2\/posts"}],"about":[{"href":"https:\/\/www.fiscalia.gov.co\/colombia\/wp-json\/wp\/v2\/types\/post"}],"author":[{"embeddable":true,"href":"https:\/\/www.fiscalia.gov.co\/colombia\/wp-json\/wp\/v2\/users\/177"}],"replies":[{"embeddable":true,"href":"https:\/\/www.fiscalia.gov.co\/colombia\/wp-json\/wp\/v2\/comments?post=250176"}],"version-history":[{"count":1,"href":"https:\/\/www.fiscalia.gov.co\/colombia\/wp-json\/wp\/v2\/posts\/250176\/revisions"}],"predecessor-version":[{"id":250178,"href":"https:\/\/www.fiscalia.gov.co\/colombia\/wp-json\/wp\/v2\/posts\/250176\/revisions\/250178"}],"wp:attachment":[{"href":"https:\/\/www.fiscalia.gov.co\/colombia\/wp-json\/wp\/v2\/media?parent=250176"}],"wp:term":[{"taxonomy":"category","embeddable":true,"href":"https:\/\/www.fiscalia.gov.co\/colombia\/wp-json\/wp\/v2\/categories?post=250176"},{"taxonomy":"post_tag","embeddable":true,"href":"https:\/\/www.fiscalia.gov.co\/colombia\/wp-json\/wp\/v2\/tags?post=250176"}],"curies":[{"name":"wp","href":"https:\/\/api.w.org\/{rel}","templated":true}]}}