{"id":250171,"date":"2022-06-08T18:17:55","date_gmt":"2022-06-08T23:17:55","guid":{"rendered":"https:\/\/www.fiscalia.gov.co\/colombia\/?p=250171"},"modified":"2022-06-08T18:17:55","modified_gmt":"2022-06-08T23:17:55","slug":"privado-de-la-libertad-presunto-integrante-de-la-segunda-marquetalia-por-extorsiones-en-huila","status":"publish","type":"post","link":"https:\/\/www.fiscalia.gov.co\/colombia\/noticias\/privado-de-la-libertad-presunto-integrante-de-la-segunda-marquetalia-por-extorsiones-en-huila\/","title":{"rendered":"Privado de la libertad presunto integrante de la \u2018Segunda Marquetalia\u2019 por extorsiones en Huila"},"content":{"rendered":"<p>Una fiscal especializada ante el Gaula obtuvo\u00a0<b>medida de aseguramiento en centro carcelario<\/b>\u00a0contra de Edilson Espinosa Soto, quien har\u00eda parte de la c<b>olumna m\u00f3vil Te\u00f3filo Forero de la Segunda Marquetalia<\/b>\u00a0de las disidencias de las Farc en Huila.<\/p>\n<figure id=\"attachment_250172\" aria-describedby=\"caption-attachment-250172\" style=\"width: 696px\" class=\"wp-caption aligncenter\"><img loading=\"lazy\" decoding=\"async\" class=\"size-large wp-image-250172\" src=\"https:\/\/www.fiscalia.gov.co\/colombia\/wp-content\/uploads\/Fiscal-Barbosa-Edilson-Espinosa-Soto-seria-el-encargado-de-recolecctar-informacion-sobre-potenciales-victimas-para-extorsionarlas-en-el-Huila.-1024x603.jpeg\" alt=\"\" width=\"696\" height=\"410\" srcset=\"https:\/\/www.fiscalia.gov.co\/colombia\/wp-content\/uploads\/Fiscal-Barbosa-Edilson-Espinosa-Soto-seria-el-encargado-de-recolecctar-informacion-sobre-potenciales-victimas-para-extorsionarlas-en-el-Huila.-1024x603.jpeg 1024w, https:\/\/www.fiscalia.gov.co\/colombia\/wp-content\/uploads\/Fiscal-Barbosa-Edilson-Espinosa-Soto-seria-el-encargado-de-recolecctar-informacion-sobre-potenciales-victimas-para-extorsionarlas-en-el-Huila.-300x177.jpeg 300w, https:\/\/www.fiscalia.gov.co\/colombia\/wp-content\/uploads\/Fiscal-Barbosa-Edilson-Espinosa-Soto-seria-el-encargado-de-recolecctar-informacion-sobre-potenciales-victimas-para-extorsionarlas-en-el-Huila.-768x452.jpeg 768w, https:\/\/www.fiscalia.gov.co\/colombia\/wp-content\/uploads\/Fiscal-Barbosa-Edilson-Espinosa-Soto-seria-el-encargado-de-recolecctar-informacion-sobre-potenciales-victimas-para-extorsionarlas-en-el-Huila.-696x410.jpeg 696w, https:\/\/www.fiscalia.gov.co\/colombia\/wp-content\/uploads\/Fiscal-Barbosa-Edilson-Espinosa-Soto-seria-el-encargado-de-recolecctar-informacion-sobre-potenciales-victimas-para-extorsionarlas-en-el-Huila.-1068x629.jpeg 1068w, https:\/\/www.fiscalia.gov.co\/colombia\/wp-content\/uploads\/Fiscal-Barbosa-Edilson-Espinosa-Soto-seria-el-encargado-de-recolecctar-informacion-sobre-potenciales-victimas-para-extorsionarlas-en-el-Huila.-713x420.jpeg 713w, https:\/\/www.fiscalia.gov.co\/colombia\/wp-content\/uploads\/Fiscal-Barbosa-Edilson-Espinosa-Soto-seria-el-encargado-de-recolecctar-informacion-sobre-potenciales-victimas-para-extorsionarlas-en-el-Huila..jpeg 1280w\" sizes=\"auto, (max-width: 696px) 100vw, 696px\" \/><figcaption id=\"caption-attachment-250172\" class=\"wp-caption-text\">Edilson Espinosa Soto ser\u00eda el encargado de recolecctar informaci\u00f3n sobre potenciales v\u00edctimas para extorsionarlas en el Huila.<\/figcaption><\/figure>\n<p>El hombre, al parecer, a trav\u00e9s de llamadas, mensajes en l\u00ednea y distribuci\u00f3n de cartas y planfletos ven\u00eda\u00a0<b>extorsionando a varios ciudadanos<\/b>, agricultores, ganaderos y comerciantes en los municipios de\u00a0<b>Campoalegre, Tello, Baraya, Neiva, Vegalarga y San Antonio de Anaconia.\u00a0\u00a0<u><\/u>\u00a0<\/b><\/p>\n<p>Labores investigativas permitieron establecer que Espinosa Soto ser\u00eda el\u00a0<b>encargado de la recolecci\u00f3n de informaci\u00f3n sobre potenciales v\u00edctimas a extorsionar en\u00a0\u00a0el departamento<\/b>, adem\u00e1s de participar de manera directa en intimidaci\u00f3n y extorsi\u00f3n de un hombre el 29 de mayo de 2021.<u><\/u><\/p>\n<p>La Fiscal\u00eda pudo determinar que existen 26 personas v\u00edctimas de este grupo delictivo que al parecer realizaba exigencias desde 500.000\u00a0\u00a0hasta 100 millones de pesos.\u00a0\u00a0\u00a0<u><\/u><\/p>\n<p>El hoy capturado por miembros del Gaula de la Polic\u00eda Nacional\u00a0\u00a0y Gaula Militar en Neiva no acept\u00f3 los cargos que la Fiscal\u00eda le formul\u00f3 por su presunta responsabilidad en los delitos de\u00a0<b>concierto para delinquir agravado y tentativa de extorsi\u00f3n agravada<\/b>.\u00a0<u><\/u><\/p>\n<p>La Fiscal\u00eda General de La Naci\u00f3n habla con resultados.\u00a0\u00a0\u00a0\u00a0<u><\/u><\/p>\n<p>Tambi\u00e9n le puede interesar:\u00a0\u00a0<a title=\"Judicializados tres presuntos miembros de la columna m\u00f3vil Dagoberto Ramos, vinculados con extorsiones y otras acciones delictivas en Huila\" href=\"https:\/\/www.fiscalia.gov.co\/colombia\/noticias\/judicializados-tres-presuntos-miembros-de-la-columna-movil-dagoberto-ramos-vinculados-con-extorsiones-y-otras-acciones-delictivas-en-huila\/\" target=\"_blank\" rel=\"noopener noreferrer\" data-saferedirecturl=\"https:\/\/www.google.com\/url?q=https:\/\/www.fiscalia.gov.co\/colombia\/noticias\/judicializados-tres-presuntos-miembros-de-la-columna-movil-dagoberto-ramos-vinculados-con-extorsiones-y-otras-acciones-delictivas-en-huila\/&amp;source=gmail&amp;ust=1654815940413000&amp;usg=AOvVaw3-ezfxBXurGWeM8fyDcKRZ\">Judicializados tres presuntos miembros de la columna m\u00f3vil Dagoberto Ramos, vinculados con extorsiones y otras acciones delictivas en Huila<\/a><u><\/u><\/p>\n<p>&nbsp;<\/p>\n<p>&nbsp;<\/p>\n<p>LMGM\/CFG\/DSPB\/DSH<u><\/u>\u00a0<u><\/u><\/p>\n<p>&nbsp;<\/p>\n<p>&nbsp;<\/p>\n<p><i>La informaci\u00f3n contenida\u00a0en\u00a0este bolet\u00edn\u00a0de\u00a0prensa corresponde\u00a0a\u00a0la narraci\u00f3n\u00a0de\u00a0los hechos noticiosos objetivos, suministrados por los funcionarios\u00a0encargados\u00a0de\u00a0ade<wbr \/>lantar\u00a0las\u00a0investigaciones penales\u00a0al interior\u00a0de\u00a0la Fiscal\u00eda\u00a0General\u00a0de\u00a0la Naci\u00f3n. Para el momento\u00a0de\u00a0la divulgaci\u00f3n\u00a0de\u00a0este comunicado, la situaci\u00f3n jur\u00eddica\u00a0de\u00a0la(s) persona(s) relacionada(s) se\u00a0encuentra pendiente\u00a0de\u00a0resolver por la\u00a0autoridad judicial competente, siempre bajo los preceptos\u00a0de\u00a0la presunci\u00f3n\u00a0de\u00a0inocencia, consagrados\u00a0en\u00a0el\u00a0art\u00edculo 29\u00a0de\u00a0la Constituci\u00f3n Pol\u00edtica y el\u00a0art\u00edculo 7\u00ba\u00a0de\u00a0la Ley 906\u00a0de\u00a02004.<\/i>\u00a0\u00a0\u00a0\u00a0\u00a0\u00a0\u00a0\u00a0\u00a0\u00a0<u><\/u>\u00a0<u><\/u><\/p>\n\n<div class=\"twitter-share\"><a href=\"https:\/\/twitter.com\/intent\/tweet?via=fiscaliacol\" class=\"twitter-share-button\">Tweet<\/a><\/div>\n","protected":false},"excerpt":{"rendered":"<p>Una fiscal especializada ante el Gaula obtuvo\u00a0medida de aseguramiento en centro carcelario\u00a0contra de Edilson Espinosa Soto, quien har\u00eda parte de la columna m\u00f3vil Te\u00f3filo Forero de la Segunda Marquetalia\u00a0de las disidencias de las Farc en Huila. El hombre, al parecer, a trav\u00e9s de llamadas, mensajes en l\u00ednea y distribuci\u00f3n de cartas y planfletos ven\u00eda\u00a0extorsionando a [&hellip;]<\/p>\n","protected":false},"author":177,"featured_media":0,"comment_status":"closed","ping_status":"open","sticky":false,"template":"","format":"standard","meta":{"_price":"","_stock":"","_tribe_ticket_header":"","_tribe_default_ticket_provider":"","_tribe_ticket_capacity":"0","_ticket_start_date":"","_ticket_end_date":"","_tribe_ticket_show_description":"","_tribe_ticket_show_not_going":false,"_tribe_ticket_use_global_stock":"","_tribe_ticket_global_stock_level":"","_global_stock_mode":"","_global_stock_cap":"","_tribe_rsvp_for_event":"","_tribe_ticket_going_count":"","_tribe_ticket_not_going_count":"","_tribe_tickets_list":"[]","_tribe_ticket_has_attendee_info_fields":false,"tdm_status":"","tdm_grid_status":"","footnotes":""},"categories":[1,333,303,24099],"tags":[871,24185,1047,16,24246,31720,24537,11101],"class_list":{"0":"post-250171","1":"post","2":"type-post","3":"status-publish","4":"format-standard","6":"category-noticias","7":"category-seccional-neiva","8":"category-seccionales","9":"category-seguridad-territorial","10":"tag-extorion","11":"tag-fiscal-barbosa","12":"tag-fiscalia-general-de-la-nacion","13":"tag-huila","14":"tag-mensajes-extorsivos","15":"tag-neiva-huila","16":"tag-segunda-marquetalia","17":"tag-seguridad-ciudadana"},"yoast_head":"<!-- This site is optimized with the Yoast SEO plugin v24.3 - https:\/\/yoast.com\/wordpress\/plugins\/seo\/ -->\n<title>Fiscal\u00eda General de la Naci\u00f3n<\/title>\n<meta name=\"description\" content=\"P\u00e1gina oficial de la Fiscal\u00eda General de la Naci\u00f3n \u2013 Colombia. Garantizamos el acceso efectivo a la justicia, la verdad y la reparaci\u00f3n de las v\u00edctimas de los delitos.\" \/>\n<meta name=\"robots\" content=\"noindex, follow\" \/>\n<meta property=\"og:locale\" content=\"es_ES\" \/>\n<meta property=\"og:type\" content=\"article\" \/>\n<meta property=\"og:title\" content=\"Fiscal\u00eda General de la Naci\u00f3n\" \/>\n<meta property=\"og:description\" content=\"P\u00e1gina oficial de la Fiscal\u00eda General de la Naci\u00f3n \u2013 Colombia. Garantizamos el acceso efectivo a la justicia, la verdad y la reparaci\u00f3n de las v\u00edctimas de los delitos.\" \/>\n<meta property=\"og:url\" content=\"https:\/\/www.fiscalia.gov.co\/colombia\/noticias\/privado-de-la-libertad-presunto-integrante-de-la-segunda-marquetalia-por-extorsiones-en-huila\/\" \/>\n<meta property=\"og:site_name\" content=\"Fiscal\u00eda General de la Naci\u00f3n\" \/>\n<meta property=\"article:publisher\" content=\"https:\/\/www.facebook.com\/FiscaliaCol\" \/>\n<meta property=\"article:published_time\" content=\"2022-06-08T23:17:55+00:00\" \/>\n<meta property=\"og:image\" content=\"https:\/\/www.fiscalia.gov.co\/colombia\/wp-content\/uploads\/Fiscal-Barbosa-Edilson-Espinosa-Soto-seria-el-encargado-de-recolecctar-informacion-sobre-potenciales-victimas-para-extorsionarlas-en-el-Huila.-1024x603.jpeg\" \/>\n<meta name=\"author\" content=\"Jordan Leandro Oviedo Anzola\" \/>\n<meta name=\"twitter:card\" content=\"summary_large_image\" \/>\n<meta name=\"twitter:creator\" content=\"@FiscaliaCol\" \/>\n<meta name=\"twitter:site\" content=\"@FiscaliaCol\" \/>\n<meta name=\"twitter:label1\" content=\"Escrito por\" \/>\n\t<meta name=\"twitter:data1\" content=\"Jordan Leandro Oviedo Anzola\" \/>\n\t<meta name=\"twitter:label2\" content=\"Tiempo de lectura\" \/>\n\t<meta name=\"twitter:data2\" content=\"2 minutos\" \/>\n<script type=\"application\/ld+json\" class=\"yoast-schema-graph\">{\"@context\":\"https:\/\/schema.org\",\"@graph\":[{\"@type\":\"Article\",\"@id\":\"https:\/\/www.fiscalia.gov.co\/colombia\/noticias\/privado-de-la-libertad-presunto-integrante-de-la-segunda-marquetalia-por-extorsiones-en-huila\/#article\",\"isPartOf\":{\"@id\":\"https:\/\/www.fiscalia.gov.co\/colombia\/noticias\/privado-de-la-libertad-presunto-integrante-de-la-segunda-marquetalia-por-extorsiones-en-huila\/\"},\"author\":{\"name\":\"Jordan Leandro Oviedo Anzola\",\"@id\":\"https:\/\/www.fiscalia.gov.co\/colombia\/#\/schema\/person\/bf84402cf293a5393e9c70b111020b24\"},\"headline\":\"Privado de la libertad presunto integrante de la \u2018Segunda Marquetalia\u2019 por extorsiones en Huila\",\"datePublished\":\"2022-06-08T23:17:55+00:00\",\"dateModified\":\"2022-06-08T23:17:55+00:00\",\"mainEntityOfPage\":{\"@id\":\"https:\/\/www.fiscalia.gov.co\/colombia\/noticias\/privado-de-la-libertad-presunto-integrante-de-la-segunda-marquetalia-por-extorsiones-en-huila\/\"},\"wordCount\":389,\"publisher\":{\"@id\":\"https:\/\/www.fiscalia.gov.co\/colombia\/#organization\"},\"image\":{\"@id\":\"https:\/\/www.fiscalia.gov.co\/colombia\/noticias\/privado-de-la-libertad-presunto-integrante-de-la-segunda-marquetalia-por-extorsiones-en-huila\/#primaryimage\"},\"thumbnailUrl\":\"https:\/\/www.fiscalia.gov.co\/colombia\/wp-content\/uploads\/Fiscal-Barbosa-Edilson-Espinosa-Soto-seria-el-encargado-de-recolecctar-informacion-sobre-potenciales-victimas-para-extorsionarlas-en-el-Huila.-1024x603.jpeg\",\"keywords\":[\"Extorsi\u00f3n\",\"Fiscal Barbosa\",\"Fiscal\u00eda General de la Naci\u00f3n\",\"Huila\",\"mensajes extorsivos\",\"Neiva (Huila)\",\"Segunda Marquetalia\",\"Seguridad ciudadana\"],\"articleSection\":[\"Noticias\",\"Seccional Neiva\",\"Seccionales\",\"Seguridad territorial\"],\"inLanguage\":\"es-CO\"},{\"@type\":\"WebPage\",\"@id\":\"https:\/\/www.fiscalia.gov.co\/colombia\/noticias\/privado-de-la-libertad-presunto-integrante-de-la-segunda-marquetalia-por-extorsiones-en-huila\/\",\"url\":\"https:\/\/www.fiscalia.gov.co\/colombia\/noticias\/privado-de-la-libertad-presunto-integrante-de-la-segunda-marquetalia-por-extorsiones-en-huila\/\",\"name\":\"Fiscal\u00eda General de la Naci\u00f3n\",\"isPartOf\":{\"@id\":\"https:\/\/www.fiscalia.gov.co\/colombia\/#website\"},\"primaryImageOfPage\":{\"@id\":\"https:\/\/www.fiscalia.gov.co\/colombia\/noticias\/privado-de-la-libertad-presunto-integrante-de-la-segunda-marquetalia-por-extorsiones-en-huila\/#primaryimage\"},\"image\":{\"@id\":\"https:\/\/www.fiscalia.gov.co\/colombia\/noticias\/privado-de-la-libertad-presunto-integrante-de-la-segunda-marquetalia-por-extorsiones-en-huila\/#primaryimage\"},\"thumbnailUrl\":\"https:\/\/www.fiscalia.gov.co\/colombia\/wp-content\/uploads\/Fiscal-Barbosa-Edilson-Espinosa-Soto-seria-el-encargado-de-recolecctar-informacion-sobre-potenciales-victimas-para-extorsionarlas-en-el-Huila.-1024x603.jpeg\",\"datePublished\":\"2022-06-08T23:17:55+00:00\",\"dateModified\":\"2022-06-08T23:17:55+00:00\",\"description\":\"P\u00e1gina oficial de la Fiscal\u00eda General de la Naci\u00f3n \u2013 Colombia. Garantizamos el acceso efectivo a la justicia, la verdad y la reparaci\u00f3n de las v\u00edctimas de los delitos.\",\"breadcrumb\":{\"@id\":\"https:\/\/www.fiscalia.gov.co\/colombia\/noticias\/privado-de-la-libertad-presunto-integrante-de-la-segunda-marquetalia-por-extorsiones-en-huila\/#breadcrumb\"},\"inLanguage\":\"es-CO\",\"potentialAction\":[{\"@type\":\"ReadAction\",\"target\":[\"https:\/\/www.fiscalia.gov.co\/colombia\/noticias\/privado-de-la-libertad-presunto-integrante-de-la-segunda-marquetalia-por-extorsiones-en-huila\/\"]}]},{\"@type\":\"ImageObject\",\"inLanguage\":\"es-CO\",\"@id\":\"https:\/\/www.fiscalia.gov.co\/colombia\/noticias\/privado-de-la-libertad-presunto-integrante-de-la-segunda-marquetalia-por-extorsiones-en-huila\/#primaryimage\",\"url\":\"https:\/\/www.fiscalia.gov.co\/colombia\/wp-content\/uploads\/Fiscal-Barbosa-Edilson-Espinosa-Soto-seria-el-encargado-de-recolecctar-informacion-sobre-potenciales-victimas-para-extorsionarlas-en-el-Huila.-1024x603.jpeg\",\"contentUrl\":\"https:\/\/www.fiscalia.gov.co\/colombia\/wp-content\/uploads\/Fiscal-Barbosa-Edilson-Espinosa-Soto-seria-el-encargado-de-recolecctar-informacion-sobre-potenciales-victimas-para-extorsionarlas-en-el-Huila.-1024x603.jpeg\"},{\"@type\":\"BreadcrumbList\",\"@id\":\"https:\/\/www.fiscalia.gov.co\/colombia\/noticias\/privado-de-la-libertad-presunto-integrante-de-la-segunda-marquetalia-por-extorsiones-en-huila\/#breadcrumb\",\"itemListElement\":[{\"@type\":\"ListItem\",\"position\":1,\"name\":\"Home\",\"item\":\"https:\/\/www.fiscalia.gov.co\/colombia\/\"},{\"@type\":\"ListItem\",\"position\":2,\"name\":\"Privado de la libertad presunto integrante de la \u2018Segunda Marquetalia\u2019 por extorsiones en Huila\"}]},{\"@type\":\"WebSite\",\"@id\":\"https:\/\/www.fiscalia.gov.co\/colombia\/#website\",\"url\":\"https:\/\/www.fiscalia.gov.co\/colombia\/\",\"name\":\"Fiscal\u00eda General de la Naci\u00f3n\",\"description\":\"P\u00e1gina oficial de la Fiscal\u00eda General de la Naci\u00f3n \u2013 Colombia. Garantizamos el acceso efectivo a la justicia, la verdad y la reparaci\u00f3n de las v\u00edctimas de los delitos.\",\"publisher\":{\"@id\":\"https:\/\/www.fiscalia.gov.co\/colombia\/#organization\"},\"potentialAction\":[{\"@type\":\"SearchAction\",\"target\":{\"@type\":\"EntryPoint\",\"urlTemplate\":\"https:\/\/www.fiscalia.gov.co\/colombia\/?s={search_term_string}\"},\"query-input\":{\"@type\":\"PropertyValueSpecification\",\"valueRequired\":true,\"valueName\":\"search_term_string\"}}],\"inLanguage\":\"es-CO\"},{\"@type\":\"Organization\",\"@id\":\"https:\/\/www.fiscalia.gov.co\/colombia\/#organization\",\"name\":\"Fiscal\u00eda General de la Naci\u00f3n\",\"url\":\"https:\/\/www.fiscalia.gov.co\/colombia\/\",\"logo\":{\"@type\":\"ImageObject\",\"inLanguage\":\"es-CO\",\"@id\":\"https:\/\/www.fiscalia.gov.co\/colombia\/#\/schema\/logo\/image\/\",\"url\":\"https:\/\/www.fiscalia.gov.co\/colombia\/wp-content\/uploads\/LogoHorizontal_1.jpg\",\"contentUrl\":\"https:\/\/www.fiscalia.gov.co\/colombia\/wp-content\/uploads\/LogoHorizontal_1.jpg\",\"width\":300,\"height\":90,\"caption\":\"Fiscal\u00eda General de la Naci\u00f3n\"},\"image\":{\"@id\":\"https:\/\/www.fiscalia.gov.co\/colombia\/#\/schema\/logo\/image\/\"},\"sameAs\":[\"https:\/\/www.facebook.com\/FiscaliaCol\",\"https:\/\/x.com\/FiscaliaCol\",\"https:\/\/www.instagram.com\/fiscaliacol\",\"https:\/\/www.linkedin.com\/company\/fiscalia-general-de-la-naci-n\/\",\"https:\/\/youtube.com\/@fiscaliageneraldelanacion-4668?si=6nN79nyQICPU5iTh\"]},{\"@type\":\"Person\",\"@id\":\"https:\/\/www.fiscalia.gov.co\/colombia\/#\/schema\/person\/bf84402cf293a5393e9c70b111020b24\",\"name\":\"Jordan Leandro Oviedo Anzola\",\"image\":{\"@type\":\"ImageObject\",\"inLanguage\":\"es-CO\",\"@id\":\"https:\/\/www.fiscalia.gov.co\/colombia\/#\/schema\/person\/image\/\",\"url\":\"https:\/\/secure.gravatar.com\/avatar\/dabba4346fa9b9207d96adafa8f92721?s=96&d=mm&r=g\",\"contentUrl\":\"https:\/\/secure.gravatar.com\/avatar\/dabba4346fa9b9207d96adafa8f92721?s=96&d=mm&r=g\",\"caption\":\"Jordan Leandro Oviedo Anzola\"},\"url\":\"https:\/\/www.fiscalia.gov.co\/colombia\/author\/joviedo\/\"}]}<\/script>\n<!-- \/ Yoast SEO plugin. -->","yoast_head_json":{"title":"Fiscal\u00eda General de la Naci\u00f3n","description":"P\u00e1gina oficial de la Fiscal\u00eda General de la Naci\u00f3n \u2013 Colombia. Garantizamos el acceso efectivo a la justicia, la verdad y la reparaci\u00f3n de las v\u00edctimas de los delitos.","robots":{"index":"noindex","follow":"follow"},"og_locale":"es_ES","og_type":"article","og_title":"Fiscal\u00eda General de la Naci\u00f3n","og_description":"P\u00e1gina oficial de la Fiscal\u00eda General de la Naci\u00f3n \u2013 Colombia. Garantizamos el acceso efectivo a la justicia, la verdad y la reparaci\u00f3n de las v\u00edctimas de los delitos.","og_url":"https:\/\/www.fiscalia.gov.co\/colombia\/noticias\/privado-de-la-libertad-presunto-integrante-de-la-segunda-marquetalia-por-extorsiones-en-huila\/","og_site_name":"Fiscal\u00eda General de la Naci\u00f3n","article_publisher":"https:\/\/www.facebook.com\/FiscaliaCol","article_published_time":"2022-06-08T23:17:55+00:00","og_image":[{"url":"https:\/\/www.fiscalia.gov.co\/colombia\/wp-content\/uploads\/Fiscal-Barbosa-Edilson-Espinosa-Soto-seria-el-encargado-de-recolecctar-informacion-sobre-potenciales-victimas-para-extorsionarlas-en-el-Huila.-1024x603.jpeg","type":"","width":"","height":""}],"author":"Jordan Leandro Oviedo Anzola","twitter_card":"summary_large_image","twitter_creator":"@FiscaliaCol","twitter_site":"@FiscaliaCol","twitter_misc":{"Escrito por":"Jordan Leandro Oviedo Anzola","Tiempo de lectura":"2 minutos"},"schema":{"@context":"https:\/\/schema.org","@graph":[{"@type":"Article","@id":"https:\/\/www.fiscalia.gov.co\/colombia\/noticias\/privado-de-la-libertad-presunto-integrante-de-la-segunda-marquetalia-por-extorsiones-en-huila\/#article","isPartOf":{"@id":"https:\/\/www.fiscalia.gov.co\/colombia\/noticias\/privado-de-la-libertad-presunto-integrante-de-la-segunda-marquetalia-por-extorsiones-en-huila\/"},"author":{"name":"Jordan Leandro Oviedo Anzola","@id":"https:\/\/www.fiscalia.gov.co\/colombia\/#\/schema\/person\/bf84402cf293a5393e9c70b111020b24"},"headline":"Privado de la libertad presunto integrante de la \u2018Segunda Marquetalia\u2019 por extorsiones en Huila","datePublished":"2022-06-08T23:17:55+00:00","dateModified":"2022-06-08T23:17:55+00:00","mainEntityOfPage":{"@id":"https:\/\/www.fiscalia.gov.co\/colombia\/noticias\/privado-de-la-libertad-presunto-integrante-de-la-segunda-marquetalia-por-extorsiones-en-huila\/"},"wordCount":389,"publisher":{"@id":"https:\/\/www.fiscalia.gov.co\/colombia\/#organization"},"image":{"@id":"https:\/\/www.fiscalia.gov.co\/colombia\/noticias\/privado-de-la-libertad-presunto-integrante-de-la-segunda-marquetalia-por-extorsiones-en-huila\/#primaryimage"},"thumbnailUrl":"https:\/\/www.fiscalia.gov.co\/colombia\/wp-content\/uploads\/Fiscal-Barbosa-Edilson-Espinosa-Soto-seria-el-encargado-de-recolecctar-informacion-sobre-potenciales-victimas-para-extorsionarlas-en-el-Huila.-1024x603.jpeg","keywords":["Extorsi\u00f3n","Fiscal Barbosa","Fiscal\u00eda General de la Naci\u00f3n","Huila","mensajes extorsivos","Neiva (Huila)","Segunda Marquetalia","Seguridad ciudadana"],"articleSection":["Noticias","Seccional Neiva","Seccionales","Seguridad territorial"],"inLanguage":"es-CO"},{"@type":"WebPage","@id":"https:\/\/www.fiscalia.gov.co\/colombia\/noticias\/privado-de-la-libertad-presunto-integrante-de-la-segunda-marquetalia-por-extorsiones-en-huila\/","url":"https:\/\/www.fiscalia.gov.co\/colombia\/noticias\/privado-de-la-libertad-presunto-integrante-de-la-segunda-marquetalia-por-extorsiones-en-huila\/","name":"Fiscal\u00eda General de la Naci\u00f3n","isPartOf":{"@id":"https:\/\/www.fiscalia.gov.co\/colombia\/#website"},"primaryImageOfPage":{"@id":"https:\/\/www.fiscalia.gov.co\/colombia\/noticias\/privado-de-la-libertad-presunto-integrante-de-la-segunda-marquetalia-por-extorsiones-en-huila\/#primaryimage"},"image":{"@id":"https:\/\/www.fiscalia.gov.co\/colombia\/noticias\/privado-de-la-libertad-presunto-integrante-de-la-segunda-marquetalia-por-extorsiones-en-huila\/#primaryimage"},"thumbnailUrl":"https:\/\/www.fiscalia.gov.co\/colombia\/wp-content\/uploads\/Fiscal-Barbosa-Edilson-Espinosa-Soto-seria-el-encargado-de-recolecctar-informacion-sobre-potenciales-victimas-para-extorsionarlas-en-el-Huila.-1024x603.jpeg","datePublished":"2022-06-08T23:17:55+00:00","dateModified":"2022-06-08T23:17:55+00:00","description":"P\u00e1gina oficial de la Fiscal\u00eda General de la Naci\u00f3n \u2013 Colombia. Garantizamos el acceso efectivo a la justicia, la verdad y la reparaci\u00f3n de las v\u00edctimas de los delitos.","breadcrumb":{"@id":"https:\/\/www.fiscalia.gov.co\/colombia\/noticias\/privado-de-la-libertad-presunto-integrante-de-la-segunda-marquetalia-por-extorsiones-en-huila\/#breadcrumb"},"inLanguage":"es-CO","potentialAction":[{"@type":"ReadAction","target":["https:\/\/www.fiscalia.gov.co\/colombia\/noticias\/privado-de-la-libertad-presunto-integrante-de-la-segunda-marquetalia-por-extorsiones-en-huila\/"]}]},{"@type":"ImageObject","inLanguage":"es-CO","@id":"https:\/\/www.fiscalia.gov.co\/colombia\/noticias\/privado-de-la-libertad-presunto-integrante-de-la-segunda-marquetalia-por-extorsiones-en-huila\/#primaryimage","url":"https:\/\/www.fiscalia.gov.co\/colombia\/wp-content\/uploads\/Fiscal-Barbosa-Edilson-Espinosa-Soto-seria-el-encargado-de-recolecctar-informacion-sobre-potenciales-victimas-para-extorsionarlas-en-el-Huila.-1024x603.jpeg","contentUrl":"https:\/\/www.fiscalia.gov.co\/colombia\/wp-content\/uploads\/Fiscal-Barbosa-Edilson-Espinosa-Soto-seria-el-encargado-de-recolecctar-informacion-sobre-potenciales-victimas-para-extorsionarlas-en-el-Huila.-1024x603.jpeg"},{"@type":"BreadcrumbList","@id":"https:\/\/www.fiscalia.gov.co\/colombia\/noticias\/privado-de-la-libertad-presunto-integrante-de-la-segunda-marquetalia-por-extorsiones-en-huila\/#breadcrumb","itemListElement":[{"@type":"ListItem","position":1,"name":"Home","item":"https:\/\/www.fiscalia.gov.co\/colombia\/"},{"@type":"ListItem","position":2,"name":"Privado de la libertad presunto integrante de la \u2018Segunda Marquetalia\u2019 por extorsiones en Huila"}]},{"@type":"WebSite","@id":"https:\/\/www.fiscalia.gov.co\/colombia\/#website","url":"https:\/\/www.fiscalia.gov.co\/colombia\/","name":"Fiscal\u00eda General de la Naci\u00f3n","description":"P\u00e1gina oficial de la Fiscal\u00eda General de la Naci\u00f3n \u2013 Colombia. Garantizamos el acceso efectivo a la justicia, la verdad y la reparaci\u00f3n de las v\u00edctimas de los delitos.","publisher":{"@id":"https:\/\/www.fiscalia.gov.co\/colombia\/#organization"},"potentialAction":[{"@type":"SearchAction","target":{"@type":"EntryPoint","urlTemplate":"https:\/\/www.fiscalia.gov.co\/colombia\/?s={search_term_string}"},"query-input":{"@type":"PropertyValueSpecification","valueRequired":true,"valueName":"search_term_string"}}],"inLanguage":"es-CO"},{"@type":"Organization","@id":"https:\/\/www.fiscalia.gov.co\/colombia\/#organization","name":"Fiscal\u00eda General de la Naci\u00f3n","url":"https:\/\/www.fiscalia.gov.co\/colombia\/","logo":{"@type":"ImageObject","inLanguage":"es-CO","@id":"https:\/\/www.fiscalia.gov.co\/colombia\/#\/schema\/logo\/image\/","url":"https:\/\/www.fiscalia.gov.co\/colombia\/wp-content\/uploads\/LogoHorizontal_1.jpg","contentUrl":"https:\/\/www.fiscalia.gov.co\/colombia\/wp-content\/uploads\/LogoHorizontal_1.jpg","width":300,"height":90,"caption":"Fiscal\u00eda General de la Naci\u00f3n"},"image":{"@id":"https:\/\/www.fiscalia.gov.co\/colombia\/#\/schema\/logo\/image\/"},"sameAs":["https:\/\/www.facebook.com\/FiscaliaCol","https:\/\/x.com\/FiscaliaCol","https:\/\/www.instagram.com\/fiscaliacol","https:\/\/www.linkedin.com\/company\/fiscalia-general-de-la-naci-n\/","https:\/\/youtube.com\/@fiscaliageneraldelanacion-4668?si=6nN79nyQICPU5iTh"]},{"@type":"Person","@id":"https:\/\/www.fiscalia.gov.co\/colombia\/#\/schema\/person\/bf84402cf293a5393e9c70b111020b24","name":"Jordan Leandro Oviedo Anzola","image":{"@type":"ImageObject","inLanguage":"es-CO","@id":"https:\/\/www.fiscalia.gov.co\/colombia\/#\/schema\/person\/image\/","url":"https:\/\/secure.gravatar.com\/avatar\/dabba4346fa9b9207d96adafa8f92721?s=96&d=mm&r=g","contentUrl":"https:\/\/secure.gravatar.com\/avatar\/dabba4346fa9b9207d96adafa8f92721?s=96&d=mm&r=g","caption":"Jordan Leandro Oviedo Anzola"},"url":"https:\/\/www.fiscalia.gov.co\/colombia\/author\/joviedo\/"}]}},"_links":{"self":[{"href":"https:\/\/www.fiscalia.gov.co\/colombia\/wp-json\/wp\/v2\/posts\/250171","targetHints":{"allow":["GET"]}}],"collection":[{"href":"https:\/\/www.fiscalia.gov.co\/colombia\/wp-json\/wp\/v2\/posts"}],"about":[{"href":"https:\/\/www.fiscalia.gov.co\/colombia\/wp-json\/wp\/v2\/types\/post"}],"author":[{"embeddable":true,"href":"https:\/\/www.fiscalia.gov.co\/colombia\/wp-json\/wp\/v2\/users\/177"}],"replies":[{"embeddable":true,"href":"https:\/\/www.fiscalia.gov.co\/colombia\/wp-json\/wp\/v2\/comments?post=250171"}],"version-history":[{"count":1,"href":"https:\/\/www.fiscalia.gov.co\/colombia\/wp-json\/wp\/v2\/posts\/250171\/revisions"}],"predecessor-version":[{"id":250173,"href":"https:\/\/www.fiscalia.gov.co\/colombia\/wp-json\/wp\/v2\/posts\/250171\/revisions\/250173"}],"wp:attachment":[{"href":"https:\/\/www.fiscalia.gov.co\/colombia\/wp-json\/wp\/v2\/media?parent=250171"}],"wp:term":[{"taxonomy":"category","embeddable":true,"href":"https:\/\/www.fiscalia.gov.co\/colombia\/wp-json\/wp\/v2\/categories?post=250171"},{"taxonomy":"post_tag","embeddable":true,"href":"https:\/\/www.fiscalia.gov.co\/colombia\/wp-json\/wp\/v2\/tags?post=250171"}],"curies":[{"name":"wp","href":"https:\/\/api.w.org\/{rel}","templated":true}]}}