{"id":250168,"date":"2022-06-08T18:13:43","date_gmt":"2022-06-08T23:13:43","guid":{"rendered":"https:\/\/www.fiscalia.gov.co\/colombia\/?p=250168"},"modified":"2022-06-08T18:13:43","modified_gmt":"2022-06-08T23:13:43","slug":"extranjero-que-seria-integrante-del-clan-del-golfo-fue-enviado-a-la-carcel-por-su-presunta-responsabilidad-en-un-homicidio","status":"publish","type":"post","link":"https:\/\/www.fiscalia.gov.co\/colombia\/noticias\/extranjero-que-seria-integrante-del-clan-del-golfo-fue-enviado-a-la-carcel-por-su-presunta-responsabilidad-en-un-homicidio\/","title":{"rendered":"Extranjero que ser\u00eda integrante del Clan del Golfo fue enviado a la c\u00e1rcel por su presunta responsabilidad en un homicidio"},"content":{"rendered":"<p>Por solicitud de un fiscal adscrito a la Direcci\u00f3n Seccional de Fiscal\u00edas del Magdalena Medio fue cobijado con medida de aseguramiento en centro carcelario Kenner David Rubio Montesino, presunto integrante del Clan del Golfo, quien al parecer ser\u00eda el responsable de la muerte de Camilo \u00c1lvarez Gonz\u00e1lez.<\/p>\n<figure id=\"attachment_250169\" aria-describedby=\"caption-attachment-250169\" style=\"width: 696px\" class=\"wp-caption aligncenter\"><img loading=\"lazy\" decoding=\"async\" class=\"size-large wp-image-250169\" src=\"https:\/\/www.fiscalia.gov.co\/colombia\/wp-content\/uploads\/Fiscal-Barbosa-Kenner-David-Rubo-Montesino-de-nacionalidad-extranjera-fue-imputado-por-homicidio.-1024x780.jpg\" alt=\"\" width=\"696\" height=\"530\" srcset=\"https:\/\/www.fiscalia.gov.co\/colombia\/wp-content\/uploads\/Fiscal-Barbosa-Kenner-David-Rubo-Montesino-de-nacionalidad-extranjera-fue-imputado-por-homicidio.-1024x780.jpg 1024w, https:\/\/www.fiscalia.gov.co\/colombia\/wp-content\/uploads\/Fiscal-Barbosa-Kenner-David-Rubo-Montesino-de-nacionalidad-extranjera-fue-imputado-por-homicidio.-300x229.jpg 300w, https:\/\/www.fiscalia.gov.co\/colombia\/wp-content\/uploads\/Fiscal-Barbosa-Kenner-David-Rubo-Montesino-de-nacionalidad-extranjera-fue-imputado-por-homicidio.-768x585.jpg 768w, https:\/\/www.fiscalia.gov.co\/colombia\/wp-content\/uploads\/Fiscal-Barbosa-Kenner-David-Rubo-Montesino-de-nacionalidad-extranjera-fue-imputado-por-homicidio.-696x530.jpg 696w, https:\/\/www.fiscalia.gov.co\/colombia\/wp-content\/uploads\/Fiscal-Barbosa-Kenner-David-Rubo-Montesino-de-nacionalidad-extranjera-fue-imputado-por-homicidio.-1068x814.jpg 1068w, https:\/\/www.fiscalia.gov.co\/colombia\/wp-content\/uploads\/Fiscal-Barbosa-Kenner-David-Rubo-Montesino-de-nacionalidad-extranjera-fue-imputado-por-homicidio.-551x420.jpg 551w, https:\/\/www.fiscalia.gov.co\/colombia\/wp-content\/uploads\/Fiscal-Barbosa-Kenner-David-Rubo-Montesino-de-nacionalidad-extranjera-fue-imputado-por-homicidio.-80x60.jpg 80w, https:\/\/www.fiscalia.gov.co\/colombia\/wp-content\/uploads\/Fiscal-Barbosa-Kenner-David-Rubo-Montesino-de-nacionalidad-extranjera-fue-imputado-por-homicidio..jpg 1280w\" sizes=\"auto, (max-width: 696px) 100vw, 696px\" \/><figcaption id=\"caption-attachment-250169\" class=\"wp-caption-text\">Kenner David Rubo Montesino, de nacionalidad extranjera, fue imputado por homicidio.<\/figcaption><\/figure>\n<p>Los hechos por los cuales es investigado ocurrieron en el barrio Oasis del municipio de Puerto Berrio (Antioquia), en donde fue ultimada la v\u00edctima con arma de fuego en d\u00edas pasados.<\/p>\n<p>Rubio Montesino, de nacionalidad extranjera, fue capturado en el barrio El Carmelo del mismo municipio mediante orden judicial por parte de la Polic\u00eda.<\/p>\n<p>Deber\u00e1 responder por los delitos de homicidio agravado en concurso con fabricaci\u00f3n, porte o tenencia de armas de fuego.<\/p>\n<p><strong>La Fiscal\u00eda habla con resultados.<\/strong><\/p>\n<p>&nbsp;<\/p>\n<p>&nbsp;<\/p>\n<p>DRA\/CFG\/FW\/DMM<\/p>\n<p>&nbsp;<\/p>\n<p>&nbsp;<\/p>\n<p>La informaci\u00f3n contenida en este bolet\u00edn de prensa corresponde a la narraci\u00f3n de los hechos noticiosos objetivos, y las investigaciones penales al interior de la Fiscal\u00eda General de la Naci\u00f3n. Para el momento de la divulgaci\u00f3n de este comunicado, la situaci\u00f3n jur\u00eddica de la(s) persona(s) relacionada(s) se encuentra pendiente de resolver por la autoridad judicial competente, siempre bajo los preceptos de la presunci\u00f3n de inocencia, consagrados en el art\u00edculo 29 de la Constituci\u00f3n Pol\u00edtica y el art\u00edculo 7\u00ba de la Ley 906 de 2004.<\/p>\n\n<div class=\"twitter-share\"><a href=\"https:\/\/twitter.com\/intent\/tweet?via=fiscaliacol\" class=\"twitter-share-button\">Tweet<\/a><\/div>\n","protected":false},"excerpt":{"rendered":"<p>Por solicitud de un fiscal adscrito a la Direcci\u00f3n Seccional de Fiscal\u00edas del Magdalena Medio fue cobijado con medida de aseguramiento en centro carcelario Kenner David Rubio Montesino, presunto integrante [&hellip;]<\/p>\n","protected":false},"author":177,"featured_media":0,"comment_status":"closed","ping_status":"open","sticky":false,"template":"","format":"standard","meta":{"tdm_status":"","tdm_grid_status":"","footnotes":""},"categories":[1,318,303,24099],"tags":[10645,24185,4614,1047,14219,31932],"class_list":["post-250168","post","type-post","status-publish","format-standard","category-noticias","category-seccional-antioquia","category-seccionales","category-seguridad-territorial","tag-antioquia","tag-fiscal-barbosa","tag-fiscalia-2","tag-fiscalia-general-de-la-nacion","tag-puerto-berrio","tag-puerto-berrio-antioquia"],"yoast_head":"<!-- This site is optimized with the Yoast SEO plugin v24.3 - https:\/\/yoast.com\/wordpress\/plugins\/seo\/ -->\n<title>Fiscal\u00eda General de la Naci\u00f3n<\/title>\n<meta name=\"description\" content=\"P\u00e1gina oficial de la Fiscal\u00eda General de la Naci\u00f3n \u2013 Colombia. Garantizamos el acceso efectivo a la justicia, la verdad y la reparaci\u00f3n de las v\u00edctimas de los delitos.\" \/>\n<meta name=\"robots\" content=\"noindex, follow\" \/>\n<meta property=\"og:locale\" content=\"es_ES\" \/>\n<meta property=\"og:type\" content=\"article\" \/>\n<meta property=\"og:title\" content=\"Fiscal\u00eda General de la Naci\u00f3n\" \/>\n<meta property=\"og:description\" content=\"P\u00e1gina oficial de la Fiscal\u00eda General de la Naci\u00f3n \u2013 Colombia. Garantizamos el acceso efectivo a la justicia, la verdad y la reparaci\u00f3n de las v\u00edctimas de los delitos.\" \/>\n<meta property=\"og:url\" content=\"https:\/\/www.fiscalia.gov.co\/colombia\/noticias\/extranjero-que-seria-integrante-del-clan-del-golfo-fue-enviado-a-la-carcel-por-su-presunta-responsabilidad-en-un-homicidio\/\" \/>\n<meta property=\"og:site_name\" content=\"Fiscal\u00eda General de la Naci\u00f3n\" \/>\n<meta property=\"article:publisher\" content=\"https:\/\/www.facebook.com\/FiscaliaCol\" \/>\n<meta property=\"article:published_time\" content=\"2022-06-08T23:13:43+00:00\" \/>\n<meta property=\"og:image\" content=\"https:\/\/www.fiscalia.gov.co\/colombia\/wp-content\/uploads\/Fiscal-Barbosa-Kenner-David-Rubo-Montesino-de-nacionalidad-extranjera-fue-imputado-por-homicidio.-1024x780.jpg\" \/>\n<meta name=\"author\" content=\"Jordan Leandro Oviedo Anzola\" \/>\n<meta name=\"twitter:card\" content=\"summary_large_image\" \/>\n<meta name=\"twitter:creator\" content=\"@FiscaliaCol\" \/>\n<meta name=\"twitter:site\" content=\"@FiscaliaCol\" \/>\n<meta name=\"twitter:label1\" content=\"Escrito por\" \/>\n\t<meta name=\"twitter:data1\" content=\"Jordan Leandro Oviedo Anzola\" \/>\n\t<meta name=\"twitter:label2\" content=\"Tiempo de lectura\" \/>\n\t<meta name=\"twitter:data2\" content=\"1 minuto\" \/>\n<script type=\"application\/ld+json\" class=\"yoast-schema-graph\">{\"@context\":\"https:\/\/schema.org\",\"@graph\":[{\"@type\":\"Article\",\"@id\":\"https:\/\/www.fiscalia.gov.co\/colombia\/noticias\/extranjero-que-seria-integrante-del-clan-del-golfo-fue-enviado-a-la-carcel-por-su-presunta-responsabilidad-en-un-homicidio\/#article\",\"isPartOf\":{\"@id\":\"https:\/\/www.fiscalia.gov.co\/colombia\/noticias\/extranjero-que-seria-integrante-del-clan-del-golfo-fue-enviado-a-la-carcel-por-su-presunta-responsabilidad-en-un-homicidio\/\"},\"author\":{\"name\":\"Jordan Leandro Oviedo Anzola\",\"@id\":\"https:\/\/www.fiscalia.gov.co\/colombia\/#\/schema\/person\/bf84402cf293a5393e9c70b111020b24\"},\"headline\":\"Extranjero que ser\u00eda integrante del Clan del Golfo fue enviado a la c\u00e1rcel por su presunta responsabilidad en un homicidio\",\"datePublished\":\"2022-06-08T23:13:43+00:00\",\"dateModified\":\"2022-06-08T23:13:43+00:00\",\"mainEntityOfPage\":{\"@id\":\"https:\/\/www.fiscalia.gov.co\/colombia\/noticias\/extranjero-que-seria-integrante-del-clan-del-golfo-fue-enviado-a-la-carcel-por-su-presunta-responsabilidad-en-un-homicidio\/\"},\"wordCount\":278,\"publisher\":{\"@id\":\"https:\/\/www.fiscalia.gov.co\/colombia\/#organization\"},\"image\":{\"@id\":\"https:\/\/www.fiscalia.gov.co\/colombia\/noticias\/extranjero-que-seria-integrante-del-clan-del-golfo-fue-enviado-a-la-carcel-por-su-presunta-responsabilidad-en-un-homicidio\/#primaryimage\"},\"thumbnailUrl\":\"https:\/\/www.fiscalia.gov.co\/colombia\/wp-content\/uploads\/Fiscal-Barbosa-Kenner-David-Rubo-Montesino-de-nacionalidad-extranjera-fue-imputado-por-homicidio.-1024x780.jpg\",\"keywords\":[\"Antioquia\",\"Fiscal Barbosa\",\"Fiscal\u00eda\",\"Fiscal\u00eda General de la Naci\u00f3n\",\"Puerto Berr\u00edo\",\"Puerto Berrio (Antioquia)\"],\"articleSection\":[\"Noticias\",\"Seccional Antioquia\",\"Seccionales\",\"Seguridad territorial\"],\"inLanguage\":\"es-CO\"},{\"@type\":\"WebPage\",\"@id\":\"https:\/\/www.fiscalia.gov.co\/colombia\/noticias\/extranjero-que-seria-integrante-del-clan-del-golfo-fue-enviado-a-la-carcel-por-su-presunta-responsabilidad-en-un-homicidio\/\",\"url\":\"https:\/\/www.fiscalia.gov.co\/colombia\/noticias\/extranjero-que-seria-integrante-del-clan-del-golfo-fue-enviado-a-la-carcel-por-su-presunta-responsabilidad-en-un-homicidio\/\",\"name\":\"Fiscal\u00eda General de la Naci\u00f3n\",\"isPartOf\":{\"@id\":\"https:\/\/www.fiscalia.gov.co\/colombia\/#website\"},\"primaryImageOfPage\":{\"@id\":\"https:\/\/www.fiscalia.gov.co\/colombia\/noticias\/extranjero-que-seria-integrante-del-clan-del-golfo-fue-enviado-a-la-carcel-por-su-presunta-responsabilidad-en-un-homicidio\/#primaryimage\"},\"image\":{\"@id\":\"https:\/\/www.fiscalia.gov.co\/colombia\/noticias\/extranjero-que-seria-integrante-del-clan-del-golfo-fue-enviado-a-la-carcel-por-su-presunta-responsabilidad-en-un-homicidio\/#primaryimage\"},\"thumbnailUrl\":\"https:\/\/www.fiscalia.gov.co\/colombia\/wp-content\/uploads\/Fiscal-Barbosa-Kenner-David-Rubo-Montesino-de-nacionalidad-extranjera-fue-imputado-por-homicidio.-1024x780.jpg\",\"datePublished\":\"2022-06-08T23:13:43+00:00\",\"dateModified\":\"2022-06-08T23:13:43+00:00\",\"description\":\"P\u00e1gina oficial de la Fiscal\u00eda General de la Naci\u00f3n \u2013 Colombia. Garantizamos el acceso efectivo a la justicia, la verdad y la reparaci\u00f3n de las v\u00edctimas de los delitos.\",\"breadcrumb\":{\"@id\":\"https:\/\/www.fiscalia.gov.co\/colombia\/noticias\/extranjero-que-seria-integrante-del-clan-del-golfo-fue-enviado-a-la-carcel-por-su-presunta-responsabilidad-en-un-homicidio\/#breadcrumb\"},\"inLanguage\":\"es-CO\",\"potentialAction\":[{\"@type\":\"ReadAction\",\"target\":[\"https:\/\/www.fiscalia.gov.co\/colombia\/noticias\/extranjero-que-seria-integrante-del-clan-del-golfo-fue-enviado-a-la-carcel-por-su-presunta-responsabilidad-en-un-homicidio\/\"]}]},{\"@type\":\"ImageObject\",\"inLanguage\":\"es-CO\",\"@id\":\"https:\/\/www.fiscalia.gov.co\/colombia\/noticias\/extranjero-que-seria-integrante-del-clan-del-golfo-fue-enviado-a-la-carcel-por-su-presunta-responsabilidad-en-un-homicidio\/#primaryimage\",\"url\":\"https:\/\/www.fiscalia.gov.co\/colombia\/wp-content\/uploads\/Fiscal-Barbosa-Kenner-David-Rubo-Montesino-de-nacionalidad-extranjera-fue-imputado-por-homicidio..jpg\",\"contentUrl\":\"https:\/\/www.fiscalia.gov.co\/colombia\/wp-content\/uploads\/Fiscal-Barbosa-Kenner-David-Rubo-Montesino-de-nacionalidad-extranjera-fue-imputado-por-homicidio..jpg\",\"width\":1280,\"height\":975,\"caption\":\"Kenner David Rubo Montesino, de nacionalidad extranjera, fue imputado por homicidio.\"},{\"@type\":\"BreadcrumbList\",\"@id\":\"https:\/\/www.fiscalia.gov.co\/colombia\/noticias\/extranjero-que-seria-integrante-del-clan-del-golfo-fue-enviado-a-la-carcel-por-su-presunta-responsabilidad-en-un-homicidio\/#breadcrumb\",\"itemListElement\":[{\"@type\":\"ListItem\",\"position\":1,\"name\":\"Home\",\"item\":\"https:\/\/www.fiscalia.gov.co\/colombia\/\"},{\"@type\":\"ListItem\",\"position\":2,\"name\":\"Extranjero que ser\u00eda integrante del Clan del Golfo fue enviado a la c\u00e1rcel por su presunta responsabilidad en un homicidio\"}]},{\"@type\":\"WebSite\",\"@id\":\"https:\/\/www.fiscalia.gov.co\/colombia\/#website\",\"url\":\"https:\/\/www.fiscalia.gov.co\/colombia\/\",\"name\":\"Fiscal\u00eda General de la Naci\u00f3n\",\"description\":\"P\u00e1gina oficial de la Fiscal\u00eda General de la Naci\u00f3n \u2013 Colombia. Garantizamos el acceso efectivo a la justicia, la verdad y la reparaci\u00f3n de las v\u00edctimas de los delitos.\",\"publisher\":{\"@id\":\"https:\/\/www.fiscalia.gov.co\/colombia\/#organization\"},\"potentialAction\":[{\"@type\":\"SearchAction\",\"target\":{\"@type\":\"EntryPoint\",\"urlTemplate\":\"https:\/\/www.fiscalia.gov.co\/colombia\/?s={search_term_string}\"},\"query-input\":{\"@type\":\"PropertyValueSpecification\",\"valueRequired\":true,\"valueName\":\"search_term_string\"}}],\"inLanguage\":\"es-CO\"},{\"@type\":\"Organization\",\"@id\":\"https:\/\/www.fiscalia.gov.co\/colombia\/#organization\",\"name\":\"Fiscal\u00eda General de la Naci\u00f3n\",\"url\":\"https:\/\/www.fiscalia.gov.co\/colombia\/\",\"logo\":{\"@type\":\"ImageObject\",\"inLanguage\":\"es-CO\",\"@id\":\"https:\/\/www.fiscalia.gov.co\/colombia\/#\/schema\/logo\/image\/\",\"url\":\"https:\/\/www.fiscalia.gov.co\/colombia\/wp-content\/uploads\/LogoHorizontal_1.jpg\",\"contentUrl\":\"https:\/\/www.fiscalia.gov.co\/colombia\/wp-content\/uploads\/LogoHorizontal_1.jpg\",\"width\":300,\"height\":90,\"caption\":\"Fiscal\u00eda General de la Naci\u00f3n\"},\"image\":{\"@id\":\"https:\/\/www.fiscalia.gov.co\/colombia\/#\/schema\/logo\/image\/\"},\"sameAs\":[\"https:\/\/www.facebook.com\/FiscaliaCol\",\"https:\/\/x.com\/FiscaliaCol\",\"https:\/\/www.instagram.com\/fiscaliacol\",\"https:\/\/www.linkedin.com\/company\/fiscalia-general-de-la-naci-n\/\",\"https:\/\/youtube.com\/@fiscaliageneraldelanacion-4668?si=6nN79nyQICPU5iTh\"]},{\"@type\":\"Person\",\"@id\":\"https:\/\/www.fiscalia.gov.co\/colombia\/#\/schema\/person\/bf84402cf293a5393e9c70b111020b24\",\"name\":\"Jordan Leandro Oviedo Anzola\",\"image\":{\"@type\":\"ImageObject\",\"inLanguage\":\"es-CO\",\"@id\":\"https:\/\/www.fiscalia.gov.co\/colombia\/#\/schema\/person\/image\/\",\"url\":\"https:\/\/secure.gravatar.com\/avatar\/dabba4346fa9b9207d96adafa8f92721?s=96&d=mm&r=g\",\"contentUrl\":\"https:\/\/secure.gravatar.com\/avatar\/dabba4346fa9b9207d96adafa8f92721?s=96&d=mm&r=g\",\"caption\":\"Jordan Leandro Oviedo Anzola\"},\"url\":\"https:\/\/www.fiscalia.gov.co\/colombia\/author\/joviedo\/\"}]}<\/script>\n<!-- \/ Yoast SEO plugin. -->","yoast_head_json":{"title":"Fiscal\u00eda General de la Naci\u00f3n","description":"P\u00e1gina oficial de la Fiscal\u00eda General de la Naci\u00f3n \u2013 Colombia. Garantizamos el acceso efectivo a la justicia, la verdad y la reparaci\u00f3n de las v\u00edctimas de los delitos.","robots":{"index":"noindex","follow":"follow"},"og_locale":"es_ES","og_type":"article","og_title":"Fiscal\u00eda General de la Naci\u00f3n","og_description":"P\u00e1gina oficial de la Fiscal\u00eda General de la Naci\u00f3n \u2013 Colombia. Garantizamos el acceso efectivo a la justicia, la verdad y la reparaci\u00f3n de las v\u00edctimas de los delitos.","og_url":"https:\/\/www.fiscalia.gov.co\/colombia\/noticias\/extranjero-que-seria-integrante-del-clan-del-golfo-fue-enviado-a-la-carcel-por-su-presunta-responsabilidad-en-un-homicidio\/","og_site_name":"Fiscal\u00eda General de la Naci\u00f3n","article_publisher":"https:\/\/www.facebook.com\/FiscaliaCol","article_published_time":"2022-06-08T23:13:43+00:00","og_image":[{"url":"https:\/\/www.fiscalia.gov.co\/colombia\/wp-content\/uploads\/Fiscal-Barbosa-Kenner-David-Rubo-Montesino-de-nacionalidad-extranjera-fue-imputado-por-homicidio.-1024x780.jpg","type":"","width":"","height":""}],"author":"Jordan Leandro Oviedo Anzola","twitter_card":"summary_large_image","twitter_creator":"@FiscaliaCol","twitter_site":"@FiscaliaCol","twitter_misc":{"Escrito por":"Jordan Leandro Oviedo Anzola","Tiempo de lectura":"1 minuto"},"schema":{"@context":"https:\/\/schema.org","@graph":[{"@type":"Article","@id":"https:\/\/www.fiscalia.gov.co\/colombia\/noticias\/extranjero-que-seria-integrante-del-clan-del-golfo-fue-enviado-a-la-carcel-por-su-presunta-responsabilidad-en-un-homicidio\/#article","isPartOf":{"@id":"https:\/\/www.fiscalia.gov.co\/colombia\/noticias\/extranjero-que-seria-integrante-del-clan-del-golfo-fue-enviado-a-la-carcel-por-su-presunta-responsabilidad-en-un-homicidio\/"},"author":{"name":"Jordan Leandro Oviedo Anzola","@id":"https:\/\/www.fiscalia.gov.co\/colombia\/#\/schema\/person\/bf84402cf293a5393e9c70b111020b24"},"headline":"Extranjero que ser\u00eda integrante del Clan del Golfo fue enviado a la c\u00e1rcel por su presunta responsabilidad en un homicidio","datePublished":"2022-06-08T23:13:43+00:00","dateModified":"2022-06-08T23:13:43+00:00","mainEntityOfPage":{"@id":"https:\/\/www.fiscalia.gov.co\/colombia\/noticias\/extranjero-que-seria-integrante-del-clan-del-golfo-fue-enviado-a-la-carcel-por-su-presunta-responsabilidad-en-un-homicidio\/"},"wordCount":278,"publisher":{"@id":"https:\/\/www.fiscalia.gov.co\/colombia\/#organization"},"image":{"@id":"https:\/\/www.fiscalia.gov.co\/colombia\/noticias\/extranjero-que-seria-integrante-del-clan-del-golfo-fue-enviado-a-la-carcel-por-su-presunta-responsabilidad-en-un-homicidio\/#primaryimage"},"thumbnailUrl":"https:\/\/www.fiscalia.gov.co\/colombia\/wp-content\/uploads\/Fiscal-Barbosa-Kenner-David-Rubo-Montesino-de-nacionalidad-extranjera-fue-imputado-por-homicidio.-1024x780.jpg","keywords":["Antioquia","Fiscal Barbosa","Fiscal\u00eda","Fiscal\u00eda General de la Naci\u00f3n","Puerto Berr\u00edo","Puerto Berrio (Antioquia)"],"articleSection":["Noticias","Seccional Antioquia","Seccionales","Seguridad territorial"],"inLanguage":"es-CO"},{"@type":"WebPage","@id":"https:\/\/www.fiscalia.gov.co\/colombia\/noticias\/extranjero-que-seria-integrante-del-clan-del-golfo-fue-enviado-a-la-carcel-por-su-presunta-responsabilidad-en-un-homicidio\/","url":"https:\/\/www.fiscalia.gov.co\/colombia\/noticias\/extranjero-que-seria-integrante-del-clan-del-golfo-fue-enviado-a-la-carcel-por-su-presunta-responsabilidad-en-un-homicidio\/","name":"Fiscal\u00eda General de la Naci\u00f3n","isPartOf":{"@id":"https:\/\/www.fiscalia.gov.co\/colombia\/#website"},"primaryImageOfPage":{"@id":"https:\/\/www.fiscalia.gov.co\/colombia\/noticias\/extranjero-que-seria-integrante-del-clan-del-golfo-fue-enviado-a-la-carcel-por-su-presunta-responsabilidad-en-un-homicidio\/#primaryimage"},"image":{"@id":"https:\/\/www.fiscalia.gov.co\/colombia\/noticias\/extranjero-que-seria-integrante-del-clan-del-golfo-fue-enviado-a-la-carcel-por-su-presunta-responsabilidad-en-un-homicidio\/#primaryimage"},"thumbnailUrl":"https:\/\/www.fiscalia.gov.co\/colombia\/wp-content\/uploads\/Fiscal-Barbosa-Kenner-David-Rubo-Montesino-de-nacionalidad-extranjera-fue-imputado-por-homicidio.-1024x780.jpg","datePublished":"2022-06-08T23:13:43+00:00","dateModified":"2022-06-08T23:13:43+00:00","description":"P\u00e1gina oficial de la Fiscal\u00eda General de la Naci\u00f3n \u2013 Colombia. Garantizamos el acceso efectivo a la justicia, la verdad y la reparaci\u00f3n de las v\u00edctimas de los delitos.","breadcrumb":{"@id":"https:\/\/www.fiscalia.gov.co\/colombia\/noticias\/extranjero-que-seria-integrante-del-clan-del-golfo-fue-enviado-a-la-carcel-por-su-presunta-responsabilidad-en-un-homicidio\/#breadcrumb"},"inLanguage":"es-CO","potentialAction":[{"@type":"ReadAction","target":["https:\/\/www.fiscalia.gov.co\/colombia\/noticias\/extranjero-que-seria-integrante-del-clan-del-golfo-fue-enviado-a-la-carcel-por-su-presunta-responsabilidad-en-un-homicidio\/"]}]},{"@type":"ImageObject","inLanguage":"es-CO","@id":"https:\/\/www.fiscalia.gov.co\/colombia\/noticias\/extranjero-que-seria-integrante-del-clan-del-golfo-fue-enviado-a-la-carcel-por-su-presunta-responsabilidad-en-un-homicidio\/#primaryimage","url":"https:\/\/www.fiscalia.gov.co\/colombia\/wp-content\/uploads\/Fiscal-Barbosa-Kenner-David-Rubo-Montesino-de-nacionalidad-extranjera-fue-imputado-por-homicidio..jpg","contentUrl":"https:\/\/www.fiscalia.gov.co\/colombia\/wp-content\/uploads\/Fiscal-Barbosa-Kenner-David-Rubo-Montesino-de-nacionalidad-extranjera-fue-imputado-por-homicidio..jpg","width":1280,"height":975,"caption":"Kenner David Rubo Montesino, de nacionalidad extranjera, fue imputado por homicidio."},{"@type":"BreadcrumbList","@id":"https:\/\/www.fiscalia.gov.co\/colombia\/noticias\/extranjero-que-seria-integrante-del-clan-del-golfo-fue-enviado-a-la-carcel-por-su-presunta-responsabilidad-en-un-homicidio\/#breadcrumb","itemListElement":[{"@type":"ListItem","position":1,"name":"Home","item":"https:\/\/www.fiscalia.gov.co\/colombia\/"},{"@type":"ListItem","position":2,"name":"Extranjero que ser\u00eda integrante del Clan del Golfo fue enviado a la c\u00e1rcel por su presunta responsabilidad en un homicidio"}]},{"@type":"WebSite","@id":"https:\/\/www.fiscalia.gov.co\/colombia\/#website","url":"https:\/\/www.fiscalia.gov.co\/colombia\/","name":"Fiscal\u00eda General de la Naci\u00f3n","description":"P\u00e1gina oficial de la Fiscal\u00eda General de la Naci\u00f3n \u2013 Colombia. Garantizamos el acceso efectivo a la justicia, la verdad y la reparaci\u00f3n de las v\u00edctimas de los delitos.","publisher":{"@id":"https:\/\/www.fiscalia.gov.co\/colombia\/#organization"},"potentialAction":[{"@type":"SearchAction","target":{"@type":"EntryPoint","urlTemplate":"https:\/\/www.fiscalia.gov.co\/colombia\/?s={search_term_string}"},"query-input":{"@type":"PropertyValueSpecification","valueRequired":true,"valueName":"search_term_string"}}],"inLanguage":"es-CO"},{"@type":"Organization","@id":"https:\/\/www.fiscalia.gov.co\/colombia\/#organization","name":"Fiscal\u00eda General de la Naci\u00f3n","url":"https:\/\/www.fiscalia.gov.co\/colombia\/","logo":{"@type":"ImageObject","inLanguage":"es-CO","@id":"https:\/\/www.fiscalia.gov.co\/colombia\/#\/schema\/logo\/image\/","url":"https:\/\/www.fiscalia.gov.co\/colombia\/wp-content\/uploads\/LogoHorizontal_1.jpg","contentUrl":"https:\/\/www.fiscalia.gov.co\/colombia\/wp-content\/uploads\/LogoHorizontal_1.jpg","width":300,"height":90,"caption":"Fiscal\u00eda General de la Naci\u00f3n"},"image":{"@id":"https:\/\/www.fiscalia.gov.co\/colombia\/#\/schema\/logo\/image\/"},"sameAs":["https:\/\/www.facebook.com\/FiscaliaCol","https:\/\/x.com\/FiscaliaCol","https:\/\/www.instagram.com\/fiscaliacol","https:\/\/www.linkedin.com\/company\/fiscalia-general-de-la-naci-n\/","https:\/\/youtube.com\/@fiscaliageneraldelanacion-4668?si=6nN79nyQICPU5iTh"]},{"@type":"Person","@id":"https:\/\/www.fiscalia.gov.co\/colombia\/#\/schema\/person\/bf84402cf293a5393e9c70b111020b24","name":"Jordan Leandro Oviedo Anzola","image":{"@type":"ImageObject","inLanguage":"es-CO","@id":"https:\/\/www.fiscalia.gov.co\/colombia\/#\/schema\/person\/image\/","url":"https:\/\/secure.gravatar.com\/avatar\/dabba4346fa9b9207d96adafa8f92721?s=96&d=mm&r=g","contentUrl":"https:\/\/secure.gravatar.com\/avatar\/dabba4346fa9b9207d96adafa8f92721?s=96&d=mm&r=g","caption":"Jordan Leandro Oviedo Anzola"},"url":"https:\/\/www.fiscalia.gov.co\/colombia\/author\/joviedo\/"}]}},"_links":{"self":[{"href":"https:\/\/www.fiscalia.gov.co\/colombia\/wp-json\/wp\/v2\/posts\/250168","targetHints":{"allow":["GET"]}}],"collection":[{"href":"https:\/\/www.fiscalia.gov.co\/colombia\/wp-json\/wp\/v2\/posts"}],"about":[{"href":"https:\/\/www.fiscalia.gov.co\/colombia\/wp-json\/wp\/v2\/types\/post"}],"author":[{"embeddable":true,"href":"https:\/\/www.fiscalia.gov.co\/colombia\/wp-json\/wp\/v2\/users\/177"}],"replies":[{"embeddable":true,"href":"https:\/\/www.fiscalia.gov.co\/colombia\/wp-json\/wp\/v2\/comments?post=250168"}],"version-history":[{"count":1,"href":"https:\/\/www.fiscalia.gov.co\/colombia\/wp-json\/wp\/v2\/posts\/250168\/revisions"}],"predecessor-version":[{"id":250170,"href":"https:\/\/www.fiscalia.gov.co\/colombia\/wp-json\/wp\/v2\/posts\/250168\/revisions\/250170"}],"wp:attachment":[{"href":"https:\/\/www.fiscalia.gov.co\/colombia\/wp-json\/wp\/v2\/media?parent=250168"}],"wp:term":[{"taxonomy":"category","embeddable":true,"href":"https:\/\/www.fiscalia.gov.co\/colombia\/wp-json\/wp\/v2\/categories?post=250168"},{"taxonomy":"post_tag","embeddable":true,"href":"https:\/\/www.fiscalia.gov.co\/colombia\/wp-json\/wp\/v2\/tags?post=250168"}],"curies":[{"name":"wp","href":"https:\/\/api.w.org\/{rel}","templated":true}]}}