{"id":250158,"date":"2022-06-08T16:20:04","date_gmt":"2022-06-08T21:20:04","guid":{"rendered":"https:\/\/www.fiscalia.gov.co\/colombia\/?p=250158"},"modified":"2022-06-08T16:20:04","modified_gmt":"2022-06-08T21:20:04","slug":"judicializados-dos-presuntos-implicados-en-delitos-de-trafico-de-estupefacientes-y-cohecho","status":"publish","type":"post","link":"https:\/\/www.fiscalia.gov.co\/colombia\/noticias\/judicializados-dos-presuntos-implicados-en-delitos-de-trafico-de-estupefacientes-y-cohecho\/","title":{"rendered":"Judicializados dos presuntos implicados en delitos de tr\u00e1fico de estupefacientes y cohecho\u00a0"},"content":{"rendered":"<div>\n<div dir=\"auto\">\n<div dir=\"auto\">\n<div>\n<p>Por solicitud de un fiscal de la Seccional Guaviare, un juez de control de garant\u00edas priv\u00f3 de la libertad en sus lugares de domicilio a\u00a0<b>John Alexander Casta\u00f1eda Pi\u00f1eros y Nelcy Yaneth Amado Ropero<\/b>, presuntamente, responsables de transportar estupefacientes en un cami\u00f3n en el que se movilizaban por el municipio de El Retorno (Guaviare).<\/p>\n<figure id=\"attachment_250161\" aria-describedby=\"caption-attachment-250161\" style=\"width: 696px\" class=\"wp-caption aligncenter\"><img loading=\"lazy\" decoding=\"async\" class=\"size-large wp-image-250161\" src=\"https:\/\/www.fiscalia.gov.co\/colombia\/wp-content\/uploads\/Fiscal-Barbosa-capturados-presuntos-responsables-de-transportar-estupefacientes-trafico-de-estupefacientes-y-cohecho-_-Guaviare-1024x767.jpg\" alt=\"\" width=\"696\" height=\"521\" srcset=\"https:\/\/www.fiscalia.gov.co\/colombia\/wp-content\/uploads\/Fiscal-Barbosa-capturados-presuntos-responsables-de-transportar-estupefacientes-trafico-de-estupefacientes-y-cohecho-_-Guaviare-1024x767.jpg 1024w, https:\/\/www.fiscalia.gov.co\/colombia\/wp-content\/uploads\/Fiscal-Barbosa-capturados-presuntos-responsables-de-transportar-estupefacientes-trafico-de-estupefacientes-y-cohecho-_-Guaviare-300x225.jpg 300w, https:\/\/www.fiscalia.gov.co\/colombia\/wp-content\/uploads\/Fiscal-Barbosa-capturados-presuntos-responsables-de-transportar-estupefacientes-trafico-de-estupefacientes-y-cohecho-_-Guaviare-768x575.jpg 768w, https:\/\/www.fiscalia.gov.co\/colombia\/wp-content\/uploads\/Fiscal-Barbosa-capturados-presuntos-responsables-de-transportar-estupefacientes-trafico-de-estupefacientes-y-cohecho-_-Guaviare-696x521.jpg 696w, https:\/\/www.fiscalia.gov.co\/colombia\/wp-content\/uploads\/Fiscal-Barbosa-capturados-presuntos-responsables-de-transportar-estupefacientes-trafico-de-estupefacientes-y-cohecho-_-Guaviare-1068x800.jpg 1068w, https:\/\/www.fiscalia.gov.co\/colombia\/wp-content\/uploads\/Fiscal-Barbosa-capturados-presuntos-responsables-de-transportar-estupefacientes-trafico-de-estupefacientes-y-cohecho-_-Guaviare-561x420.jpg 561w, https:\/\/www.fiscalia.gov.co\/colombia\/wp-content\/uploads\/Fiscal-Barbosa-capturados-presuntos-responsables-de-transportar-estupefacientes-trafico-de-estupefacientes-y-cohecho-_-Guaviare-80x60.jpg 80w, https:\/\/www.fiscalia.gov.co\/colombia\/wp-content\/uploads\/Fiscal-Barbosa-capturados-presuntos-responsables-de-transportar-estupefacientes-trafico-de-estupefacientes-y-cohecho-_-Guaviare-265x198.jpg 265w, https:\/\/www.fiscalia.gov.co\/colombia\/wp-content\/uploads\/Fiscal-Barbosa-capturados-presuntos-responsables-de-transportar-estupefacientes-trafico-de-estupefacientes-y-cohecho-_-Guaviare.jpg 1280w\" sizes=\"auto, (max-width: 696px) 100vw, 696px\" \/><figcaption id=\"caption-attachment-250161\" class=\"wp-caption-text\">capturados por presunto tr\u00e1fico de estupefacientes en Guaviare.<\/figcaption><\/figure>\n<p>Los hechos investigados se presentaron cuando los detenidos fueron requeridos por uniformados del Ej\u00e9rcito y la polic\u00eda Nacional para un registro en un puesto de control ubicado\u00a0en la vereda El Porvenir de El Retorno.<\/p>\n<p>Los uniformados encontraron en el veh\u00edculo 3.375 gramos de una sustancia alucin\u00f3gena determinada como\u00a0<a title=\"https:\/\/www.fiscalia.gov.co\/colombia\/noticias\/a-la-carcel-8-presuntos-integrantes-de-la-banda-las-rosadas-que-se-dedicarian-a-distribuir-drogas-sinteticas-y-estupefacientes-en-cali-valle\/\" href=\"https:\/\/www.fiscalia.gov.co\/colombia\/noticias\/a-la-carcel-8-presuntos-integrantes-de-la-banda-las-rosadas-que-se-dedicarian-a-distribuir-drogas-sinteticas-y-estupefacientes-en-cali-valle\/\" target=\"_blank\" rel=\"noopener noreferrer\" data-saferedirecturl=\"https:\/\/www.google.com\/url?q=https:\/\/www.fiscalia.gov.co\/colombia\/noticias\/a-la-carcel-8-presuntos-integrantes-de-la-banda-las-rosadas-que-se-dedicarian-a-distribuir-drogas-sinteticas-y-estupefacientes-en-cali-valle\/&amp;source=gmail&amp;ust=1654808670802000&amp;usg=AOvVaw3JewBZv54jVxaUZQx1xYtw\">base de coca<\/a>. De la misma manera, fueron incautados 21&#8217;231.000 de pesos en efectivo.<\/p>\n<p>Seg\u00fan informaci\u00f3n recaudada, al momento de la captura uno de los ocupantes le habr\u00eda ofrecido dinero a cambio de dejarlos en libertad.<\/p>\n<p>La Fiscal\u00eda imput\u00f3 a los procesados los detenidos delitos de\u00a0tr\u00e1fico, fabricaci\u00f3n o porte de estupefacientes\u00a0y cohecho por dar u ofrecer. Ninguno de los cargos fue aceptado por los procesados.<\/p>\n<p><strong>La Fiscal\u00eda habla con resultados.\u00a0<\/strong><\/p>\n<\/div>\n<\/div>\n<\/div>\n<\/div>\n<p>&nbsp;<\/p>\n<p>&nbsp;<\/p>\n<p>&nbsp;<\/p>\n<div>\n<div dir=\"auto\">\n<div dir=\"auto\">\n<div>\n<p>PYMP\/MAGA\/ICLH\/DSG<\/p>\n<p>&nbsp;<\/p>\n<p>&nbsp;<\/p>\n<p><i>La informaci\u00f3n contenida en este bolet\u00edn de prensa corresponde a la narraci\u00f3n de los hechos noticiosos objetivos, suministrados por los funcionarios encargados de adelantar las investigaciones penales al interior de la Fiscal\u00eda General de la Naci\u00f3n. Para el momento de la divulgaci\u00f3n de este comunicado, la situaci\u00f3n jur\u00eddica de la(s) persona(s) relacionada(s) se encuentra pendiente de resolver por la autoridad judicial competente, siempre bajo los preceptos de la presunci\u00f3n de inocencia, consagrados en el art\u00edculo 29 de la Constituci\u00f3n Pol\u00edtica y el art\u00edculo 7\u00ba de la Ley 906 de 2004.<\/i><\/p>\n<\/div>\n<\/div>\n<\/div>\n<\/div>\n\n<div class=\"twitter-share\"><a href=\"https:\/\/twitter.com\/intent\/tweet?via=fiscaliacol\" class=\"twitter-share-button\">Tweet<\/a><\/div>\n","protected":false},"excerpt":{"rendered":"<p>Por solicitud de un fiscal de la Seccional Guaviare, un juez de control de garant\u00edas priv\u00f3 de la libertad en sus lugares de domicilio a\u00a0John Alexander Casta\u00f1eda Pi\u00f1eros y Nelcy Yaneth Amado Ropero, presuntamente, responsables de transportar estupefacientes en un cami\u00f3n en el que se movilizaban por el municipio de El Retorno (Guaviare). Los hechos [&hellip;]<\/p>\n","protected":false},"author":177,"featured_media":0,"comment_status":"closed","ping_status":"open","sticky":false,"template":"","format":"standard","meta":{"tdm_status":"","tdm_grid_status":"","footnotes":""},"categories":[1,12689,303,24103],"tags":[15149,31363,31930,11533,24185,24188,1047,916,31931],"class_list":{"0":"post-250158","1":"post","2":"type-post","3":"status-publish","4":"format-standard","6":"category-noticias","7":"category-seccional-guaviare","8":"category-seccionales","9":"category-trafico-de-estupefacientes","10":"tag-cohecho-por-dar-u-ofrecer","11":"tag-detencion-privativa-de-la-libertad","12":"tag-el-retorno-guaviare","13":"tag-fabricacion-o-porte-de-estupefacientes","14":"tag-fiscal-barbosa","15":"tag-fiscal-francisco-barbosa","16":"tag-fiscalia-general-de-la-nacion","17":"tag-trafico","18":"tag-transportar-droga"},"yoast_head":"<!-- This site is optimized with the Yoast SEO plugin v24.3 - https:\/\/yoast.com\/wordpress\/plugins\/seo\/ -->\n<title>Fiscal\u00eda General de la Naci\u00f3n<\/title>\n<meta name=\"description\" content=\"P\u00e1gina oficial de la Fiscal\u00eda General de la Naci\u00f3n \u2013 Colombia. Garantizamos el acceso efectivo a la justicia, la verdad y la reparaci\u00f3n de las v\u00edctimas de los delitos.\" \/>\n<meta name=\"robots\" content=\"noindex, follow\" \/>\n<meta property=\"og:locale\" content=\"es_ES\" \/>\n<meta property=\"og:type\" content=\"article\" \/>\n<meta property=\"og:title\" content=\"Fiscal\u00eda General de la Naci\u00f3n\" \/>\n<meta property=\"og:description\" content=\"P\u00e1gina oficial de la Fiscal\u00eda General de la Naci\u00f3n \u2013 Colombia. Garantizamos el acceso efectivo a la justicia, la verdad y la reparaci\u00f3n de las v\u00edctimas de los delitos.\" \/>\n<meta property=\"og:url\" content=\"https:\/\/www.fiscalia.gov.co\/colombia\/noticias\/judicializados-dos-presuntos-implicados-en-delitos-de-trafico-de-estupefacientes-y-cohecho\/\" \/>\n<meta property=\"og:site_name\" content=\"Fiscal\u00eda General de la Naci\u00f3n\" \/>\n<meta property=\"article:publisher\" content=\"https:\/\/www.facebook.com\/FiscaliaCol\" \/>\n<meta property=\"article:published_time\" content=\"2022-06-08T21:20:04+00:00\" \/>\n<meta property=\"og:image\" content=\"https:\/\/www.fiscalia.gov.co\/colombia\/wp-content\/uploads\/Fiscal-Barbosa-capturados-presuntos-responsables-de-transportar-estupefacientes-trafico-de-estupefacientes-y-cohecho-_-Guaviare-1024x767.jpg\" \/>\n<meta name=\"author\" content=\"Jordan Leandro Oviedo Anzola\" \/>\n<meta name=\"twitter:card\" content=\"summary_large_image\" \/>\n<meta name=\"twitter:creator\" content=\"@FiscaliaCol\" \/>\n<meta name=\"twitter:site\" content=\"@FiscaliaCol\" \/>\n<meta name=\"twitter:label1\" content=\"Escrito por\" \/>\n\t<meta name=\"twitter:data1\" content=\"Jordan Leandro Oviedo Anzola\" \/>\n\t<meta name=\"twitter:label2\" content=\"Tiempo de lectura\" \/>\n\t<meta name=\"twitter:data2\" content=\"2 minutos\" \/>\n<script type=\"application\/ld+json\" class=\"yoast-schema-graph\">{\"@context\":\"https:\/\/schema.org\",\"@graph\":[{\"@type\":\"Article\",\"@id\":\"https:\/\/www.fiscalia.gov.co\/colombia\/noticias\/judicializados-dos-presuntos-implicados-en-delitos-de-trafico-de-estupefacientes-y-cohecho\/#article\",\"isPartOf\":{\"@id\":\"https:\/\/www.fiscalia.gov.co\/colombia\/noticias\/judicializados-dos-presuntos-implicados-en-delitos-de-trafico-de-estupefacientes-y-cohecho\/\"},\"author\":{\"name\":\"Jordan Leandro Oviedo Anzola\",\"@id\":\"https:\/\/www.fiscalia.gov.co\/colombia\/#\/schema\/person\/bf84402cf293a5393e9c70b111020b24\"},\"headline\":\"Judicializados dos presuntos implicados en delitos de tr\u00e1fico de estupefacientes y cohecho\u00a0\",\"datePublished\":\"2022-06-08T21:20:04+00:00\",\"dateModified\":\"2022-06-08T21:20:04+00:00\",\"mainEntityOfPage\":{\"@id\":\"https:\/\/www.fiscalia.gov.co\/colombia\/noticias\/judicializados-dos-presuntos-implicados-en-delitos-de-trafico-de-estupefacientes-y-cohecho\/\"},\"wordCount\":329,\"publisher\":{\"@id\":\"https:\/\/www.fiscalia.gov.co\/colombia\/#organization\"},\"image\":{\"@id\":\"https:\/\/www.fiscalia.gov.co\/colombia\/noticias\/judicializados-dos-presuntos-implicados-en-delitos-de-trafico-de-estupefacientes-y-cohecho\/#primaryimage\"},\"thumbnailUrl\":\"https:\/\/www.fiscalia.gov.co\/colombia\/wp-content\/uploads\/Fiscal-Barbosa-capturados-presuntos-responsables-de-transportar-estupefacientes-trafico-de-estupefacientes-y-cohecho-_-Guaviare-1024x767.jpg\",\"keywords\":[\"cohecho por dar u ofrecer\",\"detenci\u00f3n privativa de la libertad.\",\"\u200bEl Retorno (Guaviare)\",\"fabricaci\u00f3n o porte de estupefacientes\",\"Fiscal Barbosa\",\"Fiscal Francisco Barbosa\",\"Fiscal\u00eda General de la Naci\u00f3n\",\"Tr\u00e1fico\",\"transportar droga\"],\"articleSection\":[\"Noticias\",\"Seccional Guaviare\",\"Seccionales\",\"Tr\u00e1fico de estupefacientes\"],\"inLanguage\":\"es-CO\"},{\"@type\":\"WebPage\",\"@id\":\"https:\/\/www.fiscalia.gov.co\/colombia\/noticias\/judicializados-dos-presuntos-implicados-en-delitos-de-trafico-de-estupefacientes-y-cohecho\/\",\"url\":\"https:\/\/www.fiscalia.gov.co\/colombia\/noticias\/judicializados-dos-presuntos-implicados-en-delitos-de-trafico-de-estupefacientes-y-cohecho\/\",\"name\":\"Fiscal\u00eda General de la Naci\u00f3n\",\"isPartOf\":{\"@id\":\"https:\/\/www.fiscalia.gov.co\/colombia\/#website\"},\"primaryImageOfPage\":{\"@id\":\"https:\/\/www.fiscalia.gov.co\/colombia\/noticias\/judicializados-dos-presuntos-implicados-en-delitos-de-trafico-de-estupefacientes-y-cohecho\/#primaryimage\"},\"image\":{\"@id\":\"https:\/\/www.fiscalia.gov.co\/colombia\/noticias\/judicializados-dos-presuntos-implicados-en-delitos-de-trafico-de-estupefacientes-y-cohecho\/#primaryimage\"},\"thumbnailUrl\":\"https:\/\/www.fiscalia.gov.co\/colombia\/wp-content\/uploads\/Fiscal-Barbosa-capturados-presuntos-responsables-de-transportar-estupefacientes-trafico-de-estupefacientes-y-cohecho-_-Guaviare-1024x767.jpg\",\"datePublished\":\"2022-06-08T21:20:04+00:00\",\"dateModified\":\"2022-06-08T21:20:04+00:00\",\"description\":\"P\u00e1gina oficial de la Fiscal\u00eda General de la Naci\u00f3n \u2013 Colombia. Garantizamos el acceso efectivo a la justicia, la verdad y la reparaci\u00f3n de las v\u00edctimas de los delitos.\",\"breadcrumb\":{\"@id\":\"https:\/\/www.fiscalia.gov.co\/colombia\/noticias\/judicializados-dos-presuntos-implicados-en-delitos-de-trafico-de-estupefacientes-y-cohecho\/#breadcrumb\"},\"inLanguage\":\"es-CO\",\"potentialAction\":[{\"@type\":\"ReadAction\",\"target\":[\"https:\/\/www.fiscalia.gov.co\/colombia\/noticias\/judicializados-dos-presuntos-implicados-en-delitos-de-trafico-de-estupefacientes-y-cohecho\/\"]}]},{\"@type\":\"ImageObject\",\"inLanguage\":\"es-CO\",\"@id\":\"https:\/\/www.fiscalia.gov.co\/colombia\/noticias\/judicializados-dos-presuntos-implicados-en-delitos-de-trafico-de-estupefacientes-y-cohecho\/#primaryimage\",\"url\":\"https:\/\/www.fiscalia.gov.co\/colombia\/wp-content\/uploads\/Fiscal-Barbosa-capturados-presuntos-responsables-de-transportar-estupefacientes-trafico-de-estupefacientes-y-cohecho-_-Guaviare.jpg\",\"contentUrl\":\"https:\/\/www.fiscalia.gov.co\/colombia\/wp-content\/uploads\/Fiscal-Barbosa-capturados-presuntos-responsables-de-transportar-estupefacientes-trafico-de-estupefacientes-y-cohecho-_-Guaviare.jpg\",\"width\":1280,\"height\":959,\"caption\":\"capturados por presunto tr\u00e1fico de estupefacientes en Guaviare.\u00a0\"},{\"@type\":\"BreadcrumbList\",\"@id\":\"https:\/\/www.fiscalia.gov.co\/colombia\/noticias\/judicializados-dos-presuntos-implicados-en-delitos-de-trafico-de-estupefacientes-y-cohecho\/#breadcrumb\",\"itemListElement\":[{\"@type\":\"ListItem\",\"position\":1,\"name\":\"Home\",\"item\":\"https:\/\/www.fiscalia.gov.co\/colombia\/\"},{\"@type\":\"ListItem\",\"position\":2,\"name\":\"Judicializados dos presuntos implicados en delitos de tr\u00e1fico de estupefacientes y cohecho\u00a0\"}]},{\"@type\":\"WebSite\",\"@id\":\"https:\/\/www.fiscalia.gov.co\/colombia\/#website\",\"url\":\"https:\/\/www.fiscalia.gov.co\/colombia\/\",\"name\":\"Fiscal\u00eda General de la Naci\u00f3n\",\"description\":\"P\u00e1gina oficial de la Fiscal\u00eda General de la Naci\u00f3n \u2013 Colombia. Garantizamos el acceso efectivo a la justicia, la verdad y la reparaci\u00f3n de las v\u00edctimas de los delitos.\",\"publisher\":{\"@id\":\"https:\/\/www.fiscalia.gov.co\/colombia\/#organization\"},\"potentialAction\":[{\"@type\":\"SearchAction\",\"target\":{\"@type\":\"EntryPoint\",\"urlTemplate\":\"https:\/\/www.fiscalia.gov.co\/colombia\/?s={search_term_string}\"},\"query-input\":{\"@type\":\"PropertyValueSpecification\",\"valueRequired\":true,\"valueName\":\"search_term_string\"}}],\"inLanguage\":\"es-CO\"},{\"@type\":\"Organization\",\"@id\":\"https:\/\/www.fiscalia.gov.co\/colombia\/#organization\",\"name\":\"Fiscal\u00eda General de la Naci\u00f3n\",\"url\":\"https:\/\/www.fiscalia.gov.co\/colombia\/\",\"logo\":{\"@type\":\"ImageObject\",\"inLanguage\":\"es-CO\",\"@id\":\"https:\/\/www.fiscalia.gov.co\/colombia\/#\/schema\/logo\/image\/\",\"url\":\"https:\/\/www.fiscalia.gov.co\/colombia\/wp-content\/uploads\/LogoHorizontal_1.jpg\",\"contentUrl\":\"https:\/\/www.fiscalia.gov.co\/colombia\/wp-content\/uploads\/LogoHorizontal_1.jpg\",\"width\":300,\"height\":90,\"caption\":\"Fiscal\u00eda General de la Naci\u00f3n\"},\"image\":{\"@id\":\"https:\/\/www.fiscalia.gov.co\/colombia\/#\/schema\/logo\/image\/\"},\"sameAs\":[\"https:\/\/www.facebook.com\/FiscaliaCol\",\"https:\/\/x.com\/FiscaliaCol\",\"https:\/\/www.instagram.com\/fiscaliacol\",\"https:\/\/www.linkedin.com\/company\/fiscalia-general-de-la-naci-n\/\",\"https:\/\/youtube.com\/@fiscaliageneraldelanacion-4668?si=6nN79nyQICPU5iTh\"]},{\"@type\":\"Person\",\"@id\":\"https:\/\/www.fiscalia.gov.co\/colombia\/#\/schema\/person\/bf84402cf293a5393e9c70b111020b24\",\"name\":\"Jordan Leandro Oviedo Anzola\",\"image\":{\"@type\":\"ImageObject\",\"inLanguage\":\"es-CO\",\"@id\":\"https:\/\/www.fiscalia.gov.co\/colombia\/#\/schema\/person\/image\/\",\"url\":\"https:\/\/secure.gravatar.com\/avatar\/dabba4346fa9b9207d96adafa8f92721?s=96&d=mm&r=g\",\"contentUrl\":\"https:\/\/secure.gravatar.com\/avatar\/dabba4346fa9b9207d96adafa8f92721?s=96&d=mm&r=g\",\"caption\":\"Jordan Leandro Oviedo Anzola\"},\"url\":\"https:\/\/www.fiscalia.gov.co\/colombia\/author\/joviedo\/\"}]}<\/script>\n<!-- \/ Yoast SEO plugin. -->","yoast_head_json":{"title":"Fiscal\u00eda General de la Naci\u00f3n","description":"P\u00e1gina oficial de la Fiscal\u00eda General de la Naci\u00f3n \u2013 Colombia. Garantizamos el acceso efectivo a la justicia, la verdad y la reparaci\u00f3n de las v\u00edctimas de los delitos.","robots":{"index":"noindex","follow":"follow"},"og_locale":"es_ES","og_type":"article","og_title":"Fiscal\u00eda General de la Naci\u00f3n","og_description":"P\u00e1gina oficial de la Fiscal\u00eda General de la Naci\u00f3n \u2013 Colombia. Garantizamos el acceso efectivo a la justicia, la verdad y la reparaci\u00f3n de las v\u00edctimas de los delitos.","og_url":"https:\/\/www.fiscalia.gov.co\/colombia\/noticias\/judicializados-dos-presuntos-implicados-en-delitos-de-trafico-de-estupefacientes-y-cohecho\/","og_site_name":"Fiscal\u00eda General de la Naci\u00f3n","article_publisher":"https:\/\/www.facebook.com\/FiscaliaCol","article_published_time":"2022-06-08T21:20:04+00:00","og_image":[{"url":"https:\/\/www.fiscalia.gov.co\/colombia\/wp-content\/uploads\/Fiscal-Barbosa-capturados-presuntos-responsables-de-transportar-estupefacientes-trafico-de-estupefacientes-y-cohecho-_-Guaviare-1024x767.jpg","type":"","width":"","height":""}],"author":"Jordan Leandro Oviedo Anzola","twitter_card":"summary_large_image","twitter_creator":"@FiscaliaCol","twitter_site":"@FiscaliaCol","twitter_misc":{"Escrito por":"Jordan Leandro Oviedo Anzola","Tiempo de lectura":"2 minutos"},"schema":{"@context":"https:\/\/schema.org","@graph":[{"@type":"Article","@id":"https:\/\/www.fiscalia.gov.co\/colombia\/noticias\/judicializados-dos-presuntos-implicados-en-delitos-de-trafico-de-estupefacientes-y-cohecho\/#article","isPartOf":{"@id":"https:\/\/www.fiscalia.gov.co\/colombia\/noticias\/judicializados-dos-presuntos-implicados-en-delitos-de-trafico-de-estupefacientes-y-cohecho\/"},"author":{"name":"Jordan Leandro Oviedo Anzola","@id":"https:\/\/www.fiscalia.gov.co\/colombia\/#\/schema\/person\/bf84402cf293a5393e9c70b111020b24"},"headline":"Judicializados dos presuntos implicados en delitos de tr\u00e1fico de estupefacientes y cohecho\u00a0","datePublished":"2022-06-08T21:20:04+00:00","dateModified":"2022-06-08T21:20:04+00:00","mainEntityOfPage":{"@id":"https:\/\/www.fiscalia.gov.co\/colombia\/noticias\/judicializados-dos-presuntos-implicados-en-delitos-de-trafico-de-estupefacientes-y-cohecho\/"},"wordCount":329,"publisher":{"@id":"https:\/\/www.fiscalia.gov.co\/colombia\/#organization"},"image":{"@id":"https:\/\/www.fiscalia.gov.co\/colombia\/noticias\/judicializados-dos-presuntos-implicados-en-delitos-de-trafico-de-estupefacientes-y-cohecho\/#primaryimage"},"thumbnailUrl":"https:\/\/www.fiscalia.gov.co\/colombia\/wp-content\/uploads\/Fiscal-Barbosa-capturados-presuntos-responsables-de-transportar-estupefacientes-trafico-de-estupefacientes-y-cohecho-_-Guaviare-1024x767.jpg","keywords":["cohecho por dar u ofrecer","detenci\u00f3n privativa de la libertad.","\u200bEl Retorno (Guaviare)","fabricaci\u00f3n o porte de estupefacientes","Fiscal Barbosa","Fiscal Francisco Barbosa","Fiscal\u00eda General de la Naci\u00f3n","Tr\u00e1fico","transportar droga"],"articleSection":["Noticias","Seccional Guaviare","Seccionales","Tr\u00e1fico de estupefacientes"],"inLanguage":"es-CO"},{"@type":"WebPage","@id":"https:\/\/www.fiscalia.gov.co\/colombia\/noticias\/judicializados-dos-presuntos-implicados-en-delitos-de-trafico-de-estupefacientes-y-cohecho\/","url":"https:\/\/www.fiscalia.gov.co\/colombia\/noticias\/judicializados-dos-presuntos-implicados-en-delitos-de-trafico-de-estupefacientes-y-cohecho\/","name":"Fiscal\u00eda General de la Naci\u00f3n","isPartOf":{"@id":"https:\/\/www.fiscalia.gov.co\/colombia\/#website"},"primaryImageOfPage":{"@id":"https:\/\/www.fiscalia.gov.co\/colombia\/noticias\/judicializados-dos-presuntos-implicados-en-delitos-de-trafico-de-estupefacientes-y-cohecho\/#primaryimage"},"image":{"@id":"https:\/\/www.fiscalia.gov.co\/colombia\/noticias\/judicializados-dos-presuntos-implicados-en-delitos-de-trafico-de-estupefacientes-y-cohecho\/#primaryimage"},"thumbnailUrl":"https:\/\/www.fiscalia.gov.co\/colombia\/wp-content\/uploads\/Fiscal-Barbosa-capturados-presuntos-responsables-de-transportar-estupefacientes-trafico-de-estupefacientes-y-cohecho-_-Guaviare-1024x767.jpg","datePublished":"2022-06-08T21:20:04+00:00","dateModified":"2022-06-08T21:20:04+00:00","description":"P\u00e1gina oficial de la Fiscal\u00eda General de la Naci\u00f3n \u2013 Colombia. Garantizamos el acceso efectivo a la justicia, la verdad y la reparaci\u00f3n de las v\u00edctimas de los delitos.","breadcrumb":{"@id":"https:\/\/www.fiscalia.gov.co\/colombia\/noticias\/judicializados-dos-presuntos-implicados-en-delitos-de-trafico-de-estupefacientes-y-cohecho\/#breadcrumb"},"inLanguage":"es-CO","potentialAction":[{"@type":"ReadAction","target":["https:\/\/www.fiscalia.gov.co\/colombia\/noticias\/judicializados-dos-presuntos-implicados-en-delitos-de-trafico-de-estupefacientes-y-cohecho\/"]}]},{"@type":"ImageObject","inLanguage":"es-CO","@id":"https:\/\/www.fiscalia.gov.co\/colombia\/noticias\/judicializados-dos-presuntos-implicados-en-delitos-de-trafico-de-estupefacientes-y-cohecho\/#primaryimage","url":"https:\/\/www.fiscalia.gov.co\/colombia\/wp-content\/uploads\/Fiscal-Barbosa-capturados-presuntos-responsables-de-transportar-estupefacientes-trafico-de-estupefacientes-y-cohecho-_-Guaviare.jpg","contentUrl":"https:\/\/www.fiscalia.gov.co\/colombia\/wp-content\/uploads\/Fiscal-Barbosa-capturados-presuntos-responsables-de-transportar-estupefacientes-trafico-de-estupefacientes-y-cohecho-_-Guaviare.jpg","width":1280,"height":959,"caption":"capturados por presunto tr\u00e1fico de estupefacientes en Guaviare.\u00a0"},{"@type":"BreadcrumbList","@id":"https:\/\/www.fiscalia.gov.co\/colombia\/noticias\/judicializados-dos-presuntos-implicados-en-delitos-de-trafico-de-estupefacientes-y-cohecho\/#breadcrumb","itemListElement":[{"@type":"ListItem","position":1,"name":"Home","item":"https:\/\/www.fiscalia.gov.co\/colombia\/"},{"@type":"ListItem","position":2,"name":"Judicializados dos presuntos implicados en delitos de tr\u00e1fico de estupefacientes y cohecho\u00a0"}]},{"@type":"WebSite","@id":"https:\/\/www.fiscalia.gov.co\/colombia\/#website","url":"https:\/\/www.fiscalia.gov.co\/colombia\/","name":"Fiscal\u00eda General de la Naci\u00f3n","description":"P\u00e1gina oficial de la Fiscal\u00eda General de la Naci\u00f3n \u2013 Colombia. Garantizamos el acceso efectivo a la justicia, la verdad y la reparaci\u00f3n de las v\u00edctimas de los delitos.","publisher":{"@id":"https:\/\/www.fiscalia.gov.co\/colombia\/#organization"},"potentialAction":[{"@type":"SearchAction","target":{"@type":"EntryPoint","urlTemplate":"https:\/\/www.fiscalia.gov.co\/colombia\/?s={search_term_string}"},"query-input":{"@type":"PropertyValueSpecification","valueRequired":true,"valueName":"search_term_string"}}],"inLanguage":"es-CO"},{"@type":"Organization","@id":"https:\/\/www.fiscalia.gov.co\/colombia\/#organization","name":"Fiscal\u00eda General de la Naci\u00f3n","url":"https:\/\/www.fiscalia.gov.co\/colombia\/","logo":{"@type":"ImageObject","inLanguage":"es-CO","@id":"https:\/\/www.fiscalia.gov.co\/colombia\/#\/schema\/logo\/image\/","url":"https:\/\/www.fiscalia.gov.co\/colombia\/wp-content\/uploads\/LogoHorizontal_1.jpg","contentUrl":"https:\/\/www.fiscalia.gov.co\/colombia\/wp-content\/uploads\/LogoHorizontal_1.jpg","width":300,"height":90,"caption":"Fiscal\u00eda General de la Naci\u00f3n"},"image":{"@id":"https:\/\/www.fiscalia.gov.co\/colombia\/#\/schema\/logo\/image\/"},"sameAs":["https:\/\/www.facebook.com\/FiscaliaCol","https:\/\/x.com\/FiscaliaCol","https:\/\/www.instagram.com\/fiscaliacol","https:\/\/www.linkedin.com\/company\/fiscalia-general-de-la-naci-n\/","https:\/\/youtube.com\/@fiscaliageneraldelanacion-4668?si=6nN79nyQICPU5iTh"]},{"@type":"Person","@id":"https:\/\/www.fiscalia.gov.co\/colombia\/#\/schema\/person\/bf84402cf293a5393e9c70b111020b24","name":"Jordan Leandro Oviedo Anzola","image":{"@type":"ImageObject","inLanguage":"es-CO","@id":"https:\/\/www.fiscalia.gov.co\/colombia\/#\/schema\/person\/image\/","url":"https:\/\/secure.gravatar.com\/avatar\/dabba4346fa9b9207d96adafa8f92721?s=96&d=mm&r=g","contentUrl":"https:\/\/secure.gravatar.com\/avatar\/dabba4346fa9b9207d96adafa8f92721?s=96&d=mm&r=g","caption":"Jordan Leandro Oviedo Anzola"},"url":"https:\/\/www.fiscalia.gov.co\/colombia\/author\/joviedo\/"}]}},"_links":{"self":[{"href":"https:\/\/www.fiscalia.gov.co\/colombia\/wp-json\/wp\/v2\/posts\/250158","targetHints":{"allow":["GET"]}}],"collection":[{"href":"https:\/\/www.fiscalia.gov.co\/colombia\/wp-json\/wp\/v2\/posts"}],"about":[{"href":"https:\/\/www.fiscalia.gov.co\/colombia\/wp-json\/wp\/v2\/types\/post"}],"author":[{"embeddable":true,"href":"https:\/\/www.fiscalia.gov.co\/colombia\/wp-json\/wp\/v2\/users\/177"}],"replies":[{"embeddable":true,"href":"https:\/\/www.fiscalia.gov.co\/colombia\/wp-json\/wp\/v2\/comments?post=250158"}],"version-history":[{"count":1,"href":"https:\/\/www.fiscalia.gov.co\/colombia\/wp-json\/wp\/v2\/posts\/250158\/revisions"}],"predecessor-version":[{"id":250162,"href":"https:\/\/www.fiscalia.gov.co\/colombia\/wp-json\/wp\/v2\/posts\/250158\/revisions\/250162"}],"wp:attachment":[{"href":"https:\/\/www.fiscalia.gov.co\/colombia\/wp-json\/wp\/v2\/media?parent=250158"}],"wp:term":[{"taxonomy":"category","embeddable":true,"href":"https:\/\/www.fiscalia.gov.co\/colombia\/wp-json\/wp\/v2\/categories?post=250158"},{"taxonomy":"post_tag","embeddable":true,"href":"https:\/\/www.fiscalia.gov.co\/colombia\/wp-json\/wp\/v2\/tags?post=250158"}],"curies":[{"name":"wp","href":"https:\/\/api.w.org\/{rel}","templated":true}]}}