{"id":250129,"date":"2022-06-08T12:44:54","date_gmt":"2022-06-08T17:44:54","guid":{"rendered":"https:\/\/www.fiscalia.gov.co\/colombia\/?p=250129"},"modified":"2022-06-08T12:44:54","modified_gmt":"2022-06-08T17:44:54","slug":"capturan-un-hombre-para-cumplir-una-condena-por-maltratar-a-su-companera-sentimental","status":"publish","type":"post","link":"https:\/\/www.fiscalia.gov.co\/colombia\/noticias\/capturan-un-hombre-para-cumplir-una-condena-por-maltratar-a-su-companera-sentimental\/","title":{"rendered":"Capturan un hombre para cumplir una condena por maltratar a su compa\u00f1era sentimental\u00a0"},"content":{"rendered":"<p style=\"font-weight: 400;\">Servidores del Cuerpo T\u00e9cnico de Investigaci\u00f3n (CTI) de la Seccional Valle del Cauca y la Polic\u00eda Nacional capturaron a Wilson Ibarguen Murillo, de 54 a\u00f1os, quien es requerido para cumplir una condena\u00a0a 72 meses de prisi\u00f3n por agredir con arma blanca y maltratar f\u00edsica y psicol\u00f3gicamente a su compa\u00f1era sentimental.<\/p>\n<figure id=\"attachment_250130\" aria-describedby=\"caption-attachment-250130\" style=\"width: 696px\" class=\"wp-caption aligncenter\"><img loading=\"lazy\" decoding=\"async\" class=\"size-large wp-image-250130\" src=\"https:\/\/www.fiscalia.gov.co\/colombia\/wp-content\/uploads\/Fiscal-barbosa-Wilson-Ibarguren-Murillo.-Condenado.-Violencia-intrafamiliar.-Zarzal-Valle.-994x1024.jpg\" alt=\"\" width=\"696\" height=\"717\" srcset=\"https:\/\/www.fiscalia.gov.co\/colombia\/wp-content\/uploads\/Fiscal-barbosa-Wilson-Ibarguren-Murillo.-Condenado.-Violencia-intrafamiliar.-Zarzal-Valle.-994x1024.jpg 994w, https:\/\/www.fiscalia.gov.co\/colombia\/wp-content\/uploads\/Fiscal-barbosa-Wilson-Ibarguren-Murillo.-Condenado.-Violencia-intrafamiliar.-Zarzal-Valle.-291x300.jpg 291w, https:\/\/www.fiscalia.gov.co\/colombia\/wp-content\/uploads\/Fiscal-barbosa-Wilson-Ibarguren-Murillo.-Condenado.-Violencia-intrafamiliar.-Zarzal-Valle.-768x791.jpg 768w, https:\/\/www.fiscalia.gov.co\/colombia\/wp-content\/uploads\/Fiscal-barbosa-Wilson-Ibarguren-Murillo.-Condenado.-Violencia-intrafamiliar.-Zarzal-Valle.-696x717.jpg 696w, https:\/\/www.fiscalia.gov.co\/colombia\/wp-content\/uploads\/Fiscal-barbosa-Wilson-Ibarguren-Murillo.-Condenado.-Violencia-intrafamiliar.-Zarzal-Valle.-408x420.jpg 408w, https:\/\/www.fiscalia.gov.co\/colombia\/wp-content\/uploads\/Fiscal-barbosa-Wilson-Ibarguren-Murillo.-Condenado.-Violencia-intrafamiliar.-Zarzal-Valle..jpg 1002w\" sizes=\"auto, (max-width: 696px) 100vw, 696px\" \/><figcaption id=\"caption-attachment-250130\" class=\"wp-caption-text\">Wilson Ibarguen Murillo, capturado para cumplir 72 meses de condena por agredir con arma blanca y maltratar f\u00edsica y psicol\u00f3gicamente a su compa\u00f1era sentimental, en Zarzal (Valle).<\/figcaption><\/figure>\n<p style=\"font-weight: 400;\">La captura de Ibarguen fue materializada en el municipio de Zarzal luego de que la Sala Penal del Tribunal Superior del Distrito Judicial de Buga (Valle del Cauca) confirmara la decisi\u00f3n de la primera instancia, proferida el 8 de junio del 2021 cuando el procesado fue encontrado responsable del delito de\u00a0<a href=\"https:\/\/www.fiscalia.gov.co\/colombia\/noticias\/a-prision-presunto-autor-de-violencia-intrafamiliar-agravada\/\" data-saferedirecturl=\"https:\/\/www.google.com\/url?q=https:\/\/www.fiscalia.gov.co\/colombia\/noticias\/a-prision-presunto-autor-de-violencia-intrafamiliar-agravada\/&amp;source=gmail&amp;ust=1654796104969000&amp;usg=AOvVaw3w7KdssoNYtZTfVMBp-Zsn\">violencia intrafamiliar agravada<\/a>.<\/p>\n<p style=\"font-weight: 400;\">Seg\u00fan la investigaci\u00f3n, dicha conducta punible fue sistem\u00e1tica contra de la v\u00edctima.<\/p>\n<p style=\"font-weight: 400;\">Un juez de control de garant\u00edas imparti\u00f3 legalidad al procedimiento de captura y libr\u00f3 orden de encarcelamiento contra Ibarguen para purgar la sentencia en un centro penitenciario.<\/p>\n<p style=\"font-weight: 400;\">Esta informaci\u00f3n se publica por razones de inter\u00e9s general.<\/p>\n<p style=\"font-weight: 400;\"><strong>La Fiscal\u00eda habla con resultados.\u00a0<\/strong><\/p>\n<p>&nbsp;<\/p>\n<p>&nbsp;<\/p>\n<p>&nbsp;<\/p>\n<p style=\"font-weight: 400;\">MAP\/MAGA\/SMLR\/DSVC.<\/p>\n<p style=\"font-weight: 400;\">\n<p style=\"font-weight: 400;\"><strong>\u00a0<\/strong><\/p>\n<div class=\"td-post-content tagdiv-type\">\n<p><em>La informaci\u00f3n contenida en este bolet\u00edn de prensa corresponde a la narraci\u00f3n de los hechos noticiosos objetivos, suministrados por los funcionarios encargados de adelantar las investigaciones penales al interior de la Fiscal\u00eda General de la Naci\u00f3n. Para el momento de la divulgaci\u00f3n de este comunicado, la situaci\u00f3n jur\u00eddica de la(s) persona(s) relacionada(s) se encuentra pendiente de resolver por la autoridad judicial competente, siempre bajo los preceptos de la presunci\u00f3n de inocencia, consagrados en el art\u00edculo 29 de la Constituci\u00f3n Pol\u00edtica y el art\u00edculo 7\u00ba de la Ley 906 de 2004.\u00a0<\/em><em>\u00a0<\/em><\/p>\n<\/div>\n\n<div class=\"twitter-share\"><a href=\"https:\/\/twitter.com\/intent\/tweet?via=fiscaliacol\" class=\"twitter-share-button\">Tweet<\/a><\/div>\n","protected":false},"excerpt":{"rendered":"<p>Servidores del Cuerpo T\u00e9cnico de Investigaci\u00f3n (CTI) de la Seccional Valle del Cauca y la Polic\u00eda Nacional capturaron a Wilson Ibarguen Murillo, de 54 a\u00f1os, quien es requerido para cumplir una condena\u00a0a 72 meses de prisi\u00f3n por agredir con arma blanca y maltratar f\u00edsica y psicol\u00f3gicamente a su compa\u00f1era sentimental. La captura de Ibarguen fue [&hellip;]<\/p>\n","protected":false},"author":177,"featured_media":0,"comment_status":"closed","ping_status":"open","sticky":false,"template":"","format":"standard","meta":{"_price":"","_stock":"","_tribe_ticket_header":"","_tribe_default_ticket_provider":"","_tribe_ticket_capacity":"0","_ticket_start_date":"","_ticket_end_date":"","_tribe_ticket_show_description":"","_tribe_ticket_show_not_going":false,"_tribe_ticket_use_global_stock":"","_tribe_ticket_global_stock_level":"","_global_stock_mode":"","_global_stock_cap":"","_tribe_rsvp_for_event":"","_tribe_ticket_going_count":"","_tribe_ticket_not_going_count":"","_tribe_tickets_list":"[]","_tribe_ticket_has_attendee_info_fields":false,"tdm_status":"","tdm_grid_status":"","footnotes":""},"categories":[1,324,303,24127],"tags":[12424,27076,78,24187,31866,31922,24549,26198,29437,13084,12433],"class_list":{"0":"post-250129","1":"post","2":"type-post","3":"status-publish","4":"format-standard","6":"category-noticias","7":"category-seccional-cali","8":"category-seccionales","9":"category-violencia-sexual-e-intrafamiliar","10":"tag-capturado","11":"tag-centro-penitenciario","12":"tag-fiscal-general-de-la-nacion","13":"tag-fiscalia-colombia","14":"tag-guadalajara-de-buga-valle-del-cauca","15":"tag-orden-de-encarcelamiento","16":"tag-orden-judicial","17":"tag-purgar-condena","18":"tag-seccional-valle-del-cauca","19":"tag-sentencia-condenatoria","20":"tag-violencia-intrafamiliar-agravada"},"yoast_head":"<!-- This site is optimized with the Yoast SEO plugin v24.3 - https:\/\/yoast.com\/wordpress\/plugins\/seo\/ -->\n<title>Fiscal\u00eda General de la Naci\u00f3n<\/title>\n<meta name=\"description\" content=\"P\u00e1gina oficial de la Fiscal\u00eda General de la Naci\u00f3n \u2013 Colombia. Garantizamos el acceso efectivo a la justicia, la verdad y la reparaci\u00f3n de las v\u00edctimas de los delitos.\" \/>\n<meta name=\"robots\" content=\"noindex, follow\" \/>\n<meta property=\"og:locale\" content=\"es_ES\" \/>\n<meta property=\"og:type\" content=\"article\" \/>\n<meta property=\"og:title\" content=\"Fiscal\u00eda General de la Naci\u00f3n\" \/>\n<meta property=\"og:description\" content=\"P\u00e1gina oficial de la Fiscal\u00eda General de la Naci\u00f3n \u2013 Colombia. Garantizamos el acceso efectivo a la justicia, la verdad y la reparaci\u00f3n de las v\u00edctimas de los delitos.\" \/>\n<meta property=\"og:url\" content=\"https:\/\/www.fiscalia.gov.co\/colombia\/noticias\/capturan-un-hombre-para-cumplir-una-condena-por-maltratar-a-su-companera-sentimental\/\" \/>\n<meta property=\"og:site_name\" content=\"Fiscal\u00eda General de la Naci\u00f3n\" \/>\n<meta property=\"article:publisher\" content=\"https:\/\/www.facebook.com\/FiscaliaCol\" \/>\n<meta property=\"article:published_time\" content=\"2022-06-08T17:44:54+00:00\" \/>\n<meta property=\"og:image\" content=\"https:\/\/www.fiscalia.gov.co\/colombia\/wp-content\/uploads\/Fiscal-barbosa-Wilson-Ibarguren-Murillo.-Condenado.-Violencia-intrafamiliar.-Zarzal-Valle.-994x1024.jpg\" \/>\n<meta name=\"author\" content=\"Jordan Leandro Oviedo Anzola\" \/>\n<meta name=\"twitter:card\" content=\"summary_large_image\" \/>\n<meta name=\"twitter:creator\" content=\"@FiscaliaCol\" \/>\n<meta name=\"twitter:site\" content=\"@FiscaliaCol\" \/>\n<meta name=\"twitter:label1\" content=\"Escrito por\" \/>\n\t<meta name=\"twitter:data1\" content=\"Jordan Leandro Oviedo Anzola\" \/>\n\t<meta name=\"twitter:label2\" content=\"Tiempo de lectura\" \/>\n\t<meta name=\"twitter:data2\" content=\"2 minutos\" \/>\n<script type=\"application\/ld+json\" class=\"yoast-schema-graph\">{\"@context\":\"https:\/\/schema.org\",\"@graph\":[{\"@type\":\"Article\",\"@id\":\"https:\/\/www.fiscalia.gov.co\/colombia\/noticias\/capturan-un-hombre-para-cumplir-una-condena-por-maltratar-a-su-companera-sentimental\/#article\",\"isPartOf\":{\"@id\":\"https:\/\/www.fiscalia.gov.co\/colombia\/noticias\/capturan-un-hombre-para-cumplir-una-condena-por-maltratar-a-su-companera-sentimental\/\"},\"author\":{\"name\":\"Jordan Leandro Oviedo Anzola\",\"@id\":\"https:\/\/www.fiscalia.gov.co\/colombia\/#\/schema\/person\/bf84402cf293a5393e9c70b111020b24\"},\"headline\":\"Capturan un hombre para cumplir una condena por maltratar a su compa\u00f1era sentimental\u00a0\",\"datePublished\":\"2022-06-08T17:44:54+00:00\",\"dateModified\":\"2022-06-08T17:44:54+00:00\",\"mainEntityOfPage\":{\"@id\":\"https:\/\/www.fiscalia.gov.co\/colombia\/noticias\/capturan-un-hombre-para-cumplir-una-condena-por-maltratar-a-su-companera-sentimental\/\"},\"wordCount\":330,\"publisher\":{\"@id\":\"https:\/\/www.fiscalia.gov.co\/colombia\/#organization\"},\"image\":{\"@id\":\"https:\/\/www.fiscalia.gov.co\/colombia\/noticias\/capturan-un-hombre-para-cumplir-una-condena-por-maltratar-a-su-companera-sentimental\/#primaryimage\"},\"thumbnailUrl\":\"https:\/\/www.fiscalia.gov.co\/colombia\/wp-content\/uploads\/Fiscal-barbosa-Wilson-Ibarguren-Murillo.-Condenado.-Violencia-intrafamiliar.-Zarzal-Valle.-994x1024.jpg\",\"keywords\":[\"Capturado\",\"centro penitenciario.\",\"Fiscal General de la Naci\u00f3n\",\"Fiscal\u00eda Colombia\",\"Guadalajara de Buga (Valle del Cauca)\",\"orden de encarcelamiento\",\"orden judicial\",\"purgar condena\",\"Seccional Valle del Cauca\",\"Sentencia condenatoria\",\"violencia intrafamiliar agravada\"],\"articleSection\":[\"Noticias\",\"Seccional Cali\",\"Seccionales\",\"Violencia sexual e intrafamiliar\"],\"inLanguage\":\"es-CO\"},{\"@type\":\"WebPage\",\"@id\":\"https:\/\/www.fiscalia.gov.co\/colombia\/noticias\/capturan-un-hombre-para-cumplir-una-condena-por-maltratar-a-su-companera-sentimental\/\",\"url\":\"https:\/\/www.fiscalia.gov.co\/colombia\/noticias\/capturan-un-hombre-para-cumplir-una-condena-por-maltratar-a-su-companera-sentimental\/\",\"name\":\"Fiscal\u00eda General de la Naci\u00f3n\",\"isPartOf\":{\"@id\":\"https:\/\/www.fiscalia.gov.co\/colombia\/#website\"},\"primaryImageOfPage\":{\"@id\":\"https:\/\/www.fiscalia.gov.co\/colombia\/noticias\/capturan-un-hombre-para-cumplir-una-condena-por-maltratar-a-su-companera-sentimental\/#primaryimage\"},\"image\":{\"@id\":\"https:\/\/www.fiscalia.gov.co\/colombia\/noticias\/capturan-un-hombre-para-cumplir-una-condena-por-maltratar-a-su-companera-sentimental\/#primaryimage\"},\"thumbnailUrl\":\"https:\/\/www.fiscalia.gov.co\/colombia\/wp-content\/uploads\/Fiscal-barbosa-Wilson-Ibarguren-Murillo.-Condenado.-Violencia-intrafamiliar.-Zarzal-Valle.-994x1024.jpg\",\"datePublished\":\"2022-06-08T17:44:54+00:00\",\"dateModified\":\"2022-06-08T17:44:54+00:00\",\"description\":\"P\u00e1gina oficial de la Fiscal\u00eda General de la Naci\u00f3n \u2013 Colombia. Garantizamos el acceso efectivo a la justicia, la verdad y la reparaci\u00f3n de las v\u00edctimas de los delitos.\",\"breadcrumb\":{\"@id\":\"https:\/\/www.fiscalia.gov.co\/colombia\/noticias\/capturan-un-hombre-para-cumplir-una-condena-por-maltratar-a-su-companera-sentimental\/#breadcrumb\"},\"inLanguage\":\"es-CO\",\"potentialAction\":[{\"@type\":\"ReadAction\",\"target\":[\"https:\/\/www.fiscalia.gov.co\/colombia\/noticias\/capturan-un-hombre-para-cumplir-una-condena-por-maltratar-a-su-companera-sentimental\/\"]}]},{\"@type\":\"ImageObject\",\"inLanguage\":\"es-CO\",\"@id\":\"https:\/\/www.fiscalia.gov.co\/colombia\/noticias\/capturan-un-hombre-para-cumplir-una-condena-por-maltratar-a-su-companera-sentimental\/#primaryimage\",\"url\":\"https:\/\/www.fiscalia.gov.co\/colombia\/wp-content\/uploads\/Fiscal-barbosa-Wilson-Ibarguren-Murillo.-Condenado.-Violencia-intrafamiliar.-Zarzal-Valle..jpg\",\"contentUrl\":\"https:\/\/www.fiscalia.gov.co\/colombia\/wp-content\/uploads\/Fiscal-barbosa-Wilson-Ibarguren-Murillo.-Condenado.-Violencia-intrafamiliar.-Zarzal-Valle..jpg\",\"width\":1002,\"height\":1032,\"caption\":\"Wilson Ibarguen Murillo, capturado para cumplir 72 meses de condena por agredir con arma blanca y maltratar f\u00edsica y psicol\u00f3gicamente a su compa\u00f1era sentimental, en Zarzal (Valle).\u00a0\"},{\"@type\":\"BreadcrumbList\",\"@id\":\"https:\/\/www.fiscalia.gov.co\/colombia\/noticias\/capturan-un-hombre-para-cumplir-una-condena-por-maltratar-a-su-companera-sentimental\/#breadcrumb\",\"itemListElement\":[{\"@type\":\"ListItem\",\"position\":1,\"name\":\"Home\",\"item\":\"https:\/\/www.fiscalia.gov.co\/colombia\/\"},{\"@type\":\"ListItem\",\"position\":2,\"name\":\"Capturan un hombre para cumplir una condena por maltratar a su compa\u00f1era sentimental\u00a0\"}]},{\"@type\":\"WebSite\",\"@id\":\"https:\/\/www.fiscalia.gov.co\/colombia\/#website\",\"url\":\"https:\/\/www.fiscalia.gov.co\/colombia\/\",\"name\":\"Fiscal\u00eda General de la Naci\u00f3n\",\"description\":\"P\u00e1gina oficial de la Fiscal\u00eda General de la Naci\u00f3n \u2013 Colombia. Garantizamos el acceso efectivo a la justicia, la verdad y la reparaci\u00f3n de las v\u00edctimas de los delitos.\",\"publisher\":{\"@id\":\"https:\/\/www.fiscalia.gov.co\/colombia\/#organization\"},\"potentialAction\":[{\"@type\":\"SearchAction\",\"target\":{\"@type\":\"EntryPoint\",\"urlTemplate\":\"https:\/\/www.fiscalia.gov.co\/colombia\/?s={search_term_string}\"},\"query-input\":{\"@type\":\"PropertyValueSpecification\",\"valueRequired\":true,\"valueName\":\"search_term_string\"}}],\"inLanguage\":\"es-CO\"},{\"@type\":\"Organization\",\"@id\":\"https:\/\/www.fiscalia.gov.co\/colombia\/#organization\",\"name\":\"Fiscal\u00eda General de la Naci\u00f3n\",\"url\":\"https:\/\/www.fiscalia.gov.co\/colombia\/\",\"logo\":{\"@type\":\"ImageObject\",\"inLanguage\":\"es-CO\",\"@id\":\"https:\/\/www.fiscalia.gov.co\/colombia\/#\/schema\/logo\/image\/\",\"url\":\"https:\/\/www.fiscalia.gov.co\/colombia\/wp-content\/uploads\/LogoHorizontal_1.jpg\",\"contentUrl\":\"https:\/\/www.fiscalia.gov.co\/colombia\/wp-content\/uploads\/LogoHorizontal_1.jpg\",\"width\":300,\"height\":90,\"caption\":\"Fiscal\u00eda General de la Naci\u00f3n\"},\"image\":{\"@id\":\"https:\/\/www.fiscalia.gov.co\/colombia\/#\/schema\/logo\/image\/\"},\"sameAs\":[\"https:\/\/www.facebook.com\/FiscaliaCol\",\"https:\/\/x.com\/FiscaliaCol\",\"https:\/\/www.instagram.com\/fiscaliacol\",\"https:\/\/www.linkedin.com\/company\/fiscalia-general-de-la-naci-n\/\",\"https:\/\/youtube.com\/@fiscaliageneraldelanacion-4668?si=6nN79nyQICPU5iTh\"]},{\"@type\":\"Person\",\"@id\":\"https:\/\/www.fiscalia.gov.co\/colombia\/#\/schema\/person\/bf84402cf293a5393e9c70b111020b24\",\"name\":\"Jordan Leandro Oviedo Anzola\",\"image\":{\"@type\":\"ImageObject\",\"inLanguage\":\"es-CO\",\"@id\":\"https:\/\/www.fiscalia.gov.co\/colombia\/#\/schema\/person\/image\/\",\"url\":\"https:\/\/secure.gravatar.com\/avatar\/dabba4346fa9b9207d96adafa8f92721?s=96&d=mm&r=g\",\"contentUrl\":\"https:\/\/secure.gravatar.com\/avatar\/dabba4346fa9b9207d96adafa8f92721?s=96&d=mm&r=g\",\"caption\":\"Jordan Leandro Oviedo Anzola\"},\"url\":\"https:\/\/www.fiscalia.gov.co\/colombia\/author\/joviedo\/\"}]}<\/script>\n<!-- \/ Yoast SEO plugin. -->","yoast_head_json":{"title":"Fiscal\u00eda General de la Naci\u00f3n","description":"P\u00e1gina oficial de la Fiscal\u00eda General de la Naci\u00f3n \u2013 Colombia. Garantizamos el acceso efectivo a la justicia, la verdad y la reparaci\u00f3n de las v\u00edctimas de los delitos.","robots":{"index":"noindex","follow":"follow"},"og_locale":"es_ES","og_type":"article","og_title":"Fiscal\u00eda General de la Naci\u00f3n","og_description":"P\u00e1gina oficial de la Fiscal\u00eda General de la Naci\u00f3n \u2013 Colombia. Garantizamos el acceso efectivo a la justicia, la verdad y la reparaci\u00f3n de las v\u00edctimas de los delitos.","og_url":"https:\/\/www.fiscalia.gov.co\/colombia\/noticias\/capturan-un-hombre-para-cumplir-una-condena-por-maltratar-a-su-companera-sentimental\/","og_site_name":"Fiscal\u00eda General de la Naci\u00f3n","article_publisher":"https:\/\/www.facebook.com\/FiscaliaCol","article_published_time":"2022-06-08T17:44:54+00:00","og_image":[{"url":"https:\/\/www.fiscalia.gov.co\/colombia\/wp-content\/uploads\/Fiscal-barbosa-Wilson-Ibarguren-Murillo.-Condenado.-Violencia-intrafamiliar.-Zarzal-Valle.-994x1024.jpg","type":"","width":"","height":""}],"author":"Jordan Leandro Oviedo Anzola","twitter_card":"summary_large_image","twitter_creator":"@FiscaliaCol","twitter_site":"@FiscaliaCol","twitter_misc":{"Escrito por":"Jordan Leandro Oviedo Anzola","Tiempo de lectura":"2 minutos"},"schema":{"@context":"https:\/\/schema.org","@graph":[{"@type":"Article","@id":"https:\/\/www.fiscalia.gov.co\/colombia\/noticias\/capturan-un-hombre-para-cumplir-una-condena-por-maltratar-a-su-companera-sentimental\/#article","isPartOf":{"@id":"https:\/\/www.fiscalia.gov.co\/colombia\/noticias\/capturan-un-hombre-para-cumplir-una-condena-por-maltratar-a-su-companera-sentimental\/"},"author":{"name":"Jordan Leandro Oviedo Anzola","@id":"https:\/\/www.fiscalia.gov.co\/colombia\/#\/schema\/person\/bf84402cf293a5393e9c70b111020b24"},"headline":"Capturan un hombre para cumplir una condena por maltratar a su compa\u00f1era sentimental\u00a0","datePublished":"2022-06-08T17:44:54+00:00","dateModified":"2022-06-08T17:44:54+00:00","mainEntityOfPage":{"@id":"https:\/\/www.fiscalia.gov.co\/colombia\/noticias\/capturan-un-hombre-para-cumplir-una-condena-por-maltratar-a-su-companera-sentimental\/"},"wordCount":330,"publisher":{"@id":"https:\/\/www.fiscalia.gov.co\/colombia\/#organization"},"image":{"@id":"https:\/\/www.fiscalia.gov.co\/colombia\/noticias\/capturan-un-hombre-para-cumplir-una-condena-por-maltratar-a-su-companera-sentimental\/#primaryimage"},"thumbnailUrl":"https:\/\/www.fiscalia.gov.co\/colombia\/wp-content\/uploads\/Fiscal-barbosa-Wilson-Ibarguren-Murillo.-Condenado.-Violencia-intrafamiliar.-Zarzal-Valle.-994x1024.jpg","keywords":["Capturado","centro penitenciario.","Fiscal General de la Naci\u00f3n","Fiscal\u00eda Colombia","Guadalajara de Buga (Valle del Cauca)","orden de encarcelamiento","orden judicial","purgar condena","Seccional Valle del Cauca","Sentencia condenatoria","violencia intrafamiliar agravada"],"articleSection":["Noticias","Seccional Cali","Seccionales","Violencia sexual e intrafamiliar"],"inLanguage":"es-CO"},{"@type":"WebPage","@id":"https:\/\/www.fiscalia.gov.co\/colombia\/noticias\/capturan-un-hombre-para-cumplir-una-condena-por-maltratar-a-su-companera-sentimental\/","url":"https:\/\/www.fiscalia.gov.co\/colombia\/noticias\/capturan-un-hombre-para-cumplir-una-condena-por-maltratar-a-su-companera-sentimental\/","name":"Fiscal\u00eda General de la Naci\u00f3n","isPartOf":{"@id":"https:\/\/www.fiscalia.gov.co\/colombia\/#website"},"primaryImageOfPage":{"@id":"https:\/\/www.fiscalia.gov.co\/colombia\/noticias\/capturan-un-hombre-para-cumplir-una-condena-por-maltratar-a-su-companera-sentimental\/#primaryimage"},"image":{"@id":"https:\/\/www.fiscalia.gov.co\/colombia\/noticias\/capturan-un-hombre-para-cumplir-una-condena-por-maltratar-a-su-companera-sentimental\/#primaryimage"},"thumbnailUrl":"https:\/\/www.fiscalia.gov.co\/colombia\/wp-content\/uploads\/Fiscal-barbosa-Wilson-Ibarguren-Murillo.-Condenado.-Violencia-intrafamiliar.-Zarzal-Valle.-994x1024.jpg","datePublished":"2022-06-08T17:44:54+00:00","dateModified":"2022-06-08T17:44:54+00:00","description":"P\u00e1gina oficial de la Fiscal\u00eda General de la Naci\u00f3n \u2013 Colombia. Garantizamos el acceso efectivo a la justicia, la verdad y la reparaci\u00f3n de las v\u00edctimas de los delitos.","breadcrumb":{"@id":"https:\/\/www.fiscalia.gov.co\/colombia\/noticias\/capturan-un-hombre-para-cumplir-una-condena-por-maltratar-a-su-companera-sentimental\/#breadcrumb"},"inLanguage":"es-CO","potentialAction":[{"@type":"ReadAction","target":["https:\/\/www.fiscalia.gov.co\/colombia\/noticias\/capturan-un-hombre-para-cumplir-una-condena-por-maltratar-a-su-companera-sentimental\/"]}]},{"@type":"ImageObject","inLanguage":"es-CO","@id":"https:\/\/www.fiscalia.gov.co\/colombia\/noticias\/capturan-un-hombre-para-cumplir-una-condena-por-maltratar-a-su-companera-sentimental\/#primaryimage","url":"https:\/\/www.fiscalia.gov.co\/colombia\/wp-content\/uploads\/Fiscal-barbosa-Wilson-Ibarguren-Murillo.-Condenado.-Violencia-intrafamiliar.-Zarzal-Valle..jpg","contentUrl":"https:\/\/www.fiscalia.gov.co\/colombia\/wp-content\/uploads\/Fiscal-barbosa-Wilson-Ibarguren-Murillo.-Condenado.-Violencia-intrafamiliar.-Zarzal-Valle..jpg","width":1002,"height":1032,"caption":"Wilson Ibarguen Murillo, capturado para cumplir 72 meses de condena por agredir con arma blanca y maltratar f\u00edsica y psicol\u00f3gicamente a su compa\u00f1era sentimental, en Zarzal (Valle).\u00a0"},{"@type":"BreadcrumbList","@id":"https:\/\/www.fiscalia.gov.co\/colombia\/noticias\/capturan-un-hombre-para-cumplir-una-condena-por-maltratar-a-su-companera-sentimental\/#breadcrumb","itemListElement":[{"@type":"ListItem","position":1,"name":"Home","item":"https:\/\/www.fiscalia.gov.co\/colombia\/"},{"@type":"ListItem","position":2,"name":"Capturan un hombre para cumplir una condena por maltratar a su compa\u00f1era sentimental\u00a0"}]},{"@type":"WebSite","@id":"https:\/\/www.fiscalia.gov.co\/colombia\/#website","url":"https:\/\/www.fiscalia.gov.co\/colombia\/","name":"Fiscal\u00eda General de la Naci\u00f3n","description":"P\u00e1gina oficial de la Fiscal\u00eda General de la Naci\u00f3n \u2013 Colombia. Garantizamos el acceso efectivo a la justicia, la verdad y la reparaci\u00f3n de las v\u00edctimas de los delitos.","publisher":{"@id":"https:\/\/www.fiscalia.gov.co\/colombia\/#organization"},"potentialAction":[{"@type":"SearchAction","target":{"@type":"EntryPoint","urlTemplate":"https:\/\/www.fiscalia.gov.co\/colombia\/?s={search_term_string}"},"query-input":{"@type":"PropertyValueSpecification","valueRequired":true,"valueName":"search_term_string"}}],"inLanguage":"es-CO"},{"@type":"Organization","@id":"https:\/\/www.fiscalia.gov.co\/colombia\/#organization","name":"Fiscal\u00eda General de la Naci\u00f3n","url":"https:\/\/www.fiscalia.gov.co\/colombia\/","logo":{"@type":"ImageObject","inLanguage":"es-CO","@id":"https:\/\/www.fiscalia.gov.co\/colombia\/#\/schema\/logo\/image\/","url":"https:\/\/www.fiscalia.gov.co\/colombia\/wp-content\/uploads\/LogoHorizontal_1.jpg","contentUrl":"https:\/\/www.fiscalia.gov.co\/colombia\/wp-content\/uploads\/LogoHorizontal_1.jpg","width":300,"height":90,"caption":"Fiscal\u00eda General de la Naci\u00f3n"},"image":{"@id":"https:\/\/www.fiscalia.gov.co\/colombia\/#\/schema\/logo\/image\/"},"sameAs":["https:\/\/www.facebook.com\/FiscaliaCol","https:\/\/x.com\/FiscaliaCol","https:\/\/www.instagram.com\/fiscaliacol","https:\/\/www.linkedin.com\/company\/fiscalia-general-de-la-naci-n\/","https:\/\/youtube.com\/@fiscaliageneraldelanacion-4668?si=6nN79nyQICPU5iTh"]},{"@type":"Person","@id":"https:\/\/www.fiscalia.gov.co\/colombia\/#\/schema\/person\/bf84402cf293a5393e9c70b111020b24","name":"Jordan Leandro Oviedo Anzola","image":{"@type":"ImageObject","inLanguage":"es-CO","@id":"https:\/\/www.fiscalia.gov.co\/colombia\/#\/schema\/person\/image\/","url":"https:\/\/secure.gravatar.com\/avatar\/dabba4346fa9b9207d96adafa8f92721?s=96&d=mm&r=g","contentUrl":"https:\/\/secure.gravatar.com\/avatar\/dabba4346fa9b9207d96adafa8f92721?s=96&d=mm&r=g","caption":"Jordan Leandro Oviedo Anzola"},"url":"https:\/\/www.fiscalia.gov.co\/colombia\/author\/joviedo\/"}]}},"_links":{"self":[{"href":"https:\/\/www.fiscalia.gov.co\/colombia\/wp-json\/wp\/v2\/posts\/250129","targetHints":{"allow":["GET"]}}],"collection":[{"href":"https:\/\/www.fiscalia.gov.co\/colombia\/wp-json\/wp\/v2\/posts"}],"about":[{"href":"https:\/\/www.fiscalia.gov.co\/colombia\/wp-json\/wp\/v2\/types\/post"}],"author":[{"embeddable":true,"href":"https:\/\/www.fiscalia.gov.co\/colombia\/wp-json\/wp\/v2\/users\/177"}],"replies":[{"embeddable":true,"href":"https:\/\/www.fiscalia.gov.co\/colombia\/wp-json\/wp\/v2\/comments?post=250129"}],"version-history":[{"count":1,"href":"https:\/\/www.fiscalia.gov.co\/colombia\/wp-json\/wp\/v2\/posts\/250129\/revisions"}],"predecessor-version":[{"id":250131,"href":"https:\/\/www.fiscalia.gov.co\/colombia\/wp-json\/wp\/v2\/posts\/250129\/revisions\/250131"}],"wp:attachment":[{"href":"https:\/\/www.fiscalia.gov.co\/colombia\/wp-json\/wp\/v2\/media?parent=250129"}],"wp:term":[{"taxonomy":"category","embeddable":true,"href":"https:\/\/www.fiscalia.gov.co\/colombia\/wp-json\/wp\/v2\/categories?post=250129"},{"taxonomy":"post_tag","embeddable":true,"href":"https:\/\/www.fiscalia.gov.co\/colombia\/wp-json\/wp\/v2\/tags?post=250129"}],"curies":[{"name":"wp","href":"https:\/\/api.w.org\/{rel}","templated":true}]}}