{"id":250126,"date":"2022-06-08T12:41:36","date_gmt":"2022-06-08T17:41:36","guid":{"rendered":"https:\/\/www.fiscalia.gov.co\/colombia\/?p=250126"},"modified":"2022-06-08T12:41:36","modified_gmt":"2022-06-08T17:41:36","slug":"a-la-carcel-dos-hombres-quienes-al-parecer-tripulaban-una-lancha-con-332-kilos-de-cocaina","status":"publish","type":"post","link":"https:\/\/www.fiscalia.gov.co\/colombia\/noticias\/a-la-carcel-dos-hombres-quienes-al-parecer-tripulaban-una-lancha-con-332-kilos-de-cocaina\/","title":{"rendered":"A la c\u00e1rcel dos hombres quienes al parecer tripulaban una lancha con 332 kilos de coca\u00edna"},"content":{"rendered":"<p>Con detenci\u00f3n en centro carcelario fueron cobijados Sebasti\u00e1n Segura S\u00e1nchez y Jos\u00e9 Jair Barahona G\u00f3mez, presuntos responsables de los delitos de fabricaci\u00f3n, tr\u00e1fico, y porte de estupefacientes con fines de narcotr\u00e1fico.<\/p>\n<figure id=\"attachment_250127\" aria-describedby=\"caption-attachment-250127\" style=\"width: 696px\" class=\"wp-caption aligncenter\"><img loading=\"lazy\" decoding=\"async\" class=\"size-large wp-image-250127\" src=\"https:\/\/www.fiscalia.gov.co\/colombia\/wp-content\/uploads\/Fiscal-Barbosa-En-la-lancha-langostera-que-tripulaban-los-dos-asegurados-fueron-hallados-332-kilos-de-cocaina-pertenecientes-a-la-columna-residual-Jaime-Martinez-1024x768.jpg\" alt=\"\" width=\"696\" height=\"522\" srcset=\"https:\/\/www.fiscalia.gov.co\/colombia\/wp-content\/uploads\/Fiscal-Barbosa-En-la-lancha-langostera-que-tripulaban-los-dos-asegurados-fueron-hallados-332-kilos-de-cocaina-pertenecientes-a-la-columna-residual-Jaime-Martinez-1024x768.jpg 1024w, https:\/\/www.fiscalia.gov.co\/colombia\/wp-content\/uploads\/Fiscal-Barbosa-En-la-lancha-langostera-que-tripulaban-los-dos-asegurados-fueron-hallados-332-kilos-de-cocaina-pertenecientes-a-la-columna-residual-Jaime-Martinez-300x225.jpg 300w, https:\/\/www.fiscalia.gov.co\/colombia\/wp-content\/uploads\/Fiscal-Barbosa-En-la-lancha-langostera-que-tripulaban-los-dos-asegurados-fueron-hallados-332-kilos-de-cocaina-pertenecientes-a-la-columna-residual-Jaime-Martinez-768x576.jpg 768w, https:\/\/www.fiscalia.gov.co\/colombia\/wp-content\/uploads\/Fiscal-Barbosa-En-la-lancha-langostera-que-tripulaban-los-dos-asegurados-fueron-hallados-332-kilos-de-cocaina-pertenecientes-a-la-columna-residual-Jaime-Martinez-696x522.jpg 696w, https:\/\/www.fiscalia.gov.co\/colombia\/wp-content\/uploads\/Fiscal-Barbosa-En-la-lancha-langostera-que-tripulaban-los-dos-asegurados-fueron-hallados-332-kilos-de-cocaina-pertenecientes-a-la-columna-residual-Jaime-Martinez-1068x801.jpg 1068w, https:\/\/www.fiscalia.gov.co\/colombia\/wp-content\/uploads\/Fiscal-Barbosa-En-la-lancha-langostera-que-tripulaban-los-dos-asegurados-fueron-hallados-332-kilos-de-cocaina-pertenecientes-a-la-columna-residual-Jaime-Martinez-560x420.jpg 560w, https:\/\/www.fiscalia.gov.co\/colombia\/wp-content\/uploads\/Fiscal-Barbosa-En-la-lancha-langostera-que-tripulaban-los-dos-asegurados-fueron-hallados-332-kilos-de-cocaina-pertenecientes-a-la-columna-residual-Jaime-Martinez-80x60.jpg 80w, https:\/\/www.fiscalia.gov.co\/colombia\/wp-content\/uploads\/Fiscal-Barbosa-En-la-lancha-langostera-que-tripulaban-los-dos-asegurados-fueron-hallados-332-kilos-de-cocaina-pertenecientes-a-la-columna-residual-Jaime-Martinez-265x198.jpg 265w, https:\/\/www.fiscalia.gov.co\/colombia\/wp-content\/uploads\/Fiscal-Barbosa-En-la-lancha-langostera-que-tripulaban-los-dos-asegurados-fueron-hallados-332-kilos-de-cocaina-pertenecientes-a-la-columna-residual-Jaime-Martinez.jpg 1280w\" sizes=\"auto, (max-width: 696px) 100vw, 696px\" \/><figcaption id=\"caption-attachment-250127\" class=\"wp-caption-text\">En la lancha langostera que tripulaban los dos asegurados fueron hallados 332 kilos de coca\u00edna pertenecientes a la columna residual Jaime Mart\u00ednez.<\/figcaption><\/figure>\n<p>Los dos fueron capturados en flagrancia por\u00a0servidores\u00a0del grupo investigativo contra el narcotr\u00e1fico del\u00a0<a href=\"https:\/\/www.fiscalia.gov.co\/colombia\/noticias\/fiscalia-judicializo-a-tres-pescadores-que-presuntamente-transportaban-341-kilos-de-cocaina-en-una-lancha\/\" data-saferedirecturl=\"https:\/\/www.google.com\/url?q=https:\/\/www.fiscalia.gov.co\/colombia\/noticias\/fiscalia-judicializo-a-tres-pescadores-que-presuntamente-transportaban-341-kilos-de-cocaina-en-una-lancha\/&amp;source=gmail&amp;ust=1654795881182000&amp;usg=AOvVaw0T3bgyaxE_mEiF_dBAvU2v\">CTI<\/a>\u00a0 de Cali\u00a0\u00a0y Buenaventura, con apoyo de la Armada Nacional, cuando al parecer transportaban en alta mar 332 kilos de coca\u00edna en la embarcaci\u00f3n \u2018El creador lo es todo\u2019 y cuyo destino ser\u00eda\u00a0\u00a0Panam\u00e1 y los Estados Unidos.<\/p>\n<p>Seg\u00fan la investigaci\u00f3n, los tripulantes hicieron caso omiso a las se\u00f1ales de detenerse por parte de los infantes de marina, por lo cual tuvo que ser abordada.<\/p>\n<p>Las unidades de la Armada Nacional incautaron tambi\u00e9n un motor fuera de borda, 2 GPS y 2 tel\u00e9fonos satelitales.<\/p>\n<p>La droga pertenecer\u00eda a\u00a0la columna residual Jaime Mart\u00ednez de las disidencias de las Farc.<\/p>\n<p><strong>La Fiscal\u00eda habla con resultados\u00a0<\/strong><\/p>\n<p>Le puede interesar:\u00a0<a href=\"https:\/\/www.fiscalia.gov.co\/colombia\/noticias\/fiscalia-judicializo-a-dos-hombres-que-al-parecer-transportaban-328-kilos-de-cocaina-en-una-lancha-langostera\/\" data-saferedirecturl=\"https:\/\/www.google.com\/url?q=https:\/\/www.fiscalia.gov.co\/colombia\/noticias\/fiscalia-judicializo-a-dos-hombres-que-al-parecer-transportaban-328-kilos-de-cocaina-en-una-lancha-langostera\/&amp;source=gmail&amp;ust=1654795881182000&amp;usg=AOvVaw2U-7h-ZsRuQfbeh40CL6N0\">Fiscal\u00eda judicializ\u00f3 a dos hombres que al parecer transportaban 328 kilos de coca\u00edna en una lancha langostera\u00a0<\/a><\/p>\n<p>&nbsp;<\/p>\n<p>&nbsp;<\/p>\n<p>JGP\/CFG\/JC\/DSV<\/p>\n<p>&nbsp;<\/p>\n<p>&nbsp;<\/p>\n<p><em>La informaci\u00f3n contenida en este bolet\u00edn de prensa corresponde a la narraci\u00f3n de los hechos noticiosos objetivos, suministrados por los funcionarios encargados de adelantar las investigaciones penales al interior de la Fiscal\u00eda General de la Naci\u00f3n. Para el momento de la divulgaci\u00f3n de este comunicado, la situaci\u00f3n jur\u00eddica de la(s) persona(s) relacionada(s) se encuentra pendiente de resolver por la autoridad judicial competente, siempre bajo los preceptos de la presunci\u00f3n de inocencia, consagrados en el art\u00edculo 29 de la Constituci\u00f3n Pol\u00edtica y el art\u00edculo 7\u00ba de la Ley 906 de 2004.<\/em><\/p>\n\n<div class=\"twitter-share\"><a href=\"https:\/\/twitter.com\/intent\/tweet?via=fiscaliacol\" class=\"twitter-share-button\">Tweet<\/a><\/div>\n","protected":false},"excerpt":{"rendered":"<p>Con detenci\u00f3n en centro carcelario fueron cobijados Sebasti\u00e1n Segura S\u00e1nchez y Jos\u00e9 Jair Barahona G\u00f3mez, presuntos responsables de los delitos de fabricaci\u00f3n, tr\u00e1fico, y porte de estupefacientes con fines de narcotr\u00e1fico. Los dos fueron capturados en flagrancia por\u00a0servidores\u00a0del grupo investigativo contra el narcotr\u00e1fico del\u00a0CTI\u00a0 de Cali\u00a0\u00a0y Buenaventura, con apoyo de la Armada Nacional, cuando al [&hellip;]<\/p>\n","protected":false},"author":177,"featured_media":0,"comment_status":"closed","ping_status":"open","sticky":false,"template":"","format":"standard","meta":{"tdm_status":"","tdm_grid_status":"","footnotes":""},"categories":[1,324,303,24103],"tags":[24020,19,45,24185,24526,24481,1047],"class_list":{"0":"post-250126","1":"post","2":"type-post","3":"status-publish","4":"format-standard","6":"category-noticias","7":"category-seccional-cali","8":"category-seccionales","9":"category-trafico-de-estupefacientes","10":"tag-buenaventura-valle-del-cauca","11":"tag-cocaina","12":"tag-cti","13":"tag-fiscal-barbosa","14":"tag-fiscal-general-francisco-barbosa-delgado","15":"tag-fiscalia-de-colombia","16":"tag-fiscalia-general-de-la-nacion"},"yoast_head":"<!-- This site is optimized with the Yoast SEO plugin v24.3 - https:\/\/yoast.com\/wordpress\/plugins\/seo\/ -->\n<title>Fiscal\u00eda General de la Naci\u00f3n<\/title>\n<meta name=\"description\" content=\"P\u00e1gina oficial de la Fiscal\u00eda General de la Naci\u00f3n \u2013 Colombia. Garantizamos el acceso efectivo a la justicia, la verdad y la reparaci\u00f3n de las v\u00edctimas de los delitos.\" \/>\n<meta name=\"robots\" content=\"noindex, follow\" \/>\n<meta property=\"og:locale\" content=\"es_ES\" \/>\n<meta property=\"og:type\" content=\"article\" \/>\n<meta property=\"og:title\" content=\"Fiscal\u00eda General de la Naci\u00f3n\" \/>\n<meta property=\"og:description\" content=\"P\u00e1gina oficial de la Fiscal\u00eda General de la Naci\u00f3n \u2013 Colombia. Garantizamos el acceso efectivo a la justicia, la verdad y la reparaci\u00f3n de las v\u00edctimas de los delitos.\" \/>\n<meta property=\"og:url\" content=\"https:\/\/www.fiscalia.gov.co\/colombia\/noticias\/a-la-carcel-dos-hombres-quienes-al-parecer-tripulaban-una-lancha-con-332-kilos-de-cocaina\/\" \/>\n<meta property=\"og:site_name\" content=\"Fiscal\u00eda General de la Naci\u00f3n\" \/>\n<meta property=\"article:publisher\" content=\"https:\/\/www.facebook.com\/FiscaliaCol\" \/>\n<meta property=\"article:published_time\" content=\"2022-06-08T17:41:36+00:00\" \/>\n<meta property=\"og:image\" content=\"https:\/\/www.fiscalia.gov.co\/colombia\/wp-content\/uploads\/Fiscal-Barbosa-En-la-lancha-langostera-que-tripulaban-los-dos-asegurados-fueron-hallados-332-kilos-de-cocaina-pertenecientes-a-la-columna-residual-Jaime-Martinez-1024x768.jpg\" \/>\n<meta name=\"author\" content=\"Jordan Leandro Oviedo Anzola\" \/>\n<meta name=\"twitter:card\" content=\"summary_large_image\" \/>\n<meta name=\"twitter:creator\" content=\"@FiscaliaCol\" \/>\n<meta name=\"twitter:site\" content=\"@FiscaliaCol\" \/>\n<meta name=\"twitter:label1\" content=\"Escrito por\" \/>\n\t<meta name=\"twitter:data1\" content=\"Jordan Leandro Oviedo Anzola\" \/>\n\t<meta name=\"twitter:label2\" content=\"Tiempo de lectura\" \/>\n\t<meta name=\"twitter:data2\" content=\"2 minutos\" \/>\n<script type=\"application\/ld+json\" class=\"yoast-schema-graph\">{\"@context\":\"https:\/\/schema.org\",\"@graph\":[{\"@type\":\"Article\",\"@id\":\"https:\/\/www.fiscalia.gov.co\/colombia\/noticias\/a-la-carcel-dos-hombres-quienes-al-parecer-tripulaban-una-lancha-con-332-kilos-de-cocaina\/#article\",\"isPartOf\":{\"@id\":\"https:\/\/www.fiscalia.gov.co\/colombia\/noticias\/a-la-carcel-dos-hombres-quienes-al-parecer-tripulaban-una-lancha-con-332-kilos-de-cocaina\/\"},\"author\":{\"name\":\"Jordan Leandro Oviedo Anzola\",\"@id\":\"https:\/\/www.fiscalia.gov.co\/colombia\/#\/schema\/person\/bf84402cf293a5393e9c70b111020b24\"},\"headline\":\"A la c\u00e1rcel dos hombres quienes al parecer tripulaban una lancha con 332 kilos de coca\u00edna\",\"datePublished\":\"2022-06-08T17:41:36+00:00\",\"dateModified\":\"2022-06-08T17:41:36+00:00\",\"mainEntityOfPage\":{\"@id\":\"https:\/\/www.fiscalia.gov.co\/colombia\/noticias\/a-la-carcel-dos-hombres-quienes-al-parecer-tripulaban-una-lancha-con-332-kilos-de-cocaina\/\"},\"wordCount\":345,\"publisher\":{\"@id\":\"https:\/\/www.fiscalia.gov.co\/colombia\/#organization\"},\"image\":{\"@id\":\"https:\/\/www.fiscalia.gov.co\/colombia\/noticias\/a-la-carcel-dos-hombres-quienes-al-parecer-tripulaban-una-lancha-con-332-kilos-de-cocaina\/#primaryimage\"},\"thumbnailUrl\":\"https:\/\/www.fiscalia.gov.co\/colombia\/wp-content\/uploads\/Fiscal-Barbosa-En-la-lancha-langostera-que-tripulaban-los-dos-asegurados-fueron-hallados-332-kilos-de-cocaina-pertenecientes-a-la-columna-residual-Jaime-Martinez-1024x768.jpg\",\"keywords\":[\"Buenaventura (Valle del Cauca)\",\"Coca\u00edna\",\"CTI\",\"Fiscal Barbosa\",\"Fiscal General Francisco Barbosa Delgado\",\"Fiscal\u00eda de Colombia\",\"Fiscal\u00eda General de la Naci\u00f3n\"],\"articleSection\":[\"Noticias\",\"Seccional Cali\",\"Seccionales\",\"Tr\u00e1fico de estupefacientes\"],\"inLanguage\":\"es-CO\"},{\"@type\":\"WebPage\",\"@id\":\"https:\/\/www.fiscalia.gov.co\/colombia\/noticias\/a-la-carcel-dos-hombres-quienes-al-parecer-tripulaban-una-lancha-con-332-kilos-de-cocaina\/\",\"url\":\"https:\/\/www.fiscalia.gov.co\/colombia\/noticias\/a-la-carcel-dos-hombres-quienes-al-parecer-tripulaban-una-lancha-con-332-kilos-de-cocaina\/\",\"name\":\"Fiscal\u00eda General de la Naci\u00f3n\",\"isPartOf\":{\"@id\":\"https:\/\/www.fiscalia.gov.co\/colombia\/#website\"},\"primaryImageOfPage\":{\"@id\":\"https:\/\/www.fiscalia.gov.co\/colombia\/noticias\/a-la-carcel-dos-hombres-quienes-al-parecer-tripulaban-una-lancha-con-332-kilos-de-cocaina\/#primaryimage\"},\"image\":{\"@id\":\"https:\/\/www.fiscalia.gov.co\/colombia\/noticias\/a-la-carcel-dos-hombres-quienes-al-parecer-tripulaban-una-lancha-con-332-kilos-de-cocaina\/#primaryimage\"},\"thumbnailUrl\":\"https:\/\/www.fiscalia.gov.co\/colombia\/wp-content\/uploads\/Fiscal-Barbosa-En-la-lancha-langostera-que-tripulaban-los-dos-asegurados-fueron-hallados-332-kilos-de-cocaina-pertenecientes-a-la-columna-residual-Jaime-Martinez-1024x768.jpg\",\"datePublished\":\"2022-06-08T17:41:36+00:00\",\"dateModified\":\"2022-06-08T17:41:36+00:00\",\"description\":\"P\u00e1gina oficial de la Fiscal\u00eda General de la Naci\u00f3n \u2013 Colombia. Garantizamos el acceso efectivo a la justicia, la verdad y la reparaci\u00f3n de las v\u00edctimas de los delitos.\",\"breadcrumb\":{\"@id\":\"https:\/\/www.fiscalia.gov.co\/colombia\/noticias\/a-la-carcel-dos-hombres-quienes-al-parecer-tripulaban-una-lancha-con-332-kilos-de-cocaina\/#breadcrumb\"},\"inLanguage\":\"es-CO\",\"potentialAction\":[{\"@type\":\"ReadAction\",\"target\":[\"https:\/\/www.fiscalia.gov.co\/colombia\/noticias\/a-la-carcel-dos-hombres-quienes-al-parecer-tripulaban-una-lancha-con-332-kilos-de-cocaina\/\"]}]},{\"@type\":\"ImageObject\",\"inLanguage\":\"es-CO\",\"@id\":\"https:\/\/www.fiscalia.gov.co\/colombia\/noticias\/a-la-carcel-dos-hombres-quienes-al-parecer-tripulaban-una-lancha-con-332-kilos-de-cocaina\/#primaryimage\",\"url\":\"https:\/\/www.fiscalia.gov.co\/colombia\/wp-content\/uploads\/Fiscal-Barbosa-En-la-lancha-langostera-que-tripulaban-los-dos-asegurados-fueron-hallados-332-kilos-de-cocaina-pertenecientes-a-la-columna-residual-Jaime-Martinez.jpg\",\"contentUrl\":\"https:\/\/www.fiscalia.gov.co\/colombia\/wp-content\/uploads\/Fiscal-Barbosa-En-la-lancha-langostera-que-tripulaban-los-dos-asegurados-fueron-hallados-332-kilos-de-cocaina-pertenecientes-a-la-columna-residual-Jaime-Martinez.jpg\",\"width\":1280,\"height\":960,\"caption\":\"En la lancha langostera que tripulaban los dos asegurados fueron hallados 332 kilos de coca\u00edna pertenecientes a la columna residual Jaime Mart\u00ednez.\"},{\"@type\":\"BreadcrumbList\",\"@id\":\"https:\/\/www.fiscalia.gov.co\/colombia\/noticias\/a-la-carcel-dos-hombres-quienes-al-parecer-tripulaban-una-lancha-con-332-kilos-de-cocaina\/#breadcrumb\",\"itemListElement\":[{\"@type\":\"ListItem\",\"position\":1,\"name\":\"Home\",\"item\":\"https:\/\/www.fiscalia.gov.co\/colombia\/\"},{\"@type\":\"ListItem\",\"position\":2,\"name\":\"A la c\u00e1rcel dos hombres quienes al parecer tripulaban una lancha con 332 kilos de coca\u00edna\"}]},{\"@type\":\"WebSite\",\"@id\":\"https:\/\/www.fiscalia.gov.co\/colombia\/#website\",\"url\":\"https:\/\/www.fiscalia.gov.co\/colombia\/\",\"name\":\"Fiscal\u00eda General de la Naci\u00f3n\",\"description\":\"P\u00e1gina oficial de la Fiscal\u00eda General de la Naci\u00f3n \u2013 Colombia. Garantizamos el acceso efectivo a la justicia, la verdad y la reparaci\u00f3n de las v\u00edctimas de los delitos.\",\"publisher\":{\"@id\":\"https:\/\/www.fiscalia.gov.co\/colombia\/#organization\"},\"potentialAction\":[{\"@type\":\"SearchAction\",\"target\":{\"@type\":\"EntryPoint\",\"urlTemplate\":\"https:\/\/www.fiscalia.gov.co\/colombia\/?s={search_term_string}\"},\"query-input\":{\"@type\":\"PropertyValueSpecification\",\"valueRequired\":true,\"valueName\":\"search_term_string\"}}],\"inLanguage\":\"es-CO\"},{\"@type\":\"Organization\",\"@id\":\"https:\/\/www.fiscalia.gov.co\/colombia\/#organization\",\"name\":\"Fiscal\u00eda General de la Naci\u00f3n\",\"url\":\"https:\/\/www.fiscalia.gov.co\/colombia\/\",\"logo\":{\"@type\":\"ImageObject\",\"inLanguage\":\"es-CO\",\"@id\":\"https:\/\/www.fiscalia.gov.co\/colombia\/#\/schema\/logo\/image\/\",\"url\":\"https:\/\/www.fiscalia.gov.co\/colombia\/wp-content\/uploads\/LogoHorizontal_1.jpg\",\"contentUrl\":\"https:\/\/www.fiscalia.gov.co\/colombia\/wp-content\/uploads\/LogoHorizontal_1.jpg\",\"width\":300,\"height\":90,\"caption\":\"Fiscal\u00eda General de la Naci\u00f3n\"},\"image\":{\"@id\":\"https:\/\/www.fiscalia.gov.co\/colombia\/#\/schema\/logo\/image\/\"},\"sameAs\":[\"https:\/\/www.facebook.com\/FiscaliaCol\",\"https:\/\/x.com\/FiscaliaCol\",\"https:\/\/www.instagram.com\/fiscaliacol\",\"https:\/\/www.linkedin.com\/company\/fiscalia-general-de-la-naci-n\/\",\"https:\/\/youtube.com\/@fiscaliageneraldelanacion-4668?si=6nN79nyQICPU5iTh\"]},{\"@type\":\"Person\",\"@id\":\"https:\/\/www.fiscalia.gov.co\/colombia\/#\/schema\/person\/bf84402cf293a5393e9c70b111020b24\",\"name\":\"Jordan Leandro Oviedo Anzola\",\"image\":{\"@type\":\"ImageObject\",\"inLanguage\":\"es-CO\",\"@id\":\"https:\/\/www.fiscalia.gov.co\/colombia\/#\/schema\/person\/image\/\",\"url\":\"https:\/\/secure.gravatar.com\/avatar\/dabba4346fa9b9207d96adafa8f92721?s=96&d=mm&r=g\",\"contentUrl\":\"https:\/\/secure.gravatar.com\/avatar\/dabba4346fa9b9207d96adafa8f92721?s=96&d=mm&r=g\",\"caption\":\"Jordan Leandro Oviedo Anzola\"},\"url\":\"https:\/\/www.fiscalia.gov.co\/colombia\/author\/joviedo\/\"}]}<\/script>\n<!-- \/ Yoast SEO plugin. -->","yoast_head_json":{"title":"Fiscal\u00eda General de la Naci\u00f3n","description":"P\u00e1gina oficial de la Fiscal\u00eda General de la Naci\u00f3n \u2013 Colombia. Garantizamos el acceso efectivo a la justicia, la verdad y la reparaci\u00f3n de las v\u00edctimas de los delitos.","robots":{"index":"noindex","follow":"follow"},"og_locale":"es_ES","og_type":"article","og_title":"Fiscal\u00eda General de la Naci\u00f3n","og_description":"P\u00e1gina oficial de la Fiscal\u00eda General de la Naci\u00f3n \u2013 Colombia. Garantizamos el acceso efectivo a la justicia, la verdad y la reparaci\u00f3n de las v\u00edctimas de los delitos.","og_url":"https:\/\/www.fiscalia.gov.co\/colombia\/noticias\/a-la-carcel-dos-hombres-quienes-al-parecer-tripulaban-una-lancha-con-332-kilos-de-cocaina\/","og_site_name":"Fiscal\u00eda General de la Naci\u00f3n","article_publisher":"https:\/\/www.facebook.com\/FiscaliaCol","article_published_time":"2022-06-08T17:41:36+00:00","og_image":[{"url":"https:\/\/www.fiscalia.gov.co\/colombia\/wp-content\/uploads\/Fiscal-Barbosa-En-la-lancha-langostera-que-tripulaban-los-dos-asegurados-fueron-hallados-332-kilos-de-cocaina-pertenecientes-a-la-columna-residual-Jaime-Martinez-1024x768.jpg","type":"","width":"","height":""}],"author":"Jordan Leandro Oviedo Anzola","twitter_card":"summary_large_image","twitter_creator":"@FiscaliaCol","twitter_site":"@FiscaliaCol","twitter_misc":{"Escrito por":"Jordan Leandro Oviedo Anzola","Tiempo de lectura":"2 minutos"},"schema":{"@context":"https:\/\/schema.org","@graph":[{"@type":"Article","@id":"https:\/\/www.fiscalia.gov.co\/colombia\/noticias\/a-la-carcel-dos-hombres-quienes-al-parecer-tripulaban-una-lancha-con-332-kilos-de-cocaina\/#article","isPartOf":{"@id":"https:\/\/www.fiscalia.gov.co\/colombia\/noticias\/a-la-carcel-dos-hombres-quienes-al-parecer-tripulaban-una-lancha-con-332-kilos-de-cocaina\/"},"author":{"name":"Jordan Leandro Oviedo Anzola","@id":"https:\/\/www.fiscalia.gov.co\/colombia\/#\/schema\/person\/bf84402cf293a5393e9c70b111020b24"},"headline":"A la c\u00e1rcel dos hombres quienes al parecer tripulaban una lancha con 332 kilos de coca\u00edna","datePublished":"2022-06-08T17:41:36+00:00","dateModified":"2022-06-08T17:41:36+00:00","mainEntityOfPage":{"@id":"https:\/\/www.fiscalia.gov.co\/colombia\/noticias\/a-la-carcel-dos-hombres-quienes-al-parecer-tripulaban-una-lancha-con-332-kilos-de-cocaina\/"},"wordCount":345,"publisher":{"@id":"https:\/\/www.fiscalia.gov.co\/colombia\/#organization"},"image":{"@id":"https:\/\/www.fiscalia.gov.co\/colombia\/noticias\/a-la-carcel-dos-hombres-quienes-al-parecer-tripulaban-una-lancha-con-332-kilos-de-cocaina\/#primaryimage"},"thumbnailUrl":"https:\/\/www.fiscalia.gov.co\/colombia\/wp-content\/uploads\/Fiscal-Barbosa-En-la-lancha-langostera-que-tripulaban-los-dos-asegurados-fueron-hallados-332-kilos-de-cocaina-pertenecientes-a-la-columna-residual-Jaime-Martinez-1024x768.jpg","keywords":["Buenaventura (Valle del Cauca)","Coca\u00edna","CTI","Fiscal Barbosa","Fiscal General Francisco Barbosa Delgado","Fiscal\u00eda de Colombia","Fiscal\u00eda General de la Naci\u00f3n"],"articleSection":["Noticias","Seccional Cali","Seccionales","Tr\u00e1fico de estupefacientes"],"inLanguage":"es-CO"},{"@type":"WebPage","@id":"https:\/\/www.fiscalia.gov.co\/colombia\/noticias\/a-la-carcel-dos-hombres-quienes-al-parecer-tripulaban-una-lancha-con-332-kilos-de-cocaina\/","url":"https:\/\/www.fiscalia.gov.co\/colombia\/noticias\/a-la-carcel-dos-hombres-quienes-al-parecer-tripulaban-una-lancha-con-332-kilos-de-cocaina\/","name":"Fiscal\u00eda General de la Naci\u00f3n","isPartOf":{"@id":"https:\/\/www.fiscalia.gov.co\/colombia\/#website"},"primaryImageOfPage":{"@id":"https:\/\/www.fiscalia.gov.co\/colombia\/noticias\/a-la-carcel-dos-hombres-quienes-al-parecer-tripulaban-una-lancha-con-332-kilos-de-cocaina\/#primaryimage"},"image":{"@id":"https:\/\/www.fiscalia.gov.co\/colombia\/noticias\/a-la-carcel-dos-hombres-quienes-al-parecer-tripulaban-una-lancha-con-332-kilos-de-cocaina\/#primaryimage"},"thumbnailUrl":"https:\/\/www.fiscalia.gov.co\/colombia\/wp-content\/uploads\/Fiscal-Barbosa-En-la-lancha-langostera-que-tripulaban-los-dos-asegurados-fueron-hallados-332-kilos-de-cocaina-pertenecientes-a-la-columna-residual-Jaime-Martinez-1024x768.jpg","datePublished":"2022-06-08T17:41:36+00:00","dateModified":"2022-06-08T17:41:36+00:00","description":"P\u00e1gina oficial de la Fiscal\u00eda General de la Naci\u00f3n \u2013 Colombia. Garantizamos el acceso efectivo a la justicia, la verdad y la reparaci\u00f3n de las v\u00edctimas de los delitos.","breadcrumb":{"@id":"https:\/\/www.fiscalia.gov.co\/colombia\/noticias\/a-la-carcel-dos-hombres-quienes-al-parecer-tripulaban-una-lancha-con-332-kilos-de-cocaina\/#breadcrumb"},"inLanguage":"es-CO","potentialAction":[{"@type":"ReadAction","target":["https:\/\/www.fiscalia.gov.co\/colombia\/noticias\/a-la-carcel-dos-hombres-quienes-al-parecer-tripulaban-una-lancha-con-332-kilos-de-cocaina\/"]}]},{"@type":"ImageObject","inLanguage":"es-CO","@id":"https:\/\/www.fiscalia.gov.co\/colombia\/noticias\/a-la-carcel-dos-hombres-quienes-al-parecer-tripulaban-una-lancha-con-332-kilos-de-cocaina\/#primaryimage","url":"https:\/\/www.fiscalia.gov.co\/colombia\/wp-content\/uploads\/Fiscal-Barbosa-En-la-lancha-langostera-que-tripulaban-los-dos-asegurados-fueron-hallados-332-kilos-de-cocaina-pertenecientes-a-la-columna-residual-Jaime-Martinez.jpg","contentUrl":"https:\/\/www.fiscalia.gov.co\/colombia\/wp-content\/uploads\/Fiscal-Barbosa-En-la-lancha-langostera-que-tripulaban-los-dos-asegurados-fueron-hallados-332-kilos-de-cocaina-pertenecientes-a-la-columna-residual-Jaime-Martinez.jpg","width":1280,"height":960,"caption":"En la lancha langostera que tripulaban los dos asegurados fueron hallados 332 kilos de coca\u00edna pertenecientes a la columna residual Jaime Mart\u00ednez."},{"@type":"BreadcrumbList","@id":"https:\/\/www.fiscalia.gov.co\/colombia\/noticias\/a-la-carcel-dos-hombres-quienes-al-parecer-tripulaban-una-lancha-con-332-kilos-de-cocaina\/#breadcrumb","itemListElement":[{"@type":"ListItem","position":1,"name":"Home","item":"https:\/\/www.fiscalia.gov.co\/colombia\/"},{"@type":"ListItem","position":2,"name":"A la c\u00e1rcel dos hombres quienes al parecer tripulaban una lancha con 332 kilos de coca\u00edna"}]},{"@type":"WebSite","@id":"https:\/\/www.fiscalia.gov.co\/colombia\/#website","url":"https:\/\/www.fiscalia.gov.co\/colombia\/","name":"Fiscal\u00eda General de la Naci\u00f3n","description":"P\u00e1gina oficial de la Fiscal\u00eda General de la Naci\u00f3n \u2013 Colombia. Garantizamos el acceso efectivo a la justicia, la verdad y la reparaci\u00f3n de las v\u00edctimas de los delitos.","publisher":{"@id":"https:\/\/www.fiscalia.gov.co\/colombia\/#organization"},"potentialAction":[{"@type":"SearchAction","target":{"@type":"EntryPoint","urlTemplate":"https:\/\/www.fiscalia.gov.co\/colombia\/?s={search_term_string}"},"query-input":{"@type":"PropertyValueSpecification","valueRequired":true,"valueName":"search_term_string"}}],"inLanguage":"es-CO"},{"@type":"Organization","@id":"https:\/\/www.fiscalia.gov.co\/colombia\/#organization","name":"Fiscal\u00eda General de la Naci\u00f3n","url":"https:\/\/www.fiscalia.gov.co\/colombia\/","logo":{"@type":"ImageObject","inLanguage":"es-CO","@id":"https:\/\/www.fiscalia.gov.co\/colombia\/#\/schema\/logo\/image\/","url":"https:\/\/www.fiscalia.gov.co\/colombia\/wp-content\/uploads\/LogoHorizontal_1.jpg","contentUrl":"https:\/\/www.fiscalia.gov.co\/colombia\/wp-content\/uploads\/LogoHorizontal_1.jpg","width":300,"height":90,"caption":"Fiscal\u00eda General de la Naci\u00f3n"},"image":{"@id":"https:\/\/www.fiscalia.gov.co\/colombia\/#\/schema\/logo\/image\/"},"sameAs":["https:\/\/www.facebook.com\/FiscaliaCol","https:\/\/x.com\/FiscaliaCol","https:\/\/www.instagram.com\/fiscaliacol","https:\/\/www.linkedin.com\/company\/fiscalia-general-de-la-naci-n\/","https:\/\/youtube.com\/@fiscaliageneraldelanacion-4668?si=6nN79nyQICPU5iTh"]},{"@type":"Person","@id":"https:\/\/www.fiscalia.gov.co\/colombia\/#\/schema\/person\/bf84402cf293a5393e9c70b111020b24","name":"Jordan Leandro Oviedo Anzola","image":{"@type":"ImageObject","inLanguage":"es-CO","@id":"https:\/\/www.fiscalia.gov.co\/colombia\/#\/schema\/person\/image\/","url":"https:\/\/secure.gravatar.com\/avatar\/dabba4346fa9b9207d96adafa8f92721?s=96&d=mm&r=g","contentUrl":"https:\/\/secure.gravatar.com\/avatar\/dabba4346fa9b9207d96adafa8f92721?s=96&d=mm&r=g","caption":"Jordan Leandro Oviedo Anzola"},"url":"https:\/\/www.fiscalia.gov.co\/colombia\/author\/joviedo\/"}]}},"_links":{"self":[{"href":"https:\/\/www.fiscalia.gov.co\/colombia\/wp-json\/wp\/v2\/posts\/250126","targetHints":{"allow":["GET"]}}],"collection":[{"href":"https:\/\/www.fiscalia.gov.co\/colombia\/wp-json\/wp\/v2\/posts"}],"about":[{"href":"https:\/\/www.fiscalia.gov.co\/colombia\/wp-json\/wp\/v2\/types\/post"}],"author":[{"embeddable":true,"href":"https:\/\/www.fiscalia.gov.co\/colombia\/wp-json\/wp\/v2\/users\/177"}],"replies":[{"embeddable":true,"href":"https:\/\/www.fiscalia.gov.co\/colombia\/wp-json\/wp\/v2\/comments?post=250126"}],"version-history":[{"count":1,"href":"https:\/\/www.fiscalia.gov.co\/colombia\/wp-json\/wp\/v2\/posts\/250126\/revisions"}],"predecessor-version":[{"id":250128,"href":"https:\/\/www.fiscalia.gov.co\/colombia\/wp-json\/wp\/v2\/posts\/250126\/revisions\/250128"}],"wp:attachment":[{"href":"https:\/\/www.fiscalia.gov.co\/colombia\/wp-json\/wp\/v2\/media?parent=250126"}],"wp:term":[{"taxonomy":"category","embeddable":true,"href":"https:\/\/www.fiscalia.gov.co\/colombia\/wp-json\/wp\/v2\/categories?post=250126"},{"taxonomy":"post_tag","embeddable":true,"href":"https:\/\/www.fiscalia.gov.co\/colombia\/wp-json\/wp\/v2\/tags?post=250126"}],"curies":[{"name":"wp","href":"https:\/\/api.w.org\/{rel}","templated":true}]}}