{"id":249944,"date":"2022-06-06T12:42:50","date_gmt":"2022-06-06T17:42:50","guid":{"rendered":"https:\/\/www.fiscalia.gov.co\/colombia\/?p=249944"},"modified":"2022-06-15T15:54:31","modified_gmt":"2022-06-15T20:54:31","slug":"se-esclarecen-6-homicidios-en-cordoba-tras-captura-de-pareja-que-presuntamente-estaria-al-servicio-del-clan-del-golfo","status":"publish","type":"post","link":"https:\/\/www.fiscalia.gov.co\/colombia\/noticias\/se-esclarecen-6-homicidios-en-cordoba-tras-captura-de-pareja-que-presuntamente-estaria-al-servicio-del-clan-del-golfo\/","title":{"rendered":"Se esclarecen 6 homicidios en C\u00f3rdoba tras captura de pareja que presuntamente estar\u00eda al servicio del Clan del Golfo"},"content":{"rendered":"<h4 style=\"font-weight: 400;\"><strong><em>De acuerdo con la investigaci\u00f3n los imputados al parecer estar\u00edan involucrados en hechos de homicidios as\u00ed como en porte de armas de fuego.<\/em><\/strong><\/h4>\n<p style=\"font-weight: 400;\">Tras la contundencia del material probatorio presentado por un fiscal seccional de C\u00f3rdoba en contra de Jairo Luis D\u00edaz Ruiz y Yarisel P\u00e9rez Alem\u00e1n, fueron judicializados por el delito de concierto para delinquir Agravado, Homicidio Agravado, Fabricaci\u00f3n Porte o Tenencia de Armas de Fuego, Accesorios, partes o Municiones.<\/p>\n<figure id=\"attachment_249945\" aria-describedby=\"caption-attachment-249945\" style=\"width: 696px\" class=\"wp-caption aligncenter\"><img loading=\"lazy\" decoding=\"async\" class=\"size-large wp-image-249945\" src=\"https:\/\/www.fiscalia.gov.co\/colombia\/wp-content\/uploads\/Fiscal-Barbosa-caso-pareja-sicaria-Cordoba-1024x719.jpg\" alt=\"\" width=\"696\" height=\"489\" srcset=\"https:\/\/www.fiscalia.gov.co\/colombia\/wp-content\/uploads\/Fiscal-Barbosa-caso-pareja-sicaria-Cordoba-1024x719.jpg 1024w, https:\/\/www.fiscalia.gov.co\/colombia\/wp-content\/uploads\/Fiscal-Barbosa-caso-pareja-sicaria-Cordoba-300x211.jpg 300w, https:\/\/www.fiscalia.gov.co\/colombia\/wp-content\/uploads\/Fiscal-Barbosa-caso-pareja-sicaria-Cordoba-768x539.jpg 768w, https:\/\/www.fiscalia.gov.co\/colombia\/wp-content\/uploads\/Fiscal-Barbosa-caso-pareja-sicaria-Cordoba-696x489.jpg 696w, https:\/\/www.fiscalia.gov.co\/colombia\/wp-content\/uploads\/Fiscal-Barbosa-caso-pareja-sicaria-Cordoba-1068x750.jpg 1068w, https:\/\/www.fiscalia.gov.co\/colombia\/wp-content\/uploads\/Fiscal-Barbosa-caso-pareja-sicaria-Cordoba-598x420.jpg 598w, https:\/\/www.fiscalia.gov.co\/colombia\/wp-content\/uploads\/Fiscal-Barbosa-caso-pareja-sicaria-Cordoba-100x70.jpg 100w, https:\/\/www.fiscalia.gov.co\/colombia\/wp-content\/uploads\/Fiscal-Barbosa-caso-pareja-sicaria-Cordoba.jpg 1280w\" sizes=\"auto, (max-width: 696px) 100vw, 696px\" \/><figcaption id=\"caption-attachment-249945\" class=\"wp-caption-text\">Los indiciados no aceptaron los cargos imputados por la Fiscal\u00eda.<\/figcaption><\/figure>\n<p style=\"font-weight: 400;\">Seg\u00fan el ente investigador alias \u2018Luisito\u2019 y \u2018Yarisel\u2019 estar\u00eda involucrados presuntamente en por lo menos 6 homicidios ocurridos en Sahag\u00fan (C\u00f3rdoba), durante el a\u00f1o 2020, luego de conformar una organizaci\u00f3n criminal, al parecer, al servicio del Clan del Golfo.<\/p>\n<p style=\"font-weight: 400;\">Las capturas de los indiciados se realizaron en diligencias de allanamiento y control desarrolladas en la madrugada del 2 de junio en curso por funcionarios de la Polic\u00eda en Sahag\u00fan.<\/p>\n<p style=\"font-weight: 400;\">Un juez penal municipal de garant\u00edas ambulante de Monter\u00eda dict\u00f3 medida de aseguramiento en establecimiento carcelario en contra de \u2018Luisito\u2019 y\u00a0\u00a0\u2018Yarisel\u2019.<\/p>\n<p style=\"font-weight: 400;\">La Fiscal\u00eda General de la Naci\u00f3n habla con resultados.<\/p>\n<p style=\"font-weight: 400;\"><strong>Le puede interesar:<\/strong><\/p>\n<p style=\"font-weight: 400;\"><a href=\"https:\/\/www.fiscalia.gov.co\/colombia\/seccionales\/a-la-carcel-mujer-que-contrato-a-un-sicario-para-asesinar-a-su-esposo-y-quedarse-con-algunas-propiedades\/\" data-saferedirecturl=\"https:\/\/www.google.com\/url?q=https:\/\/www.fiscalia.gov.co\/colombia\/seccionales\/a-la-carcel-mujer-que-contrato-a-un-sicario-para-asesinar-a-su-esposo-y-quedarse-con-algunas-propiedades\/&amp;source=gmail&amp;ust=1654623234949000&amp;usg=AOvVaw0CDzLVmPjUND992AQyX51x\">A la c\u00e1rcel mujer que contrat\u00f3 a un sicario para asesinar a su esposo y quedarse con algunas propiedades<\/a><\/p>\n<p><a href=\"https:\/\/www.fiscalia.gov.co\/colombia\/seccionales\/a-la-carcel-hombre-que-habria-contratado-a-sicario-para-asesinar-a-su-suegra-en-meta\/\" data-saferedirecturl=\"https:\/\/www.google.com\/url?q=https:\/\/www.fiscalia.gov.co\/colombia\/seccionales\/a-la-carcel-hombre-que-habria-contratado-a-sicario-para-asesinar-a-su-suegra-en-meta\/&amp;source=gmail&amp;ust=1654623234949000&amp;usg=AOvVaw12wU4atbQMiQstiCzKwEHp\">A la c\u00e1rcel hombre que habr\u00eda contratado a sicario para asesinar a su suegra en Meta<\/a><\/p>\n<p>&nbsp;<\/p>\n<p>&nbsp;<\/p>\n<p style=\"font-weight: 400;\">VHGB\/FAGH\/FAEP\/DSC<\/p>\n<p>&nbsp;<\/p>\n<p>&nbsp;<\/p>\n<p>&nbsp;<\/p>\n<p style=\"font-weight: 400;\"><em>La informaci\u00f3n contenida en este bolet\u00edn de prensa corresponde a la narraci\u00f3n de los hechos noticiosos objetivos, suministrados por los funcionarios encargados de adelantar las investigaciones penales al interior de la Fiscal\u00eda General de la Naci\u00f3n. Para el momento de la divulgaci\u00f3n de este comunicado, la situaci\u00f3n jur\u00eddica de la(s) persona(s) relacionada(s) se encuentra pendiente de resolver por la autoridad judicial competente, siempre bajo los preceptos de la presunci\u00f3n de inocencia, consagrados en el art\u00edculo 29 de la Constituci\u00f3n Pol\u00edtica y el art\u00edculo 7\u00ba de la Ley 906 de 2004.<\/em><\/p>\n\n<div class=\"twitter-share\"><a href=\"https:\/\/twitter.com\/intent\/tweet?via=fiscaliacol\" class=\"twitter-share-button\">Tweet<\/a><\/div>\n","protected":false},"excerpt":{"rendered":"<p>De acuerdo con la investigaci\u00f3n los imputados al parecer estar\u00edan involucrados en hechos de homicidios as\u00ed como en porte de armas de fuego. Tras la contundencia del material probatorio presentado [&hellip;]<\/p>\n","protected":false},"author":177,"featured_media":0,"comment_status":"closed","ping_status":"open","sticky":false,"template":"","format":"video","meta":{"tdm_status":"","tdm_grid_status":"","footnotes":""},"categories":[1,332,303,24099],"tags":[18672,13531,24185,24187,1047,5187,1185,27117,14766,558,14921],"class_list":["post-249944","post","type-post","status-publish","format-video","category-noticias","category-seccional-monteria","category-seccionales","category-seguridad-territorial","tag-clan-del-golfo","tag-cordoba","tag-fiscal-barbosa","tag-fiscalia-colombia","tag-fiscalia-general-de-la-nacion","tag-homicidios","tag-medida-de-aseguramiento","tag-monteria-cordoba","tag-pareja","tag-policia-nacional","tag-sicarios","post_format-post-format-video"],"yoast_head":"<!-- This site is optimized with the Yoast SEO plugin v24.3 - https:\/\/yoast.com\/wordpress\/plugins\/seo\/ -->\n<title>Fiscal\u00eda General de la Naci\u00f3n<\/title>\n<meta name=\"description\" content=\"P\u00e1gina oficial de la Fiscal\u00eda General de la Naci\u00f3n \u2013 Colombia. Garantizamos el acceso efectivo a la justicia, la verdad y la reparaci\u00f3n de las v\u00edctimas de los delitos.\" \/>\n<meta name=\"robots\" content=\"noindex, follow\" \/>\n<meta property=\"og:locale\" content=\"es_ES\" \/>\n<meta property=\"og:type\" content=\"article\" \/>\n<meta property=\"og:title\" content=\"Fiscal\u00eda General de la Naci\u00f3n\" \/>\n<meta property=\"og:description\" content=\"P\u00e1gina oficial de la Fiscal\u00eda General de la Naci\u00f3n \u2013 Colombia. Garantizamos el acceso efectivo a la justicia, la verdad y la reparaci\u00f3n de las v\u00edctimas de los delitos.\" \/>\n<meta property=\"og:url\" content=\"https:\/\/www.fiscalia.gov.co\/colombia\/noticias\/se-esclarecen-6-homicidios-en-cordoba-tras-captura-de-pareja-que-presuntamente-estaria-al-servicio-del-clan-del-golfo\/\" \/>\n<meta property=\"og:site_name\" content=\"Fiscal\u00eda General de la Naci\u00f3n\" \/>\n<meta property=\"article:publisher\" content=\"https:\/\/www.facebook.com\/FiscaliaCol\" \/>\n<meta property=\"article:published_time\" content=\"2022-06-06T17:42:50+00:00\" \/>\n<meta property=\"article:modified_time\" content=\"2022-06-15T20:54:31+00:00\" \/>\n<meta property=\"og:image\" content=\"https:\/\/www.fiscalia.gov.co\/colombia\/wp-content\/uploads\/Fiscal-Barbosa-caso-pareja-sicaria-Cordoba-1024x719.jpg\" \/>\n<meta name=\"author\" content=\"Jordan Leandro Oviedo Anzola\" \/>\n<meta name=\"twitter:card\" content=\"summary_large_image\" \/>\n<meta name=\"twitter:creator\" content=\"@FiscaliaCol\" \/>\n<meta name=\"twitter:site\" content=\"@FiscaliaCol\" \/>\n<meta name=\"twitter:label1\" content=\"Escrito por\" \/>\n\t<meta name=\"twitter:data1\" content=\"Jordan Leandro Oviedo Anzola\" \/>\n\t<meta name=\"twitter:label2\" content=\"Tiempo de lectura\" \/>\n\t<meta name=\"twitter:data2\" content=\"2 minutos\" \/>\n<script type=\"application\/ld+json\" class=\"yoast-schema-graph\">{\"@context\":\"https:\/\/schema.org\",\"@graph\":[{\"@type\":\"Article\",\"@id\":\"https:\/\/www.fiscalia.gov.co\/colombia\/noticias\/se-esclarecen-6-homicidios-en-cordoba-tras-captura-de-pareja-que-presuntamente-estaria-al-servicio-del-clan-del-golfo\/#article\",\"isPartOf\":{\"@id\":\"https:\/\/www.fiscalia.gov.co\/colombia\/noticias\/se-esclarecen-6-homicidios-en-cordoba-tras-captura-de-pareja-que-presuntamente-estaria-al-servicio-del-clan-del-golfo\/\"},\"author\":{\"name\":\"Jordan Leandro Oviedo Anzola\",\"@id\":\"https:\/\/www.fiscalia.gov.co\/colombia\/#\/schema\/person\/bf84402cf293a5393e9c70b111020b24\"},\"headline\":\"Se esclarecen 6 homicidios en C\u00f3rdoba tras captura de pareja que presuntamente estar\u00eda al servicio del Clan del Golfo\",\"datePublished\":\"2022-06-06T17:42:50+00:00\",\"dateModified\":\"2022-06-15T20:54:31+00:00\",\"mainEntityOfPage\":{\"@id\":\"https:\/\/www.fiscalia.gov.co\/colombia\/noticias\/se-esclarecen-6-homicidios-en-cordoba-tras-captura-de-pareja-que-presuntamente-estaria-al-servicio-del-clan-del-golfo\/\"},\"wordCount\":377,\"publisher\":{\"@id\":\"https:\/\/www.fiscalia.gov.co\/colombia\/#organization\"},\"image\":{\"@id\":\"https:\/\/www.fiscalia.gov.co\/colombia\/noticias\/se-esclarecen-6-homicidios-en-cordoba-tras-captura-de-pareja-que-presuntamente-estaria-al-servicio-del-clan-del-golfo\/#primaryimage\"},\"thumbnailUrl\":\"https:\/\/www.fiscalia.gov.co\/colombia\/wp-content\/uploads\/Fiscal-Barbosa-caso-pareja-sicaria-Cordoba-1024x719.jpg\",\"keywords\":[\"Clan del Golfo\",\"C\u00f3rdoba\",\"Fiscal Barbosa\",\"Fiscal\u00eda Colombia\",\"Fiscal\u00eda General de la Naci\u00f3n\",\"Homicidios\",\"Medida de aseguramiento\",\"Monter\u00eda -C\u00f3rdoba\",\"Pareja\",\"Polic\u00eda Nacional\",\"Sicarios\"],\"articleSection\":[\"Noticias\",\"Seccional Monter\u00eda\",\"Seccionales\",\"Seguridad territorial\"],\"inLanguage\":\"es-CO\"},{\"@type\":\"WebPage\",\"@id\":\"https:\/\/www.fiscalia.gov.co\/colombia\/noticias\/se-esclarecen-6-homicidios-en-cordoba-tras-captura-de-pareja-que-presuntamente-estaria-al-servicio-del-clan-del-golfo\/\",\"url\":\"https:\/\/www.fiscalia.gov.co\/colombia\/noticias\/se-esclarecen-6-homicidios-en-cordoba-tras-captura-de-pareja-que-presuntamente-estaria-al-servicio-del-clan-del-golfo\/\",\"name\":\"Fiscal\u00eda General de la Naci\u00f3n\",\"isPartOf\":{\"@id\":\"https:\/\/www.fiscalia.gov.co\/colombia\/#website\"},\"primaryImageOfPage\":{\"@id\":\"https:\/\/www.fiscalia.gov.co\/colombia\/noticias\/se-esclarecen-6-homicidios-en-cordoba-tras-captura-de-pareja-que-presuntamente-estaria-al-servicio-del-clan-del-golfo\/#primaryimage\"},\"image\":{\"@id\":\"https:\/\/www.fiscalia.gov.co\/colombia\/noticias\/se-esclarecen-6-homicidios-en-cordoba-tras-captura-de-pareja-que-presuntamente-estaria-al-servicio-del-clan-del-golfo\/#primaryimage\"},\"thumbnailUrl\":\"https:\/\/www.fiscalia.gov.co\/colombia\/wp-content\/uploads\/Fiscal-Barbosa-caso-pareja-sicaria-Cordoba-1024x719.jpg\",\"datePublished\":\"2022-06-06T17:42:50+00:00\",\"dateModified\":\"2022-06-15T20:54:31+00:00\",\"description\":\"P\u00e1gina oficial de la Fiscal\u00eda General de la Naci\u00f3n \u2013 Colombia. Garantizamos el acceso efectivo a la justicia, la verdad y la reparaci\u00f3n de las v\u00edctimas de los delitos.\",\"breadcrumb\":{\"@id\":\"https:\/\/www.fiscalia.gov.co\/colombia\/noticias\/se-esclarecen-6-homicidios-en-cordoba-tras-captura-de-pareja-que-presuntamente-estaria-al-servicio-del-clan-del-golfo\/#breadcrumb\"},\"inLanguage\":\"es-CO\",\"potentialAction\":[{\"@type\":\"ReadAction\",\"target\":[\"https:\/\/www.fiscalia.gov.co\/colombia\/noticias\/se-esclarecen-6-homicidios-en-cordoba-tras-captura-de-pareja-que-presuntamente-estaria-al-servicio-del-clan-del-golfo\/\"]}]},{\"@type\":\"ImageObject\",\"inLanguage\":\"es-CO\",\"@id\":\"https:\/\/www.fiscalia.gov.co\/colombia\/noticias\/se-esclarecen-6-homicidios-en-cordoba-tras-captura-de-pareja-que-presuntamente-estaria-al-servicio-del-clan-del-golfo\/#primaryimage\",\"url\":\"https:\/\/www.fiscalia.gov.co\/colombia\/wp-content\/uploads\/Fiscal-Barbosa-caso-pareja-sicaria-Cordoba.jpg\",\"contentUrl\":\"https:\/\/www.fiscalia.gov.co\/colombia\/wp-content\/uploads\/Fiscal-Barbosa-caso-pareja-sicaria-Cordoba.jpg\",\"width\":1280,\"height\":899,\"caption\":\"Los indiciados no aceptaron los cargos imputados por la Fiscal\u00eda.\"},{\"@type\":\"BreadcrumbList\",\"@id\":\"https:\/\/www.fiscalia.gov.co\/colombia\/noticias\/se-esclarecen-6-homicidios-en-cordoba-tras-captura-de-pareja-que-presuntamente-estaria-al-servicio-del-clan-del-golfo\/#breadcrumb\",\"itemListElement\":[{\"@type\":\"ListItem\",\"position\":1,\"name\":\"Home\",\"item\":\"https:\/\/www.fiscalia.gov.co\/colombia\/\"},{\"@type\":\"ListItem\",\"position\":2,\"name\":\"Se esclarecen 6 homicidios en C\u00f3rdoba tras captura de pareja que presuntamente estar\u00eda al servicio del Clan del Golfo\"}]},{\"@type\":\"WebSite\",\"@id\":\"https:\/\/www.fiscalia.gov.co\/colombia\/#website\",\"url\":\"https:\/\/www.fiscalia.gov.co\/colombia\/\",\"name\":\"Fiscal\u00eda General de la Naci\u00f3n\",\"description\":\"P\u00e1gina oficial de la Fiscal\u00eda General de la Naci\u00f3n \u2013 Colombia. Garantizamos el acceso efectivo a la justicia, la verdad y la reparaci\u00f3n de las v\u00edctimas de los delitos.\",\"publisher\":{\"@id\":\"https:\/\/www.fiscalia.gov.co\/colombia\/#organization\"},\"potentialAction\":[{\"@type\":\"SearchAction\",\"target\":{\"@type\":\"EntryPoint\",\"urlTemplate\":\"https:\/\/www.fiscalia.gov.co\/colombia\/?s={search_term_string}\"},\"query-input\":{\"@type\":\"PropertyValueSpecification\",\"valueRequired\":true,\"valueName\":\"search_term_string\"}}],\"inLanguage\":\"es-CO\"},{\"@type\":\"Organization\",\"@id\":\"https:\/\/www.fiscalia.gov.co\/colombia\/#organization\",\"name\":\"Fiscal\u00eda General de la Naci\u00f3n\",\"url\":\"https:\/\/www.fiscalia.gov.co\/colombia\/\",\"logo\":{\"@type\":\"ImageObject\",\"inLanguage\":\"es-CO\",\"@id\":\"https:\/\/www.fiscalia.gov.co\/colombia\/#\/schema\/logo\/image\/\",\"url\":\"https:\/\/www.fiscalia.gov.co\/colombia\/wp-content\/uploads\/LogoHorizontal_1.jpg\",\"contentUrl\":\"https:\/\/www.fiscalia.gov.co\/colombia\/wp-content\/uploads\/LogoHorizontal_1.jpg\",\"width\":300,\"height\":90,\"caption\":\"Fiscal\u00eda General de la Naci\u00f3n\"},\"image\":{\"@id\":\"https:\/\/www.fiscalia.gov.co\/colombia\/#\/schema\/logo\/image\/\"},\"sameAs\":[\"https:\/\/www.facebook.com\/FiscaliaCol\",\"https:\/\/x.com\/FiscaliaCol\",\"https:\/\/www.instagram.com\/fiscaliacol\",\"https:\/\/www.linkedin.com\/company\/fiscalia-general-de-la-naci-n\/\",\"https:\/\/youtube.com\/@fiscaliageneraldelanacion-4668?si=6nN79nyQICPU5iTh\"]},{\"@type\":\"Person\",\"@id\":\"https:\/\/www.fiscalia.gov.co\/colombia\/#\/schema\/person\/bf84402cf293a5393e9c70b111020b24\",\"name\":\"Jordan Leandro Oviedo Anzola\",\"image\":{\"@type\":\"ImageObject\",\"inLanguage\":\"es-CO\",\"@id\":\"https:\/\/www.fiscalia.gov.co\/colombia\/#\/schema\/person\/image\/\",\"url\":\"https:\/\/secure.gravatar.com\/avatar\/dabba4346fa9b9207d96adafa8f92721?s=96&d=mm&r=g\",\"contentUrl\":\"https:\/\/secure.gravatar.com\/avatar\/dabba4346fa9b9207d96adafa8f92721?s=96&d=mm&r=g\",\"caption\":\"Jordan Leandro Oviedo Anzola\"},\"url\":\"https:\/\/www.fiscalia.gov.co\/colombia\/author\/joviedo\/\"}]}<\/script>\n<!-- \/ Yoast SEO plugin. -->","yoast_head_json":{"title":"Fiscal\u00eda General de la Naci\u00f3n","description":"P\u00e1gina oficial de la Fiscal\u00eda General de la Naci\u00f3n \u2013 Colombia. Garantizamos el acceso efectivo a la justicia, la verdad y la reparaci\u00f3n de las v\u00edctimas de los delitos.","robots":{"index":"noindex","follow":"follow"},"og_locale":"es_ES","og_type":"article","og_title":"Fiscal\u00eda General de la Naci\u00f3n","og_description":"P\u00e1gina oficial de la Fiscal\u00eda General de la Naci\u00f3n \u2013 Colombia. Garantizamos el acceso efectivo a la justicia, la verdad y la reparaci\u00f3n de las v\u00edctimas de los delitos.","og_url":"https:\/\/www.fiscalia.gov.co\/colombia\/noticias\/se-esclarecen-6-homicidios-en-cordoba-tras-captura-de-pareja-que-presuntamente-estaria-al-servicio-del-clan-del-golfo\/","og_site_name":"Fiscal\u00eda General de la Naci\u00f3n","article_publisher":"https:\/\/www.facebook.com\/FiscaliaCol","article_published_time":"2022-06-06T17:42:50+00:00","article_modified_time":"2022-06-15T20:54:31+00:00","og_image":[{"url":"https:\/\/www.fiscalia.gov.co\/colombia\/wp-content\/uploads\/Fiscal-Barbosa-caso-pareja-sicaria-Cordoba-1024x719.jpg","type":"","width":"","height":""}],"author":"Jordan Leandro Oviedo Anzola","twitter_card":"summary_large_image","twitter_creator":"@FiscaliaCol","twitter_site":"@FiscaliaCol","twitter_misc":{"Escrito por":"Jordan Leandro Oviedo Anzola","Tiempo de lectura":"2 minutos"},"schema":{"@context":"https:\/\/schema.org","@graph":[{"@type":"Article","@id":"https:\/\/www.fiscalia.gov.co\/colombia\/noticias\/se-esclarecen-6-homicidios-en-cordoba-tras-captura-de-pareja-que-presuntamente-estaria-al-servicio-del-clan-del-golfo\/#article","isPartOf":{"@id":"https:\/\/www.fiscalia.gov.co\/colombia\/noticias\/se-esclarecen-6-homicidios-en-cordoba-tras-captura-de-pareja-que-presuntamente-estaria-al-servicio-del-clan-del-golfo\/"},"author":{"name":"Jordan Leandro Oviedo Anzola","@id":"https:\/\/www.fiscalia.gov.co\/colombia\/#\/schema\/person\/bf84402cf293a5393e9c70b111020b24"},"headline":"Se esclarecen 6 homicidios en C\u00f3rdoba tras captura de pareja que presuntamente estar\u00eda al servicio del Clan del Golfo","datePublished":"2022-06-06T17:42:50+00:00","dateModified":"2022-06-15T20:54:31+00:00","mainEntityOfPage":{"@id":"https:\/\/www.fiscalia.gov.co\/colombia\/noticias\/se-esclarecen-6-homicidios-en-cordoba-tras-captura-de-pareja-que-presuntamente-estaria-al-servicio-del-clan-del-golfo\/"},"wordCount":377,"publisher":{"@id":"https:\/\/www.fiscalia.gov.co\/colombia\/#organization"},"image":{"@id":"https:\/\/www.fiscalia.gov.co\/colombia\/noticias\/se-esclarecen-6-homicidios-en-cordoba-tras-captura-de-pareja-que-presuntamente-estaria-al-servicio-del-clan-del-golfo\/#primaryimage"},"thumbnailUrl":"https:\/\/www.fiscalia.gov.co\/colombia\/wp-content\/uploads\/Fiscal-Barbosa-caso-pareja-sicaria-Cordoba-1024x719.jpg","keywords":["Clan del Golfo","C\u00f3rdoba","Fiscal Barbosa","Fiscal\u00eda Colombia","Fiscal\u00eda General de la Naci\u00f3n","Homicidios","Medida de aseguramiento","Monter\u00eda -C\u00f3rdoba","Pareja","Polic\u00eda Nacional","Sicarios"],"articleSection":["Noticias","Seccional Monter\u00eda","Seccionales","Seguridad territorial"],"inLanguage":"es-CO"},{"@type":"WebPage","@id":"https:\/\/www.fiscalia.gov.co\/colombia\/noticias\/se-esclarecen-6-homicidios-en-cordoba-tras-captura-de-pareja-que-presuntamente-estaria-al-servicio-del-clan-del-golfo\/","url":"https:\/\/www.fiscalia.gov.co\/colombia\/noticias\/se-esclarecen-6-homicidios-en-cordoba-tras-captura-de-pareja-que-presuntamente-estaria-al-servicio-del-clan-del-golfo\/","name":"Fiscal\u00eda General de la Naci\u00f3n","isPartOf":{"@id":"https:\/\/www.fiscalia.gov.co\/colombia\/#website"},"primaryImageOfPage":{"@id":"https:\/\/www.fiscalia.gov.co\/colombia\/noticias\/se-esclarecen-6-homicidios-en-cordoba-tras-captura-de-pareja-que-presuntamente-estaria-al-servicio-del-clan-del-golfo\/#primaryimage"},"image":{"@id":"https:\/\/www.fiscalia.gov.co\/colombia\/noticias\/se-esclarecen-6-homicidios-en-cordoba-tras-captura-de-pareja-que-presuntamente-estaria-al-servicio-del-clan-del-golfo\/#primaryimage"},"thumbnailUrl":"https:\/\/www.fiscalia.gov.co\/colombia\/wp-content\/uploads\/Fiscal-Barbosa-caso-pareja-sicaria-Cordoba-1024x719.jpg","datePublished":"2022-06-06T17:42:50+00:00","dateModified":"2022-06-15T20:54:31+00:00","description":"P\u00e1gina oficial de la Fiscal\u00eda General de la Naci\u00f3n \u2013 Colombia. Garantizamos el acceso efectivo a la justicia, la verdad y la reparaci\u00f3n de las v\u00edctimas de los delitos.","breadcrumb":{"@id":"https:\/\/www.fiscalia.gov.co\/colombia\/noticias\/se-esclarecen-6-homicidios-en-cordoba-tras-captura-de-pareja-que-presuntamente-estaria-al-servicio-del-clan-del-golfo\/#breadcrumb"},"inLanguage":"es-CO","potentialAction":[{"@type":"ReadAction","target":["https:\/\/www.fiscalia.gov.co\/colombia\/noticias\/se-esclarecen-6-homicidios-en-cordoba-tras-captura-de-pareja-que-presuntamente-estaria-al-servicio-del-clan-del-golfo\/"]}]},{"@type":"ImageObject","inLanguage":"es-CO","@id":"https:\/\/www.fiscalia.gov.co\/colombia\/noticias\/se-esclarecen-6-homicidios-en-cordoba-tras-captura-de-pareja-que-presuntamente-estaria-al-servicio-del-clan-del-golfo\/#primaryimage","url":"https:\/\/www.fiscalia.gov.co\/colombia\/wp-content\/uploads\/Fiscal-Barbosa-caso-pareja-sicaria-Cordoba.jpg","contentUrl":"https:\/\/www.fiscalia.gov.co\/colombia\/wp-content\/uploads\/Fiscal-Barbosa-caso-pareja-sicaria-Cordoba.jpg","width":1280,"height":899,"caption":"Los indiciados no aceptaron los cargos imputados por la Fiscal\u00eda."},{"@type":"BreadcrumbList","@id":"https:\/\/www.fiscalia.gov.co\/colombia\/noticias\/se-esclarecen-6-homicidios-en-cordoba-tras-captura-de-pareja-que-presuntamente-estaria-al-servicio-del-clan-del-golfo\/#breadcrumb","itemListElement":[{"@type":"ListItem","position":1,"name":"Home","item":"https:\/\/www.fiscalia.gov.co\/colombia\/"},{"@type":"ListItem","position":2,"name":"Se esclarecen 6 homicidios en C\u00f3rdoba tras captura de pareja que presuntamente estar\u00eda al servicio del Clan del Golfo"}]},{"@type":"WebSite","@id":"https:\/\/www.fiscalia.gov.co\/colombia\/#website","url":"https:\/\/www.fiscalia.gov.co\/colombia\/","name":"Fiscal\u00eda General de la Naci\u00f3n","description":"P\u00e1gina oficial de la Fiscal\u00eda General de la Naci\u00f3n \u2013 Colombia. Garantizamos el acceso efectivo a la justicia, la verdad y la reparaci\u00f3n de las v\u00edctimas de los delitos.","publisher":{"@id":"https:\/\/www.fiscalia.gov.co\/colombia\/#organization"},"potentialAction":[{"@type":"SearchAction","target":{"@type":"EntryPoint","urlTemplate":"https:\/\/www.fiscalia.gov.co\/colombia\/?s={search_term_string}"},"query-input":{"@type":"PropertyValueSpecification","valueRequired":true,"valueName":"search_term_string"}}],"inLanguage":"es-CO"},{"@type":"Organization","@id":"https:\/\/www.fiscalia.gov.co\/colombia\/#organization","name":"Fiscal\u00eda General de la Naci\u00f3n","url":"https:\/\/www.fiscalia.gov.co\/colombia\/","logo":{"@type":"ImageObject","inLanguage":"es-CO","@id":"https:\/\/www.fiscalia.gov.co\/colombia\/#\/schema\/logo\/image\/","url":"https:\/\/www.fiscalia.gov.co\/colombia\/wp-content\/uploads\/LogoHorizontal_1.jpg","contentUrl":"https:\/\/www.fiscalia.gov.co\/colombia\/wp-content\/uploads\/LogoHorizontal_1.jpg","width":300,"height":90,"caption":"Fiscal\u00eda General de la Naci\u00f3n"},"image":{"@id":"https:\/\/www.fiscalia.gov.co\/colombia\/#\/schema\/logo\/image\/"},"sameAs":["https:\/\/www.facebook.com\/FiscaliaCol","https:\/\/x.com\/FiscaliaCol","https:\/\/www.instagram.com\/fiscaliacol","https:\/\/www.linkedin.com\/company\/fiscalia-general-de-la-naci-n\/","https:\/\/youtube.com\/@fiscaliageneraldelanacion-4668?si=6nN79nyQICPU5iTh"]},{"@type":"Person","@id":"https:\/\/www.fiscalia.gov.co\/colombia\/#\/schema\/person\/bf84402cf293a5393e9c70b111020b24","name":"Jordan Leandro Oviedo Anzola","image":{"@type":"ImageObject","inLanguage":"es-CO","@id":"https:\/\/www.fiscalia.gov.co\/colombia\/#\/schema\/person\/image\/","url":"https:\/\/secure.gravatar.com\/avatar\/dabba4346fa9b9207d96adafa8f92721?s=96&d=mm&r=g","contentUrl":"https:\/\/secure.gravatar.com\/avatar\/dabba4346fa9b9207d96adafa8f92721?s=96&d=mm&r=g","caption":"Jordan Leandro Oviedo Anzola"},"url":"https:\/\/www.fiscalia.gov.co\/colombia\/author\/joviedo\/"}]}},"_links":{"self":[{"href":"https:\/\/www.fiscalia.gov.co\/colombia\/wp-json\/wp\/v2\/posts\/249944","targetHints":{"allow":["GET"]}}],"collection":[{"href":"https:\/\/www.fiscalia.gov.co\/colombia\/wp-json\/wp\/v2\/posts"}],"about":[{"href":"https:\/\/www.fiscalia.gov.co\/colombia\/wp-json\/wp\/v2\/types\/post"}],"author":[{"embeddable":true,"href":"https:\/\/www.fiscalia.gov.co\/colombia\/wp-json\/wp\/v2\/users\/177"}],"replies":[{"embeddable":true,"href":"https:\/\/www.fiscalia.gov.co\/colombia\/wp-json\/wp\/v2\/comments?post=249944"}],"version-history":[{"count":3,"href":"https:\/\/www.fiscalia.gov.co\/colombia\/wp-json\/wp\/v2\/posts\/249944\/revisions"}],"predecessor-version":[{"id":250787,"href":"https:\/\/www.fiscalia.gov.co\/colombia\/wp-json\/wp\/v2\/posts\/249944\/revisions\/250787"}],"wp:attachment":[{"href":"https:\/\/www.fiscalia.gov.co\/colombia\/wp-json\/wp\/v2\/media?parent=249944"}],"wp:term":[{"taxonomy":"category","embeddable":true,"href":"https:\/\/www.fiscalia.gov.co\/colombia\/wp-json\/wp\/v2\/categories?post=249944"},{"taxonomy":"post_tag","embeddable":true,"href":"https:\/\/www.fiscalia.gov.co\/colombia\/wp-json\/wp\/v2\/tags?post=249944"}],"curies":[{"name":"wp","href":"https:\/\/api.w.org\/{rel}","templated":true}]}}