{"id":249679,"date":"2022-06-01T17:14:18","date_gmt":"2022-06-01T22:14:18","guid":{"rendered":"https:\/\/www.fiscalia.gov.co\/colombia\/?p=249679"},"modified":"2022-06-01T17:14:18","modified_gmt":"2022-06-01T22:14:18","slug":"carcel-para-hombre-que-llevaba-al-parecer-mas-de-18-kilos-de-marihuana-en-un-bus-de-transporte-intermunicipal","status":"publish","type":"post","link":"https:\/\/www.fiscalia.gov.co\/colombia\/noticias\/carcel-para-hombre-que-llevaba-al-parecer-mas-de-18-kilos-de-marihuana-en-un-bus-de-transporte-intermunicipal\/","title":{"rendered":"C\u00e1rcel para hombre que llevaba, al parecer, m\u00e1s de 18 kilos de marihuana en un bus de transporte intermunicipal"},"content":{"rendered":"<p>En un puesto de control ubicado en la v\u00eda Mocoa- Pitalito, en el corregimiento de Villalobos (Cauca),\u00a0 en un registro efectuado por Polic\u00eda de Carreteras se detuvo a Alexander Jesse Infante Moreno, de ciudadan\u00eda extranjera.<\/p>\n<figure id=\"attachment_249680\" aria-describedby=\"caption-attachment-249680\" style=\"width: 696px\" class=\"wp-caption aligncenter\"><img loading=\"lazy\" decoding=\"async\" class=\"size-large wp-image-249680\" src=\"https:\/\/www.fiscalia.gov.co\/colombia\/wp-content\/uploads\/Fiscal-Barbosa-El-capturado-llevaba-en-su-maleta-un-soldador-con-19-paquetes-que-contenian-al-parecer-18.5-kilos-de-marihuana.--1024x576.jpeg\" alt=\"\" width=\"696\" height=\"392\" srcset=\"https:\/\/www.fiscalia.gov.co\/colombia\/wp-content\/uploads\/Fiscal-Barbosa-El-capturado-llevaba-en-su-maleta-un-soldador-con-19-paquetes-que-contenian-al-parecer-18.5-kilos-de-marihuana.--1024x576.jpeg 1024w, https:\/\/www.fiscalia.gov.co\/colombia\/wp-content\/uploads\/Fiscal-Barbosa-El-capturado-llevaba-en-su-maleta-un-soldador-con-19-paquetes-que-contenian-al-parecer-18.5-kilos-de-marihuana.--300x169.jpeg 300w, https:\/\/www.fiscalia.gov.co\/colombia\/wp-content\/uploads\/Fiscal-Barbosa-El-capturado-llevaba-en-su-maleta-un-soldador-con-19-paquetes-que-contenian-al-parecer-18.5-kilos-de-marihuana.--768x432.jpeg 768w, https:\/\/www.fiscalia.gov.co\/colombia\/wp-content\/uploads\/Fiscal-Barbosa-El-capturado-llevaba-en-su-maleta-un-soldador-con-19-paquetes-que-contenian-al-parecer-18.5-kilos-de-marihuana.--696x392.jpeg 696w, https:\/\/www.fiscalia.gov.co\/colombia\/wp-content\/uploads\/Fiscal-Barbosa-El-capturado-llevaba-en-su-maleta-un-soldador-con-19-paquetes-que-contenian-al-parecer-18.5-kilos-de-marihuana.--1068x601.jpeg 1068w, https:\/\/www.fiscalia.gov.co\/colombia\/wp-content\/uploads\/Fiscal-Barbosa-El-capturado-llevaba-en-su-maleta-un-soldador-con-19-paquetes-que-contenian-al-parecer-18.5-kilos-de-marihuana.--747x420.jpeg 747w, https:\/\/www.fiscalia.gov.co\/colombia\/wp-content\/uploads\/Fiscal-Barbosa-El-capturado-llevaba-en-su-maleta-un-soldador-con-19-paquetes-que-contenian-al-parecer-18.5-kilos-de-marihuana.-.jpeg 1280w\" sizes=\"auto, (max-width: 696px) 100vw, 696px\" \/><figcaption id=\"caption-attachment-249680\" class=\"wp-caption-text\">El capturado llevaba en su maleta\u00a0un soldador con 19 paquetes que conten\u00edan, al parecer,\u00a018.5 kilos de marihuana.<\/figcaption><\/figure>\n<p>El hombre se movilizaba en un bus de servicio p\u00fablico y en su maleta llevaba un soldador con 19 paquetes que conten\u00edan, al parecer,\u00a018.5 kilos de marihuana.<\/p>\n<p>Tras su captura, la Fiscal\u00eda lo present\u00f3 al ante un juez con funci\u00f3n de control de garant\u00edas y lo imput\u00f3 por el delito de tr\u00e1fico, fabricaci\u00f3n o porte de estupefacientes. No acept\u00f3 cargos.<\/p>\n<p>El juez le dict\u00f3 medida de aseguramiento en centro de reclusi\u00f3n luego de avalar la petici\u00f3n de la Fiscal\u00eda.<\/p>\n<p>Tambi\u00e9n le puede interesar:\u00a0<strong><a href=\"https:\/\/www.fiscalia.gov.co\/colombia\/noticias\/capturado-y-asegurado-alias-cabeza-de-hacha-presunto-jefe-de-sicarios-de-un-grupo-de-delincuencia-criminal-que-delinque-en-tolima\/\" data-saferedirecturl=\"https:\/\/www.google.com\/url?q=https:\/\/www.fiscalia.gov.co\/colombia\/noticias\/capturado-y-asegurado-alias-cabeza-de-hacha-presunto-jefe-de-sicarios-de-un-grupo-de-delincuencia-criminal-que-delinque-en-tolima\/&amp;source=gmail&amp;ust=1654207764726000&amp;usg=AOvVaw3yO6w7wasluUxytfavcuVV\">Capturado y asegurado alias Cabeza de Hacha, presunto jefe de sicarios de un grupo de delincuencia criminal que delinque en Tolima<\/a><\/strong><strong>\u00a0<\/strong>\u00a0<strong>\u00a0\u00a0<\/strong><\/p>\n<p>&nbsp;<\/p>\n<p>&nbsp;<\/p>\n<p>LMGM\/CFG\/GRM\/DSP<\/p>\n<p>&nbsp;<\/p>\n<p>&nbsp;<\/p>\n<p>&nbsp;<\/p>\n<p><em>La informaci\u00f3n contenida en este bolet\u00edn de prensa corresponde a la narraci\u00f3n de los hechos noticiosos objetivos, suministrados por los funcionarios encargados de adelantar las investigaciones penales al interior de la Fiscal\u00eda General de la Naci\u00f3n. Para el momento de la divulgaci\u00f3n de este comunicado, la situaci\u00f3n jur\u00eddica de la(s) persona(s) relacionada(s) se encuentra pendiente de resolver por la autoridad judicial competente, siempre bajo los preceptos de la presunci\u00f3n de inocencia, consagrados en el art\u00edculo 29 de la Constituci\u00f3n Pol\u00edtica y el art\u00edculo 7\u00ba de la Ley 906 de 2004.<\/em><\/p>\n\n<div class=\"twitter-share\"><a href=\"https:\/\/twitter.com\/intent\/tweet?via=fiscaliacol\" class=\"twitter-share-button\">Tweet<\/a><\/div>\n","protected":false},"excerpt":{"rendered":"<p>En un puesto de control ubicado en la v\u00eda Mocoa- Pitalito, en el corregimiento de Villalobos (Cauca),\u00a0 en un registro efectuado por Polic\u00eda de Carreteras se detuvo a Alexander Jesse Infante Moreno, de ciudadan\u00eda extranjera. El hombre se movilizaba en un bus de servicio p\u00fablico y en su maleta llevaba un soldador con 19 paquetes [&hellip;]<\/p>\n","protected":false},"author":177,"featured_media":0,"comment_status":"closed","ping_status":"open","sticky":false,"template":"","format":"standard","meta":{"tdm_status":"","tdm_grid_status":"","footnotes":""},"categories":[1,2910,303,24103],"tags":[2712,25643,50,24185,24188,1047,30532,31780,13626,31848],"class_list":{"0":"post-249679","1":"post","2":"type-post","3":"status-publish","4":"format-standard","6":"category-noticias","7":"category-seccional-mocoa","8":"category-seccionales","9":"category-trafico-de-estupefacientes","10":"tag-cauca","11":"tag-corredores-de-microtrafico","12":"tag-estupefacientes","13":"tag-fiscal-barbosa","14":"tag-fiscal-francisco-barbosa","15":"tag-fiscalia-general-de-la-nacion","16":"tag-moca","17":"tag-mocoa-putumayo","18":"tag-transporte","19":"tag-villalolos"},"yoast_head":"<!-- This site is optimized with the Yoast SEO plugin v24.3 - https:\/\/yoast.com\/wordpress\/plugins\/seo\/ -->\n<title>Fiscal\u00eda General de la Naci\u00f3n<\/title>\n<meta name=\"description\" content=\"P\u00e1gina oficial de la Fiscal\u00eda General de la Naci\u00f3n \u2013 Colombia. Garantizamos el acceso efectivo a la justicia, la verdad y la reparaci\u00f3n de las v\u00edctimas de los delitos.\" \/>\n<meta name=\"robots\" content=\"noindex, follow\" \/>\n<meta property=\"og:locale\" content=\"es_ES\" \/>\n<meta property=\"og:type\" content=\"article\" \/>\n<meta property=\"og:title\" content=\"Fiscal\u00eda General de la Naci\u00f3n\" \/>\n<meta property=\"og:description\" content=\"P\u00e1gina oficial de la Fiscal\u00eda General de la Naci\u00f3n \u2013 Colombia. Garantizamos el acceso efectivo a la justicia, la verdad y la reparaci\u00f3n de las v\u00edctimas de los delitos.\" \/>\n<meta property=\"og:url\" content=\"https:\/\/www.fiscalia.gov.co\/colombia\/noticias\/carcel-para-hombre-que-llevaba-al-parecer-mas-de-18-kilos-de-marihuana-en-un-bus-de-transporte-intermunicipal\/\" \/>\n<meta property=\"og:site_name\" content=\"Fiscal\u00eda General de la Naci\u00f3n\" \/>\n<meta property=\"article:publisher\" content=\"https:\/\/www.facebook.com\/FiscaliaCol\" \/>\n<meta property=\"article:published_time\" content=\"2022-06-01T22:14:18+00:00\" \/>\n<meta property=\"og:image\" content=\"https:\/\/www.fiscalia.gov.co\/colombia\/wp-content\/uploads\/Fiscal-Barbosa-El-capturado-llevaba-en-su-maleta-un-soldador-con-19-paquetes-que-contenian-al-parecer-18.5-kilos-de-marihuana.--1024x576.jpeg\" \/>\n<meta name=\"author\" content=\"Jordan Leandro Oviedo Anzola\" \/>\n<meta name=\"twitter:card\" content=\"summary_large_image\" \/>\n<meta name=\"twitter:creator\" content=\"@FiscaliaCol\" \/>\n<meta name=\"twitter:site\" content=\"@FiscaliaCol\" \/>\n<meta name=\"twitter:label1\" content=\"Escrito por\" \/>\n\t<meta name=\"twitter:data1\" content=\"Jordan Leandro Oviedo Anzola\" \/>\n\t<meta name=\"twitter:label2\" content=\"Tiempo de lectura\" \/>\n\t<meta name=\"twitter:data2\" content=\"1 minuto\" \/>\n<script type=\"application\/ld+json\" class=\"yoast-schema-graph\">{\"@context\":\"https:\/\/schema.org\",\"@graph\":[{\"@type\":\"Article\",\"@id\":\"https:\/\/www.fiscalia.gov.co\/colombia\/noticias\/carcel-para-hombre-que-llevaba-al-parecer-mas-de-18-kilos-de-marihuana-en-un-bus-de-transporte-intermunicipal\/#article\",\"isPartOf\":{\"@id\":\"https:\/\/www.fiscalia.gov.co\/colombia\/noticias\/carcel-para-hombre-que-llevaba-al-parecer-mas-de-18-kilos-de-marihuana-en-un-bus-de-transporte-intermunicipal\/\"},\"author\":{\"name\":\"Jordan Leandro Oviedo Anzola\",\"@id\":\"https:\/\/www.fiscalia.gov.co\/colombia\/#\/schema\/person\/bf84402cf293a5393e9c70b111020b24\"},\"headline\":\"C\u00e1rcel para hombre que llevaba, al parecer, m\u00e1s de 18 kilos de marihuana en un bus de transporte intermunicipal\",\"datePublished\":\"2022-06-01T22:14:18+00:00\",\"dateModified\":\"2022-06-01T22:14:18+00:00\",\"mainEntityOfPage\":{\"@id\":\"https:\/\/www.fiscalia.gov.co\/colombia\/noticias\/carcel-para-hombre-que-llevaba-al-parecer-mas-de-18-kilos-de-marihuana-en-un-bus-de-transporte-intermunicipal\/\"},\"wordCount\":308,\"publisher\":{\"@id\":\"https:\/\/www.fiscalia.gov.co\/colombia\/#organization\"},\"image\":{\"@id\":\"https:\/\/www.fiscalia.gov.co\/colombia\/noticias\/carcel-para-hombre-que-llevaba-al-parecer-mas-de-18-kilos-de-marihuana-en-un-bus-de-transporte-intermunicipal\/#primaryimage\"},\"thumbnailUrl\":\"https:\/\/www.fiscalia.gov.co\/colombia\/wp-content\/uploads\/Fiscal-Barbosa-El-capturado-llevaba-en-su-maleta-un-soldador-con-19-paquetes-que-contenian-al-parecer-18.5-kilos-de-marihuana.--1024x576.jpeg\",\"keywords\":[\"Cauca\",\"corredores de microtr\u00e1fico\",\"Estupefacientes\",\"Fiscal Barbosa\",\"Fiscal Francisco Barbosa\",\"Fiscal\u00eda General de la Naci\u00f3n\",\"Moca\",\"Mocoa (Putumayo)\",\"Transporte\",\"Villalolos\"],\"articleSection\":[\"Noticias\",\"Seccional Mocoa\",\"Seccionales\",\"Tr\u00e1fico de estupefacientes\"],\"inLanguage\":\"es-CO\"},{\"@type\":\"WebPage\",\"@id\":\"https:\/\/www.fiscalia.gov.co\/colombia\/noticias\/carcel-para-hombre-que-llevaba-al-parecer-mas-de-18-kilos-de-marihuana-en-un-bus-de-transporte-intermunicipal\/\",\"url\":\"https:\/\/www.fiscalia.gov.co\/colombia\/noticias\/carcel-para-hombre-que-llevaba-al-parecer-mas-de-18-kilos-de-marihuana-en-un-bus-de-transporte-intermunicipal\/\",\"name\":\"Fiscal\u00eda General de la Naci\u00f3n\",\"isPartOf\":{\"@id\":\"https:\/\/www.fiscalia.gov.co\/colombia\/#website\"},\"primaryImageOfPage\":{\"@id\":\"https:\/\/www.fiscalia.gov.co\/colombia\/noticias\/carcel-para-hombre-que-llevaba-al-parecer-mas-de-18-kilos-de-marihuana-en-un-bus-de-transporte-intermunicipal\/#primaryimage\"},\"image\":{\"@id\":\"https:\/\/www.fiscalia.gov.co\/colombia\/noticias\/carcel-para-hombre-que-llevaba-al-parecer-mas-de-18-kilos-de-marihuana-en-un-bus-de-transporte-intermunicipal\/#primaryimage\"},\"thumbnailUrl\":\"https:\/\/www.fiscalia.gov.co\/colombia\/wp-content\/uploads\/Fiscal-Barbosa-El-capturado-llevaba-en-su-maleta-un-soldador-con-19-paquetes-que-contenian-al-parecer-18.5-kilos-de-marihuana.--1024x576.jpeg\",\"datePublished\":\"2022-06-01T22:14:18+00:00\",\"dateModified\":\"2022-06-01T22:14:18+00:00\",\"description\":\"P\u00e1gina oficial de la Fiscal\u00eda General de la Naci\u00f3n \u2013 Colombia. Garantizamos el acceso efectivo a la justicia, la verdad y la reparaci\u00f3n de las v\u00edctimas de los delitos.\",\"breadcrumb\":{\"@id\":\"https:\/\/www.fiscalia.gov.co\/colombia\/noticias\/carcel-para-hombre-que-llevaba-al-parecer-mas-de-18-kilos-de-marihuana-en-un-bus-de-transporte-intermunicipal\/#breadcrumb\"},\"inLanguage\":\"es-CO\",\"potentialAction\":[{\"@type\":\"ReadAction\",\"target\":[\"https:\/\/www.fiscalia.gov.co\/colombia\/noticias\/carcel-para-hombre-que-llevaba-al-parecer-mas-de-18-kilos-de-marihuana-en-un-bus-de-transporte-intermunicipal\/\"]}]},{\"@type\":\"ImageObject\",\"inLanguage\":\"es-CO\",\"@id\":\"https:\/\/www.fiscalia.gov.co\/colombia\/noticias\/carcel-para-hombre-que-llevaba-al-parecer-mas-de-18-kilos-de-marihuana-en-un-bus-de-transporte-intermunicipal\/#primaryimage\",\"url\":\"https:\/\/www.fiscalia.gov.co\/colombia\/wp-content\/uploads\/Fiscal-Barbosa-El-capturado-llevaba-en-su-maleta-un-soldador-con-19-paquetes-que-contenian-al-parecer-18.5-kilos-de-marihuana.--1024x576.jpeg\",\"contentUrl\":\"https:\/\/www.fiscalia.gov.co\/colombia\/wp-content\/uploads\/Fiscal-Barbosa-El-capturado-llevaba-en-su-maleta-un-soldador-con-19-paquetes-que-contenian-al-parecer-18.5-kilos-de-marihuana.--1024x576.jpeg\"},{\"@type\":\"BreadcrumbList\",\"@id\":\"https:\/\/www.fiscalia.gov.co\/colombia\/noticias\/carcel-para-hombre-que-llevaba-al-parecer-mas-de-18-kilos-de-marihuana-en-un-bus-de-transporte-intermunicipal\/#breadcrumb\",\"itemListElement\":[{\"@type\":\"ListItem\",\"position\":1,\"name\":\"Home\",\"item\":\"https:\/\/www.fiscalia.gov.co\/colombia\/\"},{\"@type\":\"ListItem\",\"position\":2,\"name\":\"C\u00e1rcel para hombre que llevaba, al parecer, m\u00e1s de 18 kilos de marihuana en un bus de transporte intermunicipal\"}]},{\"@type\":\"WebSite\",\"@id\":\"https:\/\/www.fiscalia.gov.co\/colombia\/#website\",\"url\":\"https:\/\/www.fiscalia.gov.co\/colombia\/\",\"name\":\"Fiscal\u00eda General de la Naci\u00f3n\",\"description\":\"P\u00e1gina oficial de la Fiscal\u00eda General de la Naci\u00f3n \u2013 Colombia. Garantizamos el acceso efectivo a la justicia, la verdad y la reparaci\u00f3n de las v\u00edctimas de los delitos.\",\"publisher\":{\"@id\":\"https:\/\/www.fiscalia.gov.co\/colombia\/#organization\"},\"potentialAction\":[{\"@type\":\"SearchAction\",\"target\":{\"@type\":\"EntryPoint\",\"urlTemplate\":\"https:\/\/www.fiscalia.gov.co\/colombia\/?s={search_term_string}\"},\"query-input\":{\"@type\":\"PropertyValueSpecification\",\"valueRequired\":true,\"valueName\":\"search_term_string\"}}],\"inLanguage\":\"es-CO\"},{\"@type\":\"Organization\",\"@id\":\"https:\/\/www.fiscalia.gov.co\/colombia\/#organization\",\"name\":\"Fiscal\u00eda General de la Naci\u00f3n\",\"url\":\"https:\/\/www.fiscalia.gov.co\/colombia\/\",\"logo\":{\"@type\":\"ImageObject\",\"inLanguage\":\"es-CO\",\"@id\":\"https:\/\/www.fiscalia.gov.co\/colombia\/#\/schema\/logo\/image\/\",\"url\":\"https:\/\/www.fiscalia.gov.co\/colombia\/wp-content\/uploads\/LogoHorizontal_1.jpg\",\"contentUrl\":\"https:\/\/www.fiscalia.gov.co\/colombia\/wp-content\/uploads\/LogoHorizontal_1.jpg\",\"width\":300,\"height\":90,\"caption\":\"Fiscal\u00eda General de la Naci\u00f3n\"},\"image\":{\"@id\":\"https:\/\/www.fiscalia.gov.co\/colombia\/#\/schema\/logo\/image\/\"},\"sameAs\":[\"https:\/\/www.facebook.com\/FiscaliaCol\",\"https:\/\/x.com\/FiscaliaCol\",\"https:\/\/www.instagram.com\/fiscaliacol\",\"https:\/\/www.linkedin.com\/company\/fiscalia-general-de-la-naci-n\/\",\"https:\/\/youtube.com\/@fiscaliageneraldelanacion-4668?si=6nN79nyQICPU5iTh\"]},{\"@type\":\"Person\",\"@id\":\"https:\/\/www.fiscalia.gov.co\/colombia\/#\/schema\/person\/bf84402cf293a5393e9c70b111020b24\",\"name\":\"Jordan Leandro Oviedo Anzola\",\"image\":{\"@type\":\"ImageObject\",\"inLanguage\":\"es-CO\",\"@id\":\"https:\/\/www.fiscalia.gov.co\/colombia\/#\/schema\/person\/image\/\",\"url\":\"https:\/\/secure.gravatar.com\/avatar\/dabba4346fa9b9207d96adafa8f92721?s=96&d=mm&r=g\",\"contentUrl\":\"https:\/\/secure.gravatar.com\/avatar\/dabba4346fa9b9207d96adafa8f92721?s=96&d=mm&r=g\",\"caption\":\"Jordan Leandro Oviedo Anzola\"},\"url\":\"https:\/\/www.fiscalia.gov.co\/colombia\/author\/joviedo\/\"}]}<\/script>\n<!-- \/ Yoast SEO plugin. -->","yoast_head_json":{"title":"Fiscal\u00eda General de la Naci\u00f3n","description":"P\u00e1gina oficial de la Fiscal\u00eda General de la Naci\u00f3n \u2013 Colombia. Garantizamos el acceso efectivo a la justicia, la verdad y la reparaci\u00f3n de las v\u00edctimas de los delitos.","robots":{"index":"noindex","follow":"follow"},"og_locale":"es_ES","og_type":"article","og_title":"Fiscal\u00eda General de la Naci\u00f3n","og_description":"P\u00e1gina oficial de la Fiscal\u00eda General de la Naci\u00f3n \u2013 Colombia. Garantizamos el acceso efectivo a la justicia, la verdad y la reparaci\u00f3n de las v\u00edctimas de los delitos.","og_url":"https:\/\/www.fiscalia.gov.co\/colombia\/noticias\/carcel-para-hombre-que-llevaba-al-parecer-mas-de-18-kilos-de-marihuana-en-un-bus-de-transporte-intermunicipal\/","og_site_name":"Fiscal\u00eda General de la Naci\u00f3n","article_publisher":"https:\/\/www.facebook.com\/FiscaliaCol","article_published_time":"2022-06-01T22:14:18+00:00","og_image":[{"url":"https:\/\/www.fiscalia.gov.co\/colombia\/wp-content\/uploads\/Fiscal-Barbosa-El-capturado-llevaba-en-su-maleta-un-soldador-con-19-paquetes-que-contenian-al-parecer-18.5-kilos-de-marihuana.--1024x576.jpeg","type":"","width":"","height":""}],"author":"Jordan Leandro Oviedo Anzola","twitter_card":"summary_large_image","twitter_creator":"@FiscaliaCol","twitter_site":"@FiscaliaCol","twitter_misc":{"Escrito por":"Jordan Leandro Oviedo Anzola","Tiempo de lectura":"1 minuto"},"schema":{"@context":"https:\/\/schema.org","@graph":[{"@type":"Article","@id":"https:\/\/www.fiscalia.gov.co\/colombia\/noticias\/carcel-para-hombre-que-llevaba-al-parecer-mas-de-18-kilos-de-marihuana-en-un-bus-de-transporte-intermunicipal\/#article","isPartOf":{"@id":"https:\/\/www.fiscalia.gov.co\/colombia\/noticias\/carcel-para-hombre-que-llevaba-al-parecer-mas-de-18-kilos-de-marihuana-en-un-bus-de-transporte-intermunicipal\/"},"author":{"name":"Jordan Leandro Oviedo Anzola","@id":"https:\/\/www.fiscalia.gov.co\/colombia\/#\/schema\/person\/bf84402cf293a5393e9c70b111020b24"},"headline":"C\u00e1rcel para hombre que llevaba, al parecer, m\u00e1s de 18 kilos de marihuana en un bus de transporte intermunicipal","datePublished":"2022-06-01T22:14:18+00:00","dateModified":"2022-06-01T22:14:18+00:00","mainEntityOfPage":{"@id":"https:\/\/www.fiscalia.gov.co\/colombia\/noticias\/carcel-para-hombre-que-llevaba-al-parecer-mas-de-18-kilos-de-marihuana-en-un-bus-de-transporte-intermunicipal\/"},"wordCount":308,"publisher":{"@id":"https:\/\/www.fiscalia.gov.co\/colombia\/#organization"},"image":{"@id":"https:\/\/www.fiscalia.gov.co\/colombia\/noticias\/carcel-para-hombre-que-llevaba-al-parecer-mas-de-18-kilos-de-marihuana-en-un-bus-de-transporte-intermunicipal\/#primaryimage"},"thumbnailUrl":"https:\/\/www.fiscalia.gov.co\/colombia\/wp-content\/uploads\/Fiscal-Barbosa-El-capturado-llevaba-en-su-maleta-un-soldador-con-19-paquetes-que-contenian-al-parecer-18.5-kilos-de-marihuana.--1024x576.jpeg","keywords":["Cauca","corredores de microtr\u00e1fico","Estupefacientes","Fiscal Barbosa","Fiscal Francisco Barbosa","Fiscal\u00eda General de la Naci\u00f3n","Moca","Mocoa (Putumayo)","Transporte","Villalolos"],"articleSection":["Noticias","Seccional Mocoa","Seccionales","Tr\u00e1fico de estupefacientes"],"inLanguage":"es-CO"},{"@type":"WebPage","@id":"https:\/\/www.fiscalia.gov.co\/colombia\/noticias\/carcel-para-hombre-que-llevaba-al-parecer-mas-de-18-kilos-de-marihuana-en-un-bus-de-transporte-intermunicipal\/","url":"https:\/\/www.fiscalia.gov.co\/colombia\/noticias\/carcel-para-hombre-que-llevaba-al-parecer-mas-de-18-kilos-de-marihuana-en-un-bus-de-transporte-intermunicipal\/","name":"Fiscal\u00eda General de la Naci\u00f3n","isPartOf":{"@id":"https:\/\/www.fiscalia.gov.co\/colombia\/#website"},"primaryImageOfPage":{"@id":"https:\/\/www.fiscalia.gov.co\/colombia\/noticias\/carcel-para-hombre-que-llevaba-al-parecer-mas-de-18-kilos-de-marihuana-en-un-bus-de-transporte-intermunicipal\/#primaryimage"},"image":{"@id":"https:\/\/www.fiscalia.gov.co\/colombia\/noticias\/carcel-para-hombre-que-llevaba-al-parecer-mas-de-18-kilos-de-marihuana-en-un-bus-de-transporte-intermunicipal\/#primaryimage"},"thumbnailUrl":"https:\/\/www.fiscalia.gov.co\/colombia\/wp-content\/uploads\/Fiscal-Barbosa-El-capturado-llevaba-en-su-maleta-un-soldador-con-19-paquetes-que-contenian-al-parecer-18.5-kilos-de-marihuana.--1024x576.jpeg","datePublished":"2022-06-01T22:14:18+00:00","dateModified":"2022-06-01T22:14:18+00:00","description":"P\u00e1gina oficial de la Fiscal\u00eda General de la Naci\u00f3n \u2013 Colombia. Garantizamos el acceso efectivo a la justicia, la verdad y la reparaci\u00f3n de las v\u00edctimas de los delitos.","breadcrumb":{"@id":"https:\/\/www.fiscalia.gov.co\/colombia\/noticias\/carcel-para-hombre-que-llevaba-al-parecer-mas-de-18-kilos-de-marihuana-en-un-bus-de-transporte-intermunicipal\/#breadcrumb"},"inLanguage":"es-CO","potentialAction":[{"@type":"ReadAction","target":["https:\/\/www.fiscalia.gov.co\/colombia\/noticias\/carcel-para-hombre-que-llevaba-al-parecer-mas-de-18-kilos-de-marihuana-en-un-bus-de-transporte-intermunicipal\/"]}]},{"@type":"ImageObject","inLanguage":"es-CO","@id":"https:\/\/www.fiscalia.gov.co\/colombia\/noticias\/carcel-para-hombre-que-llevaba-al-parecer-mas-de-18-kilos-de-marihuana-en-un-bus-de-transporte-intermunicipal\/#primaryimage","url":"https:\/\/www.fiscalia.gov.co\/colombia\/wp-content\/uploads\/Fiscal-Barbosa-El-capturado-llevaba-en-su-maleta-un-soldador-con-19-paquetes-que-contenian-al-parecer-18.5-kilos-de-marihuana.--1024x576.jpeg","contentUrl":"https:\/\/www.fiscalia.gov.co\/colombia\/wp-content\/uploads\/Fiscal-Barbosa-El-capturado-llevaba-en-su-maleta-un-soldador-con-19-paquetes-que-contenian-al-parecer-18.5-kilos-de-marihuana.--1024x576.jpeg"},{"@type":"BreadcrumbList","@id":"https:\/\/www.fiscalia.gov.co\/colombia\/noticias\/carcel-para-hombre-que-llevaba-al-parecer-mas-de-18-kilos-de-marihuana-en-un-bus-de-transporte-intermunicipal\/#breadcrumb","itemListElement":[{"@type":"ListItem","position":1,"name":"Home","item":"https:\/\/www.fiscalia.gov.co\/colombia\/"},{"@type":"ListItem","position":2,"name":"C\u00e1rcel para hombre que llevaba, al parecer, m\u00e1s de 18 kilos de marihuana en un bus de transporte intermunicipal"}]},{"@type":"WebSite","@id":"https:\/\/www.fiscalia.gov.co\/colombia\/#website","url":"https:\/\/www.fiscalia.gov.co\/colombia\/","name":"Fiscal\u00eda General de la Naci\u00f3n","description":"P\u00e1gina oficial de la Fiscal\u00eda General de la Naci\u00f3n \u2013 Colombia. Garantizamos el acceso efectivo a la justicia, la verdad y la reparaci\u00f3n de las v\u00edctimas de los delitos.","publisher":{"@id":"https:\/\/www.fiscalia.gov.co\/colombia\/#organization"},"potentialAction":[{"@type":"SearchAction","target":{"@type":"EntryPoint","urlTemplate":"https:\/\/www.fiscalia.gov.co\/colombia\/?s={search_term_string}"},"query-input":{"@type":"PropertyValueSpecification","valueRequired":true,"valueName":"search_term_string"}}],"inLanguage":"es-CO"},{"@type":"Organization","@id":"https:\/\/www.fiscalia.gov.co\/colombia\/#organization","name":"Fiscal\u00eda General de la Naci\u00f3n","url":"https:\/\/www.fiscalia.gov.co\/colombia\/","logo":{"@type":"ImageObject","inLanguage":"es-CO","@id":"https:\/\/www.fiscalia.gov.co\/colombia\/#\/schema\/logo\/image\/","url":"https:\/\/www.fiscalia.gov.co\/colombia\/wp-content\/uploads\/LogoHorizontal_1.jpg","contentUrl":"https:\/\/www.fiscalia.gov.co\/colombia\/wp-content\/uploads\/LogoHorizontal_1.jpg","width":300,"height":90,"caption":"Fiscal\u00eda General de la Naci\u00f3n"},"image":{"@id":"https:\/\/www.fiscalia.gov.co\/colombia\/#\/schema\/logo\/image\/"},"sameAs":["https:\/\/www.facebook.com\/FiscaliaCol","https:\/\/x.com\/FiscaliaCol","https:\/\/www.instagram.com\/fiscaliacol","https:\/\/www.linkedin.com\/company\/fiscalia-general-de-la-naci-n\/","https:\/\/youtube.com\/@fiscaliageneraldelanacion-4668?si=6nN79nyQICPU5iTh"]},{"@type":"Person","@id":"https:\/\/www.fiscalia.gov.co\/colombia\/#\/schema\/person\/bf84402cf293a5393e9c70b111020b24","name":"Jordan Leandro Oviedo Anzola","image":{"@type":"ImageObject","inLanguage":"es-CO","@id":"https:\/\/www.fiscalia.gov.co\/colombia\/#\/schema\/person\/image\/","url":"https:\/\/secure.gravatar.com\/avatar\/dabba4346fa9b9207d96adafa8f92721?s=96&d=mm&r=g","contentUrl":"https:\/\/secure.gravatar.com\/avatar\/dabba4346fa9b9207d96adafa8f92721?s=96&d=mm&r=g","caption":"Jordan Leandro Oviedo Anzola"},"url":"https:\/\/www.fiscalia.gov.co\/colombia\/author\/joviedo\/"}]}},"_links":{"self":[{"href":"https:\/\/www.fiscalia.gov.co\/colombia\/wp-json\/wp\/v2\/posts\/249679","targetHints":{"allow":["GET"]}}],"collection":[{"href":"https:\/\/www.fiscalia.gov.co\/colombia\/wp-json\/wp\/v2\/posts"}],"about":[{"href":"https:\/\/www.fiscalia.gov.co\/colombia\/wp-json\/wp\/v2\/types\/post"}],"author":[{"embeddable":true,"href":"https:\/\/www.fiscalia.gov.co\/colombia\/wp-json\/wp\/v2\/users\/177"}],"replies":[{"embeddable":true,"href":"https:\/\/www.fiscalia.gov.co\/colombia\/wp-json\/wp\/v2\/comments?post=249679"}],"version-history":[{"count":1,"href":"https:\/\/www.fiscalia.gov.co\/colombia\/wp-json\/wp\/v2\/posts\/249679\/revisions"}],"predecessor-version":[{"id":249681,"href":"https:\/\/www.fiscalia.gov.co\/colombia\/wp-json\/wp\/v2\/posts\/249679\/revisions\/249681"}],"wp:attachment":[{"href":"https:\/\/www.fiscalia.gov.co\/colombia\/wp-json\/wp\/v2\/media?parent=249679"}],"wp:term":[{"taxonomy":"category","embeddable":true,"href":"https:\/\/www.fiscalia.gov.co\/colombia\/wp-json\/wp\/v2\/categories?post=249679"},{"taxonomy":"post_tag","embeddable":true,"href":"https:\/\/www.fiscalia.gov.co\/colombia\/wp-json\/wp\/v2\/tags?post=249679"}],"curies":[{"name":"wp","href":"https:\/\/api.w.org\/{rel}","templated":true}]}}