{"id":249606,"date":"2022-06-01T12:07:23","date_gmt":"2022-06-01T17:07:23","guid":{"rendered":"https:\/\/www.fiscalia.gov.co\/colombia\/?p=249606"},"modified":"2022-06-09T15:37:19","modified_gmt":"2022-06-09T20:37:19","slug":"golpe-a-estructura-narcotraficante-senalada-de-enviar-cocaina-camuflada-entre-verduras-y-otros-productos-alimenticios-rumbo-a-estado-unidos-y-paises-de-europa","status":"publish","type":"post","link":"https:\/\/www.fiscalia.gov.co\/colombia\/noticias\/golpe-a-estructura-narcotraficante-senalada-de-enviar-cocaina-camuflada-entre-verduras-y-otros-productos-alimenticios-rumbo-a-estado-unidos-y-paises-de-europa\/","title":{"rendered":"Golpe a estructura narcotraficante se\u00f1alada de enviar coca\u00edna camuflada entre verduras y otros productos alimenticios rumbo a Estado Unidos y pa\u00edses de Europa"},"content":{"rendered":"<h4><strong><em>Ocho personas fueron capturadas y judicializadas, entre ellas el supuesto cabecilla y financiador, trasportadores y los encargados de camuflar el estupefaciente.<\/em><\/strong><\/h4>\n<p>La Fiscal\u00eda General de la Naci\u00f3n, en un trabajo articulado con la Direcci\u00f3n de Antinarc\u00f3ticos de la Polic\u00eda Nacional y autoridades brit\u00e1nicas, logr\u00f3 la identificaci\u00f3n y captura de ocho presuntos integrantes de una estructura se\u00f1alada de sacar cargamentos de clorhidrato de coca\u00edna en alimentos perecederos rumbo a Estados Unidos y pa\u00edses de Europa.<\/p>\n<p>En la investigaci\u00f3n se constat\u00f3 que la red obten\u00eda los insumos qu\u00edmicos en Norte de Santander y los mov\u00eda a los laboratorios destinados al procesamiento del estupefaciente, con el aparente auspicio de estructuras de crimen organizado que delinquen en la regi\u00f3n.<\/p>\n<p>Adicionalmente, se constat\u00f3 que la estructura, al parecer, ten\u00eda complejos narcotraficantes en las regiones del Magdalena Medio y sur de Bol\u00edvar, donde produc\u00edan la coca\u00edna, la camuflaban entre cargas de verduras y otros productos alimenticios, y la enviaba oculta en veh\u00edculos a puntos clandestinos de la costa Caribe para embarcarla en lanchas r\u00e1pidas y moverla a destinos internacionales.<\/p>\n<p>Las personas que har\u00edan parte del grupo ilegal fueron capturadas en Cartagena (Bol\u00edvar) y Aguachica (Cesar). Entre los detenidos est\u00e1n David Enrique Beltr\u00e1n Madero, alias David, quien ser\u00eda el cabecilla y principal financiador; Gustavo Segundo Su\u00e1rez P\u00e9rez, alias El Negro o Ballena, el supuesto responsable de coordinar el ocultamiento de la coca\u00edna; y Yeison Alberto Su\u00e1rez Alvarado, alias Yeyo, se\u00f1alado de dirigir la producci\u00f3n de la coca\u00edna.<\/p>\n<p>Los dem\u00e1s capturados, al parecer, cumpl\u00edan actividades relacionadas con el acopio de los cargamentos y el transporte. A todos, un fiscal de la Direcci\u00f3n Especializada contra el Narcotr\u00e1fico les imput\u00f3 los delitos de: tr\u00e1fico, fabricaci\u00f3n o porte de estupefacientes agravado; tr\u00e1fico de sustancias para el procesamiento de narc\u00f3ticos; fabricaci\u00f3n, tr\u00e1fico y porte de armas, municiones de uso restringido, de uso privativo de las Fuerzas Armadas o explosivos; y concierto para delinquir agravado.<\/p>\n<p>En el curso de las investigaciones a esta estructura le fueron incautados 392 kilogramos de coca\u00edna, 529 kilogramos de insumos qu\u00edmicos s\u00f3lidos, 136 galones de precursores l\u00edquidos, cuatro veh\u00edculos y 1.200 cartuchos calibre 5.56mm. Adicionalmente, le fueron capturadas siete personas en flagrancia e intervenido un laboratorio para el procesamiento de clorhidrato de coca\u00edna.<\/p>\n<p>Esta informaci\u00f3n se publica por razones de inter\u00e9s general.<\/p>\n<p><strong>La Fiscal\u00eda habla con resultados.<\/strong><\/p>\n<p>&nbsp;<\/p>\n<p>&nbsp;<\/p>\n<p>LMBG\/JARG\/<\/p>\n<p>&nbsp;<\/p>\n<p>&nbsp;<\/p>\n<div class=\"td-post-content tagdiv-type\">\n<div class=\"td-post-content tagdiv-type\">\n<p><em>La informaci\u00f3n contenida en este bolet\u00edn de prensa corresponde a la narraci\u00f3n de los hechos noticiosos objetivos, suministrados por los funcionarios encargados de adelantar las investigaciones penales al interior de la Fiscal\u00eda General de la Naci\u00f3n. Para el momento de la divulgaci\u00f3n de este comunicado, la situaci\u00f3n jur\u00eddica de la(s) persona(s) relacionada(s) se encuentra pendiente de resolver por la autoridad judicial competente, siempre bajo los preceptos de la presunci\u00f3n de inocencia, consagrados en el art\u00edculo 29 de la Constituci\u00f3n Pol\u00edtica y el art\u00edculo 7\u00ba de la Ley 906 de 2004.<\/em><\/p>\n<\/div>\n<\/div>\n\n<div class=\"twitter-share\"><a href=\"https:\/\/twitter.com\/intent\/tweet?via=fiscaliacol\" class=\"twitter-share-button\">Tweet<\/a><\/div>\n","protected":false},"excerpt":{"rendered":"<p>Ocho personas fueron capturadas y judicializadas, entre ellas el supuesto cabecilla y financiador, trasportadores y los encargados de camuflar el estupefaciente. La Fiscal\u00eda General de la Naci\u00f3n, en un trabajo articulado con la Direcci\u00f3n de Antinarc\u00f3ticos de la Polic\u00eda Nacional y autoridades brit\u00e1nicas, logr\u00f3 la identificaci\u00f3n y captura de ocho presuntos integrantes de una estructura [&hellip;]<\/p>\n","protected":false},"author":177,"featured_media":0,"comment_status":"closed","ping_status":"open","sticky":false,"template":"","format":"video","meta":{"_price":"","_stock":"","_tribe_ticket_header":"","_tribe_default_ticket_provider":"","_tribe_ticket_capacity":"0","_ticket_start_date":"","_ticket_end_date":"","_tribe_ticket_show_description":"","_tribe_ticket_show_not_going":false,"_tribe_ticket_use_global_stock":"","_tribe_ticket_global_stock_level":"","_global_stock_mode":"","_global_stock_cap":"","_tribe_rsvp_for_event":"","_tribe_ticket_going_count":"","_tribe_ticket_not_going_count":"","_tribe_tickets_list":"[]","_tribe_ticket_has_attendee_info_fields":false,"tdm_status":"","tdm_grid_status":"","footnotes":""},"categories":[24115,1],"tags":[23821,31825,19993,24185,24188,1047,148],"class_list":{"0":"post-249606","1":"post","2":"type-post","3":"status-publish","4":"format-video","6":"category-narcotrafico","7":"category-noticias","8":"tag-bogota","9":"tag-eeuu","10":"tag-europa","11":"tag-fiscal-barbosa","12":"tag-fiscal-francisco-barbosa","13":"tag-fiscalia-general-de-la-nacion","14":"tag-narcotrafico","15":"post_format-post-format-video"},"yoast_head":"<!-- This site is optimized with the Yoast SEO plugin v24.3 - https:\/\/yoast.com\/wordpress\/plugins\/seo\/ -->\n<title>Fiscal\u00eda General de la Naci\u00f3n<\/title>\n<meta name=\"description\" content=\"P\u00e1gina oficial de la Fiscal\u00eda General de la Naci\u00f3n \u2013 Colombia. Garantizamos el acceso efectivo a la justicia, la verdad y la reparaci\u00f3n de las v\u00edctimas de los delitos.\" \/>\n<meta name=\"robots\" content=\"noindex, follow\" \/>\n<meta property=\"og:locale\" content=\"es_ES\" \/>\n<meta property=\"og:type\" content=\"article\" \/>\n<meta property=\"og:title\" content=\"Fiscal\u00eda General de la Naci\u00f3n\" \/>\n<meta property=\"og:description\" content=\"P\u00e1gina oficial de la Fiscal\u00eda General de la Naci\u00f3n \u2013 Colombia. Garantizamos el acceso efectivo a la justicia, la verdad y la reparaci\u00f3n de las v\u00edctimas de los delitos.\" \/>\n<meta property=\"og:url\" content=\"https:\/\/www.fiscalia.gov.co\/colombia\/noticias\/golpe-a-estructura-narcotraficante-senalada-de-enviar-cocaina-camuflada-entre-verduras-y-otros-productos-alimenticios-rumbo-a-estado-unidos-y-paises-de-europa\/\" \/>\n<meta property=\"og:site_name\" content=\"Fiscal\u00eda General de la Naci\u00f3n\" \/>\n<meta property=\"article:publisher\" content=\"https:\/\/www.facebook.com\/FiscaliaCol\" \/>\n<meta property=\"article:published_time\" content=\"2022-06-01T17:07:23+00:00\" \/>\n<meta property=\"article:modified_time\" content=\"2022-06-09T20:37:19+00:00\" \/>\n<meta name=\"author\" content=\"Jordan Leandro Oviedo Anzola\" \/>\n<meta name=\"twitter:card\" content=\"summary_large_image\" \/>\n<meta name=\"twitter:creator\" content=\"@FiscaliaCol\" \/>\n<meta name=\"twitter:site\" content=\"@FiscaliaCol\" \/>\n<meta name=\"twitter:label1\" content=\"Escrito por\" \/>\n\t<meta name=\"twitter:data1\" content=\"Jordan Leandro Oviedo Anzola\" \/>\n\t<meta name=\"twitter:label2\" content=\"Tiempo de lectura\" \/>\n\t<meta name=\"twitter:data2\" content=\"3 minutos\" \/>\n<script type=\"application\/ld+json\" class=\"yoast-schema-graph\">{\"@context\":\"https:\/\/schema.org\",\"@graph\":[{\"@type\":\"Article\",\"@id\":\"https:\/\/www.fiscalia.gov.co\/colombia\/noticias\/golpe-a-estructura-narcotraficante-senalada-de-enviar-cocaina-camuflada-entre-verduras-y-otros-productos-alimenticios-rumbo-a-estado-unidos-y-paises-de-europa\/#article\",\"isPartOf\":{\"@id\":\"https:\/\/www.fiscalia.gov.co\/colombia\/noticias\/golpe-a-estructura-narcotraficante-senalada-de-enviar-cocaina-camuflada-entre-verduras-y-otros-productos-alimenticios-rumbo-a-estado-unidos-y-paises-de-europa\/\"},\"author\":{\"name\":\"Jordan Leandro Oviedo Anzola\",\"@id\":\"https:\/\/www.fiscalia.gov.co\/colombia\/#\/schema\/person\/bf84402cf293a5393e9c70b111020b24\"},\"headline\":\"Golpe a estructura narcotraficante se\u00f1alada de enviar coca\u00edna camuflada entre verduras y otros productos alimenticios rumbo a Estado Unidos y pa\u00edses de Europa\",\"datePublished\":\"2022-06-01T17:07:23+00:00\",\"dateModified\":\"2022-06-09T20:37:19+00:00\",\"mainEntityOfPage\":{\"@id\":\"https:\/\/www.fiscalia.gov.co\/colombia\/noticias\/golpe-a-estructura-narcotraficante-senalada-de-enviar-cocaina-camuflada-entre-verduras-y-otros-productos-alimenticios-rumbo-a-estado-unidos-y-paises-de-europa\/\"},\"wordCount\":561,\"publisher\":{\"@id\":\"https:\/\/www.fiscalia.gov.co\/colombia\/#organization\"},\"keywords\":[\"Bogot\u00e1\",\"EEUU\",\"Europa\",\"Fiscal Barbosa\",\"Fiscal Francisco Barbosa\",\"Fiscal\u00eda General de la Naci\u00f3n\",\"Narcotr\u00e1fico\"],\"articleSection\":[\"Narcotr\u00e1fico\",\"Noticias\"],\"inLanguage\":\"es-CO\"},{\"@type\":\"WebPage\",\"@id\":\"https:\/\/www.fiscalia.gov.co\/colombia\/noticias\/golpe-a-estructura-narcotraficante-senalada-de-enviar-cocaina-camuflada-entre-verduras-y-otros-productos-alimenticios-rumbo-a-estado-unidos-y-paises-de-europa\/\",\"url\":\"https:\/\/www.fiscalia.gov.co\/colombia\/noticias\/golpe-a-estructura-narcotraficante-senalada-de-enviar-cocaina-camuflada-entre-verduras-y-otros-productos-alimenticios-rumbo-a-estado-unidos-y-paises-de-europa\/\",\"name\":\"Fiscal\u00eda General de la Naci\u00f3n\",\"isPartOf\":{\"@id\":\"https:\/\/www.fiscalia.gov.co\/colombia\/#website\"},\"datePublished\":\"2022-06-01T17:07:23+00:00\",\"dateModified\":\"2022-06-09T20:37:19+00:00\",\"description\":\"P\u00e1gina oficial de la Fiscal\u00eda General de la Naci\u00f3n \u2013 Colombia. Garantizamos el acceso efectivo a la justicia, la verdad y la reparaci\u00f3n de las v\u00edctimas de los delitos.\",\"breadcrumb\":{\"@id\":\"https:\/\/www.fiscalia.gov.co\/colombia\/noticias\/golpe-a-estructura-narcotraficante-senalada-de-enviar-cocaina-camuflada-entre-verduras-y-otros-productos-alimenticios-rumbo-a-estado-unidos-y-paises-de-europa\/#breadcrumb\"},\"inLanguage\":\"es-CO\",\"potentialAction\":[{\"@type\":\"ReadAction\",\"target\":[\"https:\/\/www.fiscalia.gov.co\/colombia\/noticias\/golpe-a-estructura-narcotraficante-senalada-de-enviar-cocaina-camuflada-entre-verduras-y-otros-productos-alimenticios-rumbo-a-estado-unidos-y-paises-de-europa\/\"]}]},{\"@type\":\"BreadcrumbList\",\"@id\":\"https:\/\/www.fiscalia.gov.co\/colombia\/noticias\/golpe-a-estructura-narcotraficante-senalada-de-enviar-cocaina-camuflada-entre-verduras-y-otros-productos-alimenticios-rumbo-a-estado-unidos-y-paises-de-europa\/#breadcrumb\",\"itemListElement\":[{\"@type\":\"ListItem\",\"position\":1,\"name\":\"Home\",\"item\":\"https:\/\/www.fiscalia.gov.co\/colombia\/\"},{\"@type\":\"ListItem\",\"position\":2,\"name\":\"Golpe a estructura narcotraficante se\u00f1alada de enviar coca\u00edna camuflada entre verduras y otros productos alimenticios rumbo a Estado Unidos y pa\u00edses de Europa\"}]},{\"@type\":\"WebSite\",\"@id\":\"https:\/\/www.fiscalia.gov.co\/colombia\/#website\",\"url\":\"https:\/\/www.fiscalia.gov.co\/colombia\/\",\"name\":\"Fiscal\u00eda General de la Naci\u00f3n\",\"description\":\"P\u00e1gina oficial de la Fiscal\u00eda General de la Naci\u00f3n \u2013 Colombia. Garantizamos el acceso efectivo a la justicia, la verdad y la reparaci\u00f3n de las v\u00edctimas de los delitos.\",\"publisher\":{\"@id\":\"https:\/\/www.fiscalia.gov.co\/colombia\/#organization\"},\"potentialAction\":[{\"@type\":\"SearchAction\",\"target\":{\"@type\":\"EntryPoint\",\"urlTemplate\":\"https:\/\/www.fiscalia.gov.co\/colombia\/?s={search_term_string}\"},\"query-input\":{\"@type\":\"PropertyValueSpecification\",\"valueRequired\":true,\"valueName\":\"search_term_string\"}}],\"inLanguage\":\"es-CO\"},{\"@type\":\"Organization\",\"@id\":\"https:\/\/www.fiscalia.gov.co\/colombia\/#organization\",\"name\":\"Fiscal\u00eda General de la Naci\u00f3n\",\"url\":\"https:\/\/www.fiscalia.gov.co\/colombia\/\",\"logo\":{\"@type\":\"ImageObject\",\"inLanguage\":\"es-CO\",\"@id\":\"https:\/\/www.fiscalia.gov.co\/colombia\/#\/schema\/logo\/image\/\",\"url\":\"https:\/\/www.fiscalia.gov.co\/colombia\/wp-content\/uploads\/LogoHorizontal_1.jpg\",\"contentUrl\":\"https:\/\/www.fiscalia.gov.co\/colombia\/wp-content\/uploads\/LogoHorizontal_1.jpg\",\"width\":300,\"height\":90,\"caption\":\"Fiscal\u00eda General de la Naci\u00f3n\"},\"image\":{\"@id\":\"https:\/\/www.fiscalia.gov.co\/colombia\/#\/schema\/logo\/image\/\"},\"sameAs\":[\"https:\/\/www.facebook.com\/FiscaliaCol\",\"https:\/\/x.com\/FiscaliaCol\",\"https:\/\/www.instagram.com\/fiscaliacol\",\"https:\/\/www.linkedin.com\/company\/fiscalia-general-de-la-naci-n\/\",\"https:\/\/youtube.com\/@fiscaliageneraldelanacion-4668?si=6nN79nyQICPU5iTh\"]},{\"@type\":\"Person\",\"@id\":\"https:\/\/www.fiscalia.gov.co\/colombia\/#\/schema\/person\/bf84402cf293a5393e9c70b111020b24\",\"name\":\"Jordan Leandro Oviedo Anzola\",\"image\":{\"@type\":\"ImageObject\",\"inLanguage\":\"es-CO\",\"@id\":\"https:\/\/www.fiscalia.gov.co\/colombia\/#\/schema\/person\/image\/\",\"url\":\"https:\/\/secure.gravatar.com\/avatar\/dabba4346fa9b9207d96adafa8f92721?s=96&d=mm&r=g\",\"contentUrl\":\"https:\/\/secure.gravatar.com\/avatar\/dabba4346fa9b9207d96adafa8f92721?s=96&d=mm&r=g\",\"caption\":\"Jordan Leandro Oviedo Anzola\"},\"url\":\"https:\/\/www.fiscalia.gov.co\/colombia\/author\/joviedo\/\"}]}<\/script>\n<!-- \/ Yoast SEO plugin. -->","yoast_head_json":{"title":"Fiscal\u00eda General de la Naci\u00f3n","description":"P\u00e1gina oficial de la Fiscal\u00eda General de la Naci\u00f3n \u2013 Colombia. Garantizamos el acceso efectivo a la justicia, la verdad y la reparaci\u00f3n de las v\u00edctimas de los delitos.","robots":{"index":"noindex","follow":"follow"},"og_locale":"es_ES","og_type":"article","og_title":"Fiscal\u00eda General de la Naci\u00f3n","og_description":"P\u00e1gina oficial de la Fiscal\u00eda General de la Naci\u00f3n \u2013 Colombia. Garantizamos el acceso efectivo a la justicia, la verdad y la reparaci\u00f3n de las v\u00edctimas de los delitos.","og_url":"https:\/\/www.fiscalia.gov.co\/colombia\/noticias\/golpe-a-estructura-narcotraficante-senalada-de-enviar-cocaina-camuflada-entre-verduras-y-otros-productos-alimenticios-rumbo-a-estado-unidos-y-paises-de-europa\/","og_site_name":"Fiscal\u00eda General de la Naci\u00f3n","article_publisher":"https:\/\/www.facebook.com\/FiscaliaCol","article_published_time":"2022-06-01T17:07:23+00:00","article_modified_time":"2022-06-09T20:37:19+00:00","author":"Jordan Leandro Oviedo Anzola","twitter_card":"summary_large_image","twitter_creator":"@FiscaliaCol","twitter_site":"@FiscaliaCol","twitter_misc":{"Escrito por":"Jordan Leandro Oviedo Anzola","Tiempo de lectura":"3 minutos"},"schema":{"@context":"https:\/\/schema.org","@graph":[{"@type":"Article","@id":"https:\/\/www.fiscalia.gov.co\/colombia\/noticias\/golpe-a-estructura-narcotraficante-senalada-de-enviar-cocaina-camuflada-entre-verduras-y-otros-productos-alimenticios-rumbo-a-estado-unidos-y-paises-de-europa\/#article","isPartOf":{"@id":"https:\/\/www.fiscalia.gov.co\/colombia\/noticias\/golpe-a-estructura-narcotraficante-senalada-de-enviar-cocaina-camuflada-entre-verduras-y-otros-productos-alimenticios-rumbo-a-estado-unidos-y-paises-de-europa\/"},"author":{"name":"Jordan Leandro Oviedo Anzola","@id":"https:\/\/www.fiscalia.gov.co\/colombia\/#\/schema\/person\/bf84402cf293a5393e9c70b111020b24"},"headline":"Golpe a estructura narcotraficante se\u00f1alada de enviar coca\u00edna camuflada entre verduras y otros productos alimenticios rumbo a Estado Unidos y pa\u00edses de Europa","datePublished":"2022-06-01T17:07:23+00:00","dateModified":"2022-06-09T20:37:19+00:00","mainEntityOfPage":{"@id":"https:\/\/www.fiscalia.gov.co\/colombia\/noticias\/golpe-a-estructura-narcotraficante-senalada-de-enviar-cocaina-camuflada-entre-verduras-y-otros-productos-alimenticios-rumbo-a-estado-unidos-y-paises-de-europa\/"},"wordCount":561,"publisher":{"@id":"https:\/\/www.fiscalia.gov.co\/colombia\/#organization"},"keywords":["Bogot\u00e1","EEUU","Europa","Fiscal Barbosa","Fiscal Francisco Barbosa","Fiscal\u00eda General de la Naci\u00f3n","Narcotr\u00e1fico"],"articleSection":["Narcotr\u00e1fico","Noticias"],"inLanguage":"es-CO"},{"@type":"WebPage","@id":"https:\/\/www.fiscalia.gov.co\/colombia\/noticias\/golpe-a-estructura-narcotraficante-senalada-de-enviar-cocaina-camuflada-entre-verduras-y-otros-productos-alimenticios-rumbo-a-estado-unidos-y-paises-de-europa\/","url":"https:\/\/www.fiscalia.gov.co\/colombia\/noticias\/golpe-a-estructura-narcotraficante-senalada-de-enviar-cocaina-camuflada-entre-verduras-y-otros-productos-alimenticios-rumbo-a-estado-unidos-y-paises-de-europa\/","name":"Fiscal\u00eda General de la Naci\u00f3n","isPartOf":{"@id":"https:\/\/www.fiscalia.gov.co\/colombia\/#website"},"datePublished":"2022-06-01T17:07:23+00:00","dateModified":"2022-06-09T20:37:19+00:00","description":"P\u00e1gina oficial de la Fiscal\u00eda General de la Naci\u00f3n \u2013 Colombia. Garantizamos el acceso efectivo a la justicia, la verdad y la reparaci\u00f3n de las v\u00edctimas de los delitos.","breadcrumb":{"@id":"https:\/\/www.fiscalia.gov.co\/colombia\/noticias\/golpe-a-estructura-narcotraficante-senalada-de-enviar-cocaina-camuflada-entre-verduras-y-otros-productos-alimenticios-rumbo-a-estado-unidos-y-paises-de-europa\/#breadcrumb"},"inLanguage":"es-CO","potentialAction":[{"@type":"ReadAction","target":["https:\/\/www.fiscalia.gov.co\/colombia\/noticias\/golpe-a-estructura-narcotraficante-senalada-de-enviar-cocaina-camuflada-entre-verduras-y-otros-productos-alimenticios-rumbo-a-estado-unidos-y-paises-de-europa\/"]}]},{"@type":"BreadcrumbList","@id":"https:\/\/www.fiscalia.gov.co\/colombia\/noticias\/golpe-a-estructura-narcotraficante-senalada-de-enviar-cocaina-camuflada-entre-verduras-y-otros-productos-alimenticios-rumbo-a-estado-unidos-y-paises-de-europa\/#breadcrumb","itemListElement":[{"@type":"ListItem","position":1,"name":"Home","item":"https:\/\/www.fiscalia.gov.co\/colombia\/"},{"@type":"ListItem","position":2,"name":"Golpe a estructura narcotraficante se\u00f1alada de enviar coca\u00edna camuflada entre verduras y otros productos alimenticios rumbo a Estado Unidos y pa\u00edses de Europa"}]},{"@type":"WebSite","@id":"https:\/\/www.fiscalia.gov.co\/colombia\/#website","url":"https:\/\/www.fiscalia.gov.co\/colombia\/","name":"Fiscal\u00eda General de la Naci\u00f3n","description":"P\u00e1gina oficial de la Fiscal\u00eda General de la Naci\u00f3n \u2013 Colombia. Garantizamos el acceso efectivo a la justicia, la verdad y la reparaci\u00f3n de las v\u00edctimas de los delitos.","publisher":{"@id":"https:\/\/www.fiscalia.gov.co\/colombia\/#organization"},"potentialAction":[{"@type":"SearchAction","target":{"@type":"EntryPoint","urlTemplate":"https:\/\/www.fiscalia.gov.co\/colombia\/?s={search_term_string}"},"query-input":{"@type":"PropertyValueSpecification","valueRequired":true,"valueName":"search_term_string"}}],"inLanguage":"es-CO"},{"@type":"Organization","@id":"https:\/\/www.fiscalia.gov.co\/colombia\/#organization","name":"Fiscal\u00eda General de la Naci\u00f3n","url":"https:\/\/www.fiscalia.gov.co\/colombia\/","logo":{"@type":"ImageObject","inLanguage":"es-CO","@id":"https:\/\/www.fiscalia.gov.co\/colombia\/#\/schema\/logo\/image\/","url":"https:\/\/www.fiscalia.gov.co\/colombia\/wp-content\/uploads\/LogoHorizontal_1.jpg","contentUrl":"https:\/\/www.fiscalia.gov.co\/colombia\/wp-content\/uploads\/LogoHorizontal_1.jpg","width":300,"height":90,"caption":"Fiscal\u00eda General de la Naci\u00f3n"},"image":{"@id":"https:\/\/www.fiscalia.gov.co\/colombia\/#\/schema\/logo\/image\/"},"sameAs":["https:\/\/www.facebook.com\/FiscaliaCol","https:\/\/x.com\/FiscaliaCol","https:\/\/www.instagram.com\/fiscaliacol","https:\/\/www.linkedin.com\/company\/fiscalia-general-de-la-naci-n\/","https:\/\/youtube.com\/@fiscaliageneraldelanacion-4668?si=6nN79nyQICPU5iTh"]},{"@type":"Person","@id":"https:\/\/www.fiscalia.gov.co\/colombia\/#\/schema\/person\/bf84402cf293a5393e9c70b111020b24","name":"Jordan Leandro Oviedo Anzola","image":{"@type":"ImageObject","inLanguage":"es-CO","@id":"https:\/\/www.fiscalia.gov.co\/colombia\/#\/schema\/person\/image\/","url":"https:\/\/secure.gravatar.com\/avatar\/dabba4346fa9b9207d96adafa8f92721?s=96&d=mm&r=g","contentUrl":"https:\/\/secure.gravatar.com\/avatar\/dabba4346fa9b9207d96adafa8f92721?s=96&d=mm&r=g","caption":"Jordan Leandro Oviedo Anzola"},"url":"https:\/\/www.fiscalia.gov.co\/colombia\/author\/joviedo\/"}]}},"_links":{"self":[{"href":"https:\/\/www.fiscalia.gov.co\/colombia\/wp-json\/wp\/v2\/posts\/249606","targetHints":{"allow":["GET"]}}],"collection":[{"href":"https:\/\/www.fiscalia.gov.co\/colombia\/wp-json\/wp\/v2\/posts"}],"about":[{"href":"https:\/\/www.fiscalia.gov.co\/colombia\/wp-json\/wp\/v2\/types\/post"}],"author":[{"embeddable":true,"href":"https:\/\/www.fiscalia.gov.co\/colombia\/wp-json\/wp\/v2\/users\/177"}],"replies":[{"embeddable":true,"href":"https:\/\/www.fiscalia.gov.co\/colombia\/wp-json\/wp\/v2\/comments?post=249606"}],"version-history":[{"count":2,"href":"https:\/\/www.fiscalia.gov.co\/colombia\/wp-json\/wp\/v2\/posts\/249606\/revisions"}],"predecessor-version":[{"id":250290,"href":"https:\/\/www.fiscalia.gov.co\/colombia\/wp-json\/wp\/v2\/posts\/249606\/revisions\/250290"}],"wp:attachment":[{"href":"https:\/\/www.fiscalia.gov.co\/colombia\/wp-json\/wp\/v2\/media?parent=249606"}],"wp:term":[{"taxonomy":"category","embeddable":true,"href":"https:\/\/www.fiscalia.gov.co\/colombia\/wp-json\/wp\/v2\/categories?post=249606"},{"taxonomy":"post_tag","embeddable":true,"href":"https:\/\/www.fiscalia.gov.co\/colombia\/wp-json\/wp\/v2\/tags?post=249606"}],"curies":[{"name":"wp","href":"https:\/\/api.w.org\/{rel}","templated":true}]}}