{"id":249504,"date":"2022-05-31T14:20:46","date_gmt":"2022-05-31T19:20:46","guid":{"rendered":"https:\/\/www.fiscalia.gov.co\/colombia\/?p=249504"},"modified":"2022-06-07T15:10:43","modified_gmt":"2022-06-07T20:10:43","slug":"fiscalia-desmantelo-la-banda-los-ciberneticos-que-estaria-dedicada-a-a-la-venta-de-drogas-sinteticas-a-traves-de-redes-sociales","status":"publish","type":"post","link":"https:\/\/www.fiscalia.gov.co\/colombia\/noticias\/fiscalia-desmantelo-la-banda-los-ciberneticos-que-estaria-dedicada-a-a-la-venta-de-drogas-sinteticas-a-traves-de-redes-sociales\/","title":{"rendered":"Fiscal\u00eda desmantel\u00f3 la banda Los Cibern\u00e9ticos que estar\u00eda dedicada a la venta de drogas sint\u00e9ticas a trav\u00e9s de redes sociales"},"content":{"rendered":"<p>Un fiscal de la Estructura de Apoyo recaud\u00f3 evidencias con las que logr\u00f3 imputar a 8 presuntos integrantes\u00a0de la banda Los Cibern\u00e9ticos, la cual estar\u00eda dedicada a la venta de drogas sint\u00e9ticas a trav\u00e9s de redes sociales en Cali.<\/p>\n<figure id=\"attachment_249505\" aria-describedby=\"caption-attachment-249505\" style=\"width: 696px\" class=\"wp-caption aligncenter\"><img loading=\"lazy\" decoding=\"async\" class=\"size-large wp-image-249505\" src=\"https:\/\/www.fiscalia.gov.co\/colombia\/wp-content\/uploads\/Fiscal-Barbosa-Los-8-presuntos-miembros-de-la-banda-Los-Ciberneticos-distribuian-al-parecer-drogas-sinteticas-a-traves-de-Instagram-Facebook-Telegram-y-WhatsApp-1024x568.jpg\" alt=\"\" width=\"696\" height=\"386\" srcset=\"https:\/\/www.fiscalia.gov.co\/colombia\/wp-content\/uploads\/Fiscal-Barbosa-Los-8-presuntos-miembros-de-la-banda-Los-Ciberneticos-distribuian-al-parecer-drogas-sinteticas-a-traves-de-Instagram-Facebook-Telegram-y-WhatsApp-1024x568.jpg 1024w, https:\/\/www.fiscalia.gov.co\/colombia\/wp-content\/uploads\/Fiscal-Barbosa-Los-8-presuntos-miembros-de-la-banda-Los-Ciberneticos-distribuian-al-parecer-drogas-sinteticas-a-traves-de-Instagram-Facebook-Telegram-y-WhatsApp-300x166.jpg 300w, https:\/\/www.fiscalia.gov.co\/colombia\/wp-content\/uploads\/Fiscal-Barbosa-Los-8-presuntos-miembros-de-la-banda-Los-Ciberneticos-distribuian-al-parecer-drogas-sinteticas-a-traves-de-Instagram-Facebook-Telegram-y-WhatsApp-768x426.jpg 768w, https:\/\/www.fiscalia.gov.co\/colombia\/wp-content\/uploads\/Fiscal-Barbosa-Los-8-presuntos-miembros-de-la-banda-Los-Ciberneticos-distribuian-al-parecer-drogas-sinteticas-a-traves-de-Instagram-Facebook-Telegram-y-WhatsApp-696x385.jpg 696w, https:\/\/www.fiscalia.gov.co\/colombia\/wp-content\/uploads\/Fiscal-Barbosa-Los-8-presuntos-miembros-de-la-banda-Los-Ciberneticos-distribuian-al-parecer-drogas-sinteticas-a-traves-de-Instagram-Facebook-Telegram-y-WhatsApp-1068x592.jpg 1068w, https:\/\/www.fiscalia.gov.co\/colombia\/wp-content\/uploads\/Fiscal-Barbosa-Los-8-presuntos-miembros-de-la-banda-Los-Ciberneticos-distribuian-al-parecer-drogas-sinteticas-a-traves-de-Instagram-Facebook-Telegram-y-WhatsApp-757x420.jpg 757w, https:\/\/www.fiscalia.gov.co\/colombia\/wp-content\/uploads\/Fiscal-Barbosa-Los-8-presuntos-miembros-de-la-banda-Los-Ciberneticos-distribuian-al-parecer-drogas-sinteticas-a-traves-de-Instagram-Facebook-Telegram-y-WhatsApp.jpg 1280w\" sizes=\"auto, (max-width: 696px) 100vw, 696px\" \/><figcaption id=\"caption-attachment-249505\" class=\"wp-caption-text\">Los 8 presuntos miembros de la banda Los Cibern\u00e9ticos distribu\u00edan, al parecer, drogas sint\u00e9ticas a trav\u00e9s de Instagram, Facebook, Telegram y WhatsApp.<\/figcaption><\/figure>\n<p>Seg\u00fan la investigaci\u00f3n, entre febrero y mayo del presente a\u00f1o, la estructura criminal\u00a0se habr\u00eda dedicado a la venta y distribuci\u00f3n de\u00a0tucibi (2CB),\u00a0<a href=\"https:\/\/www.fiscalia.gov.co\/colombia\/noticias\/fiscalia-judicializo-a-un-hombre-quien-presuntamente-transportaba-extasis-y-cocaina-rosada-en-un-bus-intermunicipal\/\" data-saferedirecturl=\"https:\/\/www.google.com\/url?q=https:\/\/www.fiscalia.gov.co\/colombia\/noticias\/fiscalia-judicializo-a-un-hombre-quien-presuntamente-transportaba-extasis-y-cocaina-rosada-en-un-bus-intermunicipal\/&amp;source=gmail&amp;ust=1654105562854000&amp;usg=AOvVaw2oV0mo4tJ7wBMQ91aO2zJX\">\u00e9xtasis<\/a>, LSD, wax (destilado de marihuana), chocolates y brownies con marihuana en Instagram, Facebook, Telegram y WhatsApp.<\/p>\n<figure id=\"attachment_249506\" aria-describedby=\"caption-attachment-249506\" style=\"width: 696px\" class=\"wp-caption aligncenter\"><img loading=\"lazy\" decoding=\"async\" class=\"size-large wp-image-249506\" src=\"https:\/\/www.fiscalia.gov.co\/colombia\/wp-content\/uploads\/Fiscal-Barbosa-Durante-los-operativos-de-captura-fueron-incautados-brownies-con-marihuana-marihuana-empacada-celulares-frascos-de-tucibi-colorantes-saborizantes-marihuana-destilada-Wax-y-un-arma-1024x569.jpg\" alt=\"\" width=\"696\" height=\"387\" srcset=\"https:\/\/www.fiscalia.gov.co\/colombia\/wp-content\/uploads\/Fiscal-Barbosa-Durante-los-operativos-de-captura-fueron-incautados-brownies-con-marihuana-marihuana-empacada-celulares-frascos-de-tucibi-colorantes-saborizantes-marihuana-destilada-Wax-y-un-arma-1024x569.jpg 1024w, https:\/\/www.fiscalia.gov.co\/colombia\/wp-content\/uploads\/Fiscal-Barbosa-Durante-los-operativos-de-captura-fueron-incautados-brownies-con-marihuana-marihuana-empacada-celulares-frascos-de-tucibi-colorantes-saborizantes-marihuana-destilada-Wax-y-un-arma-300x167.jpg 300w, https:\/\/www.fiscalia.gov.co\/colombia\/wp-content\/uploads\/Fiscal-Barbosa-Durante-los-operativos-de-captura-fueron-incautados-brownies-con-marihuana-marihuana-empacada-celulares-frascos-de-tucibi-colorantes-saborizantes-marihuana-destilada-Wax-y-un-arma-768x427.jpg 768w, https:\/\/www.fiscalia.gov.co\/colombia\/wp-content\/uploads\/Fiscal-Barbosa-Durante-los-operativos-de-captura-fueron-incautados-brownies-con-marihuana-marihuana-empacada-celulares-frascos-de-tucibi-colorantes-saborizantes-marihuana-destilada-Wax-y-un-arma-696x387.jpg 696w, https:\/\/www.fiscalia.gov.co\/colombia\/wp-content\/uploads\/Fiscal-Barbosa-Durante-los-operativos-de-captura-fueron-incautados-brownies-con-marihuana-marihuana-empacada-celulares-frascos-de-tucibi-colorantes-saborizantes-marihuana-destilada-Wax-y-un-arma-1068x593.jpg 1068w, https:\/\/www.fiscalia.gov.co\/colombia\/wp-content\/uploads\/Fiscal-Barbosa-Durante-los-operativos-de-captura-fueron-incautados-brownies-con-marihuana-marihuana-empacada-celulares-frascos-de-tucibi-colorantes-saborizantes-marihuana-destilada-Wax-y-un-arma-756x420.jpg 756w, https:\/\/www.fiscalia.gov.co\/colombia\/wp-content\/uploads\/Fiscal-Barbosa-Durante-los-operativos-de-captura-fueron-incautados-brownies-con-marihuana-marihuana-empacada-celulares-frascos-de-tucibi-colorantes-saborizantes-marihuana-destilada-Wax-y-un-arma.jpg 1280w\" sizes=\"auto, (max-width: 696px) 100vw, 696px\" \/><figcaption id=\"caption-attachment-249506\" class=\"wp-caption-text\">Durante los operativos de captura fueron incautados brownies con marihuana, marihuana empacada, celulares, frascos de tucibi, colorantes, saborizantes, marihuana destilada (Wax) y un arma<\/figcaption><\/figure>\n<p>La distribuci\u00f3n se realizaba especialmente en los barrios Comfandi, El Prado, San Luis y Ciudad Modelo, oriente y suroriente de esta capital. Se estima que las ganancias que obten\u00eda esta organizaci\u00f3n ascend\u00edan a 600 millones de pesos mensuales.<\/p>\n<p>Los implicados\u00a0fueron imputados por los delitos de concierto para delinquir, fabricaci\u00f3n, tr\u00e1fico y porte de estupefacientes y fabricaci\u00f3n, tr\u00e1fico y porte de armas de fuego, accesorios, partes, y municiones, uso de menores para la comisi\u00f3n de delitos y destinaci\u00f3n il\u00edcita de bienes inmuebles.<\/p>\n<p>Con la desarticulaci\u00f3n de la banda Los Cibern\u00e9ticos se lograron bloquear 5 expendios virtuales y 5 perfiles creados en plataformas sociales.<\/p>\n<p>Los 8 imputados fueron detenidos por agentes de la Sijin de la Polic\u00eda Metropolitana el pasado\u00a0 25 de mayo, en coordinaci\u00f3n con la Fiscal\u00eda, en 7 operativos de registro y allanamiento a viviendas. Seis\u00a0por orden judicial y 2 en flagrancia.<\/p>\n<p>En los allanamientos fueron incautados brownies con marihuana, dosis de tucibi, frascos de colorantes y saborizantes, 37 moldes para hacer pasteles con marihuana, 2 pliegos de Sriker J\u00fapiter.<\/p>\n<p>Un\u00a0 juez penal dict\u00f3 medida de aseguramiento en contra de las 8 presuntos miembros de la banda Los Cibern\u00e9ticos.<\/p>\n<p>Los cobijados con medida de aseguramiento en establecimiento carcelario son Rodolfo Sandoval Duque, Daniel de Jes\u00fas Monsalve, Ana Victoria Andrade Pulido y Kylliam Andr\u00e9s Herrera Palomino. Con medida de aseguramiento en lugar de residencia quedaron vinculados Danilo Andr\u00e9s Su\u00e1rez, Alejandro Caicedo Yule, Hansel Iv\u00e1n Doneys Narv\u00e1ez y Cristi\u00e1n David Estup\u00ed\u00f1an Zuleta.<\/p>\n<p>En lo que va corrido de 2022, la Direcci\u00f3n de Fiscal\u00edas Cali ha logrado desmantelar 29 estructuras criminales y 166 de sus presuntos miembros han sido asegurados por jueces penales con control de garant\u00edas.<\/p>\n<p><strong>La Fiscal\u00eda habla con resultados<\/strong><\/p>\n<p>Le puede interesar:\u00a0<a href=\"https:\/\/www.fiscalia.gov.co\/colombia\/noticias\/privados-de-la-libertad-4-presuntos-integrantes-de-la-banda-ketamina-dedicada-a-la-venta-de-bazuco-y-drogas-sinteticas-en-narino\/\" data-saferedirecturl=\"https:\/\/www.google.com\/url?q=https:\/\/www.fiscalia.gov.co\/colombia\/noticias\/privados-de-la-libertad-4-presuntos-integrantes-de-la-banda-ketamina-dedicada-a-la-venta-de-bazuco-y-drogas-sinteticas-en-narino\/&amp;source=gmail&amp;ust=1654105562855000&amp;usg=AOvVaw2pudx2jqrQAoCT0S2YXWkK\">Privados de la libertad 4 presuntos integrantes de la banda Ketamina, dedicada a la venta de bazuco y drogas sint\u00e9ticas en Nari\u00f1o\u00a0\u00a0<\/a><\/p>\n<p>&nbsp;<\/p>\n<p>&nbsp;<\/p>\n<p>JGP\/MG\/SEG\/DSC<\/p>\n<p>&nbsp;<\/p>\n<p>&nbsp;<\/p>\n<p><em>La informaci\u00f3n contenida en este bolet\u00edn de prensa corresponde a la narraci\u00f3n de los hechos noticiosos objetivos, suministrados por los funcionarios encargados de adelantar las investigaciones penales al interior de la Fiscal\u00eda General de la Naci\u00f3n. Para el momento de la divulgaci\u00f3n de este comunicado, la situaci\u00f3n jur\u00eddica de la(s) persona(s) relacionada(s) se encuentra pendiente de resolver por la autoridad judicial competente, siempre bajo los preceptos de la presunci\u00f3n de inocencia, consagrados en el art\u00edculo 29 de la Constituci\u00f3n Pol\u00edtica y el art\u00edculo 7\u00ba de la Ley 906 de 2004.<\/em><\/p>\n\n<div class=\"twitter-share\"><a href=\"https:\/\/twitter.com\/intent\/tweet?via=fiscaliacol\" class=\"twitter-share-button\">Tweet<\/a><\/div>\n","protected":false},"excerpt":{"rendered":"<p>Un fiscal de la Estructura de Apoyo recaud\u00f3 evidencias con las que logr\u00f3 imputar a 8 presuntos integrantes\u00a0de la banda Los Cibern\u00e9ticos, la cual estar\u00eda dedicada a la venta de drogas sint\u00e9ticas a trav\u00e9s de redes sociales en Cali. Seg\u00fan la investigaci\u00f3n, entre febrero y mayo del presente a\u00f1o, la estructura criminal\u00a0se habr\u00eda dedicado a [&hellip;]<\/p>\n","protected":false},"author":177,"featured_media":0,"comment_status":"closed","ping_status":"open","sticky":false,"template":"","format":"video","meta":{"tdm_status":"","tdm_grid_status":"","footnotes":""},"categories":[1,324,303,24103],"tags":[30077,19421,19966,24526,24481,1047],"class_list":{"0":"post-249504","1":"post","2":"type-post","3":"status-publish","4":"format-video","6":"category-noticias","7":"category-seccional-cali","8":"category-seccionales","9":"category-trafico-de-estupefacientes","10":"tag-cali-valle-del-cauca","11":"tag-drogas-sinteticas","12":"tag-extasis","13":"tag-fiscal-general-francisco-barbosa-delgado","14":"tag-fiscalia-de-colombia","15":"tag-fiscalia-general-de-la-nacion","16":"post_format-post-format-video"},"yoast_head":"<!-- This site is optimized with the Yoast SEO plugin v24.3 - https:\/\/yoast.com\/wordpress\/plugins\/seo\/ -->\n<title>Fiscal\u00eda General de la Naci\u00f3n<\/title>\n<meta name=\"description\" content=\"P\u00e1gina oficial de la Fiscal\u00eda General de la Naci\u00f3n \u2013 Colombia. Garantizamos el acceso efectivo a la justicia, la verdad y la reparaci\u00f3n de las v\u00edctimas de los delitos.\" \/>\n<meta name=\"robots\" content=\"noindex, follow\" \/>\n<meta property=\"og:locale\" content=\"es_ES\" \/>\n<meta property=\"og:type\" content=\"article\" \/>\n<meta property=\"og:title\" content=\"Fiscal\u00eda General de la Naci\u00f3n\" \/>\n<meta property=\"og:description\" content=\"P\u00e1gina oficial de la Fiscal\u00eda General de la Naci\u00f3n \u2013 Colombia. Garantizamos el acceso efectivo a la justicia, la verdad y la reparaci\u00f3n de las v\u00edctimas de los delitos.\" \/>\n<meta property=\"og:url\" content=\"https:\/\/www.fiscalia.gov.co\/colombia\/noticias\/fiscalia-desmantelo-la-banda-los-ciberneticos-que-estaria-dedicada-a-a-la-venta-de-drogas-sinteticas-a-traves-de-redes-sociales\/\" \/>\n<meta property=\"og:site_name\" content=\"Fiscal\u00eda General de la Naci\u00f3n\" \/>\n<meta property=\"article:publisher\" content=\"https:\/\/www.facebook.com\/FiscaliaCol\" \/>\n<meta property=\"article:published_time\" content=\"2022-05-31T19:20:46+00:00\" \/>\n<meta property=\"article:modified_time\" content=\"2022-06-07T20:10:43+00:00\" \/>\n<meta property=\"og:image\" content=\"https:\/\/www.fiscalia.gov.co\/colombia\/wp-content\/uploads\/Fiscal-Barbosa-Los-8-presuntos-miembros-de-la-banda-Los-Ciberneticos-distribuian-al-parecer-drogas-sinteticas-a-traves-de-Instagram-Facebook-Telegram-y-WhatsApp-1024x568.jpg\" \/>\n<meta name=\"author\" content=\"Jordan Leandro Oviedo Anzola\" \/>\n<meta name=\"twitter:card\" content=\"summary_large_image\" \/>\n<meta name=\"twitter:creator\" content=\"@FiscaliaCol\" \/>\n<meta name=\"twitter:site\" content=\"@FiscaliaCol\" \/>\n<meta name=\"twitter:label1\" content=\"Escrito por\" \/>\n\t<meta name=\"twitter:data1\" content=\"Jordan Leandro Oviedo Anzola\" \/>\n\t<meta name=\"twitter:label2\" content=\"Tiempo de lectura\" \/>\n\t<meta name=\"twitter:data2\" content=\"3 minutos\" \/>\n<script type=\"application\/ld+json\" class=\"yoast-schema-graph\">{\"@context\":\"https:\/\/schema.org\",\"@graph\":[{\"@type\":\"Article\",\"@id\":\"https:\/\/www.fiscalia.gov.co\/colombia\/noticias\/fiscalia-desmantelo-la-banda-los-ciberneticos-que-estaria-dedicada-a-a-la-venta-de-drogas-sinteticas-a-traves-de-redes-sociales\/#article\",\"isPartOf\":{\"@id\":\"https:\/\/www.fiscalia.gov.co\/colombia\/noticias\/fiscalia-desmantelo-la-banda-los-ciberneticos-que-estaria-dedicada-a-a-la-venta-de-drogas-sinteticas-a-traves-de-redes-sociales\/\"},\"author\":{\"name\":\"Jordan Leandro Oviedo Anzola\",\"@id\":\"https:\/\/www.fiscalia.gov.co\/colombia\/#\/schema\/person\/bf84402cf293a5393e9c70b111020b24\"},\"headline\":\"Fiscal\u00eda desmantel\u00f3 la banda Los Cibern\u00e9ticos que estar\u00eda dedicada a la venta de drogas sint\u00e9ticas a trav\u00e9s de redes sociales\",\"datePublished\":\"2022-05-31T19:20:46+00:00\",\"dateModified\":\"2022-06-07T20:10:43+00:00\",\"mainEntityOfPage\":{\"@id\":\"https:\/\/www.fiscalia.gov.co\/colombia\/noticias\/fiscalia-desmantelo-la-banda-los-ciberneticos-que-estaria-dedicada-a-a-la-venta-de-drogas-sinteticas-a-traves-de-redes-sociales\/\"},\"wordCount\":611,\"publisher\":{\"@id\":\"https:\/\/www.fiscalia.gov.co\/colombia\/#organization\"},\"image\":{\"@id\":\"https:\/\/www.fiscalia.gov.co\/colombia\/noticias\/fiscalia-desmantelo-la-banda-los-ciberneticos-que-estaria-dedicada-a-a-la-venta-de-drogas-sinteticas-a-traves-de-redes-sociales\/#primaryimage\"},\"thumbnailUrl\":\"https:\/\/www.fiscalia.gov.co\/colombia\/wp-content\/uploads\/Fiscal-Barbosa-Los-8-presuntos-miembros-de-la-banda-Los-Ciberneticos-distribuian-al-parecer-drogas-sinteticas-a-traves-de-Instagram-Facebook-Telegram-y-WhatsApp-1024x568.jpg\",\"keywords\":[\"Cali (Valle del Cauca)\",\"Drogas sint\u00e9ticas\",\"\u00c9xtasis\",\"Fiscal General Francisco Barbosa Delgado\",\"Fiscal\u00eda de Colombia\",\"Fiscal\u00eda General de la Naci\u00f3n\"],\"articleSection\":[\"Noticias\",\"Seccional Cali\",\"Seccionales\",\"Tr\u00e1fico de estupefacientes\"],\"inLanguage\":\"es-CO\"},{\"@type\":\"WebPage\",\"@id\":\"https:\/\/www.fiscalia.gov.co\/colombia\/noticias\/fiscalia-desmantelo-la-banda-los-ciberneticos-que-estaria-dedicada-a-a-la-venta-de-drogas-sinteticas-a-traves-de-redes-sociales\/\",\"url\":\"https:\/\/www.fiscalia.gov.co\/colombia\/noticias\/fiscalia-desmantelo-la-banda-los-ciberneticos-que-estaria-dedicada-a-a-la-venta-de-drogas-sinteticas-a-traves-de-redes-sociales\/\",\"name\":\"Fiscal\u00eda General de la Naci\u00f3n\",\"isPartOf\":{\"@id\":\"https:\/\/www.fiscalia.gov.co\/colombia\/#website\"},\"primaryImageOfPage\":{\"@id\":\"https:\/\/www.fiscalia.gov.co\/colombia\/noticias\/fiscalia-desmantelo-la-banda-los-ciberneticos-que-estaria-dedicada-a-a-la-venta-de-drogas-sinteticas-a-traves-de-redes-sociales\/#primaryimage\"},\"image\":{\"@id\":\"https:\/\/www.fiscalia.gov.co\/colombia\/noticias\/fiscalia-desmantelo-la-banda-los-ciberneticos-que-estaria-dedicada-a-a-la-venta-de-drogas-sinteticas-a-traves-de-redes-sociales\/#primaryimage\"},\"thumbnailUrl\":\"https:\/\/www.fiscalia.gov.co\/colombia\/wp-content\/uploads\/Fiscal-Barbosa-Los-8-presuntos-miembros-de-la-banda-Los-Ciberneticos-distribuian-al-parecer-drogas-sinteticas-a-traves-de-Instagram-Facebook-Telegram-y-WhatsApp-1024x568.jpg\",\"datePublished\":\"2022-05-31T19:20:46+00:00\",\"dateModified\":\"2022-06-07T20:10:43+00:00\",\"description\":\"P\u00e1gina oficial de la Fiscal\u00eda General de la Naci\u00f3n \u2013 Colombia. Garantizamos el acceso efectivo a la justicia, la verdad y la reparaci\u00f3n de las v\u00edctimas de los delitos.\",\"breadcrumb\":{\"@id\":\"https:\/\/www.fiscalia.gov.co\/colombia\/noticias\/fiscalia-desmantelo-la-banda-los-ciberneticos-que-estaria-dedicada-a-a-la-venta-de-drogas-sinteticas-a-traves-de-redes-sociales\/#breadcrumb\"},\"inLanguage\":\"es-CO\",\"potentialAction\":[{\"@type\":\"ReadAction\",\"target\":[\"https:\/\/www.fiscalia.gov.co\/colombia\/noticias\/fiscalia-desmantelo-la-banda-los-ciberneticos-que-estaria-dedicada-a-a-la-venta-de-drogas-sinteticas-a-traves-de-redes-sociales\/\"]}]},{\"@type\":\"ImageObject\",\"inLanguage\":\"es-CO\",\"@id\":\"https:\/\/www.fiscalia.gov.co\/colombia\/noticias\/fiscalia-desmantelo-la-banda-los-ciberneticos-que-estaria-dedicada-a-a-la-venta-de-drogas-sinteticas-a-traves-de-redes-sociales\/#primaryimage\",\"url\":\"https:\/\/www.fiscalia.gov.co\/colombia\/wp-content\/uploads\/Fiscal-Barbosa-Los-8-presuntos-miembros-de-la-banda-Los-Ciberneticos-distribuian-al-parecer-drogas-sinteticas-a-traves-de-Instagram-Facebook-Telegram-y-WhatsApp.jpg\",\"contentUrl\":\"https:\/\/www.fiscalia.gov.co\/colombia\/wp-content\/uploads\/Fiscal-Barbosa-Los-8-presuntos-miembros-de-la-banda-Los-Ciberneticos-distribuian-al-parecer-drogas-sinteticas-a-traves-de-Instagram-Facebook-Telegram-y-WhatsApp.jpg\",\"width\":1280,\"height\":710,\"caption\":\"Los 8 presuntos miembros de la banda Los Cibern\u00e9ticos distribu\u00edan, al parecer, drogas sint\u00e9ticas a trav\u00e9s de Instagram, Facebook, Telegram y WhatsApp.\"},{\"@type\":\"BreadcrumbList\",\"@id\":\"https:\/\/www.fiscalia.gov.co\/colombia\/noticias\/fiscalia-desmantelo-la-banda-los-ciberneticos-que-estaria-dedicada-a-a-la-venta-de-drogas-sinteticas-a-traves-de-redes-sociales\/#breadcrumb\",\"itemListElement\":[{\"@type\":\"ListItem\",\"position\":1,\"name\":\"Home\",\"item\":\"https:\/\/www.fiscalia.gov.co\/colombia\/\"},{\"@type\":\"ListItem\",\"position\":2,\"name\":\"Fiscal\u00eda desmantel\u00f3 la banda Los Cibern\u00e9ticos que estar\u00eda dedicada a la venta de drogas sint\u00e9ticas a trav\u00e9s de redes sociales\"}]},{\"@type\":\"WebSite\",\"@id\":\"https:\/\/www.fiscalia.gov.co\/colombia\/#website\",\"url\":\"https:\/\/www.fiscalia.gov.co\/colombia\/\",\"name\":\"Fiscal\u00eda General de la Naci\u00f3n\",\"description\":\"P\u00e1gina oficial de la Fiscal\u00eda General de la Naci\u00f3n \u2013 Colombia. Garantizamos el acceso efectivo a la justicia, la verdad y la reparaci\u00f3n de las v\u00edctimas de los delitos.\",\"publisher\":{\"@id\":\"https:\/\/www.fiscalia.gov.co\/colombia\/#organization\"},\"potentialAction\":[{\"@type\":\"SearchAction\",\"target\":{\"@type\":\"EntryPoint\",\"urlTemplate\":\"https:\/\/www.fiscalia.gov.co\/colombia\/?s={search_term_string}\"},\"query-input\":{\"@type\":\"PropertyValueSpecification\",\"valueRequired\":true,\"valueName\":\"search_term_string\"}}],\"inLanguage\":\"es-CO\"},{\"@type\":\"Organization\",\"@id\":\"https:\/\/www.fiscalia.gov.co\/colombia\/#organization\",\"name\":\"Fiscal\u00eda General de la Naci\u00f3n\",\"url\":\"https:\/\/www.fiscalia.gov.co\/colombia\/\",\"logo\":{\"@type\":\"ImageObject\",\"inLanguage\":\"es-CO\",\"@id\":\"https:\/\/www.fiscalia.gov.co\/colombia\/#\/schema\/logo\/image\/\",\"url\":\"https:\/\/www.fiscalia.gov.co\/colombia\/wp-content\/uploads\/LogoHorizontal_1.jpg\",\"contentUrl\":\"https:\/\/www.fiscalia.gov.co\/colombia\/wp-content\/uploads\/LogoHorizontal_1.jpg\",\"width\":300,\"height\":90,\"caption\":\"Fiscal\u00eda General de la Naci\u00f3n\"},\"image\":{\"@id\":\"https:\/\/www.fiscalia.gov.co\/colombia\/#\/schema\/logo\/image\/\"},\"sameAs\":[\"https:\/\/www.facebook.com\/FiscaliaCol\",\"https:\/\/x.com\/FiscaliaCol\",\"https:\/\/www.instagram.com\/fiscaliacol\",\"https:\/\/www.linkedin.com\/company\/fiscalia-general-de-la-naci-n\/\",\"https:\/\/youtube.com\/@fiscaliageneraldelanacion-4668?si=6nN79nyQICPU5iTh\"]},{\"@type\":\"Person\",\"@id\":\"https:\/\/www.fiscalia.gov.co\/colombia\/#\/schema\/person\/bf84402cf293a5393e9c70b111020b24\",\"name\":\"Jordan Leandro Oviedo Anzola\",\"image\":{\"@type\":\"ImageObject\",\"inLanguage\":\"es-CO\",\"@id\":\"https:\/\/www.fiscalia.gov.co\/colombia\/#\/schema\/person\/image\/\",\"url\":\"https:\/\/secure.gravatar.com\/avatar\/dabba4346fa9b9207d96adafa8f92721?s=96&d=mm&r=g\",\"contentUrl\":\"https:\/\/secure.gravatar.com\/avatar\/dabba4346fa9b9207d96adafa8f92721?s=96&d=mm&r=g\",\"caption\":\"Jordan Leandro Oviedo Anzola\"},\"url\":\"https:\/\/www.fiscalia.gov.co\/colombia\/author\/joviedo\/\"}]}<\/script>\n<!-- \/ Yoast SEO plugin. -->","yoast_head_json":{"title":"Fiscal\u00eda General de la Naci\u00f3n","description":"P\u00e1gina oficial de la Fiscal\u00eda General de la Naci\u00f3n \u2013 Colombia. Garantizamos el acceso efectivo a la justicia, la verdad y la reparaci\u00f3n de las v\u00edctimas de los delitos.","robots":{"index":"noindex","follow":"follow"},"og_locale":"es_ES","og_type":"article","og_title":"Fiscal\u00eda General de la Naci\u00f3n","og_description":"P\u00e1gina oficial de la Fiscal\u00eda General de la Naci\u00f3n \u2013 Colombia. Garantizamos el acceso efectivo a la justicia, la verdad y la reparaci\u00f3n de las v\u00edctimas de los delitos.","og_url":"https:\/\/www.fiscalia.gov.co\/colombia\/noticias\/fiscalia-desmantelo-la-banda-los-ciberneticos-que-estaria-dedicada-a-a-la-venta-de-drogas-sinteticas-a-traves-de-redes-sociales\/","og_site_name":"Fiscal\u00eda General de la Naci\u00f3n","article_publisher":"https:\/\/www.facebook.com\/FiscaliaCol","article_published_time":"2022-05-31T19:20:46+00:00","article_modified_time":"2022-06-07T20:10:43+00:00","og_image":[{"url":"https:\/\/www.fiscalia.gov.co\/colombia\/wp-content\/uploads\/Fiscal-Barbosa-Los-8-presuntos-miembros-de-la-banda-Los-Ciberneticos-distribuian-al-parecer-drogas-sinteticas-a-traves-de-Instagram-Facebook-Telegram-y-WhatsApp-1024x568.jpg","type":"","width":"","height":""}],"author":"Jordan Leandro Oviedo Anzola","twitter_card":"summary_large_image","twitter_creator":"@FiscaliaCol","twitter_site":"@FiscaliaCol","twitter_misc":{"Escrito por":"Jordan Leandro Oviedo Anzola","Tiempo de lectura":"3 minutos"},"schema":{"@context":"https:\/\/schema.org","@graph":[{"@type":"Article","@id":"https:\/\/www.fiscalia.gov.co\/colombia\/noticias\/fiscalia-desmantelo-la-banda-los-ciberneticos-que-estaria-dedicada-a-a-la-venta-de-drogas-sinteticas-a-traves-de-redes-sociales\/#article","isPartOf":{"@id":"https:\/\/www.fiscalia.gov.co\/colombia\/noticias\/fiscalia-desmantelo-la-banda-los-ciberneticos-que-estaria-dedicada-a-a-la-venta-de-drogas-sinteticas-a-traves-de-redes-sociales\/"},"author":{"name":"Jordan Leandro Oviedo Anzola","@id":"https:\/\/www.fiscalia.gov.co\/colombia\/#\/schema\/person\/bf84402cf293a5393e9c70b111020b24"},"headline":"Fiscal\u00eda desmantel\u00f3 la banda Los Cibern\u00e9ticos que estar\u00eda dedicada a la venta de drogas sint\u00e9ticas a trav\u00e9s de redes sociales","datePublished":"2022-05-31T19:20:46+00:00","dateModified":"2022-06-07T20:10:43+00:00","mainEntityOfPage":{"@id":"https:\/\/www.fiscalia.gov.co\/colombia\/noticias\/fiscalia-desmantelo-la-banda-los-ciberneticos-que-estaria-dedicada-a-a-la-venta-de-drogas-sinteticas-a-traves-de-redes-sociales\/"},"wordCount":611,"publisher":{"@id":"https:\/\/www.fiscalia.gov.co\/colombia\/#organization"},"image":{"@id":"https:\/\/www.fiscalia.gov.co\/colombia\/noticias\/fiscalia-desmantelo-la-banda-los-ciberneticos-que-estaria-dedicada-a-a-la-venta-de-drogas-sinteticas-a-traves-de-redes-sociales\/#primaryimage"},"thumbnailUrl":"https:\/\/www.fiscalia.gov.co\/colombia\/wp-content\/uploads\/Fiscal-Barbosa-Los-8-presuntos-miembros-de-la-banda-Los-Ciberneticos-distribuian-al-parecer-drogas-sinteticas-a-traves-de-Instagram-Facebook-Telegram-y-WhatsApp-1024x568.jpg","keywords":["Cali (Valle del Cauca)","Drogas sint\u00e9ticas","\u00c9xtasis","Fiscal General Francisco Barbosa Delgado","Fiscal\u00eda de Colombia","Fiscal\u00eda General de la Naci\u00f3n"],"articleSection":["Noticias","Seccional Cali","Seccionales","Tr\u00e1fico de estupefacientes"],"inLanguage":"es-CO"},{"@type":"WebPage","@id":"https:\/\/www.fiscalia.gov.co\/colombia\/noticias\/fiscalia-desmantelo-la-banda-los-ciberneticos-que-estaria-dedicada-a-a-la-venta-de-drogas-sinteticas-a-traves-de-redes-sociales\/","url":"https:\/\/www.fiscalia.gov.co\/colombia\/noticias\/fiscalia-desmantelo-la-banda-los-ciberneticos-que-estaria-dedicada-a-a-la-venta-de-drogas-sinteticas-a-traves-de-redes-sociales\/","name":"Fiscal\u00eda General de la Naci\u00f3n","isPartOf":{"@id":"https:\/\/www.fiscalia.gov.co\/colombia\/#website"},"primaryImageOfPage":{"@id":"https:\/\/www.fiscalia.gov.co\/colombia\/noticias\/fiscalia-desmantelo-la-banda-los-ciberneticos-que-estaria-dedicada-a-a-la-venta-de-drogas-sinteticas-a-traves-de-redes-sociales\/#primaryimage"},"image":{"@id":"https:\/\/www.fiscalia.gov.co\/colombia\/noticias\/fiscalia-desmantelo-la-banda-los-ciberneticos-que-estaria-dedicada-a-a-la-venta-de-drogas-sinteticas-a-traves-de-redes-sociales\/#primaryimage"},"thumbnailUrl":"https:\/\/www.fiscalia.gov.co\/colombia\/wp-content\/uploads\/Fiscal-Barbosa-Los-8-presuntos-miembros-de-la-banda-Los-Ciberneticos-distribuian-al-parecer-drogas-sinteticas-a-traves-de-Instagram-Facebook-Telegram-y-WhatsApp-1024x568.jpg","datePublished":"2022-05-31T19:20:46+00:00","dateModified":"2022-06-07T20:10:43+00:00","description":"P\u00e1gina oficial de la Fiscal\u00eda General de la Naci\u00f3n \u2013 Colombia. Garantizamos el acceso efectivo a la justicia, la verdad y la reparaci\u00f3n de las v\u00edctimas de los delitos.","breadcrumb":{"@id":"https:\/\/www.fiscalia.gov.co\/colombia\/noticias\/fiscalia-desmantelo-la-banda-los-ciberneticos-que-estaria-dedicada-a-a-la-venta-de-drogas-sinteticas-a-traves-de-redes-sociales\/#breadcrumb"},"inLanguage":"es-CO","potentialAction":[{"@type":"ReadAction","target":["https:\/\/www.fiscalia.gov.co\/colombia\/noticias\/fiscalia-desmantelo-la-banda-los-ciberneticos-que-estaria-dedicada-a-a-la-venta-de-drogas-sinteticas-a-traves-de-redes-sociales\/"]}]},{"@type":"ImageObject","inLanguage":"es-CO","@id":"https:\/\/www.fiscalia.gov.co\/colombia\/noticias\/fiscalia-desmantelo-la-banda-los-ciberneticos-que-estaria-dedicada-a-a-la-venta-de-drogas-sinteticas-a-traves-de-redes-sociales\/#primaryimage","url":"https:\/\/www.fiscalia.gov.co\/colombia\/wp-content\/uploads\/Fiscal-Barbosa-Los-8-presuntos-miembros-de-la-banda-Los-Ciberneticos-distribuian-al-parecer-drogas-sinteticas-a-traves-de-Instagram-Facebook-Telegram-y-WhatsApp.jpg","contentUrl":"https:\/\/www.fiscalia.gov.co\/colombia\/wp-content\/uploads\/Fiscal-Barbosa-Los-8-presuntos-miembros-de-la-banda-Los-Ciberneticos-distribuian-al-parecer-drogas-sinteticas-a-traves-de-Instagram-Facebook-Telegram-y-WhatsApp.jpg","width":1280,"height":710,"caption":"Los 8 presuntos miembros de la banda Los Cibern\u00e9ticos distribu\u00edan, al parecer, drogas sint\u00e9ticas a trav\u00e9s de Instagram, Facebook, Telegram y WhatsApp."},{"@type":"BreadcrumbList","@id":"https:\/\/www.fiscalia.gov.co\/colombia\/noticias\/fiscalia-desmantelo-la-banda-los-ciberneticos-que-estaria-dedicada-a-a-la-venta-de-drogas-sinteticas-a-traves-de-redes-sociales\/#breadcrumb","itemListElement":[{"@type":"ListItem","position":1,"name":"Home","item":"https:\/\/www.fiscalia.gov.co\/colombia\/"},{"@type":"ListItem","position":2,"name":"Fiscal\u00eda desmantel\u00f3 la banda Los Cibern\u00e9ticos que estar\u00eda dedicada a la venta de drogas sint\u00e9ticas a trav\u00e9s de redes sociales"}]},{"@type":"WebSite","@id":"https:\/\/www.fiscalia.gov.co\/colombia\/#website","url":"https:\/\/www.fiscalia.gov.co\/colombia\/","name":"Fiscal\u00eda General de la Naci\u00f3n","description":"P\u00e1gina oficial de la Fiscal\u00eda General de la Naci\u00f3n \u2013 Colombia. Garantizamos el acceso efectivo a la justicia, la verdad y la reparaci\u00f3n de las v\u00edctimas de los delitos.","publisher":{"@id":"https:\/\/www.fiscalia.gov.co\/colombia\/#organization"},"potentialAction":[{"@type":"SearchAction","target":{"@type":"EntryPoint","urlTemplate":"https:\/\/www.fiscalia.gov.co\/colombia\/?s={search_term_string}"},"query-input":{"@type":"PropertyValueSpecification","valueRequired":true,"valueName":"search_term_string"}}],"inLanguage":"es-CO"},{"@type":"Organization","@id":"https:\/\/www.fiscalia.gov.co\/colombia\/#organization","name":"Fiscal\u00eda General de la Naci\u00f3n","url":"https:\/\/www.fiscalia.gov.co\/colombia\/","logo":{"@type":"ImageObject","inLanguage":"es-CO","@id":"https:\/\/www.fiscalia.gov.co\/colombia\/#\/schema\/logo\/image\/","url":"https:\/\/www.fiscalia.gov.co\/colombia\/wp-content\/uploads\/LogoHorizontal_1.jpg","contentUrl":"https:\/\/www.fiscalia.gov.co\/colombia\/wp-content\/uploads\/LogoHorizontal_1.jpg","width":300,"height":90,"caption":"Fiscal\u00eda General de la Naci\u00f3n"},"image":{"@id":"https:\/\/www.fiscalia.gov.co\/colombia\/#\/schema\/logo\/image\/"},"sameAs":["https:\/\/www.facebook.com\/FiscaliaCol","https:\/\/x.com\/FiscaliaCol","https:\/\/www.instagram.com\/fiscaliacol","https:\/\/www.linkedin.com\/company\/fiscalia-general-de-la-naci-n\/","https:\/\/youtube.com\/@fiscaliageneraldelanacion-4668?si=6nN79nyQICPU5iTh"]},{"@type":"Person","@id":"https:\/\/www.fiscalia.gov.co\/colombia\/#\/schema\/person\/bf84402cf293a5393e9c70b111020b24","name":"Jordan Leandro Oviedo Anzola","image":{"@type":"ImageObject","inLanguage":"es-CO","@id":"https:\/\/www.fiscalia.gov.co\/colombia\/#\/schema\/person\/image\/","url":"https:\/\/secure.gravatar.com\/avatar\/dabba4346fa9b9207d96adafa8f92721?s=96&d=mm&r=g","contentUrl":"https:\/\/secure.gravatar.com\/avatar\/dabba4346fa9b9207d96adafa8f92721?s=96&d=mm&r=g","caption":"Jordan Leandro Oviedo Anzola"},"url":"https:\/\/www.fiscalia.gov.co\/colombia\/author\/joviedo\/"}]}},"_links":{"self":[{"href":"https:\/\/www.fiscalia.gov.co\/colombia\/wp-json\/wp\/v2\/posts\/249504","targetHints":{"allow":["GET"]}}],"collection":[{"href":"https:\/\/www.fiscalia.gov.co\/colombia\/wp-json\/wp\/v2\/posts"}],"about":[{"href":"https:\/\/www.fiscalia.gov.co\/colombia\/wp-json\/wp\/v2\/types\/post"}],"author":[{"embeddable":true,"href":"https:\/\/www.fiscalia.gov.co\/colombia\/wp-json\/wp\/v2\/users\/177"}],"replies":[{"embeddable":true,"href":"https:\/\/www.fiscalia.gov.co\/colombia\/wp-json\/wp\/v2\/comments?post=249504"}],"version-history":[{"count":3,"href":"https:\/\/www.fiscalia.gov.co\/colombia\/wp-json\/wp\/v2\/posts\/249504\/revisions"}],"predecessor-version":[{"id":250065,"href":"https:\/\/www.fiscalia.gov.co\/colombia\/wp-json\/wp\/v2\/posts\/249504\/revisions\/250065"}],"wp:attachment":[{"href":"https:\/\/www.fiscalia.gov.co\/colombia\/wp-json\/wp\/v2\/media?parent=249504"}],"wp:term":[{"taxonomy":"category","embeddable":true,"href":"https:\/\/www.fiscalia.gov.co\/colombia\/wp-json\/wp\/v2\/categories?post=249504"},{"taxonomy":"post_tag","embeddable":true,"href":"https:\/\/www.fiscalia.gov.co\/colombia\/wp-json\/wp\/v2\/tags?post=249504"}],"curies":[{"name":"wp","href":"https:\/\/api.w.org\/{rel}","templated":true}]}}