{"id":249306,"date":"2022-05-26T16:48:43","date_gmt":"2022-05-26T21:48:43","guid":{"rendered":"https:\/\/www.fiscalia.gov.co\/colombia\/?p=249306"},"modified":"2022-06-03T15:57:46","modified_gmt":"2022-06-03T20:57:46","slug":"privados-de-la-libertad-dos-presuntos-integrantes-de-las-disidencias-comandos-bolivarianos-de-frontera-al-parecer-dedicados-a-la-comision-de-homicidios-trafico-de-estupefacientes","status":"publish","type":"post","link":"https:\/\/www.fiscalia.gov.co\/colombia\/noticias\/privados-de-la-libertad-dos-presuntos-integrantes-de-las-disidencias-comandos-bolivarianos-de-frontera-al-parecer-dedicados-a-la-comision-de-homicidios-trafico-de-estupefacientes\/","title":{"rendered":"Privados de la libertad dos presuntos integrantes de las disidencias\u00a0\u2018Comandos Bolivarianos de Frontera, al parecer dedicados a la comisi\u00f3n de homicidios,\u00a0tr\u00e1fico de estupefacientes y porte ilegal de armas\u00a0en\u00a0Putumayo y Cauca"},"content":{"rendered":"<div>\n<div>\n<p>A solicitud de la Fiscal\u00eda General de la Naci\u00f3n, un juez de control de garant\u00edas priv\u00f3 de la libertad en centro carcelario a Jhon Freddy Restrepo C\u00e1rdenas, alias Jhon; y Manuel Jos\u00e9 Montoya, alias William, quienes al parecer hac\u00edan parte de las disidencias de las Farc\u00a0<b>\u2018Comandos Bolivarianos de Frontera\u2019.\u00a0<\/b><\/p>\n<figure id=\"attachment_249308\" aria-describedby=\"caption-attachment-249308\" style=\"width: 696px\" class=\"wp-caption aligncenter\"><img loading=\"lazy\" decoding=\"async\" class=\"size-large wp-image-249308\" src=\"https:\/\/www.fiscalia.gov.co\/colombia\/wp-content\/uploads\/Fiscal-Barbosa-Jhon-Freddy-Restrepo-Cardenas-y-Manuel-Jose-Montoya-1024x768.jpeg\" alt=\"\" width=\"696\" height=\"522\" srcset=\"https:\/\/www.fiscalia.gov.co\/colombia\/wp-content\/uploads\/Fiscal-Barbosa-Jhon-Freddy-Restrepo-Cardenas-y-Manuel-Jose-Montoya-1024x768.jpeg 1024w, https:\/\/www.fiscalia.gov.co\/colombia\/wp-content\/uploads\/Fiscal-Barbosa-Jhon-Freddy-Restrepo-Cardenas-y-Manuel-Jose-Montoya-300x225.jpeg 300w, https:\/\/www.fiscalia.gov.co\/colombia\/wp-content\/uploads\/Fiscal-Barbosa-Jhon-Freddy-Restrepo-Cardenas-y-Manuel-Jose-Montoya-768x576.jpeg 768w, https:\/\/www.fiscalia.gov.co\/colombia\/wp-content\/uploads\/Fiscal-Barbosa-Jhon-Freddy-Restrepo-Cardenas-y-Manuel-Jose-Montoya-696x522.jpeg 696w, https:\/\/www.fiscalia.gov.co\/colombia\/wp-content\/uploads\/Fiscal-Barbosa-Jhon-Freddy-Restrepo-Cardenas-y-Manuel-Jose-Montoya-1068x801.jpeg 1068w, https:\/\/www.fiscalia.gov.co\/colombia\/wp-content\/uploads\/Fiscal-Barbosa-Jhon-Freddy-Restrepo-Cardenas-y-Manuel-Jose-Montoya-560x420.jpeg 560w, https:\/\/www.fiscalia.gov.co\/colombia\/wp-content\/uploads\/Fiscal-Barbosa-Jhon-Freddy-Restrepo-Cardenas-y-Manuel-Jose-Montoya-80x60.jpeg 80w, https:\/\/www.fiscalia.gov.co\/colombia\/wp-content\/uploads\/Fiscal-Barbosa-Jhon-Freddy-Restrepo-Cardenas-y-Manuel-Jose-Montoya-265x198.jpeg 265w, https:\/\/www.fiscalia.gov.co\/colombia\/wp-content\/uploads\/Fiscal-Barbosa-Jhon-Freddy-Restrepo-Cardenas-y-Manuel-Jose-Montoya.jpeg 1280w\" sizes=\"auto, (max-width: 696px) 100vw, 696px\" \/><figcaption id=\"caption-attachment-249308\" class=\"wp-caption-text\">Jhon Freddy Restrepo C\u00e1rdenas y Manuel Jos\u00e9 Montoya, ser\u00edan integrantes del grupo disidente\u00a0\u00a0\u2018Comandos Bolivarianos de Frontera\u2019 y al momento de la captura ten\u00edan en su poder m\u00e1s de 44 millones de pesos.<\/figcaption><\/figure>\n<p>El ente investigador les imput\u00f3 a los dos hombres cargos por\u00a0concierto para delinquir agravado, lavado de activos y enriquecimiento il\u00edcito, a los cuales no se allanaron.<\/p>\n<p>Los hombres fueron capturados en La Hormiga, Valle del Guamuez (Putumayo) por Servidores del Cuerpo T\u00e9cnico de Investigaci\u00f3n (CTI), junto con uniformados del Ej\u00e9rcito y Polic\u00eda Nacional.<\/p>\n<p>Durante el registro las autoridades hallaron en poder de los procesados\u00a0<b>$44&#8217;450.000 y celulares<\/b>. El juez competente decret\u00f3\u00a0el\u00a0<b>comiso y suspensi\u00f3n del poder dispositivo<\/b>\u00a0del dinero incautado.<\/p>\n<p>De acuerdo con las investigaciones y las evidencias recolectadas, estas personas supuestamente vend\u00edan delinquiendo en diferentes municipios de los departamentos de Putumayo y Cauca, donde se dedicar\u00edan\u00a0<b>a la comisi\u00f3n de homicidios,\u00a0tr\u00e1fico de estupefacientes y porte ilegal de armas.\u00a0<\/b><\/p>\n<p>La Fiscal\u00eda General de La Naci\u00f3n habla con resultados.<\/p>\n<\/div>\n<\/div>\n<p><b>Tambi\u00e9n le puede interesar:<\/b>\u00a0<a title=\"Asegurado presunto cabecilla del grupo residual comandos bolivarianos de frontera por homicidio de un reincorporado y su pareja en Putumayo\" href=\"https:\/\/www.fiscalia.gov.co\/colombia\/noticias\/asegurado-presunto-cabecilla-del-grupo-residual-comandos-bolivarianos-de-frontera-por-homicidio-de-un-reincorporado-y-su-pareja-en-putumayo\/\" target=\"_blank\" rel=\"noopener\" data-saferedirecturl=\"https:\/\/www.google.com\/url?q=https:\/\/www.fiscalia.gov.co\/colombia\/noticias\/asegurado-presunto-cabecilla-del-grupo-residual-comandos-bolivarianos-de-frontera-por-homicidio-de-un-reincorporado-y-su-pareja-en-putumayo\/&amp;source=gmail&amp;ust=1653678401558000&amp;usg=AOvVaw1AkEgvmxxADgmA1ubNSkOC\">Asegurado presunto cabecilla del grupo residual comandos bolivarianos de frontera por homicidio de un reincorporado y su pareja en Putumayo<\/a><\/p>\n<p>&nbsp;<\/p>\n<div>\n<p>&nbsp;<\/p>\n<p>LMGM\/MG\/GRM\/DSP<\/p>\n<p>&nbsp;<\/p>\n<p>&nbsp;<\/p>\n<p><i>La informaci\u00f3n contenida en este bolet\u00edn de prensa corresponde a la narraci\u00f3n de los hechos noticiosos objetivos, suministrados por los funcionarios encargados de adelantar las investigaciones penales al interior de la Fiscal\u00eda General de la Naci\u00f3n. Para el momento de la divulgaci\u00f3n de este comunicado, la situaci\u00f3n jur\u00eddica de la(s) persona(s) relacionada(s) se encuentra pendiente de resolver por la autoridad judicial competente, siempre bajo los preceptos de la presunci\u00f3n de inocencia, consagrados en el art\u00edculo 29 de la Constituci\u00f3n Pol\u00edtica y el art\u00edculo 7\u00ba de la Ley 906 de 2004.\u200b\u00a0_<\/i><\/p>\n<p>&nbsp;<\/p>\n<p>&nbsp;<\/p>\n<p><b>Etiquetas:\u00a0<\/b><\/p>\n<\/div>\n\n<div class=\"twitter-share\"><a href=\"https:\/\/twitter.com\/intent\/tweet?via=fiscaliacol\" class=\"twitter-share-button\">Tweet<\/a><\/div>\n","protected":false},"excerpt":{"rendered":"<p>A solicitud de la Fiscal\u00eda General de la Naci\u00f3n, un juez de control de garant\u00edas priv\u00f3 de la libertad en centro carcelario a Jhon Freddy Restrepo C\u00e1rdenas, alias Jhon; y Manuel Jos\u00e9 Montoya, alias William, quienes al parecer hac\u00edan parte de las disidencias de las Farc\u00a0\u2018Comandos Bolivarianos de Frontera\u2019.\u00a0 El ente investigador les imput\u00f3 a [&hellip;]<\/p>\n","protected":false},"author":177,"featured_media":0,"comment_status":"closed","ping_status":"open","sticky":false,"template":"","format":"video","meta":{"_price":"","_stock":"","_tribe_ticket_header":"","_tribe_default_ticket_provider":"","_tribe_ticket_capacity":"0","_ticket_start_date":"","_ticket_end_date":"","_tribe_ticket_show_description":"","_tribe_ticket_show_not_going":false,"_tribe_ticket_use_global_stock":"","_tribe_ticket_global_stock_level":"","_global_stock_mode":"","_global_stock_cap":"","_tribe_rsvp_for_event":"","_tribe_ticket_going_count":"","_tribe_ticket_not_going_count":"","_tribe_tickets_list":"[]","_tribe_ticket_has_attendee_info_fields":false,"tdm_status":"","tdm_grid_status":"","footnotes":""},"categories":[1,2910,303,24099],"tags":[31782,31783,2712,31781,24712,31780,2279],"class_list":{"0":"post-249306","1":"post","2":"type-post","3":"status-publish","4":"format-video","6":"category-noticias","7":"category-seccional-mocoa","8":"category-seccionales","9":"category-seguridad-territorial","10":"tag-alias-jhon","11":"tag-alias-william","12":"tag-cauca","13":"tag-comandos-bolivarianos-de-frontera","14":"tag-disidencias-de-las-farc","15":"tag-mocoa-putumayo","16":"tag-putumayo","17":"post_format-post-format-video"},"yoast_head":"<!-- This site is optimized with the Yoast SEO plugin v24.3 - https:\/\/yoast.com\/wordpress\/plugins\/seo\/ -->\n<title>Fiscal\u00eda General de la Naci\u00f3n<\/title>\n<meta name=\"description\" content=\"P\u00e1gina oficial de la Fiscal\u00eda General de la Naci\u00f3n \u2013 Colombia. Garantizamos el acceso efectivo a la justicia, la verdad y la reparaci\u00f3n de las v\u00edctimas de los delitos.\" \/>\n<meta name=\"robots\" content=\"noindex, follow\" \/>\n<meta property=\"og:locale\" content=\"es_ES\" \/>\n<meta property=\"og:type\" content=\"article\" \/>\n<meta property=\"og:title\" content=\"Fiscal\u00eda General de la Naci\u00f3n\" \/>\n<meta property=\"og:description\" content=\"P\u00e1gina oficial de la Fiscal\u00eda General de la Naci\u00f3n \u2013 Colombia. Garantizamos el acceso efectivo a la justicia, la verdad y la reparaci\u00f3n de las v\u00edctimas de los delitos.\" \/>\n<meta property=\"og:url\" content=\"https:\/\/www.fiscalia.gov.co\/colombia\/noticias\/privados-de-la-libertad-dos-presuntos-integrantes-de-las-disidencias-comandos-bolivarianos-de-frontera-al-parecer-dedicados-a-la-comision-de-homicidios-trafico-de-estupefacientes\/\" \/>\n<meta property=\"og:site_name\" content=\"Fiscal\u00eda General de la Naci\u00f3n\" \/>\n<meta property=\"article:publisher\" content=\"https:\/\/www.facebook.com\/FiscaliaCol\" \/>\n<meta property=\"article:published_time\" content=\"2022-05-26T21:48:43+00:00\" \/>\n<meta property=\"article:modified_time\" content=\"2022-06-03T20:57:46+00:00\" \/>\n<meta property=\"og:image\" content=\"https:\/\/www.fiscalia.gov.co\/colombia\/wp-content\/uploads\/Fiscal-Barbosa-Jhon-Freddy-Restrepo-Cardenas-y-Manuel-Jose-Montoya-1024x768.jpeg\" \/>\n<meta name=\"author\" content=\"Jordan Leandro Oviedo Anzola\" \/>\n<meta name=\"twitter:card\" content=\"summary_large_image\" \/>\n<meta name=\"twitter:creator\" content=\"@FiscaliaCol\" \/>\n<meta name=\"twitter:site\" content=\"@FiscaliaCol\" \/>\n<meta name=\"twitter:label1\" content=\"Escrito por\" \/>\n\t<meta name=\"twitter:data1\" content=\"Jordan Leandro Oviedo Anzola\" \/>\n\t<meta name=\"twitter:label2\" content=\"Tiempo de lectura\" \/>\n\t<meta name=\"twitter:data2\" content=\"2 minutos\" \/>\n<script type=\"application\/ld+json\" class=\"yoast-schema-graph\">{\"@context\":\"https:\/\/schema.org\",\"@graph\":[{\"@type\":\"Article\",\"@id\":\"https:\/\/www.fiscalia.gov.co\/colombia\/noticias\/privados-de-la-libertad-dos-presuntos-integrantes-de-las-disidencias-comandos-bolivarianos-de-frontera-al-parecer-dedicados-a-la-comision-de-homicidios-trafico-de-estupefacientes\/#article\",\"isPartOf\":{\"@id\":\"https:\/\/www.fiscalia.gov.co\/colombia\/noticias\/privados-de-la-libertad-dos-presuntos-integrantes-de-las-disidencias-comandos-bolivarianos-de-frontera-al-parecer-dedicados-a-la-comision-de-homicidios-trafico-de-estupefacientes\/\"},\"author\":{\"name\":\"Jordan Leandro Oviedo Anzola\",\"@id\":\"https:\/\/www.fiscalia.gov.co\/colombia\/#\/schema\/person\/bf84402cf293a5393e9c70b111020b24\"},\"headline\":\"Privados de la libertad dos presuntos integrantes de las disidencias\u00a0\u2018Comandos Bolivarianos de Frontera, al parecer dedicados a la comisi\u00f3n de homicidios,\u00a0tr\u00e1fico de estupefacientes y porte ilegal de armas\u00a0en\u00a0Putumayo y Cauca\",\"datePublished\":\"2022-05-26T21:48:43+00:00\",\"dateModified\":\"2022-06-03T20:57:46+00:00\",\"mainEntityOfPage\":{\"@id\":\"https:\/\/www.fiscalia.gov.co\/colombia\/noticias\/privados-de-la-libertad-dos-presuntos-integrantes-de-las-disidencias-comandos-bolivarianos-de-frontera-al-parecer-dedicados-a-la-comision-de-homicidios-trafico-de-estupefacientes\/\"},\"wordCount\":415,\"publisher\":{\"@id\":\"https:\/\/www.fiscalia.gov.co\/colombia\/#organization\"},\"image\":{\"@id\":\"https:\/\/www.fiscalia.gov.co\/colombia\/noticias\/privados-de-la-libertad-dos-presuntos-integrantes-de-las-disidencias-comandos-bolivarianos-de-frontera-al-parecer-dedicados-a-la-comision-de-homicidios-trafico-de-estupefacientes\/#primaryimage\"},\"thumbnailUrl\":\"https:\/\/www.fiscalia.gov.co\/colombia\/wp-content\/uploads\/Fiscal-Barbosa-Jhon-Freddy-Restrepo-Cardenas-y-Manuel-Jose-Montoya-1024x768.jpeg\",\"keywords\":[\"alias Jhon\",\"alias William\",\"Cauca\",\"Comandos Bolivarianos de Frontera\u2019\",\"disidencias de las FARC\",\"Mocoa (Putumayo)\",\"Putumayo\"],\"articleSection\":[\"Noticias\",\"Seccional Mocoa\",\"Seccionales\",\"Seguridad territorial\"],\"inLanguage\":\"es-CO\"},{\"@type\":\"WebPage\",\"@id\":\"https:\/\/www.fiscalia.gov.co\/colombia\/noticias\/privados-de-la-libertad-dos-presuntos-integrantes-de-las-disidencias-comandos-bolivarianos-de-frontera-al-parecer-dedicados-a-la-comision-de-homicidios-trafico-de-estupefacientes\/\",\"url\":\"https:\/\/www.fiscalia.gov.co\/colombia\/noticias\/privados-de-la-libertad-dos-presuntos-integrantes-de-las-disidencias-comandos-bolivarianos-de-frontera-al-parecer-dedicados-a-la-comision-de-homicidios-trafico-de-estupefacientes\/\",\"name\":\"Fiscal\u00eda General de la Naci\u00f3n\",\"isPartOf\":{\"@id\":\"https:\/\/www.fiscalia.gov.co\/colombia\/#website\"},\"primaryImageOfPage\":{\"@id\":\"https:\/\/www.fiscalia.gov.co\/colombia\/noticias\/privados-de-la-libertad-dos-presuntos-integrantes-de-las-disidencias-comandos-bolivarianos-de-frontera-al-parecer-dedicados-a-la-comision-de-homicidios-trafico-de-estupefacientes\/#primaryimage\"},\"image\":{\"@id\":\"https:\/\/www.fiscalia.gov.co\/colombia\/noticias\/privados-de-la-libertad-dos-presuntos-integrantes-de-las-disidencias-comandos-bolivarianos-de-frontera-al-parecer-dedicados-a-la-comision-de-homicidios-trafico-de-estupefacientes\/#primaryimage\"},\"thumbnailUrl\":\"https:\/\/www.fiscalia.gov.co\/colombia\/wp-content\/uploads\/Fiscal-Barbosa-Jhon-Freddy-Restrepo-Cardenas-y-Manuel-Jose-Montoya-1024x768.jpeg\",\"datePublished\":\"2022-05-26T21:48:43+00:00\",\"dateModified\":\"2022-06-03T20:57:46+00:00\",\"description\":\"P\u00e1gina oficial de la Fiscal\u00eda General de la Naci\u00f3n \u2013 Colombia. Garantizamos el acceso efectivo a la justicia, la verdad y la reparaci\u00f3n de las v\u00edctimas de los delitos.\",\"breadcrumb\":{\"@id\":\"https:\/\/www.fiscalia.gov.co\/colombia\/noticias\/privados-de-la-libertad-dos-presuntos-integrantes-de-las-disidencias-comandos-bolivarianos-de-frontera-al-parecer-dedicados-a-la-comision-de-homicidios-trafico-de-estupefacientes\/#breadcrumb\"},\"inLanguage\":\"es-CO\",\"potentialAction\":[{\"@type\":\"ReadAction\",\"target\":[\"https:\/\/www.fiscalia.gov.co\/colombia\/noticias\/privados-de-la-libertad-dos-presuntos-integrantes-de-las-disidencias-comandos-bolivarianos-de-frontera-al-parecer-dedicados-a-la-comision-de-homicidios-trafico-de-estupefacientes\/\"]}]},{\"@type\":\"ImageObject\",\"inLanguage\":\"es-CO\",\"@id\":\"https:\/\/www.fiscalia.gov.co\/colombia\/noticias\/privados-de-la-libertad-dos-presuntos-integrantes-de-las-disidencias-comandos-bolivarianos-de-frontera-al-parecer-dedicados-a-la-comision-de-homicidios-trafico-de-estupefacientes\/#primaryimage\",\"url\":\"https:\/\/www.fiscalia.gov.co\/colombia\/wp-content\/uploads\/Fiscal-Barbosa-Jhon-Freddy-Restrepo-Cardenas-y-Manuel-Jose-Montoya-1024x768.jpeg\",\"contentUrl\":\"https:\/\/www.fiscalia.gov.co\/colombia\/wp-content\/uploads\/Fiscal-Barbosa-Jhon-Freddy-Restrepo-Cardenas-y-Manuel-Jose-Montoya-1024x768.jpeg\"},{\"@type\":\"BreadcrumbList\",\"@id\":\"https:\/\/www.fiscalia.gov.co\/colombia\/noticias\/privados-de-la-libertad-dos-presuntos-integrantes-de-las-disidencias-comandos-bolivarianos-de-frontera-al-parecer-dedicados-a-la-comision-de-homicidios-trafico-de-estupefacientes\/#breadcrumb\",\"itemListElement\":[{\"@type\":\"ListItem\",\"position\":1,\"name\":\"Home\",\"item\":\"https:\/\/www.fiscalia.gov.co\/colombia\/\"},{\"@type\":\"ListItem\",\"position\":2,\"name\":\"Privados de la libertad dos presuntos integrantes de las disidencias\u00a0\u2018Comandos Bolivarianos de Frontera, al parecer dedicados a la comisi\u00f3n de homicidios,\u00a0tr\u00e1fico de estupefacientes y porte ilegal de armas\u00a0en\u00a0Putumayo y Cauca\"}]},{\"@type\":\"WebSite\",\"@id\":\"https:\/\/www.fiscalia.gov.co\/colombia\/#website\",\"url\":\"https:\/\/www.fiscalia.gov.co\/colombia\/\",\"name\":\"Fiscal\u00eda General de la Naci\u00f3n\",\"description\":\"P\u00e1gina oficial de la Fiscal\u00eda General de la Naci\u00f3n \u2013 Colombia. Garantizamos el acceso efectivo a la justicia, la verdad y la reparaci\u00f3n de las v\u00edctimas de los delitos.\",\"publisher\":{\"@id\":\"https:\/\/www.fiscalia.gov.co\/colombia\/#organization\"},\"potentialAction\":[{\"@type\":\"SearchAction\",\"target\":{\"@type\":\"EntryPoint\",\"urlTemplate\":\"https:\/\/www.fiscalia.gov.co\/colombia\/?s={search_term_string}\"},\"query-input\":{\"@type\":\"PropertyValueSpecification\",\"valueRequired\":true,\"valueName\":\"search_term_string\"}}],\"inLanguage\":\"es-CO\"},{\"@type\":\"Organization\",\"@id\":\"https:\/\/www.fiscalia.gov.co\/colombia\/#organization\",\"name\":\"Fiscal\u00eda General de la Naci\u00f3n\",\"url\":\"https:\/\/www.fiscalia.gov.co\/colombia\/\",\"logo\":{\"@type\":\"ImageObject\",\"inLanguage\":\"es-CO\",\"@id\":\"https:\/\/www.fiscalia.gov.co\/colombia\/#\/schema\/logo\/image\/\",\"url\":\"https:\/\/www.fiscalia.gov.co\/colombia\/wp-content\/uploads\/LogoHorizontal_1.jpg\",\"contentUrl\":\"https:\/\/www.fiscalia.gov.co\/colombia\/wp-content\/uploads\/LogoHorizontal_1.jpg\",\"width\":300,\"height\":90,\"caption\":\"Fiscal\u00eda General de la Naci\u00f3n\"},\"image\":{\"@id\":\"https:\/\/www.fiscalia.gov.co\/colombia\/#\/schema\/logo\/image\/\"},\"sameAs\":[\"https:\/\/www.facebook.com\/FiscaliaCol\",\"https:\/\/x.com\/FiscaliaCol\",\"https:\/\/www.instagram.com\/fiscaliacol\",\"https:\/\/www.linkedin.com\/company\/fiscalia-general-de-la-naci-n\/\",\"https:\/\/youtube.com\/@fiscaliageneraldelanacion-4668?si=6nN79nyQICPU5iTh\"]},{\"@type\":\"Person\",\"@id\":\"https:\/\/www.fiscalia.gov.co\/colombia\/#\/schema\/person\/bf84402cf293a5393e9c70b111020b24\",\"name\":\"Jordan Leandro Oviedo Anzola\",\"image\":{\"@type\":\"ImageObject\",\"inLanguage\":\"es-CO\",\"@id\":\"https:\/\/www.fiscalia.gov.co\/colombia\/#\/schema\/person\/image\/\",\"url\":\"https:\/\/secure.gravatar.com\/avatar\/dabba4346fa9b9207d96adafa8f92721?s=96&d=mm&r=g\",\"contentUrl\":\"https:\/\/secure.gravatar.com\/avatar\/dabba4346fa9b9207d96adafa8f92721?s=96&d=mm&r=g\",\"caption\":\"Jordan Leandro Oviedo Anzola\"},\"url\":\"https:\/\/www.fiscalia.gov.co\/colombia\/author\/joviedo\/\"}]}<\/script>\n<!-- \/ Yoast SEO plugin. -->","yoast_head_json":{"title":"Fiscal\u00eda General de la Naci\u00f3n","description":"P\u00e1gina oficial de la Fiscal\u00eda General de la Naci\u00f3n \u2013 Colombia. Garantizamos el acceso efectivo a la justicia, la verdad y la reparaci\u00f3n de las v\u00edctimas de los delitos.","robots":{"index":"noindex","follow":"follow"},"og_locale":"es_ES","og_type":"article","og_title":"Fiscal\u00eda General de la Naci\u00f3n","og_description":"P\u00e1gina oficial de la Fiscal\u00eda General de la Naci\u00f3n \u2013 Colombia. Garantizamos el acceso efectivo a la justicia, la verdad y la reparaci\u00f3n de las v\u00edctimas de los delitos.","og_url":"https:\/\/www.fiscalia.gov.co\/colombia\/noticias\/privados-de-la-libertad-dos-presuntos-integrantes-de-las-disidencias-comandos-bolivarianos-de-frontera-al-parecer-dedicados-a-la-comision-de-homicidios-trafico-de-estupefacientes\/","og_site_name":"Fiscal\u00eda General de la Naci\u00f3n","article_publisher":"https:\/\/www.facebook.com\/FiscaliaCol","article_published_time":"2022-05-26T21:48:43+00:00","article_modified_time":"2022-06-03T20:57:46+00:00","og_image":[{"url":"https:\/\/www.fiscalia.gov.co\/colombia\/wp-content\/uploads\/Fiscal-Barbosa-Jhon-Freddy-Restrepo-Cardenas-y-Manuel-Jose-Montoya-1024x768.jpeg","type":"","width":"","height":""}],"author":"Jordan Leandro Oviedo Anzola","twitter_card":"summary_large_image","twitter_creator":"@FiscaliaCol","twitter_site":"@FiscaliaCol","twitter_misc":{"Escrito por":"Jordan Leandro Oviedo Anzola","Tiempo de lectura":"2 minutos"},"schema":{"@context":"https:\/\/schema.org","@graph":[{"@type":"Article","@id":"https:\/\/www.fiscalia.gov.co\/colombia\/noticias\/privados-de-la-libertad-dos-presuntos-integrantes-de-las-disidencias-comandos-bolivarianos-de-frontera-al-parecer-dedicados-a-la-comision-de-homicidios-trafico-de-estupefacientes\/#article","isPartOf":{"@id":"https:\/\/www.fiscalia.gov.co\/colombia\/noticias\/privados-de-la-libertad-dos-presuntos-integrantes-de-las-disidencias-comandos-bolivarianos-de-frontera-al-parecer-dedicados-a-la-comision-de-homicidios-trafico-de-estupefacientes\/"},"author":{"name":"Jordan Leandro Oviedo Anzola","@id":"https:\/\/www.fiscalia.gov.co\/colombia\/#\/schema\/person\/bf84402cf293a5393e9c70b111020b24"},"headline":"Privados de la libertad dos presuntos integrantes de las disidencias\u00a0\u2018Comandos Bolivarianos de Frontera, al parecer dedicados a la comisi\u00f3n de homicidios,\u00a0tr\u00e1fico de estupefacientes y porte ilegal de armas\u00a0en\u00a0Putumayo y Cauca","datePublished":"2022-05-26T21:48:43+00:00","dateModified":"2022-06-03T20:57:46+00:00","mainEntityOfPage":{"@id":"https:\/\/www.fiscalia.gov.co\/colombia\/noticias\/privados-de-la-libertad-dos-presuntos-integrantes-de-las-disidencias-comandos-bolivarianos-de-frontera-al-parecer-dedicados-a-la-comision-de-homicidios-trafico-de-estupefacientes\/"},"wordCount":415,"publisher":{"@id":"https:\/\/www.fiscalia.gov.co\/colombia\/#organization"},"image":{"@id":"https:\/\/www.fiscalia.gov.co\/colombia\/noticias\/privados-de-la-libertad-dos-presuntos-integrantes-de-las-disidencias-comandos-bolivarianos-de-frontera-al-parecer-dedicados-a-la-comision-de-homicidios-trafico-de-estupefacientes\/#primaryimage"},"thumbnailUrl":"https:\/\/www.fiscalia.gov.co\/colombia\/wp-content\/uploads\/Fiscal-Barbosa-Jhon-Freddy-Restrepo-Cardenas-y-Manuel-Jose-Montoya-1024x768.jpeg","keywords":["alias Jhon","alias William","Cauca","Comandos Bolivarianos de Frontera\u2019","disidencias de las FARC","Mocoa (Putumayo)","Putumayo"],"articleSection":["Noticias","Seccional Mocoa","Seccionales","Seguridad territorial"],"inLanguage":"es-CO"},{"@type":"WebPage","@id":"https:\/\/www.fiscalia.gov.co\/colombia\/noticias\/privados-de-la-libertad-dos-presuntos-integrantes-de-las-disidencias-comandos-bolivarianos-de-frontera-al-parecer-dedicados-a-la-comision-de-homicidios-trafico-de-estupefacientes\/","url":"https:\/\/www.fiscalia.gov.co\/colombia\/noticias\/privados-de-la-libertad-dos-presuntos-integrantes-de-las-disidencias-comandos-bolivarianos-de-frontera-al-parecer-dedicados-a-la-comision-de-homicidios-trafico-de-estupefacientes\/","name":"Fiscal\u00eda General de la Naci\u00f3n","isPartOf":{"@id":"https:\/\/www.fiscalia.gov.co\/colombia\/#website"},"primaryImageOfPage":{"@id":"https:\/\/www.fiscalia.gov.co\/colombia\/noticias\/privados-de-la-libertad-dos-presuntos-integrantes-de-las-disidencias-comandos-bolivarianos-de-frontera-al-parecer-dedicados-a-la-comision-de-homicidios-trafico-de-estupefacientes\/#primaryimage"},"image":{"@id":"https:\/\/www.fiscalia.gov.co\/colombia\/noticias\/privados-de-la-libertad-dos-presuntos-integrantes-de-las-disidencias-comandos-bolivarianos-de-frontera-al-parecer-dedicados-a-la-comision-de-homicidios-trafico-de-estupefacientes\/#primaryimage"},"thumbnailUrl":"https:\/\/www.fiscalia.gov.co\/colombia\/wp-content\/uploads\/Fiscal-Barbosa-Jhon-Freddy-Restrepo-Cardenas-y-Manuel-Jose-Montoya-1024x768.jpeg","datePublished":"2022-05-26T21:48:43+00:00","dateModified":"2022-06-03T20:57:46+00:00","description":"P\u00e1gina oficial de la Fiscal\u00eda General de la Naci\u00f3n \u2013 Colombia. Garantizamos el acceso efectivo a la justicia, la verdad y la reparaci\u00f3n de las v\u00edctimas de los delitos.","breadcrumb":{"@id":"https:\/\/www.fiscalia.gov.co\/colombia\/noticias\/privados-de-la-libertad-dos-presuntos-integrantes-de-las-disidencias-comandos-bolivarianos-de-frontera-al-parecer-dedicados-a-la-comision-de-homicidios-trafico-de-estupefacientes\/#breadcrumb"},"inLanguage":"es-CO","potentialAction":[{"@type":"ReadAction","target":["https:\/\/www.fiscalia.gov.co\/colombia\/noticias\/privados-de-la-libertad-dos-presuntos-integrantes-de-las-disidencias-comandos-bolivarianos-de-frontera-al-parecer-dedicados-a-la-comision-de-homicidios-trafico-de-estupefacientes\/"]}]},{"@type":"ImageObject","inLanguage":"es-CO","@id":"https:\/\/www.fiscalia.gov.co\/colombia\/noticias\/privados-de-la-libertad-dos-presuntos-integrantes-de-las-disidencias-comandos-bolivarianos-de-frontera-al-parecer-dedicados-a-la-comision-de-homicidios-trafico-de-estupefacientes\/#primaryimage","url":"https:\/\/www.fiscalia.gov.co\/colombia\/wp-content\/uploads\/Fiscal-Barbosa-Jhon-Freddy-Restrepo-Cardenas-y-Manuel-Jose-Montoya-1024x768.jpeg","contentUrl":"https:\/\/www.fiscalia.gov.co\/colombia\/wp-content\/uploads\/Fiscal-Barbosa-Jhon-Freddy-Restrepo-Cardenas-y-Manuel-Jose-Montoya-1024x768.jpeg"},{"@type":"BreadcrumbList","@id":"https:\/\/www.fiscalia.gov.co\/colombia\/noticias\/privados-de-la-libertad-dos-presuntos-integrantes-de-las-disidencias-comandos-bolivarianos-de-frontera-al-parecer-dedicados-a-la-comision-de-homicidios-trafico-de-estupefacientes\/#breadcrumb","itemListElement":[{"@type":"ListItem","position":1,"name":"Home","item":"https:\/\/www.fiscalia.gov.co\/colombia\/"},{"@type":"ListItem","position":2,"name":"Privados de la libertad dos presuntos integrantes de las disidencias\u00a0\u2018Comandos Bolivarianos de Frontera, al parecer dedicados a la comisi\u00f3n de homicidios,\u00a0tr\u00e1fico de estupefacientes y porte ilegal de armas\u00a0en\u00a0Putumayo y Cauca"}]},{"@type":"WebSite","@id":"https:\/\/www.fiscalia.gov.co\/colombia\/#website","url":"https:\/\/www.fiscalia.gov.co\/colombia\/","name":"Fiscal\u00eda General de la Naci\u00f3n","description":"P\u00e1gina oficial de la Fiscal\u00eda General de la Naci\u00f3n \u2013 Colombia. Garantizamos el acceso efectivo a la justicia, la verdad y la reparaci\u00f3n de las v\u00edctimas de los delitos.","publisher":{"@id":"https:\/\/www.fiscalia.gov.co\/colombia\/#organization"},"potentialAction":[{"@type":"SearchAction","target":{"@type":"EntryPoint","urlTemplate":"https:\/\/www.fiscalia.gov.co\/colombia\/?s={search_term_string}"},"query-input":{"@type":"PropertyValueSpecification","valueRequired":true,"valueName":"search_term_string"}}],"inLanguage":"es-CO"},{"@type":"Organization","@id":"https:\/\/www.fiscalia.gov.co\/colombia\/#organization","name":"Fiscal\u00eda General de la Naci\u00f3n","url":"https:\/\/www.fiscalia.gov.co\/colombia\/","logo":{"@type":"ImageObject","inLanguage":"es-CO","@id":"https:\/\/www.fiscalia.gov.co\/colombia\/#\/schema\/logo\/image\/","url":"https:\/\/www.fiscalia.gov.co\/colombia\/wp-content\/uploads\/LogoHorizontal_1.jpg","contentUrl":"https:\/\/www.fiscalia.gov.co\/colombia\/wp-content\/uploads\/LogoHorizontal_1.jpg","width":300,"height":90,"caption":"Fiscal\u00eda General de la Naci\u00f3n"},"image":{"@id":"https:\/\/www.fiscalia.gov.co\/colombia\/#\/schema\/logo\/image\/"},"sameAs":["https:\/\/www.facebook.com\/FiscaliaCol","https:\/\/x.com\/FiscaliaCol","https:\/\/www.instagram.com\/fiscaliacol","https:\/\/www.linkedin.com\/company\/fiscalia-general-de-la-naci-n\/","https:\/\/youtube.com\/@fiscaliageneraldelanacion-4668?si=6nN79nyQICPU5iTh"]},{"@type":"Person","@id":"https:\/\/www.fiscalia.gov.co\/colombia\/#\/schema\/person\/bf84402cf293a5393e9c70b111020b24","name":"Jordan Leandro Oviedo Anzola","image":{"@type":"ImageObject","inLanguage":"es-CO","@id":"https:\/\/www.fiscalia.gov.co\/colombia\/#\/schema\/person\/image\/","url":"https:\/\/secure.gravatar.com\/avatar\/dabba4346fa9b9207d96adafa8f92721?s=96&d=mm&r=g","contentUrl":"https:\/\/secure.gravatar.com\/avatar\/dabba4346fa9b9207d96adafa8f92721?s=96&d=mm&r=g","caption":"Jordan Leandro Oviedo Anzola"},"url":"https:\/\/www.fiscalia.gov.co\/colombia\/author\/joviedo\/"}]}},"_links":{"self":[{"href":"https:\/\/www.fiscalia.gov.co\/colombia\/wp-json\/wp\/v2\/posts\/249306","targetHints":{"allow":["GET"]}}],"collection":[{"href":"https:\/\/www.fiscalia.gov.co\/colombia\/wp-json\/wp\/v2\/posts"}],"about":[{"href":"https:\/\/www.fiscalia.gov.co\/colombia\/wp-json\/wp\/v2\/types\/post"}],"author":[{"embeddable":true,"href":"https:\/\/www.fiscalia.gov.co\/colombia\/wp-json\/wp\/v2\/users\/177"}],"replies":[{"embeddable":true,"href":"https:\/\/www.fiscalia.gov.co\/colombia\/wp-json\/wp\/v2\/comments?post=249306"}],"version-history":[{"count":2,"href":"https:\/\/www.fiscalia.gov.co\/colombia\/wp-json\/wp\/v2\/posts\/249306\/revisions"}],"predecessor-version":[{"id":249851,"href":"https:\/\/www.fiscalia.gov.co\/colombia\/wp-json\/wp\/v2\/posts\/249306\/revisions\/249851"}],"wp:attachment":[{"href":"https:\/\/www.fiscalia.gov.co\/colombia\/wp-json\/wp\/v2\/media?parent=249306"}],"wp:term":[{"taxonomy":"category","embeddable":true,"href":"https:\/\/www.fiscalia.gov.co\/colombia\/wp-json\/wp\/v2\/categories?post=249306"},{"taxonomy":"post_tag","embeddable":true,"href":"https:\/\/www.fiscalia.gov.co\/colombia\/wp-json\/wp\/v2\/tags?post=249306"}],"curies":[{"name":"wp","href":"https:\/\/api.w.org\/{rel}","templated":true}]}}