{"id":249125,"date":"2022-05-24T17:40:07","date_gmt":"2022-05-24T22:40:07","guid":{"rendered":"https:\/\/www.fiscalia.gov.co\/colombia\/?p=249125"},"modified":"2022-05-24T17:40:07","modified_gmt":"2022-05-24T22:40:07","slug":"privados-de-la-libertad-presuntos-integrantes-de-una-organizacion-delincuencial-dedicada-al-parecer-a-cometer-homicidios-selectivos-en-el-espinal-tolima","status":"publish","type":"post","link":"https:\/\/www.fiscalia.gov.co\/colombia\/noticias\/privados-de-la-libertad-presuntos-integrantes-de-una-organizacion-delincuencial-dedicada-al-parecer-a-cometer-homicidios-selectivos-en-el-espinal-tolima\/","title":{"rendered":"Privados de la libertad presuntos integrantes de una organizaci\u00f3n delincuencial dedicada al parecer, a cometer homicidios selectivos en El Espinal, Tolima"},"content":{"rendered":"<div>\n<p><span lang=\"ES\">La Fiscal\u00eda logr\u00f3 la judicializaci\u00f3n de 7 personas se\u00f1aladas de estar al servicio de una\u00a0<\/span><a href=\"https:\/\/www.fiscalia.gov.co\/colombia\/noticias\/fiscalia-logro-desarticular-la-organizacion-delincuencial-los-scooters-dedicados-al-hurto-de-motos-en-el-casanare\/\" target=\"_blank\" rel=\"noopener\" data-saferedirecturl=\"https:\/\/www.google.com\/url?q=https:\/\/www.fiscalia.gov.co\/colombia\/noticias\/fiscalia-logro-desarticular-la-organizacion-delincuencial-los-scooters-dedicados-al-hurto-de-motos-en-el-casanare\/&amp;source=gmail&amp;ust=1653515214156000&amp;usg=AOvVaw0X5yziHyI2umc659aoYIIE\"><span lang=\"ES\">organizaci\u00f3n delincuencial<\/span><\/a><span lang=\"ES\">\u00a0dedicada a cometer homicidios selectivos en su mayor\u00eda por la disputa y el control territorial por el tr\u00e1fico de sustancias il\u00edcitas en el municipio tolimense de El Espinal y aleda\u00f1os.<\/span><\/p>\n<p><span lang=\"ES\">El despacho de la Unidad de Vida a cargo del caso, logr\u00f3 la conexidad de 12 noticias criminales durante el desarrollo de esta investigaci\u00f3n. Los procesados har\u00edan parte de una empresa delincuencial en la cual estar\u00edan participando desde enero de 2021 a la fecha, dos funcionarios activos del CTI.<\/span><\/p>\n<p><span lang=\"ES\">Se presume que, usaron sus funciones como polic\u00eda judicial y expertos para evitar la judicializaci\u00f3n de los integrantes de este grupo al cual el ente acusador le se\u00f1ala de la comisi\u00f3n de por lo menos 11 homicidios y tres tentativas de homicidio.<\/span><\/p>\n<p><span lang=\"ES\">Los procesados fueron identificados como: Daniel Eduardo Torres Vargas, alias de Chivo; Jhonatan Javier Barrero P\u00e1ez, alias Yoyo; Edgar Fernando Campos Troncoso, alias Lele; Carlos Alberto Toque, alias G\u00e1rgola; Jos\u00e9 Reinaldo Salazar Benavides, alias Cheo. Y los funcionarios de la Fiscal\u00eda Ferney Mart\u00ednez Palma y Fabio Alberto Aguirre Bedoya.<\/span><\/p>\n<p><span lang=\"ES\">Los delitos imputados seg\u00fan sus responsabilidades individuales fueron: Concierto para delinquir agravado, homicidio agravado, tentativa de homicidio agravado, fabricaci\u00f3n, tr\u00e1fico y porte ilegal de armas de fuego agravado.<\/span><\/p>\n<p><span lang=\"ES\">En el caso de los funcionarios, fueron se\u00f1alados de fraude procesal en concurso con falsedad ideol\u00f3gica en documento p\u00fablico, falsedad material en documento p\u00fablico y ocultamiento, alteraci\u00f3n o destrucci\u00f3n de elemento material probatorio.<\/span><\/p>\n<p><b><span lang=\"ES\">Los Caloches<\/span><\/b><\/p>\n<p><span lang=\"ES\">El grupo delictivo en cabeza de un hombre conocido como alias Caloche, se estar\u00eda dedicando a la comisi\u00f3n de diferentes conductas punibles, entre ellas la ejecuci\u00f3n de varios homicidios selectivos mediante el uso de armas de fuego; la mayor\u00eda de ellos relacionados con la venta de estupefacientes en el se\u00f1alado municipio.<\/span><\/p>\n<p><span lang=\"ES\">El ente acusador cuenta con el suficiente material probatorio y evidencia f\u00edsica como b\u00fasquedas selectivas en bases de datos, interceptaciones telef\u00f3nicas, entre otros, que dejar\u00edan en evidencia el actuar il\u00edcito de los detenidos.<\/span><\/p>\n<p><span lang=\"ES\">Al final de las audiencias de rigor fueron enviados a la c\u00e1rcel como medida de aseguramiento carcelaria a excepci\u00f3n de Mart\u00ednez Palma a quien se le concedi\u00f3 la medida de aseguramiento en su residencia.<\/span><\/p>\n<p><span lang=\"ES\">Cabe anotar que durante su captura mediante diligencias de allanamiento y registro realizadas la semana pasada por miembros del CTI con el apoyo del Gaula Militar, se les encontr\u00f3 700 gramos de coca\u00edna, varios gramos de marihuana, 500 elementos entre vainillas, proyectiles y cartuchos de armas de fuego como fusil, escopeta, revolver calibre 32 y 38 pistola 7.65 mil\u00edmetros y 9 mil\u00edmetros.<\/span><\/p>\n<p><strong><span lang=\"ES\">La Fiscal\u00eda habla con resultados.<\/span><\/strong><\/p>\n<p>&nbsp;<\/p>\n<p>&nbsp;<\/p>\n<p>PAAM\/FSGH\/NCM\/DST<\/p>\n<p>&nbsp;<\/p>\n<p>&nbsp;<\/p>\n<p><em>La informaci\u00f3n contenida en este bolet\u00edn de prensa corresponde a la narraci\u00f3n de los hechos noticiosos objetivos, y las investigaciones penales al interior de la Fiscal\u00eda General de la Naci\u00f3n. Para el momento de la divulgaci\u00f3n de este comunicado, la situaci\u00f3n jur\u00eddica de la(s) persona(s) relacionada(s) se encuentra pendiente de resolver por la autoridad judicial competente, siempre bajo los preceptos de la presunci\u00f3n de inocencia, consagrados en el art\u00edculo 29 de la Constituci\u00f3n Pol\u00edtica y el art\u00edculo 7\u00ba de la Ley 906 de 2004.<\/em><\/p>\n<\/div>\n\n<div class=\"twitter-share\"><a href=\"https:\/\/twitter.com\/intent\/tweet?via=fiscaliacol\" class=\"twitter-share-button\">Tweet<\/a><\/div>\n","protected":false},"excerpt":{"rendered":"<p>La Fiscal\u00eda logr\u00f3 la judicializaci\u00f3n de 7 personas se\u00f1aladas de estar al servicio de una\u00a0organizaci\u00f3n delincuencial\u00a0dedicada a cometer homicidios selectivos en su mayor\u00eda por la disputa y el control territorial por el tr\u00e1fico de sustancias il\u00edcitas en el municipio tolimense de El Espinal y aleda\u00f1os. El despacho de la Unidad de Vida a cargo del [&hellip;]<\/p>\n","protected":false},"author":177,"featured_media":0,"comment_status":"closed","ping_status":"open","sticky":false,"template":"","format":"standard","meta":{"tdm_status":"","tdm_grid_status":"","footnotes":""},"categories":[1,329,303,24099],"tags":[83,45,24536,1194,1047,26106,409,5187,23990,28302,21092,698,11101,12189,3417],"class_list":{"0":"post-249125","1":"post","2":"type-post","3":"status-publish","4":"format-standard","6":"category-noticias","7":"category-seccional-ibague","8":"category-seccionales","9":"category-seguridad-territorial","10":"tag-concierto-para-delinquir","11":"tag-cti","12":"tag-el-espinal","13":"tag-falsedad","14":"tag-fiscalia-general-de-la-nacion","15":"tag-gaula-ejercito","16":"tag-homicidio","17":"tag-homicidios","18":"tag-ibague-tolima","19":"tag-medida-carcelaria","20":"tag-ocultamiento-de-material-probatorio","21":"tag-porte-de-armas","22":"tag-seguridad-ciudadana","23":"tag-tolima","24":"tag-unidad-de-vida"},"yoast_head":"<!-- This site is optimized with the Yoast SEO plugin v24.3 - https:\/\/yoast.com\/wordpress\/plugins\/seo\/ -->\n<title>Fiscal\u00eda General de la Naci\u00f3n<\/title>\n<meta name=\"description\" content=\"P\u00e1gina oficial de la Fiscal\u00eda General de la Naci\u00f3n \u2013 Colombia. Garantizamos el acceso efectivo a la justicia, la verdad y la reparaci\u00f3n de las v\u00edctimas de los delitos.\" \/>\n<meta name=\"robots\" content=\"noindex, follow\" \/>\n<meta property=\"og:locale\" content=\"es_ES\" \/>\n<meta property=\"og:type\" content=\"article\" \/>\n<meta property=\"og:title\" content=\"Fiscal\u00eda General de la Naci\u00f3n\" \/>\n<meta property=\"og:description\" content=\"P\u00e1gina oficial de la Fiscal\u00eda General de la Naci\u00f3n \u2013 Colombia. Garantizamos el acceso efectivo a la justicia, la verdad y la reparaci\u00f3n de las v\u00edctimas de los delitos.\" \/>\n<meta property=\"og:url\" content=\"https:\/\/www.fiscalia.gov.co\/colombia\/noticias\/privados-de-la-libertad-presuntos-integrantes-de-una-organizacion-delincuencial-dedicada-al-parecer-a-cometer-homicidios-selectivos-en-el-espinal-tolima\/\" \/>\n<meta property=\"og:site_name\" content=\"Fiscal\u00eda General de la Naci\u00f3n\" \/>\n<meta property=\"article:publisher\" content=\"https:\/\/www.facebook.com\/FiscaliaCol\" \/>\n<meta property=\"article:published_time\" content=\"2022-05-24T22:40:07+00:00\" \/>\n<meta name=\"author\" content=\"Jordan Leandro Oviedo Anzola\" \/>\n<meta name=\"twitter:card\" content=\"summary_large_image\" \/>\n<meta name=\"twitter:creator\" content=\"@FiscaliaCol\" \/>\n<meta name=\"twitter:site\" content=\"@FiscaliaCol\" \/>\n<meta name=\"twitter:label1\" content=\"Escrito por\" \/>\n\t<meta name=\"twitter:data1\" content=\"Jordan Leandro Oviedo Anzola\" \/>\n\t<meta name=\"twitter:label2\" content=\"Tiempo de lectura\" \/>\n\t<meta name=\"twitter:data2\" content=\"3 minutos\" \/>\n<script type=\"application\/ld+json\" class=\"yoast-schema-graph\">{\"@context\":\"https:\/\/schema.org\",\"@graph\":[{\"@type\":\"Article\",\"@id\":\"https:\/\/www.fiscalia.gov.co\/colombia\/noticias\/privados-de-la-libertad-presuntos-integrantes-de-una-organizacion-delincuencial-dedicada-al-parecer-a-cometer-homicidios-selectivos-en-el-espinal-tolima\/#article\",\"isPartOf\":{\"@id\":\"https:\/\/www.fiscalia.gov.co\/colombia\/noticias\/privados-de-la-libertad-presuntos-integrantes-de-una-organizacion-delincuencial-dedicada-al-parecer-a-cometer-homicidios-selectivos-en-el-espinal-tolima\/\"},\"author\":{\"name\":\"Jordan Leandro Oviedo Anzola\",\"@id\":\"https:\/\/www.fiscalia.gov.co\/colombia\/#\/schema\/person\/bf84402cf293a5393e9c70b111020b24\"},\"headline\":\"Privados de la libertad presuntos integrantes de una organizaci\u00f3n delincuencial dedicada al parecer, a cometer homicidios selectivos en El Espinal, Tolima\",\"datePublished\":\"2022-05-24T22:40:07+00:00\",\"dateModified\":\"2022-05-24T22:40:07+00:00\",\"mainEntityOfPage\":{\"@id\":\"https:\/\/www.fiscalia.gov.co\/colombia\/noticias\/privados-de-la-libertad-presuntos-integrantes-de-una-organizacion-delincuencial-dedicada-al-parecer-a-cometer-homicidios-selectivos-en-el-espinal-tolima\/\"},\"wordCount\":596,\"publisher\":{\"@id\":\"https:\/\/www.fiscalia.gov.co\/colombia\/#organization\"},\"keywords\":[\"Concierto para delinquir\",\"CTI\",\"El Espinal\",\"Falsedad\",\"Fiscal\u00eda General de la Naci\u00f3n\",\"Gaula Ej\u00e9rcito.\",\"Homicidio\",\"Homicidios\",\"Ibagu\u00e9 (Tolima)\",\"medida carcelaria\",\"Ocultamiento de material probatorio\",\"Porte de armas\",\"Seguridad ciudadana\",\"Tolima\",\"Unidad de Vida\"],\"articleSection\":[\"Noticias\",\"Seccional Ibagu\u00e9\",\"Seccionales\",\"Seguridad territorial\"],\"inLanguage\":\"es-CO\"},{\"@type\":\"WebPage\",\"@id\":\"https:\/\/www.fiscalia.gov.co\/colombia\/noticias\/privados-de-la-libertad-presuntos-integrantes-de-una-organizacion-delincuencial-dedicada-al-parecer-a-cometer-homicidios-selectivos-en-el-espinal-tolima\/\",\"url\":\"https:\/\/www.fiscalia.gov.co\/colombia\/noticias\/privados-de-la-libertad-presuntos-integrantes-de-una-organizacion-delincuencial-dedicada-al-parecer-a-cometer-homicidios-selectivos-en-el-espinal-tolima\/\",\"name\":\"Fiscal\u00eda General de la Naci\u00f3n\",\"isPartOf\":{\"@id\":\"https:\/\/www.fiscalia.gov.co\/colombia\/#website\"},\"datePublished\":\"2022-05-24T22:40:07+00:00\",\"dateModified\":\"2022-05-24T22:40:07+00:00\",\"description\":\"P\u00e1gina oficial de la Fiscal\u00eda General de la Naci\u00f3n \u2013 Colombia. Garantizamos el acceso efectivo a la justicia, la verdad y la reparaci\u00f3n de las v\u00edctimas de los delitos.\",\"breadcrumb\":{\"@id\":\"https:\/\/www.fiscalia.gov.co\/colombia\/noticias\/privados-de-la-libertad-presuntos-integrantes-de-una-organizacion-delincuencial-dedicada-al-parecer-a-cometer-homicidios-selectivos-en-el-espinal-tolima\/#breadcrumb\"},\"inLanguage\":\"es-CO\",\"potentialAction\":[{\"@type\":\"ReadAction\",\"target\":[\"https:\/\/www.fiscalia.gov.co\/colombia\/noticias\/privados-de-la-libertad-presuntos-integrantes-de-una-organizacion-delincuencial-dedicada-al-parecer-a-cometer-homicidios-selectivos-en-el-espinal-tolima\/\"]}]},{\"@type\":\"BreadcrumbList\",\"@id\":\"https:\/\/www.fiscalia.gov.co\/colombia\/noticias\/privados-de-la-libertad-presuntos-integrantes-de-una-organizacion-delincuencial-dedicada-al-parecer-a-cometer-homicidios-selectivos-en-el-espinal-tolima\/#breadcrumb\",\"itemListElement\":[{\"@type\":\"ListItem\",\"position\":1,\"name\":\"Home\",\"item\":\"https:\/\/www.fiscalia.gov.co\/colombia\/\"},{\"@type\":\"ListItem\",\"position\":2,\"name\":\"Privados de la libertad presuntos integrantes de una organizaci\u00f3n delincuencial dedicada al parecer, a cometer homicidios selectivos en El Espinal, Tolima\"}]},{\"@type\":\"WebSite\",\"@id\":\"https:\/\/www.fiscalia.gov.co\/colombia\/#website\",\"url\":\"https:\/\/www.fiscalia.gov.co\/colombia\/\",\"name\":\"Fiscal\u00eda General de la Naci\u00f3n\",\"description\":\"P\u00e1gina oficial de la Fiscal\u00eda General de la Naci\u00f3n \u2013 Colombia. Garantizamos el acceso efectivo a la justicia, la verdad y la reparaci\u00f3n de las v\u00edctimas de los delitos.\",\"publisher\":{\"@id\":\"https:\/\/www.fiscalia.gov.co\/colombia\/#organization\"},\"potentialAction\":[{\"@type\":\"SearchAction\",\"target\":{\"@type\":\"EntryPoint\",\"urlTemplate\":\"https:\/\/www.fiscalia.gov.co\/colombia\/?s={search_term_string}\"},\"query-input\":{\"@type\":\"PropertyValueSpecification\",\"valueRequired\":true,\"valueName\":\"search_term_string\"}}],\"inLanguage\":\"es-CO\"},{\"@type\":\"Organization\",\"@id\":\"https:\/\/www.fiscalia.gov.co\/colombia\/#organization\",\"name\":\"Fiscal\u00eda General de la Naci\u00f3n\",\"url\":\"https:\/\/www.fiscalia.gov.co\/colombia\/\",\"logo\":{\"@type\":\"ImageObject\",\"inLanguage\":\"es-CO\",\"@id\":\"https:\/\/www.fiscalia.gov.co\/colombia\/#\/schema\/logo\/image\/\",\"url\":\"https:\/\/www.fiscalia.gov.co\/colombia\/wp-content\/uploads\/LogoHorizontal_1.jpg\",\"contentUrl\":\"https:\/\/www.fiscalia.gov.co\/colombia\/wp-content\/uploads\/LogoHorizontal_1.jpg\",\"width\":300,\"height\":90,\"caption\":\"Fiscal\u00eda General de la Naci\u00f3n\"},\"image\":{\"@id\":\"https:\/\/www.fiscalia.gov.co\/colombia\/#\/schema\/logo\/image\/\"},\"sameAs\":[\"https:\/\/www.facebook.com\/FiscaliaCol\",\"https:\/\/x.com\/FiscaliaCol\",\"https:\/\/www.instagram.com\/fiscaliacol\",\"https:\/\/www.linkedin.com\/company\/fiscalia-general-de-la-naci-n\/\",\"https:\/\/youtube.com\/@fiscaliageneraldelanacion-4668?si=6nN79nyQICPU5iTh\"]},{\"@type\":\"Person\",\"@id\":\"https:\/\/www.fiscalia.gov.co\/colombia\/#\/schema\/person\/bf84402cf293a5393e9c70b111020b24\",\"name\":\"Jordan Leandro Oviedo Anzola\",\"image\":{\"@type\":\"ImageObject\",\"inLanguage\":\"es-CO\",\"@id\":\"https:\/\/www.fiscalia.gov.co\/colombia\/#\/schema\/person\/image\/\",\"url\":\"https:\/\/secure.gravatar.com\/avatar\/dabba4346fa9b9207d96adafa8f92721?s=96&d=mm&r=g\",\"contentUrl\":\"https:\/\/secure.gravatar.com\/avatar\/dabba4346fa9b9207d96adafa8f92721?s=96&d=mm&r=g\",\"caption\":\"Jordan Leandro Oviedo Anzola\"},\"url\":\"https:\/\/www.fiscalia.gov.co\/colombia\/author\/joviedo\/\"}]}<\/script>\n<!-- \/ Yoast SEO plugin. -->","yoast_head_json":{"title":"Fiscal\u00eda General de la Naci\u00f3n","description":"P\u00e1gina oficial de la Fiscal\u00eda General de la Naci\u00f3n \u2013 Colombia. Garantizamos el acceso efectivo a la justicia, la verdad y la reparaci\u00f3n de las v\u00edctimas de los delitos.","robots":{"index":"noindex","follow":"follow"},"og_locale":"es_ES","og_type":"article","og_title":"Fiscal\u00eda General de la Naci\u00f3n","og_description":"P\u00e1gina oficial de la Fiscal\u00eda General de la Naci\u00f3n \u2013 Colombia. Garantizamos el acceso efectivo a la justicia, la verdad y la reparaci\u00f3n de las v\u00edctimas de los delitos.","og_url":"https:\/\/www.fiscalia.gov.co\/colombia\/noticias\/privados-de-la-libertad-presuntos-integrantes-de-una-organizacion-delincuencial-dedicada-al-parecer-a-cometer-homicidios-selectivos-en-el-espinal-tolima\/","og_site_name":"Fiscal\u00eda General de la Naci\u00f3n","article_publisher":"https:\/\/www.facebook.com\/FiscaliaCol","article_published_time":"2022-05-24T22:40:07+00:00","author":"Jordan Leandro Oviedo Anzola","twitter_card":"summary_large_image","twitter_creator":"@FiscaliaCol","twitter_site":"@FiscaliaCol","twitter_misc":{"Escrito por":"Jordan Leandro Oviedo Anzola","Tiempo de lectura":"3 minutos"},"schema":{"@context":"https:\/\/schema.org","@graph":[{"@type":"Article","@id":"https:\/\/www.fiscalia.gov.co\/colombia\/noticias\/privados-de-la-libertad-presuntos-integrantes-de-una-organizacion-delincuencial-dedicada-al-parecer-a-cometer-homicidios-selectivos-en-el-espinal-tolima\/#article","isPartOf":{"@id":"https:\/\/www.fiscalia.gov.co\/colombia\/noticias\/privados-de-la-libertad-presuntos-integrantes-de-una-organizacion-delincuencial-dedicada-al-parecer-a-cometer-homicidios-selectivos-en-el-espinal-tolima\/"},"author":{"name":"Jordan Leandro Oviedo Anzola","@id":"https:\/\/www.fiscalia.gov.co\/colombia\/#\/schema\/person\/bf84402cf293a5393e9c70b111020b24"},"headline":"Privados de la libertad presuntos integrantes de una organizaci\u00f3n delincuencial dedicada al parecer, a cometer homicidios selectivos en El Espinal, Tolima","datePublished":"2022-05-24T22:40:07+00:00","dateModified":"2022-05-24T22:40:07+00:00","mainEntityOfPage":{"@id":"https:\/\/www.fiscalia.gov.co\/colombia\/noticias\/privados-de-la-libertad-presuntos-integrantes-de-una-organizacion-delincuencial-dedicada-al-parecer-a-cometer-homicidios-selectivos-en-el-espinal-tolima\/"},"wordCount":596,"publisher":{"@id":"https:\/\/www.fiscalia.gov.co\/colombia\/#organization"},"keywords":["Concierto para delinquir","CTI","El Espinal","Falsedad","Fiscal\u00eda General de la Naci\u00f3n","Gaula Ej\u00e9rcito.","Homicidio","Homicidios","Ibagu\u00e9 (Tolima)","medida carcelaria","Ocultamiento de material probatorio","Porte de armas","Seguridad ciudadana","Tolima","Unidad de Vida"],"articleSection":["Noticias","Seccional Ibagu\u00e9","Seccionales","Seguridad territorial"],"inLanguage":"es-CO"},{"@type":"WebPage","@id":"https:\/\/www.fiscalia.gov.co\/colombia\/noticias\/privados-de-la-libertad-presuntos-integrantes-de-una-organizacion-delincuencial-dedicada-al-parecer-a-cometer-homicidios-selectivos-en-el-espinal-tolima\/","url":"https:\/\/www.fiscalia.gov.co\/colombia\/noticias\/privados-de-la-libertad-presuntos-integrantes-de-una-organizacion-delincuencial-dedicada-al-parecer-a-cometer-homicidios-selectivos-en-el-espinal-tolima\/","name":"Fiscal\u00eda General de la Naci\u00f3n","isPartOf":{"@id":"https:\/\/www.fiscalia.gov.co\/colombia\/#website"},"datePublished":"2022-05-24T22:40:07+00:00","dateModified":"2022-05-24T22:40:07+00:00","description":"P\u00e1gina oficial de la Fiscal\u00eda General de la Naci\u00f3n \u2013 Colombia. Garantizamos el acceso efectivo a la justicia, la verdad y la reparaci\u00f3n de las v\u00edctimas de los delitos.","breadcrumb":{"@id":"https:\/\/www.fiscalia.gov.co\/colombia\/noticias\/privados-de-la-libertad-presuntos-integrantes-de-una-organizacion-delincuencial-dedicada-al-parecer-a-cometer-homicidios-selectivos-en-el-espinal-tolima\/#breadcrumb"},"inLanguage":"es-CO","potentialAction":[{"@type":"ReadAction","target":["https:\/\/www.fiscalia.gov.co\/colombia\/noticias\/privados-de-la-libertad-presuntos-integrantes-de-una-organizacion-delincuencial-dedicada-al-parecer-a-cometer-homicidios-selectivos-en-el-espinal-tolima\/"]}]},{"@type":"BreadcrumbList","@id":"https:\/\/www.fiscalia.gov.co\/colombia\/noticias\/privados-de-la-libertad-presuntos-integrantes-de-una-organizacion-delincuencial-dedicada-al-parecer-a-cometer-homicidios-selectivos-en-el-espinal-tolima\/#breadcrumb","itemListElement":[{"@type":"ListItem","position":1,"name":"Home","item":"https:\/\/www.fiscalia.gov.co\/colombia\/"},{"@type":"ListItem","position":2,"name":"Privados de la libertad presuntos integrantes de una organizaci\u00f3n delincuencial dedicada al parecer, a cometer homicidios selectivos en El Espinal, Tolima"}]},{"@type":"WebSite","@id":"https:\/\/www.fiscalia.gov.co\/colombia\/#website","url":"https:\/\/www.fiscalia.gov.co\/colombia\/","name":"Fiscal\u00eda General de la Naci\u00f3n","description":"P\u00e1gina oficial de la Fiscal\u00eda General de la Naci\u00f3n \u2013 Colombia. Garantizamos el acceso efectivo a la justicia, la verdad y la reparaci\u00f3n de las v\u00edctimas de los delitos.","publisher":{"@id":"https:\/\/www.fiscalia.gov.co\/colombia\/#organization"},"potentialAction":[{"@type":"SearchAction","target":{"@type":"EntryPoint","urlTemplate":"https:\/\/www.fiscalia.gov.co\/colombia\/?s={search_term_string}"},"query-input":{"@type":"PropertyValueSpecification","valueRequired":true,"valueName":"search_term_string"}}],"inLanguage":"es-CO"},{"@type":"Organization","@id":"https:\/\/www.fiscalia.gov.co\/colombia\/#organization","name":"Fiscal\u00eda General de la Naci\u00f3n","url":"https:\/\/www.fiscalia.gov.co\/colombia\/","logo":{"@type":"ImageObject","inLanguage":"es-CO","@id":"https:\/\/www.fiscalia.gov.co\/colombia\/#\/schema\/logo\/image\/","url":"https:\/\/www.fiscalia.gov.co\/colombia\/wp-content\/uploads\/LogoHorizontal_1.jpg","contentUrl":"https:\/\/www.fiscalia.gov.co\/colombia\/wp-content\/uploads\/LogoHorizontal_1.jpg","width":300,"height":90,"caption":"Fiscal\u00eda General de la Naci\u00f3n"},"image":{"@id":"https:\/\/www.fiscalia.gov.co\/colombia\/#\/schema\/logo\/image\/"},"sameAs":["https:\/\/www.facebook.com\/FiscaliaCol","https:\/\/x.com\/FiscaliaCol","https:\/\/www.instagram.com\/fiscaliacol","https:\/\/www.linkedin.com\/company\/fiscalia-general-de-la-naci-n\/","https:\/\/youtube.com\/@fiscaliageneraldelanacion-4668?si=6nN79nyQICPU5iTh"]},{"@type":"Person","@id":"https:\/\/www.fiscalia.gov.co\/colombia\/#\/schema\/person\/bf84402cf293a5393e9c70b111020b24","name":"Jordan Leandro Oviedo Anzola","image":{"@type":"ImageObject","inLanguage":"es-CO","@id":"https:\/\/www.fiscalia.gov.co\/colombia\/#\/schema\/person\/image\/","url":"https:\/\/secure.gravatar.com\/avatar\/dabba4346fa9b9207d96adafa8f92721?s=96&d=mm&r=g","contentUrl":"https:\/\/secure.gravatar.com\/avatar\/dabba4346fa9b9207d96adafa8f92721?s=96&d=mm&r=g","caption":"Jordan Leandro Oviedo Anzola"},"url":"https:\/\/www.fiscalia.gov.co\/colombia\/author\/joviedo\/"}]}},"_links":{"self":[{"href":"https:\/\/www.fiscalia.gov.co\/colombia\/wp-json\/wp\/v2\/posts\/249125","targetHints":{"allow":["GET"]}}],"collection":[{"href":"https:\/\/www.fiscalia.gov.co\/colombia\/wp-json\/wp\/v2\/posts"}],"about":[{"href":"https:\/\/www.fiscalia.gov.co\/colombia\/wp-json\/wp\/v2\/types\/post"}],"author":[{"embeddable":true,"href":"https:\/\/www.fiscalia.gov.co\/colombia\/wp-json\/wp\/v2\/users\/177"}],"replies":[{"embeddable":true,"href":"https:\/\/www.fiscalia.gov.co\/colombia\/wp-json\/wp\/v2\/comments?post=249125"}],"version-history":[{"count":1,"href":"https:\/\/www.fiscalia.gov.co\/colombia\/wp-json\/wp\/v2\/posts\/249125\/revisions"}],"predecessor-version":[{"id":249126,"href":"https:\/\/www.fiscalia.gov.co\/colombia\/wp-json\/wp\/v2\/posts\/249125\/revisions\/249126"}],"wp:attachment":[{"href":"https:\/\/www.fiscalia.gov.co\/colombia\/wp-json\/wp\/v2\/media?parent=249125"}],"wp:term":[{"taxonomy":"category","embeddable":true,"href":"https:\/\/www.fiscalia.gov.co\/colombia\/wp-json\/wp\/v2\/categories?post=249125"},{"taxonomy":"post_tag","embeddable":true,"href":"https:\/\/www.fiscalia.gov.co\/colombia\/wp-json\/wp\/v2\/tags?post=249125"}],"curies":[{"name":"wp","href":"https:\/\/api.w.org\/{rel}","templated":true}]}}