{"id":248945,"date":"2022-05-21T10:18:14","date_gmt":"2022-05-21T15:18:14","guid":{"rendered":"https:\/\/www.fiscalia.gov.co\/colombia\/?p=248945"},"modified":"2022-05-21T10:18:54","modified_gmt":"2022-05-21T15:18:54","slug":"privados-de-la-libertad-3-presuntos-implicados-en-secuestro-extorsivo-en-zona-rural-del-el-tambo","status":"publish","type":"post","link":"https:\/\/www.fiscalia.gov.co\/colombia\/noticias\/privados-de-la-libertad-3-presuntos-implicados-en-secuestro-extorsivo-en-zona-rural-del-el-tambo\/","title":{"rendered":"Privados de la libertad 3 presuntos implicados en secuestro extorsivo en zona rural del El Tambo"},"content":{"rendered":"<p>Ante la contundencia de los elementos materiales probatorios y evidencia f\u00edsica presentada por la Fiscal\u00eda General de la Naci\u00f3n, un juez de control de garant\u00edas envi\u00f3 a la c\u00e1rcel a 3 presuntos implicados en el secuestro extorsivo de un hombre, en jurisdicci\u00f3n del municipio de El Tambo (Cauca).<\/p>\n<p><img loading=\"lazy\" decoding=\"async\" class=\"aligncenter size-full wp-image-248947\" src=\"https:\/\/www.fiscalia.gov.co\/colombia\/wp-content\/uploads\/WhatsApp-Image-2022-05-21-at-10.14.53-AM.jpeg\" alt=\"\" width=\"1280\" height=\"727\" srcset=\"https:\/\/www.fiscalia.gov.co\/colombia\/wp-content\/uploads\/WhatsApp-Image-2022-05-21-at-10.14.53-AM.jpeg 1280w, https:\/\/www.fiscalia.gov.co\/colombia\/wp-content\/uploads\/WhatsApp-Image-2022-05-21-at-10.14.53-AM-300x170.jpeg 300w, https:\/\/www.fiscalia.gov.co\/colombia\/wp-content\/uploads\/WhatsApp-Image-2022-05-21-at-10.14.53-AM-1024x582.jpeg 1024w, https:\/\/www.fiscalia.gov.co\/colombia\/wp-content\/uploads\/WhatsApp-Image-2022-05-21-at-10.14.53-AM-768x436.jpeg 768w, https:\/\/www.fiscalia.gov.co\/colombia\/wp-content\/uploads\/WhatsApp-Image-2022-05-21-at-10.14.53-AM-696x395.jpeg 696w, https:\/\/www.fiscalia.gov.co\/colombia\/wp-content\/uploads\/WhatsApp-Image-2022-05-21-at-10.14.53-AM-1068x607.jpeg 1068w, https:\/\/www.fiscalia.gov.co\/colombia\/wp-content\/uploads\/WhatsApp-Image-2022-05-21-at-10.14.53-AM-739x420.jpeg 739w\" sizes=\"auto, (max-width: 1280px) 100vw, 1280px\" \/><\/p>\n<p>Se trata de Paula Andrea Bueno Giraldo, Andr\u00e9s Fernando Bola\u00f1os y Jos\u00e9 Norvey Figueroa Figueroa, capturados en flagrancia, en una vivienda del barrio Tom\u00e1s Cipriano de Mosquera, de Popay\u00e1n (Cauca), donde personal del Gaula de la Polic\u00eda Nacional, liberaron a un hombre que hab\u00eda sido secuestrado el pasado 15 de mayo, en la vereda Piagua, jurisdicci\u00f3n de El Tambo (Cauca).<\/p>\n<p>Seg\u00fan la Fiscal\u00eda, la v\u00edctima se movilizaba en una motocicleta, en compa\u00f1\u00eda de otra persona y fueron interceptados por varias personas que se desplazaban en un autom\u00f3vil, quienes provocaron la ca\u00edda del motociclista y cuando \u00e9ste intent\u00f3 huir lo retuvieron, amarraron sus manos, le colocaron un pasamonta\u00f1as y lo obligaron a subir a un veh\u00edculo para luego trasladarlo a una vivienda en la capital caucana.<\/p>\n<p>A la mujer que iba con la v\u00edctima le entregaron un panfleto en el que dec\u00eda \u201cesperen noticias\u201d. Posterior a ello, familiares del secuestrado habr\u00edan recibido llamadas extorsivas, en las que exig\u00edan dos mil millones de pesos por su liberaci\u00f3n.<\/p>\n<p>Las capturas de los hoy imputados se realizaron durante una diligencia de registro y allanamiento y en las audiencias preliminares un fiscal especializado de la Seccional Cauca les imput\u00f3 cargos por el delito de secuestro extorsivo agravado.<\/p>\n<p>Por determinaci\u00f3n del juez los tres presuntos implicados, quienes no aceptaron cargos, deben cumplir la medida de aseguramiento en centros carcelarios.<\/p>\n<p>Esta informaci\u00f3n se publica por razones de inter\u00e9s general.<\/p>\n<p>MAP\/MAGA\/GAMM\/DSC.<\/p>\n<p>&nbsp;<\/p>\n<div class=\"td-post-content tagdiv-type\">\n<div class=\"td-post-content tagdiv-type\">\n<div class=\"td-post-content tagdiv-type\">\n<div class=\"td-post-content tagdiv-type\">\n<div class=\"td-post-content tagdiv-type\">\n<div id=\"m_-8582505874221141334m_-3368415632650587081m_3205762293817546259ms-outlook-mobile-signature\" dir=\"auto\">\n<p><i>La informaci\u00f3n contenida en este bolet\u00edn de prensa corresponde a la narraci\u00f3n de los hechos noticiosos objetivos, suministrados por los funcionarios encargados de adelantar las investigaciones penales al interior de la Fiscal\u00eda General de la Naci\u00f3n. Para el momento de la divulgaci\u00f3n de este comunicado, la situaci\u00f3n jur\u00eddica de la(s) persona(s) relacionada(s) se encuentra pendiente de resolver por la autoridad judicial competente, siempre bajo los preceptos de la presunci\u00f3n de inocencia, consagrados en el art\u00edculo 29 de la Constituci\u00f3n Pol\u00edtica y el art\u00edculo 7\u00ba de la Ley 906 de 2004.\u00a0 \u00a0 \u00a0 \u00a0 \u00a0\u00a0<\/i><\/p>\n<\/div>\n<\/div>\n<\/div>\n<\/div>\n<\/div>\n<\/div>\n<footer>\n<div class=\"td-post-source-tags\"><\/div>\n<div class=\"td-post-sharing-bottom\"><\/div>\n<\/footer>\n\n<div class=\"twitter-share\"><a href=\"https:\/\/twitter.com\/intent\/tweet?via=fiscaliacol\" class=\"twitter-share-button\">Tweet<\/a><\/div>\n","protected":false},"excerpt":{"rendered":"<p>Ante la contundencia de los elementos materiales probatorios y evidencia f\u00edsica presentada por la Fiscal\u00eda General de la Naci\u00f3n, un juez de control de garant\u00edas envi\u00f3 a la c\u00e1rcel a 3 presuntos implicados en el secuestro extorsivo de un hombre, en jurisdicci\u00f3n del municipio de El Tambo (Cauca). Se trata de Paula Andrea Bueno Giraldo, [&hellip;]<\/p>\n","protected":false},"author":175,"featured_media":0,"comment_status":"closed","ping_status":"open","sticky":false,"template":"","format":"standard","meta":{"_price":"","_stock":"","_tribe_ticket_header":"","_tribe_default_ticket_provider":"","_tribe_ticket_capacity":"0","_ticket_start_date":"","_ticket_end_date":"","_tribe_ticket_show_description":"","_tribe_ticket_show_not_going":false,"_tribe_ticket_use_global_stock":"","_tribe_ticket_global_stock_level":"","_global_stock_mode":"","_global_stock_cap":"","_tribe_rsvp_for_event":"","_tribe_ticket_going_count":"","_tribe_ticket_not_going_count":"","_tribe_tickets_list":"[]","_tribe_ticket_has_attendee_info_fields":false,"tdm_status":"","tdm_grid_status":"","footnotes":""},"categories":[1,336,24099],"tags":[24189,24526],"class_list":{"0":"post-248945","1":"post","2":"type-post","3":"status-publish","4":"format-standard","6":"category-noticias","7":"category-seccional-popayan","8":"category-seguridad-territorial","9":"tag-fiscal-francisco-barbosa-delgado","10":"tag-fiscal-general-francisco-barbosa-delgado"},"yoast_head":"<!-- This site is optimized with the Yoast SEO plugin v24.3 - https:\/\/yoast.com\/wordpress\/plugins\/seo\/ -->\n<title>Fiscal\u00eda General de la Naci\u00f3n<\/title>\n<meta name=\"description\" content=\"P\u00e1gina oficial de la Fiscal\u00eda General de la Naci\u00f3n \u2013 Colombia. Garantizamos el acceso efectivo a la justicia, la verdad y la reparaci\u00f3n de las v\u00edctimas de los delitos.\" \/>\n<meta name=\"robots\" content=\"noindex, follow\" \/>\n<meta property=\"og:locale\" content=\"es_ES\" \/>\n<meta property=\"og:type\" content=\"article\" \/>\n<meta property=\"og:title\" content=\"Fiscal\u00eda General de la Naci\u00f3n\" \/>\n<meta property=\"og:description\" content=\"P\u00e1gina oficial de la Fiscal\u00eda General de la Naci\u00f3n \u2013 Colombia. Garantizamos el acceso efectivo a la justicia, la verdad y la reparaci\u00f3n de las v\u00edctimas de los delitos.\" \/>\n<meta property=\"og:url\" content=\"https:\/\/www.fiscalia.gov.co\/colombia\/noticias\/privados-de-la-libertad-3-presuntos-implicados-en-secuestro-extorsivo-en-zona-rural-del-el-tambo\/\" \/>\n<meta property=\"og:site_name\" content=\"Fiscal\u00eda General de la Naci\u00f3n\" \/>\n<meta property=\"article:publisher\" content=\"https:\/\/www.facebook.com\/FiscaliaCol\" \/>\n<meta property=\"article:published_time\" content=\"2022-05-21T15:18:14+00:00\" \/>\n<meta property=\"article:modified_time\" content=\"2022-05-21T15:18:54+00:00\" \/>\n<meta property=\"og:image\" content=\"https:\/\/www.fiscalia.gov.co\/colombia\/wp-content\/uploads\/WhatsApp-Image-2022-05-21-at-10.14.53-AM.jpeg\" \/>\n<meta name=\"author\" content=\"Katherine Loaiza Mart\u00ednez\" \/>\n<meta name=\"twitter:card\" content=\"summary_large_image\" \/>\n<meta name=\"twitter:creator\" content=\"@FiscaliaCol\" \/>\n<meta name=\"twitter:site\" content=\"@FiscaliaCol\" \/>\n<meta name=\"twitter:label1\" content=\"Escrito por\" \/>\n\t<meta name=\"twitter:data1\" content=\"Katherine Loaiza Mart\u00ednez\" \/>\n\t<meta name=\"twitter:label2\" content=\"Tiempo de lectura\" \/>\n\t<meta name=\"twitter:data2\" content=\"2 minutos\" \/>\n<script type=\"application\/ld+json\" class=\"yoast-schema-graph\">{\"@context\":\"https:\/\/schema.org\",\"@graph\":[{\"@type\":\"Article\",\"@id\":\"https:\/\/www.fiscalia.gov.co\/colombia\/noticias\/privados-de-la-libertad-3-presuntos-implicados-en-secuestro-extorsivo-en-zona-rural-del-el-tambo\/#article\",\"isPartOf\":{\"@id\":\"https:\/\/www.fiscalia.gov.co\/colombia\/noticias\/privados-de-la-libertad-3-presuntos-implicados-en-secuestro-extorsivo-en-zona-rural-del-el-tambo\/\"},\"author\":{\"name\":\"Katherine Loaiza Mart\u00ednez\",\"@id\":\"https:\/\/www.fiscalia.gov.co\/colombia\/#\/schema\/person\/2e76b9aba5ecf875ed565ce4de0e0415\"},\"headline\":\"Privados de la libertad 3 presuntos implicados en secuestro extorsivo en zona rural del El Tambo\",\"datePublished\":\"2022-05-21T15:18:14+00:00\",\"dateModified\":\"2022-05-21T15:18:54+00:00\",\"mainEntityOfPage\":{\"@id\":\"https:\/\/www.fiscalia.gov.co\/colombia\/noticias\/privados-de-la-libertad-3-presuntos-implicados-en-secuestro-extorsivo-en-zona-rural-del-el-tambo\/\"},\"wordCount\":429,\"publisher\":{\"@id\":\"https:\/\/www.fiscalia.gov.co\/colombia\/#organization\"},\"image\":{\"@id\":\"https:\/\/www.fiscalia.gov.co\/colombia\/noticias\/privados-de-la-libertad-3-presuntos-implicados-en-secuestro-extorsivo-en-zona-rural-del-el-tambo\/#primaryimage\"},\"thumbnailUrl\":\"https:\/\/www.fiscalia.gov.co\/colombia\/wp-content\/uploads\/WhatsApp-Image-2022-05-21-at-10.14.53-AM.jpeg\",\"keywords\":[\"Fiscal Francisco Barbosa Delgado\",\"Fiscal General Francisco Barbosa Delgado\"],\"articleSection\":[\"Noticias\",\"Seccional Popay\u00e1n\",\"Seguridad territorial\"],\"inLanguage\":\"es-CO\"},{\"@type\":\"WebPage\",\"@id\":\"https:\/\/www.fiscalia.gov.co\/colombia\/noticias\/privados-de-la-libertad-3-presuntos-implicados-en-secuestro-extorsivo-en-zona-rural-del-el-tambo\/\",\"url\":\"https:\/\/www.fiscalia.gov.co\/colombia\/noticias\/privados-de-la-libertad-3-presuntos-implicados-en-secuestro-extorsivo-en-zona-rural-del-el-tambo\/\",\"name\":\"Fiscal\u00eda General de la Naci\u00f3n\",\"isPartOf\":{\"@id\":\"https:\/\/www.fiscalia.gov.co\/colombia\/#website\"},\"primaryImageOfPage\":{\"@id\":\"https:\/\/www.fiscalia.gov.co\/colombia\/noticias\/privados-de-la-libertad-3-presuntos-implicados-en-secuestro-extorsivo-en-zona-rural-del-el-tambo\/#primaryimage\"},\"image\":{\"@id\":\"https:\/\/www.fiscalia.gov.co\/colombia\/noticias\/privados-de-la-libertad-3-presuntos-implicados-en-secuestro-extorsivo-en-zona-rural-del-el-tambo\/#primaryimage\"},\"thumbnailUrl\":\"https:\/\/www.fiscalia.gov.co\/colombia\/wp-content\/uploads\/WhatsApp-Image-2022-05-21-at-10.14.53-AM.jpeg\",\"datePublished\":\"2022-05-21T15:18:14+00:00\",\"dateModified\":\"2022-05-21T15:18:54+00:00\",\"description\":\"P\u00e1gina oficial de la Fiscal\u00eda General de la Naci\u00f3n \u2013 Colombia. Garantizamos el acceso efectivo a la justicia, la verdad y la reparaci\u00f3n de las v\u00edctimas de los delitos.\",\"breadcrumb\":{\"@id\":\"https:\/\/www.fiscalia.gov.co\/colombia\/noticias\/privados-de-la-libertad-3-presuntos-implicados-en-secuestro-extorsivo-en-zona-rural-del-el-tambo\/#breadcrumb\"},\"inLanguage\":\"es-CO\",\"potentialAction\":[{\"@type\":\"ReadAction\",\"target\":[\"https:\/\/www.fiscalia.gov.co\/colombia\/noticias\/privados-de-la-libertad-3-presuntos-implicados-en-secuestro-extorsivo-en-zona-rural-del-el-tambo\/\"]}]},{\"@type\":\"ImageObject\",\"inLanguage\":\"es-CO\",\"@id\":\"https:\/\/www.fiscalia.gov.co\/colombia\/noticias\/privados-de-la-libertad-3-presuntos-implicados-en-secuestro-extorsivo-en-zona-rural-del-el-tambo\/#primaryimage\",\"url\":\"https:\/\/www.fiscalia.gov.co\/colombia\/wp-content\/uploads\/WhatsApp-Image-2022-05-21-at-10.14.53-AM.jpeg\",\"contentUrl\":\"https:\/\/www.fiscalia.gov.co\/colombia\/wp-content\/uploads\/WhatsApp-Image-2022-05-21-at-10.14.53-AM.jpeg\",\"width\":1280,\"height\":727},{\"@type\":\"BreadcrumbList\",\"@id\":\"https:\/\/www.fiscalia.gov.co\/colombia\/noticias\/privados-de-la-libertad-3-presuntos-implicados-en-secuestro-extorsivo-en-zona-rural-del-el-tambo\/#breadcrumb\",\"itemListElement\":[{\"@type\":\"ListItem\",\"position\":1,\"name\":\"Home\",\"item\":\"https:\/\/www.fiscalia.gov.co\/colombia\/\"},{\"@type\":\"ListItem\",\"position\":2,\"name\":\"Privados de la libertad 3 presuntos implicados en secuestro extorsivo en zona rural del El Tambo\"}]},{\"@type\":\"WebSite\",\"@id\":\"https:\/\/www.fiscalia.gov.co\/colombia\/#website\",\"url\":\"https:\/\/www.fiscalia.gov.co\/colombia\/\",\"name\":\"Fiscal\u00eda General de la Naci\u00f3n\",\"description\":\"P\u00e1gina oficial de la Fiscal\u00eda General de la Naci\u00f3n \u2013 Colombia. Garantizamos el acceso efectivo a la justicia, la verdad y la reparaci\u00f3n de las v\u00edctimas de los delitos.\",\"publisher\":{\"@id\":\"https:\/\/www.fiscalia.gov.co\/colombia\/#organization\"},\"potentialAction\":[{\"@type\":\"SearchAction\",\"target\":{\"@type\":\"EntryPoint\",\"urlTemplate\":\"https:\/\/www.fiscalia.gov.co\/colombia\/?s={search_term_string}\"},\"query-input\":{\"@type\":\"PropertyValueSpecification\",\"valueRequired\":true,\"valueName\":\"search_term_string\"}}],\"inLanguage\":\"es-CO\"},{\"@type\":\"Organization\",\"@id\":\"https:\/\/www.fiscalia.gov.co\/colombia\/#organization\",\"name\":\"Fiscal\u00eda General de la Naci\u00f3n\",\"url\":\"https:\/\/www.fiscalia.gov.co\/colombia\/\",\"logo\":{\"@type\":\"ImageObject\",\"inLanguage\":\"es-CO\",\"@id\":\"https:\/\/www.fiscalia.gov.co\/colombia\/#\/schema\/logo\/image\/\",\"url\":\"https:\/\/www.fiscalia.gov.co\/colombia\/wp-content\/uploads\/LogoHorizontal_1.jpg\",\"contentUrl\":\"https:\/\/www.fiscalia.gov.co\/colombia\/wp-content\/uploads\/LogoHorizontal_1.jpg\",\"width\":300,\"height\":90,\"caption\":\"Fiscal\u00eda General de la Naci\u00f3n\"},\"image\":{\"@id\":\"https:\/\/www.fiscalia.gov.co\/colombia\/#\/schema\/logo\/image\/\"},\"sameAs\":[\"https:\/\/www.facebook.com\/FiscaliaCol\",\"https:\/\/x.com\/FiscaliaCol\",\"https:\/\/www.instagram.com\/fiscaliacol\",\"https:\/\/www.linkedin.com\/company\/fiscalia-general-de-la-naci-n\/\",\"https:\/\/youtube.com\/@fiscaliageneraldelanacion-4668?si=6nN79nyQICPU5iTh\"]},{\"@type\":\"Person\",\"@id\":\"https:\/\/www.fiscalia.gov.co\/colombia\/#\/schema\/person\/2e76b9aba5ecf875ed565ce4de0e0415\",\"name\":\"Katherine Loaiza Mart\u00ednez\",\"image\":{\"@type\":\"ImageObject\",\"inLanguage\":\"es-CO\",\"@id\":\"https:\/\/www.fiscalia.gov.co\/colombia\/#\/schema\/person\/image\/\",\"url\":\"https:\/\/secure.gravatar.com\/avatar\/ab775a2f394c1b83b6d6f78680e57b50?s=96&d=mm&r=g\",\"contentUrl\":\"https:\/\/secure.gravatar.com\/avatar\/ab775a2f394c1b83b6d6f78680e57b50?s=96&d=mm&r=g\",\"caption\":\"Katherine Loaiza Mart\u00ednez\"},\"url\":\"https:\/\/www.fiscalia.gov.co\/colombia\/author\/kloaiza\/\"}]}<\/script>\n<!-- \/ Yoast SEO plugin. -->","yoast_head_json":{"title":"Fiscal\u00eda General de la Naci\u00f3n","description":"P\u00e1gina oficial de la Fiscal\u00eda General de la Naci\u00f3n \u2013 Colombia. Garantizamos el acceso efectivo a la justicia, la verdad y la reparaci\u00f3n de las v\u00edctimas de los delitos.","robots":{"index":"noindex","follow":"follow"},"og_locale":"es_ES","og_type":"article","og_title":"Fiscal\u00eda General de la Naci\u00f3n","og_description":"P\u00e1gina oficial de la Fiscal\u00eda General de la Naci\u00f3n \u2013 Colombia. Garantizamos el acceso efectivo a la justicia, la verdad y la reparaci\u00f3n de las v\u00edctimas de los delitos.","og_url":"https:\/\/www.fiscalia.gov.co\/colombia\/noticias\/privados-de-la-libertad-3-presuntos-implicados-en-secuestro-extorsivo-en-zona-rural-del-el-tambo\/","og_site_name":"Fiscal\u00eda General de la Naci\u00f3n","article_publisher":"https:\/\/www.facebook.com\/FiscaliaCol","article_published_time":"2022-05-21T15:18:14+00:00","article_modified_time":"2022-05-21T15:18:54+00:00","og_image":[{"url":"https:\/\/www.fiscalia.gov.co\/colombia\/wp-content\/uploads\/WhatsApp-Image-2022-05-21-at-10.14.53-AM.jpeg","type":"","width":"","height":""}],"author":"Katherine Loaiza Mart\u00ednez","twitter_card":"summary_large_image","twitter_creator":"@FiscaliaCol","twitter_site":"@FiscaliaCol","twitter_misc":{"Escrito por":"Katherine Loaiza Mart\u00ednez","Tiempo de lectura":"2 minutos"},"schema":{"@context":"https:\/\/schema.org","@graph":[{"@type":"Article","@id":"https:\/\/www.fiscalia.gov.co\/colombia\/noticias\/privados-de-la-libertad-3-presuntos-implicados-en-secuestro-extorsivo-en-zona-rural-del-el-tambo\/#article","isPartOf":{"@id":"https:\/\/www.fiscalia.gov.co\/colombia\/noticias\/privados-de-la-libertad-3-presuntos-implicados-en-secuestro-extorsivo-en-zona-rural-del-el-tambo\/"},"author":{"name":"Katherine Loaiza Mart\u00ednez","@id":"https:\/\/www.fiscalia.gov.co\/colombia\/#\/schema\/person\/2e76b9aba5ecf875ed565ce4de0e0415"},"headline":"Privados de la libertad 3 presuntos implicados en secuestro extorsivo en zona rural del El Tambo","datePublished":"2022-05-21T15:18:14+00:00","dateModified":"2022-05-21T15:18:54+00:00","mainEntityOfPage":{"@id":"https:\/\/www.fiscalia.gov.co\/colombia\/noticias\/privados-de-la-libertad-3-presuntos-implicados-en-secuestro-extorsivo-en-zona-rural-del-el-tambo\/"},"wordCount":429,"publisher":{"@id":"https:\/\/www.fiscalia.gov.co\/colombia\/#organization"},"image":{"@id":"https:\/\/www.fiscalia.gov.co\/colombia\/noticias\/privados-de-la-libertad-3-presuntos-implicados-en-secuestro-extorsivo-en-zona-rural-del-el-tambo\/#primaryimage"},"thumbnailUrl":"https:\/\/www.fiscalia.gov.co\/colombia\/wp-content\/uploads\/WhatsApp-Image-2022-05-21-at-10.14.53-AM.jpeg","keywords":["Fiscal Francisco Barbosa Delgado","Fiscal General Francisco Barbosa Delgado"],"articleSection":["Noticias","Seccional Popay\u00e1n","Seguridad territorial"],"inLanguage":"es-CO"},{"@type":"WebPage","@id":"https:\/\/www.fiscalia.gov.co\/colombia\/noticias\/privados-de-la-libertad-3-presuntos-implicados-en-secuestro-extorsivo-en-zona-rural-del-el-tambo\/","url":"https:\/\/www.fiscalia.gov.co\/colombia\/noticias\/privados-de-la-libertad-3-presuntos-implicados-en-secuestro-extorsivo-en-zona-rural-del-el-tambo\/","name":"Fiscal\u00eda General de la Naci\u00f3n","isPartOf":{"@id":"https:\/\/www.fiscalia.gov.co\/colombia\/#website"},"primaryImageOfPage":{"@id":"https:\/\/www.fiscalia.gov.co\/colombia\/noticias\/privados-de-la-libertad-3-presuntos-implicados-en-secuestro-extorsivo-en-zona-rural-del-el-tambo\/#primaryimage"},"image":{"@id":"https:\/\/www.fiscalia.gov.co\/colombia\/noticias\/privados-de-la-libertad-3-presuntos-implicados-en-secuestro-extorsivo-en-zona-rural-del-el-tambo\/#primaryimage"},"thumbnailUrl":"https:\/\/www.fiscalia.gov.co\/colombia\/wp-content\/uploads\/WhatsApp-Image-2022-05-21-at-10.14.53-AM.jpeg","datePublished":"2022-05-21T15:18:14+00:00","dateModified":"2022-05-21T15:18:54+00:00","description":"P\u00e1gina oficial de la Fiscal\u00eda General de la Naci\u00f3n \u2013 Colombia. Garantizamos el acceso efectivo a la justicia, la verdad y la reparaci\u00f3n de las v\u00edctimas de los delitos.","breadcrumb":{"@id":"https:\/\/www.fiscalia.gov.co\/colombia\/noticias\/privados-de-la-libertad-3-presuntos-implicados-en-secuestro-extorsivo-en-zona-rural-del-el-tambo\/#breadcrumb"},"inLanguage":"es-CO","potentialAction":[{"@type":"ReadAction","target":["https:\/\/www.fiscalia.gov.co\/colombia\/noticias\/privados-de-la-libertad-3-presuntos-implicados-en-secuestro-extorsivo-en-zona-rural-del-el-tambo\/"]}]},{"@type":"ImageObject","inLanguage":"es-CO","@id":"https:\/\/www.fiscalia.gov.co\/colombia\/noticias\/privados-de-la-libertad-3-presuntos-implicados-en-secuestro-extorsivo-en-zona-rural-del-el-tambo\/#primaryimage","url":"https:\/\/www.fiscalia.gov.co\/colombia\/wp-content\/uploads\/WhatsApp-Image-2022-05-21-at-10.14.53-AM.jpeg","contentUrl":"https:\/\/www.fiscalia.gov.co\/colombia\/wp-content\/uploads\/WhatsApp-Image-2022-05-21-at-10.14.53-AM.jpeg","width":1280,"height":727},{"@type":"BreadcrumbList","@id":"https:\/\/www.fiscalia.gov.co\/colombia\/noticias\/privados-de-la-libertad-3-presuntos-implicados-en-secuestro-extorsivo-en-zona-rural-del-el-tambo\/#breadcrumb","itemListElement":[{"@type":"ListItem","position":1,"name":"Home","item":"https:\/\/www.fiscalia.gov.co\/colombia\/"},{"@type":"ListItem","position":2,"name":"Privados de la libertad 3 presuntos implicados en secuestro extorsivo en zona rural del El Tambo"}]},{"@type":"WebSite","@id":"https:\/\/www.fiscalia.gov.co\/colombia\/#website","url":"https:\/\/www.fiscalia.gov.co\/colombia\/","name":"Fiscal\u00eda General de la Naci\u00f3n","description":"P\u00e1gina oficial de la Fiscal\u00eda General de la Naci\u00f3n \u2013 Colombia. Garantizamos el acceso efectivo a la justicia, la verdad y la reparaci\u00f3n de las v\u00edctimas de los delitos.","publisher":{"@id":"https:\/\/www.fiscalia.gov.co\/colombia\/#organization"},"potentialAction":[{"@type":"SearchAction","target":{"@type":"EntryPoint","urlTemplate":"https:\/\/www.fiscalia.gov.co\/colombia\/?s={search_term_string}"},"query-input":{"@type":"PropertyValueSpecification","valueRequired":true,"valueName":"search_term_string"}}],"inLanguage":"es-CO"},{"@type":"Organization","@id":"https:\/\/www.fiscalia.gov.co\/colombia\/#organization","name":"Fiscal\u00eda General de la Naci\u00f3n","url":"https:\/\/www.fiscalia.gov.co\/colombia\/","logo":{"@type":"ImageObject","inLanguage":"es-CO","@id":"https:\/\/www.fiscalia.gov.co\/colombia\/#\/schema\/logo\/image\/","url":"https:\/\/www.fiscalia.gov.co\/colombia\/wp-content\/uploads\/LogoHorizontal_1.jpg","contentUrl":"https:\/\/www.fiscalia.gov.co\/colombia\/wp-content\/uploads\/LogoHorizontal_1.jpg","width":300,"height":90,"caption":"Fiscal\u00eda General de la Naci\u00f3n"},"image":{"@id":"https:\/\/www.fiscalia.gov.co\/colombia\/#\/schema\/logo\/image\/"},"sameAs":["https:\/\/www.facebook.com\/FiscaliaCol","https:\/\/x.com\/FiscaliaCol","https:\/\/www.instagram.com\/fiscaliacol","https:\/\/www.linkedin.com\/company\/fiscalia-general-de-la-naci-n\/","https:\/\/youtube.com\/@fiscaliageneraldelanacion-4668?si=6nN79nyQICPU5iTh"]},{"@type":"Person","@id":"https:\/\/www.fiscalia.gov.co\/colombia\/#\/schema\/person\/2e76b9aba5ecf875ed565ce4de0e0415","name":"Katherine Loaiza Mart\u00ednez","image":{"@type":"ImageObject","inLanguage":"es-CO","@id":"https:\/\/www.fiscalia.gov.co\/colombia\/#\/schema\/person\/image\/","url":"https:\/\/secure.gravatar.com\/avatar\/ab775a2f394c1b83b6d6f78680e57b50?s=96&d=mm&r=g","contentUrl":"https:\/\/secure.gravatar.com\/avatar\/ab775a2f394c1b83b6d6f78680e57b50?s=96&d=mm&r=g","caption":"Katherine Loaiza Mart\u00ednez"},"url":"https:\/\/www.fiscalia.gov.co\/colombia\/author\/kloaiza\/"}]}},"_links":{"self":[{"href":"https:\/\/www.fiscalia.gov.co\/colombia\/wp-json\/wp\/v2\/posts\/248945","targetHints":{"allow":["GET"]}}],"collection":[{"href":"https:\/\/www.fiscalia.gov.co\/colombia\/wp-json\/wp\/v2\/posts"}],"about":[{"href":"https:\/\/www.fiscalia.gov.co\/colombia\/wp-json\/wp\/v2\/types\/post"}],"author":[{"embeddable":true,"href":"https:\/\/www.fiscalia.gov.co\/colombia\/wp-json\/wp\/v2\/users\/175"}],"replies":[{"embeddable":true,"href":"https:\/\/www.fiscalia.gov.co\/colombia\/wp-json\/wp\/v2\/comments?post=248945"}],"version-history":[{"count":2,"href":"https:\/\/www.fiscalia.gov.co\/colombia\/wp-json\/wp\/v2\/posts\/248945\/revisions"}],"predecessor-version":[{"id":248948,"href":"https:\/\/www.fiscalia.gov.co\/colombia\/wp-json\/wp\/v2\/posts\/248945\/revisions\/248948"}],"wp:attachment":[{"href":"https:\/\/www.fiscalia.gov.co\/colombia\/wp-json\/wp\/v2\/media?parent=248945"}],"wp:term":[{"taxonomy":"category","embeddable":true,"href":"https:\/\/www.fiscalia.gov.co\/colombia\/wp-json\/wp\/v2\/categories?post=248945"},{"taxonomy":"post_tag","embeddable":true,"href":"https:\/\/www.fiscalia.gov.co\/colombia\/wp-json\/wp\/v2\/tags?post=248945"}],"curies":[{"name":"wp","href":"https:\/\/api.w.org\/{rel}","templated":true}]}}