{"id":248891,"date":"2022-05-20T14:41:27","date_gmt":"2022-05-20T19:41:27","guid":{"rendered":"https:\/\/www.fiscalia.gov.co\/colombia\/?p=248891"},"modified":"2022-05-20T14:41:27","modified_gmt":"2022-05-20T19:41:27","slug":"judicializadas-cuatro-personas-dedicadas-al-parecer-al-microtrafico-en-cucuta","status":"publish","type":"post","link":"https:\/\/www.fiscalia.gov.co\/colombia\/noticias\/judicializadas-cuatro-personas-dedicadas-al-parecer-al-microtrafico-en-cucuta\/","title":{"rendered":"Judicializadas cuatro personas dedicadas al parecer al microtr\u00e1fico en C\u00facuta"},"content":{"rendered":"<p style=\"font-weight: 400;\">La Fiscal\u00eda, en un trabajo conjunto con la Polic\u00eda Nacional Norte de Santander, logr\u00f3 la captura de cuatro personas, dedicadas al parecer al <a href=\"https:\/\/www.fiscalia.gov.co\/colombia\/noticias\/asegurado-hombre-por-trafico-de-estupefacientes-y-armas-en-zona-metropolitana-de-cucuta-norte-de-santander\/\" data-saferedirecturl=\"https:\/\/www.google.com\/url?q=https:\/\/www.fiscalia.gov.co\/colombia\/noticias\/asegurado-hombre-por-trafico-de-estupefacientes-y-armas-en-zona-metropolitana-de-cucuta-norte-de-santander\/&amp;source=gmail&amp;ust=1653161527513000&amp;usg=AOvVaw28vYLUIGIO-E1c2y1osG0p\">expendio<\/a>\u00a0de sustancias estupefacientes en zona urbana de C\u00facuta.<\/p>\n<figure id=\"attachment_248892\" aria-describedby=\"caption-attachment-248892\" style=\"width: 696px\" class=\"wp-caption aligncenter\"><img loading=\"lazy\" decoding=\"async\" class=\"size-large wp-image-248892\" src=\"https:\/\/www.fiscalia.gov.co\/colombia\/wp-content\/uploads\/fiscal-barbosa-Los-procesados-fueron-capturados-en-diligencias-de-allanamiento-y-registro-el-pasado-17-de-mayo.-1024x768.jpg\" alt=\"\" width=\"696\" height=\"522\" srcset=\"https:\/\/www.fiscalia.gov.co\/colombia\/wp-content\/uploads\/fiscal-barbosa-Los-procesados-fueron-capturados-en-diligencias-de-allanamiento-y-registro-el-pasado-17-de-mayo.-1024x768.jpg 1024w, https:\/\/www.fiscalia.gov.co\/colombia\/wp-content\/uploads\/fiscal-barbosa-Los-procesados-fueron-capturados-en-diligencias-de-allanamiento-y-registro-el-pasado-17-de-mayo.-300x225.jpg 300w, https:\/\/www.fiscalia.gov.co\/colombia\/wp-content\/uploads\/fiscal-barbosa-Los-procesados-fueron-capturados-en-diligencias-de-allanamiento-y-registro-el-pasado-17-de-mayo.-768x576.jpg 768w, https:\/\/www.fiscalia.gov.co\/colombia\/wp-content\/uploads\/fiscal-barbosa-Los-procesados-fueron-capturados-en-diligencias-de-allanamiento-y-registro-el-pasado-17-de-mayo.-696x522.jpg 696w, https:\/\/www.fiscalia.gov.co\/colombia\/wp-content\/uploads\/fiscal-barbosa-Los-procesados-fueron-capturados-en-diligencias-de-allanamiento-y-registro-el-pasado-17-de-mayo.-1068x801.jpg 1068w, https:\/\/www.fiscalia.gov.co\/colombia\/wp-content\/uploads\/fiscal-barbosa-Los-procesados-fueron-capturados-en-diligencias-de-allanamiento-y-registro-el-pasado-17-de-mayo.-560x420.jpg 560w, https:\/\/www.fiscalia.gov.co\/colombia\/wp-content\/uploads\/fiscal-barbosa-Los-procesados-fueron-capturados-en-diligencias-de-allanamiento-y-registro-el-pasado-17-de-mayo.-80x60.jpg 80w, https:\/\/www.fiscalia.gov.co\/colombia\/wp-content\/uploads\/fiscal-barbosa-Los-procesados-fueron-capturados-en-diligencias-de-allanamiento-y-registro-el-pasado-17-de-mayo.-265x198.jpg 265w, https:\/\/www.fiscalia.gov.co\/colombia\/wp-content\/uploads\/fiscal-barbosa-Los-procesados-fueron-capturados-en-diligencias-de-allanamiento-y-registro-el-pasado-17-de-mayo..jpg 1280w\" sizes=\"auto, (max-width: 696px) 100vw, 696px\" \/><figcaption id=\"caption-attachment-248892\" class=\"wp-caption-text\">Los procesados fueron capturados en diligencias de allanamiento y registro el pasado 17 de mayo.<\/figcaption><\/figure>\n<p style=\"font-weight: 400;\">El operativo se realiz\u00f3\u00a0dentro del marco de la estrategia de\u00a0<strong>60 d\u00edas por la Vida,\u00a0<\/strong>este\u00a017 de mayo, en diligencia de allanamiento y registro.<\/p>\n<p style=\"font-weight: 400;\">Los procedimientos de polic\u00eda judicial como declaraciones bajo reserva, reconocimientos fotogr\u00e1ficos y compras controladas permitieron establecer que los implicados presuntamente utilizaban una residencia ubicada en el barrio La Victoria de esta ciudad, para el almacenamiento y comercializaci\u00f3n de sustancias estupefacientes como marihuana y bazuco.<\/p>\n<p style=\"font-weight: 400;\">Durante el\u00a0<a href=\"https:\/\/www.fiscalia.gov.co\/colombia\/noticias\/medida-intramuros-para-tres-personas-dedicadas-al-parecer-al-trafico-de-estupefacientes-en-area-metropolitana-de-cucuta\/\" data-saferedirecturl=\"https:\/\/www.google.com\/url?q=https:\/\/www.fiscalia.gov.co\/colombia\/noticias\/medida-intramuros-para-tres-personas-dedicadas-al-parecer-al-trafico-de-estupefacientes-en-area-metropolitana-de-cucuta\/&amp;source=gmail&amp;ust=1653161527513000&amp;usg=AOvVaw2530EAOZ73UtFV96Iu2u6R\">operativo<\/a>\u00a0las autoridades incautaron dos armas de fuego tipo rev\u00f3lver calibre 38,\u00a0 18,8 gramos de bazuco, marihuana, dos grameras y elementos utilizados para el empaque y dosificaci\u00f3n de la sustancia.<\/p>\n<p style=\"font-weight: 400;\">Los procesados\u00a0Jeffrey Johan Ascanio Chac\u00f3n, Josu\u00e9 Daniel Torres Ben\u00edtez, y Edinson Silva Gafaro, fueron judicializados por el delito de tr\u00e1fico, fabricaci\u00f3n o porte de estupefacientes, fabricaci\u00f3n, tr\u00e1fico y porte de armas de fuego accesorios o municiones y\u00a0destinaci\u00f3n il\u00edcita de muebles e inmuebles y violencia contra servidor p\u00fablico.<\/p>\n<p style=\"font-weight: 400;\">A Evelin\u00a0Evelyn Estefany Mora Contreras y a Jeffrey Johan Ascanio Chac\u00f3n, la Fiscal\u00eda les imput\u00f3 cargos por los delitos de\u00a0<a href=\"https:\/\/www.fiscalia.gov.co\/colombia\/noticias\/detencion-carcelaria-para-dos-presuntos-responsables-del-trafico-de-estupefacientes-en-cucuta-norte-de-santander\/\" data-saferedirecturl=\"https:\/\/www.google.com\/url?q=https:\/\/www.fiscalia.gov.co\/colombia\/noticias\/detencion-carcelaria-para-dos-presuntos-responsables-del-trafico-de-estupefacientes-en-cucuta-norte-de-santander\/&amp;source=gmail&amp;ust=1653161527513000&amp;usg=AOvVaw1agjCZ_UDyC-cyGLFV3-bG\">tr\u00e1fico<\/a>, fabricaci\u00f3n o porte de estupefacientes y\u00a0destinaci\u00f3n il\u00edcita de muebles e inmuebles<\/p>\n<p style=\"font-weight: 400;\">El Juzgado Tercero Penal Municipal con funciones de control de garant\u00edas de C\u00facuta (Norte de Santander) y dict\u00f3 medida de aseguramiento privativa de la libertad en establecimiento carcelario contra tres de los procesados y detenci\u00f3n domiciliaria para la mujer.<\/p>\n<p style=\"font-weight: 400;\">Caba anotar, que el cargo de\u00a0violencia contra servidor p\u00fablico, se les imput\u00f3 a\u00a0 tres de los procesados, ya que al momento de la captura los uniformados fueron recibidos con disparos de arma de fuego.<\/p>\n<p style=\"font-weight: 400;\"><strong>La Fiscal\u00eda habla con resultados.<\/strong><\/p>\n<p>&nbsp;<\/p>\n<p>&nbsp;<\/p>\n<p style=\"font-weight: 400;\">MPHA\/CFG\/EAGS\/DSNS<\/p>\n<p>&nbsp;<\/p>\n<p>&nbsp;<\/p>\n<p>&nbsp;<\/p>\n<p style=\"font-weight: 400;\"><em>La informaci\u00f3n contenida en este bolet\u00edn de prensa corresponde a la narraci\u00f3n de los hechos noticiosos objetivos, suministrados por los funcionarios encargados de adelantar las investigaciones penales al interior de la Fiscal\u00eda General de la Naci\u00f3n. Para el momento de la divulgaci\u00f3n de este comunicado, la situaci\u00f3n jur\u00eddica de la(s) persona(s) relacionada(s) se encuentra pendiente de resolver por la autoridad\u00a0judicial competente, siempre bajo los preceptos de la presunci\u00f3n de inocencia, consagrados en el art\u00edculo 29 de la Constituci\u00f3n Pol\u00edtica y el art\u00edculo 7\u00ba de la Ley 906 de 2004.<\/em><\/p>\n\n<div class=\"twitter-share\"><a href=\"https:\/\/twitter.com\/intent\/tweet?via=fiscaliacol\" class=\"twitter-share-button\">Tweet<\/a><\/div>\n","protected":false},"excerpt":{"rendered":"<p>La Fiscal\u00eda, en un trabajo conjunto con la Polic\u00eda Nacional Norte de Santander, logr\u00f3 la captura de cuatro personas, dedicadas al parecer al expendio\u00a0de sustancias estupefacientes en zona urbana de C\u00facuta. El operativo se realiz\u00f3\u00a0dentro del marco de la estrategia de\u00a060 d\u00edas por la Vida,\u00a0este\u00a017 de mayo, en diligencia de allanamiento y registro. Los procedimientos [&hellip;]<\/p>\n","protected":false},"author":177,"featured_media":0,"comment_status":"closed","ping_status":"open","sticky":false,"template":"","format":"standard","meta":{"tdm_status":"","tdm_grid_status":"","footnotes":""},"categories":[1,326,303,24103],"tags":[4017,14550,12799,1288,24185,1047,674,558],"class_list":{"0":"post-248891","1":"post","2":"type-post","3":"status-publish","4":"format-standard","6":"category-noticias","7":"category-seccional-cucuta","8":"category-seccionales","9":"category-trafico-de-estupefacientes","10":"tag-armas-de-fuego","11":"tag-carcel","12":"tag-comercializacion","13":"tag-denuncia","14":"tag-fiscal-barbosa","15":"tag-fiscalia-general-de-la-nacion","16":"tag-microtrafico","17":"tag-policia-nacional"},"yoast_head":"<!-- This site is optimized with the Yoast SEO plugin v24.3 - https:\/\/yoast.com\/wordpress\/plugins\/seo\/ -->\n<title>Fiscal\u00eda General de la Naci\u00f3n<\/title>\n<meta name=\"description\" content=\"P\u00e1gina oficial de la Fiscal\u00eda General de la Naci\u00f3n \u2013 Colombia. Garantizamos el acceso efectivo a la justicia, la verdad y la reparaci\u00f3n de las v\u00edctimas de los delitos.\" \/>\n<meta name=\"robots\" content=\"noindex, follow\" \/>\n<meta property=\"og:locale\" content=\"es_ES\" \/>\n<meta property=\"og:type\" content=\"article\" \/>\n<meta property=\"og:title\" content=\"Fiscal\u00eda General de la Naci\u00f3n\" \/>\n<meta property=\"og:description\" content=\"P\u00e1gina oficial de la Fiscal\u00eda General de la Naci\u00f3n \u2013 Colombia. Garantizamos el acceso efectivo a la justicia, la verdad y la reparaci\u00f3n de las v\u00edctimas de los delitos.\" \/>\n<meta property=\"og:url\" content=\"https:\/\/www.fiscalia.gov.co\/colombia\/noticias\/judicializadas-cuatro-personas-dedicadas-al-parecer-al-microtrafico-en-cucuta\/\" \/>\n<meta property=\"og:site_name\" content=\"Fiscal\u00eda General de la Naci\u00f3n\" \/>\n<meta property=\"article:publisher\" content=\"https:\/\/www.facebook.com\/FiscaliaCol\" \/>\n<meta property=\"article:published_time\" content=\"2022-05-20T19:41:27+00:00\" \/>\n<meta property=\"og:image\" content=\"https:\/\/www.fiscalia.gov.co\/colombia\/wp-content\/uploads\/fiscal-barbosa-Los-procesados-fueron-capturados-en-diligencias-de-allanamiento-y-registro-el-pasado-17-de-mayo.-1024x768.jpg\" \/>\n<meta name=\"author\" content=\"Jordan Leandro Oviedo Anzola\" \/>\n<meta name=\"twitter:card\" content=\"summary_large_image\" \/>\n<meta name=\"twitter:creator\" content=\"@FiscaliaCol\" \/>\n<meta name=\"twitter:site\" content=\"@FiscaliaCol\" \/>\n<meta name=\"twitter:label1\" content=\"Escrito por\" \/>\n\t<meta name=\"twitter:data1\" content=\"Jordan Leandro Oviedo Anzola\" \/>\n\t<meta name=\"twitter:label2\" content=\"Tiempo de lectura\" \/>\n\t<meta name=\"twitter:data2\" content=\"2 minutos\" \/>\n<script type=\"application\/ld+json\" class=\"yoast-schema-graph\">{\"@context\":\"https:\/\/schema.org\",\"@graph\":[{\"@type\":\"Article\",\"@id\":\"https:\/\/www.fiscalia.gov.co\/colombia\/noticias\/judicializadas-cuatro-personas-dedicadas-al-parecer-al-microtrafico-en-cucuta\/#article\",\"isPartOf\":{\"@id\":\"https:\/\/www.fiscalia.gov.co\/colombia\/noticias\/judicializadas-cuatro-personas-dedicadas-al-parecer-al-microtrafico-en-cucuta\/\"},\"author\":{\"name\":\"Jordan Leandro Oviedo Anzola\",\"@id\":\"https:\/\/www.fiscalia.gov.co\/colombia\/#\/schema\/person\/bf84402cf293a5393e9c70b111020b24\"},\"headline\":\"Judicializadas cuatro personas dedicadas al parecer al microtr\u00e1fico en C\u00facuta\",\"datePublished\":\"2022-05-20T19:41:27+00:00\",\"dateModified\":\"2022-05-20T19:41:27+00:00\",\"mainEntityOfPage\":{\"@id\":\"https:\/\/www.fiscalia.gov.co\/colombia\/noticias\/judicializadas-cuatro-personas-dedicadas-al-parecer-al-microtrafico-en-cucuta\/\"},\"wordCount\":465,\"publisher\":{\"@id\":\"https:\/\/www.fiscalia.gov.co\/colombia\/#organization\"},\"image\":{\"@id\":\"https:\/\/www.fiscalia.gov.co\/colombia\/noticias\/judicializadas-cuatro-personas-dedicadas-al-parecer-al-microtrafico-en-cucuta\/#primaryimage\"},\"thumbnailUrl\":\"https:\/\/www.fiscalia.gov.co\/colombia\/wp-content\/uploads\/fiscal-barbosa-Los-procesados-fueron-capturados-en-diligencias-de-allanamiento-y-registro-el-pasado-17-de-mayo.-1024x768.jpg\",\"keywords\":[\"Armas de fuego\",\"C\u00e1rcel\",\"Comercializaci\u00f3n\",\"Denuncia\",\"Fiscal Barbosa\",\"Fiscal\u00eda General de la Naci\u00f3n\",\"Microtr\u00e1fico\",\"Polic\u00eda Nacional\"],\"articleSection\":[\"Noticias\",\"Seccional C\u00facuta\",\"Seccionales\",\"Tr\u00e1fico de estupefacientes\"],\"inLanguage\":\"es-CO\"},{\"@type\":\"WebPage\",\"@id\":\"https:\/\/www.fiscalia.gov.co\/colombia\/noticias\/judicializadas-cuatro-personas-dedicadas-al-parecer-al-microtrafico-en-cucuta\/\",\"url\":\"https:\/\/www.fiscalia.gov.co\/colombia\/noticias\/judicializadas-cuatro-personas-dedicadas-al-parecer-al-microtrafico-en-cucuta\/\",\"name\":\"Fiscal\u00eda General de la Naci\u00f3n\",\"isPartOf\":{\"@id\":\"https:\/\/www.fiscalia.gov.co\/colombia\/#website\"},\"primaryImageOfPage\":{\"@id\":\"https:\/\/www.fiscalia.gov.co\/colombia\/noticias\/judicializadas-cuatro-personas-dedicadas-al-parecer-al-microtrafico-en-cucuta\/#primaryimage\"},\"image\":{\"@id\":\"https:\/\/www.fiscalia.gov.co\/colombia\/noticias\/judicializadas-cuatro-personas-dedicadas-al-parecer-al-microtrafico-en-cucuta\/#primaryimage\"},\"thumbnailUrl\":\"https:\/\/www.fiscalia.gov.co\/colombia\/wp-content\/uploads\/fiscal-barbosa-Los-procesados-fueron-capturados-en-diligencias-de-allanamiento-y-registro-el-pasado-17-de-mayo.-1024x768.jpg\",\"datePublished\":\"2022-05-20T19:41:27+00:00\",\"dateModified\":\"2022-05-20T19:41:27+00:00\",\"description\":\"P\u00e1gina oficial de la Fiscal\u00eda General de la Naci\u00f3n \u2013 Colombia. Garantizamos el acceso efectivo a la justicia, la verdad y la reparaci\u00f3n de las v\u00edctimas de los delitos.\",\"breadcrumb\":{\"@id\":\"https:\/\/www.fiscalia.gov.co\/colombia\/noticias\/judicializadas-cuatro-personas-dedicadas-al-parecer-al-microtrafico-en-cucuta\/#breadcrumb\"},\"inLanguage\":\"es-CO\",\"potentialAction\":[{\"@type\":\"ReadAction\",\"target\":[\"https:\/\/www.fiscalia.gov.co\/colombia\/noticias\/judicializadas-cuatro-personas-dedicadas-al-parecer-al-microtrafico-en-cucuta\/\"]}]},{\"@type\":\"ImageObject\",\"inLanguage\":\"es-CO\",\"@id\":\"https:\/\/www.fiscalia.gov.co\/colombia\/noticias\/judicializadas-cuatro-personas-dedicadas-al-parecer-al-microtrafico-en-cucuta\/#primaryimage\",\"url\":\"https:\/\/www.fiscalia.gov.co\/colombia\/wp-content\/uploads\/fiscal-barbosa-Los-procesados-fueron-capturados-en-diligencias-de-allanamiento-y-registro-el-pasado-17-de-mayo..jpg\",\"contentUrl\":\"https:\/\/www.fiscalia.gov.co\/colombia\/wp-content\/uploads\/fiscal-barbosa-Los-procesados-fueron-capturados-en-diligencias-de-allanamiento-y-registro-el-pasado-17-de-mayo..jpg\",\"width\":1280,\"height\":960,\"caption\":\"Los procesados fueron capturados en diligencias de allanamiento y registro el pasado 17 de mayo.\"},{\"@type\":\"BreadcrumbList\",\"@id\":\"https:\/\/www.fiscalia.gov.co\/colombia\/noticias\/judicializadas-cuatro-personas-dedicadas-al-parecer-al-microtrafico-en-cucuta\/#breadcrumb\",\"itemListElement\":[{\"@type\":\"ListItem\",\"position\":1,\"name\":\"Home\",\"item\":\"https:\/\/www.fiscalia.gov.co\/colombia\/\"},{\"@type\":\"ListItem\",\"position\":2,\"name\":\"Judicializadas cuatro personas dedicadas al parecer al microtr\u00e1fico en C\u00facuta\"}]},{\"@type\":\"WebSite\",\"@id\":\"https:\/\/www.fiscalia.gov.co\/colombia\/#website\",\"url\":\"https:\/\/www.fiscalia.gov.co\/colombia\/\",\"name\":\"Fiscal\u00eda General de la Naci\u00f3n\",\"description\":\"P\u00e1gina oficial de la Fiscal\u00eda General de la Naci\u00f3n \u2013 Colombia. Garantizamos el acceso efectivo a la justicia, la verdad y la reparaci\u00f3n de las v\u00edctimas de los delitos.\",\"publisher\":{\"@id\":\"https:\/\/www.fiscalia.gov.co\/colombia\/#organization\"},\"potentialAction\":[{\"@type\":\"SearchAction\",\"target\":{\"@type\":\"EntryPoint\",\"urlTemplate\":\"https:\/\/www.fiscalia.gov.co\/colombia\/?s={search_term_string}\"},\"query-input\":{\"@type\":\"PropertyValueSpecification\",\"valueRequired\":true,\"valueName\":\"search_term_string\"}}],\"inLanguage\":\"es-CO\"},{\"@type\":\"Organization\",\"@id\":\"https:\/\/www.fiscalia.gov.co\/colombia\/#organization\",\"name\":\"Fiscal\u00eda General de la Naci\u00f3n\",\"url\":\"https:\/\/www.fiscalia.gov.co\/colombia\/\",\"logo\":{\"@type\":\"ImageObject\",\"inLanguage\":\"es-CO\",\"@id\":\"https:\/\/www.fiscalia.gov.co\/colombia\/#\/schema\/logo\/image\/\",\"url\":\"https:\/\/www.fiscalia.gov.co\/colombia\/wp-content\/uploads\/LogoHorizontal_1.jpg\",\"contentUrl\":\"https:\/\/www.fiscalia.gov.co\/colombia\/wp-content\/uploads\/LogoHorizontal_1.jpg\",\"width\":300,\"height\":90,\"caption\":\"Fiscal\u00eda General de la Naci\u00f3n\"},\"image\":{\"@id\":\"https:\/\/www.fiscalia.gov.co\/colombia\/#\/schema\/logo\/image\/\"},\"sameAs\":[\"https:\/\/www.facebook.com\/FiscaliaCol\",\"https:\/\/x.com\/FiscaliaCol\",\"https:\/\/www.instagram.com\/fiscaliacol\",\"https:\/\/www.linkedin.com\/company\/fiscalia-general-de-la-naci-n\/\",\"https:\/\/youtube.com\/@fiscaliageneraldelanacion-4668?si=6nN79nyQICPU5iTh\"]},{\"@type\":\"Person\",\"@id\":\"https:\/\/www.fiscalia.gov.co\/colombia\/#\/schema\/person\/bf84402cf293a5393e9c70b111020b24\",\"name\":\"Jordan Leandro Oviedo Anzola\",\"image\":{\"@type\":\"ImageObject\",\"inLanguage\":\"es-CO\",\"@id\":\"https:\/\/www.fiscalia.gov.co\/colombia\/#\/schema\/person\/image\/\",\"url\":\"https:\/\/secure.gravatar.com\/avatar\/dabba4346fa9b9207d96adafa8f92721?s=96&d=mm&r=g\",\"contentUrl\":\"https:\/\/secure.gravatar.com\/avatar\/dabba4346fa9b9207d96adafa8f92721?s=96&d=mm&r=g\",\"caption\":\"Jordan Leandro Oviedo Anzola\"},\"url\":\"https:\/\/www.fiscalia.gov.co\/colombia\/author\/joviedo\/\"}]}<\/script>\n<!-- \/ Yoast SEO plugin. -->","yoast_head_json":{"title":"Fiscal\u00eda General de la Naci\u00f3n","description":"P\u00e1gina oficial de la Fiscal\u00eda General de la Naci\u00f3n \u2013 Colombia. Garantizamos el acceso efectivo a la justicia, la verdad y la reparaci\u00f3n de las v\u00edctimas de los delitos.","robots":{"index":"noindex","follow":"follow"},"og_locale":"es_ES","og_type":"article","og_title":"Fiscal\u00eda General de la Naci\u00f3n","og_description":"P\u00e1gina oficial de la Fiscal\u00eda General de la Naci\u00f3n \u2013 Colombia. Garantizamos el acceso efectivo a la justicia, la verdad y la reparaci\u00f3n de las v\u00edctimas de los delitos.","og_url":"https:\/\/www.fiscalia.gov.co\/colombia\/noticias\/judicializadas-cuatro-personas-dedicadas-al-parecer-al-microtrafico-en-cucuta\/","og_site_name":"Fiscal\u00eda General de la Naci\u00f3n","article_publisher":"https:\/\/www.facebook.com\/FiscaliaCol","article_published_time":"2022-05-20T19:41:27+00:00","og_image":[{"url":"https:\/\/www.fiscalia.gov.co\/colombia\/wp-content\/uploads\/fiscal-barbosa-Los-procesados-fueron-capturados-en-diligencias-de-allanamiento-y-registro-el-pasado-17-de-mayo.-1024x768.jpg","type":"","width":"","height":""}],"author":"Jordan Leandro Oviedo Anzola","twitter_card":"summary_large_image","twitter_creator":"@FiscaliaCol","twitter_site":"@FiscaliaCol","twitter_misc":{"Escrito por":"Jordan Leandro Oviedo Anzola","Tiempo de lectura":"2 minutos"},"schema":{"@context":"https:\/\/schema.org","@graph":[{"@type":"Article","@id":"https:\/\/www.fiscalia.gov.co\/colombia\/noticias\/judicializadas-cuatro-personas-dedicadas-al-parecer-al-microtrafico-en-cucuta\/#article","isPartOf":{"@id":"https:\/\/www.fiscalia.gov.co\/colombia\/noticias\/judicializadas-cuatro-personas-dedicadas-al-parecer-al-microtrafico-en-cucuta\/"},"author":{"name":"Jordan Leandro Oviedo Anzola","@id":"https:\/\/www.fiscalia.gov.co\/colombia\/#\/schema\/person\/bf84402cf293a5393e9c70b111020b24"},"headline":"Judicializadas cuatro personas dedicadas al parecer al microtr\u00e1fico en C\u00facuta","datePublished":"2022-05-20T19:41:27+00:00","dateModified":"2022-05-20T19:41:27+00:00","mainEntityOfPage":{"@id":"https:\/\/www.fiscalia.gov.co\/colombia\/noticias\/judicializadas-cuatro-personas-dedicadas-al-parecer-al-microtrafico-en-cucuta\/"},"wordCount":465,"publisher":{"@id":"https:\/\/www.fiscalia.gov.co\/colombia\/#organization"},"image":{"@id":"https:\/\/www.fiscalia.gov.co\/colombia\/noticias\/judicializadas-cuatro-personas-dedicadas-al-parecer-al-microtrafico-en-cucuta\/#primaryimage"},"thumbnailUrl":"https:\/\/www.fiscalia.gov.co\/colombia\/wp-content\/uploads\/fiscal-barbosa-Los-procesados-fueron-capturados-en-diligencias-de-allanamiento-y-registro-el-pasado-17-de-mayo.-1024x768.jpg","keywords":["Armas de fuego","C\u00e1rcel","Comercializaci\u00f3n","Denuncia","Fiscal Barbosa","Fiscal\u00eda General de la Naci\u00f3n","Microtr\u00e1fico","Polic\u00eda Nacional"],"articleSection":["Noticias","Seccional C\u00facuta","Seccionales","Tr\u00e1fico de estupefacientes"],"inLanguage":"es-CO"},{"@type":"WebPage","@id":"https:\/\/www.fiscalia.gov.co\/colombia\/noticias\/judicializadas-cuatro-personas-dedicadas-al-parecer-al-microtrafico-en-cucuta\/","url":"https:\/\/www.fiscalia.gov.co\/colombia\/noticias\/judicializadas-cuatro-personas-dedicadas-al-parecer-al-microtrafico-en-cucuta\/","name":"Fiscal\u00eda General de la Naci\u00f3n","isPartOf":{"@id":"https:\/\/www.fiscalia.gov.co\/colombia\/#website"},"primaryImageOfPage":{"@id":"https:\/\/www.fiscalia.gov.co\/colombia\/noticias\/judicializadas-cuatro-personas-dedicadas-al-parecer-al-microtrafico-en-cucuta\/#primaryimage"},"image":{"@id":"https:\/\/www.fiscalia.gov.co\/colombia\/noticias\/judicializadas-cuatro-personas-dedicadas-al-parecer-al-microtrafico-en-cucuta\/#primaryimage"},"thumbnailUrl":"https:\/\/www.fiscalia.gov.co\/colombia\/wp-content\/uploads\/fiscal-barbosa-Los-procesados-fueron-capturados-en-diligencias-de-allanamiento-y-registro-el-pasado-17-de-mayo.-1024x768.jpg","datePublished":"2022-05-20T19:41:27+00:00","dateModified":"2022-05-20T19:41:27+00:00","description":"P\u00e1gina oficial de la Fiscal\u00eda General de la Naci\u00f3n \u2013 Colombia. Garantizamos el acceso efectivo a la justicia, la verdad y la reparaci\u00f3n de las v\u00edctimas de los delitos.","breadcrumb":{"@id":"https:\/\/www.fiscalia.gov.co\/colombia\/noticias\/judicializadas-cuatro-personas-dedicadas-al-parecer-al-microtrafico-en-cucuta\/#breadcrumb"},"inLanguage":"es-CO","potentialAction":[{"@type":"ReadAction","target":["https:\/\/www.fiscalia.gov.co\/colombia\/noticias\/judicializadas-cuatro-personas-dedicadas-al-parecer-al-microtrafico-en-cucuta\/"]}]},{"@type":"ImageObject","inLanguage":"es-CO","@id":"https:\/\/www.fiscalia.gov.co\/colombia\/noticias\/judicializadas-cuatro-personas-dedicadas-al-parecer-al-microtrafico-en-cucuta\/#primaryimage","url":"https:\/\/www.fiscalia.gov.co\/colombia\/wp-content\/uploads\/fiscal-barbosa-Los-procesados-fueron-capturados-en-diligencias-de-allanamiento-y-registro-el-pasado-17-de-mayo..jpg","contentUrl":"https:\/\/www.fiscalia.gov.co\/colombia\/wp-content\/uploads\/fiscal-barbosa-Los-procesados-fueron-capturados-en-diligencias-de-allanamiento-y-registro-el-pasado-17-de-mayo..jpg","width":1280,"height":960,"caption":"Los procesados fueron capturados en diligencias de allanamiento y registro el pasado 17 de mayo."},{"@type":"BreadcrumbList","@id":"https:\/\/www.fiscalia.gov.co\/colombia\/noticias\/judicializadas-cuatro-personas-dedicadas-al-parecer-al-microtrafico-en-cucuta\/#breadcrumb","itemListElement":[{"@type":"ListItem","position":1,"name":"Home","item":"https:\/\/www.fiscalia.gov.co\/colombia\/"},{"@type":"ListItem","position":2,"name":"Judicializadas cuatro personas dedicadas al parecer al microtr\u00e1fico en C\u00facuta"}]},{"@type":"WebSite","@id":"https:\/\/www.fiscalia.gov.co\/colombia\/#website","url":"https:\/\/www.fiscalia.gov.co\/colombia\/","name":"Fiscal\u00eda General de la Naci\u00f3n","description":"P\u00e1gina oficial de la Fiscal\u00eda General de la Naci\u00f3n \u2013 Colombia. Garantizamos el acceso efectivo a la justicia, la verdad y la reparaci\u00f3n de las v\u00edctimas de los delitos.","publisher":{"@id":"https:\/\/www.fiscalia.gov.co\/colombia\/#organization"},"potentialAction":[{"@type":"SearchAction","target":{"@type":"EntryPoint","urlTemplate":"https:\/\/www.fiscalia.gov.co\/colombia\/?s={search_term_string}"},"query-input":{"@type":"PropertyValueSpecification","valueRequired":true,"valueName":"search_term_string"}}],"inLanguage":"es-CO"},{"@type":"Organization","@id":"https:\/\/www.fiscalia.gov.co\/colombia\/#organization","name":"Fiscal\u00eda General de la Naci\u00f3n","url":"https:\/\/www.fiscalia.gov.co\/colombia\/","logo":{"@type":"ImageObject","inLanguage":"es-CO","@id":"https:\/\/www.fiscalia.gov.co\/colombia\/#\/schema\/logo\/image\/","url":"https:\/\/www.fiscalia.gov.co\/colombia\/wp-content\/uploads\/LogoHorizontal_1.jpg","contentUrl":"https:\/\/www.fiscalia.gov.co\/colombia\/wp-content\/uploads\/LogoHorizontal_1.jpg","width":300,"height":90,"caption":"Fiscal\u00eda General de la Naci\u00f3n"},"image":{"@id":"https:\/\/www.fiscalia.gov.co\/colombia\/#\/schema\/logo\/image\/"},"sameAs":["https:\/\/www.facebook.com\/FiscaliaCol","https:\/\/x.com\/FiscaliaCol","https:\/\/www.instagram.com\/fiscaliacol","https:\/\/www.linkedin.com\/company\/fiscalia-general-de-la-naci-n\/","https:\/\/youtube.com\/@fiscaliageneraldelanacion-4668?si=6nN79nyQICPU5iTh"]},{"@type":"Person","@id":"https:\/\/www.fiscalia.gov.co\/colombia\/#\/schema\/person\/bf84402cf293a5393e9c70b111020b24","name":"Jordan Leandro Oviedo Anzola","image":{"@type":"ImageObject","inLanguage":"es-CO","@id":"https:\/\/www.fiscalia.gov.co\/colombia\/#\/schema\/person\/image\/","url":"https:\/\/secure.gravatar.com\/avatar\/dabba4346fa9b9207d96adafa8f92721?s=96&d=mm&r=g","contentUrl":"https:\/\/secure.gravatar.com\/avatar\/dabba4346fa9b9207d96adafa8f92721?s=96&d=mm&r=g","caption":"Jordan Leandro Oviedo Anzola"},"url":"https:\/\/www.fiscalia.gov.co\/colombia\/author\/joviedo\/"}]}},"_links":{"self":[{"href":"https:\/\/www.fiscalia.gov.co\/colombia\/wp-json\/wp\/v2\/posts\/248891","targetHints":{"allow":["GET"]}}],"collection":[{"href":"https:\/\/www.fiscalia.gov.co\/colombia\/wp-json\/wp\/v2\/posts"}],"about":[{"href":"https:\/\/www.fiscalia.gov.co\/colombia\/wp-json\/wp\/v2\/types\/post"}],"author":[{"embeddable":true,"href":"https:\/\/www.fiscalia.gov.co\/colombia\/wp-json\/wp\/v2\/users\/177"}],"replies":[{"embeddable":true,"href":"https:\/\/www.fiscalia.gov.co\/colombia\/wp-json\/wp\/v2\/comments?post=248891"}],"version-history":[{"count":1,"href":"https:\/\/www.fiscalia.gov.co\/colombia\/wp-json\/wp\/v2\/posts\/248891\/revisions"}],"predecessor-version":[{"id":248893,"href":"https:\/\/www.fiscalia.gov.co\/colombia\/wp-json\/wp\/v2\/posts\/248891\/revisions\/248893"}],"wp:attachment":[{"href":"https:\/\/www.fiscalia.gov.co\/colombia\/wp-json\/wp\/v2\/media?parent=248891"}],"wp:term":[{"taxonomy":"category","embeddable":true,"href":"https:\/\/www.fiscalia.gov.co\/colombia\/wp-json\/wp\/v2\/categories?post=248891"},{"taxonomy":"post_tag","embeddable":true,"href":"https:\/\/www.fiscalia.gov.co\/colombia\/wp-json\/wp\/v2\/tags?post=248891"}],"curies":[{"name":"wp","href":"https:\/\/api.w.org\/{rel}","templated":true}]}}