{"id":248792,"date":"2022-05-19T16:23:47","date_gmt":"2022-05-19T21:23:47","guid":{"rendered":"https:\/\/www.fiscalia.gov.co\/colombia\/?p=248792"},"modified":"2022-05-19T16:23:47","modified_gmt":"2022-05-19T21:23:47","slug":"en-bolivar-la-fiscalia-hizo-entrega-digna-de-los-restos-de-dos-victimas-de-la-violencia-2","status":"publish","type":"post","link":"https:\/\/www.fiscalia.gov.co\/colombia\/noticias\/en-bolivar-la-fiscalia-hizo-entrega-digna-de-los-restos-de-dos-victimas-de-la-violencia-2\/","title":{"rendered":"En Bol\u00edvar, la Fiscal\u00eda hizo entrega digna de los restos de dos v\u00edctimas de la violencia"},"content":{"rendered":"<p>En las instalaciones de la Direcci\u00f3n Seccional Bol\u00edvar, un fiscal adscrito a la Direcci\u00f3n Especializada contra las Violaciones de los Derechos Humanos de Monter\u00eda y el Grupo Interno de Trabajo de B\u00fasqueda, Identificaci\u00f3n y Entrega de Personas Desaparecidas (Grube) de la Fiscal\u00eda General de la Naci\u00f3n realizaron las entregas digna de los restos de dos v\u00edctimas de la violencia.<\/p>\n<p>\u2022\u00a0\u00a0\u00a0\u00a0\u00a0\u00a0\u00a0\u00a0\u00a0 La primera diligencia se cumpli\u00f3 el pasado martes, 17 de mayo, en presencia de familiares de David Alfonso Casta\u00f1o Arroyo, desaparecido el 2 de febrero de 2010 en el municipio de Planeta Rica (C\u00f3rdoba).<\/p>\n<p>Casta\u00f1o administraba un hotel en el referido municipio cuando fue v\u00edctima de grupos armado ilegales. Sus restos fueron encontrados el 23 de octubre de 2019 en Caucasia (Antioquia).<\/p>\n<p>\u2022\u00a0\u00a0\u00a0\u00a0\u00a0\u00a0\u00a0\u00a0\u00a0 La segunda diligencia se llev\u00f3 a cabo este mi\u00e9rcoles, 18 de mayo. Servidores del Grupo Interno de Trabajo de B\u00fasqueda e Identificaci\u00f3n y Entrega de Personas Desaparecidas (Grube) hicieron la entrega digna de los restos Edilson Chiquillo \u00c1lvarez, asesinado el 12 de febrero de 2005, en el corregimiento de Sabanas de Mucacal, jurisdicci\u00f3n del municipio de San Onofre (Sucre), hasta donde llegaron dos hombres quienes si mediar palabras dispararon contra la v\u00edctima quit\u00e1ndole la vida de manera inmediata.<\/p>\n<p>La dif\u00edcil situaci\u00f3n de orden p\u00fablico para la \u00e9poca de los hechos oblig\u00f3 a que el cuerpo sin vida de Chiquillo fuera sepultado sin presencia de autoridad alguna. Familiares de la v\u00edctima solicitaron la exhumaci\u00f3n de su ser querido, diligencia que fue adelantada en el cementerio del corregimiento de El N\u00edspero, jurisdicci\u00f3n del municipio de Mar\u00eda La Baja (Bol\u00edvar).<\/p>\n<p>An\u00e1lisis cient\u00edficos y pruebas gen\u00e9ticas permitieron la plena identificaci\u00f3n de ambas personas. De esta manera, la Fiscal\u00eda General de la Naci\u00f3n reitera su compromiso para que las v\u00edctimas tengan derecho a la verdad, la justicia y la reparaci\u00f3n integral.<\/p>\n<p>Esta informaci\u00f3n se publica por razones de inter\u00e9s general.<\/p>\n<p><b>La Fiscal\u00eda General de la Naci\u00f3n habla con resultados<\/b><\/p>\n<p><em><b><span lang=\"ES\">Le puede interesar:<\/span><\/b><\/em><\/p>\n<p><a title=\"Fiscal\u00eda realiza ceremonias de entregas dignas en Sucre\" href=\"https:\/\/www.fiscalia.gov.co\/colombia\/noticias\/fiscalia-realiza-ceremonias-de-entregas-dignas-en-sucre\/\" target=\"_blank\" rel=\"noopener noreferrer\" data-saferedirecturl=\"https:\/\/www.google.com\/url?q=https:\/\/www.fiscalia.gov.co\/colombia\/noticias\/fiscalia-realiza-ceremonias-de-entregas-dignas-en-sucre\/&amp;source=gmail&amp;ust=1653061299039000&amp;usg=AOvVaw0A6QWX4pDmQiTYf8aJ3xsg\">Fiscal\u00eda realiza ceremonias de entregas dignas en Sucre<\/a><\/p>\n<p><a title=\"Fiscal\u00eda realiza ceremonias de entregas dignas en Sucre y Bol\u00edvar\u00a0\" href=\"https:\/\/www.fiscalia.gov.co\/colombia\/noticias\/durante-esta-semana-seran-entregados-a-sus-familiares-los-cuerpos-de-cinco-victimas-del-conflicto-armado-colombiano\/\" target=\"_blank\" rel=\"noopener noreferrer\" data-saferedirecturl=\"https:\/\/www.google.com\/url?q=https:\/\/www.fiscalia.gov.co\/colombia\/noticias\/durante-esta-semana-seran-entregados-a-sus-familiares-los-cuerpos-de-cinco-victimas-del-conflicto-armado-colombiano\/&amp;source=gmail&amp;ust=1653061299039000&amp;usg=AOvVaw25leJDjWmm5uY4ki99qA8_\">Fiscal\u00eda realiza ceremonias de entregas dignas en Sucre y Bol\u00edvar\u00a0<\/a><\/p>\n<p>&nbsp;<\/p>\n<p>&nbsp;<\/p>\n<p>&nbsp;<\/p>\n<p style=\"text-align: left;\" align=\"right\">MEVA\/MAGA\/CP\/DC\/DSB<\/p>\n<p>&nbsp;<\/p>\n<p align=\"center\"><b>\u00a0<\/b><\/p>\n<p><em><span lang=\"ES\">La informaci\u00f3n contenida en este bolet\u00edn de prensa corresponde a la narraci\u00f3n de los hechos noticiosos objetivos, suministrados por los funcionarios encargados de adelantar las investigaciones penales al interior de la Fiscal\u00eda General de la Naci\u00f3n. Para el momento de la divulgaci\u00f3n de este comunicado, la situaci\u00f3n jur\u00eddica de la(s) persona(s) relacionada(s) se encuentra pendiente de resolver por la autoridad judicial competente, siempre bajo los preceptos de la presunci\u00f3n de inocencia, consagrados en el art\u00edculo 29 de la Constituci\u00f3n Pol\u00edtica y el art\u00edculo 7\u00ba de la Ley 906 de 2004.<\/span><\/em><\/p>\n\n<div class=\"twitter-share\"><a href=\"https:\/\/twitter.com\/intent\/tweet?via=fiscaliacol\" class=\"twitter-share-button\">Tweet<\/a><\/div>\n","protected":false},"excerpt":{"rendered":"<p>En las instalaciones de la Direcci\u00f3n Seccional Bol\u00edvar, un fiscal adscrito a la Direcci\u00f3n Especializada contra las Violaciones de los Derechos Humanos de Monter\u00eda y el Grupo Interno de Trabajo de B\u00fasqueda, Identificaci\u00f3n y Entrega de Personas Desaparecidas (Grube) de la Fiscal\u00eda General de la Naci\u00f3n realizaron las entregas digna de los restos de dos [&hellip;]<\/p>\n","protected":false},"author":177,"featured_media":0,"comment_status":"closed","ping_status":"open","sticky":false,"template":"","format":"standard","meta":{"_price":"","_stock":"","_tribe_ticket_header":"","_tribe_default_ticket_provider":"","_tribe_ticket_capacity":"0","_ticket_start_date":"","_ticket_end_date":"","_tribe_ticket_show_description":"","_tribe_ticket_show_not_going":false,"_tribe_ticket_use_global_stock":"","_tribe_ticket_global_stock_level":"","_global_stock_mode":"","_global_stock_cap":"","_tribe_rsvp_for_event":"","_tribe_ticket_going_count":"","_tribe_ticket_not_going_count":"","_tribe_tickets_list":"[]","_tribe_ticket_has_attendee_info_fields":false,"tdm_status":"","tdm_grid_status":"","footnotes":""},"categories":[1,325,303,24099],"tags":[1050,98,24185,24188,1047],"class_list":{"0":"post-248792","1":"post","2":"type-post","3":"status-publish","4":"format-standard","6":"category-noticias","7":"category-seccional-cartagena","8":"category-seccionales","9":"category-seguridad-territorial","10":"tag-derechoa-humanos","11":"tag-desplazamiento-forzado","12":"tag-fiscal-barbosa","13":"tag-fiscal-francisco-barbosa","14":"tag-fiscalia-general-de-la-nacion"},"yoast_head":"<!-- This site is optimized with the Yoast SEO plugin v24.3 - https:\/\/yoast.com\/wordpress\/plugins\/seo\/ -->\n<title>Fiscal\u00eda General de la Naci\u00f3n<\/title>\n<meta name=\"description\" content=\"P\u00e1gina oficial de la Fiscal\u00eda General de la Naci\u00f3n \u2013 Colombia. Garantizamos el acceso efectivo a la justicia, la verdad y la reparaci\u00f3n de las v\u00edctimas de los delitos.\" \/>\n<meta name=\"robots\" content=\"noindex, follow\" \/>\n<meta property=\"og:locale\" content=\"es_ES\" \/>\n<meta property=\"og:type\" content=\"article\" \/>\n<meta property=\"og:title\" content=\"Fiscal\u00eda General de la Naci\u00f3n\" \/>\n<meta property=\"og:description\" content=\"P\u00e1gina oficial de la Fiscal\u00eda General de la Naci\u00f3n \u2013 Colombia. Garantizamos el acceso efectivo a la justicia, la verdad y la reparaci\u00f3n de las v\u00edctimas de los delitos.\" \/>\n<meta property=\"og:url\" content=\"https:\/\/www.fiscalia.gov.co\/colombia\/noticias\/en-bolivar-la-fiscalia-hizo-entrega-digna-de-los-restos-de-dos-victimas-de-la-violencia-2\/\" \/>\n<meta property=\"og:site_name\" content=\"Fiscal\u00eda General de la Naci\u00f3n\" \/>\n<meta property=\"article:publisher\" content=\"https:\/\/www.facebook.com\/FiscaliaCol\" \/>\n<meta property=\"article:published_time\" content=\"2022-05-19T21:23:47+00:00\" \/>\n<meta name=\"author\" content=\"Jordan Leandro Oviedo Anzola\" \/>\n<meta name=\"twitter:card\" content=\"summary_large_image\" \/>\n<meta name=\"twitter:creator\" content=\"@FiscaliaCol\" \/>\n<meta name=\"twitter:site\" content=\"@FiscaliaCol\" \/>\n<meta name=\"twitter:label1\" content=\"Escrito por\" \/>\n\t<meta name=\"twitter:data1\" content=\"Jordan Leandro Oviedo Anzola\" \/>\n\t<meta name=\"twitter:label2\" content=\"Tiempo de lectura\" \/>\n\t<meta name=\"twitter:data2\" content=\"2 minutos\" \/>\n<script type=\"application\/ld+json\" class=\"yoast-schema-graph\">{\"@context\":\"https:\/\/schema.org\",\"@graph\":[{\"@type\":\"Article\",\"@id\":\"https:\/\/www.fiscalia.gov.co\/colombia\/noticias\/en-bolivar-la-fiscalia-hizo-entrega-digna-de-los-restos-de-dos-victimas-de-la-violencia-2\/#article\",\"isPartOf\":{\"@id\":\"https:\/\/www.fiscalia.gov.co\/colombia\/noticias\/en-bolivar-la-fiscalia-hizo-entrega-digna-de-los-restos-de-dos-victimas-de-la-violencia-2\/\"},\"author\":{\"name\":\"Jordan Leandro Oviedo Anzola\",\"@id\":\"https:\/\/www.fiscalia.gov.co\/colombia\/#\/schema\/person\/bf84402cf293a5393e9c70b111020b24\"},\"headline\":\"En Bol\u00edvar, la Fiscal\u00eda hizo entrega digna de los restos de dos v\u00edctimas de la violencia\",\"datePublished\":\"2022-05-19T21:23:47+00:00\",\"dateModified\":\"2022-05-19T21:23:47+00:00\",\"mainEntityOfPage\":{\"@id\":\"https:\/\/www.fiscalia.gov.co\/colombia\/noticias\/en-bolivar-la-fiscalia-hizo-entrega-digna-de-los-restos-de-dos-victimas-de-la-violencia-2\/\"},\"wordCount\":501,\"publisher\":{\"@id\":\"https:\/\/www.fiscalia.gov.co\/colombia\/#organization\"},\"keywords\":[\"Derechos Humanos\",\"Desplazamiento forzado\",\"Fiscal Barbosa\",\"Fiscal Francisco Barbosa\",\"Fiscal\u00eda General de la Naci\u00f3n\"],\"articleSection\":[\"Noticias\",\"Seccional Cartagena\",\"Seccionales\",\"Seguridad territorial\"],\"inLanguage\":\"es-CO\"},{\"@type\":\"WebPage\",\"@id\":\"https:\/\/www.fiscalia.gov.co\/colombia\/noticias\/en-bolivar-la-fiscalia-hizo-entrega-digna-de-los-restos-de-dos-victimas-de-la-violencia-2\/\",\"url\":\"https:\/\/www.fiscalia.gov.co\/colombia\/noticias\/en-bolivar-la-fiscalia-hizo-entrega-digna-de-los-restos-de-dos-victimas-de-la-violencia-2\/\",\"name\":\"Fiscal\u00eda General de la Naci\u00f3n\",\"isPartOf\":{\"@id\":\"https:\/\/www.fiscalia.gov.co\/colombia\/#website\"},\"datePublished\":\"2022-05-19T21:23:47+00:00\",\"dateModified\":\"2022-05-19T21:23:47+00:00\",\"description\":\"P\u00e1gina oficial de la Fiscal\u00eda General de la Naci\u00f3n \u2013 Colombia. Garantizamos el acceso efectivo a la justicia, la verdad y la reparaci\u00f3n de las v\u00edctimas de los delitos.\",\"breadcrumb\":{\"@id\":\"https:\/\/www.fiscalia.gov.co\/colombia\/noticias\/en-bolivar-la-fiscalia-hizo-entrega-digna-de-los-restos-de-dos-victimas-de-la-violencia-2\/#breadcrumb\"},\"inLanguage\":\"es-CO\",\"potentialAction\":[{\"@type\":\"ReadAction\",\"target\":[\"https:\/\/www.fiscalia.gov.co\/colombia\/noticias\/en-bolivar-la-fiscalia-hizo-entrega-digna-de-los-restos-de-dos-victimas-de-la-violencia-2\/\"]}]},{\"@type\":\"BreadcrumbList\",\"@id\":\"https:\/\/www.fiscalia.gov.co\/colombia\/noticias\/en-bolivar-la-fiscalia-hizo-entrega-digna-de-los-restos-de-dos-victimas-de-la-violencia-2\/#breadcrumb\",\"itemListElement\":[{\"@type\":\"ListItem\",\"position\":1,\"name\":\"Home\",\"item\":\"https:\/\/www.fiscalia.gov.co\/colombia\/\"},{\"@type\":\"ListItem\",\"position\":2,\"name\":\"En Bol\u00edvar, la Fiscal\u00eda hizo entrega digna de los restos de dos v\u00edctimas de la violencia\"}]},{\"@type\":\"WebSite\",\"@id\":\"https:\/\/www.fiscalia.gov.co\/colombia\/#website\",\"url\":\"https:\/\/www.fiscalia.gov.co\/colombia\/\",\"name\":\"Fiscal\u00eda General de la Naci\u00f3n\",\"description\":\"P\u00e1gina oficial de la Fiscal\u00eda General de la Naci\u00f3n \u2013 Colombia. Garantizamos el acceso efectivo a la justicia, la verdad y la reparaci\u00f3n de las v\u00edctimas de los delitos.\",\"publisher\":{\"@id\":\"https:\/\/www.fiscalia.gov.co\/colombia\/#organization\"},\"potentialAction\":[{\"@type\":\"SearchAction\",\"target\":{\"@type\":\"EntryPoint\",\"urlTemplate\":\"https:\/\/www.fiscalia.gov.co\/colombia\/?s={search_term_string}\"},\"query-input\":{\"@type\":\"PropertyValueSpecification\",\"valueRequired\":true,\"valueName\":\"search_term_string\"}}],\"inLanguage\":\"es-CO\"},{\"@type\":\"Organization\",\"@id\":\"https:\/\/www.fiscalia.gov.co\/colombia\/#organization\",\"name\":\"Fiscal\u00eda General de la Naci\u00f3n\",\"url\":\"https:\/\/www.fiscalia.gov.co\/colombia\/\",\"logo\":{\"@type\":\"ImageObject\",\"inLanguage\":\"es-CO\",\"@id\":\"https:\/\/www.fiscalia.gov.co\/colombia\/#\/schema\/logo\/image\/\",\"url\":\"https:\/\/www.fiscalia.gov.co\/colombia\/wp-content\/uploads\/LogoHorizontal_1.jpg\",\"contentUrl\":\"https:\/\/www.fiscalia.gov.co\/colombia\/wp-content\/uploads\/LogoHorizontal_1.jpg\",\"width\":300,\"height\":90,\"caption\":\"Fiscal\u00eda General de la Naci\u00f3n\"},\"image\":{\"@id\":\"https:\/\/www.fiscalia.gov.co\/colombia\/#\/schema\/logo\/image\/\"},\"sameAs\":[\"https:\/\/www.facebook.com\/FiscaliaCol\",\"https:\/\/x.com\/FiscaliaCol\",\"https:\/\/www.instagram.com\/fiscaliacol\",\"https:\/\/www.linkedin.com\/company\/fiscalia-general-de-la-naci-n\/\",\"https:\/\/youtube.com\/@fiscaliageneraldelanacion-4668?si=6nN79nyQICPU5iTh\"]},{\"@type\":\"Person\",\"@id\":\"https:\/\/www.fiscalia.gov.co\/colombia\/#\/schema\/person\/bf84402cf293a5393e9c70b111020b24\",\"name\":\"Jordan Leandro Oviedo Anzola\",\"image\":{\"@type\":\"ImageObject\",\"inLanguage\":\"es-CO\",\"@id\":\"https:\/\/www.fiscalia.gov.co\/colombia\/#\/schema\/person\/image\/\",\"url\":\"https:\/\/secure.gravatar.com\/avatar\/dabba4346fa9b9207d96adafa8f92721?s=96&d=mm&r=g\",\"contentUrl\":\"https:\/\/secure.gravatar.com\/avatar\/dabba4346fa9b9207d96adafa8f92721?s=96&d=mm&r=g\",\"caption\":\"Jordan Leandro Oviedo Anzola\"},\"url\":\"https:\/\/www.fiscalia.gov.co\/colombia\/author\/joviedo\/\"}]}<\/script>\n<!-- \/ Yoast SEO plugin. -->","yoast_head_json":{"title":"Fiscal\u00eda General de la Naci\u00f3n","description":"P\u00e1gina oficial de la Fiscal\u00eda General de la Naci\u00f3n \u2013 Colombia. Garantizamos el acceso efectivo a la justicia, la verdad y la reparaci\u00f3n de las v\u00edctimas de los delitos.","robots":{"index":"noindex","follow":"follow"},"og_locale":"es_ES","og_type":"article","og_title":"Fiscal\u00eda General de la Naci\u00f3n","og_description":"P\u00e1gina oficial de la Fiscal\u00eda General de la Naci\u00f3n \u2013 Colombia. Garantizamos el acceso efectivo a la justicia, la verdad y la reparaci\u00f3n de las v\u00edctimas de los delitos.","og_url":"https:\/\/www.fiscalia.gov.co\/colombia\/noticias\/en-bolivar-la-fiscalia-hizo-entrega-digna-de-los-restos-de-dos-victimas-de-la-violencia-2\/","og_site_name":"Fiscal\u00eda General de la Naci\u00f3n","article_publisher":"https:\/\/www.facebook.com\/FiscaliaCol","article_published_time":"2022-05-19T21:23:47+00:00","author":"Jordan Leandro Oviedo Anzola","twitter_card":"summary_large_image","twitter_creator":"@FiscaliaCol","twitter_site":"@FiscaliaCol","twitter_misc":{"Escrito por":"Jordan Leandro Oviedo Anzola","Tiempo de lectura":"2 minutos"},"schema":{"@context":"https:\/\/schema.org","@graph":[{"@type":"Article","@id":"https:\/\/www.fiscalia.gov.co\/colombia\/noticias\/en-bolivar-la-fiscalia-hizo-entrega-digna-de-los-restos-de-dos-victimas-de-la-violencia-2\/#article","isPartOf":{"@id":"https:\/\/www.fiscalia.gov.co\/colombia\/noticias\/en-bolivar-la-fiscalia-hizo-entrega-digna-de-los-restos-de-dos-victimas-de-la-violencia-2\/"},"author":{"name":"Jordan Leandro Oviedo Anzola","@id":"https:\/\/www.fiscalia.gov.co\/colombia\/#\/schema\/person\/bf84402cf293a5393e9c70b111020b24"},"headline":"En Bol\u00edvar, la Fiscal\u00eda hizo entrega digna de los restos de dos v\u00edctimas de la violencia","datePublished":"2022-05-19T21:23:47+00:00","dateModified":"2022-05-19T21:23:47+00:00","mainEntityOfPage":{"@id":"https:\/\/www.fiscalia.gov.co\/colombia\/noticias\/en-bolivar-la-fiscalia-hizo-entrega-digna-de-los-restos-de-dos-victimas-de-la-violencia-2\/"},"wordCount":501,"publisher":{"@id":"https:\/\/www.fiscalia.gov.co\/colombia\/#organization"},"keywords":["Derechos Humanos","Desplazamiento forzado","Fiscal Barbosa","Fiscal Francisco Barbosa","Fiscal\u00eda General de la Naci\u00f3n"],"articleSection":["Noticias","Seccional Cartagena","Seccionales","Seguridad territorial"],"inLanguage":"es-CO"},{"@type":"WebPage","@id":"https:\/\/www.fiscalia.gov.co\/colombia\/noticias\/en-bolivar-la-fiscalia-hizo-entrega-digna-de-los-restos-de-dos-victimas-de-la-violencia-2\/","url":"https:\/\/www.fiscalia.gov.co\/colombia\/noticias\/en-bolivar-la-fiscalia-hizo-entrega-digna-de-los-restos-de-dos-victimas-de-la-violencia-2\/","name":"Fiscal\u00eda General de la Naci\u00f3n","isPartOf":{"@id":"https:\/\/www.fiscalia.gov.co\/colombia\/#website"},"datePublished":"2022-05-19T21:23:47+00:00","dateModified":"2022-05-19T21:23:47+00:00","description":"P\u00e1gina oficial de la Fiscal\u00eda General de la Naci\u00f3n \u2013 Colombia. Garantizamos el acceso efectivo a la justicia, la verdad y la reparaci\u00f3n de las v\u00edctimas de los delitos.","breadcrumb":{"@id":"https:\/\/www.fiscalia.gov.co\/colombia\/noticias\/en-bolivar-la-fiscalia-hizo-entrega-digna-de-los-restos-de-dos-victimas-de-la-violencia-2\/#breadcrumb"},"inLanguage":"es-CO","potentialAction":[{"@type":"ReadAction","target":["https:\/\/www.fiscalia.gov.co\/colombia\/noticias\/en-bolivar-la-fiscalia-hizo-entrega-digna-de-los-restos-de-dos-victimas-de-la-violencia-2\/"]}]},{"@type":"BreadcrumbList","@id":"https:\/\/www.fiscalia.gov.co\/colombia\/noticias\/en-bolivar-la-fiscalia-hizo-entrega-digna-de-los-restos-de-dos-victimas-de-la-violencia-2\/#breadcrumb","itemListElement":[{"@type":"ListItem","position":1,"name":"Home","item":"https:\/\/www.fiscalia.gov.co\/colombia\/"},{"@type":"ListItem","position":2,"name":"En Bol\u00edvar, la Fiscal\u00eda hizo entrega digna de los restos de dos v\u00edctimas de la violencia"}]},{"@type":"WebSite","@id":"https:\/\/www.fiscalia.gov.co\/colombia\/#website","url":"https:\/\/www.fiscalia.gov.co\/colombia\/","name":"Fiscal\u00eda General de la Naci\u00f3n","description":"P\u00e1gina oficial de la Fiscal\u00eda General de la Naci\u00f3n \u2013 Colombia. Garantizamos el acceso efectivo a la justicia, la verdad y la reparaci\u00f3n de las v\u00edctimas de los delitos.","publisher":{"@id":"https:\/\/www.fiscalia.gov.co\/colombia\/#organization"},"potentialAction":[{"@type":"SearchAction","target":{"@type":"EntryPoint","urlTemplate":"https:\/\/www.fiscalia.gov.co\/colombia\/?s={search_term_string}"},"query-input":{"@type":"PropertyValueSpecification","valueRequired":true,"valueName":"search_term_string"}}],"inLanguage":"es-CO"},{"@type":"Organization","@id":"https:\/\/www.fiscalia.gov.co\/colombia\/#organization","name":"Fiscal\u00eda General de la Naci\u00f3n","url":"https:\/\/www.fiscalia.gov.co\/colombia\/","logo":{"@type":"ImageObject","inLanguage":"es-CO","@id":"https:\/\/www.fiscalia.gov.co\/colombia\/#\/schema\/logo\/image\/","url":"https:\/\/www.fiscalia.gov.co\/colombia\/wp-content\/uploads\/LogoHorizontal_1.jpg","contentUrl":"https:\/\/www.fiscalia.gov.co\/colombia\/wp-content\/uploads\/LogoHorizontal_1.jpg","width":300,"height":90,"caption":"Fiscal\u00eda General de la Naci\u00f3n"},"image":{"@id":"https:\/\/www.fiscalia.gov.co\/colombia\/#\/schema\/logo\/image\/"},"sameAs":["https:\/\/www.facebook.com\/FiscaliaCol","https:\/\/x.com\/FiscaliaCol","https:\/\/www.instagram.com\/fiscaliacol","https:\/\/www.linkedin.com\/company\/fiscalia-general-de-la-naci-n\/","https:\/\/youtube.com\/@fiscaliageneraldelanacion-4668?si=6nN79nyQICPU5iTh"]},{"@type":"Person","@id":"https:\/\/www.fiscalia.gov.co\/colombia\/#\/schema\/person\/bf84402cf293a5393e9c70b111020b24","name":"Jordan Leandro Oviedo Anzola","image":{"@type":"ImageObject","inLanguage":"es-CO","@id":"https:\/\/www.fiscalia.gov.co\/colombia\/#\/schema\/person\/image\/","url":"https:\/\/secure.gravatar.com\/avatar\/dabba4346fa9b9207d96adafa8f92721?s=96&d=mm&r=g","contentUrl":"https:\/\/secure.gravatar.com\/avatar\/dabba4346fa9b9207d96adafa8f92721?s=96&d=mm&r=g","caption":"Jordan Leandro Oviedo Anzola"},"url":"https:\/\/www.fiscalia.gov.co\/colombia\/author\/joviedo\/"}]}},"_links":{"self":[{"href":"https:\/\/www.fiscalia.gov.co\/colombia\/wp-json\/wp\/v2\/posts\/248792","targetHints":{"allow":["GET"]}}],"collection":[{"href":"https:\/\/www.fiscalia.gov.co\/colombia\/wp-json\/wp\/v2\/posts"}],"about":[{"href":"https:\/\/www.fiscalia.gov.co\/colombia\/wp-json\/wp\/v2\/types\/post"}],"author":[{"embeddable":true,"href":"https:\/\/www.fiscalia.gov.co\/colombia\/wp-json\/wp\/v2\/users\/177"}],"replies":[{"embeddable":true,"href":"https:\/\/www.fiscalia.gov.co\/colombia\/wp-json\/wp\/v2\/comments?post=248792"}],"version-history":[{"count":1,"href":"https:\/\/www.fiscalia.gov.co\/colombia\/wp-json\/wp\/v2\/posts\/248792\/revisions"}],"predecessor-version":[{"id":248793,"href":"https:\/\/www.fiscalia.gov.co\/colombia\/wp-json\/wp\/v2\/posts\/248792\/revisions\/248793"}],"wp:attachment":[{"href":"https:\/\/www.fiscalia.gov.co\/colombia\/wp-json\/wp\/v2\/media?parent=248792"}],"wp:term":[{"taxonomy":"category","embeddable":true,"href":"https:\/\/www.fiscalia.gov.co\/colombia\/wp-json\/wp\/v2\/categories?post=248792"},{"taxonomy":"post_tag","embeddable":true,"href":"https:\/\/www.fiscalia.gov.co\/colombia\/wp-json\/wp\/v2\/tags?post=248792"}],"curies":[{"name":"wp","href":"https:\/\/api.w.org\/{rel}","templated":true}]}}