{"id":248497,"date":"2022-05-17T10:04:55","date_gmt":"2022-05-17T15:04:55","guid":{"rendered":"https:\/\/www.fiscalia.gov.co\/colombia\/?p=248497"},"modified":"2022-05-17T10:04:55","modified_gmt":"2022-05-17T15:04:55","slug":"asegurado-en-centro-carcelario-un-hombre-presuntamente-responsable-de-actos-sexuales-con-su-sobrina-de-4-anos","status":"publish","type":"post","link":"https:\/\/www.fiscalia.gov.co\/colombia\/noticias\/asegurado-en-centro-carcelario-un-hombre-presuntamente-responsable-de-actos-sexuales-con-su-sobrina-de-4-anos\/","title":{"rendered":"Asegurado en centro carcelario un hombre, presuntamente, responsable de actos sexuales con su sobrina de 4 a\u00f1os\u00a0"},"content":{"rendered":"<p style=\"font-weight: 400;\">Al acoger la solicitud de la Fiscal\u00eda General\u00a0de la Naci\u00f3n, un juez de control de garant\u00edas priv\u00f3 de la libertad en centro carcelario a un hombre de 41 a\u00f1os, presuntamente responsable de agredir con tocamientos de \u00edndole sexual a su sobrina, una menor de 4 a\u00f1os.<\/p>\n<p style=\"font-weight: 400;\">Labores de polic\u00eda judicial evidencia que el delito se habr\u00eda presentado en repetidas oportunidades, entre enero y junio de 2021, y al parecer fue cometido en una finca del municipio de Retrepo (Valle del Cauca).<\/p>\n<p style=\"font-weight: 400;\">El material de prueba recopilado evidenci\u00f3 que\u00a0el procesado habr\u00eda aparentado jugar con la v\u00edctima para, supuestamente,\u00a0incurrir en los abusos.<\/p>\n<p style=\"font-weight: 400;\">Por estos hechos el hombre fue capturado el pasado fin de semana por servidores del Cuerpo T\u00e9cnico de investigaci\u00f3n (CTI) de la Seccional Valle del Cauca, apoyados por la Polic\u00eda Nacional.<\/p>\n<p style=\"font-weight: 400;\">La Fiscal\u00eda imput\u00f3 al capturado el delito de\u00a0<a href=\"https:\/\/www.fiscalia.gov.co\/colombia\/seccionales\/detencion-intramuros-para-un-hombre-como-presunto-autor-de-actos-sexuales-con-menor-de-14-anos-agravado\/\" data-saferedirecturl=\"https:\/\/www.google.com\/url?q=https:\/\/www.fiscalia.gov.co\/colombia\/seccionales\/detencion-intramuros-para-un-hombre-como-presunto-autor-de-actos-sexuales-con-menor-de-14-anos-agravado\/&amp;source=gmail&amp;ust=1652882083714000&amp;usg=AOvVaw0xpSGw1qwW2vUbco5xK0IP\">actos sexuales con menor de 14 a\u00f1os agravado<\/a>, el cual no fue aceptado por el procesado.<\/p>\n<p style=\"font-weight: 400;\"><strong>La Fiscal\u00eda habla con resultados<\/strong><\/p>\n<p>&nbsp;<\/p>\n<p style=\"font-weight: 400;\">DSC\/MAP\/SMLR\/MAGA<\/p>\n<p style=\"font-weight: 400;\"><em>La informaci\u00f3n contenida en este bolet\u00edn de prensa corresponde a la narraci\u00f3n de los hechos noticiosos objetivos, suministrados por los funcionarios encargados de adelantar las investigaciones penales al interior de la Fiscal\u00eda General de la Naci\u00f3n. Para el momento de la divulgaci\u00f3n de este comunicado, la situaci\u00f3n jur\u00eddica de la(s) persona(s) relacionada(s) se encuentra pendiente de resolver por la autoridad judicial competente, siempre bajo los preceptos de la presunci\u00f3n de inocencia, consagrados en el art\u00edculo 29 de la Constituci\u00f3n Pol\u00edtica y el art\u00edculo 7\u00ba de la Ley 906 de 2004.<\/em><\/p>\n\n<div class=\"twitter-share\"><a href=\"https:\/\/twitter.com\/intent\/tweet?via=fiscaliacol\" class=\"twitter-share-button\">Tweet<\/a><\/div>\n","protected":false},"excerpt":{"rendered":"<p>Al acoger la solicitud de la Fiscal\u00eda General\u00a0de la Naci\u00f3n, un juez de control de garant\u00edas priv\u00f3 de la libertad en centro carcelario a un hombre de 41 a\u00f1os, presuntamente responsable de agredir con tocamientos de \u00edndole sexual a su sobrina, una menor de 4 a\u00f1os. Labores de polic\u00eda judicial evidencia que el delito se [&hellip;]<\/p>\n","protected":false},"author":177,"featured_media":0,"comment_status":"closed","ping_status":"open","sticky":false,"template":"","format":"standard","meta":{"tdm_status":"","tdm_grid_status":"","footnotes":""},"categories":[1,324,303,24127],"tags":[20254,12424,24551,24188,78,24187,1185,24549,24584,29437,13605],"class_list":{"0":"post-248497","1":"post","2":"type-post","3":"status-publish","4":"format-standard","6":"category-noticias","7":"category-seccional-cali","8":"category-seccionales","9":"category-violencia-sexual-e-intrafamiliar","10":"tag-actos-sexuales-con-menor-de-14-anos-agravado","11":"tag-capturado","12":"tag-centro-carcelario","13":"tag-fiscal-francisco-barbosa","14":"tag-fiscal-general-de-la-nacion","15":"tag-fiscalia-colombia","16":"tag-medida-de-aseguramiento","17":"tag-orden-judicial","18":"tag-privativa-de-la-libertad","19":"tag-seccional-valle-del-cauca","20":"tag-sobrina"},"yoast_head":"<!-- This site is optimized with the Yoast SEO plugin v24.3 - https:\/\/yoast.com\/wordpress\/plugins\/seo\/ -->\n<title>Fiscal\u00eda General de la Naci\u00f3n<\/title>\n<meta name=\"description\" content=\"P\u00e1gina oficial de la Fiscal\u00eda General de la Naci\u00f3n \u2013 Colombia. Garantizamos el acceso efectivo a la justicia, la verdad y la reparaci\u00f3n de las v\u00edctimas de los delitos.\" \/>\n<meta name=\"robots\" content=\"noindex, follow\" \/>\n<meta property=\"og:locale\" content=\"es_ES\" \/>\n<meta property=\"og:type\" content=\"article\" \/>\n<meta property=\"og:title\" content=\"Fiscal\u00eda General de la Naci\u00f3n\" \/>\n<meta property=\"og:description\" content=\"P\u00e1gina oficial de la Fiscal\u00eda General de la Naci\u00f3n \u2013 Colombia. Garantizamos el acceso efectivo a la justicia, la verdad y la reparaci\u00f3n de las v\u00edctimas de los delitos.\" \/>\n<meta property=\"og:url\" content=\"https:\/\/www.fiscalia.gov.co\/colombia\/noticias\/asegurado-en-centro-carcelario-un-hombre-presuntamente-responsable-de-actos-sexuales-con-su-sobrina-de-4-anos\/\" \/>\n<meta property=\"og:site_name\" content=\"Fiscal\u00eda General de la Naci\u00f3n\" \/>\n<meta property=\"article:publisher\" content=\"https:\/\/www.facebook.com\/FiscaliaCol\" \/>\n<meta property=\"article:published_time\" content=\"2022-05-17T15:04:55+00:00\" \/>\n<meta name=\"author\" content=\"Jordan Leandro Oviedo Anzola\" \/>\n<meta name=\"twitter:card\" content=\"summary_large_image\" \/>\n<meta name=\"twitter:creator\" content=\"@FiscaliaCol\" \/>\n<meta name=\"twitter:site\" content=\"@FiscaliaCol\" \/>\n<meta name=\"twitter:label1\" content=\"Escrito por\" \/>\n\t<meta name=\"twitter:data1\" content=\"Jordan Leandro Oviedo Anzola\" \/>\n\t<meta name=\"twitter:label2\" content=\"Tiempo de lectura\" \/>\n\t<meta name=\"twitter:data2\" content=\"1 minuto\" \/>\n<script type=\"application\/ld+json\" class=\"yoast-schema-graph\">{\"@context\":\"https:\/\/schema.org\",\"@graph\":[{\"@type\":\"Article\",\"@id\":\"https:\/\/www.fiscalia.gov.co\/colombia\/noticias\/asegurado-en-centro-carcelario-un-hombre-presuntamente-responsable-de-actos-sexuales-con-su-sobrina-de-4-anos\/#article\",\"isPartOf\":{\"@id\":\"https:\/\/www.fiscalia.gov.co\/colombia\/noticias\/asegurado-en-centro-carcelario-un-hombre-presuntamente-responsable-de-actos-sexuales-con-su-sobrina-de-4-anos\/\"},\"author\":{\"name\":\"Jordan Leandro Oviedo Anzola\",\"@id\":\"https:\/\/www.fiscalia.gov.co\/colombia\/#\/schema\/person\/bf84402cf293a5393e9c70b111020b24\"},\"headline\":\"Asegurado en centro carcelario un hombre, presuntamente, responsable de actos sexuales con su sobrina de 4 a\u00f1os\u00a0\",\"datePublished\":\"2022-05-17T15:04:55+00:00\",\"dateModified\":\"2022-05-17T15:04:55+00:00\",\"mainEntityOfPage\":{\"@id\":\"https:\/\/www.fiscalia.gov.co\/colombia\/noticias\/asegurado-en-centro-carcelario-un-hombre-presuntamente-responsable-de-actos-sexuales-con-su-sobrina-de-4-anos\/\"},\"wordCount\":298,\"publisher\":{\"@id\":\"https:\/\/www.fiscalia.gov.co\/colombia\/#organization\"},\"keywords\":[\"actos sexuales con menor de 14 a\u00f1os agravado\",\"Capturado\",\"centro carcelario\",\"Fiscal Francisco Barbosa\",\"Fiscal General de la Naci\u00f3n\",\"Fiscal\u00eda Colombia\",\"Medida de aseguramiento\",\"orden judicial\",\"privativa de la libertad.\",\"Seccional Valle del Cauca\",\"Sobrina\"],\"articleSection\":[\"Noticias\",\"Seccional Cali\",\"Seccionales\",\"Violencia sexual e intrafamiliar\"],\"inLanguage\":\"es-CO\"},{\"@type\":\"WebPage\",\"@id\":\"https:\/\/www.fiscalia.gov.co\/colombia\/noticias\/asegurado-en-centro-carcelario-un-hombre-presuntamente-responsable-de-actos-sexuales-con-su-sobrina-de-4-anos\/\",\"url\":\"https:\/\/www.fiscalia.gov.co\/colombia\/noticias\/asegurado-en-centro-carcelario-un-hombre-presuntamente-responsable-de-actos-sexuales-con-su-sobrina-de-4-anos\/\",\"name\":\"Fiscal\u00eda General de la Naci\u00f3n\",\"isPartOf\":{\"@id\":\"https:\/\/www.fiscalia.gov.co\/colombia\/#website\"},\"datePublished\":\"2022-05-17T15:04:55+00:00\",\"dateModified\":\"2022-05-17T15:04:55+00:00\",\"description\":\"P\u00e1gina oficial de la Fiscal\u00eda General de la Naci\u00f3n \u2013 Colombia. Garantizamos el acceso efectivo a la justicia, la verdad y la reparaci\u00f3n de las v\u00edctimas de los delitos.\",\"breadcrumb\":{\"@id\":\"https:\/\/www.fiscalia.gov.co\/colombia\/noticias\/asegurado-en-centro-carcelario-un-hombre-presuntamente-responsable-de-actos-sexuales-con-su-sobrina-de-4-anos\/#breadcrumb\"},\"inLanguage\":\"es-CO\",\"potentialAction\":[{\"@type\":\"ReadAction\",\"target\":[\"https:\/\/www.fiscalia.gov.co\/colombia\/noticias\/asegurado-en-centro-carcelario-un-hombre-presuntamente-responsable-de-actos-sexuales-con-su-sobrina-de-4-anos\/\"]}]},{\"@type\":\"BreadcrumbList\",\"@id\":\"https:\/\/www.fiscalia.gov.co\/colombia\/noticias\/asegurado-en-centro-carcelario-un-hombre-presuntamente-responsable-de-actos-sexuales-con-su-sobrina-de-4-anos\/#breadcrumb\",\"itemListElement\":[{\"@type\":\"ListItem\",\"position\":1,\"name\":\"Home\",\"item\":\"https:\/\/www.fiscalia.gov.co\/colombia\/\"},{\"@type\":\"ListItem\",\"position\":2,\"name\":\"Asegurado en centro carcelario un hombre, presuntamente, responsable de actos sexuales con su sobrina de 4 a\u00f1os\u00a0\"}]},{\"@type\":\"WebSite\",\"@id\":\"https:\/\/www.fiscalia.gov.co\/colombia\/#website\",\"url\":\"https:\/\/www.fiscalia.gov.co\/colombia\/\",\"name\":\"Fiscal\u00eda General de la Naci\u00f3n\",\"description\":\"P\u00e1gina oficial de la Fiscal\u00eda General de la Naci\u00f3n \u2013 Colombia. Garantizamos el acceso efectivo a la justicia, la verdad y la reparaci\u00f3n de las v\u00edctimas de los delitos.\",\"publisher\":{\"@id\":\"https:\/\/www.fiscalia.gov.co\/colombia\/#organization\"},\"potentialAction\":[{\"@type\":\"SearchAction\",\"target\":{\"@type\":\"EntryPoint\",\"urlTemplate\":\"https:\/\/www.fiscalia.gov.co\/colombia\/?s={search_term_string}\"},\"query-input\":{\"@type\":\"PropertyValueSpecification\",\"valueRequired\":true,\"valueName\":\"search_term_string\"}}],\"inLanguage\":\"es-CO\"},{\"@type\":\"Organization\",\"@id\":\"https:\/\/www.fiscalia.gov.co\/colombia\/#organization\",\"name\":\"Fiscal\u00eda General de la Naci\u00f3n\",\"url\":\"https:\/\/www.fiscalia.gov.co\/colombia\/\",\"logo\":{\"@type\":\"ImageObject\",\"inLanguage\":\"es-CO\",\"@id\":\"https:\/\/www.fiscalia.gov.co\/colombia\/#\/schema\/logo\/image\/\",\"url\":\"https:\/\/www.fiscalia.gov.co\/colombia\/wp-content\/uploads\/LogoHorizontal_1.jpg\",\"contentUrl\":\"https:\/\/www.fiscalia.gov.co\/colombia\/wp-content\/uploads\/LogoHorizontal_1.jpg\",\"width\":300,\"height\":90,\"caption\":\"Fiscal\u00eda General de la Naci\u00f3n\"},\"image\":{\"@id\":\"https:\/\/www.fiscalia.gov.co\/colombia\/#\/schema\/logo\/image\/\"},\"sameAs\":[\"https:\/\/www.facebook.com\/FiscaliaCol\",\"https:\/\/x.com\/FiscaliaCol\",\"https:\/\/www.instagram.com\/fiscaliacol\",\"https:\/\/www.linkedin.com\/company\/fiscalia-general-de-la-naci-n\/\",\"https:\/\/youtube.com\/@fiscaliageneraldelanacion-4668?si=6nN79nyQICPU5iTh\"]},{\"@type\":\"Person\",\"@id\":\"https:\/\/www.fiscalia.gov.co\/colombia\/#\/schema\/person\/bf84402cf293a5393e9c70b111020b24\",\"name\":\"Jordan Leandro Oviedo Anzola\",\"image\":{\"@type\":\"ImageObject\",\"inLanguage\":\"es-CO\",\"@id\":\"https:\/\/www.fiscalia.gov.co\/colombia\/#\/schema\/person\/image\/\",\"url\":\"https:\/\/secure.gravatar.com\/avatar\/dabba4346fa9b9207d96adafa8f92721?s=96&d=mm&r=g\",\"contentUrl\":\"https:\/\/secure.gravatar.com\/avatar\/dabba4346fa9b9207d96adafa8f92721?s=96&d=mm&r=g\",\"caption\":\"Jordan Leandro Oviedo Anzola\"},\"url\":\"https:\/\/www.fiscalia.gov.co\/colombia\/author\/joviedo\/\"}]}<\/script>\n<!-- \/ Yoast SEO plugin. -->","yoast_head_json":{"title":"Fiscal\u00eda General de la Naci\u00f3n","description":"P\u00e1gina oficial de la Fiscal\u00eda General de la Naci\u00f3n \u2013 Colombia. Garantizamos el acceso efectivo a la justicia, la verdad y la reparaci\u00f3n de las v\u00edctimas de los delitos.","robots":{"index":"noindex","follow":"follow"},"og_locale":"es_ES","og_type":"article","og_title":"Fiscal\u00eda General de la Naci\u00f3n","og_description":"P\u00e1gina oficial de la Fiscal\u00eda General de la Naci\u00f3n \u2013 Colombia. Garantizamos el acceso efectivo a la justicia, la verdad y la reparaci\u00f3n de las v\u00edctimas de los delitos.","og_url":"https:\/\/www.fiscalia.gov.co\/colombia\/noticias\/asegurado-en-centro-carcelario-un-hombre-presuntamente-responsable-de-actos-sexuales-con-su-sobrina-de-4-anos\/","og_site_name":"Fiscal\u00eda General de la Naci\u00f3n","article_publisher":"https:\/\/www.facebook.com\/FiscaliaCol","article_published_time":"2022-05-17T15:04:55+00:00","author":"Jordan Leandro Oviedo Anzola","twitter_card":"summary_large_image","twitter_creator":"@FiscaliaCol","twitter_site":"@FiscaliaCol","twitter_misc":{"Escrito por":"Jordan Leandro Oviedo Anzola","Tiempo de lectura":"1 minuto"},"schema":{"@context":"https:\/\/schema.org","@graph":[{"@type":"Article","@id":"https:\/\/www.fiscalia.gov.co\/colombia\/noticias\/asegurado-en-centro-carcelario-un-hombre-presuntamente-responsable-de-actos-sexuales-con-su-sobrina-de-4-anos\/#article","isPartOf":{"@id":"https:\/\/www.fiscalia.gov.co\/colombia\/noticias\/asegurado-en-centro-carcelario-un-hombre-presuntamente-responsable-de-actos-sexuales-con-su-sobrina-de-4-anos\/"},"author":{"name":"Jordan Leandro Oviedo Anzola","@id":"https:\/\/www.fiscalia.gov.co\/colombia\/#\/schema\/person\/bf84402cf293a5393e9c70b111020b24"},"headline":"Asegurado en centro carcelario un hombre, presuntamente, responsable de actos sexuales con su sobrina de 4 a\u00f1os\u00a0","datePublished":"2022-05-17T15:04:55+00:00","dateModified":"2022-05-17T15:04:55+00:00","mainEntityOfPage":{"@id":"https:\/\/www.fiscalia.gov.co\/colombia\/noticias\/asegurado-en-centro-carcelario-un-hombre-presuntamente-responsable-de-actos-sexuales-con-su-sobrina-de-4-anos\/"},"wordCount":298,"publisher":{"@id":"https:\/\/www.fiscalia.gov.co\/colombia\/#organization"},"keywords":["actos sexuales con menor de 14 a\u00f1os agravado","Capturado","centro carcelario","Fiscal Francisco Barbosa","Fiscal General de la Naci\u00f3n","Fiscal\u00eda Colombia","Medida de aseguramiento","orden judicial","privativa de la libertad.","Seccional Valle del Cauca","Sobrina"],"articleSection":["Noticias","Seccional Cali","Seccionales","Violencia sexual e intrafamiliar"],"inLanguage":"es-CO"},{"@type":"WebPage","@id":"https:\/\/www.fiscalia.gov.co\/colombia\/noticias\/asegurado-en-centro-carcelario-un-hombre-presuntamente-responsable-de-actos-sexuales-con-su-sobrina-de-4-anos\/","url":"https:\/\/www.fiscalia.gov.co\/colombia\/noticias\/asegurado-en-centro-carcelario-un-hombre-presuntamente-responsable-de-actos-sexuales-con-su-sobrina-de-4-anos\/","name":"Fiscal\u00eda General de la Naci\u00f3n","isPartOf":{"@id":"https:\/\/www.fiscalia.gov.co\/colombia\/#website"},"datePublished":"2022-05-17T15:04:55+00:00","dateModified":"2022-05-17T15:04:55+00:00","description":"P\u00e1gina oficial de la Fiscal\u00eda General de la Naci\u00f3n \u2013 Colombia. Garantizamos el acceso efectivo a la justicia, la verdad y la reparaci\u00f3n de las v\u00edctimas de los delitos.","breadcrumb":{"@id":"https:\/\/www.fiscalia.gov.co\/colombia\/noticias\/asegurado-en-centro-carcelario-un-hombre-presuntamente-responsable-de-actos-sexuales-con-su-sobrina-de-4-anos\/#breadcrumb"},"inLanguage":"es-CO","potentialAction":[{"@type":"ReadAction","target":["https:\/\/www.fiscalia.gov.co\/colombia\/noticias\/asegurado-en-centro-carcelario-un-hombre-presuntamente-responsable-de-actos-sexuales-con-su-sobrina-de-4-anos\/"]}]},{"@type":"BreadcrumbList","@id":"https:\/\/www.fiscalia.gov.co\/colombia\/noticias\/asegurado-en-centro-carcelario-un-hombre-presuntamente-responsable-de-actos-sexuales-con-su-sobrina-de-4-anos\/#breadcrumb","itemListElement":[{"@type":"ListItem","position":1,"name":"Home","item":"https:\/\/www.fiscalia.gov.co\/colombia\/"},{"@type":"ListItem","position":2,"name":"Asegurado en centro carcelario un hombre, presuntamente, responsable de actos sexuales con su sobrina de 4 a\u00f1os\u00a0"}]},{"@type":"WebSite","@id":"https:\/\/www.fiscalia.gov.co\/colombia\/#website","url":"https:\/\/www.fiscalia.gov.co\/colombia\/","name":"Fiscal\u00eda General de la Naci\u00f3n","description":"P\u00e1gina oficial de la Fiscal\u00eda General de la Naci\u00f3n \u2013 Colombia. Garantizamos el acceso efectivo a la justicia, la verdad y la reparaci\u00f3n de las v\u00edctimas de los delitos.","publisher":{"@id":"https:\/\/www.fiscalia.gov.co\/colombia\/#organization"},"potentialAction":[{"@type":"SearchAction","target":{"@type":"EntryPoint","urlTemplate":"https:\/\/www.fiscalia.gov.co\/colombia\/?s={search_term_string}"},"query-input":{"@type":"PropertyValueSpecification","valueRequired":true,"valueName":"search_term_string"}}],"inLanguage":"es-CO"},{"@type":"Organization","@id":"https:\/\/www.fiscalia.gov.co\/colombia\/#organization","name":"Fiscal\u00eda General de la Naci\u00f3n","url":"https:\/\/www.fiscalia.gov.co\/colombia\/","logo":{"@type":"ImageObject","inLanguage":"es-CO","@id":"https:\/\/www.fiscalia.gov.co\/colombia\/#\/schema\/logo\/image\/","url":"https:\/\/www.fiscalia.gov.co\/colombia\/wp-content\/uploads\/LogoHorizontal_1.jpg","contentUrl":"https:\/\/www.fiscalia.gov.co\/colombia\/wp-content\/uploads\/LogoHorizontal_1.jpg","width":300,"height":90,"caption":"Fiscal\u00eda General de la Naci\u00f3n"},"image":{"@id":"https:\/\/www.fiscalia.gov.co\/colombia\/#\/schema\/logo\/image\/"},"sameAs":["https:\/\/www.facebook.com\/FiscaliaCol","https:\/\/x.com\/FiscaliaCol","https:\/\/www.instagram.com\/fiscaliacol","https:\/\/www.linkedin.com\/company\/fiscalia-general-de-la-naci-n\/","https:\/\/youtube.com\/@fiscaliageneraldelanacion-4668?si=6nN79nyQICPU5iTh"]},{"@type":"Person","@id":"https:\/\/www.fiscalia.gov.co\/colombia\/#\/schema\/person\/bf84402cf293a5393e9c70b111020b24","name":"Jordan Leandro Oviedo Anzola","image":{"@type":"ImageObject","inLanguage":"es-CO","@id":"https:\/\/www.fiscalia.gov.co\/colombia\/#\/schema\/person\/image\/","url":"https:\/\/secure.gravatar.com\/avatar\/dabba4346fa9b9207d96adafa8f92721?s=96&d=mm&r=g","contentUrl":"https:\/\/secure.gravatar.com\/avatar\/dabba4346fa9b9207d96adafa8f92721?s=96&d=mm&r=g","caption":"Jordan Leandro Oviedo Anzola"},"url":"https:\/\/www.fiscalia.gov.co\/colombia\/author\/joviedo\/"}]}},"_links":{"self":[{"href":"https:\/\/www.fiscalia.gov.co\/colombia\/wp-json\/wp\/v2\/posts\/248497","targetHints":{"allow":["GET"]}}],"collection":[{"href":"https:\/\/www.fiscalia.gov.co\/colombia\/wp-json\/wp\/v2\/posts"}],"about":[{"href":"https:\/\/www.fiscalia.gov.co\/colombia\/wp-json\/wp\/v2\/types\/post"}],"author":[{"embeddable":true,"href":"https:\/\/www.fiscalia.gov.co\/colombia\/wp-json\/wp\/v2\/users\/177"}],"replies":[{"embeddable":true,"href":"https:\/\/www.fiscalia.gov.co\/colombia\/wp-json\/wp\/v2\/comments?post=248497"}],"version-history":[{"count":2,"href":"https:\/\/www.fiscalia.gov.co\/colombia\/wp-json\/wp\/v2\/posts\/248497\/revisions"}],"predecessor-version":[{"id":248503,"href":"https:\/\/www.fiscalia.gov.co\/colombia\/wp-json\/wp\/v2\/posts\/248497\/revisions\/248503"}],"wp:attachment":[{"href":"https:\/\/www.fiscalia.gov.co\/colombia\/wp-json\/wp\/v2\/media?parent=248497"}],"wp:term":[{"taxonomy":"category","embeddable":true,"href":"https:\/\/www.fiscalia.gov.co\/colombia\/wp-json\/wp\/v2\/categories?post=248497"},{"taxonomy":"post_tag","embeddable":true,"href":"https:\/\/www.fiscalia.gov.co\/colombia\/wp-json\/wp\/v2\/tags?post=248497"}],"curies":[{"name":"wp","href":"https:\/\/api.w.org\/{rel}","templated":true}]}}