{"id":248365,"date":"2022-05-14T18:54:52","date_gmt":"2022-05-14T23:54:52","guid":{"rendered":"https:\/\/www.fiscalia.gov.co\/colombia\/?p=248365"},"modified":"2022-05-14T19:30:45","modified_gmt":"2022-05-15T00:30:45","slug":"fiscal-general-de-la-nacion-francisco-barbosa-delgado-fortalece-estrategia-de-esclarecimiento-de-delitos-contra-la-mujer-en-el-eje-cafetero","status":"publish","type":"post","link":"https:\/\/www.fiscalia.gov.co\/colombia\/noticias\/fiscal-general-de-la-nacion-francisco-barbosa-delgado-fortalece-estrategia-de-esclarecimiento-de-delitos-contra-la-mujer-en-el-eje-cafetero\/","title":{"rendered":"Fiscal General de la Naci\u00f3n, Francisco Barbosa Delgado, fortalece estrategia de esclarecimiento de delitos contra la mujer en el Eje Cafetero"},"content":{"rendered":"<blockquote class=\"td_quote_box td_box_center\">\n<ul>\n<li>\n<h4 style=\"text-align: left;\"><strong><em>En visita a Pereira (Risaralda), tambi\u00e9n habl\u00f3 del trabajo investigativo articulado y de la orientaci\u00f3n que se le est\u00e1 dando al caso del asesinato del fiscal especializado de Paraguay, Marcelo Pecci.<\/em><\/strong><\/h4>\n<\/li>\n<\/ul>\n<ul>\n<li>\n<h4 style=\"text-align: left;\"><strong><em>De otra parte, revel\u00f3 que, con ocasi\u00f3n de la reciente ola terrorista desatada por el \u2018Clan de Golfo, la Fiscal\u00eda ha logrado la judicializaci\u00f3n de 169 personas.<\/em><em style=\"font-family: Verdana, BlinkMacSystemFont, -apple-system, 'Segoe UI', Roboto, Oxygen, Ubuntu, Cantarell, 'Open Sans', 'Helvetica Neue', sans-serif;\">\u00a0<\/em><\/strong><\/h4>\n<\/li>\n<\/ul>\n<\/blockquote>\n<p>Durante una jornada de trabajo en Pereira (Risaralda), el Fiscal General de la Naci\u00f3n, Francisco Barbosa Delgado, verific\u00f3 los avances obtenidos en la estrategia integral y regional contra el homicidio, los hurtos, la violencia sexual, el tr\u00e1fico de estupefacintes y otras conductas que afectan la seguridad ciudadana en el Eje Cafetero.<\/p>\n<div class=\"su-youtube su-u-responsive-media-yes\"><iframe loading=\"lazy\" width=\"520\" height=\"340\" src=\"https:\/\/www.youtube.com\/embed\/hwJCa-joi1E?\" frameborder=\"0\" allowfullscreen allow=\"autoplay; encrypted-media; picture-in-picture\" title=\"\"><\/iframe><\/div>\n<p>En reuni\u00f3n con los directores seccionales de Caldas, Constanza Pach\u00f3n S\u00e1nchez; de Quind\u00edo, Justino Hern\u00e1ndez Murcia; y de Risaralda, \u00c1ngela Mar\u00eda Bedoya Vargas; el Fiscal Barbosa Delgado hizo un llamado a fortalecer el trabajo conjunto con otras entidades de la regi\u00f3n y comprometer sus esfuerzos para enfrentar la violencia hacia la mujer.<\/p>\n<p>\u201cHe venido viendo con mucha preocupaci\u00f3n el crecimiento de delitos contra la mujer, violencia intrafamiliar, abuso sexual. Todos los delitos que recaen sobre las mujeres son asuntos que me preocupan much\u00edsimo, y todo aquello que tiene que ver con el uso de redes sociales para captar j\u00f3venes, inducirlas a la prostituci\u00f3n o a la trata de personas, y al mismo tiempo abusar de ellas\u201d, enfatiz\u00f3.<\/p>\n<p>En ese sentido, el Fiscal General se\u00f1al\u00f3 que la investigaci\u00f3n de los delitos contra la mujer fue priorizada en el Eje Cafetero y se fortalecer\u00e1 la labor itinerante, de llegar al lugar de los hechos con equipos forenses y especializados. Cada hecho se abordar\u00e1 con perspectiva de g\u00e9nero, en contexto y articulando las capacidades de las seccionales.<\/p>\n<p>\u201cHemos venido actuando de una manera muy importante con equipos itinerantes y trabajo con delegados nacionales que, obviamente, est\u00e1n articulados con fiscales nacionales y apoyando las seccionales con la estrategia itinerante que llevamos desde el a\u00f1o antepasado, es decir, desde el inicio de nuestra gesti\u00f3n\u201d precis\u00f3.<\/p>\n<p>En 2022, la Fiscal\u00eda ha resuelto y logrado judicializaciones en los cuatro feminicidios conocidos en Quind\u00edo y Risaralda. En cuanto a homicidios de mujeres, en Caldas se logr\u00f3 un esclarecimiento de 100%, en Risaralda de 66%; y en Quind\u00edo de 57%.<\/p>\n<p>En la lucha contra el homicidio y el sicariato los resultados son igualmente destacados. Los niveles de esclarecimiento en Caldas llegan a 63%; mientras que en Risaralda a 39% y en Quind\u00edo a 37%.<\/p>\n<p><strong><u>Investigaci\u00f3n por asesinato de fiscal de Paraguay<\/u><\/strong><\/p>\n<div class=\"su-youtube su-u-responsive-media-yes\"><iframe loading=\"lazy\" width=\"520\" height=\"340\" src=\"https:\/\/www.youtube.com\/embed\/Ws7dsPimt0Q?\" frameborder=\"0\" allowfullscreen allow=\"autoplay; encrypted-media; picture-in-picture\" title=\"\"><\/iframe><\/div>\n<p>En su visita a Pereira, el Fiscal General de la Naci\u00f3n, Francisco Barbosa Delgado, reafirm\u00f3 el compromiso de dar con los responsables del homicidio del fiscal especializado de Paraguay, Marcelo Pecci; y record\u00f3 que se conform\u00f3 un equipo investigativo de las m\u00e1s altas calidades de Fiscal\u00eda y Polic\u00eda Nacional, que trabaja con apoyo de una comisi\u00f3n del Ministerio P\u00fablico de Paraguay y de agencias de Estados Unidos.<\/p>\n<div class=\"su-youtube su-u-responsive-media-yes\"><iframe loading=\"lazy\" width=\"520\" height=\"340\" src=\"https:\/\/www.youtube.com\/embed\/Ws7dsPimt0Q?\" frameborder=\"0\" allowfullscreen allow=\"autoplay; encrypted-media; picture-in-picture\" title=\"\"><\/iframe><\/div>\n<p>\u201cEste trabajo conjunto nos va a llevar a resultados muy importantes en este caso. Tenemos m\u00e1s de 120 o 130 evidencias y elementos materiales probatorios, adem\u00e1s de a\u00f1adir a esto informaci\u00f3n t\u00e9cnica alrededor de este lamentable hecho, que nos ayudar\u00e1n a llegar a los presuntos responsables materiales e intelectuales de este crimen. No solamente a quienes fueron los que cometieron este hecho, sino a los determinadores\u201d, enfatiz\u00f3.<\/p>\n<p>El Fiscal Barbosa Delgado indic\u00f3 que dialog\u00f3 con la Fiscal General de Paraguay, Sandra Qui\u00f1onez, y le explic\u00f3 la metodolog\u00eda usada para esclarecer el crimen; as\u00ed como de mantener la cooperaci\u00f3n judicial, tal cual lo refrendaron los dos funcionarios hace una semana durante un encuentro en Asunci\u00f3n (Paraguay).<\/p>\n<p><strong><u>Ola terrorista del \u2018Clan del Golfo\u2019<\/u><\/strong><\/p>\n<div class=\"su-youtube su-u-responsive-media-yes\"><iframe loading=\"lazy\" width=\"520\" height=\"340\" src=\"https:\/\/www.youtube.com\/embed\/e57gmLJ_DhU?\" frameborder=\"0\" allowfullscreen allow=\"autoplay; encrypted-media; picture-in-picture\" title=\"\"><\/iframe><\/div>\n<p>Sobre las recientes acciones criminales realizadas por el \u2018Clan del Golfo\u2019, luego de la extradici\u00f3n de su m\u00e1ximo cabecilla alias Otoniel, el Fiscal General resalt\u00f3 que se puso en marcha una estrategia judicial que permiti\u00f3 capturar y judicializar a 169 personas, entre el 4 y 10 de mayo. 54 detenciones se produjeron en situaci\u00f3n de flagrancia.<\/p>\n<p>En estos casos, se han imputado delitos como concierto para delinquir, tentativa de homicidio, secuestro, terrorismo, amenaza, y fabricaci\u00f3n, tr\u00e1fico, porte o tenencia de armas de fuego, accesorios, partes o municiones. Hasta el momento, se ha avanzado en el esclarecimiento de cuatro asesinatos de integrantes de la fuerza p\u00fablica, de los nueve registrados.<\/p>\n<p>\u201c\u00bfPor qu\u00e9 termina el paro? Por los resultados que damos. Si la Fiscal\u00eda y la institucionalidad colombiana no actuara de esta manera, tendr\u00edamos paros permanentes armados en este pa\u00eds. Gracias a la institucionalidad es que se pueden bloquear estas acciones criminales\u201d, recalc\u00f3 el Fiscal Barbosa Delgado.<\/p>\n<p><strong><u>Investigaciones delitos electorales<\/u><\/strong><\/p>\n<p>La Directiva 0002, que defini\u00f3 la hoja de ruta para investigar y judicializar los delitos que se presenten en las etapas preelectoral, electoral y postelectoral, ha permitido focalizar el trabajo investigativo de los hechos que representen riesgo para el certamen democr\u00e1tico. Sobre posibles delitos electorales, la entidad registra 366 casos en indagaci\u00f3n, 46 archivados porque no se encontraron m\u00e9ritos o no hab\u00eda carga probatoria sobre la configuraci\u00f3n de un il\u00edcito; 7 procesos con imputaci\u00f3n y uno en juicio.<\/p>\n<p>\u201cExpedimos este documento en febrero. B\u00e1sicamente lo que hicimos fue distribuir grupos de fiscales en todo el territorio nacional y atribuir unas funciones espec\u00edficas a la Delegada de Seguridad Territorial, a la Delegada de Finanzas Criminales, a la Delegada contra la Criminalidad Organizada, a la Direcci\u00f3n de Derechos Humanos, en t\u00e9rminos de amenazas a algunos candidatos, y a la Unidad Especial de Investigaci\u00f3n, que tambi\u00e9n cumple unas funciones de amenazas a desmovilizados o reincorporados, personas del Partido Comunes\u201d, precis\u00f3 el fiscal al explicar el alcance de la Directiva 0002.<\/p>\n<p>Esta informaci\u00f3n se publica por razones de inter\u00e9s general.<\/p>\n<p>JARG\/MCRC\/<\/p>\n<p><strong>La Fiscal\u00eda habla con resultados<\/strong><\/p>\n\n<div class=\"twitter-share\"><a href=\"https:\/\/twitter.com\/intent\/tweet?via=fiscaliacol\" class=\"twitter-share-button\">Tweet<\/a><\/div>\n","protected":false},"excerpt":{"rendered":"<p>En visita a Pereira (Risaralda), tambi\u00e9n habl\u00f3 del trabajo investigativo articulado y de la orientaci\u00f3n que se le est\u00e1 dando al caso del asesinato del fiscal especializado de Paraguay, Marcelo Pecci. De otra parte, revel\u00f3 que, con ocasi\u00f3n de la reciente ola terrorista desatada por el \u2018Clan de Golfo, la Fiscal\u00eda ha logrado la judicializaci\u00f3n [&hellip;]<\/p>\n","protected":false},"author":162,"featured_media":0,"comment_status":"closed","ping_status":"open","sticky":false,"template":"","format":"standard","meta":{"_price":"","_stock":"","_tribe_ticket_header":"","_tribe_default_ticket_provider":"","_tribe_ticket_capacity":"0","_ticket_start_date":"","_ticket_end_date":"","_tribe_ticket_show_description":"","_tribe_ticket_show_not_going":false,"_tribe_ticket_use_global_stock":"","_tribe_ticket_global_stock_level":"","_global_stock_mode":"","_global_stock_cap":"","_tribe_rsvp_for_event":"","_tribe_ticket_going_count":"","_tribe_ticket_not_going_count":"","_tribe_tickets_list":"[]","_tribe_ticket_has_attendee_info_fields":false,"tdm_status":"","tdm_grid_status":"","footnotes":""},"categories":[25128,24096,1],"tags":[14915,24185,31573],"class_list":{"0":"post-248365","1":"post","2":"type-post","3":"status-publish","4":"format-standard","6":"category-el-fiscal-en-los-territorios","7":"category-fiscal-general-de-la-nacion","8":"category-noticias","9":"tag-eje-cafetero","10":"tag-fiscal-barbosa","11":"tag-marcelo-pecci"},"yoast_head":"<!-- This site is optimized with the Yoast SEO plugin v24.3 - https:\/\/yoast.com\/wordpress\/plugins\/seo\/ -->\n<title>Fiscal\u00eda General de la Naci\u00f3n<\/title>\n<meta name=\"description\" content=\"P\u00e1gina oficial de la Fiscal\u00eda General de la Naci\u00f3n \u2013 Colombia. Garantizamos el acceso efectivo a la justicia, la verdad y la reparaci\u00f3n de las v\u00edctimas de los delitos.\" \/>\n<meta name=\"robots\" content=\"noindex, follow\" \/>\n<meta property=\"og:locale\" content=\"es_ES\" \/>\n<meta property=\"og:type\" content=\"article\" \/>\n<meta property=\"og:title\" content=\"Fiscal\u00eda General de la Naci\u00f3n\" \/>\n<meta property=\"og:description\" content=\"P\u00e1gina oficial de la Fiscal\u00eda General de la Naci\u00f3n \u2013 Colombia. Garantizamos el acceso efectivo a la justicia, la verdad y la reparaci\u00f3n de las v\u00edctimas de los delitos.\" \/>\n<meta property=\"og:url\" content=\"https:\/\/www.fiscalia.gov.co\/colombia\/noticias\/fiscal-general-de-la-nacion-francisco-barbosa-delgado-fortalece-estrategia-de-esclarecimiento-de-delitos-contra-la-mujer-en-el-eje-cafetero\/\" \/>\n<meta property=\"og:site_name\" content=\"Fiscal\u00eda General de la Naci\u00f3n\" \/>\n<meta property=\"article:publisher\" content=\"https:\/\/www.facebook.com\/FiscaliaCol\" \/>\n<meta property=\"article:published_time\" content=\"2022-05-14T23:54:52+00:00\" \/>\n<meta property=\"article:modified_time\" content=\"2022-05-15T00:30:45+00:00\" \/>\n<meta name=\"author\" content=\"Direcci\u00f3n de Comunicaciones Fiscal\u00eda General de la Naci\u00f3n\" \/>\n<meta name=\"twitter:card\" content=\"summary_large_image\" \/>\n<meta name=\"twitter:creator\" content=\"@FiscaliaCol\" \/>\n<meta name=\"twitter:site\" content=\"@FiscaliaCol\" \/>\n<meta name=\"twitter:label1\" content=\"Escrito por\" \/>\n\t<meta name=\"twitter:data1\" content=\"Direcci\u00f3n de Comunicaciones Fiscal\u00eda General de la Naci\u00f3n\" \/>\n\t<meta name=\"twitter:label2\" content=\"Tiempo de lectura\" \/>\n\t<meta name=\"twitter:data2\" content=\"5 minutos\" \/>\n<script type=\"application\/ld+json\" class=\"yoast-schema-graph\">{\"@context\":\"https:\/\/schema.org\",\"@graph\":[{\"@type\":\"Article\",\"@id\":\"https:\/\/www.fiscalia.gov.co\/colombia\/noticias\/fiscal-general-de-la-nacion-francisco-barbosa-delgado-fortalece-estrategia-de-esclarecimiento-de-delitos-contra-la-mujer-en-el-eje-cafetero\/#article\",\"isPartOf\":{\"@id\":\"https:\/\/www.fiscalia.gov.co\/colombia\/noticias\/fiscal-general-de-la-nacion-francisco-barbosa-delgado-fortalece-estrategia-de-esclarecimiento-de-delitos-contra-la-mujer-en-el-eje-cafetero\/\"},\"author\":{\"name\":\"Direcci\u00f3n de Comunicaciones Fiscal\u00eda General de la Naci\u00f3n\",\"@id\":\"https:\/\/www.fiscalia.gov.co\/colombia\/#\/schema\/person\/bf28d8ae7f1b287bbe3af484b04f43ea\"},\"headline\":\"Fiscal General de la Naci\u00f3n, Francisco Barbosa Delgado, fortalece estrategia de esclarecimiento de delitos contra la mujer en el Eje Cafetero\",\"datePublished\":\"2022-05-14T23:54:52+00:00\",\"dateModified\":\"2022-05-15T00:30:45+00:00\",\"mainEntityOfPage\":{\"@id\":\"https:\/\/www.fiscalia.gov.co\/colombia\/noticias\/fiscal-general-de-la-nacion-francisco-barbosa-delgado-fortalece-estrategia-de-esclarecimiento-de-delitos-contra-la-mujer-en-el-eje-cafetero\/\"},\"wordCount\":1056,\"publisher\":{\"@id\":\"https:\/\/www.fiscalia.gov.co\/colombia\/#organization\"},\"keywords\":[\"Eje Cafetero\",\"Fiscal Barbosa\",\"Marcelo Pecci\"],\"articleSection\":[\"El Fiscal en los territorios\",\"Fiscal General de la Naci\u00f3n\",\"Noticias\"],\"inLanguage\":\"es-CO\"},{\"@type\":\"WebPage\",\"@id\":\"https:\/\/www.fiscalia.gov.co\/colombia\/noticias\/fiscal-general-de-la-nacion-francisco-barbosa-delgado-fortalece-estrategia-de-esclarecimiento-de-delitos-contra-la-mujer-en-el-eje-cafetero\/\",\"url\":\"https:\/\/www.fiscalia.gov.co\/colombia\/noticias\/fiscal-general-de-la-nacion-francisco-barbosa-delgado-fortalece-estrategia-de-esclarecimiento-de-delitos-contra-la-mujer-en-el-eje-cafetero\/\",\"name\":\"Fiscal\u00eda General de la Naci\u00f3n\",\"isPartOf\":{\"@id\":\"https:\/\/www.fiscalia.gov.co\/colombia\/#website\"},\"datePublished\":\"2022-05-14T23:54:52+00:00\",\"dateModified\":\"2022-05-15T00:30:45+00:00\",\"description\":\"P\u00e1gina oficial de la Fiscal\u00eda General de la Naci\u00f3n \u2013 Colombia. Garantizamos el acceso efectivo a la justicia, la verdad y la reparaci\u00f3n de las v\u00edctimas de los delitos.\",\"breadcrumb\":{\"@id\":\"https:\/\/www.fiscalia.gov.co\/colombia\/noticias\/fiscal-general-de-la-nacion-francisco-barbosa-delgado-fortalece-estrategia-de-esclarecimiento-de-delitos-contra-la-mujer-en-el-eje-cafetero\/#breadcrumb\"},\"inLanguage\":\"es-CO\",\"potentialAction\":[{\"@type\":\"ReadAction\",\"target\":[\"https:\/\/www.fiscalia.gov.co\/colombia\/noticias\/fiscal-general-de-la-nacion-francisco-barbosa-delgado-fortalece-estrategia-de-esclarecimiento-de-delitos-contra-la-mujer-en-el-eje-cafetero\/\"]}]},{\"@type\":\"BreadcrumbList\",\"@id\":\"https:\/\/www.fiscalia.gov.co\/colombia\/noticias\/fiscal-general-de-la-nacion-francisco-barbosa-delgado-fortalece-estrategia-de-esclarecimiento-de-delitos-contra-la-mujer-en-el-eje-cafetero\/#breadcrumb\",\"itemListElement\":[{\"@type\":\"ListItem\",\"position\":1,\"name\":\"Home\",\"item\":\"https:\/\/www.fiscalia.gov.co\/colombia\/\"},{\"@type\":\"ListItem\",\"position\":2,\"name\":\"Fiscal General de la Naci\u00f3n, Francisco Barbosa Delgado, fortalece estrategia de esclarecimiento de delitos contra la mujer en el Eje Cafetero\"}]},{\"@type\":\"WebSite\",\"@id\":\"https:\/\/www.fiscalia.gov.co\/colombia\/#website\",\"url\":\"https:\/\/www.fiscalia.gov.co\/colombia\/\",\"name\":\"Fiscal\u00eda General de la Naci\u00f3n\",\"description\":\"P\u00e1gina oficial de la Fiscal\u00eda General de la Naci\u00f3n \u2013 Colombia. Garantizamos el acceso efectivo a la justicia, la verdad y la reparaci\u00f3n de las v\u00edctimas de los delitos.\",\"publisher\":{\"@id\":\"https:\/\/www.fiscalia.gov.co\/colombia\/#organization\"},\"potentialAction\":[{\"@type\":\"SearchAction\",\"target\":{\"@type\":\"EntryPoint\",\"urlTemplate\":\"https:\/\/www.fiscalia.gov.co\/colombia\/?s={search_term_string}\"},\"query-input\":{\"@type\":\"PropertyValueSpecification\",\"valueRequired\":true,\"valueName\":\"search_term_string\"}}],\"inLanguage\":\"es-CO\"},{\"@type\":\"Organization\",\"@id\":\"https:\/\/www.fiscalia.gov.co\/colombia\/#organization\",\"name\":\"Fiscal\u00eda General de la Naci\u00f3n\",\"url\":\"https:\/\/www.fiscalia.gov.co\/colombia\/\",\"logo\":{\"@type\":\"ImageObject\",\"inLanguage\":\"es-CO\",\"@id\":\"https:\/\/www.fiscalia.gov.co\/colombia\/#\/schema\/logo\/image\/\",\"url\":\"https:\/\/www.fiscalia.gov.co\/colombia\/wp-content\/uploads\/LogoHorizontal_1.jpg\",\"contentUrl\":\"https:\/\/www.fiscalia.gov.co\/colombia\/wp-content\/uploads\/LogoHorizontal_1.jpg\",\"width\":300,\"height\":90,\"caption\":\"Fiscal\u00eda General de la Naci\u00f3n\"},\"image\":{\"@id\":\"https:\/\/www.fiscalia.gov.co\/colombia\/#\/schema\/logo\/image\/\"},\"sameAs\":[\"https:\/\/www.facebook.com\/FiscaliaCol\",\"https:\/\/x.com\/FiscaliaCol\",\"https:\/\/www.instagram.com\/fiscaliacol\",\"https:\/\/www.linkedin.com\/company\/fiscalia-general-de-la-naci-n\/\",\"https:\/\/youtube.com\/@fiscaliageneraldelanacion-4668?si=6nN79nyQICPU5iTh\"]},{\"@type\":\"Person\",\"@id\":\"https:\/\/www.fiscalia.gov.co\/colombia\/#\/schema\/person\/bf28d8ae7f1b287bbe3af484b04f43ea\",\"name\":\"Direcci\u00f3n de Comunicaciones Fiscal\u00eda General de la Naci\u00f3n\",\"image\":{\"@type\":\"ImageObject\",\"inLanguage\":\"es-CO\",\"@id\":\"https:\/\/www.fiscalia.gov.co\/colombia\/#\/schema\/person\/image\/\",\"url\":\"https:\/\/secure.gravatar.com\/avatar\/9d55ae161d32da16dbdd0b380c080a5f?s=96&d=mm&r=g\",\"contentUrl\":\"https:\/\/secure.gravatar.com\/avatar\/9d55ae161d32da16dbdd0b380c080a5f?s=96&d=mm&r=g\",\"caption\":\"Direcci\u00f3n de Comunicaciones Fiscal\u00eda General de la Naci\u00f3n\"},\"url\":\"https:\/\/www.fiscalia.gov.co\/colombia\/author\/kbonilla\/\"}]}<\/script>\n<!-- \/ Yoast SEO plugin. -->","yoast_head_json":{"title":"Fiscal\u00eda General de la Naci\u00f3n","description":"P\u00e1gina oficial de la Fiscal\u00eda General de la Naci\u00f3n \u2013 Colombia. Garantizamos el acceso efectivo a la justicia, la verdad y la reparaci\u00f3n de las v\u00edctimas de los delitos.","robots":{"index":"noindex","follow":"follow"},"og_locale":"es_ES","og_type":"article","og_title":"Fiscal\u00eda General de la Naci\u00f3n","og_description":"P\u00e1gina oficial de la Fiscal\u00eda General de la Naci\u00f3n \u2013 Colombia. Garantizamos el acceso efectivo a la justicia, la verdad y la reparaci\u00f3n de las v\u00edctimas de los delitos.","og_url":"https:\/\/www.fiscalia.gov.co\/colombia\/noticias\/fiscal-general-de-la-nacion-francisco-barbosa-delgado-fortalece-estrategia-de-esclarecimiento-de-delitos-contra-la-mujer-en-el-eje-cafetero\/","og_site_name":"Fiscal\u00eda General de la Naci\u00f3n","article_publisher":"https:\/\/www.facebook.com\/FiscaliaCol","article_published_time":"2022-05-14T23:54:52+00:00","article_modified_time":"2022-05-15T00:30:45+00:00","author":"Direcci\u00f3n de Comunicaciones Fiscal\u00eda General de la Naci\u00f3n","twitter_card":"summary_large_image","twitter_creator":"@FiscaliaCol","twitter_site":"@FiscaliaCol","twitter_misc":{"Escrito por":"Direcci\u00f3n de Comunicaciones Fiscal\u00eda General de la Naci\u00f3n","Tiempo de lectura":"5 minutos"},"schema":{"@context":"https:\/\/schema.org","@graph":[{"@type":"Article","@id":"https:\/\/www.fiscalia.gov.co\/colombia\/noticias\/fiscal-general-de-la-nacion-francisco-barbosa-delgado-fortalece-estrategia-de-esclarecimiento-de-delitos-contra-la-mujer-en-el-eje-cafetero\/#article","isPartOf":{"@id":"https:\/\/www.fiscalia.gov.co\/colombia\/noticias\/fiscal-general-de-la-nacion-francisco-barbosa-delgado-fortalece-estrategia-de-esclarecimiento-de-delitos-contra-la-mujer-en-el-eje-cafetero\/"},"author":{"name":"Direcci\u00f3n de Comunicaciones Fiscal\u00eda General de la Naci\u00f3n","@id":"https:\/\/www.fiscalia.gov.co\/colombia\/#\/schema\/person\/bf28d8ae7f1b287bbe3af484b04f43ea"},"headline":"Fiscal General de la Naci\u00f3n, Francisco Barbosa Delgado, fortalece estrategia de esclarecimiento de delitos contra la mujer en el Eje Cafetero","datePublished":"2022-05-14T23:54:52+00:00","dateModified":"2022-05-15T00:30:45+00:00","mainEntityOfPage":{"@id":"https:\/\/www.fiscalia.gov.co\/colombia\/noticias\/fiscal-general-de-la-nacion-francisco-barbosa-delgado-fortalece-estrategia-de-esclarecimiento-de-delitos-contra-la-mujer-en-el-eje-cafetero\/"},"wordCount":1056,"publisher":{"@id":"https:\/\/www.fiscalia.gov.co\/colombia\/#organization"},"keywords":["Eje Cafetero","Fiscal Barbosa","Marcelo Pecci"],"articleSection":["El Fiscal en los territorios","Fiscal General de la Naci\u00f3n","Noticias"],"inLanguage":"es-CO"},{"@type":"WebPage","@id":"https:\/\/www.fiscalia.gov.co\/colombia\/noticias\/fiscal-general-de-la-nacion-francisco-barbosa-delgado-fortalece-estrategia-de-esclarecimiento-de-delitos-contra-la-mujer-en-el-eje-cafetero\/","url":"https:\/\/www.fiscalia.gov.co\/colombia\/noticias\/fiscal-general-de-la-nacion-francisco-barbosa-delgado-fortalece-estrategia-de-esclarecimiento-de-delitos-contra-la-mujer-en-el-eje-cafetero\/","name":"Fiscal\u00eda General de la Naci\u00f3n","isPartOf":{"@id":"https:\/\/www.fiscalia.gov.co\/colombia\/#website"},"datePublished":"2022-05-14T23:54:52+00:00","dateModified":"2022-05-15T00:30:45+00:00","description":"P\u00e1gina oficial de la Fiscal\u00eda General de la Naci\u00f3n \u2013 Colombia. Garantizamos el acceso efectivo a la justicia, la verdad y la reparaci\u00f3n de las v\u00edctimas de los delitos.","breadcrumb":{"@id":"https:\/\/www.fiscalia.gov.co\/colombia\/noticias\/fiscal-general-de-la-nacion-francisco-barbosa-delgado-fortalece-estrategia-de-esclarecimiento-de-delitos-contra-la-mujer-en-el-eje-cafetero\/#breadcrumb"},"inLanguage":"es-CO","potentialAction":[{"@type":"ReadAction","target":["https:\/\/www.fiscalia.gov.co\/colombia\/noticias\/fiscal-general-de-la-nacion-francisco-barbosa-delgado-fortalece-estrategia-de-esclarecimiento-de-delitos-contra-la-mujer-en-el-eje-cafetero\/"]}]},{"@type":"BreadcrumbList","@id":"https:\/\/www.fiscalia.gov.co\/colombia\/noticias\/fiscal-general-de-la-nacion-francisco-barbosa-delgado-fortalece-estrategia-de-esclarecimiento-de-delitos-contra-la-mujer-en-el-eje-cafetero\/#breadcrumb","itemListElement":[{"@type":"ListItem","position":1,"name":"Home","item":"https:\/\/www.fiscalia.gov.co\/colombia\/"},{"@type":"ListItem","position":2,"name":"Fiscal General de la Naci\u00f3n, Francisco Barbosa Delgado, fortalece estrategia de esclarecimiento de delitos contra la mujer en el Eje Cafetero"}]},{"@type":"WebSite","@id":"https:\/\/www.fiscalia.gov.co\/colombia\/#website","url":"https:\/\/www.fiscalia.gov.co\/colombia\/","name":"Fiscal\u00eda General de la Naci\u00f3n","description":"P\u00e1gina oficial de la Fiscal\u00eda General de la Naci\u00f3n \u2013 Colombia. Garantizamos el acceso efectivo a la justicia, la verdad y la reparaci\u00f3n de las v\u00edctimas de los delitos.","publisher":{"@id":"https:\/\/www.fiscalia.gov.co\/colombia\/#organization"},"potentialAction":[{"@type":"SearchAction","target":{"@type":"EntryPoint","urlTemplate":"https:\/\/www.fiscalia.gov.co\/colombia\/?s={search_term_string}"},"query-input":{"@type":"PropertyValueSpecification","valueRequired":true,"valueName":"search_term_string"}}],"inLanguage":"es-CO"},{"@type":"Organization","@id":"https:\/\/www.fiscalia.gov.co\/colombia\/#organization","name":"Fiscal\u00eda General de la Naci\u00f3n","url":"https:\/\/www.fiscalia.gov.co\/colombia\/","logo":{"@type":"ImageObject","inLanguage":"es-CO","@id":"https:\/\/www.fiscalia.gov.co\/colombia\/#\/schema\/logo\/image\/","url":"https:\/\/www.fiscalia.gov.co\/colombia\/wp-content\/uploads\/LogoHorizontal_1.jpg","contentUrl":"https:\/\/www.fiscalia.gov.co\/colombia\/wp-content\/uploads\/LogoHorizontal_1.jpg","width":300,"height":90,"caption":"Fiscal\u00eda General de la Naci\u00f3n"},"image":{"@id":"https:\/\/www.fiscalia.gov.co\/colombia\/#\/schema\/logo\/image\/"},"sameAs":["https:\/\/www.facebook.com\/FiscaliaCol","https:\/\/x.com\/FiscaliaCol","https:\/\/www.instagram.com\/fiscaliacol","https:\/\/www.linkedin.com\/company\/fiscalia-general-de-la-naci-n\/","https:\/\/youtube.com\/@fiscaliageneraldelanacion-4668?si=6nN79nyQICPU5iTh"]},{"@type":"Person","@id":"https:\/\/www.fiscalia.gov.co\/colombia\/#\/schema\/person\/bf28d8ae7f1b287bbe3af484b04f43ea","name":"Direcci\u00f3n de Comunicaciones Fiscal\u00eda General de la Naci\u00f3n","image":{"@type":"ImageObject","inLanguage":"es-CO","@id":"https:\/\/www.fiscalia.gov.co\/colombia\/#\/schema\/person\/image\/","url":"https:\/\/secure.gravatar.com\/avatar\/9d55ae161d32da16dbdd0b380c080a5f?s=96&d=mm&r=g","contentUrl":"https:\/\/secure.gravatar.com\/avatar\/9d55ae161d32da16dbdd0b380c080a5f?s=96&d=mm&r=g","caption":"Direcci\u00f3n de Comunicaciones Fiscal\u00eda General de la Naci\u00f3n"},"url":"https:\/\/www.fiscalia.gov.co\/colombia\/author\/kbonilla\/"}]}},"_links":{"self":[{"href":"https:\/\/www.fiscalia.gov.co\/colombia\/wp-json\/wp\/v2\/posts\/248365","targetHints":{"allow":["GET"]}}],"collection":[{"href":"https:\/\/www.fiscalia.gov.co\/colombia\/wp-json\/wp\/v2\/posts"}],"about":[{"href":"https:\/\/www.fiscalia.gov.co\/colombia\/wp-json\/wp\/v2\/types\/post"}],"author":[{"embeddable":true,"href":"https:\/\/www.fiscalia.gov.co\/colombia\/wp-json\/wp\/v2\/users\/162"}],"replies":[{"embeddable":true,"href":"https:\/\/www.fiscalia.gov.co\/colombia\/wp-json\/wp\/v2\/comments?post=248365"}],"version-history":[{"count":4,"href":"https:\/\/www.fiscalia.gov.co\/colombia\/wp-json\/wp\/v2\/posts\/248365\/revisions"}],"predecessor-version":[{"id":248370,"href":"https:\/\/www.fiscalia.gov.co\/colombia\/wp-json\/wp\/v2\/posts\/248365\/revisions\/248370"}],"wp:attachment":[{"href":"https:\/\/www.fiscalia.gov.co\/colombia\/wp-json\/wp\/v2\/media?parent=248365"}],"wp:term":[{"taxonomy":"category","embeddable":true,"href":"https:\/\/www.fiscalia.gov.co\/colombia\/wp-json\/wp\/v2\/categories?post=248365"},{"taxonomy":"post_tag","embeddable":true,"href":"https:\/\/www.fiscalia.gov.co\/colombia\/wp-json\/wp\/v2\/tags?post=248365"}],"curies":[{"name":"wp","href":"https:\/\/api.w.org\/{rel}","templated":true}]}}