{"id":247157,"date":"2022-05-02T09:45:54","date_gmt":"2022-05-02T14:45:54","guid":{"rendered":"https:\/\/www.fiscalia.gov.co\/colombia\/?p=247157"},"modified":"2022-05-09T14:58:40","modified_gmt":"2022-05-09T19:58:40","slug":"fiscalia-formula-cargos-a-alias-alexis-excabecilla-del-extinto-ejercito-revolucionario-guevarista-por-reclutamiento-ilicito-aborto-forzado-y-otras-conductas-de-lesa-humanidad","status":"publish","type":"post","link":"https:\/\/www.fiscalia.gov.co\/colombia\/noticias\/fiscalia-formula-cargos-a-alias-alexis-excabecilla-del-extinto-ejercito-revolucionario-guevarista-por-reclutamiento-ilicito-aborto-forzado-y-otras-conductas-de-lesa-humanidad\/","title":{"rendered":"Fiscal\u00eda formula cargos a alias Alexis, excabecilla del extinto Ej\u00e9rcito Revolucionario Guevarista por reclutamiento il\u00edcito, aborto forzado y otras conductas de lesa humanidad"},"content":{"rendered":"<h4><strong><em>Los hechos investigados dan cuenta de 35 mujeres v\u00edctimas. El cabecilla acept\u00f3 los se\u00f1alamientos y se someter\u00e1 a sentencia anticipada.<\/em><\/strong><\/h4>\n<p>Los elementos de prueba obtenidos, as\u00ed como la perspectiva de g\u00e9nero y el enfoque \u00e9tnico diferencial con el que la Fiscal\u00eda General de la Naci\u00f3n asumi\u00f3 las denuncias de varias mujeres v\u00edctimas del conflicto, permitieron establecer la posible responsabilidad de Jos\u00e9 Fernando Gonz\u00e1lez Brand, alias Alexis, en varias pr\u00e1cticas atroces contra la integridad y la vida de integrantes del extinto Ej\u00e9rcito Revolucionario Guevarista (ERG).<\/p>\n<p>Esta persona, como cabecilla del denominado comando central de la estructura armada, habr\u00eda promovido y permitido la vinculaci\u00f3n de menores de edad, la interrupci\u00f3n forzada de embarazos y otras conductas calificadas como cr\u00edmenes de guerra y de lesa humanidad.<\/p>\n<p>Los hechos investigados ocurrieron entre 1997 y 2007, en zonas rurales de Risaralda, Caldas, Antioquia, Choc\u00f3 y Valle del Cauca. Al parecer, ni\u00f1as y adolescentes en condici\u00f3n de vulnerabilidad, algunas de comunidades afrocolombianas o ind\u00edgenas, fueron reclutadas con enga\u00f1os o en contra de su voluntad.<\/p>\n<p>Algunas de estas v\u00edctimas quedaron en embarazo producto de abusos sexuales o relaciones sentimentales sostenidas a escondidas. La investigaci\u00f3n da cuenta de que, en cualquiera de los casos, fueron sometidas a abortos forzados, en medio de amenazas, tratos degradantes, sin preparaci\u00f3n ni analg\u00e9sicos, y con ausencia absoluta de condiciones m\u00ednimas de salubridad, en el entendido de que eran procedimientos realizados en la selva, en cambuches y sobre camillas r\u00fasticas.<\/p>\n<p>Muchas de estas intervenciones, supuestamente, se realizaron entre 2 y 4 veces a una misma persona, quien deb\u00eda continuar con las actividades de guardia, cargando le\u00f1a, cocinando o caminando largos trechos, sin importar la afectaci\u00f3n f\u00edsica y psicol\u00f3gica sufrida.<\/p>\n<p>De igual manera, se document\u00f3 el caso de un beb\u00e9 que alcanz\u00f3 a nacer y fue abandonado en un rastrojo. Finalmente, muri\u00f3.<\/p>\n<p>En ese sentido, por l\u00ednea jer\u00e1rquica y permitir que se impusieran estos lineamientos il\u00edcitos en el ERG, una fiscal de la Direcci\u00f3n Especializada contra los Derechos Humanos le formul\u00f3 a alias Alexis cargos por los delitos de: reclutamiento il\u00edcito, aborto forzado en persona protegida, tortura en persona protegida y homicidio en persona protegida.<\/p>\n<p>El procesado acept\u00f3 la responsabilidad en estas conductas, que comprometen a 35 v\u00edctimas, y se someti\u00f3 a sentencia anticipada, en atenci\u00f3n a los par\u00e1metros definidos en la Ley 600 de 2000 (anterior Sistema Penal).<\/p>\n<p>Esta informaci\u00f3n se publica por razones de inter\u00e9s general.<\/p>\n<p>&nbsp;<\/p>\n<p>JARG\/DJR\/DEVDH\/MCRC.<\/p>\n<p>&nbsp;<\/p>\n<div class=\"td-post-content tagdiv-type\">\n<div class=\"td-post-content tagdiv-type\">\n<div class=\"td-post-content tagdiv-type\">\n<div class=\"td-post-content tagdiv-type\">\n<p><em>La informaci\u00f3n contenida en este bolet\u00edn de prensa corresponde a la narraci\u00f3n de los hechos noticiosos objetivos, suministrados por los funcionarios encargados de adelantar las investigaciones penales al interior de la Fiscal\u00eda General de la Naci\u00f3n. Para el momento de la divulgaci\u00f3n de este comunicado, la situaci\u00f3n jur\u00eddica de la(s) persona(s) relacionada(s) se encuentra pendiente de resolver por la autoridad judicial competente, siempre bajo los preceptos de la presunci\u00f3n de inocencia, consagrados en el art\u00edculo 29 de la Constituci\u00f3n Pol\u00edtica y el art\u00edculo 7\u00ba de la Ley 906 de 2004.<\/em><\/p>\n<\/div>\n<\/div>\n<\/div>\n<\/div>\n\n<div class=\"twitter-share\"><a href=\"https:\/\/twitter.com\/intent\/tweet?via=fiscaliacol\" class=\"twitter-share-button\">Tweet<\/a><\/div>\n","protected":false},"excerpt":{"rendered":"<p>Los hechos investigados dan cuenta de 35 mujeres v\u00edctimas. El cabecilla acept\u00f3 los se\u00f1alamientos y se someter\u00e1 a sentencia anticipada. Los elementos de prueba obtenidos, as\u00ed como la perspectiva de g\u00e9nero y el enfoque \u00e9tnico diferencial con el que la Fiscal\u00eda General de la Naci\u00f3n asumi\u00f3 las denuncias de varias mujeres v\u00edctimas del conflicto, permitieron [&hellip;]<\/p>\n","protected":false},"author":177,"featured_media":247816,"comment_status":"closed","ping_status":"open","sticky":false,"template":"","format":"video","meta":{"_price":"","_stock":"","_tribe_ticket_header":"","_tribe_default_ticket_provider":"","_tribe_ticket_capacity":"0","_ticket_start_date":"","_ticket_end_date":"","_tribe_ticket_show_description":"","_tribe_ticket_show_not_going":false,"_tribe_ticket_use_global_stock":"","_tribe_ticket_global_stock_level":"","_global_stock_mode":"","_global_stock_cap":"","_tribe_rsvp_for_event":"","_tribe_ticket_going_count":"","_tribe_ticket_not_going_count":"","_tribe_tickets_list":"[]","_tribe_ticket_has_attendee_info_fields":false,"tdm_status":"","tdm_grid_status":"","footnotes":""},"categories":[24102,1],"tags":[31468,1050,24185,24188,1047,5170,1169],"class_list":{"0":"post-247157","1":"post","2":"type-post","3":"status-publish","4":"format-video","5":"has-post-thumbnail","7":"category-derechos-humanos","8":"category-noticias","9":"tag-aborto-forzado","10":"tag-derechoa-humanos","11":"tag-fiscal-barbosa","12":"tag-fiscal-francisco-barbosa","13":"tag-fiscalia-general-de-la-nacion","14":"tag-lesa-humanidad","15":"tag-reclutamiento-ilicito","16":"post_format-post-format-video"},"yoast_head":"<!-- This site is optimized with the Yoast SEO plugin v24.3 - https:\/\/yoast.com\/wordpress\/plugins\/seo\/ -->\n<title>Fiscal\u00eda General de la Naci\u00f3n<\/title>\n<meta name=\"description\" content=\"P\u00e1gina oficial de la Fiscal\u00eda General de la Naci\u00f3n \u2013 Colombia. Garantizamos el acceso efectivo a la justicia, la verdad y la reparaci\u00f3n de las v\u00edctimas de los delitos.\" \/>\n<meta name=\"robots\" content=\"noindex, follow\" \/>\n<meta property=\"og:locale\" content=\"es_ES\" \/>\n<meta property=\"og:type\" content=\"article\" \/>\n<meta property=\"og:title\" content=\"Fiscal\u00eda General de la Naci\u00f3n\" \/>\n<meta property=\"og:description\" content=\"P\u00e1gina oficial de la Fiscal\u00eda General de la Naci\u00f3n \u2013 Colombia. Garantizamos el acceso efectivo a la justicia, la verdad y la reparaci\u00f3n de las v\u00edctimas de los delitos.\" \/>\n<meta property=\"og:url\" content=\"https:\/\/www.fiscalia.gov.co\/colombia\/noticias\/fiscalia-formula-cargos-a-alias-alexis-excabecilla-del-extinto-ejercito-revolucionario-guevarista-por-reclutamiento-ilicito-aborto-forzado-y-otras-conductas-de-lesa-humanidad\/\" \/>\n<meta property=\"og:site_name\" content=\"Fiscal\u00eda General de la Naci\u00f3n\" \/>\n<meta property=\"article:publisher\" content=\"https:\/\/www.facebook.com\/FiscaliaCol\" \/>\n<meta property=\"article:published_time\" content=\"2022-05-02T14:45:54+00:00\" \/>\n<meta property=\"article:modified_time\" content=\"2022-05-09T19:58:40+00:00\" \/>\n<meta property=\"og:image\" content=\"https:\/\/www.fiscalia.gov.co\/colombia\/wp-content\/uploads\/maxresdefault-458.jpg\" \/>\n\t<meta property=\"og:image:width\" content=\"1280\" \/>\n\t<meta property=\"og:image:height\" content=\"720\" \/>\n\t<meta property=\"og:image:type\" content=\"image\/jpeg\" \/>\n<meta name=\"author\" content=\"Jordan Leandro Oviedo Anzola\" \/>\n<meta name=\"twitter:card\" content=\"summary_large_image\" \/>\n<meta name=\"twitter:creator\" content=\"@FiscaliaCol\" \/>\n<meta name=\"twitter:site\" content=\"@FiscaliaCol\" \/>\n<meta name=\"twitter:label1\" content=\"Escrito por\" \/>\n\t<meta name=\"twitter:data1\" content=\"Jordan Leandro Oviedo Anzola\" \/>\n\t<meta name=\"twitter:label2\" content=\"Tiempo de lectura\" \/>\n\t<meta name=\"twitter:data2\" content=\"3 minutos\" \/>\n<script type=\"application\/ld+json\" class=\"yoast-schema-graph\">{\"@context\":\"https:\/\/schema.org\",\"@graph\":[{\"@type\":\"Article\",\"@id\":\"https:\/\/www.fiscalia.gov.co\/colombia\/noticias\/fiscalia-formula-cargos-a-alias-alexis-excabecilla-del-extinto-ejercito-revolucionario-guevarista-por-reclutamiento-ilicito-aborto-forzado-y-otras-conductas-de-lesa-humanidad\/#article\",\"isPartOf\":{\"@id\":\"https:\/\/www.fiscalia.gov.co\/colombia\/noticias\/fiscalia-formula-cargos-a-alias-alexis-excabecilla-del-extinto-ejercito-revolucionario-guevarista-por-reclutamiento-ilicito-aborto-forzado-y-otras-conductas-de-lesa-humanidad\/\"},\"author\":{\"name\":\"Jordan Leandro Oviedo Anzola\",\"@id\":\"https:\/\/www.fiscalia.gov.co\/colombia\/#\/schema\/person\/bf84402cf293a5393e9c70b111020b24\"},\"headline\":\"Fiscal\u00eda formula cargos a alias Alexis, excabecilla del extinto Ej\u00e9rcito Revolucionario Guevarista por reclutamiento il\u00edcito, aborto forzado y otras conductas de lesa humanidad\",\"datePublished\":\"2022-05-02T14:45:54+00:00\",\"dateModified\":\"2022-05-09T19:58:40+00:00\",\"mainEntityOfPage\":{\"@id\":\"https:\/\/www.fiscalia.gov.co\/colombia\/noticias\/fiscalia-formula-cargos-a-alias-alexis-excabecilla-del-extinto-ejercito-revolucionario-guevarista-por-reclutamiento-ilicito-aborto-forzado-y-otras-conductas-de-lesa-humanidad\/\"},\"wordCount\":558,\"publisher\":{\"@id\":\"https:\/\/www.fiscalia.gov.co\/colombia\/#organization\"},\"image\":{\"@id\":\"https:\/\/www.fiscalia.gov.co\/colombia\/noticias\/fiscalia-formula-cargos-a-alias-alexis-excabecilla-del-extinto-ejercito-revolucionario-guevarista-por-reclutamiento-ilicito-aborto-forzado-y-otras-conductas-de-lesa-humanidad\/#primaryimage\"},\"thumbnailUrl\":\"https:\/\/www.fiscalia.gov.co\/colombia\/wp-content\/uploads\/maxresdefault-458.jpg\",\"keywords\":[\"Aborto forzado\",\"Derechos Humanos\",\"Fiscal Barbosa\",\"Fiscal Francisco Barbosa\",\"Fiscal\u00eda General de la Naci\u00f3n\",\"Lesa humanidad\",\"Reclutamiento il\u00edcito\"],\"articleSection\":[\"Derechos Humanos\",\"Noticias\"],\"inLanguage\":\"es-CO\"},{\"@type\":\"WebPage\",\"@id\":\"https:\/\/www.fiscalia.gov.co\/colombia\/noticias\/fiscalia-formula-cargos-a-alias-alexis-excabecilla-del-extinto-ejercito-revolucionario-guevarista-por-reclutamiento-ilicito-aborto-forzado-y-otras-conductas-de-lesa-humanidad\/\",\"url\":\"https:\/\/www.fiscalia.gov.co\/colombia\/noticias\/fiscalia-formula-cargos-a-alias-alexis-excabecilla-del-extinto-ejercito-revolucionario-guevarista-por-reclutamiento-ilicito-aborto-forzado-y-otras-conductas-de-lesa-humanidad\/\",\"name\":\"Fiscal\u00eda General de la Naci\u00f3n\",\"isPartOf\":{\"@id\":\"https:\/\/www.fiscalia.gov.co\/colombia\/#website\"},\"primaryImageOfPage\":{\"@id\":\"https:\/\/www.fiscalia.gov.co\/colombia\/noticias\/fiscalia-formula-cargos-a-alias-alexis-excabecilla-del-extinto-ejercito-revolucionario-guevarista-por-reclutamiento-ilicito-aborto-forzado-y-otras-conductas-de-lesa-humanidad\/#primaryimage\"},\"image\":{\"@id\":\"https:\/\/www.fiscalia.gov.co\/colombia\/noticias\/fiscalia-formula-cargos-a-alias-alexis-excabecilla-del-extinto-ejercito-revolucionario-guevarista-por-reclutamiento-ilicito-aborto-forzado-y-otras-conductas-de-lesa-humanidad\/#primaryimage\"},\"thumbnailUrl\":\"https:\/\/www.fiscalia.gov.co\/colombia\/wp-content\/uploads\/maxresdefault-458.jpg\",\"datePublished\":\"2022-05-02T14:45:54+00:00\",\"dateModified\":\"2022-05-09T19:58:40+00:00\",\"description\":\"P\u00e1gina oficial de la Fiscal\u00eda General de la Naci\u00f3n \u2013 Colombia. Garantizamos el acceso efectivo a la justicia, la verdad y la reparaci\u00f3n de las v\u00edctimas de los delitos.\",\"breadcrumb\":{\"@id\":\"https:\/\/www.fiscalia.gov.co\/colombia\/noticias\/fiscalia-formula-cargos-a-alias-alexis-excabecilla-del-extinto-ejercito-revolucionario-guevarista-por-reclutamiento-ilicito-aborto-forzado-y-otras-conductas-de-lesa-humanidad\/#breadcrumb\"},\"inLanguage\":\"es-CO\",\"potentialAction\":[{\"@type\":\"ReadAction\",\"target\":[\"https:\/\/www.fiscalia.gov.co\/colombia\/noticias\/fiscalia-formula-cargos-a-alias-alexis-excabecilla-del-extinto-ejercito-revolucionario-guevarista-por-reclutamiento-ilicito-aborto-forzado-y-otras-conductas-de-lesa-humanidad\/\"]}]},{\"@type\":\"ImageObject\",\"inLanguage\":\"es-CO\",\"@id\":\"https:\/\/www.fiscalia.gov.co\/colombia\/noticias\/fiscalia-formula-cargos-a-alias-alexis-excabecilla-del-extinto-ejercito-revolucionario-guevarista-por-reclutamiento-ilicito-aborto-forzado-y-otras-conductas-de-lesa-humanidad\/#primaryimage\",\"url\":\"https:\/\/www.fiscalia.gov.co\/colombia\/wp-content\/uploads\/maxresdefault-458.jpg\",\"contentUrl\":\"https:\/\/www.fiscalia.gov.co\/colombia\/wp-content\/uploads\/maxresdefault-458.jpg\",\"width\":1280,\"height\":720},{\"@type\":\"BreadcrumbList\",\"@id\":\"https:\/\/www.fiscalia.gov.co\/colombia\/noticias\/fiscalia-formula-cargos-a-alias-alexis-excabecilla-del-extinto-ejercito-revolucionario-guevarista-por-reclutamiento-ilicito-aborto-forzado-y-otras-conductas-de-lesa-humanidad\/#breadcrumb\",\"itemListElement\":[{\"@type\":\"ListItem\",\"position\":1,\"name\":\"Home\",\"item\":\"https:\/\/www.fiscalia.gov.co\/colombia\/\"},{\"@type\":\"ListItem\",\"position\":2,\"name\":\"Fiscal\u00eda formula cargos a alias Alexis, excabecilla del extinto Ej\u00e9rcito Revolucionario Guevarista por reclutamiento il\u00edcito, aborto forzado y otras conductas de lesa humanidad\"}]},{\"@type\":\"WebSite\",\"@id\":\"https:\/\/www.fiscalia.gov.co\/colombia\/#website\",\"url\":\"https:\/\/www.fiscalia.gov.co\/colombia\/\",\"name\":\"Fiscal\u00eda General de la Naci\u00f3n\",\"description\":\"P\u00e1gina oficial de la Fiscal\u00eda General de la Naci\u00f3n \u2013 Colombia. Garantizamos el acceso efectivo a la justicia, la verdad y la reparaci\u00f3n de las v\u00edctimas de los delitos.\",\"publisher\":{\"@id\":\"https:\/\/www.fiscalia.gov.co\/colombia\/#organization\"},\"potentialAction\":[{\"@type\":\"SearchAction\",\"target\":{\"@type\":\"EntryPoint\",\"urlTemplate\":\"https:\/\/www.fiscalia.gov.co\/colombia\/?s={search_term_string}\"},\"query-input\":{\"@type\":\"PropertyValueSpecification\",\"valueRequired\":true,\"valueName\":\"search_term_string\"}}],\"inLanguage\":\"es-CO\"},{\"@type\":\"Organization\",\"@id\":\"https:\/\/www.fiscalia.gov.co\/colombia\/#organization\",\"name\":\"Fiscal\u00eda General de la Naci\u00f3n\",\"url\":\"https:\/\/www.fiscalia.gov.co\/colombia\/\",\"logo\":{\"@type\":\"ImageObject\",\"inLanguage\":\"es-CO\",\"@id\":\"https:\/\/www.fiscalia.gov.co\/colombia\/#\/schema\/logo\/image\/\",\"url\":\"https:\/\/www.fiscalia.gov.co\/colombia\/wp-content\/uploads\/LogoHorizontal_1.jpg\",\"contentUrl\":\"https:\/\/www.fiscalia.gov.co\/colombia\/wp-content\/uploads\/LogoHorizontal_1.jpg\",\"width\":300,\"height\":90,\"caption\":\"Fiscal\u00eda General de la Naci\u00f3n\"},\"image\":{\"@id\":\"https:\/\/www.fiscalia.gov.co\/colombia\/#\/schema\/logo\/image\/\"},\"sameAs\":[\"https:\/\/www.facebook.com\/FiscaliaCol\",\"https:\/\/x.com\/FiscaliaCol\",\"https:\/\/www.instagram.com\/fiscaliacol\",\"https:\/\/www.linkedin.com\/company\/fiscalia-general-de-la-naci-n\/\",\"https:\/\/youtube.com\/@fiscaliageneraldelanacion-4668?si=6nN79nyQICPU5iTh\"]},{\"@type\":\"Person\",\"@id\":\"https:\/\/www.fiscalia.gov.co\/colombia\/#\/schema\/person\/bf84402cf293a5393e9c70b111020b24\",\"name\":\"Jordan Leandro Oviedo Anzola\",\"image\":{\"@type\":\"ImageObject\",\"inLanguage\":\"es-CO\",\"@id\":\"https:\/\/www.fiscalia.gov.co\/colombia\/#\/schema\/person\/image\/\",\"url\":\"https:\/\/secure.gravatar.com\/avatar\/dabba4346fa9b9207d96adafa8f92721?s=96&d=mm&r=g\",\"contentUrl\":\"https:\/\/secure.gravatar.com\/avatar\/dabba4346fa9b9207d96adafa8f92721?s=96&d=mm&r=g\",\"caption\":\"Jordan Leandro Oviedo Anzola\"},\"url\":\"https:\/\/www.fiscalia.gov.co\/colombia\/author\/joviedo\/\"}]}<\/script>\n<!-- \/ Yoast SEO plugin. -->","yoast_head_json":{"title":"Fiscal\u00eda General de la Naci\u00f3n","description":"P\u00e1gina oficial de la Fiscal\u00eda General de la Naci\u00f3n \u2013 Colombia. Garantizamos el acceso efectivo a la justicia, la verdad y la reparaci\u00f3n de las v\u00edctimas de los delitos.","robots":{"index":"noindex","follow":"follow"},"og_locale":"es_ES","og_type":"article","og_title":"Fiscal\u00eda General de la Naci\u00f3n","og_description":"P\u00e1gina oficial de la Fiscal\u00eda General de la Naci\u00f3n \u2013 Colombia. Garantizamos el acceso efectivo a la justicia, la verdad y la reparaci\u00f3n de las v\u00edctimas de los delitos.","og_url":"https:\/\/www.fiscalia.gov.co\/colombia\/noticias\/fiscalia-formula-cargos-a-alias-alexis-excabecilla-del-extinto-ejercito-revolucionario-guevarista-por-reclutamiento-ilicito-aborto-forzado-y-otras-conductas-de-lesa-humanidad\/","og_site_name":"Fiscal\u00eda General de la Naci\u00f3n","article_publisher":"https:\/\/www.facebook.com\/FiscaliaCol","article_published_time":"2022-05-02T14:45:54+00:00","article_modified_time":"2022-05-09T19:58:40+00:00","og_image":[{"width":1280,"height":720,"url":"https:\/\/www.fiscalia.gov.co\/colombia\/wp-content\/uploads\/maxresdefault-458.jpg","type":"image\/jpeg"}],"author":"Jordan Leandro Oviedo Anzola","twitter_card":"summary_large_image","twitter_creator":"@FiscaliaCol","twitter_site":"@FiscaliaCol","twitter_misc":{"Escrito por":"Jordan Leandro Oviedo Anzola","Tiempo de lectura":"3 minutos"},"schema":{"@context":"https:\/\/schema.org","@graph":[{"@type":"Article","@id":"https:\/\/www.fiscalia.gov.co\/colombia\/noticias\/fiscalia-formula-cargos-a-alias-alexis-excabecilla-del-extinto-ejercito-revolucionario-guevarista-por-reclutamiento-ilicito-aborto-forzado-y-otras-conductas-de-lesa-humanidad\/#article","isPartOf":{"@id":"https:\/\/www.fiscalia.gov.co\/colombia\/noticias\/fiscalia-formula-cargos-a-alias-alexis-excabecilla-del-extinto-ejercito-revolucionario-guevarista-por-reclutamiento-ilicito-aborto-forzado-y-otras-conductas-de-lesa-humanidad\/"},"author":{"name":"Jordan Leandro Oviedo Anzola","@id":"https:\/\/www.fiscalia.gov.co\/colombia\/#\/schema\/person\/bf84402cf293a5393e9c70b111020b24"},"headline":"Fiscal\u00eda formula cargos a alias Alexis, excabecilla del extinto Ej\u00e9rcito Revolucionario Guevarista por reclutamiento il\u00edcito, aborto forzado y otras conductas de lesa humanidad","datePublished":"2022-05-02T14:45:54+00:00","dateModified":"2022-05-09T19:58:40+00:00","mainEntityOfPage":{"@id":"https:\/\/www.fiscalia.gov.co\/colombia\/noticias\/fiscalia-formula-cargos-a-alias-alexis-excabecilla-del-extinto-ejercito-revolucionario-guevarista-por-reclutamiento-ilicito-aborto-forzado-y-otras-conductas-de-lesa-humanidad\/"},"wordCount":558,"publisher":{"@id":"https:\/\/www.fiscalia.gov.co\/colombia\/#organization"},"image":{"@id":"https:\/\/www.fiscalia.gov.co\/colombia\/noticias\/fiscalia-formula-cargos-a-alias-alexis-excabecilla-del-extinto-ejercito-revolucionario-guevarista-por-reclutamiento-ilicito-aborto-forzado-y-otras-conductas-de-lesa-humanidad\/#primaryimage"},"thumbnailUrl":"https:\/\/www.fiscalia.gov.co\/colombia\/wp-content\/uploads\/maxresdefault-458.jpg","keywords":["Aborto forzado","Derechos Humanos","Fiscal Barbosa","Fiscal Francisco Barbosa","Fiscal\u00eda General de la Naci\u00f3n","Lesa humanidad","Reclutamiento il\u00edcito"],"articleSection":["Derechos Humanos","Noticias"],"inLanguage":"es-CO"},{"@type":"WebPage","@id":"https:\/\/www.fiscalia.gov.co\/colombia\/noticias\/fiscalia-formula-cargos-a-alias-alexis-excabecilla-del-extinto-ejercito-revolucionario-guevarista-por-reclutamiento-ilicito-aborto-forzado-y-otras-conductas-de-lesa-humanidad\/","url":"https:\/\/www.fiscalia.gov.co\/colombia\/noticias\/fiscalia-formula-cargos-a-alias-alexis-excabecilla-del-extinto-ejercito-revolucionario-guevarista-por-reclutamiento-ilicito-aborto-forzado-y-otras-conductas-de-lesa-humanidad\/","name":"Fiscal\u00eda General de la Naci\u00f3n","isPartOf":{"@id":"https:\/\/www.fiscalia.gov.co\/colombia\/#website"},"primaryImageOfPage":{"@id":"https:\/\/www.fiscalia.gov.co\/colombia\/noticias\/fiscalia-formula-cargos-a-alias-alexis-excabecilla-del-extinto-ejercito-revolucionario-guevarista-por-reclutamiento-ilicito-aborto-forzado-y-otras-conductas-de-lesa-humanidad\/#primaryimage"},"image":{"@id":"https:\/\/www.fiscalia.gov.co\/colombia\/noticias\/fiscalia-formula-cargos-a-alias-alexis-excabecilla-del-extinto-ejercito-revolucionario-guevarista-por-reclutamiento-ilicito-aborto-forzado-y-otras-conductas-de-lesa-humanidad\/#primaryimage"},"thumbnailUrl":"https:\/\/www.fiscalia.gov.co\/colombia\/wp-content\/uploads\/maxresdefault-458.jpg","datePublished":"2022-05-02T14:45:54+00:00","dateModified":"2022-05-09T19:58:40+00:00","description":"P\u00e1gina oficial de la Fiscal\u00eda General de la Naci\u00f3n \u2013 Colombia. Garantizamos el acceso efectivo a la justicia, la verdad y la reparaci\u00f3n de las v\u00edctimas de los delitos.","breadcrumb":{"@id":"https:\/\/www.fiscalia.gov.co\/colombia\/noticias\/fiscalia-formula-cargos-a-alias-alexis-excabecilla-del-extinto-ejercito-revolucionario-guevarista-por-reclutamiento-ilicito-aborto-forzado-y-otras-conductas-de-lesa-humanidad\/#breadcrumb"},"inLanguage":"es-CO","potentialAction":[{"@type":"ReadAction","target":["https:\/\/www.fiscalia.gov.co\/colombia\/noticias\/fiscalia-formula-cargos-a-alias-alexis-excabecilla-del-extinto-ejercito-revolucionario-guevarista-por-reclutamiento-ilicito-aborto-forzado-y-otras-conductas-de-lesa-humanidad\/"]}]},{"@type":"ImageObject","inLanguage":"es-CO","@id":"https:\/\/www.fiscalia.gov.co\/colombia\/noticias\/fiscalia-formula-cargos-a-alias-alexis-excabecilla-del-extinto-ejercito-revolucionario-guevarista-por-reclutamiento-ilicito-aborto-forzado-y-otras-conductas-de-lesa-humanidad\/#primaryimage","url":"https:\/\/www.fiscalia.gov.co\/colombia\/wp-content\/uploads\/maxresdefault-458.jpg","contentUrl":"https:\/\/www.fiscalia.gov.co\/colombia\/wp-content\/uploads\/maxresdefault-458.jpg","width":1280,"height":720},{"@type":"BreadcrumbList","@id":"https:\/\/www.fiscalia.gov.co\/colombia\/noticias\/fiscalia-formula-cargos-a-alias-alexis-excabecilla-del-extinto-ejercito-revolucionario-guevarista-por-reclutamiento-ilicito-aborto-forzado-y-otras-conductas-de-lesa-humanidad\/#breadcrumb","itemListElement":[{"@type":"ListItem","position":1,"name":"Home","item":"https:\/\/www.fiscalia.gov.co\/colombia\/"},{"@type":"ListItem","position":2,"name":"Fiscal\u00eda formula cargos a alias Alexis, excabecilla del extinto Ej\u00e9rcito Revolucionario Guevarista por reclutamiento il\u00edcito, aborto forzado y otras conductas de lesa humanidad"}]},{"@type":"WebSite","@id":"https:\/\/www.fiscalia.gov.co\/colombia\/#website","url":"https:\/\/www.fiscalia.gov.co\/colombia\/","name":"Fiscal\u00eda General de la Naci\u00f3n","description":"P\u00e1gina oficial de la Fiscal\u00eda General de la Naci\u00f3n \u2013 Colombia. Garantizamos el acceso efectivo a la justicia, la verdad y la reparaci\u00f3n de las v\u00edctimas de los delitos.","publisher":{"@id":"https:\/\/www.fiscalia.gov.co\/colombia\/#organization"},"potentialAction":[{"@type":"SearchAction","target":{"@type":"EntryPoint","urlTemplate":"https:\/\/www.fiscalia.gov.co\/colombia\/?s={search_term_string}"},"query-input":{"@type":"PropertyValueSpecification","valueRequired":true,"valueName":"search_term_string"}}],"inLanguage":"es-CO"},{"@type":"Organization","@id":"https:\/\/www.fiscalia.gov.co\/colombia\/#organization","name":"Fiscal\u00eda General de la Naci\u00f3n","url":"https:\/\/www.fiscalia.gov.co\/colombia\/","logo":{"@type":"ImageObject","inLanguage":"es-CO","@id":"https:\/\/www.fiscalia.gov.co\/colombia\/#\/schema\/logo\/image\/","url":"https:\/\/www.fiscalia.gov.co\/colombia\/wp-content\/uploads\/LogoHorizontal_1.jpg","contentUrl":"https:\/\/www.fiscalia.gov.co\/colombia\/wp-content\/uploads\/LogoHorizontal_1.jpg","width":300,"height":90,"caption":"Fiscal\u00eda General de la Naci\u00f3n"},"image":{"@id":"https:\/\/www.fiscalia.gov.co\/colombia\/#\/schema\/logo\/image\/"},"sameAs":["https:\/\/www.facebook.com\/FiscaliaCol","https:\/\/x.com\/FiscaliaCol","https:\/\/www.instagram.com\/fiscaliacol","https:\/\/www.linkedin.com\/company\/fiscalia-general-de-la-naci-n\/","https:\/\/youtube.com\/@fiscaliageneraldelanacion-4668?si=6nN79nyQICPU5iTh"]},{"@type":"Person","@id":"https:\/\/www.fiscalia.gov.co\/colombia\/#\/schema\/person\/bf84402cf293a5393e9c70b111020b24","name":"Jordan Leandro Oviedo Anzola","image":{"@type":"ImageObject","inLanguage":"es-CO","@id":"https:\/\/www.fiscalia.gov.co\/colombia\/#\/schema\/person\/image\/","url":"https:\/\/secure.gravatar.com\/avatar\/dabba4346fa9b9207d96adafa8f92721?s=96&d=mm&r=g","contentUrl":"https:\/\/secure.gravatar.com\/avatar\/dabba4346fa9b9207d96adafa8f92721?s=96&d=mm&r=g","caption":"Jordan Leandro Oviedo Anzola"},"url":"https:\/\/www.fiscalia.gov.co\/colombia\/author\/joviedo\/"}]}},"_links":{"self":[{"href":"https:\/\/www.fiscalia.gov.co\/colombia\/wp-json\/wp\/v2\/posts\/247157","targetHints":{"allow":["GET"]}}],"collection":[{"href":"https:\/\/www.fiscalia.gov.co\/colombia\/wp-json\/wp\/v2\/posts"}],"about":[{"href":"https:\/\/www.fiscalia.gov.co\/colombia\/wp-json\/wp\/v2\/types\/post"}],"author":[{"embeddable":true,"href":"https:\/\/www.fiscalia.gov.co\/colombia\/wp-json\/wp\/v2\/users\/177"}],"replies":[{"embeddable":true,"href":"https:\/\/www.fiscalia.gov.co\/colombia\/wp-json\/wp\/v2\/comments?post=247157"}],"version-history":[{"count":2,"href":"https:\/\/www.fiscalia.gov.co\/colombia\/wp-json\/wp\/v2\/posts\/247157\/revisions"}],"predecessor-version":[{"id":247818,"href":"https:\/\/www.fiscalia.gov.co\/colombia\/wp-json\/wp\/v2\/posts\/247157\/revisions\/247818"}],"wp:featuredmedia":[{"embeddable":true,"href":"https:\/\/www.fiscalia.gov.co\/colombia\/wp-json\/wp\/v2\/media\/247816"}],"wp:attachment":[{"href":"https:\/\/www.fiscalia.gov.co\/colombia\/wp-json\/wp\/v2\/media?parent=247157"}],"wp:term":[{"taxonomy":"category","embeddable":true,"href":"https:\/\/www.fiscalia.gov.co\/colombia\/wp-json\/wp\/v2\/categories?post=247157"},{"taxonomy":"post_tag","embeddable":true,"href":"https:\/\/www.fiscalia.gov.co\/colombia\/wp-json\/wp\/v2\/tags?post=247157"}],"curies":[{"name":"wp","href":"https:\/\/api.w.org\/{rel}","templated":true}]}}