{"id":247135,"date":"2022-04-30T09:13:27","date_gmt":"2022-04-30T14:13:27","guid":{"rendered":"https:\/\/www.fiscalia.gov.co\/colombia\/?p=247135"},"modified":"2022-05-06T15:40:41","modified_gmt":"2022-05-06T20:40:41","slug":"cae-el-socio-del-clan-de-golfo-supuesto-jefe-de-la-estructura-senalada-de-custodiar-a-los-maximos-cabecillas-en-uraba","status":"publish","type":"post","link":"https:\/\/www.fiscalia.gov.co\/colombia\/noticias\/cae-el-socio-del-clan-de-golfo-supuesto-jefe-de-la-estructura-senalada-de-custodiar-a-los-maximos-cabecillas-en-uraba\/","title":{"rendered":"Cae \u2018El Socio\u2019 del \u2018Clan de Golfo\u2019, supuesto jefe de la estructura se\u00f1alada de custodiar a los m\u00e1ximos cabecillas en Urab\u00e1"},"content":{"rendered":"<blockquote>\n<h4 style=\"text-align: left;\"><em><strong>Esta persona fue capturada y en su poder se encontraron los que ser\u00edan los nuevos estatutos de la organizaci\u00f3n criminal; y otros documentos de inter\u00e9s.<\/strong> <\/em><\/h4>\n<\/blockquote>\n<p>&nbsp;<\/p>\n<p>La Fiscal\u00eda General de la Naci\u00f3n, en trabajo conjunto con la Polic\u00eda Nacional, propin\u00f3 un golpe estructural al componente armado del \u2018Clan del Golfo\u2019, con la captura y judicializaci\u00f3n de V\u00edctor Alfonso Mart\u00ednez Pinto, alias El Socio, supuesto cabecilla principal de la subestructura Central \u2013 Turbo.<\/p>\n<p>Este hombre, con 13 a\u00f1os en el grupo criminal, ser\u00eda el responsable de articular homicidios, cobro de extorsiones y ataques contra la fuerza p\u00fablica en el Urab\u00e1 antioque\u00f1o; adem\u00e1s de dirigir los denominados anillos de seguridad que custodian a los m\u00e1ximos cabecillas del \u2018Clan del Golfo\u2019.<\/p>\n<p><img loading=\"lazy\" decoding=\"async\" class=\"aligncenter size-full wp-image-247136\" src=\"https:\/\/www.fiscalia.gov.co\/colombia\/wp-content\/uploads\/WhatsApp-Image-2022-04-29-at-9.33.30-PM.jpeg\" alt=\"\" width=\"1280\" height=\"720\" srcset=\"https:\/\/www.fiscalia.gov.co\/colombia\/wp-content\/uploads\/WhatsApp-Image-2022-04-29-at-9.33.30-PM.jpeg 1280w, https:\/\/www.fiscalia.gov.co\/colombia\/wp-content\/uploads\/WhatsApp-Image-2022-04-29-at-9.33.30-PM-300x169.jpeg 300w, https:\/\/www.fiscalia.gov.co\/colombia\/wp-content\/uploads\/WhatsApp-Image-2022-04-29-at-9.33.30-PM-1024x576.jpeg 1024w, https:\/\/www.fiscalia.gov.co\/colombia\/wp-content\/uploads\/WhatsApp-Image-2022-04-29-at-9.33.30-PM-768x432.jpeg 768w, https:\/\/www.fiscalia.gov.co\/colombia\/wp-content\/uploads\/WhatsApp-Image-2022-04-29-at-9.33.30-PM-696x392.jpeg 696w, https:\/\/www.fiscalia.gov.co\/colombia\/wp-content\/uploads\/WhatsApp-Image-2022-04-29-at-9.33.30-PM-1068x601.jpeg 1068w, https:\/\/www.fiscalia.gov.co\/colombia\/wp-content\/uploads\/WhatsApp-Image-2022-04-29-at-9.33.30-PM-747x420.jpeg 747w\" sizes=\"auto, (max-width: 1280px) 100vw, 1280px\" \/><\/p>\n<p>Alias El Socio tendr\u00eda en este momento a su cargo cerca de 350 personas en armas. Los elementos de prueba dan cuenta de que por instrucci\u00f3n suya se habr\u00edan ejecutado distintos asesinatos y ataques como:<\/p>\n<ul>\n<li>El asesinato de un patrullero de la Polic\u00eda Nacional, en la v\u00eda que comunica a los corregimientos de El Tres y Currulao en Turbo, el 19 de junio de 2021.<\/li>\n<li>La activaci\u00f3n de un campo minado el 9 de julio de 2021, en la vereda Alto de San Juan, en San Pedro de Urab\u00e1, que dej\u00f3 herido a un integrante de los Comandos Especial de la Polic\u00eda Nacional.<\/li>\n<li>El homicidio de un intendente de la Direcci\u00f3n de Carabineros de la Polic\u00eda Nacional, en octubre del mismo a\u00f1o, en la vereda San Pablo, en Turbo, durante el procedimiento en el que fue capturado alias Otoniel.<\/li>\n<li>Ataque con explosivos a un veh\u00edculo del Ej\u00e9rcito Nacional, en zona rural de San Pedro de Urab\u00e1, en el que cuatro soldados murieron y tres m\u00e1s resultaron heridos.<\/li>\n<\/ul>\n<p>Por el rol de cabecilla que cumpl\u00eda alias El Socio en la subestructura Central \u2013 Turbo, una fiscal de la Direcci\u00f3n Especializada contra las Organizaciones Criminales le imput\u00f3 el delito de concierto para delinquir agravado. El cargo no fue aceptado por el procesado, quien deber\u00e1 cumplir medida de aseguramiento en la c\u00e1rcel El Pedregal, en Medell\u00edn (Antioquia).<\/p>\n<p>V\u00edctor Alfonso Mart\u00ednez Pinto fue capturado en San Pedro de Urab\u00e1 (Antioquia). En el procedimiento se incautaron una tableta con informaci\u00f3n de inter\u00e9s, como los nuevos estatutos de la subestructura, memorias USB y dispositivos con idioma cifrado.<\/p>\n<p>Esta informaci\u00f3n se publica por razones de inter\u00e9s general.<\/p>\n<p>JARG\/JEGT\/DECOC\/MCRC.<\/p>\n<p><strong>La Fiscal\u00eda habla con resultados.<\/strong><\/p>\n<p>&nbsp;<\/p>\n<div class=\"td-post-content tagdiv-type\">\n<p><em>La informaci\u00f3n contenida en este bolet\u00edn\u00a0de\u00a0prensa corresponde a la narraci\u00f3n\u00a0de\u00a0los hechos noticiosos objetivos, suministrados por los funcionarios encargados\u00a0de\u00a0adelantar las investigaciones penales al interior\u00a0de\u00a0la Fiscal\u00eda General\u00a0de\u00a0la Naci\u00f3n. Para el momento\u00a0de\u00a0la divulgaci\u00f3n\u00a0de\u00a0este comunicado, la situaci\u00f3n jur\u00eddica\u00a0de\u00a0la(s) persona(s) relacionada(s) se encuentra pendiente\u00a0de\u00a0resolver por la autoridad judicial competente, siempre bajo los preceptos\u00a0de\u00a0la presunci\u00f3n\u00a0de\u00a0inocencia, consagrados en el art\u00edculo 29\u00a0de\u00a0la Constituci\u00f3n Pol\u00edtica y el art\u00edculo 7\u00ba\u00a0de\u00a0la Ley 906\u00a0de\u00a02004.<\/em><\/p>\n<\/div>\n<footer>\n<div class=\"td-post-source-tags\"><\/div>\n<div class=\"td-post-sharing-bottom\"><\/div>\n<\/footer>\n\n<div class=\"twitter-share\"><a href=\"https:\/\/twitter.com\/intent\/tweet?via=fiscaliacol\" class=\"twitter-share-button\">Tweet<\/a><\/div>\n","protected":false},"excerpt":{"rendered":"<p>Esta persona fue capturada y en su poder se encontraron los que ser\u00edan los nuevos estatutos de la organizaci\u00f3n criminal; y otros documentos de inter\u00e9s. &nbsp; La Fiscal\u00eda General de [&hellip;]<\/p>\n","protected":false},"author":175,"featured_media":247710,"comment_status":"closed","ping_status":"open","sticky":false,"template":"","format":"video","meta":{"tdm_status":"","tdm_grid_status":"","footnotes":""},"categories":[24098,1],"tags":[18672,24189,24526],"class_list":["post-247135","post","type-post","status-publish","format-video","has-post-thumbnail","category-crimen-organizado","category-noticias","tag-clan-del-golfo","tag-fiscal-francisco-barbosa-delgado","tag-fiscal-general-francisco-barbosa-delgado","post_format-post-format-video"],"yoast_head":"<!-- This site is optimized with the Yoast SEO plugin v24.3 - https:\/\/yoast.com\/wordpress\/plugins\/seo\/ -->\n<title>Fiscal\u00eda General de la Naci\u00f3n<\/title>\n<meta name=\"description\" content=\"P\u00e1gina oficial de la Fiscal\u00eda General de la Naci\u00f3n \u2013 Colombia. Garantizamos el acceso efectivo a la justicia, la verdad y la reparaci\u00f3n de las v\u00edctimas de los delitos.\" \/>\n<meta name=\"robots\" content=\"noindex, follow\" \/>\n<meta property=\"og:locale\" content=\"es_ES\" \/>\n<meta property=\"og:type\" content=\"article\" \/>\n<meta property=\"og:title\" content=\"Fiscal\u00eda General de la Naci\u00f3n\" \/>\n<meta property=\"og:description\" content=\"P\u00e1gina oficial de la Fiscal\u00eda General de la Naci\u00f3n \u2013 Colombia. Garantizamos el acceso efectivo a la justicia, la verdad y la reparaci\u00f3n de las v\u00edctimas de los delitos.\" \/>\n<meta property=\"og:url\" content=\"https:\/\/www.fiscalia.gov.co\/colombia\/noticias\/cae-el-socio-del-clan-de-golfo-supuesto-jefe-de-la-estructura-senalada-de-custodiar-a-los-maximos-cabecillas-en-uraba\/\" \/>\n<meta property=\"og:site_name\" content=\"Fiscal\u00eda General de la Naci\u00f3n\" \/>\n<meta property=\"article:publisher\" content=\"https:\/\/www.facebook.com\/FiscaliaCol\" \/>\n<meta property=\"article:published_time\" content=\"2022-04-30T14:13:27+00:00\" \/>\n<meta property=\"article:modified_time\" content=\"2022-05-06T20:40:41+00:00\" \/>\n<meta property=\"og:image\" content=\"https:\/\/www.fiscalia.gov.co\/colombia\/wp-content\/uploads\/maxresdefault-456.jpg\" \/>\n\t<meta property=\"og:image:width\" content=\"1280\" \/>\n\t<meta property=\"og:image:height\" content=\"720\" \/>\n\t<meta property=\"og:image:type\" content=\"image\/jpeg\" \/>\n<meta name=\"author\" content=\"Katherine Loaiza Mart\u00ednez\" \/>\n<meta name=\"twitter:card\" content=\"summary_large_image\" \/>\n<meta name=\"twitter:creator\" content=\"@FiscaliaCol\" \/>\n<meta name=\"twitter:site\" content=\"@FiscaliaCol\" \/>\n<meta name=\"twitter:label1\" content=\"Escrito por\" \/>\n\t<meta name=\"twitter:data1\" content=\"Katherine Loaiza Mart\u00ednez\" \/>\n\t<meta name=\"twitter:label2\" content=\"Tiempo de lectura\" \/>\n\t<meta name=\"twitter:data2\" content=\"3 minutos\" \/>\n<script type=\"application\/ld+json\" class=\"yoast-schema-graph\">{\"@context\":\"https:\/\/schema.org\",\"@graph\":[{\"@type\":\"Article\",\"@id\":\"https:\/\/www.fiscalia.gov.co\/colombia\/noticias\/cae-el-socio-del-clan-de-golfo-supuesto-jefe-de-la-estructura-senalada-de-custodiar-a-los-maximos-cabecillas-en-uraba\/#article\",\"isPartOf\":{\"@id\":\"https:\/\/www.fiscalia.gov.co\/colombia\/noticias\/cae-el-socio-del-clan-de-golfo-supuesto-jefe-de-la-estructura-senalada-de-custodiar-a-los-maximos-cabecillas-en-uraba\/\"},\"author\":{\"name\":\"Katherine Loaiza Mart\u00ednez\",\"@id\":\"https:\/\/www.fiscalia.gov.co\/colombia\/#\/schema\/person\/2e76b9aba5ecf875ed565ce4de0e0415\"},\"headline\":\"Cae \u2018El Socio\u2019 del \u2018Clan de Golfo\u2019, supuesto jefe de la estructura se\u00f1alada de custodiar a los m\u00e1ximos cabecillas en Urab\u00e1\",\"datePublished\":\"2022-04-30T14:13:27+00:00\",\"dateModified\":\"2022-05-06T20:40:41+00:00\",\"mainEntityOfPage\":{\"@id\":\"https:\/\/www.fiscalia.gov.co\/colombia\/noticias\/cae-el-socio-del-clan-de-golfo-supuesto-jefe-de-la-estructura-senalada-de-custodiar-a-los-maximos-cabecillas-en-uraba\/\"},\"wordCount\":554,\"publisher\":{\"@id\":\"https:\/\/www.fiscalia.gov.co\/colombia\/#organization\"},\"image\":{\"@id\":\"https:\/\/www.fiscalia.gov.co\/colombia\/noticias\/cae-el-socio-del-clan-de-golfo-supuesto-jefe-de-la-estructura-senalada-de-custodiar-a-los-maximos-cabecillas-en-uraba\/#primaryimage\"},\"thumbnailUrl\":\"https:\/\/www.fiscalia.gov.co\/colombia\/wp-content\/uploads\/maxresdefault-456.jpg\",\"keywords\":[\"Clan del Golfo\",\"Fiscal Francisco Barbosa Delgado\",\"Fiscal General Francisco Barbosa Delgado\"],\"articleSection\":[\"Crimen organizado\",\"Noticias\"],\"inLanguage\":\"es-CO\"},{\"@type\":\"WebPage\",\"@id\":\"https:\/\/www.fiscalia.gov.co\/colombia\/noticias\/cae-el-socio-del-clan-de-golfo-supuesto-jefe-de-la-estructura-senalada-de-custodiar-a-los-maximos-cabecillas-en-uraba\/\",\"url\":\"https:\/\/www.fiscalia.gov.co\/colombia\/noticias\/cae-el-socio-del-clan-de-golfo-supuesto-jefe-de-la-estructura-senalada-de-custodiar-a-los-maximos-cabecillas-en-uraba\/\",\"name\":\"Fiscal\u00eda General de la Naci\u00f3n\",\"isPartOf\":{\"@id\":\"https:\/\/www.fiscalia.gov.co\/colombia\/#website\"},\"primaryImageOfPage\":{\"@id\":\"https:\/\/www.fiscalia.gov.co\/colombia\/noticias\/cae-el-socio-del-clan-de-golfo-supuesto-jefe-de-la-estructura-senalada-de-custodiar-a-los-maximos-cabecillas-en-uraba\/#primaryimage\"},\"image\":{\"@id\":\"https:\/\/www.fiscalia.gov.co\/colombia\/noticias\/cae-el-socio-del-clan-de-golfo-supuesto-jefe-de-la-estructura-senalada-de-custodiar-a-los-maximos-cabecillas-en-uraba\/#primaryimage\"},\"thumbnailUrl\":\"https:\/\/www.fiscalia.gov.co\/colombia\/wp-content\/uploads\/maxresdefault-456.jpg\",\"datePublished\":\"2022-04-30T14:13:27+00:00\",\"dateModified\":\"2022-05-06T20:40:41+00:00\",\"description\":\"P\u00e1gina oficial de la Fiscal\u00eda General de la Naci\u00f3n \u2013 Colombia. Garantizamos el acceso efectivo a la justicia, la verdad y la reparaci\u00f3n de las v\u00edctimas de los delitos.\",\"breadcrumb\":{\"@id\":\"https:\/\/www.fiscalia.gov.co\/colombia\/noticias\/cae-el-socio-del-clan-de-golfo-supuesto-jefe-de-la-estructura-senalada-de-custodiar-a-los-maximos-cabecillas-en-uraba\/#breadcrumb\"},\"inLanguage\":\"es-CO\",\"potentialAction\":[{\"@type\":\"ReadAction\",\"target\":[\"https:\/\/www.fiscalia.gov.co\/colombia\/noticias\/cae-el-socio-del-clan-de-golfo-supuesto-jefe-de-la-estructura-senalada-de-custodiar-a-los-maximos-cabecillas-en-uraba\/\"]}]},{\"@type\":\"ImageObject\",\"inLanguage\":\"es-CO\",\"@id\":\"https:\/\/www.fiscalia.gov.co\/colombia\/noticias\/cae-el-socio-del-clan-de-golfo-supuesto-jefe-de-la-estructura-senalada-de-custodiar-a-los-maximos-cabecillas-en-uraba\/#primaryimage\",\"url\":\"https:\/\/www.fiscalia.gov.co\/colombia\/wp-content\/uploads\/maxresdefault-456.jpg\",\"contentUrl\":\"https:\/\/www.fiscalia.gov.co\/colombia\/wp-content\/uploads\/maxresdefault-456.jpg\",\"width\":1280,\"height\":720},{\"@type\":\"BreadcrumbList\",\"@id\":\"https:\/\/www.fiscalia.gov.co\/colombia\/noticias\/cae-el-socio-del-clan-de-golfo-supuesto-jefe-de-la-estructura-senalada-de-custodiar-a-los-maximos-cabecillas-en-uraba\/#breadcrumb\",\"itemListElement\":[{\"@type\":\"ListItem\",\"position\":1,\"name\":\"Home\",\"item\":\"https:\/\/www.fiscalia.gov.co\/colombia\/\"},{\"@type\":\"ListItem\",\"position\":2,\"name\":\"Cae \u2018El Socio\u2019 del \u2018Clan de Golfo\u2019, supuesto jefe de la estructura se\u00f1alada de custodiar a los m\u00e1ximos cabecillas en Urab\u00e1\"}]},{\"@type\":\"WebSite\",\"@id\":\"https:\/\/www.fiscalia.gov.co\/colombia\/#website\",\"url\":\"https:\/\/www.fiscalia.gov.co\/colombia\/\",\"name\":\"Fiscal\u00eda General de la Naci\u00f3n\",\"description\":\"P\u00e1gina oficial de la Fiscal\u00eda General de la Naci\u00f3n \u2013 Colombia. Garantizamos el acceso efectivo a la justicia, la verdad y la reparaci\u00f3n de las v\u00edctimas de los delitos.\",\"publisher\":{\"@id\":\"https:\/\/www.fiscalia.gov.co\/colombia\/#organization\"},\"potentialAction\":[{\"@type\":\"SearchAction\",\"target\":{\"@type\":\"EntryPoint\",\"urlTemplate\":\"https:\/\/www.fiscalia.gov.co\/colombia\/?s={search_term_string}\"},\"query-input\":{\"@type\":\"PropertyValueSpecification\",\"valueRequired\":true,\"valueName\":\"search_term_string\"}}],\"inLanguage\":\"es-CO\"},{\"@type\":\"Organization\",\"@id\":\"https:\/\/www.fiscalia.gov.co\/colombia\/#organization\",\"name\":\"Fiscal\u00eda General de la Naci\u00f3n\",\"url\":\"https:\/\/www.fiscalia.gov.co\/colombia\/\",\"logo\":{\"@type\":\"ImageObject\",\"inLanguage\":\"es-CO\",\"@id\":\"https:\/\/www.fiscalia.gov.co\/colombia\/#\/schema\/logo\/image\/\",\"url\":\"https:\/\/www.fiscalia.gov.co\/colombia\/wp-content\/uploads\/LogoHorizontal_1.jpg\",\"contentUrl\":\"https:\/\/www.fiscalia.gov.co\/colombia\/wp-content\/uploads\/LogoHorizontal_1.jpg\",\"width\":300,\"height\":90,\"caption\":\"Fiscal\u00eda General de la Naci\u00f3n\"},\"image\":{\"@id\":\"https:\/\/www.fiscalia.gov.co\/colombia\/#\/schema\/logo\/image\/\"},\"sameAs\":[\"https:\/\/www.facebook.com\/FiscaliaCol\",\"https:\/\/x.com\/FiscaliaCol\",\"https:\/\/www.instagram.com\/fiscaliacol\",\"https:\/\/www.linkedin.com\/company\/fiscalia-general-de-la-naci-n\/\",\"https:\/\/youtube.com\/@fiscaliageneraldelanacion-4668?si=6nN79nyQICPU5iTh\"]},{\"@type\":\"Person\",\"@id\":\"https:\/\/www.fiscalia.gov.co\/colombia\/#\/schema\/person\/2e76b9aba5ecf875ed565ce4de0e0415\",\"name\":\"Katherine Loaiza Mart\u00ednez\",\"image\":{\"@type\":\"ImageObject\",\"inLanguage\":\"es-CO\",\"@id\":\"https:\/\/www.fiscalia.gov.co\/colombia\/#\/schema\/person\/image\/\",\"url\":\"https:\/\/secure.gravatar.com\/avatar\/ab775a2f394c1b83b6d6f78680e57b50?s=96&d=mm&r=g\",\"contentUrl\":\"https:\/\/secure.gravatar.com\/avatar\/ab775a2f394c1b83b6d6f78680e57b50?s=96&d=mm&r=g\",\"caption\":\"Katherine Loaiza Mart\u00ednez\"},\"url\":\"https:\/\/www.fiscalia.gov.co\/colombia\/author\/kloaiza\/\"}]}<\/script>\n<!-- \/ Yoast SEO plugin. -->","yoast_head_json":{"title":"Fiscal\u00eda General de la Naci\u00f3n","description":"P\u00e1gina oficial de la Fiscal\u00eda General de la Naci\u00f3n \u2013 Colombia. Garantizamos el acceso efectivo a la justicia, la verdad y la reparaci\u00f3n de las v\u00edctimas de los delitos.","robots":{"index":"noindex","follow":"follow"},"og_locale":"es_ES","og_type":"article","og_title":"Fiscal\u00eda General de la Naci\u00f3n","og_description":"P\u00e1gina oficial de la Fiscal\u00eda General de la Naci\u00f3n \u2013 Colombia. Garantizamos el acceso efectivo a la justicia, la verdad y la reparaci\u00f3n de las v\u00edctimas de los delitos.","og_url":"https:\/\/www.fiscalia.gov.co\/colombia\/noticias\/cae-el-socio-del-clan-de-golfo-supuesto-jefe-de-la-estructura-senalada-de-custodiar-a-los-maximos-cabecillas-en-uraba\/","og_site_name":"Fiscal\u00eda General de la Naci\u00f3n","article_publisher":"https:\/\/www.facebook.com\/FiscaliaCol","article_published_time":"2022-04-30T14:13:27+00:00","article_modified_time":"2022-05-06T20:40:41+00:00","og_image":[{"width":1280,"height":720,"url":"https:\/\/www.fiscalia.gov.co\/colombia\/wp-content\/uploads\/maxresdefault-456.jpg","type":"image\/jpeg"}],"author":"Katherine Loaiza Mart\u00ednez","twitter_card":"summary_large_image","twitter_creator":"@FiscaliaCol","twitter_site":"@FiscaliaCol","twitter_misc":{"Escrito por":"Katherine Loaiza Mart\u00ednez","Tiempo de lectura":"3 minutos"},"schema":{"@context":"https:\/\/schema.org","@graph":[{"@type":"Article","@id":"https:\/\/www.fiscalia.gov.co\/colombia\/noticias\/cae-el-socio-del-clan-de-golfo-supuesto-jefe-de-la-estructura-senalada-de-custodiar-a-los-maximos-cabecillas-en-uraba\/#article","isPartOf":{"@id":"https:\/\/www.fiscalia.gov.co\/colombia\/noticias\/cae-el-socio-del-clan-de-golfo-supuesto-jefe-de-la-estructura-senalada-de-custodiar-a-los-maximos-cabecillas-en-uraba\/"},"author":{"name":"Katherine Loaiza Mart\u00ednez","@id":"https:\/\/www.fiscalia.gov.co\/colombia\/#\/schema\/person\/2e76b9aba5ecf875ed565ce4de0e0415"},"headline":"Cae \u2018El Socio\u2019 del \u2018Clan de Golfo\u2019, supuesto jefe de la estructura se\u00f1alada de custodiar a los m\u00e1ximos cabecillas en Urab\u00e1","datePublished":"2022-04-30T14:13:27+00:00","dateModified":"2022-05-06T20:40:41+00:00","mainEntityOfPage":{"@id":"https:\/\/www.fiscalia.gov.co\/colombia\/noticias\/cae-el-socio-del-clan-de-golfo-supuesto-jefe-de-la-estructura-senalada-de-custodiar-a-los-maximos-cabecillas-en-uraba\/"},"wordCount":554,"publisher":{"@id":"https:\/\/www.fiscalia.gov.co\/colombia\/#organization"},"image":{"@id":"https:\/\/www.fiscalia.gov.co\/colombia\/noticias\/cae-el-socio-del-clan-de-golfo-supuesto-jefe-de-la-estructura-senalada-de-custodiar-a-los-maximos-cabecillas-en-uraba\/#primaryimage"},"thumbnailUrl":"https:\/\/www.fiscalia.gov.co\/colombia\/wp-content\/uploads\/maxresdefault-456.jpg","keywords":["Clan del Golfo","Fiscal Francisco Barbosa Delgado","Fiscal General Francisco Barbosa Delgado"],"articleSection":["Crimen organizado","Noticias"],"inLanguage":"es-CO"},{"@type":"WebPage","@id":"https:\/\/www.fiscalia.gov.co\/colombia\/noticias\/cae-el-socio-del-clan-de-golfo-supuesto-jefe-de-la-estructura-senalada-de-custodiar-a-los-maximos-cabecillas-en-uraba\/","url":"https:\/\/www.fiscalia.gov.co\/colombia\/noticias\/cae-el-socio-del-clan-de-golfo-supuesto-jefe-de-la-estructura-senalada-de-custodiar-a-los-maximos-cabecillas-en-uraba\/","name":"Fiscal\u00eda General de la Naci\u00f3n","isPartOf":{"@id":"https:\/\/www.fiscalia.gov.co\/colombia\/#website"},"primaryImageOfPage":{"@id":"https:\/\/www.fiscalia.gov.co\/colombia\/noticias\/cae-el-socio-del-clan-de-golfo-supuesto-jefe-de-la-estructura-senalada-de-custodiar-a-los-maximos-cabecillas-en-uraba\/#primaryimage"},"image":{"@id":"https:\/\/www.fiscalia.gov.co\/colombia\/noticias\/cae-el-socio-del-clan-de-golfo-supuesto-jefe-de-la-estructura-senalada-de-custodiar-a-los-maximos-cabecillas-en-uraba\/#primaryimage"},"thumbnailUrl":"https:\/\/www.fiscalia.gov.co\/colombia\/wp-content\/uploads\/maxresdefault-456.jpg","datePublished":"2022-04-30T14:13:27+00:00","dateModified":"2022-05-06T20:40:41+00:00","description":"P\u00e1gina oficial de la Fiscal\u00eda General de la Naci\u00f3n \u2013 Colombia. Garantizamos el acceso efectivo a la justicia, la verdad y la reparaci\u00f3n de las v\u00edctimas de los delitos.","breadcrumb":{"@id":"https:\/\/www.fiscalia.gov.co\/colombia\/noticias\/cae-el-socio-del-clan-de-golfo-supuesto-jefe-de-la-estructura-senalada-de-custodiar-a-los-maximos-cabecillas-en-uraba\/#breadcrumb"},"inLanguage":"es-CO","potentialAction":[{"@type":"ReadAction","target":["https:\/\/www.fiscalia.gov.co\/colombia\/noticias\/cae-el-socio-del-clan-de-golfo-supuesto-jefe-de-la-estructura-senalada-de-custodiar-a-los-maximos-cabecillas-en-uraba\/"]}]},{"@type":"ImageObject","inLanguage":"es-CO","@id":"https:\/\/www.fiscalia.gov.co\/colombia\/noticias\/cae-el-socio-del-clan-de-golfo-supuesto-jefe-de-la-estructura-senalada-de-custodiar-a-los-maximos-cabecillas-en-uraba\/#primaryimage","url":"https:\/\/www.fiscalia.gov.co\/colombia\/wp-content\/uploads\/maxresdefault-456.jpg","contentUrl":"https:\/\/www.fiscalia.gov.co\/colombia\/wp-content\/uploads\/maxresdefault-456.jpg","width":1280,"height":720},{"@type":"BreadcrumbList","@id":"https:\/\/www.fiscalia.gov.co\/colombia\/noticias\/cae-el-socio-del-clan-de-golfo-supuesto-jefe-de-la-estructura-senalada-de-custodiar-a-los-maximos-cabecillas-en-uraba\/#breadcrumb","itemListElement":[{"@type":"ListItem","position":1,"name":"Home","item":"https:\/\/www.fiscalia.gov.co\/colombia\/"},{"@type":"ListItem","position":2,"name":"Cae \u2018El Socio\u2019 del \u2018Clan de Golfo\u2019, supuesto jefe de la estructura se\u00f1alada de custodiar a los m\u00e1ximos cabecillas en Urab\u00e1"}]},{"@type":"WebSite","@id":"https:\/\/www.fiscalia.gov.co\/colombia\/#website","url":"https:\/\/www.fiscalia.gov.co\/colombia\/","name":"Fiscal\u00eda General de la Naci\u00f3n","description":"P\u00e1gina oficial de la Fiscal\u00eda General de la Naci\u00f3n \u2013 Colombia. Garantizamos el acceso efectivo a la justicia, la verdad y la reparaci\u00f3n de las v\u00edctimas de los delitos.","publisher":{"@id":"https:\/\/www.fiscalia.gov.co\/colombia\/#organization"},"potentialAction":[{"@type":"SearchAction","target":{"@type":"EntryPoint","urlTemplate":"https:\/\/www.fiscalia.gov.co\/colombia\/?s={search_term_string}"},"query-input":{"@type":"PropertyValueSpecification","valueRequired":true,"valueName":"search_term_string"}}],"inLanguage":"es-CO"},{"@type":"Organization","@id":"https:\/\/www.fiscalia.gov.co\/colombia\/#organization","name":"Fiscal\u00eda General de la Naci\u00f3n","url":"https:\/\/www.fiscalia.gov.co\/colombia\/","logo":{"@type":"ImageObject","inLanguage":"es-CO","@id":"https:\/\/www.fiscalia.gov.co\/colombia\/#\/schema\/logo\/image\/","url":"https:\/\/www.fiscalia.gov.co\/colombia\/wp-content\/uploads\/LogoHorizontal_1.jpg","contentUrl":"https:\/\/www.fiscalia.gov.co\/colombia\/wp-content\/uploads\/LogoHorizontal_1.jpg","width":300,"height":90,"caption":"Fiscal\u00eda General de la Naci\u00f3n"},"image":{"@id":"https:\/\/www.fiscalia.gov.co\/colombia\/#\/schema\/logo\/image\/"},"sameAs":["https:\/\/www.facebook.com\/FiscaliaCol","https:\/\/x.com\/FiscaliaCol","https:\/\/www.instagram.com\/fiscaliacol","https:\/\/www.linkedin.com\/company\/fiscalia-general-de-la-naci-n\/","https:\/\/youtube.com\/@fiscaliageneraldelanacion-4668?si=6nN79nyQICPU5iTh"]},{"@type":"Person","@id":"https:\/\/www.fiscalia.gov.co\/colombia\/#\/schema\/person\/2e76b9aba5ecf875ed565ce4de0e0415","name":"Katherine Loaiza Mart\u00ednez","image":{"@type":"ImageObject","inLanguage":"es-CO","@id":"https:\/\/www.fiscalia.gov.co\/colombia\/#\/schema\/person\/image\/","url":"https:\/\/secure.gravatar.com\/avatar\/ab775a2f394c1b83b6d6f78680e57b50?s=96&d=mm&r=g","contentUrl":"https:\/\/secure.gravatar.com\/avatar\/ab775a2f394c1b83b6d6f78680e57b50?s=96&d=mm&r=g","caption":"Katherine Loaiza Mart\u00ednez"},"url":"https:\/\/www.fiscalia.gov.co\/colombia\/author\/kloaiza\/"}]}},"_links":{"self":[{"href":"https:\/\/www.fiscalia.gov.co\/colombia\/wp-json\/wp\/v2\/posts\/247135","targetHints":{"allow":["GET"]}}],"collection":[{"href":"https:\/\/www.fiscalia.gov.co\/colombia\/wp-json\/wp\/v2\/posts"}],"about":[{"href":"https:\/\/www.fiscalia.gov.co\/colombia\/wp-json\/wp\/v2\/types\/post"}],"author":[{"embeddable":true,"href":"https:\/\/www.fiscalia.gov.co\/colombia\/wp-json\/wp\/v2\/users\/175"}],"replies":[{"embeddable":true,"href":"https:\/\/www.fiscalia.gov.co\/colombia\/wp-json\/wp\/v2\/comments?post=247135"}],"version-history":[{"count":2,"href":"https:\/\/www.fiscalia.gov.co\/colombia\/wp-json\/wp\/v2\/posts\/247135\/revisions"}],"predecessor-version":[{"id":247711,"href":"https:\/\/www.fiscalia.gov.co\/colombia\/wp-json\/wp\/v2\/posts\/247135\/revisions\/247711"}],"wp:featuredmedia":[{"embeddable":true,"href":"https:\/\/www.fiscalia.gov.co\/colombia\/wp-json\/wp\/v2\/media\/247710"}],"wp:attachment":[{"href":"https:\/\/www.fiscalia.gov.co\/colombia\/wp-json\/wp\/v2\/media?parent=247135"}],"wp:term":[{"taxonomy":"category","embeddable":true,"href":"https:\/\/www.fiscalia.gov.co\/colombia\/wp-json\/wp\/v2\/categories?post=247135"},{"taxonomy":"post_tag","embeddable":true,"href":"https:\/\/www.fiscalia.gov.co\/colombia\/wp-json\/wp\/v2\/tags?post=247135"}],"curies":[{"name":"wp","href":"https:\/\/api.w.org\/{rel}","templated":true}]}}