{"id":247131,"date":"2022-04-30T07:25:29","date_gmt":"2022-04-30T12:25:29","guid":{"rendered":"https:\/\/www.fiscalia.gov.co\/colombia\/?p=247131"},"modified":"2022-05-06T15:39:54","modified_gmt":"2022-05-06T20:39:54","slug":"fiscalia-acusa-a-mujer-senalada-de-captar-y-custodiar-a-ninas-que-habrian-sido-abusadas-sexualmente-por-el-exjefe-paramilitar-hernan-giraldo-serna","status":"publish","type":"post","link":"https:\/\/www.fiscalia.gov.co\/colombia\/noticias\/fiscalia-acusa-a-mujer-senalada-de-captar-y-custodiar-a-ninas-que-habrian-sido-abusadas-sexualmente-por-el-exjefe-paramilitar-hernan-giraldo-serna\/","title":{"rendered":"Fiscal\u00eda acusa a mujer se\u00f1alada de captar y custodiar a ni\u00f1as que habr\u00edan sido abusadas sexualmente por el exjefe paramilitar Hern\u00e1n Giraldo Serna"},"content":{"rendered":"<p>Una fiscal de la Direcci\u00f3n Especializada contra las Violaciones a los Derechos Humanos obtuvo declaraciones y otros elementos de prueba que dan cuenta de la posible participaci\u00f3n de Noralba Vasco en las actividades de tipo sexual contra varias menores de edad, que fueron v\u00edctimas del exjefe paramilitar Hern\u00e1n Giraldo Serna, conocido como \u2018El Patr\u00f3n\u2019, \u2018El Viejo\u2019, \u2018Taladro\u2019 o \u2018El Se\u00f1or de la Sierra\u2019.<\/p>\n<p><img loading=\"lazy\" decoding=\"async\" class=\"aligncenter size-full wp-image-247133\" src=\"https:\/\/www.fiscalia.gov.co\/colombia\/wp-content\/uploads\/WhatsApp-Image-2022-04-29-at-9.29.30-PM.jpeg\" alt=\"\" width=\"1280\" height=\"871\" srcset=\"https:\/\/www.fiscalia.gov.co\/colombia\/wp-content\/uploads\/WhatsApp-Image-2022-04-29-at-9.29.30-PM.jpeg 1280w, https:\/\/www.fiscalia.gov.co\/colombia\/wp-content\/uploads\/WhatsApp-Image-2022-04-29-at-9.29.30-PM-300x204.jpeg 300w, https:\/\/www.fiscalia.gov.co\/colombia\/wp-content\/uploads\/WhatsApp-Image-2022-04-29-at-9.29.30-PM-1024x697.jpeg 1024w, https:\/\/www.fiscalia.gov.co\/colombia\/wp-content\/uploads\/WhatsApp-Image-2022-04-29-at-9.29.30-PM-768x523.jpeg 768w, https:\/\/www.fiscalia.gov.co\/colombia\/wp-content\/uploads\/WhatsApp-Image-2022-04-29-at-9.29.30-PM-696x474.jpeg 696w, https:\/\/www.fiscalia.gov.co\/colombia\/wp-content\/uploads\/WhatsApp-Image-2022-04-29-at-9.29.30-PM-1068x727.jpeg 1068w, https:\/\/www.fiscalia.gov.co\/colombia\/wp-content\/uploads\/WhatsApp-Image-2022-04-29-at-9.29.30-PM-617x420.jpeg 617w\" sizes=\"auto, (max-width: 1280px) 100vw, 1280px\" \/><\/p>\n<p>La mujer fue la empleada, cocinera, confidente, amiga y la encargada de custodiar el dinero del entonces cabecilla del mal llamado Bloque Resistencia Tayrona de las extintas AUC. En cumplimiento de esas tareas, al parecer, capt\u00f3, traslad\u00f3 y acogi\u00f3, por lo menos, cuatro ni\u00f1as que fueron sometidas a distintos vej\u00e1menes entre 2005 y 2006.<\/p>\n<p>Esta persona, presuntamente, ubic\u00f3 a las menores de edad, de 11 y 12 a\u00f1os, en corregimientos de Santa Marta (Magdalena) y las llev\u00f3 a las fincas que frecuentaba Giraldo Serna antes de su desmovilizaci\u00f3n, en febrero de 2006. La investigaci\u00f3n da cuenta de que las habr\u00eda persuadido para que accedieran a los prop\u00f3sitos sexuales, y les prove\u00eda ropa y otros elementos para que permanecieran a su lado.<\/p>\n<p>De igual manera, la Fiscal\u00eda constat\u00f3 que los hechos se extendieron mientras el exjefe paramilitar estuvo privado de la libertad luego del proceso de dejaci\u00f3n de armas. Noralba Vasco, supuestamente, llev\u00f3 a las v\u00edctimas a los establecimientos carcelarios y gestion\u00f3 las entradas para que continuaran los encuentros sexuales.<\/p>\n<p>Los registros de las c\u00e1rceles de La Ceja e Itag\u00fc\u00ed (Antioquia), y La Modelo de Barranquilla (Atl\u00e1ntico), donde estuvo Giraldo Serna, evidencian m\u00faltiples ingresos de las ni\u00f1as. La hoy procesada, al parecer, present\u00f3 documentos en los que se hac\u00eda pasar como la mam\u00e1 o indicaba que eran ahijadas del denominado \u2018Se\u00f1or de la Sierra\u2019, entre otras maniobras.<\/p>\n<p>Para la Fiscal\u00eda, Noralba Vasco, presuntamente, sac\u00f3 provecho econ\u00f3mico de las agresiones sexuales contra las menores de edad e incurri\u00f3 en conductas de violencia basadas en g\u00e9nero. En ese sentido, fue acusada por los delitos de trata de personas agravada y explotaci\u00f3n sexual agravada.<\/p>\n<p>Esta mujer permanece privada de la libertad desde mayo de 2021, cuando fue capturada y se le resolvi\u00f3 la situaci\u00f3n jur\u00eddica en atenci\u00f3n a los par\u00e1metros definidos en la Ley 600 de 2000 (anterior Sistema Penal).<\/p>\n<p>Esta informaci\u00f3n se publica por razones de inter\u00e9s general.<\/p>\n<p>JARG\/NCO\/DJR\/DEVDH\/MCRC.<\/p>\n<p>&nbsp;<\/p>\n<div class=\"td-post-content tagdiv-type\">\n<p><em>La informaci\u00f3n contenida en este bolet\u00edn\u00a0de\u00a0prensa corresponde a la narraci\u00f3n\u00a0de\u00a0los hechos noticiosos objetivos, suministrados por los funcionarios encargados\u00a0de\u00a0adelantar las investigaciones penales al interior\u00a0de\u00a0la Fiscal\u00eda General\u00a0de\u00a0la Naci\u00f3n. Para el momento\u00a0de\u00a0la divulgaci\u00f3n\u00a0de\u00a0este comunicado, la situaci\u00f3n jur\u00eddica\u00a0de\u00a0la(s) persona(s) relacionada(s) se encuentra pendiente\u00a0de\u00a0resolver por la autoridad judicial competente, siempre bajo los preceptos\u00a0de\u00a0la presunci\u00f3n\u00a0de\u00a0inocencia, consagrados en el art\u00edculo 29\u00a0de\u00a0la Constituci\u00f3n Pol\u00edtica y el art\u00edculo 7\u00ba\u00a0de\u00a0la Ley 906\u00a0de\u00a02004.<\/em><\/p>\n<\/div>\n<footer>\n<div class=\"td-post-source-tags\"><\/div>\n<div class=\"td-post-sharing-bottom\"><\/div>\n<\/footer>\n\n<div class=\"twitter-share\"><a href=\"https:\/\/twitter.com\/intent\/tweet?via=fiscaliacol\" class=\"twitter-share-button\">Tweet<\/a><\/div>\n","protected":false},"excerpt":{"rendered":"<p>Una fiscal de la Direcci\u00f3n Especializada contra las Violaciones a los Derechos Humanos obtuvo declaraciones y otros elementos de prueba que dan cuenta de la posible participaci\u00f3n de Noralba Vasco en las actividades de tipo sexual contra varias menores de edad, que fueron v\u00edctimas del exjefe paramilitar Hern\u00e1n Giraldo Serna, conocido como \u2018El Patr\u00f3n\u2019, \u2018El [&hellip;]<\/p>\n","protected":false},"author":175,"featured_media":247708,"comment_status":"closed","ping_status":"open","sticky":false,"template":"","format":"video","meta":{"tdm_status":"","tdm_grid_status":"","footnotes":""},"categories":[24102,1],"tags":[24189,24526,5688,31466],"class_list":{"0":"post-247131","1":"post","2":"type-post","3":"status-publish","4":"format-video","5":"has-post-thumbnail","7":"category-derechos-humanos","8":"category-noticias","9":"tag-fiscal-francisco-barbosa-delgado","10":"tag-fiscal-general-francisco-barbosa-delgado","11":"tag-hernan-giraldo-serna","12":"tag-noralba-vasco","13":"post_format-post-format-video"},"yoast_head":"<!-- This site is optimized with the Yoast SEO plugin v24.3 - https:\/\/yoast.com\/wordpress\/plugins\/seo\/ -->\n<title>Fiscal\u00eda General de la Naci\u00f3n<\/title>\n<meta name=\"description\" content=\"P\u00e1gina oficial de la Fiscal\u00eda General de la Naci\u00f3n \u2013 Colombia. Garantizamos el acceso efectivo a la justicia, la verdad y la reparaci\u00f3n de las v\u00edctimas de los delitos.\" \/>\n<meta name=\"robots\" content=\"noindex, follow\" \/>\n<meta property=\"og:locale\" content=\"es_ES\" \/>\n<meta property=\"og:type\" content=\"article\" \/>\n<meta property=\"og:title\" content=\"Fiscal\u00eda General de la Naci\u00f3n\" \/>\n<meta property=\"og:description\" content=\"P\u00e1gina oficial de la Fiscal\u00eda General de la Naci\u00f3n \u2013 Colombia. Garantizamos el acceso efectivo a la justicia, la verdad y la reparaci\u00f3n de las v\u00edctimas de los delitos.\" \/>\n<meta property=\"og:url\" content=\"https:\/\/www.fiscalia.gov.co\/colombia\/noticias\/fiscalia-acusa-a-mujer-senalada-de-captar-y-custodiar-a-ninas-que-habrian-sido-abusadas-sexualmente-por-el-exjefe-paramilitar-hernan-giraldo-serna\/\" \/>\n<meta property=\"og:site_name\" content=\"Fiscal\u00eda General de la Naci\u00f3n\" \/>\n<meta property=\"article:publisher\" content=\"https:\/\/www.facebook.com\/FiscaliaCol\" \/>\n<meta property=\"article:published_time\" content=\"2022-04-30T12:25:29+00:00\" \/>\n<meta property=\"article:modified_time\" content=\"2022-05-06T20:39:54+00:00\" \/>\n<meta property=\"og:image\" content=\"https:\/\/www.fiscalia.gov.co\/colombia\/wp-content\/uploads\/maxresdefault-455.jpg\" \/>\n\t<meta property=\"og:image:width\" content=\"1280\" \/>\n\t<meta property=\"og:image:height\" content=\"720\" \/>\n\t<meta property=\"og:image:type\" content=\"image\/jpeg\" \/>\n<meta name=\"author\" content=\"Katherine Loaiza Mart\u00ednez\" \/>\n<meta name=\"twitter:card\" content=\"summary_large_image\" \/>\n<meta name=\"twitter:creator\" content=\"@FiscaliaCol\" \/>\n<meta name=\"twitter:site\" content=\"@FiscaliaCol\" \/>\n<meta name=\"twitter:label1\" content=\"Escrito por\" \/>\n\t<meta name=\"twitter:data1\" content=\"Katherine Loaiza Mart\u00ednez\" \/>\n\t<meta name=\"twitter:label2\" content=\"Tiempo de lectura\" \/>\n\t<meta name=\"twitter:data2\" content=\"3 minutos\" \/>\n<script type=\"application\/ld+json\" class=\"yoast-schema-graph\">{\"@context\":\"https:\/\/schema.org\",\"@graph\":[{\"@type\":\"Article\",\"@id\":\"https:\/\/www.fiscalia.gov.co\/colombia\/noticias\/fiscalia-acusa-a-mujer-senalada-de-captar-y-custodiar-a-ninas-que-habrian-sido-abusadas-sexualmente-por-el-exjefe-paramilitar-hernan-giraldo-serna\/#article\",\"isPartOf\":{\"@id\":\"https:\/\/www.fiscalia.gov.co\/colombia\/noticias\/fiscalia-acusa-a-mujer-senalada-de-captar-y-custodiar-a-ninas-que-habrian-sido-abusadas-sexualmente-por-el-exjefe-paramilitar-hernan-giraldo-serna\/\"},\"author\":{\"name\":\"Katherine Loaiza Mart\u00ednez\",\"@id\":\"https:\/\/www.fiscalia.gov.co\/colombia\/#\/schema\/person\/2e76b9aba5ecf875ed565ce4de0e0415\"},\"headline\":\"Fiscal\u00eda acusa a mujer se\u00f1alada de captar y custodiar a ni\u00f1as que habr\u00edan sido abusadas sexualmente por el exjefe paramilitar Hern\u00e1n Giraldo Serna\",\"datePublished\":\"2022-04-30T12:25:29+00:00\",\"dateModified\":\"2022-05-06T20:39:54+00:00\",\"mainEntityOfPage\":{\"@id\":\"https:\/\/www.fiscalia.gov.co\/colombia\/noticias\/fiscalia-acusa-a-mujer-senalada-de-captar-y-custodiar-a-ninas-que-habrian-sido-abusadas-sexualmente-por-el-exjefe-paramilitar-hernan-giraldo-serna\/\"},\"wordCount\":539,\"publisher\":{\"@id\":\"https:\/\/www.fiscalia.gov.co\/colombia\/#organization\"},\"image\":{\"@id\":\"https:\/\/www.fiscalia.gov.co\/colombia\/noticias\/fiscalia-acusa-a-mujer-senalada-de-captar-y-custodiar-a-ninas-que-habrian-sido-abusadas-sexualmente-por-el-exjefe-paramilitar-hernan-giraldo-serna\/#primaryimage\"},\"thumbnailUrl\":\"https:\/\/www.fiscalia.gov.co\/colombia\/wp-content\/uploads\/maxresdefault-455.jpg\",\"keywords\":[\"Fiscal Francisco Barbosa Delgado\",\"Fiscal General Francisco Barbosa Delgado\",\"Hern\u00e1n Giraldo Serna\",\"Noralba Vasco\"],\"articleSection\":[\"Derechos Humanos\",\"Noticias\"],\"inLanguage\":\"es-CO\"},{\"@type\":\"WebPage\",\"@id\":\"https:\/\/www.fiscalia.gov.co\/colombia\/noticias\/fiscalia-acusa-a-mujer-senalada-de-captar-y-custodiar-a-ninas-que-habrian-sido-abusadas-sexualmente-por-el-exjefe-paramilitar-hernan-giraldo-serna\/\",\"url\":\"https:\/\/www.fiscalia.gov.co\/colombia\/noticias\/fiscalia-acusa-a-mujer-senalada-de-captar-y-custodiar-a-ninas-que-habrian-sido-abusadas-sexualmente-por-el-exjefe-paramilitar-hernan-giraldo-serna\/\",\"name\":\"Fiscal\u00eda General de la Naci\u00f3n\",\"isPartOf\":{\"@id\":\"https:\/\/www.fiscalia.gov.co\/colombia\/#website\"},\"primaryImageOfPage\":{\"@id\":\"https:\/\/www.fiscalia.gov.co\/colombia\/noticias\/fiscalia-acusa-a-mujer-senalada-de-captar-y-custodiar-a-ninas-que-habrian-sido-abusadas-sexualmente-por-el-exjefe-paramilitar-hernan-giraldo-serna\/#primaryimage\"},\"image\":{\"@id\":\"https:\/\/www.fiscalia.gov.co\/colombia\/noticias\/fiscalia-acusa-a-mujer-senalada-de-captar-y-custodiar-a-ninas-que-habrian-sido-abusadas-sexualmente-por-el-exjefe-paramilitar-hernan-giraldo-serna\/#primaryimage\"},\"thumbnailUrl\":\"https:\/\/www.fiscalia.gov.co\/colombia\/wp-content\/uploads\/maxresdefault-455.jpg\",\"datePublished\":\"2022-04-30T12:25:29+00:00\",\"dateModified\":\"2022-05-06T20:39:54+00:00\",\"description\":\"P\u00e1gina oficial de la Fiscal\u00eda General de la Naci\u00f3n \u2013 Colombia. Garantizamos el acceso efectivo a la justicia, la verdad y la reparaci\u00f3n de las v\u00edctimas de los delitos.\",\"breadcrumb\":{\"@id\":\"https:\/\/www.fiscalia.gov.co\/colombia\/noticias\/fiscalia-acusa-a-mujer-senalada-de-captar-y-custodiar-a-ninas-que-habrian-sido-abusadas-sexualmente-por-el-exjefe-paramilitar-hernan-giraldo-serna\/#breadcrumb\"},\"inLanguage\":\"es-CO\",\"potentialAction\":[{\"@type\":\"ReadAction\",\"target\":[\"https:\/\/www.fiscalia.gov.co\/colombia\/noticias\/fiscalia-acusa-a-mujer-senalada-de-captar-y-custodiar-a-ninas-que-habrian-sido-abusadas-sexualmente-por-el-exjefe-paramilitar-hernan-giraldo-serna\/\"]}]},{\"@type\":\"ImageObject\",\"inLanguage\":\"es-CO\",\"@id\":\"https:\/\/www.fiscalia.gov.co\/colombia\/noticias\/fiscalia-acusa-a-mujer-senalada-de-captar-y-custodiar-a-ninas-que-habrian-sido-abusadas-sexualmente-por-el-exjefe-paramilitar-hernan-giraldo-serna\/#primaryimage\",\"url\":\"https:\/\/www.fiscalia.gov.co\/colombia\/wp-content\/uploads\/maxresdefault-455.jpg\",\"contentUrl\":\"https:\/\/www.fiscalia.gov.co\/colombia\/wp-content\/uploads\/maxresdefault-455.jpg\",\"width\":1280,\"height\":720},{\"@type\":\"BreadcrumbList\",\"@id\":\"https:\/\/www.fiscalia.gov.co\/colombia\/noticias\/fiscalia-acusa-a-mujer-senalada-de-captar-y-custodiar-a-ninas-que-habrian-sido-abusadas-sexualmente-por-el-exjefe-paramilitar-hernan-giraldo-serna\/#breadcrumb\",\"itemListElement\":[{\"@type\":\"ListItem\",\"position\":1,\"name\":\"Home\",\"item\":\"https:\/\/www.fiscalia.gov.co\/colombia\/\"},{\"@type\":\"ListItem\",\"position\":2,\"name\":\"Fiscal\u00eda acusa a mujer se\u00f1alada de captar y custodiar a ni\u00f1as que habr\u00edan sido abusadas sexualmente por el exjefe paramilitar Hern\u00e1n Giraldo Serna\"}]},{\"@type\":\"WebSite\",\"@id\":\"https:\/\/www.fiscalia.gov.co\/colombia\/#website\",\"url\":\"https:\/\/www.fiscalia.gov.co\/colombia\/\",\"name\":\"Fiscal\u00eda General de la Naci\u00f3n\",\"description\":\"P\u00e1gina oficial de la Fiscal\u00eda General de la Naci\u00f3n \u2013 Colombia. Garantizamos el acceso efectivo a la justicia, la verdad y la reparaci\u00f3n de las v\u00edctimas de los delitos.\",\"publisher\":{\"@id\":\"https:\/\/www.fiscalia.gov.co\/colombia\/#organization\"},\"potentialAction\":[{\"@type\":\"SearchAction\",\"target\":{\"@type\":\"EntryPoint\",\"urlTemplate\":\"https:\/\/www.fiscalia.gov.co\/colombia\/?s={search_term_string}\"},\"query-input\":{\"@type\":\"PropertyValueSpecification\",\"valueRequired\":true,\"valueName\":\"search_term_string\"}}],\"inLanguage\":\"es-CO\"},{\"@type\":\"Organization\",\"@id\":\"https:\/\/www.fiscalia.gov.co\/colombia\/#organization\",\"name\":\"Fiscal\u00eda General de la Naci\u00f3n\",\"url\":\"https:\/\/www.fiscalia.gov.co\/colombia\/\",\"logo\":{\"@type\":\"ImageObject\",\"inLanguage\":\"es-CO\",\"@id\":\"https:\/\/www.fiscalia.gov.co\/colombia\/#\/schema\/logo\/image\/\",\"url\":\"https:\/\/www.fiscalia.gov.co\/colombia\/wp-content\/uploads\/LogoHorizontal_1.jpg\",\"contentUrl\":\"https:\/\/www.fiscalia.gov.co\/colombia\/wp-content\/uploads\/LogoHorizontal_1.jpg\",\"width\":300,\"height\":90,\"caption\":\"Fiscal\u00eda General de la Naci\u00f3n\"},\"image\":{\"@id\":\"https:\/\/www.fiscalia.gov.co\/colombia\/#\/schema\/logo\/image\/\"},\"sameAs\":[\"https:\/\/www.facebook.com\/FiscaliaCol\",\"https:\/\/x.com\/FiscaliaCol\",\"https:\/\/www.instagram.com\/fiscaliacol\",\"https:\/\/www.linkedin.com\/company\/fiscalia-general-de-la-naci-n\/\",\"https:\/\/youtube.com\/@fiscaliageneraldelanacion-4668?si=6nN79nyQICPU5iTh\"]},{\"@type\":\"Person\",\"@id\":\"https:\/\/www.fiscalia.gov.co\/colombia\/#\/schema\/person\/2e76b9aba5ecf875ed565ce4de0e0415\",\"name\":\"Katherine Loaiza Mart\u00ednez\",\"image\":{\"@type\":\"ImageObject\",\"inLanguage\":\"es-CO\",\"@id\":\"https:\/\/www.fiscalia.gov.co\/colombia\/#\/schema\/person\/image\/\",\"url\":\"https:\/\/secure.gravatar.com\/avatar\/ab775a2f394c1b83b6d6f78680e57b50?s=96&d=mm&r=g\",\"contentUrl\":\"https:\/\/secure.gravatar.com\/avatar\/ab775a2f394c1b83b6d6f78680e57b50?s=96&d=mm&r=g\",\"caption\":\"Katherine Loaiza Mart\u00ednez\"},\"url\":\"https:\/\/www.fiscalia.gov.co\/colombia\/author\/kloaiza\/\"}]}<\/script>\n<!-- \/ Yoast SEO plugin. -->","yoast_head_json":{"title":"Fiscal\u00eda General de la Naci\u00f3n","description":"P\u00e1gina oficial de la Fiscal\u00eda General de la Naci\u00f3n \u2013 Colombia. Garantizamos el acceso efectivo a la justicia, la verdad y la reparaci\u00f3n de las v\u00edctimas de los delitos.","robots":{"index":"noindex","follow":"follow"},"og_locale":"es_ES","og_type":"article","og_title":"Fiscal\u00eda General de la Naci\u00f3n","og_description":"P\u00e1gina oficial de la Fiscal\u00eda General de la Naci\u00f3n \u2013 Colombia. Garantizamos el acceso efectivo a la justicia, la verdad y la reparaci\u00f3n de las v\u00edctimas de los delitos.","og_url":"https:\/\/www.fiscalia.gov.co\/colombia\/noticias\/fiscalia-acusa-a-mujer-senalada-de-captar-y-custodiar-a-ninas-que-habrian-sido-abusadas-sexualmente-por-el-exjefe-paramilitar-hernan-giraldo-serna\/","og_site_name":"Fiscal\u00eda General de la Naci\u00f3n","article_publisher":"https:\/\/www.facebook.com\/FiscaliaCol","article_published_time":"2022-04-30T12:25:29+00:00","article_modified_time":"2022-05-06T20:39:54+00:00","og_image":[{"width":1280,"height":720,"url":"https:\/\/www.fiscalia.gov.co\/colombia\/wp-content\/uploads\/maxresdefault-455.jpg","type":"image\/jpeg"}],"author":"Katherine Loaiza Mart\u00ednez","twitter_card":"summary_large_image","twitter_creator":"@FiscaliaCol","twitter_site":"@FiscaliaCol","twitter_misc":{"Escrito por":"Katherine Loaiza Mart\u00ednez","Tiempo de lectura":"3 minutos"},"schema":{"@context":"https:\/\/schema.org","@graph":[{"@type":"Article","@id":"https:\/\/www.fiscalia.gov.co\/colombia\/noticias\/fiscalia-acusa-a-mujer-senalada-de-captar-y-custodiar-a-ninas-que-habrian-sido-abusadas-sexualmente-por-el-exjefe-paramilitar-hernan-giraldo-serna\/#article","isPartOf":{"@id":"https:\/\/www.fiscalia.gov.co\/colombia\/noticias\/fiscalia-acusa-a-mujer-senalada-de-captar-y-custodiar-a-ninas-que-habrian-sido-abusadas-sexualmente-por-el-exjefe-paramilitar-hernan-giraldo-serna\/"},"author":{"name":"Katherine Loaiza Mart\u00ednez","@id":"https:\/\/www.fiscalia.gov.co\/colombia\/#\/schema\/person\/2e76b9aba5ecf875ed565ce4de0e0415"},"headline":"Fiscal\u00eda acusa a mujer se\u00f1alada de captar y custodiar a ni\u00f1as que habr\u00edan sido abusadas sexualmente por el exjefe paramilitar Hern\u00e1n Giraldo Serna","datePublished":"2022-04-30T12:25:29+00:00","dateModified":"2022-05-06T20:39:54+00:00","mainEntityOfPage":{"@id":"https:\/\/www.fiscalia.gov.co\/colombia\/noticias\/fiscalia-acusa-a-mujer-senalada-de-captar-y-custodiar-a-ninas-que-habrian-sido-abusadas-sexualmente-por-el-exjefe-paramilitar-hernan-giraldo-serna\/"},"wordCount":539,"publisher":{"@id":"https:\/\/www.fiscalia.gov.co\/colombia\/#organization"},"image":{"@id":"https:\/\/www.fiscalia.gov.co\/colombia\/noticias\/fiscalia-acusa-a-mujer-senalada-de-captar-y-custodiar-a-ninas-que-habrian-sido-abusadas-sexualmente-por-el-exjefe-paramilitar-hernan-giraldo-serna\/#primaryimage"},"thumbnailUrl":"https:\/\/www.fiscalia.gov.co\/colombia\/wp-content\/uploads\/maxresdefault-455.jpg","keywords":["Fiscal Francisco Barbosa Delgado","Fiscal General Francisco Barbosa Delgado","Hern\u00e1n Giraldo Serna","Noralba Vasco"],"articleSection":["Derechos Humanos","Noticias"],"inLanguage":"es-CO"},{"@type":"WebPage","@id":"https:\/\/www.fiscalia.gov.co\/colombia\/noticias\/fiscalia-acusa-a-mujer-senalada-de-captar-y-custodiar-a-ninas-que-habrian-sido-abusadas-sexualmente-por-el-exjefe-paramilitar-hernan-giraldo-serna\/","url":"https:\/\/www.fiscalia.gov.co\/colombia\/noticias\/fiscalia-acusa-a-mujer-senalada-de-captar-y-custodiar-a-ninas-que-habrian-sido-abusadas-sexualmente-por-el-exjefe-paramilitar-hernan-giraldo-serna\/","name":"Fiscal\u00eda General de la Naci\u00f3n","isPartOf":{"@id":"https:\/\/www.fiscalia.gov.co\/colombia\/#website"},"primaryImageOfPage":{"@id":"https:\/\/www.fiscalia.gov.co\/colombia\/noticias\/fiscalia-acusa-a-mujer-senalada-de-captar-y-custodiar-a-ninas-que-habrian-sido-abusadas-sexualmente-por-el-exjefe-paramilitar-hernan-giraldo-serna\/#primaryimage"},"image":{"@id":"https:\/\/www.fiscalia.gov.co\/colombia\/noticias\/fiscalia-acusa-a-mujer-senalada-de-captar-y-custodiar-a-ninas-que-habrian-sido-abusadas-sexualmente-por-el-exjefe-paramilitar-hernan-giraldo-serna\/#primaryimage"},"thumbnailUrl":"https:\/\/www.fiscalia.gov.co\/colombia\/wp-content\/uploads\/maxresdefault-455.jpg","datePublished":"2022-04-30T12:25:29+00:00","dateModified":"2022-05-06T20:39:54+00:00","description":"P\u00e1gina oficial de la Fiscal\u00eda General de la Naci\u00f3n \u2013 Colombia. Garantizamos el acceso efectivo a la justicia, la verdad y la reparaci\u00f3n de las v\u00edctimas de los delitos.","breadcrumb":{"@id":"https:\/\/www.fiscalia.gov.co\/colombia\/noticias\/fiscalia-acusa-a-mujer-senalada-de-captar-y-custodiar-a-ninas-que-habrian-sido-abusadas-sexualmente-por-el-exjefe-paramilitar-hernan-giraldo-serna\/#breadcrumb"},"inLanguage":"es-CO","potentialAction":[{"@type":"ReadAction","target":["https:\/\/www.fiscalia.gov.co\/colombia\/noticias\/fiscalia-acusa-a-mujer-senalada-de-captar-y-custodiar-a-ninas-que-habrian-sido-abusadas-sexualmente-por-el-exjefe-paramilitar-hernan-giraldo-serna\/"]}]},{"@type":"ImageObject","inLanguage":"es-CO","@id":"https:\/\/www.fiscalia.gov.co\/colombia\/noticias\/fiscalia-acusa-a-mujer-senalada-de-captar-y-custodiar-a-ninas-que-habrian-sido-abusadas-sexualmente-por-el-exjefe-paramilitar-hernan-giraldo-serna\/#primaryimage","url":"https:\/\/www.fiscalia.gov.co\/colombia\/wp-content\/uploads\/maxresdefault-455.jpg","contentUrl":"https:\/\/www.fiscalia.gov.co\/colombia\/wp-content\/uploads\/maxresdefault-455.jpg","width":1280,"height":720},{"@type":"BreadcrumbList","@id":"https:\/\/www.fiscalia.gov.co\/colombia\/noticias\/fiscalia-acusa-a-mujer-senalada-de-captar-y-custodiar-a-ninas-que-habrian-sido-abusadas-sexualmente-por-el-exjefe-paramilitar-hernan-giraldo-serna\/#breadcrumb","itemListElement":[{"@type":"ListItem","position":1,"name":"Home","item":"https:\/\/www.fiscalia.gov.co\/colombia\/"},{"@type":"ListItem","position":2,"name":"Fiscal\u00eda acusa a mujer se\u00f1alada de captar y custodiar a ni\u00f1as que habr\u00edan sido abusadas sexualmente por el exjefe paramilitar Hern\u00e1n Giraldo Serna"}]},{"@type":"WebSite","@id":"https:\/\/www.fiscalia.gov.co\/colombia\/#website","url":"https:\/\/www.fiscalia.gov.co\/colombia\/","name":"Fiscal\u00eda General de la Naci\u00f3n","description":"P\u00e1gina oficial de la Fiscal\u00eda General de la Naci\u00f3n \u2013 Colombia. Garantizamos el acceso efectivo a la justicia, la verdad y la reparaci\u00f3n de las v\u00edctimas de los delitos.","publisher":{"@id":"https:\/\/www.fiscalia.gov.co\/colombia\/#organization"},"potentialAction":[{"@type":"SearchAction","target":{"@type":"EntryPoint","urlTemplate":"https:\/\/www.fiscalia.gov.co\/colombia\/?s={search_term_string}"},"query-input":{"@type":"PropertyValueSpecification","valueRequired":true,"valueName":"search_term_string"}}],"inLanguage":"es-CO"},{"@type":"Organization","@id":"https:\/\/www.fiscalia.gov.co\/colombia\/#organization","name":"Fiscal\u00eda General de la Naci\u00f3n","url":"https:\/\/www.fiscalia.gov.co\/colombia\/","logo":{"@type":"ImageObject","inLanguage":"es-CO","@id":"https:\/\/www.fiscalia.gov.co\/colombia\/#\/schema\/logo\/image\/","url":"https:\/\/www.fiscalia.gov.co\/colombia\/wp-content\/uploads\/LogoHorizontal_1.jpg","contentUrl":"https:\/\/www.fiscalia.gov.co\/colombia\/wp-content\/uploads\/LogoHorizontal_1.jpg","width":300,"height":90,"caption":"Fiscal\u00eda General de la Naci\u00f3n"},"image":{"@id":"https:\/\/www.fiscalia.gov.co\/colombia\/#\/schema\/logo\/image\/"},"sameAs":["https:\/\/www.facebook.com\/FiscaliaCol","https:\/\/x.com\/FiscaliaCol","https:\/\/www.instagram.com\/fiscaliacol","https:\/\/www.linkedin.com\/company\/fiscalia-general-de-la-naci-n\/","https:\/\/youtube.com\/@fiscaliageneraldelanacion-4668?si=6nN79nyQICPU5iTh"]},{"@type":"Person","@id":"https:\/\/www.fiscalia.gov.co\/colombia\/#\/schema\/person\/2e76b9aba5ecf875ed565ce4de0e0415","name":"Katherine Loaiza Mart\u00ednez","image":{"@type":"ImageObject","inLanguage":"es-CO","@id":"https:\/\/www.fiscalia.gov.co\/colombia\/#\/schema\/person\/image\/","url":"https:\/\/secure.gravatar.com\/avatar\/ab775a2f394c1b83b6d6f78680e57b50?s=96&d=mm&r=g","contentUrl":"https:\/\/secure.gravatar.com\/avatar\/ab775a2f394c1b83b6d6f78680e57b50?s=96&d=mm&r=g","caption":"Katherine Loaiza Mart\u00ednez"},"url":"https:\/\/www.fiscalia.gov.co\/colombia\/author\/kloaiza\/"}]}},"_links":{"self":[{"href":"https:\/\/www.fiscalia.gov.co\/colombia\/wp-json\/wp\/v2\/posts\/247131","targetHints":{"allow":["GET"]}}],"collection":[{"href":"https:\/\/www.fiscalia.gov.co\/colombia\/wp-json\/wp\/v2\/posts"}],"about":[{"href":"https:\/\/www.fiscalia.gov.co\/colombia\/wp-json\/wp\/v2\/types\/post"}],"author":[{"embeddable":true,"href":"https:\/\/www.fiscalia.gov.co\/colombia\/wp-json\/wp\/v2\/users\/175"}],"replies":[{"embeddable":true,"href":"https:\/\/www.fiscalia.gov.co\/colombia\/wp-json\/wp\/v2\/comments?post=247131"}],"version-history":[{"count":3,"href":"https:\/\/www.fiscalia.gov.co\/colombia\/wp-json\/wp\/v2\/posts\/247131\/revisions"}],"predecessor-version":[{"id":247709,"href":"https:\/\/www.fiscalia.gov.co\/colombia\/wp-json\/wp\/v2\/posts\/247131\/revisions\/247709"}],"wp:featuredmedia":[{"embeddable":true,"href":"https:\/\/www.fiscalia.gov.co\/colombia\/wp-json\/wp\/v2\/media\/247708"}],"wp:attachment":[{"href":"https:\/\/www.fiscalia.gov.co\/colombia\/wp-json\/wp\/v2\/media?parent=247131"}],"wp:term":[{"taxonomy":"category","embeddable":true,"href":"https:\/\/www.fiscalia.gov.co\/colombia\/wp-json\/wp\/v2\/categories?post=247131"},{"taxonomy":"post_tag","embeddable":true,"href":"https:\/\/www.fiscalia.gov.co\/colombia\/wp-json\/wp\/v2\/tags?post=247131"}],"curies":[{"name":"wp","href":"https:\/\/api.w.org\/{rel}","templated":true}]}}