{"id":247036,"date":"2022-04-28T16:18:47","date_gmt":"2022-04-28T21:18:47","guid":{"rendered":"https:\/\/www.fiscalia.gov.co\/colombia\/?p=247036"},"modified":"2022-04-28T16:18:47","modified_gmt":"2022-04-28T21:18:47","slug":"el-programa-futuro-colombia-ha-llegado-a-mas-de-cuatro-mil-personas-en-el-departamento-de-bolivar","status":"publish","type":"post","link":"https:\/\/www.fiscalia.gov.co\/colombia\/noticias\/el-programa-futuro-colombia-ha-llegado-a-mas-de-cuatro-mil-personas-en-el-departamento-de-bolivar\/","title":{"rendered":"El programa Futuro Colombia ha llegado a m\u00e1s de cuatro mil personas en el departamento de Bol\u00edvar\u00a0"},"content":{"rendered":"<p>La Fiscal\u00eda General de la Naci\u00f3n, adem\u00e1s de investigar y acusar a quienes se presume ha cometido alg\u00fan delito, tambi\u00e9n est\u00e1 orientada a prevenir las conductas punibles y para ello implementa estrategias de prevenci\u00f3n integral a nivel social, comunitario e individual.<\/p>\n<p>Esta importante tarea dentro de la entidad, se encuentra a cargo del Programa Futuro Colombia que tiene cobertura en todo el pa\u00eds y que est\u00e1 enfocado b\u00e1sicamente en promover el acceso a la justicia a partir del contacto directo con la poblaci\u00f3n.<\/p>\n<p>En el departamento de Bol\u00edvar son muchas las actividades que durante el 2022 este programa ha realizado. Charlas de sensibilizaci\u00f3n sobre violencia sexual, riesgos digitales, responsabilidad penal para adolescentes y violencia intrafamiliar, han sido algunas de estas tareas a lo largo de estos primeros cuatro meses.<\/p>\n<p>Casi cinco mil personas, entre estudiantes de colegio (ni\u00f1os, ni\u00f1as y adolescentes), docentes, padres de familia y la comunidad en general en Cartagena, el municipio de Arjona y la zona insular (Islas del Rosario, Ca\u00f1o del Oro y\u00a0Punta Arena) han sido beneficiados con los objetivos de prevenci\u00f3n que el programa propone en sus diferentes tem\u00e1ticas de cara a generar una cultura de legalidad.<\/p>\n<p>La actividad m\u00e1s reciente, con ocasi\u00f3n del D\u00eda del Ni\u00f1o fue realizada en una instituci\u00f3n educativa de la Isla del Rosario, y se dio en alianza con la Asociaci\u00f3n Comunitaria Nacidos con un Prop\u00f3sito donde, aproximadamente, se encontraron 300 personas para recibir informaci\u00f3n acerca de c\u00f3mo conocer cuando una actividad o acci\u00f3n configura un delito, aprender a reconocer si se est\u00e1 siendo v\u00edctimas de alguno de estos comportamientos; y a motivar a la ciudadan\u00eda a denunciar cuando haya lugar a ello.<\/p>\n<p>Igualmente, se ha implementado la Ruta del Ni\u00f1o, contemplado en el direccionamiento estrat\u00e9gico 2020 \u2013 2024 propuesto por el Fiscal General de la Naci\u00f3n, Francisco Barbosa Delgado. Esta busca crear espacios de acercamiento con la comunidad para generar acciones que mitiguen los delitos en los que est\u00e9n involucrados los menores de edad.<\/p>\n<p>Este programa de la Fiscal\u00eda tambi\u00e9n ha impulsado la campa\u00f1a \u2018Mi Voz y Mis Derechos Cuentan\u2019 que apuntan a la prevenci\u00f3n espec\u00edficamente de los delitos sexuales y violencia intrafamiliar. Esta estrategia se ha extendido a diferentes poblaciones del departamento de Bol\u00edvar, especialmente en dos colegios priorizados por la entidad.<\/p>\n<p>La entidad entreg\u00f3 m\u00e1s de 40 kits con cuentos para colorear, platos, vasos, individuales de mesa, juegos did\u00e1cticos, cartucheras, colores y relojes familiar, entre otros, a igual n\u00famero de familias priorizadas.<\/p>\n<p>En cada evento el Programa Futuro Colombia le recuerda a la poblaci\u00f3n los canales de atenci\u00f3n que ofrece la instituci\u00f3n como lo son la l\u00ednea 122, a trav\u00e9s de la cual se pueden podr\u00e1n realizar las denuncias.<\/p>\n<p>De esta manera la Fiscal\u00eda hace presencia \u2018En la calle y en los territorios\u2019, siempre\u00a0habl\u00e1ndole a los colombianos con resultados.<\/p>\n<p><em><b><span lang=\"ES\">Le puede interesar:<\/span><\/b><\/em><\/p>\n<p><a href=\"https:\/\/www.fiscalia.gov.co\/colombia\/noticias\/fiscalia-adelanta-la-campana-todos-contra-la-cibercriminalidad-en-santander\/\" target=\"_blank\" rel=\"noopener noreferrer\" data-saferedirecturl=\"https:\/\/www.google.com\/url?q=https:\/\/www.fiscalia.gov.co\/colombia\/noticias\/fiscalia-adelanta-la-campana-todos-contra-la-cibercriminalidad-en-santander\/&amp;source=gmail&amp;ust=1651266500678000&amp;usg=AOvVaw2zozQrHl1avKAa4cm2kuFg\">Fiscal\u00eda adelanta la campa\u00f1a \u2018Todos contra la cibercriminalidad\u2019 en Santander<\/a><\/p>\n<p><a title=\"Taller de prevenci\u00f3n de riesgos digitales y ciberacoso\" href=\"https:\/\/www.fiscalia.gov.co\/colombia\/evento\/taller-de-prevencion-de-riesgos-digitales-y-ciberacoso-4\/\" target=\"_blank\" rel=\"noopener noreferrer\" data-saferedirecturl=\"https:\/\/www.google.com\/url?q=https:\/\/www.fiscalia.gov.co\/colombia\/evento\/taller-de-prevencion-de-riesgos-digitales-y-ciberacoso-4\/&amp;source=gmail&amp;ust=1651266500678000&amp;usg=AOvVaw3cg_8PH2PWMzsoYoPhL8Ft\">Taller de prevenci\u00f3n de riesgos digitales y ciberacoso<\/a><\/p>\n<p>&nbsp;<\/p>\n<p>&nbsp;<\/p>\n<p>DSB\/MEVA\/MAGA\/AM<\/p>\n<p>&nbsp;<\/p>\n<p>&nbsp;<\/p>\n<p><em><span lang=\"ES\">La informaci\u00f3n contenida en este bolet\u00edn de prensa corresponde a la narraci\u00f3n de los hechos noticiosos objetivos, suministrados por los funcionarios encargados de adelantar las investigaciones penales al interior de la Fiscal\u00eda General de la Naci\u00f3n. Para el momento de la divulgaci\u00f3n de este comunicado, la situaci\u00f3n jur\u00eddica de la(s) persona(s) relacionada(s) se encuentra pendiente de resolver por la autoridad judicial competente, siempre bajo los preceptos de la presunci\u00f3n de inocencia, consagrados en el art\u00edculo 29 de la Constituci\u00f3n Pol\u00edtica y el art\u00edculo 7\u00ba de la Ley 906 de 2004.<\/span><\/em><\/p>\n\n<div class=\"twitter-share\"><a href=\"https:\/\/twitter.com\/intent\/tweet?via=fiscaliacol\" class=\"twitter-share-button\">Tweet<\/a><\/div>\n","protected":false},"excerpt":{"rendered":"<p>La Fiscal\u00eda General de la Naci\u00f3n, adem\u00e1s de investigar y acusar a quienes se presume ha cometido alg\u00fan delito, tambi\u00e9n est\u00e1 orientada a prevenir las conductas punibles y para ello implementa estrategias de prevenci\u00f3n integral a nivel social, comunitario e individual. Esta importante tarea dentro de la entidad, se encuentra a cargo del Programa Futuro [&hellip;]<\/p>\n","protected":false},"author":177,"featured_media":0,"comment_status":"closed","ping_status":"open","sticky":false,"template":"","format":"standard","meta":{"_price":"","_stock":"","_tribe_ticket_header":"","_tribe_default_ticket_provider":"","_tribe_ticket_capacity":"0","_ticket_start_date":"","_ticket_end_date":"","_tribe_ticket_show_description":"","_tribe_ticket_show_not_going":false,"_tribe_ticket_use_global_stock":"","_tribe_ticket_global_stock_level":"","_global_stock_mode":"","_global_stock_cap":"","_tribe_rsvp_for_event":"","_tribe_ticket_going_count":"","_tribe_ticket_not_going_count":"","_tribe_tickets_list":"[]","_tribe_ticket_has_attendee_info_fields":false,"tdm_status":"","tdm_grid_status":"","footnotes":""},"categories":[1,325,303],"tags":[9082,4345,24185,24188,24187,1047,4011,7592],"class_list":{"0":"post-247036","1":"post","2":"type-post","3":"status-publish","4":"format-standard","6":"category-noticias","7":"category-seccional-cartagena","8":"category-seccionales","9":"tag-bolivar","10":"tag-delitos","11":"tag-fiscal-barbosa","12":"tag-fiscal-francisco-barbosa","13":"tag-fiscalia-colombia","14":"tag-fiscalia-general-de-la-nacion","15":"tag-futuro-colombia","16":"tag-prevencion"},"yoast_head":"<!-- This site is optimized with the Yoast SEO plugin v24.3 - https:\/\/yoast.com\/wordpress\/plugins\/seo\/ -->\n<title>Fiscal\u00eda General de la Naci\u00f3n<\/title>\n<meta name=\"description\" content=\"P\u00e1gina oficial de la Fiscal\u00eda General de la Naci\u00f3n \u2013 Colombia. Garantizamos el acceso efectivo a la justicia, la verdad y la reparaci\u00f3n de las v\u00edctimas de los delitos.\" \/>\n<meta name=\"robots\" content=\"noindex, follow\" \/>\n<meta property=\"og:locale\" content=\"es_ES\" \/>\n<meta property=\"og:type\" content=\"article\" \/>\n<meta property=\"og:title\" content=\"Fiscal\u00eda General de la Naci\u00f3n\" \/>\n<meta property=\"og:description\" content=\"P\u00e1gina oficial de la Fiscal\u00eda General de la Naci\u00f3n \u2013 Colombia. Garantizamos el acceso efectivo a la justicia, la verdad y la reparaci\u00f3n de las v\u00edctimas de los delitos.\" \/>\n<meta property=\"og:url\" content=\"https:\/\/www.fiscalia.gov.co\/colombia\/noticias\/el-programa-futuro-colombia-ha-llegado-a-mas-de-cuatro-mil-personas-en-el-departamento-de-bolivar\/\" \/>\n<meta property=\"og:site_name\" content=\"Fiscal\u00eda General de la Naci\u00f3n\" \/>\n<meta property=\"article:publisher\" content=\"https:\/\/www.facebook.com\/FiscaliaCol\" \/>\n<meta property=\"article:published_time\" content=\"2022-04-28T21:18:47+00:00\" \/>\n<meta name=\"author\" content=\"Jordan Leandro Oviedo Anzola\" \/>\n<meta name=\"twitter:card\" content=\"summary_large_image\" \/>\n<meta name=\"twitter:creator\" content=\"@FiscaliaCol\" \/>\n<meta name=\"twitter:site\" content=\"@FiscaliaCol\" \/>\n<meta name=\"twitter:label1\" content=\"Escrito por\" \/>\n\t<meta name=\"twitter:data1\" content=\"Jordan Leandro Oviedo Anzola\" \/>\n\t<meta name=\"twitter:label2\" content=\"Tiempo de lectura\" \/>\n\t<meta name=\"twitter:data2\" content=\"3 minutos\" \/>\n<script type=\"application\/ld+json\" class=\"yoast-schema-graph\">{\"@context\":\"https:\/\/schema.org\",\"@graph\":[{\"@type\":\"Article\",\"@id\":\"https:\/\/www.fiscalia.gov.co\/colombia\/noticias\/el-programa-futuro-colombia-ha-llegado-a-mas-de-cuatro-mil-personas-en-el-departamento-de-bolivar\/#article\",\"isPartOf\":{\"@id\":\"https:\/\/www.fiscalia.gov.co\/colombia\/noticias\/el-programa-futuro-colombia-ha-llegado-a-mas-de-cuatro-mil-personas-en-el-departamento-de-bolivar\/\"},\"author\":{\"name\":\"Jordan Leandro Oviedo Anzola\",\"@id\":\"https:\/\/www.fiscalia.gov.co\/colombia\/#\/schema\/person\/bf84402cf293a5393e9c70b111020b24\"},\"headline\":\"El programa Futuro Colombia ha llegado a m\u00e1s de cuatro mil personas en el departamento de Bol\u00edvar\u00a0\",\"datePublished\":\"2022-04-28T21:18:47+00:00\",\"dateModified\":\"2022-04-28T21:18:47+00:00\",\"mainEntityOfPage\":{\"@id\":\"https:\/\/www.fiscalia.gov.co\/colombia\/noticias\/el-programa-futuro-colombia-ha-llegado-a-mas-de-cuatro-mil-personas-en-el-departamento-de-bolivar\/\"},\"wordCount\":659,\"publisher\":{\"@id\":\"https:\/\/www.fiscalia.gov.co\/colombia\/#organization\"},\"keywords\":[\"Bol\u00edvar\",\"Delitos\",\"Fiscal Barbosa\",\"Fiscal Francisco Barbosa\",\"Fiscal\u00eda Colombia\",\"Fiscal\u00eda General de la Naci\u00f3n\",\"Futuro Colombia\",\"Prevenci\u00f3n\"],\"articleSection\":[\"Noticias\",\"Seccional Cartagena\",\"Seccionales\"],\"inLanguage\":\"es-CO\"},{\"@type\":\"WebPage\",\"@id\":\"https:\/\/www.fiscalia.gov.co\/colombia\/noticias\/el-programa-futuro-colombia-ha-llegado-a-mas-de-cuatro-mil-personas-en-el-departamento-de-bolivar\/\",\"url\":\"https:\/\/www.fiscalia.gov.co\/colombia\/noticias\/el-programa-futuro-colombia-ha-llegado-a-mas-de-cuatro-mil-personas-en-el-departamento-de-bolivar\/\",\"name\":\"Fiscal\u00eda General de la Naci\u00f3n\",\"isPartOf\":{\"@id\":\"https:\/\/www.fiscalia.gov.co\/colombia\/#website\"},\"datePublished\":\"2022-04-28T21:18:47+00:00\",\"dateModified\":\"2022-04-28T21:18:47+00:00\",\"description\":\"P\u00e1gina oficial de la Fiscal\u00eda General de la Naci\u00f3n \u2013 Colombia. Garantizamos el acceso efectivo a la justicia, la verdad y la reparaci\u00f3n de las v\u00edctimas de los delitos.\",\"breadcrumb\":{\"@id\":\"https:\/\/www.fiscalia.gov.co\/colombia\/noticias\/el-programa-futuro-colombia-ha-llegado-a-mas-de-cuatro-mil-personas-en-el-departamento-de-bolivar\/#breadcrumb\"},\"inLanguage\":\"es-CO\",\"potentialAction\":[{\"@type\":\"ReadAction\",\"target\":[\"https:\/\/www.fiscalia.gov.co\/colombia\/noticias\/el-programa-futuro-colombia-ha-llegado-a-mas-de-cuatro-mil-personas-en-el-departamento-de-bolivar\/\"]}]},{\"@type\":\"BreadcrumbList\",\"@id\":\"https:\/\/www.fiscalia.gov.co\/colombia\/noticias\/el-programa-futuro-colombia-ha-llegado-a-mas-de-cuatro-mil-personas-en-el-departamento-de-bolivar\/#breadcrumb\",\"itemListElement\":[{\"@type\":\"ListItem\",\"position\":1,\"name\":\"Home\",\"item\":\"https:\/\/www.fiscalia.gov.co\/colombia\/\"},{\"@type\":\"ListItem\",\"position\":2,\"name\":\"El programa Futuro Colombia ha llegado a m\u00e1s de cuatro mil personas en el departamento de Bol\u00edvar\u00a0\"}]},{\"@type\":\"WebSite\",\"@id\":\"https:\/\/www.fiscalia.gov.co\/colombia\/#website\",\"url\":\"https:\/\/www.fiscalia.gov.co\/colombia\/\",\"name\":\"Fiscal\u00eda General de la Naci\u00f3n\",\"description\":\"P\u00e1gina oficial de la Fiscal\u00eda General de la Naci\u00f3n \u2013 Colombia. Garantizamos el acceso efectivo a la justicia, la verdad y la reparaci\u00f3n de las v\u00edctimas de los delitos.\",\"publisher\":{\"@id\":\"https:\/\/www.fiscalia.gov.co\/colombia\/#organization\"},\"potentialAction\":[{\"@type\":\"SearchAction\",\"target\":{\"@type\":\"EntryPoint\",\"urlTemplate\":\"https:\/\/www.fiscalia.gov.co\/colombia\/?s={search_term_string}\"},\"query-input\":{\"@type\":\"PropertyValueSpecification\",\"valueRequired\":true,\"valueName\":\"search_term_string\"}}],\"inLanguage\":\"es-CO\"},{\"@type\":\"Organization\",\"@id\":\"https:\/\/www.fiscalia.gov.co\/colombia\/#organization\",\"name\":\"Fiscal\u00eda General de la Naci\u00f3n\",\"url\":\"https:\/\/www.fiscalia.gov.co\/colombia\/\",\"logo\":{\"@type\":\"ImageObject\",\"inLanguage\":\"es-CO\",\"@id\":\"https:\/\/www.fiscalia.gov.co\/colombia\/#\/schema\/logo\/image\/\",\"url\":\"https:\/\/www.fiscalia.gov.co\/colombia\/wp-content\/uploads\/LogoHorizontal_1.jpg\",\"contentUrl\":\"https:\/\/www.fiscalia.gov.co\/colombia\/wp-content\/uploads\/LogoHorizontal_1.jpg\",\"width\":300,\"height\":90,\"caption\":\"Fiscal\u00eda General de la Naci\u00f3n\"},\"image\":{\"@id\":\"https:\/\/www.fiscalia.gov.co\/colombia\/#\/schema\/logo\/image\/\"},\"sameAs\":[\"https:\/\/www.facebook.com\/FiscaliaCol\",\"https:\/\/x.com\/FiscaliaCol\",\"https:\/\/www.instagram.com\/fiscaliacol\",\"https:\/\/www.linkedin.com\/company\/fiscalia-general-de-la-naci-n\/\",\"https:\/\/youtube.com\/@fiscaliageneraldelanacion-4668?si=6nN79nyQICPU5iTh\"]},{\"@type\":\"Person\",\"@id\":\"https:\/\/www.fiscalia.gov.co\/colombia\/#\/schema\/person\/bf84402cf293a5393e9c70b111020b24\",\"name\":\"Jordan Leandro Oviedo Anzola\",\"image\":{\"@type\":\"ImageObject\",\"inLanguage\":\"es-CO\",\"@id\":\"https:\/\/www.fiscalia.gov.co\/colombia\/#\/schema\/person\/image\/\",\"url\":\"https:\/\/secure.gravatar.com\/avatar\/dabba4346fa9b9207d96adafa8f92721?s=96&d=mm&r=g\",\"contentUrl\":\"https:\/\/secure.gravatar.com\/avatar\/dabba4346fa9b9207d96adafa8f92721?s=96&d=mm&r=g\",\"caption\":\"Jordan Leandro Oviedo Anzola\"},\"url\":\"https:\/\/www.fiscalia.gov.co\/colombia\/author\/joviedo\/\"}]}<\/script>\n<!-- \/ Yoast SEO plugin. -->","yoast_head_json":{"title":"Fiscal\u00eda General de la Naci\u00f3n","description":"P\u00e1gina oficial de la Fiscal\u00eda General de la Naci\u00f3n \u2013 Colombia. Garantizamos el acceso efectivo a la justicia, la verdad y la reparaci\u00f3n de las v\u00edctimas de los delitos.","robots":{"index":"noindex","follow":"follow"},"og_locale":"es_ES","og_type":"article","og_title":"Fiscal\u00eda General de la Naci\u00f3n","og_description":"P\u00e1gina oficial de la Fiscal\u00eda General de la Naci\u00f3n \u2013 Colombia. Garantizamos el acceso efectivo a la justicia, la verdad y la reparaci\u00f3n de las v\u00edctimas de los delitos.","og_url":"https:\/\/www.fiscalia.gov.co\/colombia\/noticias\/el-programa-futuro-colombia-ha-llegado-a-mas-de-cuatro-mil-personas-en-el-departamento-de-bolivar\/","og_site_name":"Fiscal\u00eda General de la Naci\u00f3n","article_publisher":"https:\/\/www.facebook.com\/FiscaliaCol","article_published_time":"2022-04-28T21:18:47+00:00","author":"Jordan Leandro Oviedo Anzola","twitter_card":"summary_large_image","twitter_creator":"@FiscaliaCol","twitter_site":"@FiscaliaCol","twitter_misc":{"Escrito por":"Jordan Leandro Oviedo Anzola","Tiempo de lectura":"3 minutos"},"schema":{"@context":"https:\/\/schema.org","@graph":[{"@type":"Article","@id":"https:\/\/www.fiscalia.gov.co\/colombia\/noticias\/el-programa-futuro-colombia-ha-llegado-a-mas-de-cuatro-mil-personas-en-el-departamento-de-bolivar\/#article","isPartOf":{"@id":"https:\/\/www.fiscalia.gov.co\/colombia\/noticias\/el-programa-futuro-colombia-ha-llegado-a-mas-de-cuatro-mil-personas-en-el-departamento-de-bolivar\/"},"author":{"name":"Jordan Leandro Oviedo Anzola","@id":"https:\/\/www.fiscalia.gov.co\/colombia\/#\/schema\/person\/bf84402cf293a5393e9c70b111020b24"},"headline":"El programa Futuro Colombia ha llegado a m\u00e1s de cuatro mil personas en el departamento de Bol\u00edvar\u00a0","datePublished":"2022-04-28T21:18:47+00:00","dateModified":"2022-04-28T21:18:47+00:00","mainEntityOfPage":{"@id":"https:\/\/www.fiscalia.gov.co\/colombia\/noticias\/el-programa-futuro-colombia-ha-llegado-a-mas-de-cuatro-mil-personas-en-el-departamento-de-bolivar\/"},"wordCount":659,"publisher":{"@id":"https:\/\/www.fiscalia.gov.co\/colombia\/#organization"},"keywords":["Bol\u00edvar","Delitos","Fiscal Barbosa","Fiscal Francisco Barbosa","Fiscal\u00eda Colombia","Fiscal\u00eda General de la Naci\u00f3n","Futuro Colombia","Prevenci\u00f3n"],"articleSection":["Noticias","Seccional Cartagena","Seccionales"],"inLanguage":"es-CO"},{"@type":"WebPage","@id":"https:\/\/www.fiscalia.gov.co\/colombia\/noticias\/el-programa-futuro-colombia-ha-llegado-a-mas-de-cuatro-mil-personas-en-el-departamento-de-bolivar\/","url":"https:\/\/www.fiscalia.gov.co\/colombia\/noticias\/el-programa-futuro-colombia-ha-llegado-a-mas-de-cuatro-mil-personas-en-el-departamento-de-bolivar\/","name":"Fiscal\u00eda General de la Naci\u00f3n","isPartOf":{"@id":"https:\/\/www.fiscalia.gov.co\/colombia\/#website"},"datePublished":"2022-04-28T21:18:47+00:00","dateModified":"2022-04-28T21:18:47+00:00","description":"P\u00e1gina oficial de la Fiscal\u00eda General de la Naci\u00f3n \u2013 Colombia. Garantizamos el acceso efectivo a la justicia, la verdad y la reparaci\u00f3n de las v\u00edctimas de los delitos.","breadcrumb":{"@id":"https:\/\/www.fiscalia.gov.co\/colombia\/noticias\/el-programa-futuro-colombia-ha-llegado-a-mas-de-cuatro-mil-personas-en-el-departamento-de-bolivar\/#breadcrumb"},"inLanguage":"es-CO","potentialAction":[{"@type":"ReadAction","target":["https:\/\/www.fiscalia.gov.co\/colombia\/noticias\/el-programa-futuro-colombia-ha-llegado-a-mas-de-cuatro-mil-personas-en-el-departamento-de-bolivar\/"]}]},{"@type":"BreadcrumbList","@id":"https:\/\/www.fiscalia.gov.co\/colombia\/noticias\/el-programa-futuro-colombia-ha-llegado-a-mas-de-cuatro-mil-personas-en-el-departamento-de-bolivar\/#breadcrumb","itemListElement":[{"@type":"ListItem","position":1,"name":"Home","item":"https:\/\/www.fiscalia.gov.co\/colombia\/"},{"@type":"ListItem","position":2,"name":"El programa Futuro Colombia ha llegado a m\u00e1s de cuatro mil personas en el departamento de Bol\u00edvar\u00a0"}]},{"@type":"WebSite","@id":"https:\/\/www.fiscalia.gov.co\/colombia\/#website","url":"https:\/\/www.fiscalia.gov.co\/colombia\/","name":"Fiscal\u00eda General de la Naci\u00f3n","description":"P\u00e1gina oficial de la Fiscal\u00eda General de la Naci\u00f3n \u2013 Colombia. Garantizamos el acceso efectivo a la justicia, la verdad y la reparaci\u00f3n de las v\u00edctimas de los delitos.","publisher":{"@id":"https:\/\/www.fiscalia.gov.co\/colombia\/#organization"},"potentialAction":[{"@type":"SearchAction","target":{"@type":"EntryPoint","urlTemplate":"https:\/\/www.fiscalia.gov.co\/colombia\/?s={search_term_string}"},"query-input":{"@type":"PropertyValueSpecification","valueRequired":true,"valueName":"search_term_string"}}],"inLanguage":"es-CO"},{"@type":"Organization","@id":"https:\/\/www.fiscalia.gov.co\/colombia\/#organization","name":"Fiscal\u00eda General de la Naci\u00f3n","url":"https:\/\/www.fiscalia.gov.co\/colombia\/","logo":{"@type":"ImageObject","inLanguage":"es-CO","@id":"https:\/\/www.fiscalia.gov.co\/colombia\/#\/schema\/logo\/image\/","url":"https:\/\/www.fiscalia.gov.co\/colombia\/wp-content\/uploads\/LogoHorizontal_1.jpg","contentUrl":"https:\/\/www.fiscalia.gov.co\/colombia\/wp-content\/uploads\/LogoHorizontal_1.jpg","width":300,"height":90,"caption":"Fiscal\u00eda General de la Naci\u00f3n"},"image":{"@id":"https:\/\/www.fiscalia.gov.co\/colombia\/#\/schema\/logo\/image\/"},"sameAs":["https:\/\/www.facebook.com\/FiscaliaCol","https:\/\/x.com\/FiscaliaCol","https:\/\/www.instagram.com\/fiscaliacol","https:\/\/www.linkedin.com\/company\/fiscalia-general-de-la-naci-n\/","https:\/\/youtube.com\/@fiscaliageneraldelanacion-4668?si=6nN79nyQICPU5iTh"]},{"@type":"Person","@id":"https:\/\/www.fiscalia.gov.co\/colombia\/#\/schema\/person\/bf84402cf293a5393e9c70b111020b24","name":"Jordan Leandro Oviedo Anzola","image":{"@type":"ImageObject","inLanguage":"es-CO","@id":"https:\/\/www.fiscalia.gov.co\/colombia\/#\/schema\/person\/image\/","url":"https:\/\/secure.gravatar.com\/avatar\/dabba4346fa9b9207d96adafa8f92721?s=96&d=mm&r=g","contentUrl":"https:\/\/secure.gravatar.com\/avatar\/dabba4346fa9b9207d96adafa8f92721?s=96&d=mm&r=g","caption":"Jordan Leandro Oviedo Anzola"},"url":"https:\/\/www.fiscalia.gov.co\/colombia\/author\/joviedo\/"}]}},"_links":{"self":[{"href":"https:\/\/www.fiscalia.gov.co\/colombia\/wp-json\/wp\/v2\/posts\/247036","targetHints":{"allow":["GET"]}}],"collection":[{"href":"https:\/\/www.fiscalia.gov.co\/colombia\/wp-json\/wp\/v2\/posts"}],"about":[{"href":"https:\/\/www.fiscalia.gov.co\/colombia\/wp-json\/wp\/v2\/types\/post"}],"author":[{"embeddable":true,"href":"https:\/\/www.fiscalia.gov.co\/colombia\/wp-json\/wp\/v2\/users\/177"}],"replies":[{"embeddable":true,"href":"https:\/\/www.fiscalia.gov.co\/colombia\/wp-json\/wp\/v2\/comments?post=247036"}],"version-history":[{"count":1,"href":"https:\/\/www.fiscalia.gov.co\/colombia\/wp-json\/wp\/v2\/posts\/247036\/revisions"}],"predecessor-version":[{"id":247037,"href":"https:\/\/www.fiscalia.gov.co\/colombia\/wp-json\/wp\/v2\/posts\/247036\/revisions\/247037"}],"wp:attachment":[{"href":"https:\/\/www.fiscalia.gov.co\/colombia\/wp-json\/wp\/v2\/media?parent=247036"}],"wp:term":[{"taxonomy":"category","embeddable":true,"href":"https:\/\/www.fiscalia.gov.co\/colombia\/wp-json\/wp\/v2\/categories?post=247036"},{"taxonomy":"post_tag","embeddable":true,"href":"https:\/\/www.fiscalia.gov.co\/colombia\/wp-json\/wp\/v2\/tags?post=247036"}],"curies":[{"name":"wp","href":"https:\/\/api.w.org\/{rel}","templated":true}]}}