{"id":24700,"date":"2012-10-11T16:50:46","date_gmt":"2012-10-11T21:50:46","guid":{"rendered":"http:\/\/www.fiscalia.gov.co\/colombia\/?p=24700"},"modified":"2012-10-17T16:45:50","modified_gmt":"2012-10-17T21:45:50","slug":"declaracion-del-fiscal-general-de-la-nacion-eduardo-montealegre-lynett-sobre-el-caso-de-la-periodista-yineth-bedoya-lima-neiva-huila-20-de-septiembre-de-2012","status":"publish","type":"post","link":"https:\/\/www.fiscalia.gov.co\/colombia\/seccionales\/declaracion-del-fiscal-general-de-la-nacion-eduardo-montealegre-lynett-sobre-el-caso-de-la-periodista-yineth-bedoya-lima-neiva-huila-20-de-septiembre-de-2012\/","title":{"rendered":"Declaraci\u00f3n del Fiscal General de la Naci\u00f3n, Eduardo Montealegre Lynett, sobre el caso de la periodista Jineth Bedoya Lima. Neiva (Huila), 20 de septiembre de 2012"},"content":{"rendered":"<p>La Fiscal\u00eda ha hecho una calificaci\u00f3n determinando que el crimen de Jineth Bedoya es un crimen de lesa humanidad; en este momento esa es la calificaci\u00f3n que hace la Fiscal\u00eda General de la Naci\u00f3n.<\/p>\n<p>Una decisi\u00f3n ya definitiva sobre este tipo de calificaciones la dictaminar\u00e1 el juez en el momento en que se produzca sentencia; mientras tanto, en lo que compete a la Fiscal\u00eda General de la Naci\u00f3n, la fiscal determin\u00f3 que se calificar\u00eda como un delito de lesa humanidad, pero una calificaci\u00f3n definitiva corresponde al juez en la sentencia; mientras tanto la Fiscal\u00eda trabajar\u00e1 sobre esa calificaci\u00f3n que ha hecho la fiscal de considerar que el atentado contra la periodista Jineth Bedoya form\u00f3 parte de un ataque sistem\u00e1tico y generalizado contra la poblaci\u00f3n civil por parte de grupos de autodefensa.<\/p>\n[audio:http:\/\/www.fiscalia.gov.co\/colombia\/wp-content\/uploads\/2012\/10\/FiscalGeneral_20_septiembre_2012.mp3|titles=Declaraci\u00f3n del Fiscal General de la Naci\u00f3n, Eduardo Montealegre Lynett- 20 de septiembre 2012]\n<p>Declaraci\u00f3n del Fiscal General de la Naci\u00f3n, Eduardo Montealegre Lynett<br \/>\n<strong>Fecha:<\/strong> 20 de septiembre de 2012<br \/>\n<strong>Lugar:<\/strong> Neiva (Huila)<\/p>\n\n<div class=\"twitter-share\"><a href=\"https:\/\/twitter.com\/intent\/tweet?via=fiscaliacol\" class=\"twitter-share-button\">Tweet<\/a><\/div>\n","protected":false},"excerpt":{"rendered":"<p>La Fiscal\u00eda ha hecho una calificaci\u00f3n determinando que el crimen de Jineth Bedoya es un crimen de lesa humanidad; en este momento esa es la calificaci\u00f3n que hace la Fiscal\u00eda General de la Naci\u00f3n. Una decisi\u00f3n ya definitiva sobre este tipo de calificaciones la dictaminar\u00e1 el juez en el momento en que se produzca sentencia; [&hellip;]<\/p>\n","protected":false},"author":143,"featured_media":0,"comment_status":"closed","ping_status":"open","sticky":false,"template":"","format":"standard","meta":{"tdm_status":"","tdm_grid_status":"","footnotes":""},"categories":[333,303],"tags":[400,78],"class_list":{"0":"post-24700","1":"post","2":"type-post","3":"status-publish","4":"format-standard","6":"category-seccional-neiva","7":"category-seccionales","8":"tag-eduardo-montealegre-lynett","9":"tag-fiscal-general-de-la-nacion"},"yoast_head":"<!-- This site is optimized with the Yoast SEO plugin v24.3 - https:\/\/yoast.com\/wordpress\/plugins\/seo\/ -->\n<title>Fiscal\u00eda General de la Naci\u00f3n<\/title>\n<meta name=\"description\" content=\"P\u00e1gina oficial de la Fiscal\u00eda General de la Naci\u00f3n \u2013 Colombia. Garantizamos el acceso efectivo a la justicia, la verdad y la reparaci\u00f3n de las v\u00edctimas de los delitos.\" \/>\n<meta name=\"robots\" content=\"noindex, follow\" \/>\n<meta property=\"og:locale\" content=\"es_ES\" \/>\n<meta property=\"og:type\" content=\"article\" \/>\n<meta property=\"og:title\" content=\"Fiscal\u00eda General de la Naci\u00f3n\" \/>\n<meta property=\"og:description\" content=\"P\u00e1gina oficial de la Fiscal\u00eda General de la Naci\u00f3n \u2013 Colombia. Garantizamos el acceso efectivo a la justicia, la verdad y la reparaci\u00f3n de las v\u00edctimas de los delitos.\" \/>\n<meta property=\"og:url\" content=\"https:\/\/www.fiscalia.gov.co\/colombia\/seccionales\/declaracion-del-fiscal-general-de-la-nacion-eduardo-montealegre-lynett-sobre-el-caso-de-la-periodista-yineth-bedoya-lima-neiva-huila-20-de-septiembre-de-2012\/\" \/>\n<meta property=\"og:site_name\" content=\"Fiscal\u00eda General de la Naci\u00f3n\" \/>\n<meta property=\"article:publisher\" content=\"https:\/\/www.facebook.com\/FiscaliaCol\" \/>\n<meta property=\"article:published_time\" content=\"2012-10-11T21:50:46+00:00\" \/>\n<meta property=\"article:modified_time\" content=\"2012-10-17T21:45:50+00:00\" \/>\n<meta name=\"author\" content=\"dfgordillo\" \/>\n<meta name=\"twitter:card\" content=\"summary_large_image\" \/>\n<meta name=\"twitter:creator\" content=\"@FiscaliaCol\" \/>\n<meta name=\"twitter:site\" content=\"@FiscaliaCol\" \/>\n<meta name=\"twitter:label1\" content=\"Escrito por\" \/>\n\t<meta name=\"twitter:data1\" content=\"dfgordillo\" \/>\n\t<meta name=\"twitter:label2\" content=\"Tiempo de lectura\" \/>\n\t<meta name=\"twitter:data2\" content=\"1 minuto\" \/>\n<script type=\"application\/ld+json\" class=\"yoast-schema-graph\">{\"@context\":\"https:\/\/schema.org\",\"@graph\":[{\"@type\":\"Article\",\"@id\":\"https:\/\/www.fiscalia.gov.co\/colombia\/seccionales\/declaracion-del-fiscal-general-de-la-nacion-eduardo-montealegre-lynett-sobre-el-caso-de-la-periodista-yineth-bedoya-lima-neiva-huila-20-de-septiembre-de-2012\/#article\",\"isPartOf\":{\"@id\":\"https:\/\/www.fiscalia.gov.co\/colombia\/seccionales\/declaracion-del-fiscal-general-de-la-nacion-eduardo-montealegre-lynett-sobre-el-caso-de-la-periodista-yineth-bedoya-lima-neiva-huila-20-de-septiembre-de-2012\/\"},\"author\":{\"name\":\"dfgordillo\",\"@id\":\"https:\/\/www.fiscalia.gov.co\/colombia\/#\/schema\/person\/3903856a3ce2d54b094c69eb29247895\"},\"headline\":\"Declaraci\u00f3n del Fiscal General de la Naci\u00f3n, Eduardo Montealegre Lynett, sobre el caso de la periodista Jineth Bedoya Lima. Neiva (Huila), 20 de septiembre de 2012\",\"datePublished\":\"2012-10-11T21:50:46+00:00\",\"dateModified\":\"2012-10-17T21:45:50+00:00\",\"mainEntityOfPage\":{\"@id\":\"https:\/\/www.fiscalia.gov.co\/colombia\/seccionales\/declaracion-del-fiscal-general-de-la-nacion-eduardo-montealegre-lynett-sobre-el-caso-de-la-periodista-yineth-bedoya-lima-neiva-huila-20-de-septiembre-de-2012\/\"},\"wordCount\":217,\"publisher\":{\"@id\":\"https:\/\/www.fiscalia.gov.co\/colombia\/#organization\"},\"keywords\":[\"Eduardo Montealegre Lynett\",\"Fiscal General de la Naci\u00f3n\"],\"articleSection\":[\"Seccional Neiva\",\"Seccionales\"],\"inLanguage\":\"es-CO\"},{\"@type\":\"WebPage\",\"@id\":\"https:\/\/www.fiscalia.gov.co\/colombia\/seccionales\/declaracion-del-fiscal-general-de-la-nacion-eduardo-montealegre-lynett-sobre-el-caso-de-la-periodista-yineth-bedoya-lima-neiva-huila-20-de-septiembre-de-2012\/\",\"url\":\"https:\/\/www.fiscalia.gov.co\/colombia\/seccionales\/declaracion-del-fiscal-general-de-la-nacion-eduardo-montealegre-lynett-sobre-el-caso-de-la-periodista-yineth-bedoya-lima-neiva-huila-20-de-septiembre-de-2012\/\",\"name\":\"Fiscal\u00eda General de la Naci\u00f3n\",\"isPartOf\":{\"@id\":\"https:\/\/www.fiscalia.gov.co\/colombia\/#website\"},\"datePublished\":\"2012-10-11T21:50:46+00:00\",\"dateModified\":\"2012-10-17T21:45:50+00:00\",\"description\":\"P\u00e1gina oficial de la Fiscal\u00eda General de la Naci\u00f3n \u2013 Colombia. Garantizamos el acceso efectivo a la justicia, la verdad y la reparaci\u00f3n de las v\u00edctimas de los delitos.\",\"breadcrumb\":{\"@id\":\"https:\/\/www.fiscalia.gov.co\/colombia\/seccionales\/declaracion-del-fiscal-general-de-la-nacion-eduardo-montealegre-lynett-sobre-el-caso-de-la-periodista-yineth-bedoya-lima-neiva-huila-20-de-septiembre-de-2012\/#breadcrumb\"},\"inLanguage\":\"es-CO\",\"potentialAction\":[{\"@type\":\"ReadAction\",\"target\":[\"https:\/\/www.fiscalia.gov.co\/colombia\/seccionales\/declaracion-del-fiscal-general-de-la-nacion-eduardo-montealegre-lynett-sobre-el-caso-de-la-periodista-yineth-bedoya-lima-neiva-huila-20-de-septiembre-de-2012\/\"]}]},{\"@type\":\"BreadcrumbList\",\"@id\":\"https:\/\/www.fiscalia.gov.co\/colombia\/seccionales\/declaracion-del-fiscal-general-de-la-nacion-eduardo-montealegre-lynett-sobre-el-caso-de-la-periodista-yineth-bedoya-lima-neiva-huila-20-de-septiembre-de-2012\/#breadcrumb\",\"itemListElement\":[{\"@type\":\"ListItem\",\"position\":1,\"name\":\"Home\",\"item\":\"https:\/\/www.fiscalia.gov.co\/colombia\/\"},{\"@type\":\"ListItem\",\"position\":2,\"name\":\"Declaraci\u00f3n del Fiscal General de la Naci\u00f3n, Eduardo Montealegre Lynett, sobre el caso de la periodista Jineth Bedoya Lima. Neiva (Huila), 20 de septiembre de 2012\"}]},{\"@type\":\"WebSite\",\"@id\":\"https:\/\/www.fiscalia.gov.co\/colombia\/#website\",\"url\":\"https:\/\/www.fiscalia.gov.co\/colombia\/\",\"name\":\"Fiscal\u00eda General de la Naci\u00f3n\",\"description\":\"P\u00e1gina oficial de la Fiscal\u00eda General de la Naci\u00f3n \u2013 Colombia. Garantizamos el acceso efectivo a la justicia, la verdad y la reparaci\u00f3n de las v\u00edctimas de los delitos.\",\"publisher\":{\"@id\":\"https:\/\/www.fiscalia.gov.co\/colombia\/#organization\"},\"potentialAction\":[{\"@type\":\"SearchAction\",\"target\":{\"@type\":\"EntryPoint\",\"urlTemplate\":\"https:\/\/www.fiscalia.gov.co\/colombia\/?s={search_term_string}\"},\"query-input\":{\"@type\":\"PropertyValueSpecification\",\"valueRequired\":true,\"valueName\":\"search_term_string\"}}],\"inLanguage\":\"es-CO\"},{\"@type\":\"Organization\",\"@id\":\"https:\/\/www.fiscalia.gov.co\/colombia\/#organization\",\"name\":\"Fiscal\u00eda General de la Naci\u00f3n\",\"url\":\"https:\/\/www.fiscalia.gov.co\/colombia\/\",\"logo\":{\"@type\":\"ImageObject\",\"inLanguage\":\"es-CO\",\"@id\":\"https:\/\/www.fiscalia.gov.co\/colombia\/#\/schema\/logo\/image\/\",\"url\":\"https:\/\/www.fiscalia.gov.co\/colombia\/wp-content\/uploads\/LogoHorizontal_1.jpg\",\"contentUrl\":\"https:\/\/www.fiscalia.gov.co\/colombia\/wp-content\/uploads\/LogoHorizontal_1.jpg\",\"width\":300,\"height\":90,\"caption\":\"Fiscal\u00eda General de la Naci\u00f3n\"},\"image\":{\"@id\":\"https:\/\/www.fiscalia.gov.co\/colombia\/#\/schema\/logo\/image\/\"},\"sameAs\":[\"https:\/\/www.facebook.com\/FiscaliaCol\",\"https:\/\/x.com\/FiscaliaCol\",\"https:\/\/www.instagram.com\/fiscaliacol\",\"https:\/\/www.linkedin.com\/company\/fiscalia-general-de-la-naci-n\/\",\"https:\/\/youtube.com\/@fiscaliageneraldelanacion-4668?si=6nN79nyQICPU5iTh\"]},{\"@type\":\"Person\",\"@id\":\"https:\/\/www.fiscalia.gov.co\/colombia\/#\/schema\/person\/3903856a3ce2d54b094c69eb29247895\",\"name\":\"dfgordillo\",\"image\":{\"@type\":\"ImageObject\",\"inLanguage\":\"es-CO\",\"@id\":\"https:\/\/www.fiscalia.gov.co\/colombia\/#\/schema\/person\/image\/\",\"url\":\"https:\/\/secure.gravatar.com\/avatar\/b6356e21c5657c60757fe6fb9493e947?s=96&d=mm&r=g\",\"contentUrl\":\"https:\/\/secure.gravatar.com\/avatar\/b6356e21c5657c60757fe6fb9493e947?s=96&d=mm&r=g\",\"caption\":\"dfgordillo\"},\"sameAs\":[\"dfgordillo\"],\"url\":\"https:\/\/www.fiscalia.gov.co\/colombia\/author\/dfgordillo\/\"}]}<\/script>\n<!-- \/ Yoast SEO plugin. -->","yoast_head_json":{"title":"Fiscal\u00eda General de la Naci\u00f3n","description":"P\u00e1gina oficial de la Fiscal\u00eda General de la Naci\u00f3n \u2013 Colombia. Garantizamos el acceso efectivo a la justicia, la verdad y la reparaci\u00f3n de las v\u00edctimas de los delitos.","robots":{"index":"noindex","follow":"follow"},"og_locale":"es_ES","og_type":"article","og_title":"Fiscal\u00eda General de la Naci\u00f3n","og_description":"P\u00e1gina oficial de la Fiscal\u00eda General de la Naci\u00f3n \u2013 Colombia. Garantizamos el acceso efectivo a la justicia, la verdad y la reparaci\u00f3n de las v\u00edctimas de los delitos.","og_url":"https:\/\/www.fiscalia.gov.co\/colombia\/seccionales\/declaracion-del-fiscal-general-de-la-nacion-eduardo-montealegre-lynett-sobre-el-caso-de-la-periodista-yineth-bedoya-lima-neiva-huila-20-de-septiembre-de-2012\/","og_site_name":"Fiscal\u00eda General de la Naci\u00f3n","article_publisher":"https:\/\/www.facebook.com\/FiscaliaCol","article_published_time":"2012-10-11T21:50:46+00:00","article_modified_time":"2012-10-17T21:45:50+00:00","author":"dfgordillo","twitter_card":"summary_large_image","twitter_creator":"@FiscaliaCol","twitter_site":"@FiscaliaCol","twitter_misc":{"Escrito por":"dfgordillo","Tiempo de lectura":"1 minuto"},"schema":{"@context":"https:\/\/schema.org","@graph":[{"@type":"Article","@id":"https:\/\/www.fiscalia.gov.co\/colombia\/seccionales\/declaracion-del-fiscal-general-de-la-nacion-eduardo-montealegre-lynett-sobre-el-caso-de-la-periodista-yineth-bedoya-lima-neiva-huila-20-de-septiembre-de-2012\/#article","isPartOf":{"@id":"https:\/\/www.fiscalia.gov.co\/colombia\/seccionales\/declaracion-del-fiscal-general-de-la-nacion-eduardo-montealegre-lynett-sobre-el-caso-de-la-periodista-yineth-bedoya-lima-neiva-huila-20-de-septiembre-de-2012\/"},"author":{"name":"dfgordillo","@id":"https:\/\/www.fiscalia.gov.co\/colombia\/#\/schema\/person\/3903856a3ce2d54b094c69eb29247895"},"headline":"Declaraci\u00f3n del Fiscal General de la Naci\u00f3n, Eduardo Montealegre Lynett, sobre el caso de la periodista Jineth Bedoya Lima. Neiva (Huila), 20 de septiembre de 2012","datePublished":"2012-10-11T21:50:46+00:00","dateModified":"2012-10-17T21:45:50+00:00","mainEntityOfPage":{"@id":"https:\/\/www.fiscalia.gov.co\/colombia\/seccionales\/declaracion-del-fiscal-general-de-la-nacion-eduardo-montealegre-lynett-sobre-el-caso-de-la-periodista-yineth-bedoya-lima-neiva-huila-20-de-septiembre-de-2012\/"},"wordCount":217,"publisher":{"@id":"https:\/\/www.fiscalia.gov.co\/colombia\/#organization"},"keywords":["Eduardo Montealegre Lynett","Fiscal General de la Naci\u00f3n"],"articleSection":["Seccional Neiva","Seccionales"],"inLanguage":"es-CO"},{"@type":"WebPage","@id":"https:\/\/www.fiscalia.gov.co\/colombia\/seccionales\/declaracion-del-fiscal-general-de-la-nacion-eduardo-montealegre-lynett-sobre-el-caso-de-la-periodista-yineth-bedoya-lima-neiva-huila-20-de-septiembre-de-2012\/","url":"https:\/\/www.fiscalia.gov.co\/colombia\/seccionales\/declaracion-del-fiscal-general-de-la-nacion-eduardo-montealegre-lynett-sobre-el-caso-de-la-periodista-yineth-bedoya-lima-neiva-huila-20-de-septiembre-de-2012\/","name":"Fiscal\u00eda General de la Naci\u00f3n","isPartOf":{"@id":"https:\/\/www.fiscalia.gov.co\/colombia\/#website"},"datePublished":"2012-10-11T21:50:46+00:00","dateModified":"2012-10-17T21:45:50+00:00","description":"P\u00e1gina oficial de la Fiscal\u00eda General de la Naci\u00f3n \u2013 Colombia. Garantizamos el acceso efectivo a la justicia, la verdad y la reparaci\u00f3n de las v\u00edctimas de los delitos.","breadcrumb":{"@id":"https:\/\/www.fiscalia.gov.co\/colombia\/seccionales\/declaracion-del-fiscal-general-de-la-nacion-eduardo-montealegre-lynett-sobre-el-caso-de-la-periodista-yineth-bedoya-lima-neiva-huila-20-de-septiembre-de-2012\/#breadcrumb"},"inLanguage":"es-CO","potentialAction":[{"@type":"ReadAction","target":["https:\/\/www.fiscalia.gov.co\/colombia\/seccionales\/declaracion-del-fiscal-general-de-la-nacion-eduardo-montealegre-lynett-sobre-el-caso-de-la-periodista-yineth-bedoya-lima-neiva-huila-20-de-septiembre-de-2012\/"]}]},{"@type":"BreadcrumbList","@id":"https:\/\/www.fiscalia.gov.co\/colombia\/seccionales\/declaracion-del-fiscal-general-de-la-nacion-eduardo-montealegre-lynett-sobre-el-caso-de-la-periodista-yineth-bedoya-lima-neiva-huila-20-de-septiembre-de-2012\/#breadcrumb","itemListElement":[{"@type":"ListItem","position":1,"name":"Home","item":"https:\/\/www.fiscalia.gov.co\/colombia\/"},{"@type":"ListItem","position":2,"name":"Declaraci\u00f3n del Fiscal General de la Naci\u00f3n, Eduardo Montealegre Lynett, sobre el caso de la periodista Jineth Bedoya Lima. Neiva (Huila), 20 de septiembre de 2012"}]},{"@type":"WebSite","@id":"https:\/\/www.fiscalia.gov.co\/colombia\/#website","url":"https:\/\/www.fiscalia.gov.co\/colombia\/","name":"Fiscal\u00eda General de la Naci\u00f3n","description":"P\u00e1gina oficial de la Fiscal\u00eda General de la Naci\u00f3n \u2013 Colombia. Garantizamos el acceso efectivo a la justicia, la verdad y la reparaci\u00f3n de las v\u00edctimas de los delitos.","publisher":{"@id":"https:\/\/www.fiscalia.gov.co\/colombia\/#organization"},"potentialAction":[{"@type":"SearchAction","target":{"@type":"EntryPoint","urlTemplate":"https:\/\/www.fiscalia.gov.co\/colombia\/?s={search_term_string}"},"query-input":{"@type":"PropertyValueSpecification","valueRequired":true,"valueName":"search_term_string"}}],"inLanguage":"es-CO"},{"@type":"Organization","@id":"https:\/\/www.fiscalia.gov.co\/colombia\/#organization","name":"Fiscal\u00eda General de la Naci\u00f3n","url":"https:\/\/www.fiscalia.gov.co\/colombia\/","logo":{"@type":"ImageObject","inLanguage":"es-CO","@id":"https:\/\/www.fiscalia.gov.co\/colombia\/#\/schema\/logo\/image\/","url":"https:\/\/www.fiscalia.gov.co\/colombia\/wp-content\/uploads\/LogoHorizontal_1.jpg","contentUrl":"https:\/\/www.fiscalia.gov.co\/colombia\/wp-content\/uploads\/LogoHorizontal_1.jpg","width":300,"height":90,"caption":"Fiscal\u00eda General de la Naci\u00f3n"},"image":{"@id":"https:\/\/www.fiscalia.gov.co\/colombia\/#\/schema\/logo\/image\/"},"sameAs":["https:\/\/www.facebook.com\/FiscaliaCol","https:\/\/x.com\/FiscaliaCol","https:\/\/www.instagram.com\/fiscaliacol","https:\/\/www.linkedin.com\/company\/fiscalia-general-de-la-naci-n\/","https:\/\/youtube.com\/@fiscaliageneraldelanacion-4668?si=6nN79nyQICPU5iTh"]},{"@type":"Person","@id":"https:\/\/www.fiscalia.gov.co\/colombia\/#\/schema\/person\/3903856a3ce2d54b094c69eb29247895","name":"dfgordillo","image":{"@type":"ImageObject","inLanguage":"es-CO","@id":"https:\/\/www.fiscalia.gov.co\/colombia\/#\/schema\/person\/image\/","url":"https:\/\/secure.gravatar.com\/avatar\/b6356e21c5657c60757fe6fb9493e947?s=96&d=mm&r=g","contentUrl":"https:\/\/secure.gravatar.com\/avatar\/b6356e21c5657c60757fe6fb9493e947?s=96&d=mm&r=g","caption":"dfgordillo"},"sameAs":["dfgordillo"],"url":"https:\/\/www.fiscalia.gov.co\/colombia\/author\/dfgordillo\/"}]}},"_links":{"self":[{"href":"https:\/\/www.fiscalia.gov.co\/colombia\/wp-json\/wp\/v2\/posts\/24700","targetHints":{"allow":["GET"]}}],"collection":[{"href":"https:\/\/www.fiscalia.gov.co\/colombia\/wp-json\/wp\/v2\/posts"}],"about":[{"href":"https:\/\/www.fiscalia.gov.co\/colombia\/wp-json\/wp\/v2\/types\/post"}],"author":[{"embeddable":true,"href":"https:\/\/www.fiscalia.gov.co\/colombia\/wp-json\/wp\/v2\/users\/143"}],"replies":[{"embeddable":true,"href":"https:\/\/www.fiscalia.gov.co\/colombia\/wp-json\/wp\/v2\/comments?post=24700"}],"version-history":[{"count":10,"href":"https:\/\/www.fiscalia.gov.co\/colombia\/wp-json\/wp\/v2\/posts\/24700\/revisions"}],"predecessor-version":[{"id":24952,"href":"https:\/\/www.fiscalia.gov.co\/colombia\/wp-json\/wp\/v2\/posts\/24700\/revisions\/24952"}],"wp:attachment":[{"href":"https:\/\/www.fiscalia.gov.co\/colombia\/wp-json\/wp\/v2\/media?parent=24700"}],"wp:term":[{"taxonomy":"category","embeddable":true,"href":"https:\/\/www.fiscalia.gov.co\/colombia\/wp-json\/wp\/v2\/categories?post=24700"},{"taxonomy":"post_tag","embeddable":true,"href":"https:\/\/www.fiscalia.gov.co\/colombia\/wp-json\/wp\/v2\/tags?post=24700"}],"curies":[{"name":"wp","href":"https:\/\/api.w.org\/{rel}","templated":true}]}}