{"id":246472,"date":"2022-04-21T15:13:19","date_gmt":"2022-04-21T20:13:19","guid":{"rendered":"https:\/\/www.fiscalia.gov.co\/colombia\/?p=246472"},"modified":"2022-04-21T15:13:19","modified_gmt":"2022-04-21T20:13:19","slug":"judicializados-presuntos-responsables-de-emitir-amenazas-de-muerte-contra-el-expresidente-alvaro-uribe-velez-y-el-senador-roy-leonardo-barreras-montealegre","status":"publish","type":"post","link":"https:\/\/www.fiscalia.gov.co\/colombia\/noticias\/judicializados-presuntos-responsables-de-emitir-amenazas-de-muerte-contra-el-expresidente-alvaro-uribe-velez-y-el-senador-roy-leonardo-barreras-montealegre\/","title":{"rendered":"Judicializados presuntos responsables de emitir amenazas de muerte contra el expresidente \u00c1lvaro Uribe V\u00e9lez y el senador Roy Leonardo Barreras Montealegre"},"content":{"rendered":"<p>La Fiscal\u00eda General de la Naci\u00f3n, a trav\u00e9s de la Direcci\u00f3n Especializada contra las Violaciones a los Derechos Humanos, present\u00f3 ante un juez de control de garant\u00edas a dos hombres que, en hechos distintos, habr\u00edan emitido mensajes amenazantes por redes sociales contra el expresidente de la Rep\u00fablica \u00c1lvaro Uribe V\u00e9lez y el senador Roy Alejandro Barreras Montealegre.<\/p>\n<p>Inicialmente, Deibys P\u00e9rez Ramos fue imputado por el delito de instigaci\u00f3n a delinquir agravado. El material de prueba da cuenta de que el 17 de mayo de 2019, desde la cuenta que tiene en una reconocida comunidad virtual, supuestamente, hizo una publicaci\u00f3n en la ped\u00eda a un grupo ilegal tomar las armas y atentar contra el exmandatario, quien para la \u00e9poca era congresista.<\/p>\n<p>El cargo no fue aceptado por el procesado.<\/p>\n<p>De otra parte, la Fiscal\u00eda imput\u00f3 el delito de amenazas contra defensores de derechos humanos y servidores p\u00fablicos a William Pablo Andoque Sumaeta. Al parecer, elabor\u00f3 y divulg\u00f3 dos mensajes con intimidaciones de muerte contra el senador Roy Alejandro Barreras Montealegre.<\/p>\n<p>Las publicaciones se realizaron el 16 de noviembre de 2019, y fueron dirigidas a la cuenta que el congresista tiene en una red social. El procesado no acept\u00f3 el cargo.<\/p>\n<p>Esta informaci\u00f3n se publica por razones de inter\u00e9s general.<\/p>\n<p>&nbsp;<\/p>\n<p>&nbsp;<\/p>\n<p>JARG\/HATP\/DJR\/DEVDH.<\/p>\n<p>&nbsp;<\/p>\n<p>&nbsp;<\/p>\n<div class=\"td-post-content tagdiv-type\">\n<div class=\"td-post-content tagdiv-type\">\n<div class=\"td-post-content tagdiv-type\">\n<div class=\"td-post-content tagdiv-type\">\n<div class=\"td-post-content tagdiv-type\">\n<div dir=\"ltr\">\n<p><i>La informaci\u00f3n contenida en este bolet\u00edn de prensa corresponde a la narraci\u00f3n de los hechos noticiosos objetivos, suministrados por los funcionarios encargados de adelantar las investigaciones penales al interior de la Fiscal\u00eda General de la Naci\u00f3n. Para el momento de la divulgaci\u00f3n de este comunicado, la situaci\u00f3n jur\u00eddica de la(s) persona(s) relacionada(s) se encuentra pendiente de resolver por la autoridad judicial competente, siempre bajo los preceptos de la presunci\u00f3n de inocencia, consagrados en el art\u00edculo 29 de la Constituci\u00f3n Pol\u00edtica y el art\u00edculo 7\u00ba de la Ley 906 de 2004.\u00a0 \u00a0 \u00a0 \u00a0 \u00a0\u00a0<\/i><\/p>\n<\/div>\n<\/div>\n<\/div>\n<\/div>\n<\/div>\n<\/div>\n<footer>\n<div class=\"td-post-sharing-bottom\"><\/div>\n<\/footer>\n<p>&nbsp;<\/p>\n\n<div class=\"twitter-share\"><a href=\"https:\/\/twitter.com\/intent\/tweet?via=fiscaliacol\" class=\"twitter-share-button\">Tweet<\/a><\/div>\n","protected":false},"excerpt":{"rendered":"<p>La Fiscal\u00eda General de la Naci\u00f3n, a trav\u00e9s de la Direcci\u00f3n Especializada contra las Violaciones a los Derechos Humanos, present\u00f3 ante un juez de control de garant\u00edas a dos hombres que, en hechos distintos, habr\u00edan emitido mensajes amenazantes por redes sociales contra el expresidente de la Rep\u00fablica \u00c1lvaro Uribe V\u00e9lez y el senador Roy Alejandro [&hellip;]<\/p>\n","protected":false},"author":177,"featured_media":0,"comment_status":"closed","ping_status":"open","sticky":false,"template":"","format":"standard","meta":{"tdm_status":"","tdm_grid_status":"","footnotes":""},"categories":[24102,1,24099],"tags":[13043,3119,24185,24188,1047,31359],"class_list":{"0":"post-246472","1":"post","2":"type-post","3":"status-publish","4":"format-standard","6":"category-derechos-humanos","7":"category-noticias","8":"category-seguridad-territorial","9":"tag-alvaro-uribe-velez","10":"tag-amenazas","11":"tag-fiscal-barbosa","12":"tag-fiscal-francisco-barbosa","13":"tag-fiscalia-general-de-la-nacion","14":"tag-roy-barreras"},"yoast_head":"<!-- This site is optimized with the Yoast SEO plugin v24.3 - https:\/\/yoast.com\/wordpress\/plugins\/seo\/ -->\n<title>Fiscal\u00eda General de la Naci\u00f3n<\/title>\n<meta name=\"description\" content=\"P\u00e1gina oficial de la Fiscal\u00eda General de la Naci\u00f3n \u2013 Colombia. Garantizamos el acceso efectivo a la justicia, la verdad y la reparaci\u00f3n de las v\u00edctimas de los delitos.\" \/>\n<meta name=\"robots\" content=\"noindex, follow\" \/>\n<meta property=\"og:locale\" content=\"es_ES\" \/>\n<meta property=\"og:type\" content=\"article\" \/>\n<meta property=\"og:title\" content=\"Fiscal\u00eda General de la Naci\u00f3n\" \/>\n<meta property=\"og:description\" content=\"P\u00e1gina oficial de la Fiscal\u00eda General de la Naci\u00f3n \u2013 Colombia. Garantizamos el acceso efectivo a la justicia, la verdad y la reparaci\u00f3n de las v\u00edctimas de los delitos.\" \/>\n<meta property=\"og:url\" content=\"https:\/\/www.fiscalia.gov.co\/colombia\/noticias\/judicializados-presuntos-responsables-de-emitir-amenazas-de-muerte-contra-el-expresidente-alvaro-uribe-velez-y-el-senador-roy-leonardo-barreras-montealegre\/\" \/>\n<meta property=\"og:site_name\" content=\"Fiscal\u00eda General de la Naci\u00f3n\" \/>\n<meta property=\"article:publisher\" content=\"https:\/\/www.facebook.com\/FiscaliaCol\" \/>\n<meta property=\"article:published_time\" content=\"2022-04-21T20:13:19+00:00\" \/>\n<meta name=\"author\" content=\"Jordan Leandro Oviedo Anzola\" \/>\n<meta name=\"twitter:card\" content=\"summary_large_image\" \/>\n<meta name=\"twitter:creator\" content=\"@FiscaliaCol\" \/>\n<meta name=\"twitter:site\" content=\"@FiscaliaCol\" \/>\n<meta name=\"twitter:label1\" content=\"Escrito por\" \/>\n\t<meta name=\"twitter:data1\" content=\"Jordan Leandro Oviedo Anzola\" \/>\n\t<meta name=\"twitter:label2\" content=\"Tiempo de lectura\" \/>\n\t<meta name=\"twitter:data2\" content=\"2 minutos\" \/>\n<script type=\"application\/ld+json\" class=\"yoast-schema-graph\">{\"@context\":\"https:\/\/schema.org\",\"@graph\":[{\"@type\":\"Article\",\"@id\":\"https:\/\/www.fiscalia.gov.co\/colombia\/noticias\/judicializados-presuntos-responsables-de-emitir-amenazas-de-muerte-contra-el-expresidente-alvaro-uribe-velez-y-el-senador-roy-leonardo-barreras-montealegre\/#article\",\"isPartOf\":{\"@id\":\"https:\/\/www.fiscalia.gov.co\/colombia\/noticias\/judicializados-presuntos-responsables-de-emitir-amenazas-de-muerte-contra-el-expresidente-alvaro-uribe-velez-y-el-senador-roy-leonardo-barreras-montealegre\/\"},\"author\":{\"name\":\"Jordan Leandro Oviedo Anzola\",\"@id\":\"https:\/\/www.fiscalia.gov.co\/colombia\/#\/schema\/person\/bf84402cf293a5393e9c70b111020b24\"},\"headline\":\"Judicializados presuntos responsables de emitir amenazas de muerte contra el expresidente \u00c1lvaro Uribe V\u00e9lez y el senador Roy Leonardo Barreras Montealegre\",\"datePublished\":\"2022-04-21T20:13:19+00:00\",\"dateModified\":\"2022-04-21T20:13:19+00:00\",\"mainEntityOfPage\":{\"@id\":\"https:\/\/www.fiscalia.gov.co\/colombia\/noticias\/judicializados-presuntos-responsables-de-emitir-amenazas-de-muerte-contra-el-expresidente-alvaro-uribe-velez-y-el-senador-roy-leonardo-barreras-montealegre\/\"},\"wordCount\":353,\"publisher\":{\"@id\":\"https:\/\/www.fiscalia.gov.co\/colombia\/#organization\"},\"keywords\":[\"\u00c1lvaro Uribe V\u00e9lez\",\"Amenazas\",\"Fiscal Barbosa\",\"Fiscal Francisco Barbosa\",\"Fiscal\u00eda General de la Naci\u00f3n\",\"Roy barreras\"],\"articleSection\":[\"Derechos Humanos\",\"Noticias\",\"Seguridad territorial\"],\"inLanguage\":\"es-CO\"},{\"@type\":\"WebPage\",\"@id\":\"https:\/\/www.fiscalia.gov.co\/colombia\/noticias\/judicializados-presuntos-responsables-de-emitir-amenazas-de-muerte-contra-el-expresidente-alvaro-uribe-velez-y-el-senador-roy-leonardo-barreras-montealegre\/\",\"url\":\"https:\/\/www.fiscalia.gov.co\/colombia\/noticias\/judicializados-presuntos-responsables-de-emitir-amenazas-de-muerte-contra-el-expresidente-alvaro-uribe-velez-y-el-senador-roy-leonardo-barreras-montealegre\/\",\"name\":\"Fiscal\u00eda General de la Naci\u00f3n\",\"isPartOf\":{\"@id\":\"https:\/\/www.fiscalia.gov.co\/colombia\/#website\"},\"datePublished\":\"2022-04-21T20:13:19+00:00\",\"dateModified\":\"2022-04-21T20:13:19+00:00\",\"description\":\"P\u00e1gina oficial de la Fiscal\u00eda General de la Naci\u00f3n \u2013 Colombia. Garantizamos el acceso efectivo a la justicia, la verdad y la reparaci\u00f3n de las v\u00edctimas de los delitos.\",\"breadcrumb\":{\"@id\":\"https:\/\/www.fiscalia.gov.co\/colombia\/noticias\/judicializados-presuntos-responsables-de-emitir-amenazas-de-muerte-contra-el-expresidente-alvaro-uribe-velez-y-el-senador-roy-leonardo-barreras-montealegre\/#breadcrumb\"},\"inLanguage\":\"es-CO\",\"potentialAction\":[{\"@type\":\"ReadAction\",\"target\":[\"https:\/\/www.fiscalia.gov.co\/colombia\/noticias\/judicializados-presuntos-responsables-de-emitir-amenazas-de-muerte-contra-el-expresidente-alvaro-uribe-velez-y-el-senador-roy-leonardo-barreras-montealegre\/\"]}]},{\"@type\":\"BreadcrumbList\",\"@id\":\"https:\/\/www.fiscalia.gov.co\/colombia\/noticias\/judicializados-presuntos-responsables-de-emitir-amenazas-de-muerte-contra-el-expresidente-alvaro-uribe-velez-y-el-senador-roy-leonardo-barreras-montealegre\/#breadcrumb\",\"itemListElement\":[{\"@type\":\"ListItem\",\"position\":1,\"name\":\"Home\",\"item\":\"https:\/\/www.fiscalia.gov.co\/colombia\/\"},{\"@type\":\"ListItem\",\"position\":2,\"name\":\"Judicializados presuntos responsables de emitir amenazas de muerte contra el expresidente \u00c1lvaro Uribe V\u00e9lez y el senador Roy Leonardo Barreras Montealegre\"}]},{\"@type\":\"WebSite\",\"@id\":\"https:\/\/www.fiscalia.gov.co\/colombia\/#website\",\"url\":\"https:\/\/www.fiscalia.gov.co\/colombia\/\",\"name\":\"Fiscal\u00eda General de la Naci\u00f3n\",\"description\":\"P\u00e1gina oficial de la Fiscal\u00eda General de la Naci\u00f3n \u2013 Colombia. Garantizamos el acceso efectivo a la justicia, la verdad y la reparaci\u00f3n de las v\u00edctimas de los delitos.\",\"publisher\":{\"@id\":\"https:\/\/www.fiscalia.gov.co\/colombia\/#organization\"},\"potentialAction\":[{\"@type\":\"SearchAction\",\"target\":{\"@type\":\"EntryPoint\",\"urlTemplate\":\"https:\/\/www.fiscalia.gov.co\/colombia\/?s={search_term_string}\"},\"query-input\":{\"@type\":\"PropertyValueSpecification\",\"valueRequired\":true,\"valueName\":\"search_term_string\"}}],\"inLanguage\":\"es-CO\"},{\"@type\":\"Organization\",\"@id\":\"https:\/\/www.fiscalia.gov.co\/colombia\/#organization\",\"name\":\"Fiscal\u00eda General de la Naci\u00f3n\",\"url\":\"https:\/\/www.fiscalia.gov.co\/colombia\/\",\"logo\":{\"@type\":\"ImageObject\",\"inLanguage\":\"es-CO\",\"@id\":\"https:\/\/www.fiscalia.gov.co\/colombia\/#\/schema\/logo\/image\/\",\"url\":\"https:\/\/www.fiscalia.gov.co\/colombia\/wp-content\/uploads\/LogoHorizontal_1.jpg\",\"contentUrl\":\"https:\/\/www.fiscalia.gov.co\/colombia\/wp-content\/uploads\/LogoHorizontal_1.jpg\",\"width\":300,\"height\":90,\"caption\":\"Fiscal\u00eda General de la Naci\u00f3n\"},\"image\":{\"@id\":\"https:\/\/www.fiscalia.gov.co\/colombia\/#\/schema\/logo\/image\/\"},\"sameAs\":[\"https:\/\/www.facebook.com\/FiscaliaCol\",\"https:\/\/x.com\/FiscaliaCol\",\"https:\/\/www.instagram.com\/fiscaliacol\",\"https:\/\/www.linkedin.com\/company\/fiscalia-general-de-la-naci-n\/\",\"https:\/\/youtube.com\/@fiscaliageneraldelanacion-4668?si=6nN79nyQICPU5iTh\"]},{\"@type\":\"Person\",\"@id\":\"https:\/\/www.fiscalia.gov.co\/colombia\/#\/schema\/person\/bf84402cf293a5393e9c70b111020b24\",\"name\":\"Jordan Leandro Oviedo Anzola\",\"image\":{\"@type\":\"ImageObject\",\"inLanguage\":\"es-CO\",\"@id\":\"https:\/\/www.fiscalia.gov.co\/colombia\/#\/schema\/person\/image\/\",\"url\":\"https:\/\/secure.gravatar.com\/avatar\/dabba4346fa9b9207d96adafa8f92721?s=96&d=mm&r=g\",\"contentUrl\":\"https:\/\/secure.gravatar.com\/avatar\/dabba4346fa9b9207d96adafa8f92721?s=96&d=mm&r=g\",\"caption\":\"Jordan Leandro Oviedo Anzola\"},\"url\":\"https:\/\/www.fiscalia.gov.co\/colombia\/author\/joviedo\/\"}]}<\/script>\n<!-- \/ Yoast SEO plugin. -->","yoast_head_json":{"title":"Fiscal\u00eda General de la Naci\u00f3n","description":"P\u00e1gina oficial de la Fiscal\u00eda General de la Naci\u00f3n \u2013 Colombia. Garantizamos el acceso efectivo a la justicia, la verdad y la reparaci\u00f3n de las v\u00edctimas de los delitos.","robots":{"index":"noindex","follow":"follow"},"og_locale":"es_ES","og_type":"article","og_title":"Fiscal\u00eda General de la Naci\u00f3n","og_description":"P\u00e1gina oficial de la Fiscal\u00eda General de la Naci\u00f3n \u2013 Colombia. Garantizamos el acceso efectivo a la justicia, la verdad y la reparaci\u00f3n de las v\u00edctimas de los delitos.","og_url":"https:\/\/www.fiscalia.gov.co\/colombia\/noticias\/judicializados-presuntos-responsables-de-emitir-amenazas-de-muerte-contra-el-expresidente-alvaro-uribe-velez-y-el-senador-roy-leonardo-barreras-montealegre\/","og_site_name":"Fiscal\u00eda General de la Naci\u00f3n","article_publisher":"https:\/\/www.facebook.com\/FiscaliaCol","article_published_time":"2022-04-21T20:13:19+00:00","author":"Jordan Leandro Oviedo Anzola","twitter_card":"summary_large_image","twitter_creator":"@FiscaliaCol","twitter_site":"@FiscaliaCol","twitter_misc":{"Escrito por":"Jordan Leandro Oviedo Anzola","Tiempo de lectura":"2 minutos"},"schema":{"@context":"https:\/\/schema.org","@graph":[{"@type":"Article","@id":"https:\/\/www.fiscalia.gov.co\/colombia\/noticias\/judicializados-presuntos-responsables-de-emitir-amenazas-de-muerte-contra-el-expresidente-alvaro-uribe-velez-y-el-senador-roy-leonardo-barreras-montealegre\/#article","isPartOf":{"@id":"https:\/\/www.fiscalia.gov.co\/colombia\/noticias\/judicializados-presuntos-responsables-de-emitir-amenazas-de-muerte-contra-el-expresidente-alvaro-uribe-velez-y-el-senador-roy-leonardo-barreras-montealegre\/"},"author":{"name":"Jordan Leandro Oviedo Anzola","@id":"https:\/\/www.fiscalia.gov.co\/colombia\/#\/schema\/person\/bf84402cf293a5393e9c70b111020b24"},"headline":"Judicializados presuntos responsables de emitir amenazas de muerte contra el expresidente \u00c1lvaro Uribe V\u00e9lez y el senador Roy Leonardo Barreras Montealegre","datePublished":"2022-04-21T20:13:19+00:00","dateModified":"2022-04-21T20:13:19+00:00","mainEntityOfPage":{"@id":"https:\/\/www.fiscalia.gov.co\/colombia\/noticias\/judicializados-presuntos-responsables-de-emitir-amenazas-de-muerte-contra-el-expresidente-alvaro-uribe-velez-y-el-senador-roy-leonardo-barreras-montealegre\/"},"wordCount":353,"publisher":{"@id":"https:\/\/www.fiscalia.gov.co\/colombia\/#organization"},"keywords":["\u00c1lvaro Uribe V\u00e9lez","Amenazas","Fiscal Barbosa","Fiscal Francisco Barbosa","Fiscal\u00eda General de la Naci\u00f3n","Roy barreras"],"articleSection":["Derechos Humanos","Noticias","Seguridad territorial"],"inLanguage":"es-CO"},{"@type":"WebPage","@id":"https:\/\/www.fiscalia.gov.co\/colombia\/noticias\/judicializados-presuntos-responsables-de-emitir-amenazas-de-muerte-contra-el-expresidente-alvaro-uribe-velez-y-el-senador-roy-leonardo-barreras-montealegre\/","url":"https:\/\/www.fiscalia.gov.co\/colombia\/noticias\/judicializados-presuntos-responsables-de-emitir-amenazas-de-muerte-contra-el-expresidente-alvaro-uribe-velez-y-el-senador-roy-leonardo-barreras-montealegre\/","name":"Fiscal\u00eda General de la Naci\u00f3n","isPartOf":{"@id":"https:\/\/www.fiscalia.gov.co\/colombia\/#website"},"datePublished":"2022-04-21T20:13:19+00:00","dateModified":"2022-04-21T20:13:19+00:00","description":"P\u00e1gina oficial de la Fiscal\u00eda General de la Naci\u00f3n \u2013 Colombia. Garantizamos el acceso efectivo a la justicia, la verdad y la reparaci\u00f3n de las v\u00edctimas de los delitos.","breadcrumb":{"@id":"https:\/\/www.fiscalia.gov.co\/colombia\/noticias\/judicializados-presuntos-responsables-de-emitir-amenazas-de-muerte-contra-el-expresidente-alvaro-uribe-velez-y-el-senador-roy-leonardo-barreras-montealegre\/#breadcrumb"},"inLanguage":"es-CO","potentialAction":[{"@type":"ReadAction","target":["https:\/\/www.fiscalia.gov.co\/colombia\/noticias\/judicializados-presuntos-responsables-de-emitir-amenazas-de-muerte-contra-el-expresidente-alvaro-uribe-velez-y-el-senador-roy-leonardo-barreras-montealegre\/"]}]},{"@type":"BreadcrumbList","@id":"https:\/\/www.fiscalia.gov.co\/colombia\/noticias\/judicializados-presuntos-responsables-de-emitir-amenazas-de-muerte-contra-el-expresidente-alvaro-uribe-velez-y-el-senador-roy-leonardo-barreras-montealegre\/#breadcrumb","itemListElement":[{"@type":"ListItem","position":1,"name":"Home","item":"https:\/\/www.fiscalia.gov.co\/colombia\/"},{"@type":"ListItem","position":2,"name":"Judicializados presuntos responsables de emitir amenazas de muerte contra el expresidente \u00c1lvaro Uribe V\u00e9lez y el senador Roy Leonardo Barreras Montealegre"}]},{"@type":"WebSite","@id":"https:\/\/www.fiscalia.gov.co\/colombia\/#website","url":"https:\/\/www.fiscalia.gov.co\/colombia\/","name":"Fiscal\u00eda General de la Naci\u00f3n","description":"P\u00e1gina oficial de la Fiscal\u00eda General de la Naci\u00f3n \u2013 Colombia. Garantizamos el acceso efectivo a la justicia, la verdad y la reparaci\u00f3n de las v\u00edctimas de los delitos.","publisher":{"@id":"https:\/\/www.fiscalia.gov.co\/colombia\/#organization"},"potentialAction":[{"@type":"SearchAction","target":{"@type":"EntryPoint","urlTemplate":"https:\/\/www.fiscalia.gov.co\/colombia\/?s={search_term_string}"},"query-input":{"@type":"PropertyValueSpecification","valueRequired":true,"valueName":"search_term_string"}}],"inLanguage":"es-CO"},{"@type":"Organization","@id":"https:\/\/www.fiscalia.gov.co\/colombia\/#organization","name":"Fiscal\u00eda General de la Naci\u00f3n","url":"https:\/\/www.fiscalia.gov.co\/colombia\/","logo":{"@type":"ImageObject","inLanguage":"es-CO","@id":"https:\/\/www.fiscalia.gov.co\/colombia\/#\/schema\/logo\/image\/","url":"https:\/\/www.fiscalia.gov.co\/colombia\/wp-content\/uploads\/LogoHorizontal_1.jpg","contentUrl":"https:\/\/www.fiscalia.gov.co\/colombia\/wp-content\/uploads\/LogoHorizontal_1.jpg","width":300,"height":90,"caption":"Fiscal\u00eda General de la Naci\u00f3n"},"image":{"@id":"https:\/\/www.fiscalia.gov.co\/colombia\/#\/schema\/logo\/image\/"},"sameAs":["https:\/\/www.facebook.com\/FiscaliaCol","https:\/\/x.com\/FiscaliaCol","https:\/\/www.instagram.com\/fiscaliacol","https:\/\/www.linkedin.com\/company\/fiscalia-general-de-la-naci-n\/","https:\/\/youtube.com\/@fiscaliageneraldelanacion-4668?si=6nN79nyQICPU5iTh"]},{"@type":"Person","@id":"https:\/\/www.fiscalia.gov.co\/colombia\/#\/schema\/person\/bf84402cf293a5393e9c70b111020b24","name":"Jordan Leandro Oviedo Anzola","image":{"@type":"ImageObject","inLanguage":"es-CO","@id":"https:\/\/www.fiscalia.gov.co\/colombia\/#\/schema\/person\/image\/","url":"https:\/\/secure.gravatar.com\/avatar\/dabba4346fa9b9207d96adafa8f92721?s=96&d=mm&r=g","contentUrl":"https:\/\/secure.gravatar.com\/avatar\/dabba4346fa9b9207d96adafa8f92721?s=96&d=mm&r=g","caption":"Jordan Leandro Oviedo Anzola"},"url":"https:\/\/www.fiscalia.gov.co\/colombia\/author\/joviedo\/"}]}},"_links":{"self":[{"href":"https:\/\/www.fiscalia.gov.co\/colombia\/wp-json\/wp\/v2\/posts\/246472","targetHints":{"allow":["GET"]}}],"collection":[{"href":"https:\/\/www.fiscalia.gov.co\/colombia\/wp-json\/wp\/v2\/posts"}],"about":[{"href":"https:\/\/www.fiscalia.gov.co\/colombia\/wp-json\/wp\/v2\/types\/post"}],"author":[{"embeddable":true,"href":"https:\/\/www.fiscalia.gov.co\/colombia\/wp-json\/wp\/v2\/users\/177"}],"replies":[{"embeddable":true,"href":"https:\/\/www.fiscalia.gov.co\/colombia\/wp-json\/wp\/v2\/comments?post=246472"}],"version-history":[{"count":1,"href":"https:\/\/www.fiscalia.gov.co\/colombia\/wp-json\/wp\/v2\/posts\/246472\/revisions"}],"predecessor-version":[{"id":246473,"href":"https:\/\/www.fiscalia.gov.co\/colombia\/wp-json\/wp\/v2\/posts\/246472\/revisions\/246473"}],"wp:attachment":[{"href":"https:\/\/www.fiscalia.gov.co\/colombia\/wp-json\/wp\/v2\/media?parent=246472"}],"wp:term":[{"taxonomy":"category","embeddable":true,"href":"https:\/\/www.fiscalia.gov.co\/colombia\/wp-json\/wp\/v2\/categories?post=246472"},{"taxonomy":"post_tag","embeddable":true,"href":"https:\/\/www.fiscalia.gov.co\/colombia\/wp-json\/wp\/v2\/tags?post=246472"}],"curies":[{"name":"wp","href":"https:\/\/api.w.org\/{rel}","templated":true}]}}