{"id":246449,"date":"2022-04-21T11:00:38","date_gmt":"2022-04-21T16:00:38","guid":{"rendered":"https:\/\/www.fiscalia.gov.co\/colombia\/?p=246449"},"modified":"2022-04-21T11:00:38","modified_gmt":"2022-04-21T16:00:38","slug":"a-la-carcel-un-hombre-que-presuntamente-transportaba-dos-millones-de-dolares-falsos-en-un-vehiculo-de-transporte-publico","status":"publish","type":"post","link":"https:\/\/www.fiscalia.gov.co\/colombia\/noticias\/a-la-carcel-un-hombre-que-presuntamente-transportaba-dos-millones-de-dolares-falsos-en-un-vehiculo-de-transporte-publico\/","title":{"rendered":"A la c\u00e1rcel un hombre que presuntamente transportaba dos millones de d\u00f3lares falsos en un veh\u00edculo de transporte p\u00fablico"},"content":{"rendered":"<p style=\"font-weight: 400;\">La Fiscal\u00eda imput\u00f3 a Luis Enrique Gualpaz por el delito de tr\u00e1fico de\u00a0<a href=\"https:\/\/www.fiscalia.gov.co\/colombia\/noticias\/descubierto-centro-de-falsificacion-de-dolares-y-moneda-nacional\/\" data-saferedirecturl=\"https:\/\/www.google.com\/url?q=https:\/\/www.fiscalia.gov.co\/colombia\/noticias\/descubierto-centro-de-falsificacion-de-dolares-y-moneda-nacional\/&amp;source=gmail&amp;ust=1650642673685000&amp;usg=AOvVaw0M-QVbsq06ZNxYBpRoU1OV\">moneda falsificada<\/a>, por hechos ocurridos el 16 de abril de 2022 en el puente de Rumichaca en Ipiales (Nari\u00f1o), cuando le fueron encontrados, al parecer dos millones de\u00a0d\u00f3lares falsos.<\/p>\n<figure id=\"attachment_246451\" aria-describedby=\"caption-attachment-246451\" style=\"width: 696px\" class=\"wp-caption aligncenter\"><img loading=\"lazy\" decoding=\"async\" class=\"size-large wp-image-246451\" src=\"https:\/\/www.fiscalia.gov.co\/colombia\/wp-content\/uploads\/Fiscal-Barbosa-Luis-Enrique-Gualpaz-fue-privado-de-la-libertad-tras-ser-imputado-por-el-delito-de-trafico-de-moneda-falsificada.-1024x576.jpg\" alt=\"\" width=\"696\" height=\"392\" srcset=\"https:\/\/www.fiscalia.gov.co\/colombia\/wp-content\/uploads\/Fiscal-Barbosa-Luis-Enrique-Gualpaz-fue-privado-de-la-libertad-tras-ser-imputado-por-el-delito-de-trafico-de-moneda-falsificada.-1024x576.jpg 1024w, https:\/\/www.fiscalia.gov.co\/colombia\/wp-content\/uploads\/Fiscal-Barbosa-Luis-Enrique-Gualpaz-fue-privado-de-la-libertad-tras-ser-imputado-por-el-delito-de-trafico-de-moneda-falsificada.-300x169.jpg 300w, https:\/\/www.fiscalia.gov.co\/colombia\/wp-content\/uploads\/Fiscal-Barbosa-Luis-Enrique-Gualpaz-fue-privado-de-la-libertad-tras-ser-imputado-por-el-delito-de-trafico-de-moneda-falsificada.-768x432.jpg 768w, https:\/\/www.fiscalia.gov.co\/colombia\/wp-content\/uploads\/Fiscal-Barbosa-Luis-Enrique-Gualpaz-fue-privado-de-la-libertad-tras-ser-imputado-por-el-delito-de-trafico-de-moneda-falsificada.-696x392.jpg 696w, https:\/\/www.fiscalia.gov.co\/colombia\/wp-content\/uploads\/Fiscal-Barbosa-Luis-Enrique-Gualpaz-fue-privado-de-la-libertad-tras-ser-imputado-por-el-delito-de-trafico-de-moneda-falsificada.-1068x601.jpg 1068w, https:\/\/www.fiscalia.gov.co\/colombia\/wp-content\/uploads\/Fiscal-Barbosa-Luis-Enrique-Gualpaz-fue-privado-de-la-libertad-tras-ser-imputado-por-el-delito-de-trafico-de-moneda-falsificada.-747x420.jpg 747w, https:\/\/www.fiscalia.gov.co\/colombia\/wp-content\/uploads\/Fiscal-Barbosa-Luis-Enrique-Gualpaz-fue-privado-de-la-libertad-tras-ser-imputado-por-el-delito-de-trafico-de-moneda-falsificada..jpg 1280w\" sizes=\"auto, (max-width: 696px) 100vw, 696px\" \/><figcaption id=\"caption-attachment-246451\" class=\"wp-caption-text\">Luis Enrique Gualpaz fue privado de la libertad tras ser imputado por el delito de tr\u00e1fico de moneda falsificada.<\/figcaption><\/figure>\n<p style=\"font-weight: 400;\">Tras avalar la imputaci\u00f3n, el juez Tercero Penal Municipal de Ipiales con control de garant\u00edas lo cobij\u00f3 con medida de aseguramiento consistente en detenci\u00f3n preventiva en lugar de residencia.<\/p>\n<p style=\"font-weight: 400;\">Una fuente humana se acerc\u00f3 a la Fiscal\u00eda e inform\u00f3 sobre las actividades de un sujeto, conocido con el alias de Enrique, que presuntamente transportaba un cargamento de\u00a0<a href=\"http:\/\/iscalia.gov.co\/colombia\/noticias\/asegurados-presuntos-integrantes-de-los-falsos-red-delincuencial-senalada-de-suplantacion-y-estafas-con-dolares\/\" data-saferedirecturl=\"https:\/\/www.google.com\/url?q=http:\/\/iscalia.gov.co\/colombia\/noticias\/asegurados-presuntos-integrantes-de-los-falsos-red-delincuencial-senalada-de-suplantacion-y-estafas-con-dolares\/&amp;source=gmail&amp;ust=1650642673685000&amp;usg=AOvVaw2D5qcHndtms7-CAPFkg42N\">d\u00f3lares falsos<\/a>\u00a0fabricados en una imprenta de Tulc\u00e1n, Ecuador, en un veh\u00edculo de servicio p\u00fablico.<\/p>\n<p style=\"font-weight: 400;\">La fuente entreg\u00f3 detalles del microb\u00fas de servicio p\u00fablico en el que se transportaba el asegurado, por lo que agentes de la Dijin de la Polic\u00eca Nacional y uniformados de la Polic\u00eda Antinarc\u00f3ticos ubicaron un ret\u00e9n m\u00f3vil, en el puente de Rumichaca. Una vez el veh\u00edculo lleg\u00f3 al sitio, los agentes le hicieron una se\u00f1al de pare y solicitaron una requisa en la bodega de equipajes.<\/p>\n<p style=\"font-weight: 400;\">Durante la diligencia, Gualpaz present\u00f3 su c\u00e9dula de ciudadan\u00eda y autoriz\u00f3 la requisa de una caja de color amarillo con rojo marcada con un sobre en el que estaba escrito el nombre de una imprenta ecuatoriana. .<\/p>\n<p style=\"font-weight: 400;\">Los agentes hallaron 20 paquetes envueltos en una pel\u00edcula de polietileno dentro de los cuales hab\u00eda 10 fajos con billetes de 100 d\u00f3lares que, en su totalidad, sumaron dos millones de d\u00f3lares.<\/p>\n<p style=\"font-weight: 400;\">Los investigadores de la Dijin verificaron las caracter\u00edsticas f\u00edsicas de los billetes encontrando que no pose\u00edan la banda de seguridad de color rosado que acompa\u00f1a a los aut\u00e9nticos de 100 d\u00f3lares, ni el a\u00f1o en que fueron emitidos por la Reserva Federal de Estados Unidos.<\/p>\n<p style=\"font-weight: 400;\">Gualpaz fue detenido al no dar raz\u00f3n de la posesi\u00f3n de los d\u00f3lares falsos ni cu\u00e1l era su destino final, por lo que le fueron le\u00eddos los derechos del capturado y fue trasladado a la URI de la Fiscal\u00eda de Ipiales.<\/p>\n<p style=\"font-weight: 400;\">Estos resultados obedecen a los lineamientos trazados por el Fiscal General de la Naci\u00f3n, Francisco Barbosa Delgado, en su pol\u00edtica institucional \u201cEn la calle y en los territorios\u201d, para combatir las redes de falsificaci\u00f3n de moneda y los fen\u00f3menos criminales que afectan la seguridad ciudadana.<\/p>\n<p style=\"font-weight: 400;\"><strong>La Fiscal\u00eda habla con resultados\u00a0<\/strong><\/p>\n<p style=\"font-weight: 400;\">\n<p>&nbsp;<\/p>\n<p>&nbsp;<\/p>\n<p style=\"font-weight: 400;\">JGP\/CFG\/LVB\/DSN<\/p>\n<p style=\"font-weight: 400;\">\n<p>&nbsp;<\/p>\n<p>&nbsp;<\/p>\n<p style=\"font-weight: 400;\"><em>La informaci\u00f3n contenida en este bolet\u00edn de prensa corresponde a la narraci\u00f3n de los hechos noticiosos objetivos, suministrados por los funcionarios encargados de adelantar las investigaciones penales al interior de la Fiscal\u00eda General de la Naci\u00f3n. Para el momento de la divulgaci\u00f3n de este comunicado, la situaci\u00f3n jur\u00eddica de la(s) persona(s) relacionada(s) se encuentra pendiente de resolver por la autoridad judicial competente, siempre bajo los preceptos de la presunci\u00f3n de inocencia, consagrados en el art\u00edculo 29 de la Constituci\u00f3n Pol\u00edtica y el art\u00edculo 7\u00ba de la Ley 906 de 2004<strong>.<\/strong><\/em><\/p>\n\n<div class=\"twitter-share\"><a href=\"https:\/\/twitter.com\/intent\/tweet?via=fiscaliacol\" class=\"twitter-share-button\">Tweet<\/a><\/div>\n","protected":false},"excerpt":{"rendered":"<p>La Fiscal\u00eda imput\u00f3 a Luis Enrique Gualpaz por el delito de tr\u00e1fico de\u00a0moneda falsificada, por hechos ocurridos el 16 de abril de 2022 en el puente de Rumichaca en Ipiales [&hellip;]<\/p>\n","protected":false},"author":177,"featured_media":0,"comment_status":"closed","ping_status":"open","sticky":false,"template":"","format":"standard","meta":{"tdm_status":"","tdm_grid_status":"","footnotes":""},"categories":[1,334,303,24099],"tags":[1669,10,24481,1047,24182,31353],"class_list":["post-246449","post","type-post","status-publish","format-standard","category-noticias","category-seccional-pasto","category-seccionales","category-seguridad-territorial","tag-dolares-falsos","tag-fiscal-general","tag-fiscalia-de-colombia","tag-fiscalia-general-de-la-nacion","tag-francisco-barbosa-delgado","tag-moneda-falsificada"],"yoast_head":"<!-- This site is optimized with the Yoast SEO plugin v24.3 - https:\/\/yoast.com\/wordpress\/plugins\/seo\/ -->\n<title>Fiscal\u00eda General de la Naci\u00f3n<\/title>\n<meta name=\"description\" content=\"P\u00e1gina oficial de la Fiscal\u00eda General de la Naci\u00f3n \u2013 Colombia. Garantizamos el acceso efectivo a la justicia, la verdad y la reparaci\u00f3n de las v\u00edctimas de los delitos.\" \/>\n<meta name=\"robots\" content=\"noindex, follow\" \/>\n<meta property=\"og:locale\" content=\"es_ES\" \/>\n<meta property=\"og:type\" content=\"article\" \/>\n<meta property=\"og:title\" content=\"Fiscal\u00eda General de la Naci\u00f3n\" \/>\n<meta property=\"og:description\" content=\"P\u00e1gina oficial de la Fiscal\u00eda General de la Naci\u00f3n \u2013 Colombia. Garantizamos el acceso efectivo a la justicia, la verdad y la reparaci\u00f3n de las v\u00edctimas de los delitos.\" \/>\n<meta property=\"og:url\" content=\"https:\/\/www.fiscalia.gov.co\/colombia\/noticias\/a-la-carcel-un-hombre-que-presuntamente-transportaba-dos-millones-de-dolares-falsos-en-un-vehiculo-de-transporte-publico\/\" \/>\n<meta property=\"og:site_name\" content=\"Fiscal\u00eda General de la Naci\u00f3n\" \/>\n<meta property=\"article:publisher\" content=\"https:\/\/www.facebook.com\/FiscaliaCol\" \/>\n<meta property=\"article:published_time\" content=\"2022-04-21T16:00:38+00:00\" \/>\n<meta property=\"og:image\" content=\"https:\/\/www.fiscalia.gov.co\/colombia\/wp-content\/uploads\/Fiscal-Barbosa-Luis-Enrique-Gualpaz-fue-privado-de-la-libertad-tras-ser-imputado-por-el-delito-de-trafico-de-moneda-falsificada.-1024x576.jpg\" \/>\n<meta name=\"author\" content=\"Jordan Leandro Oviedo Anzola\" \/>\n<meta name=\"twitter:card\" content=\"summary_large_image\" \/>\n<meta name=\"twitter:creator\" content=\"@FiscaliaCol\" \/>\n<meta name=\"twitter:site\" content=\"@FiscaliaCol\" \/>\n<meta name=\"twitter:label1\" content=\"Escrito por\" \/>\n\t<meta name=\"twitter:data1\" content=\"Jordan Leandro Oviedo Anzola\" \/>\n\t<meta name=\"twitter:label2\" content=\"Tiempo de lectura\" \/>\n\t<meta name=\"twitter:data2\" content=\"3 minutos\" \/>\n<script type=\"application\/ld+json\" class=\"yoast-schema-graph\">{\"@context\":\"https:\/\/schema.org\",\"@graph\":[{\"@type\":\"Article\",\"@id\":\"https:\/\/www.fiscalia.gov.co\/colombia\/noticias\/a-la-carcel-un-hombre-que-presuntamente-transportaba-dos-millones-de-dolares-falsos-en-un-vehiculo-de-transporte-publico\/#article\",\"isPartOf\":{\"@id\":\"https:\/\/www.fiscalia.gov.co\/colombia\/noticias\/a-la-carcel-un-hombre-que-presuntamente-transportaba-dos-millones-de-dolares-falsos-en-un-vehiculo-de-transporte-publico\/\"},\"author\":{\"name\":\"Jordan Leandro Oviedo Anzola\",\"@id\":\"https:\/\/www.fiscalia.gov.co\/colombia\/#\/schema\/person\/bf84402cf293a5393e9c70b111020b24\"},\"headline\":\"A la c\u00e1rcel un hombre que presuntamente transportaba dos millones de d\u00f3lares falsos en un veh\u00edculo de transporte p\u00fablico\",\"datePublished\":\"2022-04-21T16:00:38+00:00\",\"dateModified\":\"2022-04-21T16:00:38+00:00\",\"mainEntityOfPage\":{\"@id\":\"https:\/\/www.fiscalia.gov.co\/colombia\/noticias\/a-la-carcel-un-hombre-que-presuntamente-transportaba-dos-millones-de-dolares-falsos-en-un-vehiculo-de-transporte-publico\/\"},\"wordCount\":584,\"publisher\":{\"@id\":\"https:\/\/www.fiscalia.gov.co\/colombia\/#organization\"},\"image\":{\"@id\":\"https:\/\/www.fiscalia.gov.co\/colombia\/noticias\/a-la-carcel-un-hombre-que-presuntamente-transportaba-dos-millones-de-dolares-falsos-en-un-vehiculo-de-transporte-publico\/#primaryimage\"},\"thumbnailUrl\":\"https:\/\/www.fiscalia.gov.co\/colombia\/wp-content\/uploads\/Fiscal-Barbosa-Luis-Enrique-Gualpaz-fue-privado-de-la-libertad-tras-ser-imputado-por-el-delito-de-trafico-de-moneda-falsificada.-1024x576.jpg\",\"keywords\":[\"D\u00f3lares falsos\",\"Fiscal General\",\"Fiscal\u00eda de Colombia\",\"Fiscal\u00eda General de la Naci\u00f3n\",\"Francisco Barbosa Delgado\",\"moneda falsificada\"],\"articleSection\":[\"Noticias\",\"Seccional Pasto\",\"Seccionales\",\"Seguridad territorial\"],\"inLanguage\":\"es-CO\"},{\"@type\":\"WebPage\",\"@id\":\"https:\/\/www.fiscalia.gov.co\/colombia\/noticias\/a-la-carcel-un-hombre-que-presuntamente-transportaba-dos-millones-de-dolares-falsos-en-un-vehiculo-de-transporte-publico\/\",\"url\":\"https:\/\/www.fiscalia.gov.co\/colombia\/noticias\/a-la-carcel-un-hombre-que-presuntamente-transportaba-dos-millones-de-dolares-falsos-en-un-vehiculo-de-transporte-publico\/\",\"name\":\"Fiscal\u00eda General de la Naci\u00f3n\",\"isPartOf\":{\"@id\":\"https:\/\/www.fiscalia.gov.co\/colombia\/#website\"},\"primaryImageOfPage\":{\"@id\":\"https:\/\/www.fiscalia.gov.co\/colombia\/noticias\/a-la-carcel-un-hombre-que-presuntamente-transportaba-dos-millones-de-dolares-falsos-en-un-vehiculo-de-transporte-publico\/#primaryimage\"},\"image\":{\"@id\":\"https:\/\/www.fiscalia.gov.co\/colombia\/noticias\/a-la-carcel-un-hombre-que-presuntamente-transportaba-dos-millones-de-dolares-falsos-en-un-vehiculo-de-transporte-publico\/#primaryimage\"},\"thumbnailUrl\":\"https:\/\/www.fiscalia.gov.co\/colombia\/wp-content\/uploads\/Fiscal-Barbosa-Luis-Enrique-Gualpaz-fue-privado-de-la-libertad-tras-ser-imputado-por-el-delito-de-trafico-de-moneda-falsificada.-1024x576.jpg\",\"datePublished\":\"2022-04-21T16:00:38+00:00\",\"dateModified\":\"2022-04-21T16:00:38+00:00\",\"description\":\"P\u00e1gina oficial de la Fiscal\u00eda General de la Naci\u00f3n \u2013 Colombia. Garantizamos el acceso efectivo a la justicia, la verdad y la reparaci\u00f3n de las v\u00edctimas de los delitos.\",\"breadcrumb\":{\"@id\":\"https:\/\/www.fiscalia.gov.co\/colombia\/noticias\/a-la-carcel-un-hombre-que-presuntamente-transportaba-dos-millones-de-dolares-falsos-en-un-vehiculo-de-transporte-publico\/#breadcrumb\"},\"inLanguage\":\"es-CO\",\"potentialAction\":[{\"@type\":\"ReadAction\",\"target\":[\"https:\/\/www.fiscalia.gov.co\/colombia\/noticias\/a-la-carcel-un-hombre-que-presuntamente-transportaba-dos-millones-de-dolares-falsos-en-un-vehiculo-de-transporte-publico\/\"]}]},{\"@type\":\"ImageObject\",\"inLanguage\":\"es-CO\",\"@id\":\"https:\/\/www.fiscalia.gov.co\/colombia\/noticias\/a-la-carcel-un-hombre-que-presuntamente-transportaba-dos-millones-de-dolares-falsos-en-un-vehiculo-de-transporte-publico\/#primaryimage\",\"url\":\"https:\/\/www.fiscalia.gov.co\/colombia\/wp-content\/uploads\/Fiscal-Barbosa-Luis-Enrique-Gualpaz-fue-privado-de-la-libertad-tras-ser-imputado-por-el-delito-de-trafico-de-moneda-falsificada..jpg\",\"contentUrl\":\"https:\/\/www.fiscalia.gov.co\/colombia\/wp-content\/uploads\/Fiscal-Barbosa-Luis-Enrique-Gualpaz-fue-privado-de-la-libertad-tras-ser-imputado-por-el-delito-de-trafico-de-moneda-falsificada..jpg\",\"width\":1280,\"height\":720,\"caption\":\"Luis Enrique Gualpaz fue privado de la libertad tras ser imputado por el delito de tr\u00e1fico de moneda falsificada.\"},{\"@type\":\"BreadcrumbList\",\"@id\":\"https:\/\/www.fiscalia.gov.co\/colombia\/noticias\/a-la-carcel-un-hombre-que-presuntamente-transportaba-dos-millones-de-dolares-falsos-en-un-vehiculo-de-transporte-publico\/#breadcrumb\",\"itemListElement\":[{\"@type\":\"ListItem\",\"position\":1,\"name\":\"Home\",\"item\":\"https:\/\/www.fiscalia.gov.co\/colombia\/\"},{\"@type\":\"ListItem\",\"position\":2,\"name\":\"A la c\u00e1rcel un hombre que presuntamente transportaba dos millones de d\u00f3lares falsos en un veh\u00edculo de transporte p\u00fablico\"}]},{\"@type\":\"WebSite\",\"@id\":\"https:\/\/www.fiscalia.gov.co\/colombia\/#website\",\"url\":\"https:\/\/www.fiscalia.gov.co\/colombia\/\",\"name\":\"Fiscal\u00eda General de la Naci\u00f3n\",\"description\":\"P\u00e1gina oficial de la Fiscal\u00eda General de la Naci\u00f3n \u2013 Colombia. Garantizamos el acceso efectivo a la justicia, la verdad y la reparaci\u00f3n de las v\u00edctimas de los delitos.\",\"publisher\":{\"@id\":\"https:\/\/www.fiscalia.gov.co\/colombia\/#organization\"},\"potentialAction\":[{\"@type\":\"SearchAction\",\"target\":{\"@type\":\"EntryPoint\",\"urlTemplate\":\"https:\/\/www.fiscalia.gov.co\/colombia\/?s={search_term_string}\"},\"query-input\":{\"@type\":\"PropertyValueSpecification\",\"valueRequired\":true,\"valueName\":\"search_term_string\"}}],\"inLanguage\":\"es-CO\"},{\"@type\":\"Organization\",\"@id\":\"https:\/\/www.fiscalia.gov.co\/colombia\/#organization\",\"name\":\"Fiscal\u00eda General de la Naci\u00f3n\",\"url\":\"https:\/\/www.fiscalia.gov.co\/colombia\/\",\"logo\":{\"@type\":\"ImageObject\",\"inLanguage\":\"es-CO\",\"@id\":\"https:\/\/www.fiscalia.gov.co\/colombia\/#\/schema\/logo\/image\/\",\"url\":\"https:\/\/www.fiscalia.gov.co\/colombia\/wp-content\/uploads\/LogoHorizontal_1.jpg\",\"contentUrl\":\"https:\/\/www.fiscalia.gov.co\/colombia\/wp-content\/uploads\/LogoHorizontal_1.jpg\",\"width\":300,\"height\":90,\"caption\":\"Fiscal\u00eda General de la Naci\u00f3n\"},\"image\":{\"@id\":\"https:\/\/www.fiscalia.gov.co\/colombia\/#\/schema\/logo\/image\/\"},\"sameAs\":[\"https:\/\/www.facebook.com\/FiscaliaCol\",\"https:\/\/x.com\/FiscaliaCol\",\"https:\/\/www.instagram.com\/fiscaliacol\",\"https:\/\/www.linkedin.com\/company\/fiscalia-general-de-la-naci-n\/\",\"https:\/\/youtube.com\/@fiscaliageneraldelanacion-4668?si=6nN79nyQICPU5iTh\"]},{\"@type\":\"Person\",\"@id\":\"https:\/\/www.fiscalia.gov.co\/colombia\/#\/schema\/person\/bf84402cf293a5393e9c70b111020b24\",\"name\":\"Jordan Leandro Oviedo Anzola\",\"image\":{\"@type\":\"ImageObject\",\"inLanguage\":\"es-CO\",\"@id\":\"https:\/\/www.fiscalia.gov.co\/colombia\/#\/schema\/person\/image\/\",\"url\":\"https:\/\/secure.gravatar.com\/avatar\/dabba4346fa9b9207d96adafa8f92721?s=96&d=mm&r=g\",\"contentUrl\":\"https:\/\/secure.gravatar.com\/avatar\/dabba4346fa9b9207d96adafa8f92721?s=96&d=mm&r=g\",\"caption\":\"Jordan Leandro Oviedo Anzola\"},\"url\":\"https:\/\/www.fiscalia.gov.co\/colombia\/author\/joviedo\/\"}]}<\/script>\n<!-- \/ Yoast SEO plugin. -->","yoast_head_json":{"title":"Fiscal\u00eda General de la Naci\u00f3n","description":"P\u00e1gina oficial de la Fiscal\u00eda General de la Naci\u00f3n \u2013 Colombia. Garantizamos el acceso efectivo a la justicia, la verdad y la reparaci\u00f3n de las v\u00edctimas de los delitos.","robots":{"index":"noindex","follow":"follow"},"og_locale":"es_ES","og_type":"article","og_title":"Fiscal\u00eda General de la Naci\u00f3n","og_description":"P\u00e1gina oficial de la Fiscal\u00eda General de la Naci\u00f3n \u2013 Colombia. Garantizamos el acceso efectivo a la justicia, la verdad y la reparaci\u00f3n de las v\u00edctimas de los delitos.","og_url":"https:\/\/www.fiscalia.gov.co\/colombia\/noticias\/a-la-carcel-un-hombre-que-presuntamente-transportaba-dos-millones-de-dolares-falsos-en-un-vehiculo-de-transporte-publico\/","og_site_name":"Fiscal\u00eda General de la Naci\u00f3n","article_publisher":"https:\/\/www.facebook.com\/FiscaliaCol","article_published_time":"2022-04-21T16:00:38+00:00","og_image":[{"url":"https:\/\/www.fiscalia.gov.co\/colombia\/wp-content\/uploads\/Fiscal-Barbosa-Luis-Enrique-Gualpaz-fue-privado-de-la-libertad-tras-ser-imputado-por-el-delito-de-trafico-de-moneda-falsificada.-1024x576.jpg","type":"","width":"","height":""}],"author":"Jordan Leandro Oviedo Anzola","twitter_card":"summary_large_image","twitter_creator":"@FiscaliaCol","twitter_site":"@FiscaliaCol","twitter_misc":{"Escrito por":"Jordan Leandro Oviedo Anzola","Tiempo de lectura":"3 minutos"},"schema":{"@context":"https:\/\/schema.org","@graph":[{"@type":"Article","@id":"https:\/\/www.fiscalia.gov.co\/colombia\/noticias\/a-la-carcel-un-hombre-que-presuntamente-transportaba-dos-millones-de-dolares-falsos-en-un-vehiculo-de-transporte-publico\/#article","isPartOf":{"@id":"https:\/\/www.fiscalia.gov.co\/colombia\/noticias\/a-la-carcel-un-hombre-que-presuntamente-transportaba-dos-millones-de-dolares-falsos-en-un-vehiculo-de-transporte-publico\/"},"author":{"name":"Jordan Leandro Oviedo Anzola","@id":"https:\/\/www.fiscalia.gov.co\/colombia\/#\/schema\/person\/bf84402cf293a5393e9c70b111020b24"},"headline":"A la c\u00e1rcel un hombre que presuntamente transportaba dos millones de d\u00f3lares falsos en un veh\u00edculo de transporte p\u00fablico","datePublished":"2022-04-21T16:00:38+00:00","dateModified":"2022-04-21T16:00:38+00:00","mainEntityOfPage":{"@id":"https:\/\/www.fiscalia.gov.co\/colombia\/noticias\/a-la-carcel-un-hombre-que-presuntamente-transportaba-dos-millones-de-dolares-falsos-en-un-vehiculo-de-transporte-publico\/"},"wordCount":584,"publisher":{"@id":"https:\/\/www.fiscalia.gov.co\/colombia\/#organization"},"image":{"@id":"https:\/\/www.fiscalia.gov.co\/colombia\/noticias\/a-la-carcel-un-hombre-que-presuntamente-transportaba-dos-millones-de-dolares-falsos-en-un-vehiculo-de-transporte-publico\/#primaryimage"},"thumbnailUrl":"https:\/\/www.fiscalia.gov.co\/colombia\/wp-content\/uploads\/Fiscal-Barbosa-Luis-Enrique-Gualpaz-fue-privado-de-la-libertad-tras-ser-imputado-por-el-delito-de-trafico-de-moneda-falsificada.-1024x576.jpg","keywords":["D\u00f3lares falsos","Fiscal General","Fiscal\u00eda de Colombia","Fiscal\u00eda General de la Naci\u00f3n","Francisco Barbosa Delgado","moneda falsificada"],"articleSection":["Noticias","Seccional Pasto","Seccionales","Seguridad territorial"],"inLanguage":"es-CO"},{"@type":"WebPage","@id":"https:\/\/www.fiscalia.gov.co\/colombia\/noticias\/a-la-carcel-un-hombre-que-presuntamente-transportaba-dos-millones-de-dolares-falsos-en-un-vehiculo-de-transporte-publico\/","url":"https:\/\/www.fiscalia.gov.co\/colombia\/noticias\/a-la-carcel-un-hombre-que-presuntamente-transportaba-dos-millones-de-dolares-falsos-en-un-vehiculo-de-transporte-publico\/","name":"Fiscal\u00eda General de la Naci\u00f3n","isPartOf":{"@id":"https:\/\/www.fiscalia.gov.co\/colombia\/#website"},"primaryImageOfPage":{"@id":"https:\/\/www.fiscalia.gov.co\/colombia\/noticias\/a-la-carcel-un-hombre-que-presuntamente-transportaba-dos-millones-de-dolares-falsos-en-un-vehiculo-de-transporte-publico\/#primaryimage"},"image":{"@id":"https:\/\/www.fiscalia.gov.co\/colombia\/noticias\/a-la-carcel-un-hombre-que-presuntamente-transportaba-dos-millones-de-dolares-falsos-en-un-vehiculo-de-transporte-publico\/#primaryimage"},"thumbnailUrl":"https:\/\/www.fiscalia.gov.co\/colombia\/wp-content\/uploads\/Fiscal-Barbosa-Luis-Enrique-Gualpaz-fue-privado-de-la-libertad-tras-ser-imputado-por-el-delito-de-trafico-de-moneda-falsificada.-1024x576.jpg","datePublished":"2022-04-21T16:00:38+00:00","dateModified":"2022-04-21T16:00:38+00:00","description":"P\u00e1gina oficial de la Fiscal\u00eda General de la Naci\u00f3n \u2013 Colombia. Garantizamos el acceso efectivo a la justicia, la verdad y la reparaci\u00f3n de las v\u00edctimas de los delitos.","breadcrumb":{"@id":"https:\/\/www.fiscalia.gov.co\/colombia\/noticias\/a-la-carcel-un-hombre-que-presuntamente-transportaba-dos-millones-de-dolares-falsos-en-un-vehiculo-de-transporte-publico\/#breadcrumb"},"inLanguage":"es-CO","potentialAction":[{"@type":"ReadAction","target":["https:\/\/www.fiscalia.gov.co\/colombia\/noticias\/a-la-carcel-un-hombre-que-presuntamente-transportaba-dos-millones-de-dolares-falsos-en-un-vehiculo-de-transporte-publico\/"]}]},{"@type":"ImageObject","inLanguage":"es-CO","@id":"https:\/\/www.fiscalia.gov.co\/colombia\/noticias\/a-la-carcel-un-hombre-que-presuntamente-transportaba-dos-millones-de-dolares-falsos-en-un-vehiculo-de-transporte-publico\/#primaryimage","url":"https:\/\/www.fiscalia.gov.co\/colombia\/wp-content\/uploads\/Fiscal-Barbosa-Luis-Enrique-Gualpaz-fue-privado-de-la-libertad-tras-ser-imputado-por-el-delito-de-trafico-de-moneda-falsificada..jpg","contentUrl":"https:\/\/www.fiscalia.gov.co\/colombia\/wp-content\/uploads\/Fiscal-Barbosa-Luis-Enrique-Gualpaz-fue-privado-de-la-libertad-tras-ser-imputado-por-el-delito-de-trafico-de-moneda-falsificada..jpg","width":1280,"height":720,"caption":"Luis Enrique Gualpaz fue privado de la libertad tras ser imputado por el delito de tr\u00e1fico de moneda falsificada."},{"@type":"BreadcrumbList","@id":"https:\/\/www.fiscalia.gov.co\/colombia\/noticias\/a-la-carcel-un-hombre-que-presuntamente-transportaba-dos-millones-de-dolares-falsos-en-un-vehiculo-de-transporte-publico\/#breadcrumb","itemListElement":[{"@type":"ListItem","position":1,"name":"Home","item":"https:\/\/www.fiscalia.gov.co\/colombia\/"},{"@type":"ListItem","position":2,"name":"A la c\u00e1rcel un hombre que presuntamente transportaba dos millones de d\u00f3lares falsos en un veh\u00edculo de transporte p\u00fablico"}]},{"@type":"WebSite","@id":"https:\/\/www.fiscalia.gov.co\/colombia\/#website","url":"https:\/\/www.fiscalia.gov.co\/colombia\/","name":"Fiscal\u00eda General de la Naci\u00f3n","description":"P\u00e1gina oficial de la Fiscal\u00eda General de la Naci\u00f3n \u2013 Colombia. Garantizamos el acceso efectivo a la justicia, la verdad y la reparaci\u00f3n de las v\u00edctimas de los delitos.","publisher":{"@id":"https:\/\/www.fiscalia.gov.co\/colombia\/#organization"},"potentialAction":[{"@type":"SearchAction","target":{"@type":"EntryPoint","urlTemplate":"https:\/\/www.fiscalia.gov.co\/colombia\/?s={search_term_string}"},"query-input":{"@type":"PropertyValueSpecification","valueRequired":true,"valueName":"search_term_string"}}],"inLanguage":"es-CO"},{"@type":"Organization","@id":"https:\/\/www.fiscalia.gov.co\/colombia\/#organization","name":"Fiscal\u00eda General de la Naci\u00f3n","url":"https:\/\/www.fiscalia.gov.co\/colombia\/","logo":{"@type":"ImageObject","inLanguage":"es-CO","@id":"https:\/\/www.fiscalia.gov.co\/colombia\/#\/schema\/logo\/image\/","url":"https:\/\/www.fiscalia.gov.co\/colombia\/wp-content\/uploads\/LogoHorizontal_1.jpg","contentUrl":"https:\/\/www.fiscalia.gov.co\/colombia\/wp-content\/uploads\/LogoHorizontal_1.jpg","width":300,"height":90,"caption":"Fiscal\u00eda General de la Naci\u00f3n"},"image":{"@id":"https:\/\/www.fiscalia.gov.co\/colombia\/#\/schema\/logo\/image\/"},"sameAs":["https:\/\/www.facebook.com\/FiscaliaCol","https:\/\/x.com\/FiscaliaCol","https:\/\/www.instagram.com\/fiscaliacol","https:\/\/www.linkedin.com\/company\/fiscalia-general-de-la-naci-n\/","https:\/\/youtube.com\/@fiscaliageneraldelanacion-4668?si=6nN79nyQICPU5iTh"]},{"@type":"Person","@id":"https:\/\/www.fiscalia.gov.co\/colombia\/#\/schema\/person\/bf84402cf293a5393e9c70b111020b24","name":"Jordan Leandro Oviedo Anzola","image":{"@type":"ImageObject","inLanguage":"es-CO","@id":"https:\/\/www.fiscalia.gov.co\/colombia\/#\/schema\/person\/image\/","url":"https:\/\/secure.gravatar.com\/avatar\/dabba4346fa9b9207d96adafa8f92721?s=96&d=mm&r=g","contentUrl":"https:\/\/secure.gravatar.com\/avatar\/dabba4346fa9b9207d96adafa8f92721?s=96&d=mm&r=g","caption":"Jordan Leandro Oviedo Anzola"},"url":"https:\/\/www.fiscalia.gov.co\/colombia\/author\/joviedo\/"}]}},"_links":{"self":[{"href":"https:\/\/www.fiscalia.gov.co\/colombia\/wp-json\/wp\/v2\/posts\/246449","targetHints":{"allow":["GET"]}}],"collection":[{"href":"https:\/\/www.fiscalia.gov.co\/colombia\/wp-json\/wp\/v2\/posts"}],"about":[{"href":"https:\/\/www.fiscalia.gov.co\/colombia\/wp-json\/wp\/v2\/types\/post"}],"author":[{"embeddable":true,"href":"https:\/\/www.fiscalia.gov.co\/colombia\/wp-json\/wp\/v2\/users\/177"}],"replies":[{"embeddable":true,"href":"https:\/\/www.fiscalia.gov.co\/colombia\/wp-json\/wp\/v2\/comments?post=246449"}],"version-history":[{"count":2,"href":"https:\/\/www.fiscalia.gov.co\/colombia\/wp-json\/wp\/v2\/posts\/246449\/revisions"}],"predecessor-version":[{"id":246452,"href":"https:\/\/www.fiscalia.gov.co\/colombia\/wp-json\/wp\/v2\/posts\/246449\/revisions\/246452"}],"wp:attachment":[{"href":"https:\/\/www.fiscalia.gov.co\/colombia\/wp-json\/wp\/v2\/media?parent=246449"}],"wp:term":[{"taxonomy":"category","embeddable":true,"href":"https:\/\/www.fiscalia.gov.co\/colombia\/wp-json\/wp\/v2\/categories?post=246449"},{"taxonomy":"post_tag","embeddable":true,"href":"https:\/\/www.fiscalia.gov.co\/colombia\/wp-json\/wp\/v2\/tags?post=246449"}],"curies":[{"name":"wp","href":"https:\/\/api.w.org\/{rel}","templated":true}]}}