{"id":246427,"date":"2022-04-20T22:04:37","date_gmt":"2022-04-21T03:04:37","guid":{"rendered":"https:\/\/www.fiscalia.gov.co\/colombia\/?p=246427"},"modified":"2022-04-20T22:19:27","modified_gmt":"2022-04-21T03:19:27","slug":"fiscal-general-de-la-nacion-francisco-barbosa-delgado-entrega-detalles-sobre-la-investigacion-por-el-accidente-en-el-que-murio-el-exfutbolista-freddy-rincon","status":"publish","type":"post","link":"https:\/\/www.fiscalia.gov.co\/colombia\/noticias\/fiscal-general-de-la-nacion-francisco-barbosa-delgado-entrega-detalles-sobre-la-investigacion-por-el-accidente-en-el-que-murio-el-exfutbolista-freddy-rincon\/","title":{"rendered":"Fiscal General de la Naci\u00f3n, Francisco Barbosa Delgado, entrega detalles sobre la investigaci\u00f3n por el accidente en el que muri\u00f3 el exfutbolista Freddy Rinc\u00f3n"},"content":{"rendered":"<h4><strong><em>Indic\u00f3 que las pruebas forenses y t\u00e9cnicas, as\u00ed como los testimonios recopilados, dan cuenta de que el exjugador conduc\u00eda la camioneta involucrada en los hechos.<\/em><\/strong><\/h4>\n<h4><strong><em>Asimismo, revel\u00f3 que fue conformado un equipo itinerante para dar con los responsables de la acci\u00f3n terrorista que dej\u00f3 seis soldados muertos, cinco heridos y uno desaparecido en zona rural de Frontino (Antioquia).<\/em><\/strong><\/h4>\n<p>En visita a Medell\u00edn (Antioquia), el Fiscal General de la Naci\u00f3n, Francisco Barbosa Delgado; en compa\u00f1\u00eda de la Vicefiscal General de la Naci\u00f3n, Martha Janeth Mancera; la delegada para la Seguridad Territorial, Luisa Fernanda Obando Guerrero, la directora de la Seccional Medell\u00edn, Natalia Rend\u00f3n; y la directora de la Seccional Antioquia, Liliana Casta\u00f1eda Salazar, revis\u00f3 los avances de las estrategias diferenciales dispuestas en el departamento para dar respuesta r\u00e1pida a los delitos que m\u00e1s afectan a la ciudadan\u00eda.<\/p>\n<p>De igual manera, entreg\u00f3 detalles sobre resultados obtenidos y acciones judiciales dispuestas con relaci\u00f3n a diferentes temas de inter\u00e9s que aborda la entidad.<\/p>\n<ul>\n<li><strong>Investigaci\u00f3n por muerte del exfutbolista Freddy Rinc\u00f3n<\/strong><\/li>\n<\/ul>\n<p>Inicialmente, el Fiscal General de la Naci\u00f3n indic\u00f3 que el exfutbolista Freddy Eusebio Rinc\u00f3n Valencia \u200b\u200bconduc\u00eda la camioneta involucrada en el accidente que la ocasion\u00f3 la muerte, en Cali (Valle del Cauca). Esta conclusi\u00f3n est\u00e1 soportada en los informes t\u00e9cnicos y forenses, los an\u00e1lisis realizados por el Instituto Nacional de Medicina Legal, y los videos de las c\u00e1maras de seguridad del sector.<\/p>\n<p>La informaci\u00f3n obtenida hasta el momento ha sido corroborada con los testigos y personas que se acercaron al lugar del accidente para apoyar en las tareas de rescate.<\/p>\n<p>\u201cLos elementos adicionales que surjan de este tema est\u00e1n siendo analizados, en el marco de la autonom\u00eda y la independencia, por parte del fiscal del caso\u201d, precis\u00f3 el Fiscal Barbosa Delgado.<\/p>\n<ul>\n<li><strong>Equipo especializado por acci\u00f3n terrorista en Frontino (Antioquia)<\/strong><\/li>\n<\/ul>\n<p>La Fiscal\u00eda General de la Naci\u00f3n dispuso de un equipo especializado itinerante para investigar y dar con los responsables del ataque terrorista que dej\u00f3 seis soldados muertos, cinco heridos y uno m\u00e1s desaparecido en el corregimiento Nutibara, en Frontino (Antioquia).<\/p>\n<p>Este grupo articula los esfuerzos y capacidades de fiscales de la Delegada para la Seguridad Territorial y de la Delegada contra la Criminalidad Organizada, y es apoyado por personal de polic\u00eda judicial de la Dijin. Inicialmente, se pusieron en marcha distintas actividades investigativas como estudios de bal\u00edstica y de lofoscopia, recuperaci\u00f3n del espectro electromagn\u00e9tico e inspecciones con drones y otros elementos tecnol\u00f3gicos.<\/p>\n<p>Preliminarmente, se ha establecido que la subestructura Edwin Rom\u00e1n Vel\u00e1squez Valle del \u2018Clan del Golfo\u2019 ser\u00eda la responsable de este acto terrorista. El material de prueba indica que, adem\u00e1s de ser una de las zonas de injerencia ilegal, los cabecillas de la organizaci\u00f3n habr\u00edan dispuesto actuar contra la fuerza p\u00fablica en retaliaci\u00f3n por las m\u00e1s recientes operaciones en las que se han reportado capturas, neutralizaciones e incautaciones.<\/p>\n<ul>\n<li><strong>Actividad investigativa por procedimiento militar en Putumayo<\/strong><\/li>\n<\/ul>\n<p>Con relaci\u00f3n al procedimiento militar realizado en la vereda El Remanso, en zona rural de Puerto Legu\u00edzamo (Putumayo), en la que fueron reportadas 11 personas muertas, el Fiscal General de la Naci\u00f3n precis\u00f3 que las labores investigativas avanzan con la mayor precisi\u00f3n, y sin perder de vista las evidencias y el material de prueba recopilado en la escena.<\/p>\n[embedyt] https:\/\/www.youtube.com\/watch?v=ld73cFyxKQo[\/embedyt]\n<p>Se\u00f1al\u00f3 que un equipo especializado de fiscales y de polic\u00eda judicial trabaja en tres hechos investigativos relevantes: escuchar a las v\u00edctimas para tener certeza sobre las circunstancias de tiempo, modo y lugar; analizar la informaci\u00f3n y los elementos obtenidos en el terreno; y analizar los informes de las necropsias realizadas por Medicina Legal.<\/p>\n[embedyt] https:\/\/www.youtube.com\/watch?v=KkqrWV6v_D4[\/embedyt]\n<p>\u201cTenemos por supuesto que escuchar a las v\u00edctimas. Las v\u00edctimas son relevantes en la investigaci\u00f3n. Tomar decisiones en una investigaci\u00f3n sin haber escuchado a las v\u00edctimas es absolutamente contradictorio en el ejercicio de una investigaci\u00f3n integral y del principio de universalidad que debe tener una investigaci\u00f3n como estas\u201d, enfatiz\u00f3.<\/p>\n<p>En ese sentido, el Fiscal General de la Naci\u00f3n asegur\u00f3 que se entregar\u00e1n resultados en el momento en el que la investigaci\u00f3n lo permita y exista suficientes argumentos para tomar alguna decisi\u00f3n o acudir ante un juez de control de garant\u00edas.<\/p>\n<p>\u201cSeguimos investigando. Esto no es de dos o tres d\u00edas. Aqu\u00ed no se hace justicia espect\u00e1culo, aqu\u00ed no se hacen imputaciones infladas, lo he dicho p\u00fablicamente en repetidas ocasiones. Nosotros hacemos un trabajo serio\u201d, concluy\u00f3.<\/p>\n<ul>\n<li><strong>Algunos resultados contra el delito en Antioquia<\/strong><\/li>\n<\/ul>\n<p>En los \u00faltimos dos a\u00f1os, la Fiscal\u00eda ha avanzado en el esclarecimiento de 74,65% de los casos de homicidio de tres o m\u00e1s personas ocurridos en Antioquia. Este resultado compromete a 106 v\u00edctimas.<\/p>\n<p>De otra parte, respecto a diferentes fen\u00f3menos delictivos en Medell\u00edn, como el feminicidio, el Fiscal Barbosa Delgado manifest\u00f3 que se ha logrado el 100% de esclarecimiento; mientras que en homicidios de mujeres se alcanz\u00f3 el 60% y en homicidios a integrantes de la comunidad LGTBIQ+ se pas\u00f3 de 24% del a\u00f1o anterior a 50%.<\/p>\n[embedyt] https:\/\/www.youtube.com\/watch?v=h8Sl7GTycRk[\/embedyt]\n<p>Esta informaci\u00f3n se publica por razones de inter\u00e9s general.<\/p>\n<p><strong>La Fiscal\u00eda habla con resultados<\/strong><\/p>\n<p>&nbsp;<\/p>\n<p>&nbsp;<\/p>\n<p>JARG\/PATN\/DFGN.<\/p>\n<p>&nbsp;<\/p>\n<p>&nbsp;<\/p>\n<div class=\"td-post-content tagdiv-type\">\n<p><em>La informaci\u00f3n contenida en este bolet\u00edn de prensa corresponde a la narraci\u00f3n de los hechos noticiosos objetivos, suministrados por los funcionarios encargados de adelantar las investigaciones penales al interior de la Fiscal\u00eda General de la Naci\u00f3n. Para el momento de la divulgaci\u00f3n de este comunicado, la situaci\u00f3n jur\u00eddica de la(s) persona(s) relacionada(s) se encuentra pendiente de resolver por la autoridad judicial competente, siempre bajo los preceptos de la presunci\u00f3n de inocencia, consagrados en el art\u00edculo 29 de la Constituci\u00f3n Pol\u00edtica y el art\u00edculo 7\u00ba de la Ley 906 de 2004.<\/em><\/p>\n<\/div>\n<p>&nbsp;<\/p>\n\n<div class=\"twitter-share\"><a href=\"https:\/\/twitter.com\/intent\/tweet?via=fiscaliacol\" class=\"twitter-share-button\">Tweet<\/a><\/div>\n","protected":false},"excerpt":{"rendered":"<p>Indic\u00f3 que las pruebas forenses y t\u00e9cnicas, as\u00ed como los testimonios recopilados, dan cuenta de que el exjugador conduc\u00eda la camioneta involucrada en los hechos. Asimismo, revel\u00f3 que fue conformado un equipo itinerante para dar con los responsables de la acci\u00f3n terrorista que dej\u00f3 seis soldados muertos, cinco heridos y uno desaparecido en zona rural [&hellip;]<\/p>\n","protected":false},"author":177,"featured_media":0,"comment_status":"closed","ping_status":"open","sticky":false,"template":"","format":"video","meta":{"tdm_status":"","tdm_grid_status":"","footnotes":""},"categories":[25128,24096,1],"tags":[9712,24185,24188,1047,31350,1707],"class_list":{"0":"post-246427","1":"post","2":"type-post","3":"status-publish","4":"format-video","6":"category-el-fiscal-en-los-territorios","7":"category-fiscal-general-de-la-nacion","8":"category-noticias","9":"tag-accidente","10":"tag-fiscal-barbosa","11":"tag-fiscal-francisco-barbosa","12":"tag-fiscalia-general-de-la-nacion","13":"tag-freddy-rincon","14":"tag-futbolista","15":"post_format-post-format-video"},"yoast_head":"<!-- This site is optimized with the Yoast SEO plugin v24.3 - https:\/\/yoast.com\/wordpress\/plugins\/seo\/ -->\n<title>Fiscal\u00eda General de la Naci\u00f3n<\/title>\n<meta name=\"description\" content=\"P\u00e1gina oficial de la Fiscal\u00eda General de la Naci\u00f3n \u2013 Colombia. Garantizamos el acceso efectivo a la justicia, la verdad y la reparaci\u00f3n de las v\u00edctimas de los delitos.\" \/>\n<meta name=\"robots\" content=\"noindex, follow\" \/>\n<meta property=\"og:locale\" content=\"es_ES\" \/>\n<meta property=\"og:type\" content=\"article\" \/>\n<meta property=\"og:title\" content=\"Fiscal\u00eda General de la Naci\u00f3n\" \/>\n<meta property=\"og:description\" content=\"P\u00e1gina oficial de la Fiscal\u00eda General de la Naci\u00f3n \u2013 Colombia. Garantizamos el acceso efectivo a la justicia, la verdad y la reparaci\u00f3n de las v\u00edctimas de los delitos.\" \/>\n<meta property=\"og:url\" content=\"https:\/\/www.fiscalia.gov.co\/colombia\/noticias\/fiscal-general-de-la-nacion-francisco-barbosa-delgado-entrega-detalles-sobre-la-investigacion-por-el-accidente-en-el-que-murio-el-exfutbolista-freddy-rincon\/\" \/>\n<meta property=\"og:site_name\" content=\"Fiscal\u00eda General de la Naci\u00f3n\" \/>\n<meta property=\"article:publisher\" content=\"https:\/\/www.facebook.com\/FiscaliaCol\" \/>\n<meta property=\"article:published_time\" content=\"2022-04-21T03:04:37+00:00\" \/>\n<meta property=\"article:modified_time\" content=\"2022-04-21T03:19:27+00:00\" \/>\n<meta name=\"author\" content=\"Jordan Leandro Oviedo Anzola\" \/>\n<meta name=\"twitter:card\" content=\"summary_large_image\" \/>\n<meta name=\"twitter:creator\" content=\"@FiscaliaCol\" \/>\n<meta name=\"twitter:site\" content=\"@FiscaliaCol\" \/>\n<meta name=\"twitter:label1\" content=\"Escrito por\" \/>\n\t<meta name=\"twitter:data1\" content=\"Jordan Leandro Oviedo Anzola\" \/>\n\t<meta name=\"twitter:label2\" content=\"Tiempo de lectura\" \/>\n\t<meta name=\"twitter:data2\" content=\"5 minutos\" \/>\n<script type=\"application\/ld+json\" class=\"yoast-schema-graph\">{\"@context\":\"https:\/\/schema.org\",\"@graph\":[{\"@type\":\"Article\",\"@id\":\"https:\/\/www.fiscalia.gov.co\/colombia\/noticias\/fiscal-general-de-la-nacion-francisco-barbosa-delgado-entrega-detalles-sobre-la-investigacion-por-el-accidente-en-el-que-murio-el-exfutbolista-freddy-rincon\/#article\",\"isPartOf\":{\"@id\":\"https:\/\/www.fiscalia.gov.co\/colombia\/noticias\/fiscal-general-de-la-nacion-francisco-barbosa-delgado-entrega-detalles-sobre-la-investigacion-por-el-accidente-en-el-que-murio-el-exfutbolista-freddy-rincon\/\"},\"author\":{\"name\":\"Jordan Leandro Oviedo Anzola\",\"@id\":\"https:\/\/www.fiscalia.gov.co\/colombia\/#\/schema\/person\/bf84402cf293a5393e9c70b111020b24\"},\"headline\":\"Fiscal General de la Naci\u00f3n, Francisco Barbosa Delgado, entrega detalles sobre la investigaci\u00f3n por el accidente en el que muri\u00f3 el exfutbolista Freddy Rinc\u00f3n\",\"datePublished\":\"2022-04-21T03:04:37+00:00\",\"dateModified\":\"2022-04-21T03:19:27+00:00\",\"mainEntityOfPage\":{\"@id\":\"https:\/\/www.fiscalia.gov.co\/colombia\/noticias\/fiscal-general-de-la-nacion-francisco-barbosa-delgado-entrega-detalles-sobre-la-investigacion-por-el-accidente-en-el-que-murio-el-exfutbolista-freddy-rincon\/\"},\"wordCount\":1055,\"publisher\":{\"@id\":\"https:\/\/www.fiscalia.gov.co\/colombia\/#organization\"},\"keywords\":[\"Accidente\",\"Fiscal Barbosa\",\"Fiscal Francisco Barbosa\",\"Fiscal\u00eda General de la Naci\u00f3n\",\"Freddy Rinc\u00f3n\",\"Futbolista\"],\"articleSection\":[\"El Fiscal en los territorios\",\"Fiscal General de la Naci\u00f3n\",\"Noticias\"],\"inLanguage\":\"es-CO\"},{\"@type\":\"WebPage\",\"@id\":\"https:\/\/www.fiscalia.gov.co\/colombia\/noticias\/fiscal-general-de-la-nacion-francisco-barbosa-delgado-entrega-detalles-sobre-la-investigacion-por-el-accidente-en-el-que-murio-el-exfutbolista-freddy-rincon\/\",\"url\":\"https:\/\/www.fiscalia.gov.co\/colombia\/noticias\/fiscal-general-de-la-nacion-francisco-barbosa-delgado-entrega-detalles-sobre-la-investigacion-por-el-accidente-en-el-que-murio-el-exfutbolista-freddy-rincon\/\",\"name\":\"Fiscal\u00eda General de la Naci\u00f3n\",\"isPartOf\":{\"@id\":\"https:\/\/www.fiscalia.gov.co\/colombia\/#website\"},\"datePublished\":\"2022-04-21T03:04:37+00:00\",\"dateModified\":\"2022-04-21T03:19:27+00:00\",\"description\":\"P\u00e1gina oficial de la Fiscal\u00eda General de la Naci\u00f3n \u2013 Colombia. Garantizamos el acceso efectivo a la justicia, la verdad y la reparaci\u00f3n de las v\u00edctimas de los delitos.\",\"breadcrumb\":{\"@id\":\"https:\/\/www.fiscalia.gov.co\/colombia\/noticias\/fiscal-general-de-la-nacion-francisco-barbosa-delgado-entrega-detalles-sobre-la-investigacion-por-el-accidente-en-el-que-murio-el-exfutbolista-freddy-rincon\/#breadcrumb\"},\"inLanguage\":\"es-CO\",\"potentialAction\":[{\"@type\":\"ReadAction\",\"target\":[\"https:\/\/www.fiscalia.gov.co\/colombia\/noticias\/fiscal-general-de-la-nacion-francisco-barbosa-delgado-entrega-detalles-sobre-la-investigacion-por-el-accidente-en-el-que-murio-el-exfutbolista-freddy-rincon\/\"]}]},{\"@type\":\"BreadcrumbList\",\"@id\":\"https:\/\/www.fiscalia.gov.co\/colombia\/noticias\/fiscal-general-de-la-nacion-francisco-barbosa-delgado-entrega-detalles-sobre-la-investigacion-por-el-accidente-en-el-que-murio-el-exfutbolista-freddy-rincon\/#breadcrumb\",\"itemListElement\":[{\"@type\":\"ListItem\",\"position\":1,\"name\":\"Home\",\"item\":\"https:\/\/www.fiscalia.gov.co\/colombia\/\"},{\"@type\":\"ListItem\",\"position\":2,\"name\":\"Fiscal General de la Naci\u00f3n, Francisco Barbosa Delgado, entrega detalles sobre la investigaci\u00f3n por el accidente en el que muri\u00f3 el exfutbolista Freddy Rinc\u00f3n\"}]},{\"@type\":\"WebSite\",\"@id\":\"https:\/\/www.fiscalia.gov.co\/colombia\/#website\",\"url\":\"https:\/\/www.fiscalia.gov.co\/colombia\/\",\"name\":\"Fiscal\u00eda General de la Naci\u00f3n\",\"description\":\"P\u00e1gina oficial de la Fiscal\u00eda General de la Naci\u00f3n \u2013 Colombia. Garantizamos el acceso efectivo a la justicia, la verdad y la reparaci\u00f3n de las v\u00edctimas de los delitos.\",\"publisher\":{\"@id\":\"https:\/\/www.fiscalia.gov.co\/colombia\/#organization\"},\"potentialAction\":[{\"@type\":\"SearchAction\",\"target\":{\"@type\":\"EntryPoint\",\"urlTemplate\":\"https:\/\/www.fiscalia.gov.co\/colombia\/?s={search_term_string}\"},\"query-input\":{\"@type\":\"PropertyValueSpecification\",\"valueRequired\":true,\"valueName\":\"search_term_string\"}}],\"inLanguage\":\"es-CO\"},{\"@type\":\"Organization\",\"@id\":\"https:\/\/www.fiscalia.gov.co\/colombia\/#organization\",\"name\":\"Fiscal\u00eda General de la Naci\u00f3n\",\"url\":\"https:\/\/www.fiscalia.gov.co\/colombia\/\",\"logo\":{\"@type\":\"ImageObject\",\"inLanguage\":\"es-CO\",\"@id\":\"https:\/\/www.fiscalia.gov.co\/colombia\/#\/schema\/logo\/image\/\",\"url\":\"https:\/\/www.fiscalia.gov.co\/colombia\/wp-content\/uploads\/LogoHorizontal_1.jpg\",\"contentUrl\":\"https:\/\/www.fiscalia.gov.co\/colombia\/wp-content\/uploads\/LogoHorizontal_1.jpg\",\"width\":300,\"height\":90,\"caption\":\"Fiscal\u00eda General de la Naci\u00f3n\"},\"image\":{\"@id\":\"https:\/\/www.fiscalia.gov.co\/colombia\/#\/schema\/logo\/image\/\"},\"sameAs\":[\"https:\/\/www.facebook.com\/FiscaliaCol\",\"https:\/\/x.com\/FiscaliaCol\",\"https:\/\/www.instagram.com\/fiscaliacol\",\"https:\/\/www.linkedin.com\/company\/fiscalia-general-de-la-naci-n\/\",\"https:\/\/youtube.com\/@fiscaliageneraldelanacion-4668?si=6nN79nyQICPU5iTh\"]},{\"@type\":\"Person\",\"@id\":\"https:\/\/www.fiscalia.gov.co\/colombia\/#\/schema\/person\/bf84402cf293a5393e9c70b111020b24\",\"name\":\"Jordan Leandro Oviedo Anzola\",\"image\":{\"@type\":\"ImageObject\",\"inLanguage\":\"es-CO\",\"@id\":\"https:\/\/www.fiscalia.gov.co\/colombia\/#\/schema\/person\/image\/\",\"url\":\"https:\/\/secure.gravatar.com\/avatar\/dabba4346fa9b9207d96adafa8f92721?s=96&d=mm&r=g\",\"contentUrl\":\"https:\/\/secure.gravatar.com\/avatar\/dabba4346fa9b9207d96adafa8f92721?s=96&d=mm&r=g\",\"caption\":\"Jordan Leandro Oviedo Anzola\"},\"url\":\"https:\/\/www.fiscalia.gov.co\/colombia\/author\/joviedo\/\"}]}<\/script>\n<!-- \/ Yoast SEO plugin. -->","yoast_head_json":{"title":"Fiscal\u00eda General de la Naci\u00f3n","description":"P\u00e1gina oficial de la Fiscal\u00eda General de la Naci\u00f3n \u2013 Colombia. Garantizamos el acceso efectivo a la justicia, la verdad y la reparaci\u00f3n de las v\u00edctimas de los delitos.","robots":{"index":"noindex","follow":"follow"},"og_locale":"es_ES","og_type":"article","og_title":"Fiscal\u00eda General de la Naci\u00f3n","og_description":"P\u00e1gina oficial de la Fiscal\u00eda General de la Naci\u00f3n \u2013 Colombia. Garantizamos el acceso efectivo a la justicia, la verdad y la reparaci\u00f3n de las v\u00edctimas de los delitos.","og_url":"https:\/\/www.fiscalia.gov.co\/colombia\/noticias\/fiscal-general-de-la-nacion-francisco-barbosa-delgado-entrega-detalles-sobre-la-investigacion-por-el-accidente-en-el-que-murio-el-exfutbolista-freddy-rincon\/","og_site_name":"Fiscal\u00eda General de la Naci\u00f3n","article_publisher":"https:\/\/www.facebook.com\/FiscaliaCol","article_published_time":"2022-04-21T03:04:37+00:00","article_modified_time":"2022-04-21T03:19:27+00:00","author":"Jordan Leandro Oviedo Anzola","twitter_card":"summary_large_image","twitter_creator":"@FiscaliaCol","twitter_site":"@FiscaliaCol","twitter_misc":{"Escrito por":"Jordan Leandro Oviedo Anzola","Tiempo de lectura":"5 minutos"},"schema":{"@context":"https:\/\/schema.org","@graph":[{"@type":"Article","@id":"https:\/\/www.fiscalia.gov.co\/colombia\/noticias\/fiscal-general-de-la-nacion-francisco-barbosa-delgado-entrega-detalles-sobre-la-investigacion-por-el-accidente-en-el-que-murio-el-exfutbolista-freddy-rincon\/#article","isPartOf":{"@id":"https:\/\/www.fiscalia.gov.co\/colombia\/noticias\/fiscal-general-de-la-nacion-francisco-barbosa-delgado-entrega-detalles-sobre-la-investigacion-por-el-accidente-en-el-que-murio-el-exfutbolista-freddy-rincon\/"},"author":{"name":"Jordan Leandro Oviedo Anzola","@id":"https:\/\/www.fiscalia.gov.co\/colombia\/#\/schema\/person\/bf84402cf293a5393e9c70b111020b24"},"headline":"Fiscal General de la Naci\u00f3n, Francisco Barbosa Delgado, entrega detalles sobre la investigaci\u00f3n por el accidente en el que muri\u00f3 el exfutbolista Freddy Rinc\u00f3n","datePublished":"2022-04-21T03:04:37+00:00","dateModified":"2022-04-21T03:19:27+00:00","mainEntityOfPage":{"@id":"https:\/\/www.fiscalia.gov.co\/colombia\/noticias\/fiscal-general-de-la-nacion-francisco-barbosa-delgado-entrega-detalles-sobre-la-investigacion-por-el-accidente-en-el-que-murio-el-exfutbolista-freddy-rincon\/"},"wordCount":1055,"publisher":{"@id":"https:\/\/www.fiscalia.gov.co\/colombia\/#organization"},"keywords":["Accidente","Fiscal Barbosa","Fiscal Francisco Barbosa","Fiscal\u00eda General de la Naci\u00f3n","Freddy Rinc\u00f3n","Futbolista"],"articleSection":["El Fiscal en los territorios","Fiscal General de la Naci\u00f3n","Noticias"],"inLanguage":"es-CO"},{"@type":"WebPage","@id":"https:\/\/www.fiscalia.gov.co\/colombia\/noticias\/fiscal-general-de-la-nacion-francisco-barbosa-delgado-entrega-detalles-sobre-la-investigacion-por-el-accidente-en-el-que-murio-el-exfutbolista-freddy-rincon\/","url":"https:\/\/www.fiscalia.gov.co\/colombia\/noticias\/fiscal-general-de-la-nacion-francisco-barbosa-delgado-entrega-detalles-sobre-la-investigacion-por-el-accidente-en-el-que-murio-el-exfutbolista-freddy-rincon\/","name":"Fiscal\u00eda General de la Naci\u00f3n","isPartOf":{"@id":"https:\/\/www.fiscalia.gov.co\/colombia\/#website"},"datePublished":"2022-04-21T03:04:37+00:00","dateModified":"2022-04-21T03:19:27+00:00","description":"P\u00e1gina oficial de la Fiscal\u00eda General de la Naci\u00f3n \u2013 Colombia. Garantizamos el acceso efectivo a la justicia, la verdad y la reparaci\u00f3n de las v\u00edctimas de los delitos.","breadcrumb":{"@id":"https:\/\/www.fiscalia.gov.co\/colombia\/noticias\/fiscal-general-de-la-nacion-francisco-barbosa-delgado-entrega-detalles-sobre-la-investigacion-por-el-accidente-en-el-que-murio-el-exfutbolista-freddy-rincon\/#breadcrumb"},"inLanguage":"es-CO","potentialAction":[{"@type":"ReadAction","target":["https:\/\/www.fiscalia.gov.co\/colombia\/noticias\/fiscal-general-de-la-nacion-francisco-barbosa-delgado-entrega-detalles-sobre-la-investigacion-por-el-accidente-en-el-que-murio-el-exfutbolista-freddy-rincon\/"]}]},{"@type":"BreadcrumbList","@id":"https:\/\/www.fiscalia.gov.co\/colombia\/noticias\/fiscal-general-de-la-nacion-francisco-barbosa-delgado-entrega-detalles-sobre-la-investigacion-por-el-accidente-en-el-que-murio-el-exfutbolista-freddy-rincon\/#breadcrumb","itemListElement":[{"@type":"ListItem","position":1,"name":"Home","item":"https:\/\/www.fiscalia.gov.co\/colombia\/"},{"@type":"ListItem","position":2,"name":"Fiscal General de la Naci\u00f3n, Francisco Barbosa Delgado, entrega detalles sobre la investigaci\u00f3n por el accidente en el que muri\u00f3 el exfutbolista Freddy Rinc\u00f3n"}]},{"@type":"WebSite","@id":"https:\/\/www.fiscalia.gov.co\/colombia\/#website","url":"https:\/\/www.fiscalia.gov.co\/colombia\/","name":"Fiscal\u00eda General de la Naci\u00f3n","description":"P\u00e1gina oficial de la Fiscal\u00eda General de la Naci\u00f3n \u2013 Colombia. Garantizamos el acceso efectivo a la justicia, la verdad y la reparaci\u00f3n de las v\u00edctimas de los delitos.","publisher":{"@id":"https:\/\/www.fiscalia.gov.co\/colombia\/#organization"},"potentialAction":[{"@type":"SearchAction","target":{"@type":"EntryPoint","urlTemplate":"https:\/\/www.fiscalia.gov.co\/colombia\/?s={search_term_string}"},"query-input":{"@type":"PropertyValueSpecification","valueRequired":true,"valueName":"search_term_string"}}],"inLanguage":"es-CO"},{"@type":"Organization","@id":"https:\/\/www.fiscalia.gov.co\/colombia\/#organization","name":"Fiscal\u00eda General de la Naci\u00f3n","url":"https:\/\/www.fiscalia.gov.co\/colombia\/","logo":{"@type":"ImageObject","inLanguage":"es-CO","@id":"https:\/\/www.fiscalia.gov.co\/colombia\/#\/schema\/logo\/image\/","url":"https:\/\/www.fiscalia.gov.co\/colombia\/wp-content\/uploads\/LogoHorizontal_1.jpg","contentUrl":"https:\/\/www.fiscalia.gov.co\/colombia\/wp-content\/uploads\/LogoHorizontal_1.jpg","width":300,"height":90,"caption":"Fiscal\u00eda General de la Naci\u00f3n"},"image":{"@id":"https:\/\/www.fiscalia.gov.co\/colombia\/#\/schema\/logo\/image\/"},"sameAs":["https:\/\/www.facebook.com\/FiscaliaCol","https:\/\/x.com\/FiscaliaCol","https:\/\/www.instagram.com\/fiscaliacol","https:\/\/www.linkedin.com\/company\/fiscalia-general-de-la-naci-n\/","https:\/\/youtube.com\/@fiscaliageneraldelanacion-4668?si=6nN79nyQICPU5iTh"]},{"@type":"Person","@id":"https:\/\/www.fiscalia.gov.co\/colombia\/#\/schema\/person\/bf84402cf293a5393e9c70b111020b24","name":"Jordan Leandro Oviedo Anzola","image":{"@type":"ImageObject","inLanguage":"es-CO","@id":"https:\/\/www.fiscalia.gov.co\/colombia\/#\/schema\/person\/image\/","url":"https:\/\/secure.gravatar.com\/avatar\/dabba4346fa9b9207d96adafa8f92721?s=96&d=mm&r=g","contentUrl":"https:\/\/secure.gravatar.com\/avatar\/dabba4346fa9b9207d96adafa8f92721?s=96&d=mm&r=g","caption":"Jordan Leandro Oviedo Anzola"},"url":"https:\/\/www.fiscalia.gov.co\/colombia\/author\/joviedo\/"}]}},"_links":{"self":[{"href":"https:\/\/www.fiscalia.gov.co\/colombia\/wp-json\/wp\/v2\/posts\/246427","targetHints":{"allow":["GET"]}}],"collection":[{"href":"https:\/\/www.fiscalia.gov.co\/colombia\/wp-json\/wp\/v2\/posts"}],"about":[{"href":"https:\/\/www.fiscalia.gov.co\/colombia\/wp-json\/wp\/v2\/types\/post"}],"author":[{"embeddable":true,"href":"https:\/\/www.fiscalia.gov.co\/colombia\/wp-json\/wp\/v2\/users\/177"}],"replies":[{"embeddable":true,"href":"https:\/\/www.fiscalia.gov.co\/colombia\/wp-json\/wp\/v2\/comments?post=246427"}],"version-history":[{"count":3,"href":"https:\/\/www.fiscalia.gov.co\/colombia\/wp-json\/wp\/v2\/posts\/246427\/revisions"}],"predecessor-version":[{"id":246430,"href":"https:\/\/www.fiscalia.gov.co\/colombia\/wp-json\/wp\/v2\/posts\/246427\/revisions\/246430"}],"wp:attachment":[{"href":"https:\/\/www.fiscalia.gov.co\/colombia\/wp-json\/wp\/v2\/media?parent=246427"}],"wp:term":[{"taxonomy":"category","embeddable":true,"href":"https:\/\/www.fiscalia.gov.co\/colombia\/wp-json\/wp\/v2\/categories?post=246427"},{"taxonomy":"post_tag","embeddable":true,"href":"https:\/\/www.fiscalia.gov.co\/colombia\/wp-json\/wp\/v2\/tags?post=246427"}],"curies":[{"name":"wp","href":"https:\/\/api.w.org\/{rel}","templated":true}]}}