{"id":246345,"date":"2022-04-20T11:17:21","date_gmt":"2022-04-20T16:17:21","guid":{"rendered":"https:\/\/www.fiscalia.gov.co\/colombia\/?p=246345"},"modified":"2022-04-20T11:17:21","modified_gmt":"2022-04-20T16:17:21","slug":"fiscalia-obtuvo-condena-a-mas-de-33-anos-para-el-responsable-de-un-homicidio-en-itagui-antioquia","status":"publish","type":"post","link":"https:\/\/www.fiscalia.gov.co\/colombia\/noticias\/fiscalia-obtuvo-condena-a-mas-de-33-anos-para-el-responsable-de-un-homicidio-en-itagui-antioquia\/","title":{"rendered":"Fiscal\u00eda obtuvo condena a m\u00e1s de 33 a\u00f1os para el responsable de un homicidio en Itag\u00fc\u00ed (Antioquia)\u00a0"},"content":{"rendered":"<p style=\"font-weight: 400;\">Luego de ser vencido en juicio por la Fiscal\u00eda General de la Naci\u00f3n, un juez Penal del Circuito de Itag\u00fc\u00ed (Antioquia) sentenci\u00f3 a 33 a\u00f1os y 4 meses de prisi\u00f3n a Juan Camilo Arcila Tasc\u00f3n, alias Tauro, como responsable del delito de homicidio agravado.<\/p>\n<p style=\"font-weight: 400;\">Los hechos investigados ocurrieron la tarde del 14 de mayo de 2018 en el sector La Hondonada del municipio de Itag\u00fc\u00ed, sur del Valle de Aburr\u00e1. En este lugar las autoridades encontraron el cad\u00e1ver de H\u00e9ctor S\u00e1nchez Casta\u00f1o con lesiones producidas por arma de fuego.<\/p>\n<p style=\"font-weight: 400;\">Los investigadores establecieron que cuatro horas antes de ser hallado el cuerpo sin vida, la v\u00edctima y el victimario ingresaron juntos a ese sector despoblado.<\/p>\n<p style=\"font-weight: 400;\"><strong>La Fiscal\u00eda habla con resultados.\u00a0<\/strong><\/p>\n<p style=\"font-weight: 400;\">\n<p>&nbsp;<\/p>\n<p style=\"font-weight: 400;\">NAMT\/AT\/MAGA\/<\/p>\n<p>&nbsp;<\/p>\n<p style=\"font-weight: 400;\">\n<div class=\"td-post-content tagdiv-type\">\n<p><em>La informaci\u00f3n contenida en este bolet\u00edn de prensa corresponde a la narraci\u00f3n de los hechos noticiosos objetivos, suministrados por los funcionarios encargados de adelantar las investigaciones penales al interior de la Fiscal\u00eda General de la Naci\u00f3n. Para el momento de la divulgaci\u00f3n de este comunicado, la situaci\u00f3n jur\u00eddica de la(s) persona(s) relacionada(s) se encuentra pendiente de resolver por la autoridad judicial competente, siempre bajo los preceptos de la presunci\u00f3n de inocencia, consagrados en el art\u00edculo 29 de la Constituci\u00f3n Pol\u00edtica y el art\u00edculo 7\u00ba de la Ley 906 de 2004.<\/em><\/p>\n<\/div>\n\n<div class=\"twitter-share\"><a href=\"https:\/\/twitter.com\/intent\/tweet?via=fiscaliacol\" class=\"twitter-share-button\">Tweet<\/a><\/div>\n","protected":false},"excerpt":{"rendered":"<p>Luego de ser vencido en juicio por la Fiscal\u00eda General de la Naci\u00f3n, un juez Penal del Circuito de Itag\u00fc\u00ed (Antioquia) sentenci\u00f3 a 33 a\u00f1os y 4 meses de prisi\u00f3n [&hellip;]<\/p>\n","protected":false},"author":177,"featured_media":0,"comment_status":"closed","ping_status":"open","sticky":false,"template":"","format":"standard","meta":{"tdm_status":"","tdm_grid_status":"","footnotes":""},"categories":[1,318,303,24099],"tags":[31334,31335,31336,1047,686,25600,26136],"class_list":["post-246345","post","type-post","status-publish","format-standard","category-noticias","category-seccional-antioquia","category-seccionales","category-seguridad-territorial","tag-33-anos-y-4-meses-de-prision","tag-alias-tauro","tag-fallo-apelado","tag-fiscalia-general-de-la-nacion","tag-homicidio-agravado","tag-itagui-antioquia","tag-tribunal-superior-de-medellin"],"yoast_head":"<!-- This site is optimized with the Yoast SEO plugin v24.3 - https:\/\/yoast.com\/wordpress\/plugins\/seo\/ -->\n<title>Fiscal\u00eda General de la Naci\u00f3n<\/title>\n<meta name=\"description\" content=\"P\u00e1gina oficial de la Fiscal\u00eda General de la Naci\u00f3n \u2013 Colombia. Garantizamos el acceso efectivo a la justicia, la verdad y la reparaci\u00f3n de las v\u00edctimas de los delitos.\" \/>\n<meta name=\"robots\" content=\"noindex, follow\" \/>\n<meta property=\"og:locale\" content=\"es_ES\" \/>\n<meta property=\"og:type\" content=\"article\" \/>\n<meta property=\"og:title\" content=\"Fiscal\u00eda General de la Naci\u00f3n\" \/>\n<meta property=\"og:description\" content=\"P\u00e1gina oficial de la Fiscal\u00eda General de la Naci\u00f3n \u2013 Colombia. Garantizamos el acceso efectivo a la justicia, la verdad y la reparaci\u00f3n de las v\u00edctimas de los delitos.\" \/>\n<meta property=\"og:url\" content=\"https:\/\/www.fiscalia.gov.co\/colombia\/noticias\/fiscalia-obtuvo-condena-a-mas-de-33-anos-para-el-responsable-de-un-homicidio-en-itagui-antioquia\/\" \/>\n<meta property=\"og:site_name\" content=\"Fiscal\u00eda General de la Naci\u00f3n\" \/>\n<meta property=\"article:publisher\" content=\"https:\/\/www.facebook.com\/FiscaliaCol\" \/>\n<meta property=\"article:published_time\" content=\"2022-04-20T16:17:21+00:00\" \/>\n<meta name=\"author\" content=\"Jordan Leandro Oviedo Anzola\" \/>\n<meta name=\"twitter:card\" content=\"summary_large_image\" \/>\n<meta name=\"twitter:creator\" content=\"@FiscaliaCol\" \/>\n<meta name=\"twitter:site\" content=\"@FiscaliaCol\" \/>\n<meta name=\"twitter:label1\" content=\"Escrito por\" \/>\n\t<meta name=\"twitter:data1\" content=\"Jordan Leandro Oviedo Anzola\" \/>\n\t<meta name=\"twitter:label2\" content=\"Tiempo de lectura\" \/>\n\t<meta name=\"twitter:data2\" content=\"1 minuto\" \/>\n<script type=\"application\/ld+json\" class=\"yoast-schema-graph\">{\"@context\":\"https:\/\/schema.org\",\"@graph\":[{\"@type\":\"Article\",\"@id\":\"https:\/\/www.fiscalia.gov.co\/colombia\/noticias\/fiscalia-obtuvo-condena-a-mas-de-33-anos-para-el-responsable-de-un-homicidio-en-itagui-antioquia\/#article\",\"isPartOf\":{\"@id\":\"https:\/\/www.fiscalia.gov.co\/colombia\/noticias\/fiscalia-obtuvo-condena-a-mas-de-33-anos-para-el-responsable-de-un-homicidio-en-itagui-antioquia\/\"},\"author\":{\"name\":\"Jordan Leandro Oviedo Anzola\",\"@id\":\"https:\/\/www.fiscalia.gov.co\/colombia\/#\/schema\/person\/bf84402cf293a5393e9c70b111020b24\"},\"headline\":\"Fiscal\u00eda obtuvo condena a m\u00e1s de 33 a\u00f1os para el responsable de un homicidio en Itag\u00fc\u00ed (Antioquia)\u00a0\",\"datePublished\":\"2022-04-20T16:17:21+00:00\",\"dateModified\":\"2022-04-20T16:17:21+00:00\",\"mainEntityOfPage\":{\"@id\":\"https:\/\/www.fiscalia.gov.co\/colombia\/noticias\/fiscalia-obtuvo-condena-a-mas-de-33-anos-para-el-responsable-de-un-homicidio-en-itagui-antioquia\/\"},\"wordCount\":252,\"publisher\":{\"@id\":\"https:\/\/www.fiscalia.gov.co\/colombia\/#organization\"},\"keywords\":[\"33 a\u00f1os y 4 meses de prisi\u00f3n\",\"alias Tauro\",\"fallo apelado\",\"Fiscal\u00eda General de la Naci\u00f3n\",\"Homicidio agravado\",\"ITAG\u00dc\u00cd -ANTIOQUIA\",\"TRIBUNAL SUPERIOR DE MEDELL\u00cdN.\"],\"articleSection\":[\"Noticias\",\"Seccional Antioquia\",\"Seccionales\",\"Seguridad territorial\"],\"inLanguage\":\"es-CO\"},{\"@type\":\"WebPage\",\"@id\":\"https:\/\/www.fiscalia.gov.co\/colombia\/noticias\/fiscalia-obtuvo-condena-a-mas-de-33-anos-para-el-responsable-de-un-homicidio-en-itagui-antioquia\/\",\"url\":\"https:\/\/www.fiscalia.gov.co\/colombia\/noticias\/fiscalia-obtuvo-condena-a-mas-de-33-anos-para-el-responsable-de-un-homicidio-en-itagui-antioquia\/\",\"name\":\"Fiscal\u00eda General de la Naci\u00f3n\",\"isPartOf\":{\"@id\":\"https:\/\/www.fiscalia.gov.co\/colombia\/#website\"},\"datePublished\":\"2022-04-20T16:17:21+00:00\",\"dateModified\":\"2022-04-20T16:17:21+00:00\",\"description\":\"P\u00e1gina oficial de la Fiscal\u00eda General de la Naci\u00f3n \u2013 Colombia. Garantizamos el acceso efectivo a la justicia, la verdad y la reparaci\u00f3n de las v\u00edctimas de los delitos.\",\"breadcrumb\":{\"@id\":\"https:\/\/www.fiscalia.gov.co\/colombia\/noticias\/fiscalia-obtuvo-condena-a-mas-de-33-anos-para-el-responsable-de-un-homicidio-en-itagui-antioquia\/#breadcrumb\"},\"inLanguage\":\"es-CO\",\"potentialAction\":[{\"@type\":\"ReadAction\",\"target\":[\"https:\/\/www.fiscalia.gov.co\/colombia\/noticias\/fiscalia-obtuvo-condena-a-mas-de-33-anos-para-el-responsable-de-un-homicidio-en-itagui-antioquia\/\"]}]},{\"@type\":\"BreadcrumbList\",\"@id\":\"https:\/\/www.fiscalia.gov.co\/colombia\/noticias\/fiscalia-obtuvo-condena-a-mas-de-33-anos-para-el-responsable-de-un-homicidio-en-itagui-antioquia\/#breadcrumb\",\"itemListElement\":[{\"@type\":\"ListItem\",\"position\":1,\"name\":\"Home\",\"item\":\"https:\/\/www.fiscalia.gov.co\/colombia\/\"},{\"@type\":\"ListItem\",\"position\":2,\"name\":\"Fiscal\u00eda obtuvo condena a m\u00e1s de 33 a\u00f1os para el responsable de un homicidio en Itag\u00fc\u00ed (Antioquia)\u00a0\"}]},{\"@type\":\"WebSite\",\"@id\":\"https:\/\/www.fiscalia.gov.co\/colombia\/#website\",\"url\":\"https:\/\/www.fiscalia.gov.co\/colombia\/\",\"name\":\"Fiscal\u00eda General de la Naci\u00f3n\",\"description\":\"P\u00e1gina oficial de la Fiscal\u00eda General de la Naci\u00f3n \u2013 Colombia. Garantizamos el acceso efectivo a la justicia, la verdad y la reparaci\u00f3n de las v\u00edctimas de los delitos.\",\"publisher\":{\"@id\":\"https:\/\/www.fiscalia.gov.co\/colombia\/#organization\"},\"potentialAction\":[{\"@type\":\"SearchAction\",\"target\":{\"@type\":\"EntryPoint\",\"urlTemplate\":\"https:\/\/www.fiscalia.gov.co\/colombia\/?s={search_term_string}\"},\"query-input\":{\"@type\":\"PropertyValueSpecification\",\"valueRequired\":true,\"valueName\":\"search_term_string\"}}],\"inLanguage\":\"es-CO\"},{\"@type\":\"Organization\",\"@id\":\"https:\/\/www.fiscalia.gov.co\/colombia\/#organization\",\"name\":\"Fiscal\u00eda General de la Naci\u00f3n\",\"url\":\"https:\/\/www.fiscalia.gov.co\/colombia\/\",\"logo\":{\"@type\":\"ImageObject\",\"inLanguage\":\"es-CO\",\"@id\":\"https:\/\/www.fiscalia.gov.co\/colombia\/#\/schema\/logo\/image\/\",\"url\":\"https:\/\/www.fiscalia.gov.co\/colombia\/wp-content\/uploads\/LogoHorizontal_1.jpg\",\"contentUrl\":\"https:\/\/www.fiscalia.gov.co\/colombia\/wp-content\/uploads\/LogoHorizontal_1.jpg\",\"width\":300,\"height\":90,\"caption\":\"Fiscal\u00eda General de la Naci\u00f3n\"},\"image\":{\"@id\":\"https:\/\/www.fiscalia.gov.co\/colombia\/#\/schema\/logo\/image\/\"},\"sameAs\":[\"https:\/\/www.facebook.com\/FiscaliaCol\",\"https:\/\/x.com\/FiscaliaCol\",\"https:\/\/www.instagram.com\/fiscaliacol\",\"https:\/\/www.linkedin.com\/company\/fiscalia-general-de-la-naci-n\/\",\"https:\/\/youtube.com\/@fiscaliageneraldelanacion-4668?si=6nN79nyQICPU5iTh\"]},{\"@type\":\"Person\",\"@id\":\"https:\/\/www.fiscalia.gov.co\/colombia\/#\/schema\/person\/bf84402cf293a5393e9c70b111020b24\",\"name\":\"Jordan Leandro Oviedo Anzola\",\"image\":{\"@type\":\"ImageObject\",\"inLanguage\":\"es-CO\",\"@id\":\"https:\/\/www.fiscalia.gov.co\/colombia\/#\/schema\/person\/image\/\",\"url\":\"https:\/\/secure.gravatar.com\/avatar\/dabba4346fa9b9207d96adafa8f92721?s=96&d=mm&r=g\",\"contentUrl\":\"https:\/\/secure.gravatar.com\/avatar\/dabba4346fa9b9207d96adafa8f92721?s=96&d=mm&r=g\",\"caption\":\"Jordan Leandro Oviedo Anzola\"},\"url\":\"https:\/\/www.fiscalia.gov.co\/colombia\/author\/joviedo\/\"}]}<\/script>\n<!-- \/ Yoast SEO plugin. -->","yoast_head_json":{"title":"Fiscal\u00eda General de la Naci\u00f3n","description":"P\u00e1gina oficial de la Fiscal\u00eda General de la Naci\u00f3n \u2013 Colombia. Garantizamos el acceso efectivo a la justicia, la verdad y la reparaci\u00f3n de las v\u00edctimas de los delitos.","robots":{"index":"noindex","follow":"follow"},"og_locale":"es_ES","og_type":"article","og_title":"Fiscal\u00eda General de la Naci\u00f3n","og_description":"P\u00e1gina oficial de la Fiscal\u00eda General de la Naci\u00f3n \u2013 Colombia. Garantizamos el acceso efectivo a la justicia, la verdad y la reparaci\u00f3n de las v\u00edctimas de los delitos.","og_url":"https:\/\/www.fiscalia.gov.co\/colombia\/noticias\/fiscalia-obtuvo-condena-a-mas-de-33-anos-para-el-responsable-de-un-homicidio-en-itagui-antioquia\/","og_site_name":"Fiscal\u00eda General de la Naci\u00f3n","article_publisher":"https:\/\/www.facebook.com\/FiscaliaCol","article_published_time":"2022-04-20T16:17:21+00:00","author":"Jordan Leandro Oviedo Anzola","twitter_card":"summary_large_image","twitter_creator":"@FiscaliaCol","twitter_site":"@FiscaliaCol","twitter_misc":{"Escrito por":"Jordan Leandro Oviedo Anzola","Tiempo de lectura":"1 minuto"},"schema":{"@context":"https:\/\/schema.org","@graph":[{"@type":"Article","@id":"https:\/\/www.fiscalia.gov.co\/colombia\/noticias\/fiscalia-obtuvo-condena-a-mas-de-33-anos-para-el-responsable-de-un-homicidio-en-itagui-antioquia\/#article","isPartOf":{"@id":"https:\/\/www.fiscalia.gov.co\/colombia\/noticias\/fiscalia-obtuvo-condena-a-mas-de-33-anos-para-el-responsable-de-un-homicidio-en-itagui-antioquia\/"},"author":{"name":"Jordan Leandro Oviedo Anzola","@id":"https:\/\/www.fiscalia.gov.co\/colombia\/#\/schema\/person\/bf84402cf293a5393e9c70b111020b24"},"headline":"Fiscal\u00eda obtuvo condena a m\u00e1s de 33 a\u00f1os para el responsable de un homicidio en Itag\u00fc\u00ed (Antioquia)\u00a0","datePublished":"2022-04-20T16:17:21+00:00","dateModified":"2022-04-20T16:17:21+00:00","mainEntityOfPage":{"@id":"https:\/\/www.fiscalia.gov.co\/colombia\/noticias\/fiscalia-obtuvo-condena-a-mas-de-33-anos-para-el-responsable-de-un-homicidio-en-itagui-antioquia\/"},"wordCount":252,"publisher":{"@id":"https:\/\/www.fiscalia.gov.co\/colombia\/#organization"},"keywords":["33 a\u00f1os y 4 meses de prisi\u00f3n","alias Tauro","fallo apelado","Fiscal\u00eda General de la Naci\u00f3n","Homicidio agravado","ITAG\u00dc\u00cd -ANTIOQUIA","TRIBUNAL SUPERIOR DE MEDELL\u00cdN."],"articleSection":["Noticias","Seccional Antioquia","Seccionales","Seguridad territorial"],"inLanguage":"es-CO"},{"@type":"WebPage","@id":"https:\/\/www.fiscalia.gov.co\/colombia\/noticias\/fiscalia-obtuvo-condena-a-mas-de-33-anos-para-el-responsable-de-un-homicidio-en-itagui-antioquia\/","url":"https:\/\/www.fiscalia.gov.co\/colombia\/noticias\/fiscalia-obtuvo-condena-a-mas-de-33-anos-para-el-responsable-de-un-homicidio-en-itagui-antioquia\/","name":"Fiscal\u00eda General de la Naci\u00f3n","isPartOf":{"@id":"https:\/\/www.fiscalia.gov.co\/colombia\/#website"},"datePublished":"2022-04-20T16:17:21+00:00","dateModified":"2022-04-20T16:17:21+00:00","description":"P\u00e1gina oficial de la Fiscal\u00eda General de la Naci\u00f3n \u2013 Colombia. Garantizamos el acceso efectivo a la justicia, la verdad y la reparaci\u00f3n de las v\u00edctimas de los delitos.","breadcrumb":{"@id":"https:\/\/www.fiscalia.gov.co\/colombia\/noticias\/fiscalia-obtuvo-condena-a-mas-de-33-anos-para-el-responsable-de-un-homicidio-en-itagui-antioquia\/#breadcrumb"},"inLanguage":"es-CO","potentialAction":[{"@type":"ReadAction","target":["https:\/\/www.fiscalia.gov.co\/colombia\/noticias\/fiscalia-obtuvo-condena-a-mas-de-33-anos-para-el-responsable-de-un-homicidio-en-itagui-antioquia\/"]}]},{"@type":"BreadcrumbList","@id":"https:\/\/www.fiscalia.gov.co\/colombia\/noticias\/fiscalia-obtuvo-condena-a-mas-de-33-anos-para-el-responsable-de-un-homicidio-en-itagui-antioquia\/#breadcrumb","itemListElement":[{"@type":"ListItem","position":1,"name":"Home","item":"https:\/\/www.fiscalia.gov.co\/colombia\/"},{"@type":"ListItem","position":2,"name":"Fiscal\u00eda obtuvo condena a m\u00e1s de 33 a\u00f1os para el responsable de un homicidio en Itag\u00fc\u00ed (Antioquia)\u00a0"}]},{"@type":"WebSite","@id":"https:\/\/www.fiscalia.gov.co\/colombia\/#website","url":"https:\/\/www.fiscalia.gov.co\/colombia\/","name":"Fiscal\u00eda General de la Naci\u00f3n","description":"P\u00e1gina oficial de la Fiscal\u00eda General de la Naci\u00f3n \u2013 Colombia. Garantizamos el acceso efectivo a la justicia, la verdad y la reparaci\u00f3n de las v\u00edctimas de los delitos.","publisher":{"@id":"https:\/\/www.fiscalia.gov.co\/colombia\/#organization"},"potentialAction":[{"@type":"SearchAction","target":{"@type":"EntryPoint","urlTemplate":"https:\/\/www.fiscalia.gov.co\/colombia\/?s={search_term_string}"},"query-input":{"@type":"PropertyValueSpecification","valueRequired":true,"valueName":"search_term_string"}}],"inLanguage":"es-CO"},{"@type":"Organization","@id":"https:\/\/www.fiscalia.gov.co\/colombia\/#organization","name":"Fiscal\u00eda General de la Naci\u00f3n","url":"https:\/\/www.fiscalia.gov.co\/colombia\/","logo":{"@type":"ImageObject","inLanguage":"es-CO","@id":"https:\/\/www.fiscalia.gov.co\/colombia\/#\/schema\/logo\/image\/","url":"https:\/\/www.fiscalia.gov.co\/colombia\/wp-content\/uploads\/LogoHorizontal_1.jpg","contentUrl":"https:\/\/www.fiscalia.gov.co\/colombia\/wp-content\/uploads\/LogoHorizontal_1.jpg","width":300,"height":90,"caption":"Fiscal\u00eda General de la Naci\u00f3n"},"image":{"@id":"https:\/\/www.fiscalia.gov.co\/colombia\/#\/schema\/logo\/image\/"},"sameAs":["https:\/\/www.facebook.com\/FiscaliaCol","https:\/\/x.com\/FiscaliaCol","https:\/\/www.instagram.com\/fiscaliacol","https:\/\/www.linkedin.com\/company\/fiscalia-general-de-la-naci-n\/","https:\/\/youtube.com\/@fiscaliageneraldelanacion-4668?si=6nN79nyQICPU5iTh"]},{"@type":"Person","@id":"https:\/\/www.fiscalia.gov.co\/colombia\/#\/schema\/person\/bf84402cf293a5393e9c70b111020b24","name":"Jordan Leandro Oviedo Anzola","image":{"@type":"ImageObject","inLanguage":"es-CO","@id":"https:\/\/www.fiscalia.gov.co\/colombia\/#\/schema\/person\/image\/","url":"https:\/\/secure.gravatar.com\/avatar\/dabba4346fa9b9207d96adafa8f92721?s=96&d=mm&r=g","contentUrl":"https:\/\/secure.gravatar.com\/avatar\/dabba4346fa9b9207d96adafa8f92721?s=96&d=mm&r=g","caption":"Jordan Leandro Oviedo Anzola"},"url":"https:\/\/www.fiscalia.gov.co\/colombia\/author\/joviedo\/"}]}},"_links":{"self":[{"href":"https:\/\/www.fiscalia.gov.co\/colombia\/wp-json\/wp\/v2\/posts\/246345","targetHints":{"allow":["GET"]}}],"collection":[{"href":"https:\/\/www.fiscalia.gov.co\/colombia\/wp-json\/wp\/v2\/posts"}],"about":[{"href":"https:\/\/www.fiscalia.gov.co\/colombia\/wp-json\/wp\/v2\/types\/post"}],"author":[{"embeddable":true,"href":"https:\/\/www.fiscalia.gov.co\/colombia\/wp-json\/wp\/v2\/users\/177"}],"replies":[{"embeddable":true,"href":"https:\/\/www.fiscalia.gov.co\/colombia\/wp-json\/wp\/v2\/comments?post=246345"}],"version-history":[{"count":1,"href":"https:\/\/www.fiscalia.gov.co\/colombia\/wp-json\/wp\/v2\/posts\/246345\/revisions"}],"predecessor-version":[{"id":246346,"href":"https:\/\/www.fiscalia.gov.co\/colombia\/wp-json\/wp\/v2\/posts\/246345\/revisions\/246346"}],"wp:attachment":[{"href":"https:\/\/www.fiscalia.gov.co\/colombia\/wp-json\/wp\/v2\/media?parent=246345"}],"wp:term":[{"taxonomy":"category","embeddable":true,"href":"https:\/\/www.fiscalia.gov.co\/colombia\/wp-json\/wp\/v2\/categories?post=246345"},{"taxonomy":"post_tag","embeddable":true,"href":"https:\/\/www.fiscalia.gov.co\/colombia\/wp-json\/wp\/v2\/tags?post=246345"}],"curies":[{"name":"wp","href":"https:\/\/api.w.org\/{rel}","templated":true}]}}