{"id":246325,"date":"2022-04-20T10:37:19","date_gmt":"2022-04-20T15:37:19","guid":{"rendered":"https:\/\/www.fiscalia.gov.co\/colombia\/?p=246325"},"modified":"2022-04-27T14:20:56","modified_gmt":"2022-04-27T19:20:56","slug":"sentido-de-fallo-condenatorio-contra-otro-de-los-homicidas-de-una-lider-social-en-quibdo-choco","status":"publish","type":"post","link":"https:\/\/www.fiscalia.gov.co\/colombia\/noticias\/sentido-de-fallo-condenatorio-contra-otro-de-los-homicidas-de-una-lider-social-en-quibdo-choco\/","title":{"rendered":"Sentido de fallo condenatorio contra otro de los homicidas de una l\u00edder social en Quibd\u00f3 (Choc\u00f3)"},"content":{"rendered":"<h4 style=\"font-weight: 400;\"><em><strong>Armando Robledo Moya, alias Chucky, al parecer, cabecilla del Grupo Delincuencial de Crimen Organizado (GDCO), Los Mercenarios, Los Chukys, Los Calvos o Los Mexicanos, habr\u00eda dado la orden de asesinar a la l\u00edder y por este hecho se encuentra\u00a0 en juicio como determinador del crimen.<\/strong><\/em><\/h4>\n<p style=\"font-weight: 400;\">La Fiscal\u00eda Seccional Choc\u00f3 logr\u00f3 sentido de fallo condenatorio contra Franklin Mena Moreno, como autor material del crimen de la l\u00edder social, Felicinda Santamar\u00eda Mosquera, en hechos ocurridos el 3 de julio de 2018 en el barrio Virgen del Carmen en Quibd\u00f3 (Choc\u00f3).<\/p>\n<p style=\"font-weight: 400;\">El ente acusador logr\u00f3 reunir el suficiente material probatorio que evidenci\u00f3 que una hora antes del crimen, el hoy condenado junto con Ernersilio Murillo Potes condenado a 40 a\u00f1os de prisi\u00f3n vinculado a este crimen, llegaron a la vivienda de la v\u00edctima, quien era la presidenta de la Junta de Acci\u00f3n Comunal, para la \u00e9poca de los hechos, cit\u00e1ndola a una reuni\u00f3n en el sector de La Loma, a lo que la mujer se neg\u00f3 a salir de su vivienda.<\/p>\n<p style=\"font-weight: 400;\">Ante la negativa los dos hombres ingresaron a la fuerza a la casa y le dispararon a Felicinda Santamar\u00eda Mosquera quien falleci\u00f3 producto de los disparos.<\/p>\n<p style=\"font-weight: 400;\">La Fiscal\u00eda proces\u00f3 a Mena Moreno por los delitos de homicidio agravado y porte ilegal de fuego de defensa personal agravado.<\/p>\n<p style=\"font-weight: 400;\">Adem\u00e1s, se pudo establecer que el condenado era miembro del Grupo Delincuencial de Crimen Organizado (GDCO), Los Mercenarios, Los Chukys, Los Calvos o Los Mexicanos, y, al parecer, fue enviado a asesinar a la l\u00edder junto con Murillo Potes por \u00f3rdenes de Armando Robledo Moya, alias Chucky o El Chema, cabecilla de la organizaci\u00f3n, quien se encuentra capturado como determinador del crimen y su proceso esta etapa de juicio.<\/p>\n<p style=\"font-weight: 400;\">La Fiscal\u00eda General de la Naci\u00f3n habla con resultados.<\/p>\n<p>&nbsp;<\/p>\n<p style=\"font-weight: 400;\">DSCH\/JLH\/AMC\/FAGH<\/p>\n<p>&nbsp;<\/p>\n<p>&nbsp;<\/p>\n<div class=\"td-post-content tagdiv-type\">\n<p><em>La informaci\u00f3n contenida en este bolet\u00edn de prensa corresponde a la narraci\u00f3n de los hechos noticiosos objetivos, suministrados por los funcionarios encargados de adelantar las investigaciones penales al interior de la Fiscal\u00eda General de la Naci\u00f3n. Para el momento de la divulgaci\u00f3n de este comunicado, la situaci\u00f3n jur\u00eddica de la(s) persona(s) relacionada(s) se encuentra pendiente de resolver por la autoridad judicial competente, siempre bajo los preceptos de la presunci\u00f3n de inocencia, consagrados en el art\u00edculo 29 de la Constituci\u00f3n Pol\u00edtica y el art\u00edculo 7\u00ba de la Ley 906 de 2004.<\/em><\/p>\n<\/div>\n\n<div class=\"twitter-share\"><a href=\"https:\/\/twitter.com\/intent\/tweet?via=fiscaliacol\" class=\"twitter-share-button\">Tweet<\/a><\/div>\n","protected":false},"excerpt":{"rendered":"<p>Armando Robledo Moya, alias Chucky, al parecer, cabecilla del Grupo Delincuencial de Crimen Organizado (GDCO), Los Mercenarios, Los Chukys, Los Calvos o Los Mexicanos, habr\u00eda dado la orden de asesinar [&hellip;]<\/p>\n","protected":false},"author":177,"featured_media":0,"comment_status":"closed","ping_status":"open","sticky":false,"template":"","format":"video","meta":{"tdm_status":"","tdm_grid_status":"","footnotes":""},"categories":[24174,1,2336,303],"tags":[2110,293,7484,24185,24188,1047],"class_list":["post-246325","post","type-post","status-publish","format-video","category-hay-justicia","category-noticias","category-seccional-quibdo","category-seccionales","tag-choco","tag-condena","tag-crimen-organizado","tag-fiscal-barbosa","tag-fiscal-francisco-barbosa","tag-fiscalia-general-de-la-nacion","post_format-post-format-video"],"yoast_head":"<!-- This site is optimized with the Yoast SEO plugin v24.3 - https:\/\/yoast.com\/wordpress\/plugins\/seo\/ -->\n<title>Fiscal\u00eda General de la Naci\u00f3n<\/title>\n<meta name=\"description\" content=\"P\u00e1gina oficial de la Fiscal\u00eda General de la Naci\u00f3n \u2013 Colombia. Garantizamos el acceso efectivo a la justicia, la verdad y la reparaci\u00f3n de las v\u00edctimas de los delitos.\" \/>\n<meta name=\"robots\" content=\"noindex, follow\" \/>\n<meta property=\"og:locale\" content=\"es_ES\" \/>\n<meta property=\"og:type\" content=\"article\" \/>\n<meta property=\"og:title\" content=\"Fiscal\u00eda General de la Naci\u00f3n\" \/>\n<meta property=\"og:description\" content=\"P\u00e1gina oficial de la Fiscal\u00eda General de la Naci\u00f3n \u2013 Colombia. Garantizamos el acceso efectivo a la justicia, la verdad y la reparaci\u00f3n de las v\u00edctimas de los delitos.\" \/>\n<meta property=\"og:url\" content=\"https:\/\/www.fiscalia.gov.co\/colombia\/noticias\/sentido-de-fallo-condenatorio-contra-otro-de-los-homicidas-de-una-lider-social-en-quibdo-choco\/\" \/>\n<meta property=\"og:site_name\" content=\"Fiscal\u00eda General de la Naci\u00f3n\" \/>\n<meta property=\"article:publisher\" content=\"https:\/\/www.facebook.com\/FiscaliaCol\" \/>\n<meta property=\"article:published_time\" content=\"2022-04-20T15:37:19+00:00\" \/>\n<meta property=\"article:modified_time\" content=\"2022-04-27T19:20:56+00:00\" \/>\n<meta name=\"author\" content=\"Jordan Leandro Oviedo Anzola\" \/>\n<meta name=\"twitter:card\" content=\"summary_large_image\" \/>\n<meta name=\"twitter:creator\" content=\"@FiscaliaCol\" \/>\n<meta name=\"twitter:site\" content=\"@FiscaliaCol\" \/>\n<meta name=\"twitter:label1\" content=\"Escrito por\" \/>\n\t<meta name=\"twitter:data1\" content=\"Jordan Leandro Oviedo Anzola\" \/>\n\t<meta name=\"twitter:label2\" content=\"Tiempo de lectura\" \/>\n\t<meta name=\"twitter:data2\" content=\"2 minutos\" \/>\n<script type=\"application\/ld+json\" class=\"yoast-schema-graph\">{\"@context\":\"https:\/\/schema.org\",\"@graph\":[{\"@type\":\"Article\",\"@id\":\"https:\/\/www.fiscalia.gov.co\/colombia\/noticias\/sentido-de-fallo-condenatorio-contra-otro-de-los-homicidas-de-una-lider-social-en-quibdo-choco\/#article\",\"isPartOf\":{\"@id\":\"https:\/\/www.fiscalia.gov.co\/colombia\/noticias\/sentido-de-fallo-condenatorio-contra-otro-de-los-homicidas-de-una-lider-social-en-quibdo-choco\/\"},\"author\":{\"name\":\"Jordan Leandro Oviedo Anzola\",\"@id\":\"https:\/\/www.fiscalia.gov.co\/colombia\/#\/schema\/person\/bf84402cf293a5393e9c70b111020b24\"},\"headline\":\"Sentido de fallo condenatorio contra otro de los homicidas de una l\u00edder social en Quibd\u00f3 (Choc\u00f3)\",\"datePublished\":\"2022-04-20T15:37:19+00:00\",\"dateModified\":\"2022-04-27T19:20:56+00:00\",\"mainEntityOfPage\":{\"@id\":\"https:\/\/www.fiscalia.gov.co\/colombia\/noticias\/sentido-de-fallo-condenatorio-contra-otro-de-los-homicidas-de-una-lider-social-en-quibdo-choco\/\"},\"wordCount\":434,\"publisher\":{\"@id\":\"https:\/\/www.fiscalia.gov.co\/colombia\/#organization\"},\"keywords\":[\"Choc\u00f3\",\"Condena\",\"Crimen organizado\",\"Fiscal Barbosa\",\"Fiscal Francisco Barbosa\",\"Fiscal\u00eda General de la Naci\u00f3n\"],\"articleSection\":[\"Hay Justicia\",\"Noticias\",\"Seccional Quibd\u00f3\",\"Seccionales\"],\"inLanguage\":\"es-CO\"},{\"@type\":\"WebPage\",\"@id\":\"https:\/\/www.fiscalia.gov.co\/colombia\/noticias\/sentido-de-fallo-condenatorio-contra-otro-de-los-homicidas-de-una-lider-social-en-quibdo-choco\/\",\"url\":\"https:\/\/www.fiscalia.gov.co\/colombia\/noticias\/sentido-de-fallo-condenatorio-contra-otro-de-los-homicidas-de-una-lider-social-en-quibdo-choco\/\",\"name\":\"Fiscal\u00eda General de la Naci\u00f3n\",\"isPartOf\":{\"@id\":\"https:\/\/www.fiscalia.gov.co\/colombia\/#website\"},\"datePublished\":\"2022-04-20T15:37:19+00:00\",\"dateModified\":\"2022-04-27T19:20:56+00:00\",\"description\":\"P\u00e1gina oficial de la Fiscal\u00eda General de la Naci\u00f3n \u2013 Colombia. Garantizamos el acceso efectivo a la justicia, la verdad y la reparaci\u00f3n de las v\u00edctimas de los delitos.\",\"breadcrumb\":{\"@id\":\"https:\/\/www.fiscalia.gov.co\/colombia\/noticias\/sentido-de-fallo-condenatorio-contra-otro-de-los-homicidas-de-una-lider-social-en-quibdo-choco\/#breadcrumb\"},\"inLanguage\":\"es-CO\",\"potentialAction\":[{\"@type\":\"ReadAction\",\"target\":[\"https:\/\/www.fiscalia.gov.co\/colombia\/noticias\/sentido-de-fallo-condenatorio-contra-otro-de-los-homicidas-de-una-lider-social-en-quibdo-choco\/\"]}]},{\"@type\":\"BreadcrumbList\",\"@id\":\"https:\/\/www.fiscalia.gov.co\/colombia\/noticias\/sentido-de-fallo-condenatorio-contra-otro-de-los-homicidas-de-una-lider-social-en-quibdo-choco\/#breadcrumb\",\"itemListElement\":[{\"@type\":\"ListItem\",\"position\":1,\"name\":\"Home\",\"item\":\"https:\/\/www.fiscalia.gov.co\/colombia\/\"},{\"@type\":\"ListItem\",\"position\":2,\"name\":\"Sentido de fallo condenatorio contra otro de los homicidas de una l\u00edder social en Quibd\u00f3 (Choc\u00f3)\"}]},{\"@type\":\"WebSite\",\"@id\":\"https:\/\/www.fiscalia.gov.co\/colombia\/#website\",\"url\":\"https:\/\/www.fiscalia.gov.co\/colombia\/\",\"name\":\"Fiscal\u00eda General de la Naci\u00f3n\",\"description\":\"P\u00e1gina oficial de la Fiscal\u00eda General de la Naci\u00f3n \u2013 Colombia. Garantizamos el acceso efectivo a la justicia, la verdad y la reparaci\u00f3n de las v\u00edctimas de los delitos.\",\"publisher\":{\"@id\":\"https:\/\/www.fiscalia.gov.co\/colombia\/#organization\"},\"potentialAction\":[{\"@type\":\"SearchAction\",\"target\":{\"@type\":\"EntryPoint\",\"urlTemplate\":\"https:\/\/www.fiscalia.gov.co\/colombia\/?s={search_term_string}\"},\"query-input\":{\"@type\":\"PropertyValueSpecification\",\"valueRequired\":true,\"valueName\":\"search_term_string\"}}],\"inLanguage\":\"es-CO\"},{\"@type\":\"Organization\",\"@id\":\"https:\/\/www.fiscalia.gov.co\/colombia\/#organization\",\"name\":\"Fiscal\u00eda General de la Naci\u00f3n\",\"url\":\"https:\/\/www.fiscalia.gov.co\/colombia\/\",\"logo\":{\"@type\":\"ImageObject\",\"inLanguage\":\"es-CO\",\"@id\":\"https:\/\/www.fiscalia.gov.co\/colombia\/#\/schema\/logo\/image\/\",\"url\":\"https:\/\/www.fiscalia.gov.co\/colombia\/wp-content\/uploads\/LogoHorizontal_1.jpg\",\"contentUrl\":\"https:\/\/www.fiscalia.gov.co\/colombia\/wp-content\/uploads\/LogoHorizontal_1.jpg\",\"width\":300,\"height\":90,\"caption\":\"Fiscal\u00eda General de la Naci\u00f3n\"},\"image\":{\"@id\":\"https:\/\/www.fiscalia.gov.co\/colombia\/#\/schema\/logo\/image\/\"},\"sameAs\":[\"https:\/\/www.facebook.com\/FiscaliaCol\",\"https:\/\/x.com\/FiscaliaCol\",\"https:\/\/www.instagram.com\/fiscaliacol\",\"https:\/\/www.linkedin.com\/company\/fiscalia-general-de-la-naci-n\/\",\"https:\/\/youtube.com\/@fiscaliageneraldelanacion-4668?si=6nN79nyQICPU5iTh\"]},{\"@type\":\"Person\",\"@id\":\"https:\/\/www.fiscalia.gov.co\/colombia\/#\/schema\/person\/bf84402cf293a5393e9c70b111020b24\",\"name\":\"Jordan Leandro Oviedo Anzola\",\"image\":{\"@type\":\"ImageObject\",\"inLanguage\":\"es-CO\",\"@id\":\"https:\/\/www.fiscalia.gov.co\/colombia\/#\/schema\/person\/image\/\",\"url\":\"https:\/\/secure.gravatar.com\/avatar\/dabba4346fa9b9207d96adafa8f92721?s=96&d=mm&r=g\",\"contentUrl\":\"https:\/\/secure.gravatar.com\/avatar\/dabba4346fa9b9207d96adafa8f92721?s=96&d=mm&r=g\",\"caption\":\"Jordan Leandro Oviedo Anzola\"},\"url\":\"https:\/\/www.fiscalia.gov.co\/colombia\/author\/joviedo\/\"}]}<\/script>\n<!-- \/ Yoast SEO plugin. -->","yoast_head_json":{"title":"Fiscal\u00eda General de la Naci\u00f3n","description":"P\u00e1gina oficial de la Fiscal\u00eda General de la Naci\u00f3n \u2013 Colombia. Garantizamos el acceso efectivo a la justicia, la verdad y la reparaci\u00f3n de las v\u00edctimas de los delitos.","robots":{"index":"noindex","follow":"follow"},"og_locale":"es_ES","og_type":"article","og_title":"Fiscal\u00eda General de la Naci\u00f3n","og_description":"P\u00e1gina oficial de la Fiscal\u00eda General de la Naci\u00f3n \u2013 Colombia. Garantizamos el acceso efectivo a la justicia, la verdad y la reparaci\u00f3n de las v\u00edctimas de los delitos.","og_url":"https:\/\/www.fiscalia.gov.co\/colombia\/noticias\/sentido-de-fallo-condenatorio-contra-otro-de-los-homicidas-de-una-lider-social-en-quibdo-choco\/","og_site_name":"Fiscal\u00eda General de la Naci\u00f3n","article_publisher":"https:\/\/www.facebook.com\/FiscaliaCol","article_published_time":"2022-04-20T15:37:19+00:00","article_modified_time":"2022-04-27T19:20:56+00:00","author":"Jordan Leandro Oviedo Anzola","twitter_card":"summary_large_image","twitter_creator":"@FiscaliaCol","twitter_site":"@FiscaliaCol","twitter_misc":{"Escrito por":"Jordan Leandro Oviedo Anzola","Tiempo de lectura":"2 minutos"},"schema":{"@context":"https:\/\/schema.org","@graph":[{"@type":"Article","@id":"https:\/\/www.fiscalia.gov.co\/colombia\/noticias\/sentido-de-fallo-condenatorio-contra-otro-de-los-homicidas-de-una-lider-social-en-quibdo-choco\/#article","isPartOf":{"@id":"https:\/\/www.fiscalia.gov.co\/colombia\/noticias\/sentido-de-fallo-condenatorio-contra-otro-de-los-homicidas-de-una-lider-social-en-quibdo-choco\/"},"author":{"name":"Jordan Leandro Oviedo Anzola","@id":"https:\/\/www.fiscalia.gov.co\/colombia\/#\/schema\/person\/bf84402cf293a5393e9c70b111020b24"},"headline":"Sentido de fallo condenatorio contra otro de los homicidas de una l\u00edder social en Quibd\u00f3 (Choc\u00f3)","datePublished":"2022-04-20T15:37:19+00:00","dateModified":"2022-04-27T19:20:56+00:00","mainEntityOfPage":{"@id":"https:\/\/www.fiscalia.gov.co\/colombia\/noticias\/sentido-de-fallo-condenatorio-contra-otro-de-los-homicidas-de-una-lider-social-en-quibdo-choco\/"},"wordCount":434,"publisher":{"@id":"https:\/\/www.fiscalia.gov.co\/colombia\/#organization"},"keywords":["Choc\u00f3","Condena","Crimen organizado","Fiscal Barbosa","Fiscal Francisco Barbosa","Fiscal\u00eda General de la Naci\u00f3n"],"articleSection":["Hay Justicia","Noticias","Seccional Quibd\u00f3","Seccionales"],"inLanguage":"es-CO"},{"@type":"WebPage","@id":"https:\/\/www.fiscalia.gov.co\/colombia\/noticias\/sentido-de-fallo-condenatorio-contra-otro-de-los-homicidas-de-una-lider-social-en-quibdo-choco\/","url":"https:\/\/www.fiscalia.gov.co\/colombia\/noticias\/sentido-de-fallo-condenatorio-contra-otro-de-los-homicidas-de-una-lider-social-en-quibdo-choco\/","name":"Fiscal\u00eda General de la Naci\u00f3n","isPartOf":{"@id":"https:\/\/www.fiscalia.gov.co\/colombia\/#website"},"datePublished":"2022-04-20T15:37:19+00:00","dateModified":"2022-04-27T19:20:56+00:00","description":"P\u00e1gina oficial de la Fiscal\u00eda General de la Naci\u00f3n \u2013 Colombia. Garantizamos el acceso efectivo a la justicia, la verdad y la reparaci\u00f3n de las v\u00edctimas de los delitos.","breadcrumb":{"@id":"https:\/\/www.fiscalia.gov.co\/colombia\/noticias\/sentido-de-fallo-condenatorio-contra-otro-de-los-homicidas-de-una-lider-social-en-quibdo-choco\/#breadcrumb"},"inLanguage":"es-CO","potentialAction":[{"@type":"ReadAction","target":["https:\/\/www.fiscalia.gov.co\/colombia\/noticias\/sentido-de-fallo-condenatorio-contra-otro-de-los-homicidas-de-una-lider-social-en-quibdo-choco\/"]}]},{"@type":"BreadcrumbList","@id":"https:\/\/www.fiscalia.gov.co\/colombia\/noticias\/sentido-de-fallo-condenatorio-contra-otro-de-los-homicidas-de-una-lider-social-en-quibdo-choco\/#breadcrumb","itemListElement":[{"@type":"ListItem","position":1,"name":"Home","item":"https:\/\/www.fiscalia.gov.co\/colombia\/"},{"@type":"ListItem","position":2,"name":"Sentido de fallo condenatorio contra otro de los homicidas de una l\u00edder social en Quibd\u00f3 (Choc\u00f3)"}]},{"@type":"WebSite","@id":"https:\/\/www.fiscalia.gov.co\/colombia\/#website","url":"https:\/\/www.fiscalia.gov.co\/colombia\/","name":"Fiscal\u00eda General de la Naci\u00f3n","description":"P\u00e1gina oficial de la Fiscal\u00eda General de la Naci\u00f3n \u2013 Colombia. Garantizamos el acceso efectivo a la justicia, la verdad y la reparaci\u00f3n de las v\u00edctimas de los delitos.","publisher":{"@id":"https:\/\/www.fiscalia.gov.co\/colombia\/#organization"},"potentialAction":[{"@type":"SearchAction","target":{"@type":"EntryPoint","urlTemplate":"https:\/\/www.fiscalia.gov.co\/colombia\/?s={search_term_string}"},"query-input":{"@type":"PropertyValueSpecification","valueRequired":true,"valueName":"search_term_string"}}],"inLanguage":"es-CO"},{"@type":"Organization","@id":"https:\/\/www.fiscalia.gov.co\/colombia\/#organization","name":"Fiscal\u00eda General de la Naci\u00f3n","url":"https:\/\/www.fiscalia.gov.co\/colombia\/","logo":{"@type":"ImageObject","inLanguage":"es-CO","@id":"https:\/\/www.fiscalia.gov.co\/colombia\/#\/schema\/logo\/image\/","url":"https:\/\/www.fiscalia.gov.co\/colombia\/wp-content\/uploads\/LogoHorizontal_1.jpg","contentUrl":"https:\/\/www.fiscalia.gov.co\/colombia\/wp-content\/uploads\/LogoHorizontal_1.jpg","width":300,"height":90,"caption":"Fiscal\u00eda General de la Naci\u00f3n"},"image":{"@id":"https:\/\/www.fiscalia.gov.co\/colombia\/#\/schema\/logo\/image\/"},"sameAs":["https:\/\/www.facebook.com\/FiscaliaCol","https:\/\/x.com\/FiscaliaCol","https:\/\/www.instagram.com\/fiscaliacol","https:\/\/www.linkedin.com\/company\/fiscalia-general-de-la-naci-n\/","https:\/\/youtube.com\/@fiscaliageneraldelanacion-4668?si=6nN79nyQICPU5iTh"]},{"@type":"Person","@id":"https:\/\/www.fiscalia.gov.co\/colombia\/#\/schema\/person\/bf84402cf293a5393e9c70b111020b24","name":"Jordan Leandro Oviedo Anzola","image":{"@type":"ImageObject","inLanguage":"es-CO","@id":"https:\/\/www.fiscalia.gov.co\/colombia\/#\/schema\/person\/image\/","url":"https:\/\/secure.gravatar.com\/avatar\/dabba4346fa9b9207d96adafa8f92721?s=96&d=mm&r=g","contentUrl":"https:\/\/secure.gravatar.com\/avatar\/dabba4346fa9b9207d96adafa8f92721?s=96&d=mm&r=g","caption":"Jordan Leandro Oviedo Anzola"},"url":"https:\/\/www.fiscalia.gov.co\/colombia\/author\/joviedo\/"}]}},"_links":{"self":[{"href":"https:\/\/www.fiscalia.gov.co\/colombia\/wp-json\/wp\/v2\/posts\/246325","targetHints":{"allow":["GET"]}}],"collection":[{"href":"https:\/\/www.fiscalia.gov.co\/colombia\/wp-json\/wp\/v2\/posts"}],"about":[{"href":"https:\/\/www.fiscalia.gov.co\/colombia\/wp-json\/wp\/v2\/types\/post"}],"author":[{"embeddable":true,"href":"https:\/\/www.fiscalia.gov.co\/colombia\/wp-json\/wp\/v2\/users\/177"}],"replies":[{"embeddable":true,"href":"https:\/\/www.fiscalia.gov.co\/colombia\/wp-json\/wp\/v2\/comments?post=246325"}],"version-history":[{"count":3,"href":"https:\/\/www.fiscalia.gov.co\/colombia\/wp-json\/wp\/v2\/posts\/246325\/revisions"}],"predecessor-version":[{"id":246932,"href":"https:\/\/www.fiscalia.gov.co\/colombia\/wp-json\/wp\/v2\/posts\/246325\/revisions\/246932"}],"wp:attachment":[{"href":"https:\/\/www.fiscalia.gov.co\/colombia\/wp-json\/wp\/v2\/media?parent=246325"}],"wp:term":[{"taxonomy":"category","embeddable":true,"href":"https:\/\/www.fiscalia.gov.co\/colombia\/wp-json\/wp\/v2\/categories?post=246325"},{"taxonomy":"post_tag","embeddable":true,"href":"https:\/\/www.fiscalia.gov.co\/colombia\/wp-json\/wp\/v2\/tags?post=246325"}],"curies":[{"name":"wp","href":"https:\/\/api.w.org\/{rel}","templated":true}]}}