{"id":246295,"date":"2022-04-19T16:45:30","date_gmt":"2022-04-19T21:45:30","guid":{"rendered":"https:\/\/www.fiscalia.gov.co\/colombia\/?p=246295"},"modified":"2022-04-19T20:58:21","modified_gmt":"2022-04-20T01:58:21","slug":"privados-de-la-libertad-dos-presuntos-integrantes-de-los-pachenca-por-porte-ilegal-de-armas","status":"publish","type":"post","link":"https:\/\/www.fiscalia.gov.co\/colombia\/noticias\/privados-de-la-libertad-dos-presuntos-integrantes-de-los-pachenca-por-porte-ilegal-de-armas\/","title":{"rendered":"Privados de la libertad dos presuntos integrantes de Los Pachenca por porte ilegal de armas"},"content":{"rendered":"<p style=\"font-weight: 400;\">La\u00a0<strong>Fiscal\u00eda General de la Naci\u00f3n<\/strong>\u00a0logr\u00f3 la judicializaci\u00f3n de\u00a0<strong>Gilberto Correa Babilonia<\/strong>\u00a0y\u00a0<strong>Jos\u00e9 Francisco Alonso Castro<\/strong>, como presuntos responsables de portar un arma de fuego de uso privativo de las Fuerzas Militares, en jurisdicci\u00f3n de la Zona Bananera del departamento de Magdalena.<\/p>\n<figure id=\"attachment_246296\" aria-describedby=\"caption-attachment-246296\" style=\"width: 696px\" class=\"wp-caption aligncenter\"><img loading=\"lazy\" decoding=\"async\" class=\"size-large wp-image-246296\" src=\"https:\/\/www.fiscalia.gov.co\/colombia\/wp-content\/uploads\/Fiscal-Barbosa-Dos-presuntos-integrantes-de-Los-Pachenca-fueron-enviados-a-la-c\u00e1rcel-por-porte-ilegal-de-armas.-1024x660.jpeg\" alt=\"\" width=\"696\" height=\"449\" srcset=\"https:\/\/www.fiscalia.gov.co\/colombia\/wp-content\/uploads\/Fiscal-Barbosa-Dos-presuntos-integrantes-de-Los-Pachenca-fueron-enviados-a-la-c\u00e1rcel-por-porte-ilegal-de-armas.-1024x660.jpeg 1024w, https:\/\/www.fiscalia.gov.co\/colombia\/wp-content\/uploads\/Fiscal-Barbosa-Dos-presuntos-integrantes-de-Los-Pachenca-fueron-enviados-a-la-c\u00e1rcel-por-porte-ilegal-de-armas.-300x193.jpeg 300w, https:\/\/www.fiscalia.gov.co\/colombia\/wp-content\/uploads\/Fiscal-Barbosa-Dos-presuntos-integrantes-de-Los-Pachenca-fueron-enviados-a-la-c\u00e1rcel-por-porte-ilegal-de-armas.-768x495.jpeg 768w, https:\/\/www.fiscalia.gov.co\/colombia\/wp-content\/uploads\/Fiscal-Barbosa-Dos-presuntos-integrantes-de-Los-Pachenca-fueron-enviados-a-la-c\u00e1rcel-por-porte-ilegal-de-armas.-696x449.jpeg 696w, https:\/\/www.fiscalia.gov.co\/colombia\/wp-content\/uploads\/Fiscal-Barbosa-Dos-presuntos-integrantes-de-Los-Pachenca-fueron-enviados-a-la-c\u00e1rcel-por-porte-ilegal-de-armas.-1068x688.jpeg 1068w, https:\/\/www.fiscalia.gov.co\/colombia\/wp-content\/uploads\/Fiscal-Barbosa-Dos-presuntos-integrantes-de-Los-Pachenca-fueron-enviados-a-la-c\u00e1rcel-por-porte-ilegal-de-armas.-652x420.jpeg 652w, https:\/\/www.fiscalia.gov.co\/colombia\/wp-content\/uploads\/Fiscal-Barbosa-Dos-presuntos-integrantes-de-Los-Pachenca-fueron-enviados-a-la-c\u00e1rcel-por-porte-ilegal-de-armas..jpeg 1280w\" sizes=\"auto, (max-width: 696px) 100vw, 696px\" \/><figcaption id=\"caption-attachment-246296\" class=\"wp-caption-text\">Dos presuntos integrantes de Los Pachenca fueron enviados a la c\u00e1rcel por porte ilegal de armas.<\/figcaption><\/figure>\n<p style=\"font-weight: 400;\">Seg\u00fan las investigaciones adelantadas por un fiscal de la Unidad de Antinarc\u00f3ticos, los procesados ser\u00edan integrantes de Los Pachencas. Esta organizaci\u00f3n criminal, que delinque\u00a0en diferentes municipios de Cesar, Guajira y Magdalena, est\u00e1 dedicada a varias actividades il\u00edcitas como el tr\u00e1fico de estupefacientes y extorsiones.<\/p>\n<p style=\"font-weight: 400;\">Los hoy imputados fueron sorprendidos por personal de la Polic\u00eda Nacional el pasado 15 de abril en momentos en que, al parecer, pretend\u00edan subir a\u00a0<strong>Palmor de la Sierra<\/strong>\u00a0y\u00a0<strong>La Criolla<\/strong>, corregimientos de la\u00a0<strong>Sierra Nevada (Magdalena),<\/strong>\u00a0para enfrentarse al parecer con algunos integrantes del\u00a0<strong>Clan del Golfo.<\/strong><\/p>\n<p style=\"font-weight: 400;\">Durante el procedimiento de captura les fueron incautados un arma de fuego calibre 38, un proveedor con 15 cartuchos, una motocicleta y un celular.<\/p>\n<p style=\"font-weight: 400;\">El ente acusador los imput\u00f3 como presuntos autores del delito de\u00a0<a href=\"https:\/\/www.fiscalia.gov.co\/colombia\/noticias\/a-la-carcel-tres-presuntos-responsables-de-transportar-armas-de-fuego-de-uso-privativo\/\" data-saferedirecturl=\"https:\/\/www.google.com\/url?q=https:\/\/www.fiscalia.gov.co\/colombia\/noticias\/a-la-carcel-tres-presuntos-responsables-de-transportar-armas-de-fuego-de-uso-privativo\/&amp;source=gmail&amp;ust=1650489456068000&amp;usg=AOvVaw3btalXZ06SSvl1gL4UoGpA\">fabricaci\u00f3n, tr\u00e1fico y porte de armas, municiones de uso restringido y de uso privativo de las Fuerzas Armadas<\/a>, al cual no se allanaron.<\/p>\n<p style=\"margin: 0cm; margin-bottom: .0001pt; background: white;\"><span style=\"font-family: 'Arial',sans-serif;\">El juez de control de control de garant\u00edas acogi\u00f3 la solicitud de la Fiscal\u00eda e impuso medida de aseguramiento intramural para Correa Babilonia; entretanto afect\u00f3 con detenci\u00f3n domiciliaria a Alonso Castro.<\/span><\/p>\n<p>&nbsp;<\/p>\n<p style=\"font-weight: 400;\">La Fiscal\u00eda General de la Naci\u00f3n habla con resultados.<\/p>\n<p style=\"font-weight: 400;\">SKCR\/CFG\/RIRM\/DSM<\/p>\n<p><em><span lang=\"ES\">La informaci\u00f3n contenida en este bolet\u00edn de prensa corresponde a la narraci\u00f3n de los hechos noticiosos objetivos, suministrados por los funcionarios encargados de adelantar las investigaciones penales al interior de la Fiscal\u00eda General de la Naci\u00f3n. Para el momento de la divulgaci\u00f3n de este comunicado, la situaci\u00f3n jur\u00eddica de la(s) persona(s) relacionada(s) se encuentra pendiente de resolver por la autoridad judicial competente, siempre bajo los preceptos de la presunci\u00f3n de inocencia, consagrados en el art\u00edculo 29 de la Constituci\u00f3n Pol\u00edtica y el art\u00edculo 7\u00ba de la Ley 906 de 2004.<\/span><\/em><\/p>\n<p style=\"font-weight: 400;\">\n\n<div class=\"twitter-share\"><a href=\"https:\/\/twitter.com\/intent\/tweet?via=fiscaliacol\" class=\"twitter-share-button\">Tweet<\/a><\/div>\n","protected":false},"excerpt":{"rendered":"<p>La\u00a0Fiscal\u00eda General de la Naci\u00f3n\u00a0logr\u00f3 la judicializaci\u00f3n de\u00a0Gilberto Correa Babilonia\u00a0y\u00a0Jos\u00e9 Francisco Alonso Castro, como presuntos responsables de portar un arma de fuego de uso privativo de las Fuerzas Militares, en [&hellip;]<\/p>\n","protected":false},"author":177,"featured_media":0,"comment_status":"closed","ping_status":"open","sticky":false,"template":"","format":"standard","meta":{"tdm_status":"","tdm_grid_status":"","footnotes":""},"categories":[1,339,303,24099],"tags":[31327,4614,793,31326,23972,24310,30420],"class_list":["post-246295","post","type-post","status-publish","format-standard","category-noticias","category-seccional-santa-marta","category-seccionales","category-seguridad-territorial","tag-comision-de-homicidios","tag-fiscalia-2","tag-fuerzas-militares","tag-palmor-de-la-sierra","tag-policia","tag-seccional-magdalena","tag-zona-bananera"],"yoast_head":"<!-- This site is optimized with the Yoast SEO plugin v24.3 - https:\/\/yoast.com\/wordpress\/plugins\/seo\/ -->\n<title>Fiscal\u00eda General de la Naci\u00f3n<\/title>\n<meta name=\"description\" content=\"P\u00e1gina oficial de la Fiscal\u00eda General de la Naci\u00f3n \u2013 Colombia. Garantizamos el acceso efectivo a la justicia, la verdad y la reparaci\u00f3n de las v\u00edctimas de los delitos.\" \/>\n<meta name=\"robots\" content=\"noindex, follow\" \/>\n<meta property=\"og:locale\" content=\"es_ES\" \/>\n<meta property=\"og:type\" content=\"article\" \/>\n<meta property=\"og:title\" content=\"Fiscal\u00eda General de la Naci\u00f3n\" \/>\n<meta property=\"og:description\" content=\"P\u00e1gina oficial de la Fiscal\u00eda General de la Naci\u00f3n \u2013 Colombia. Garantizamos el acceso efectivo a la justicia, la verdad y la reparaci\u00f3n de las v\u00edctimas de los delitos.\" \/>\n<meta property=\"og:url\" content=\"https:\/\/www.fiscalia.gov.co\/colombia\/noticias\/privados-de-la-libertad-dos-presuntos-integrantes-de-los-pachenca-por-porte-ilegal-de-armas\/\" \/>\n<meta property=\"og:site_name\" content=\"Fiscal\u00eda General de la Naci\u00f3n\" \/>\n<meta property=\"article:publisher\" content=\"https:\/\/www.facebook.com\/FiscaliaCol\" \/>\n<meta property=\"article:published_time\" content=\"2022-04-19T21:45:30+00:00\" \/>\n<meta property=\"article:modified_time\" content=\"2022-04-20T01:58:21+00:00\" \/>\n<meta name=\"author\" content=\"Jordan Leandro Oviedo Anzola\" \/>\n<meta name=\"twitter:card\" content=\"summary_large_image\" \/>\n<meta name=\"twitter:creator\" content=\"@FiscaliaCol\" \/>\n<meta name=\"twitter:site\" content=\"@FiscaliaCol\" \/>\n<meta name=\"twitter:label1\" content=\"Escrito por\" \/>\n\t<meta name=\"twitter:data1\" content=\"Jordan Leandro Oviedo Anzola\" \/>\n\t<meta name=\"twitter:label2\" content=\"Tiempo de lectura\" \/>\n\t<meta name=\"twitter:data2\" content=\"2 minutos\" \/>\n<script type=\"application\/ld+json\" class=\"yoast-schema-graph\">{\"@context\":\"https:\/\/schema.org\",\"@graph\":[{\"@type\":\"Article\",\"@id\":\"https:\/\/www.fiscalia.gov.co\/colombia\/noticias\/privados-de-la-libertad-dos-presuntos-integrantes-de-los-pachenca-por-porte-ilegal-de-armas\/#article\",\"isPartOf\":{\"@id\":\"https:\/\/www.fiscalia.gov.co\/colombia\/noticias\/privados-de-la-libertad-dos-presuntos-integrantes-de-los-pachenca-por-porte-ilegal-de-armas\/\"},\"author\":{\"name\":\"Jordan Leandro Oviedo Anzola\",\"@id\":\"https:\/\/www.fiscalia.gov.co\/colombia\/#\/schema\/person\/bf84402cf293a5393e9c70b111020b24\"},\"headline\":\"Privados de la libertad dos presuntos integrantes de Los Pachenca por porte ilegal de armas\",\"datePublished\":\"2022-04-19T21:45:30+00:00\",\"dateModified\":\"2022-04-20T01:58:21+00:00\",\"mainEntityOfPage\":{\"@id\":\"https:\/\/www.fiscalia.gov.co\/colombia\/noticias\/privados-de-la-libertad-dos-presuntos-integrantes-de-los-pachenca-por-porte-ilegal-de-armas\/\"},\"wordCount\":398,\"publisher\":{\"@id\":\"https:\/\/www.fiscalia.gov.co\/colombia\/#organization\"},\"keywords\":[\"comisi\u00f3n de homicidios\",\"Fiscal\u00eda\",\"Fuerzas Militares\",\"Palmor de la Sierra\",\"Polic\u00eda\",\"Seccional Magdalena\",\"Zona Bananera\"],\"articleSection\":[\"Noticias\",\"Seccional Santa Marta\",\"Seccionales\",\"Seguridad territorial\"],\"inLanguage\":\"es-CO\"},{\"@type\":\"WebPage\",\"@id\":\"https:\/\/www.fiscalia.gov.co\/colombia\/noticias\/privados-de-la-libertad-dos-presuntos-integrantes-de-los-pachenca-por-porte-ilegal-de-armas\/\",\"url\":\"https:\/\/www.fiscalia.gov.co\/colombia\/noticias\/privados-de-la-libertad-dos-presuntos-integrantes-de-los-pachenca-por-porte-ilegal-de-armas\/\",\"name\":\"Fiscal\u00eda General de la Naci\u00f3n\",\"isPartOf\":{\"@id\":\"https:\/\/www.fiscalia.gov.co\/colombia\/#website\"},\"datePublished\":\"2022-04-19T21:45:30+00:00\",\"dateModified\":\"2022-04-20T01:58:21+00:00\",\"description\":\"P\u00e1gina oficial de la Fiscal\u00eda General de la Naci\u00f3n \u2013 Colombia. Garantizamos el acceso efectivo a la justicia, la verdad y la reparaci\u00f3n de las v\u00edctimas de los delitos.\",\"breadcrumb\":{\"@id\":\"https:\/\/www.fiscalia.gov.co\/colombia\/noticias\/privados-de-la-libertad-dos-presuntos-integrantes-de-los-pachenca-por-porte-ilegal-de-armas\/#breadcrumb\"},\"inLanguage\":\"es-CO\",\"potentialAction\":[{\"@type\":\"ReadAction\",\"target\":[\"https:\/\/www.fiscalia.gov.co\/colombia\/noticias\/privados-de-la-libertad-dos-presuntos-integrantes-de-los-pachenca-por-porte-ilegal-de-armas\/\"]}]},{\"@type\":\"BreadcrumbList\",\"@id\":\"https:\/\/www.fiscalia.gov.co\/colombia\/noticias\/privados-de-la-libertad-dos-presuntos-integrantes-de-los-pachenca-por-porte-ilegal-de-armas\/#breadcrumb\",\"itemListElement\":[{\"@type\":\"ListItem\",\"position\":1,\"name\":\"Home\",\"item\":\"https:\/\/www.fiscalia.gov.co\/colombia\/\"},{\"@type\":\"ListItem\",\"position\":2,\"name\":\"Privados de la libertad dos presuntos integrantes de Los Pachenca por porte ilegal de armas\"}]},{\"@type\":\"WebSite\",\"@id\":\"https:\/\/www.fiscalia.gov.co\/colombia\/#website\",\"url\":\"https:\/\/www.fiscalia.gov.co\/colombia\/\",\"name\":\"Fiscal\u00eda General de la Naci\u00f3n\",\"description\":\"P\u00e1gina oficial de la Fiscal\u00eda General de la Naci\u00f3n \u2013 Colombia. Garantizamos el acceso efectivo a la justicia, la verdad y la reparaci\u00f3n de las v\u00edctimas de los delitos.\",\"publisher\":{\"@id\":\"https:\/\/www.fiscalia.gov.co\/colombia\/#organization\"},\"potentialAction\":[{\"@type\":\"SearchAction\",\"target\":{\"@type\":\"EntryPoint\",\"urlTemplate\":\"https:\/\/www.fiscalia.gov.co\/colombia\/?s={search_term_string}\"},\"query-input\":{\"@type\":\"PropertyValueSpecification\",\"valueRequired\":true,\"valueName\":\"search_term_string\"}}],\"inLanguage\":\"es-CO\"},{\"@type\":\"Organization\",\"@id\":\"https:\/\/www.fiscalia.gov.co\/colombia\/#organization\",\"name\":\"Fiscal\u00eda General de la Naci\u00f3n\",\"url\":\"https:\/\/www.fiscalia.gov.co\/colombia\/\",\"logo\":{\"@type\":\"ImageObject\",\"inLanguage\":\"es-CO\",\"@id\":\"https:\/\/www.fiscalia.gov.co\/colombia\/#\/schema\/logo\/image\/\",\"url\":\"https:\/\/www.fiscalia.gov.co\/colombia\/wp-content\/uploads\/LogoHorizontal_1.jpg\",\"contentUrl\":\"https:\/\/www.fiscalia.gov.co\/colombia\/wp-content\/uploads\/LogoHorizontal_1.jpg\",\"width\":300,\"height\":90,\"caption\":\"Fiscal\u00eda General de la Naci\u00f3n\"},\"image\":{\"@id\":\"https:\/\/www.fiscalia.gov.co\/colombia\/#\/schema\/logo\/image\/\"},\"sameAs\":[\"https:\/\/www.facebook.com\/FiscaliaCol\",\"https:\/\/x.com\/FiscaliaCol\",\"https:\/\/www.instagram.com\/fiscaliacol\",\"https:\/\/www.linkedin.com\/company\/fiscalia-general-de-la-naci-n\/\",\"https:\/\/youtube.com\/@fiscaliageneraldelanacion-4668?si=6nN79nyQICPU5iTh\"]},{\"@type\":\"Person\",\"@id\":\"https:\/\/www.fiscalia.gov.co\/colombia\/#\/schema\/person\/bf84402cf293a5393e9c70b111020b24\",\"name\":\"Jordan Leandro Oviedo Anzola\",\"image\":{\"@type\":\"ImageObject\",\"inLanguage\":\"es-CO\",\"@id\":\"https:\/\/www.fiscalia.gov.co\/colombia\/#\/schema\/person\/image\/\",\"url\":\"https:\/\/secure.gravatar.com\/avatar\/dabba4346fa9b9207d96adafa8f92721?s=96&d=mm&r=g\",\"contentUrl\":\"https:\/\/secure.gravatar.com\/avatar\/dabba4346fa9b9207d96adafa8f92721?s=96&d=mm&r=g\",\"caption\":\"Jordan Leandro Oviedo Anzola\"},\"url\":\"https:\/\/www.fiscalia.gov.co\/colombia\/author\/joviedo\/\"}]}<\/script>\n<!-- \/ Yoast SEO plugin. -->","yoast_head_json":{"title":"Fiscal\u00eda General de la Naci\u00f3n","description":"P\u00e1gina oficial de la Fiscal\u00eda General de la Naci\u00f3n \u2013 Colombia. Garantizamos el acceso efectivo a la justicia, la verdad y la reparaci\u00f3n de las v\u00edctimas de los delitos.","robots":{"index":"noindex","follow":"follow"},"og_locale":"es_ES","og_type":"article","og_title":"Fiscal\u00eda General de la Naci\u00f3n","og_description":"P\u00e1gina oficial de la Fiscal\u00eda General de la Naci\u00f3n \u2013 Colombia. Garantizamos el acceso efectivo a la justicia, la verdad y la reparaci\u00f3n de las v\u00edctimas de los delitos.","og_url":"https:\/\/www.fiscalia.gov.co\/colombia\/noticias\/privados-de-la-libertad-dos-presuntos-integrantes-de-los-pachenca-por-porte-ilegal-de-armas\/","og_site_name":"Fiscal\u00eda General de la Naci\u00f3n","article_publisher":"https:\/\/www.facebook.com\/FiscaliaCol","article_published_time":"2022-04-19T21:45:30+00:00","article_modified_time":"2022-04-20T01:58:21+00:00","author":"Jordan Leandro Oviedo Anzola","twitter_card":"summary_large_image","twitter_creator":"@FiscaliaCol","twitter_site":"@FiscaliaCol","twitter_misc":{"Escrito por":"Jordan Leandro Oviedo Anzola","Tiempo de lectura":"2 minutos"},"schema":{"@context":"https:\/\/schema.org","@graph":[{"@type":"Article","@id":"https:\/\/www.fiscalia.gov.co\/colombia\/noticias\/privados-de-la-libertad-dos-presuntos-integrantes-de-los-pachenca-por-porte-ilegal-de-armas\/#article","isPartOf":{"@id":"https:\/\/www.fiscalia.gov.co\/colombia\/noticias\/privados-de-la-libertad-dos-presuntos-integrantes-de-los-pachenca-por-porte-ilegal-de-armas\/"},"author":{"name":"Jordan Leandro Oviedo Anzola","@id":"https:\/\/www.fiscalia.gov.co\/colombia\/#\/schema\/person\/bf84402cf293a5393e9c70b111020b24"},"headline":"Privados de la libertad dos presuntos integrantes de Los Pachenca por porte ilegal de armas","datePublished":"2022-04-19T21:45:30+00:00","dateModified":"2022-04-20T01:58:21+00:00","mainEntityOfPage":{"@id":"https:\/\/www.fiscalia.gov.co\/colombia\/noticias\/privados-de-la-libertad-dos-presuntos-integrantes-de-los-pachenca-por-porte-ilegal-de-armas\/"},"wordCount":398,"publisher":{"@id":"https:\/\/www.fiscalia.gov.co\/colombia\/#organization"},"keywords":["comisi\u00f3n de homicidios","Fiscal\u00eda","Fuerzas Militares","Palmor de la Sierra","Polic\u00eda","Seccional Magdalena","Zona Bananera"],"articleSection":["Noticias","Seccional Santa Marta","Seccionales","Seguridad territorial"],"inLanguage":"es-CO"},{"@type":"WebPage","@id":"https:\/\/www.fiscalia.gov.co\/colombia\/noticias\/privados-de-la-libertad-dos-presuntos-integrantes-de-los-pachenca-por-porte-ilegal-de-armas\/","url":"https:\/\/www.fiscalia.gov.co\/colombia\/noticias\/privados-de-la-libertad-dos-presuntos-integrantes-de-los-pachenca-por-porte-ilegal-de-armas\/","name":"Fiscal\u00eda General de la Naci\u00f3n","isPartOf":{"@id":"https:\/\/www.fiscalia.gov.co\/colombia\/#website"},"datePublished":"2022-04-19T21:45:30+00:00","dateModified":"2022-04-20T01:58:21+00:00","description":"P\u00e1gina oficial de la Fiscal\u00eda General de la Naci\u00f3n \u2013 Colombia. Garantizamos el acceso efectivo a la justicia, la verdad y la reparaci\u00f3n de las v\u00edctimas de los delitos.","breadcrumb":{"@id":"https:\/\/www.fiscalia.gov.co\/colombia\/noticias\/privados-de-la-libertad-dos-presuntos-integrantes-de-los-pachenca-por-porte-ilegal-de-armas\/#breadcrumb"},"inLanguage":"es-CO","potentialAction":[{"@type":"ReadAction","target":["https:\/\/www.fiscalia.gov.co\/colombia\/noticias\/privados-de-la-libertad-dos-presuntos-integrantes-de-los-pachenca-por-porte-ilegal-de-armas\/"]}]},{"@type":"BreadcrumbList","@id":"https:\/\/www.fiscalia.gov.co\/colombia\/noticias\/privados-de-la-libertad-dos-presuntos-integrantes-de-los-pachenca-por-porte-ilegal-de-armas\/#breadcrumb","itemListElement":[{"@type":"ListItem","position":1,"name":"Home","item":"https:\/\/www.fiscalia.gov.co\/colombia\/"},{"@type":"ListItem","position":2,"name":"Privados de la libertad dos presuntos integrantes de Los Pachenca por porte ilegal de armas"}]},{"@type":"WebSite","@id":"https:\/\/www.fiscalia.gov.co\/colombia\/#website","url":"https:\/\/www.fiscalia.gov.co\/colombia\/","name":"Fiscal\u00eda General de la Naci\u00f3n","description":"P\u00e1gina oficial de la Fiscal\u00eda General de la Naci\u00f3n \u2013 Colombia. Garantizamos el acceso efectivo a la justicia, la verdad y la reparaci\u00f3n de las v\u00edctimas de los delitos.","publisher":{"@id":"https:\/\/www.fiscalia.gov.co\/colombia\/#organization"},"potentialAction":[{"@type":"SearchAction","target":{"@type":"EntryPoint","urlTemplate":"https:\/\/www.fiscalia.gov.co\/colombia\/?s={search_term_string}"},"query-input":{"@type":"PropertyValueSpecification","valueRequired":true,"valueName":"search_term_string"}}],"inLanguage":"es-CO"},{"@type":"Organization","@id":"https:\/\/www.fiscalia.gov.co\/colombia\/#organization","name":"Fiscal\u00eda General de la Naci\u00f3n","url":"https:\/\/www.fiscalia.gov.co\/colombia\/","logo":{"@type":"ImageObject","inLanguage":"es-CO","@id":"https:\/\/www.fiscalia.gov.co\/colombia\/#\/schema\/logo\/image\/","url":"https:\/\/www.fiscalia.gov.co\/colombia\/wp-content\/uploads\/LogoHorizontal_1.jpg","contentUrl":"https:\/\/www.fiscalia.gov.co\/colombia\/wp-content\/uploads\/LogoHorizontal_1.jpg","width":300,"height":90,"caption":"Fiscal\u00eda General de la Naci\u00f3n"},"image":{"@id":"https:\/\/www.fiscalia.gov.co\/colombia\/#\/schema\/logo\/image\/"},"sameAs":["https:\/\/www.facebook.com\/FiscaliaCol","https:\/\/x.com\/FiscaliaCol","https:\/\/www.instagram.com\/fiscaliacol","https:\/\/www.linkedin.com\/company\/fiscalia-general-de-la-naci-n\/","https:\/\/youtube.com\/@fiscaliageneraldelanacion-4668?si=6nN79nyQICPU5iTh"]},{"@type":"Person","@id":"https:\/\/www.fiscalia.gov.co\/colombia\/#\/schema\/person\/bf84402cf293a5393e9c70b111020b24","name":"Jordan Leandro Oviedo Anzola","image":{"@type":"ImageObject","inLanguage":"es-CO","@id":"https:\/\/www.fiscalia.gov.co\/colombia\/#\/schema\/person\/image\/","url":"https:\/\/secure.gravatar.com\/avatar\/dabba4346fa9b9207d96adafa8f92721?s=96&d=mm&r=g","contentUrl":"https:\/\/secure.gravatar.com\/avatar\/dabba4346fa9b9207d96adafa8f92721?s=96&d=mm&r=g","caption":"Jordan Leandro Oviedo Anzola"},"url":"https:\/\/www.fiscalia.gov.co\/colombia\/author\/joviedo\/"}]}},"_links":{"self":[{"href":"https:\/\/www.fiscalia.gov.co\/colombia\/wp-json\/wp\/v2\/posts\/246295","targetHints":{"allow":["GET"]}}],"collection":[{"href":"https:\/\/www.fiscalia.gov.co\/colombia\/wp-json\/wp\/v2\/posts"}],"about":[{"href":"https:\/\/www.fiscalia.gov.co\/colombia\/wp-json\/wp\/v2\/types\/post"}],"author":[{"embeddable":true,"href":"https:\/\/www.fiscalia.gov.co\/colombia\/wp-json\/wp\/v2\/users\/177"}],"replies":[{"embeddable":true,"href":"https:\/\/www.fiscalia.gov.co\/colombia\/wp-json\/wp\/v2\/comments?post=246295"}],"version-history":[{"count":2,"href":"https:\/\/www.fiscalia.gov.co\/colombia\/wp-json\/wp\/v2\/posts\/246295\/revisions"}],"predecessor-version":[{"id":246316,"href":"https:\/\/www.fiscalia.gov.co\/colombia\/wp-json\/wp\/v2\/posts\/246295\/revisions\/246316"}],"wp:attachment":[{"href":"https:\/\/www.fiscalia.gov.co\/colombia\/wp-json\/wp\/v2\/media?parent=246295"}],"wp:term":[{"taxonomy":"category","embeddable":true,"href":"https:\/\/www.fiscalia.gov.co\/colombia\/wp-json\/wp\/v2\/categories?post=246295"},{"taxonomy":"post_tag","embeddable":true,"href":"https:\/\/www.fiscalia.gov.co\/colombia\/wp-json\/wp\/v2\/tags?post=246295"}],"curies":[{"name":"wp","href":"https:\/\/api.w.org\/{rel}","templated":true}]}}