{"id":246259,"date":"2022-04-19T12:57:17","date_gmt":"2022-04-19T17:57:17","guid":{"rendered":"https:\/\/www.fiscalia.gov.co\/colombia\/?p=246259"},"modified":"2022-04-19T12:57:17","modified_gmt":"2022-04-19T17:57:17","slug":"condenan-a-mas-de-15-anos-de-prision-a-un-hombre-por-el-homicidio-de-una-persona-en-marquetalia-caldas","status":"publish","type":"post","link":"https:\/\/www.fiscalia.gov.co\/colombia\/noticias\/condenan-a-mas-de-15-anos-de-prision-a-un-hombre-por-el-homicidio-de-una-persona-en-marquetalia-caldas\/","title":{"rendered":"Condenan a m\u00e1s de 15 a\u00f1os de prisi\u00f3n a un hombre por el homicidio de una persona en Marquetalia (Caldas)"},"content":{"rendered":"<p style=\"font-weight: 400;\"><strong>Luis Abad Ram\u00edrez G\u00f3mez<\/strong>\u00a0fue condenado a 15 a\u00f1os y dos meses de prisi\u00f3n por el delito de\u00a0<strong>homicidio simple<\/strong>, luego de que por aceptaci\u00f3n de cargos hiciera un preacuerdo con la Fiscal\u00eda por el crimen de una persona en\u00a0<strong>Marquetalia (Caldas)<\/strong>\u00a0el 7 de noviembre de 2021.<\/p>\n<p style=\"font-weight: 400;\">El material probatorio recaudado da cuenta que, ese d\u00eda desde muy temprano, varias personas vieron discutiendo al hoy condenado y a la v\u00edctima, por el robo de una marihuana.<\/p>\n<p style=\"font-weight: 400;\">Ram\u00edrez G\u00f3mez al no recuperar su estupefaciente agredi\u00f3 a la v\u00edctima con un arma blanca, en tres oportunidades.<\/p>\n<p style=\"font-weight: 400;\">Unos metros m\u00e1s adelante un polic\u00eda que se percat\u00f3 del hecho logr\u00f3 la captura en flagrancia del hoy condenado.<\/p>\n<p style=\"font-weight: 400;\">Ram\u00edrez G\u00f3mez deber\u00e1 pagar la condena el\u00a0<strong>Establecimiento Penitenciario de M\u00e1xima Seguridad Do\u00f1a Juana, de La Dorada (Caldas).<\/strong><\/p>\n<p style=\"font-weight: 400;\">La\u00a0<strong>Fiscal\u00eda General de la Naci\u00f3n<\/strong>\u00a0habla con resultados.<\/p>\n<p style=\"font-weight: 400;\">Tambi\u00e9n le puede interesar: <a href=\"https:\/\/www.fiscalia.gov.co\/colombia\/noticias\/sentido-de-fallo-condenatorio-a-hombre-que-asesino-a-golpes-a-su-hijastro-de-tres-anos-en-marquetalia-caldas\/\" data-saferedirecturl=\"https:\/\/www.google.com\/url?q=https:\/\/www.fiscalia.gov.co\/colombia\/noticias\/sentido-de-fallo-condenatorio-a-hombre-que-asesino-a-golpes-a-su-hijastro-de-tres-anos-en-marquetalia-caldas\/&amp;source=gmail&amp;ust=1650476763081000&amp;usg=AOvVaw2VzDVV9U4fiYVau6Uphbdz\">Sentido de fallo condenatorio a hombre que asesin\u00f3 a golpes a su hijastro de tres a\u00f1os en Marquetalia (Caldas)<\/a><\/p>\n<p>&nbsp;<\/p>\n<p>&nbsp;<\/p>\n<p style=\"font-weight: 400;\">DSC\/JLH\/FDBG\/FAGH<\/p>\n<p style=\"font-weight: 400;\">\n<p>&nbsp;<\/p>\n<p style=\"font-weight: 400;\"><em>La informaci\u00f3n contenida en este bolet\u00edn de prensa corresponde a la narraci\u00f3n de los hechos noticiosos objetivos, suministrados por los funcionarios encargados de adelantar las investigaciones penales al interior de la Fiscal\u00eda General de la Naci\u00f3n. Para el momento de la divulgaci\u00f3n de este comunicado, la situaci\u00f3n jur\u00eddica de la(s) persona(s) relacionada(s) se encuentra pendiente de resolver por la autoridad judicial competente, siempre bajo los preceptos de la presunci\u00f3n de inocencia, consagrados en el art\u00edculo 29 de la Constituci\u00f3n Pol\u00edtica y el art\u00edculo 7\u00ba de la Ley 906 de 2004.<\/em><\/p>\n\n<div class=\"twitter-share\"><a href=\"https:\/\/twitter.com\/intent\/tweet?via=fiscaliacol\" class=\"twitter-share-button\">Tweet<\/a><\/div>\n","protected":false},"excerpt":{"rendered":"<p>Luis Abad Ram\u00edrez G\u00f3mez\u00a0fue condenado a 15 a\u00f1os y dos meses de prisi\u00f3n por el delito de\u00a0homicidio simple, luego de que por aceptaci\u00f3n de cargos hiciera un preacuerdo con la [&hellip;]<\/p>\n","protected":false},"author":177,"featured_media":0,"comment_status":"closed","ping_status":"open","sticky":false,"template":"","format":"standard","meta":{"tdm_status":"","tdm_grid_status":"","footnotes":""},"categories":[1,330,303,24099],"tags":[31311,31310,1047,12624,31309,27662],"class_list":["post-246259","post","type-post","status-publish","format-standard","category-noticias","category-seccional-manizales","category-seccionales","category-seguridad-territorial","tag-de-la-dorada-caldas","tag-establecimiento-penitenciario-de-maxima-seguridad-dona-juana","tag-fiscalia-general-de-la-nacion","tag-homicidio-simple","tag-luis-abad-ramirez-gomez","tag-marquetalia-caldas"],"yoast_head":"<!-- This site is optimized with the Yoast SEO plugin v24.3 - https:\/\/yoast.com\/wordpress\/plugins\/seo\/ -->\n<title>Fiscal\u00eda General de la Naci\u00f3n<\/title>\n<meta name=\"description\" content=\"P\u00e1gina oficial de la Fiscal\u00eda General de la Naci\u00f3n \u2013 Colombia. Garantizamos el acceso efectivo a la justicia, la verdad y la reparaci\u00f3n de las v\u00edctimas de los delitos.\" \/>\n<meta name=\"robots\" content=\"noindex, follow\" \/>\n<meta property=\"og:locale\" content=\"es_ES\" \/>\n<meta property=\"og:type\" content=\"article\" \/>\n<meta property=\"og:title\" content=\"Fiscal\u00eda General de la Naci\u00f3n\" \/>\n<meta property=\"og:description\" content=\"P\u00e1gina oficial de la Fiscal\u00eda General de la Naci\u00f3n \u2013 Colombia. Garantizamos el acceso efectivo a la justicia, la verdad y la reparaci\u00f3n de las v\u00edctimas de los delitos.\" \/>\n<meta property=\"og:url\" content=\"https:\/\/www.fiscalia.gov.co\/colombia\/noticias\/condenan-a-mas-de-15-anos-de-prision-a-un-hombre-por-el-homicidio-de-una-persona-en-marquetalia-caldas\/\" \/>\n<meta property=\"og:site_name\" content=\"Fiscal\u00eda General de la Naci\u00f3n\" \/>\n<meta property=\"article:publisher\" content=\"https:\/\/www.facebook.com\/FiscaliaCol\" \/>\n<meta property=\"article:published_time\" content=\"2022-04-19T17:57:17+00:00\" \/>\n<meta name=\"author\" content=\"Jordan Leandro Oviedo Anzola\" \/>\n<meta name=\"twitter:card\" content=\"summary_large_image\" \/>\n<meta name=\"twitter:creator\" content=\"@FiscaliaCol\" \/>\n<meta name=\"twitter:site\" content=\"@FiscaliaCol\" \/>\n<meta name=\"twitter:label1\" content=\"Escrito por\" \/>\n\t<meta name=\"twitter:data1\" content=\"Jordan Leandro Oviedo Anzola\" \/>\n\t<meta name=\"twitter:label2\" content=\"Tiempo de lectura\" \/>\n\t<meta name=\"twitter:data2\" content=\"1 minuto\" \/>\n<script type=\"application\/ld+json\" class=\"yoast-schema-graph\">{\"@context\":\"https:\/\/schema.org\",\"@graph\":[{\"@type\":\"Article\",\"@id\":\"https:\/\/www.fiscalia.gov.co\/colombia\/noticias\/condenan-a-mas-de-15-anos-de-prision-a-un-hombre-por-el-homicidio-de-una-persona-en-marquetalia-caldas\/#article\",\"isPartOf\":{\"@id\":\"https:\/\/www.fiscalia.gov.co\/colombia\/noticias\/condenan-a-mas-de-15-anos-de-prision-a-un-hombre-por-el-homicidio-de-una-persona-en-marquetalia-caldas\/\"},\"author\":{\"name\":\"Jordan Leandro Oviedo Anzola\",\"@id\":\"https:\/\/www.fiscalia.gov.co\/colombia\/#\/schema\/person\/bf84402cf293a5393e9c70b111020b24\"},\"headline\":\"Condenan a m\u00e1s de 15 a\u00f1os de prisi\u00f3n a un hombre por el homicidio de una persona en Marquetalia (Caldas)\",\"datePublished\":\"2022-04-19T17:57:17+00:00\",\"dateModified\":\"2022-04-19T17:57:17+00:00\",\"mainEntityOfPage\":{\"@id\":\"https:\/\/www.fiscalia.gov.co\/colombia\/noticias\/condenan-a-mas-de-15-anos-de-prision-a-un-hombre-por-el-homicidio-de-una-persona-en-marquetalia-caldas\/\"},\"wordCount\":313,\"publisher\":{\"@id\":\"https:\/\/www.fiscalia.gov.co\/colombia\/#organization\"},\"keywords\":[\"de La Dorada (Caldas)\",\"Establecimiento Penitenciario de M\u00e1xima Seguridad Do\u00f1a Juana\",\"Fiscal\u00eda General de la Naci\u00f3n\",\"homicidio simple\",\"Luis Abad Ram\u00edrez G\u00f3mez\",\"Marquetalia (Caldas)\"],\"articleSection\":[\"Noticias\",\"Seccional Manizales\",\"Seccionales\",\"Seguridad territorial\"],\"inLanguage\":\"es-CO\"},{\"@type\":\"WebPage\",\"@id\":\"https:\/\/www.fiscalia.gov.co\/colombia\/noticias\/condenan-a-mas-de-15-anos-de-prision-a-un-hombre-por-el-homicidio-de-una-persona-en-marquetalia-caldas\/\",\"url\":\"https:\/\/www.fiscalia.gov.co\/colombia\/noticias\/condenan-a-mas-de-15-anos-de-prision-a-un-hombre-por-el-homicidio-de-una-persona-en-marquetalia-caldas\/\",\"name\":\"Fiscal\u00eda General de la Naci\u00f3n\",\"isPartOf\":{\"@id\":\"https:\/\/www.fiscalia.gov.co\/colombia\/#website\"},\"datePublished\":\"2022-04-19T17:57:17+00:00\",\"dateModified\":\"2022-04-19T17:57:17+00:00\",\"description\":\"P\u00e1gina oficial de la Fiscal\u00eda General de la Naci\u00f3n \u2013 Colombia. Garantizamos el acceso efectivo a la justicia, la verdad y la reparaci\u00f3n de las v\u00edctimas de los delitos.\",\"breadcrumb\":{\"@id\":\"https:\/\/www.fiscalia.gov.co\/colombia\/noticias\/condenan-a-mas-de-15-anos-de-prision-a-un-hombre-por-el-homicidio-de-una-persona-en-marquetalia-caldas\/#breadcrumb\"},\"inLanguage\":\"es-CO\",\"potentialAction\":[{\"@type\":\"ReadAction\",\"target\":[\"https:\/\/www.fiscalia.gov.co\/colombia\/noticias\/condenan-a-mas-de-15-anos-de-prision-a-un-hombre-por-el-homicidio-de-una-persona-en-marquetalia-caldas\/\"]}]},{\"@type\":\"BreadcrumbList\",\"@id\":\"https:\/\/www.fiscalia.gov.co\/colombia\/noticias\/condenan-a-mas-de-15-anos-de-prision-a-un-hombre-por-el-homicidio-de-una-persona-en-marquetalia-caldas\/#breadcrumb\",\"itemListElement\":[{\"@type\":\"ListItem\",\"position\":1,\"name\":\"Home\",\"item\":\"https:\/\/www.fiscalia.gov.co\/colombia\/\"},{\"@type\":\"ListItem\",\"position\":2,\"name\":\"Condenan a m\u00e1s de 15 a\u00f1os de prisi\u00f3n a un hombre por el homicidio de una persona en Marquetalia (Caldas)\"}]},{\"@type\":\"WebSite\",\"@id\":\"https:\/\/www.fiscalia.gov.co\/colombia\/#website\",\"url\":\"https:\/\/www.fiscalia.gov.co\/colombia\/\",\"name\":\"Fiscal\u00eda General de la Naci\u00f3n\",\"description\":\"P\u00e1gina oficial de la Fiscal\u00eda General de la Naci\u00f3n \u2013 Colombia. Garantizamos el acceso efectivo a la justicia, la verdad y la reparaci\u00f3n de las v\u00edctimas de los delitos.\",\"publisher\":{\"@id\":\"https:\/\/www.fiscalia.gov.co\/colombia\/#organization\"},\"potentialAction\":[{\"@type\":\"SearchAction\",\"target\":{\"@type\":\"EntryPoint\",\"urlTemplate\":\"https:\/\/www.fiscalia.gov.co\/colombia\/?s={search_term_string}\"},\"query-input\":{\"@type\":\"PropertyValueSpecification\",\"valueRequired\":true,\"valueName\":\"search_term_string\"}}],\"inLanguage\":\"es-CO\"},{\"@type\":\"Organization\",\"@id\":\"https:\/\/www.fiscalia.gov.co\/colombia\/#organization\",\"name\":\"Fiscal\u00eda General de la Naci\u00f3n\",\"url\":\"https:\/\/www.fiscalia.gov.co\/colombia\/\",\"logo\":{\"@type\":\"ImageObject\",\"inLanguage\":\"es-CO\",\"@id\":\"https:\/\/www.fiscalia.gov.co\/colombia\/#\/schema\/logo\/image\/\",\"url\":\"https:\/\/www.fiscalia.gov.co\/colombia\/wp-content\/uploads\/LogoHorizontal_1.jpg\",\"contentUrl\":\"https:\/\/www.fiscalia.gov.co\/colombia\/wp-content\/uploads\/LogoHorizontal_1.jpg\",\"width\":300,\"height\":90,\"caption\":\"Fiscal\u00eda General de la Naci\u00f3n\"},\"image\":{\"@id\":\"https:\/\/www.fiscalia.gov.co\/colombia\/#\/schema\/logo\/image\/\"},\"sameAs\":[\"https:\/\/www.facebook.com\/FiscaliaCol\",\"https:\/\/x.com\/FiscaliaCol\",\"https:\/\/www.instagram.com\/fiscaliacol\",\"https:\/\/www.linkedin.com\/company\/fiscalia-general-de-la-naci-n\/\",\"https:\/\/youtube.com\/@fiscaliageneraldelanacion-4668?si=6nN79nyQICPU5iTh\"]},{\"@type\":\"Person\",\"@id\":\"https:\/\/www.fiscalia.gov.co\/colombia\/#\/schema\/person\/bf84402cf293a5393e9c70b111020b24\",\"name\":\"Jordan Leandro Oviedo Anzola\",\"image\":{\"@type\":\"ImageObject\",\"inLanguage\":\"es-CO\",\"@id\":\"https:\/\/www.fiscalia.gov.co\/colombia\/#\/schema\/person\/image\/\",\"url\":\"https:\/\/secure.gravatar.com\/avatar\/dabba4346fa9b9207d96adafa8f92721?s=96&d=mm&r=g\",\"contentUrl\":\"https:\/\/secure.gravatar.com\/avatar\/dabba4346fa9b9207d96adafa8f92721?s=96&d=mm&r=g\",\"caption\":\"Jordan Leandro Oviedo Anzola\"},\"url\":\"https:\/\/www.fiscalia.gov.co\/colombia\/author\/joviedo\/\"}]}<\/script>\n<!-- \/ Yoast SEO plugin. -->","yoast_head_json":{"title":"Fiscal\u00eda General de la Naci\u00f3n","description":"P\u00e1gina oficial de la Fiscal\u00eda General de la Naci\u00f3n \u2013 Colombia. Garantizamos el acceso efectivo a la justicia, la verdad y la reparaci\u00f3n de las v\u00edctimas de los delitos.","robots":{"index":"noindex","follow":"follow"},"og_locale":"es_ES","og_type":"article","og_title":"Fiscal\u00eda General de la Naci\u00f3n","og_description":"P\u00e1gina oficial de la Fiscal\u00eda General de la Naci\u00f3n \u2013 Colombia. Garantizamos el acceso efectivo a la justicia, la verdad y la reparaci\u00f3n de las v\u00edctimas de los delitos.","og_url":"https:\/\/www.fiscalia.gov.co\/colombia\/noticias\/condenan-a-mas-de-15-anos-de-prision-a-un-hombre-por-el-homicidio-de-una-persona-en-marquetalia-caldas\/","og_site_name":"Fiscal\u00eda General de la Naci\u00f3n","article_publisher":"https:\/\/www.facebook.com\/FiscaliaCol","article_published_time":"2022-04-19T17:57:17+00:00","author":"Jordan Leandro Oviedo Anzola","twitter_card":"summary_large_image","twitter_creator":"@FiscaliaCol","twitter_site":"@FiscaliaCol","twitter_misc":{"Escrito por":"Jordan Leandro Oviedo Anzola","Tiempo de lectura":"1 minuto"},"schema":{"@context":"https:\/\/schema.org","@graph":[{"@type":"Article","@id":"https:\/\/www.fiscalia.gov.co\/colombia\/noticias\/condenan-a-mas-de-15-anos-de-prision-a-un-hombre-por-el-homicidio-de-una-persona-en-marquetalia-caldas\/#article","isPartOf":{"@id":"https:\/\/www.fiscalia.gov.co\/colombia\/noticias\/condenan-a-mas-de-15-anos-de-prision-a-un-hombre-por-el-homicidio-de-una-persona-en-marquetalia-caldas\/"},"author":{"name":"Jordan Leandro Oviedo Anzola","@id":"https:\/\/www.fiscalia.gov.co\/colombia\/#\/schema\/person\/bf84402cf293a5393e9c70b111020b24"},"headline":"Condenan a m\u00e1s de 15 a\u00f1os de prisi\u00f3n a un hombre por el homicidio de una persona en Marquetalia (Caldas)","datePublished":"2022-04-19T17:57:17+00:00","dateModified":"2022-04-19T17:57:17+00:00","mainEntityOfPage":{"@id":"https:\/\/www.fiscalia.gov.co\/colombia\/noticias\/condenan-a-mas-de-15-anos-de-prision-a-un-hombre-por-el-homicidio-de-una-persona-en-marquetalia-caldas\/"},"wordCount":313,"publisher":{"@id":"https:\/\/www.fiscalia.gov.co\/colombia\/#organization"},"keywords":["de La Dorada (Caldas)","Establecimiento Penitenciario de M\u00e1xima Seguridad Do\u00f1a Juana","Fiscal\u00eda General de la Naci\u00f3n","homicidio simple","Luis Abad Ram\u00edrez G\u00f3mez","Marquetalia (Caldas)"],"articleSection":["Noticias","Seccional Manizales","Seccionales","Seguridad territorial"],"inLanguage":"es-CO"},{"@type":"WebPage","@id":"https:\/\/www.fiscalia.gov.co\/colombia\/noticias\/condenan-a-mas-de-15-anos-de-prision-a-un-hombre-por-el-homicidio-de-una-persona-en-marquetalia-caldas\/","url":"https:\/\/www.fiscalia.gov.co\/colombia\/noticias\/condenan-a-mas-de-15-anos-de-prision-a-un-hombre-por-el-homicidio-de-una-persona-en-marquetalia-caldas\/","name":"Fiscal\u00eda General de la Naci\u00f3n","isPartOf":{"@id":"https:\/\/www.fiscalia.gov.co\/colombia\/#website"},"datePublished":"2022-04-19T17:57:17+00:00","dateModified":"2022-04-19T17:57:17+00:00","description":"P\u00e1gina oficial de la Fiscal\u00eda General de la Naci\u00f3n \u2013 Colombia. Garantizamos el acceso efectivo a la justicia, la verdad y la reparaci\u00f3n de las v\u00edctimas de los delitos.","breadcrumb":{"@id":"https:\/\/www.fiscalia.gov.co\/colombia\/noticias\/condenan-a-mas-de-15-anos-de-prision-a-un-hombre-por-el-homicidio-de-una-persona-en-marquetalia-caldas\/#breadcrumb"},"inLanguage":"es-CO","potentialAction":[{"@type":"ReadAction","target":["https:\/\/www.fiscalia.gov.co\/colombia\/noticias\/condenan-a-mas-de-15-anos-de-prision-a-un-hombre-por-el-homicidio-de-una-persona-en-marquetalia-caldas\/"]}]},{"@type":"BreadcrumbList","@id":"https:\/\/www.fiscalia.gov.co\/colombia\/noticias\/condenan-a-mas-de-15-anos-de-prision-a-un-hombre-por-el-homicidio-de-una-persona-en-marquetalia-caldas\/#breadcrumb","itemListElement":[{"@type":"ListItem","position":1,"name":"Home","item":"https:\/\/www.fiscalia.gov.co\/colombia\/"},{"@type":"ListItem","position":2,"name":"Condenan a m\u00e1s de 15 a\u00f1os de prisi\u00f3n a un hombre por el homicidio de una persona en Marquetalia (Caldas)"}]},{"@type":"WebSite","@id":"https:\/\/www.fiscalia.gov.co\/colombia\/#website","url":"https:\/\/www.fiscalia.gov.co\/colombia\/","name":"Fiscal\u00eda General de la Naci\u00f3n","description":"P\u00e1gina oficial de la Fiscal\u00eda General de la Naci\u00f3n \u2013 Colombia. Garantizamos el acceso efectivo a la justicia, la verdad y la reparaci\u00f3n de las v\u00edctimas de los delitos.","publisher":{"@id":"https:\/\/www.fiscalia.gov.co\/colombia\/#organization"},"potentialAction":[{"@type":"SearchAction","target":{"@type":"EntryPoint","urlTemplate":"https:\/\/www.fiscalia.gov.co\/colombia\/?s={search_term_string}"},"query-input":{"@type":"PropertyValueSpecification","valueRequired":true,"valueName":"search_term_string"}}],"inLanguage":"es-CO"},{"@type":"Organization","@id":"https:\/\/www.fiscalia.gov.co\/colombia\/#organization","name":"Fiscal\u00eda General de la Naci\u00f3n","url":"https:\/\/www.fiscalia.gov.co\/colombia\/","logo":{"@type":"ImageObject","inLanguage":"es-CO","@id":"https:\/\/www.fiscalia.gov.co\/colombia\/#\/schema\/logo\/image\/","url":"https:\/\/www.fiscalia.gov.co\/colombia\/wp-content\/uploads\/LogoHorizontal_1.jpg","contentUrl":"https:\/\/www.fiscalia.gov.co\/colombia\/wp-content\/uploads\/LogoHorizontal_1.jpg","width":300,"height":90,"caption":"Fiscal\u00eda General de la Naci\u00f3n"},"image":{"@id":"https:\/\/www.fiscalia.gov.co\/colombia\/#\/schema\/logo\/image\/"},"sameAs":["https:\/\/www.facebook.com\/FiscaliaCol","https:\/\/x.com\/FiscaliaCol","https:\/\/www.instagram.com\/fiscaliacol","https:\/\/www.linkedin.com\/company\/fiscalia-general-de-la-naci-n\/","https:\/\/youtube.com\/@fiscaliageneraldelanacion-4668?si=6nN79nyQICPU5iTh"]},{"@type":"Person","@id":"https:\/\/www.fiscalia.gov.co\/colombia\/#\/schema\/person\/bf84402cf293a5393e9c70b111020b24","name":"Jordan Leandro Oviedo Anzola","image":{"@type":"ImageObject","inLanguage":"es-CO","@id":"https:\/\/www.fiscalia.gov.co\/colombia\/#\/schema\/person\/image\/","url":"https:\/\/secure.gravatar.com\/avatar\/dabba4346fa9b9207d96adafa8f92721?s=96&d=mm&r=g","contentUrl":"https:\/\/secure.gravatar.com\/avatar\/dabba4346fa9b9207d96adafa8f92721?s=96&d=mm&r=g","caption":"Jordan Leandro Oviedo Anzola"},"url":"https:\/\/www.fiscalia.gov.co\/colombia\/author\/joviedo\/"}]}},"_links":{"self":[{"href":"https:\/\/www.fiscalia.gov.co\/colombia\/wp-json\/wp\/v2\/posts\/246259","targetHints":{"allow":["GET"]}}],"collection":[{"href":"https:\/\/www.fiscalia.gov.co\/colombia\/wp-json\/wp\/v2\/posts"}],"about":[{"href":"https:\/\/www.fiscalia.gov.co\/colombia\/wp-json\/wp\/v2\/types\/post"}],"author":[{"embeddable":true,"href":"https:\/\/www.fiscalia.gov.co\/colombia\/wp-json\/wp\/v2\/users\/177"}],"replies":[{"embeddable":true,"href":"https:\/\/www.fiscalia.gov.co\/colombia\/wp-json\/wp\/v2\/comments?post=246259"}],"version-history":[{"count":1,"href":"https:\/\/www.fiscalia.gov.co\/colombia\/wp-json\/wp\/v2\/posts\/246259\/revisions"}],"predecessor-version":[{"id":246260,"href":"https:\/\/www.fiscalia.gov.co\/colombia\/wp-json\/wp\/v2\/posts\/246259\/revisions\/246260"}],"wp:attachment":[{"href":"https:\/\/www.fiscalia.gov.co\/colombia\/wp-json\/wp\/v2\/media?parent=246259"}],"wp:term":[{"taxonomy":"category","embeddable":true,"href":"https:\/\/www.fiscalia.gov.co\/colombia\/wp-json\/wp\/v2\/categories?post=246259"},{"taxonomy":"post_tag","embeddable":true,"href":"https:\/\/www.fiscalia.gov.co\/colombia\/wp-json\/wp\/v2\/tags?post=246259"}],"curies":[{"name":"wp","href":"https:\/\/api.w.org\/{rel}","templated":true}]}}