{"id":246093,"date":"2022-04-17T12:52:35","date_gmt":"2022-04-17T17:52:35","guid":{"rendered":"https:\/\/www.fiscalia.gov.co\/colombia\/?p=246093"},"modified":"2022-04-26T09:54:13","modified_gmt":"2022-04-26T14:54:13","slug":"judicializadas-dos-personas-que-habrian-causado-la-muerte-de-animales-en-risaralda-y-bogota","status":"publish","type":"post","link":"https:\/\/www.fiscalia.gov.co\/colombia\/noticias\/judicializadas-dos-personas-que-habrian-causado-la-muerte-de-animales-en-risaralda-y-bogota\/","title":{"rendered":"Judicializadas dos personas que habr\u00edan causado la muerte de animales en Risaralda y Bogot\u00e1"},"content":{"rendered":"<div><a href=\"https:\/\/www.fiscalia.gov.co\/colombia\/noticias\/judicializados-hombres-que-mantenian-en-pesimas-condiciones-fisicas-y-de-salud-a-caballos-utilizados-para-mover-vehiculos-de-traccion\/\" target=\"_blank\" rel=\"noopener noreferrer\" data-saferedirecturl=\"https:\/\/www.google.com\/url?q=https:\/\/www.fiscalia.gov.co\/colombia\/noticias\/judicializados-hombres-que-mantenian-en-pesimas-condiciones-fisicas-y-de-salud-a-caballos-utilizados-para-mover-vehiculos-de-traccion\/&amp;source=gmail&amp;ust=1650290988412000&amp;usg=AOvVaw2ff1A7C_P1RohOC6DpP7q1\">La Fiscal\u00eda General de la Naci\u00f3n present\u00f3 ente jueces de control de garant\u00edas a dos personas que estar\u00edan involucradas en la muerte de dos perros<\/a>, en hechos distintos ocurridos en Ap\u00eda (Risaralda) y Bogot\u00e1.<\/div>\n<div dir=\"ltr\"><\/div>\n<div><b><u>Muerte por envenenamiento<\/u><\/b><\/div>\n<div dir=\"ltr\"><\/div>\n<div>El 26 de mayo de 2021, Luis Alberto Durango le habr\u00eda lanzado un alimento envenenado a un perro llamado \u2018Carpaty\u2019, en Apia (Risaralda).<\/div>\n<div>\n<figure id=\"attachment_246094\" aria-describedby=\"caption-attachment-246094\" style=\"width: 696px\" class=\"wp-caption aligncenter\"><img loading=\"lazy\" decoding=\"async\" class=\"size-large wp-image-246094\" src=\"https:\/\/www.fiscalia.gov.co\/colombia\/wp-content\/uploads\/Fiscal-Barbosa-A-\u2018Carparty\u2019-le-habr\u00edan-dado-un-trozo-de-comida-envenenada-y-posteriormente-falleci\u00f3.--1024x458.jpeg\" alt=\"\" width=\"696\" height=\"311\" srcset=\"https:\/\/www.fiscalia.gov.co\/colombia\/wp-content\/uploads\/Fiscal-Barbosa-A-\u2018Carparty\u2019-le-habr\u00edan-dado-un-trozo-de-comida-envenenada-y-posteriormente-falleci\u00f3.--1024x458.jpeg 1024w, https:\/\/www.fiscalia.gov.co\/colombia\/wp-content\/uploads\/Fiscal-Barbosa-A-\u2018Carparty\u2019-le-habr\u00edan-dado-un-trozo-de-comida-envenenada-y-posteriormente-falleci\u00f3.--300x134.jpeg 300w, https:\/\/www.fiscalia.gov.co\/colombia\/wp-content\/uploads\/Fiscal-Barbosa-A-\u2018Carparty\u2019-le-habr\u00edan-dado-un-trozo-de-comida-envenenada-y-posteriormente-falleci\u00f3.--768x343.jpeg 768w, https:\/\/www.fiscalia.gov.co\/colombia\/wp-content\/uploads\/Fiscal-Barbosa-A-\u2018Carparty\u2019-le-habr\u00edan-dado-un-trozo-de-comida-envenenada-y-posteriormente-falleci\u00f3.--696x311.jpeg 696w, https:\/\/www.fiscalia.gov.co\/colombia\/wp-content\/uploads\/Fiscal-Barbosa-A-\u2018Carparty\u2019-le-habr\u00edan-dado-un-trozo-de-comida-envenenada-y-posteriormente-falleci\u00f3.--1068x477.jpeg 1068w, https:\/\/www.fiscalia.gov.co\/colombia\/wp-content\/uploads\/Fiscal-Barbosa-A-\u2018Carparty\u2019-le-habr\u00edan-dado-un-trozo-de-comida-envenenada-y-posteriormente-falleci\u00f3.--940x420.jpeg 940w, https:\/\/www.fiscalia.gov.co\/colombia\/wp-content\/uploads\/Fiscal-Barbosa-A-\u2018Carparty\u2019-le-habr\u00edan-dado-un-trozo-de-comida-envenenada-y-posteriormente-falleci\u00f3.-.jpeg 1280w\" sizes=\"auto, (max-width: 696px) 100vw, 696px\" \/><figcaption id=\"caption-attachment-246094\" class=\"wp-caption-text\">A \u2018Carparty\u2019 le habr\u00edan dado un trozo de comida envenenada y posteriormente falleci\u00f3.<\/figcaption><\/figure>\n<\/div>\n<div dir=\"ltr\"><\/div>\n<div><b>Videos de c\u00e1maras de seguridad evidenciaron que el hombre le dio el trozo de comida e inmediatamente empez\u00f3 a convulsionar.\u00a0<\/b>Luego de ser trasladado a un centro veterinario, \u2018Carpaty\u2019 muri\u00f3.<\/div>\n<div dir=\"ltr\"><\/div>\n<div>De acuerdo con la investigaci\u00f3n realizada por un fiscal del Grupo Especial para la Lucha contra el Maltrato Animal (GELMA), Durango, supuestamente, atac\u00f3 al perro porque ladraba mucho. Una situaci\u00f3n que habr\u00eda desencadenado un problema de convivencia con la cuidadora del canino.<\/div>\n<div dir=\"ltr\"><\/div>\n<div>En ese sentido,\u00a0<b>Luis Alberto Durango fue imputado por delito de maltrato animal.<\/b><\/div>\n<div dir=\"ltr\"><b>\u00a0<\/b><\/div>\n<div><b><u>Muerte por falta de atenci\u00f3n<\/u><\/b><\/div>\n<div dir=\"ltr\"><\/div>\n<div>Por mantener en p\u00e9simas condiciones de cuidado y atenci\u00f3n a una canina de nombre \u2018Luna\u2019, Myriam Patricia Heredia fue imputada por el delito de maltrato animal.<\/div>\n<div dir=\"ltr\"><\/div>\n<div>El caso se registr\u00f3 el 17 de noviembre de 2018.\u00a0<b>El Instituto Distrital de Protecci\u00f3n y Bienestar Animal realiz\u00f3 una visita de inspecci\u00f3n a una vivienda de la localidad de Engativ\u00e1, en el occidente de Bogot\u00e1. En el lugar encontraron a \u2018Luna\u2019 en condiciones deficientes de nutrici\u00f3n y salud, y con evidentes alteraciones de comportamiento.<\/b><\/div>\n<div dir=\"ltr\"><\/div>\n<div>El animal fue trasladado a un centro de atenci\u00f3n veterinaria, donde le fue detectada una hemorragia interna que no hab\u00eda sido atendida oportunamente.\u00a0<b>Ante la gravedad de su estado, los especialistas le realizaron la eutanasia.<\/b><\/div>\n<div dir=\"ltr\"><\/div>\n<p dir=\"ltr\"><strong>La Fiscal\u00eda habla con resultados<\/strong><\/p>\n<p dir=\"ltr\">AMCJ\/JARG\/MCRC\/AG\/GELMA\/<\/p>\n<div class=\"td-post-content tagdiv-type\">\n<div class=\"td-post-content tagdiv-type\">\n<div class=\"td-post-content tagdiv-type\">\n<div class=\"td-post-content tagdiv-type\">\n<div class=\"td-post-content tagdiv-type\">\n<div class=\"td-post-content tagdiv-type\">\n<div dir=\"auto\">\n<div class=\"td-post-content tagdiv-type\">\n<div class=\"td-post-content tagdiv-type\">\n<div class=\"td-post-content tagdiv-type\">\n<p><em>La informaci\u00f3n contenida en este bolet\u00edn de prensa corresponde a la narraci\u00f3n de los hechos noticiosos objetivos, suministrados por los funcionarios encargados de adelantar las investigaciones penales al interior de la Fiscal\u00eda General de la Naci\u00f3n. Para el momento de la divulgaci\u00f3n de este comunicado, la situaci\u00f3n jur\u00eddica de la(s) persona(s) relacionada(s) se encuentra pendiente de resolver por la autoridad judicial competente, siempre bajo los preceptos de la presunci\u00f3n de inocencia, consagrados en el art\u00edculo 29 de la Constituci\u00f3n Pol\u00edtica y el art\u00edculo 7\u00ba de la Ley 906 de 2004.<\/em><\/p>\n<\/div>\n<\/div>\n<\/div>\n<\/div>\n<\/div>\n<\/div>\n<\/div>\n<\/div>\n<\/div>\n<\/div>\n\n<div class=\"twitter-share\"><a href=\"https:\/\/twitter.com\/intent\/tweet?via=fiscaliacol\" class=\"twitter-share-button\">Tweet<\/a><\/div>\n","protected":false},"excerpt":{"rendered":"<p>La Fiscal\u00eda General de la Naci\u00f3n present\u00f3 ente jueces de control de garant\u00edas a dos personas que estar\u00edan involucradas en la muerte de dos perros, en hechos distintos ocurridos en Ap\u00eda (Risaralda) y Bogot\u00e1. Muerte por envenenamiento El 26 de mayo de 2021, Luis Alberto Durango le habr\u00eda lanzado un alimento envenenado a un perro [&hellip;]<\/p>\n","protected":false},"author":177,"featured_media":0,"comment_status":"closed","ping_status":"open","sticky":false,"template":"","format":"video","meta":{"tdm_status":"","tdm_grid_status":"","footnotes":""},"categories":[1,24099],"tags":[23821,15648,24185,24188,18566,30239],"class_list":{"0":"post-246093","1":"post","2":"type-post","3":"status-publish","4":"format-video","6":"category-noticias","7":"category-seguridad-territorial","8":"tag-bogota","9":"tag-cundinamarca","10":"tag-fiscal-barbosa","11":"tag-fiscal-francisco-barbosa","12":"tag-maltrato-animal","13":"tag-seguridad-territorial","14":"post_format-post-format-video"},"yoast_head":"<!-- This site is optimized with the Yoast SEO plugin v24.3 - https:\/\/yoast.com\/wordpress\/plugins\/seo\/ -->\n<title>Fiscal\u00eda General de la Naci\u00f3n<\/title>\n<meta name=\"description\" content=\"P\u00e1gina oficial de la Fiscal\u00eda General de la Naci\u00f3n \u2013 Colombia. Garantizamos el acceso efectivo a la justicia, la verdad y la reparaci\u00f3n de las v\u00edctimas de los delitos.\" \/>\n<meta name=\"robots\" content=\"noindex, follow\" \/>\n<meta property=\"og:locale\" content=\"es_ES\" \/>\n<meta property=\"og:type\" content=\"article\" \/>\n<meta property=\"og:title\" content=\"Fiscal\u00eda General de la Naci\u00f3n\" \/>\n<meta property=\"og:description\" content=\"P\u00e1gina oficial de la Fiscal\u00eda General de la Naci\u00f3n \u2013 Colombia. Garantizamos el acceso efectivo a la justicia, la verdad y la reparaci\u00f3n de las v\u00edctimas de los delitos.\" \/>\n<meta property=\"og:url\" content=\"https:\/\/www.fiscalia.gov.co\/colombia\/noticias\/judicializadas-dos-personas-que-habrian-causado-la-muerte-de-animales-en-risaralda-y-bogota\/\" \/>\n<meta property=\"og:site_name\" content=\"Fiscal\u00eda General de la Naci\u00f3n\" \/>\n<meta property=\"article:publisher\" content=\"https:\/\/www.facebook.com\/FiscaliaCol\" \/>\n<meta property=\"article:published_time\" content=\"2022-04-17T17:52:35+00:00\" \/>\n<meta property=\"article:modified_time\" content=\"2022-04-26T14:54:13+00:00\" \/>\n<meta name=\"author\" content=\"Jordan Leandro Oviedo Anzola\" \/>\n<meta name=\"twitter:card\" content=\"summary_large_image\" \/>\n<meta name=\"twitter:creator\" content=\"@FiscaliaCol\" \/>\n<meta name=\"twitter:site\" content=\"@FiscaliaCol\" \/>\n<meta name=\"twitter:label1\" content=\"Escrito por\" \/>\n\t<meta name=\"twitter:data1\" content=\"Jordan Leandro Oviedo Anzola\" \/>\n\t<meta name=\"twitter:label2\" content=\"Tiempo de lectura\" \/>\n\t<meta name=\"twitter:data2\" content=\"2 minutos\" \/>\n<script type=\"application\/ld+json\" class=\"yoast-schema-graph\">{\"@context\":\"https:\/\/schema.org\",\"@graph\":[{\"@type\":\"Article\",\"@id\":\"https:\/\/www.fiscalia.gov.co\/colombia\/noticias\/judicializadas-dos-personas-que-habrian-causado-la-muerte-de-animales-en-risaralda-y-bogota\/#article\",\"isPartOf\":{\"@id\":\"https:\/\/www.fiscalia.gov.co\/colombia\/noticias\/judicializadas-dos-personas-que-habrian-causado-la-muerte-de-animales-en-risaralda-y-bogota\/\"},\"author\":{\"name\":\"Jordan Leandro Oviedo Anzola\",\"@id\":\"https:\/\/www.fiscalia.gov.co\/colombia\/#\/schema\/person\/bf84402cf293a5393e9c70b111020b24\"},\"headline\":\"Judicializadas dos personas que habr\u00edan causado la muerte de animales en Risaralda y Bogot\u00e1\",\"datePublished\":\"2022-04-17T17:52:35+00:00\",\"dateModified\":\"2022-04-26T14:54:13+00:00\",\"mainEntityOfPage\":{\"@id\":\"https:\/\/www.fiscalia.gov.co\/colombia\/noticias\/judicializadas-dos-personas-que-habrian-causado-la-muerte-de-animales-en-risaralda-y-bogota\/\"},\"wordCount\":429,\"publisher\":{\"@id\":\"https:\/\/www.fiscalia.gov.co\/colombia\/#organization\"},\"keywords\":[\"Bogot\u00e1\",\"Cundinamarca\",\"Fiscal Barbosa\",\"Fiscal Francisco Barbosa\",\"Maltrato animal\",\"Seguridad territorial\"],\"articleSection\":[\"Noticias\",\"Seguridad territorial\"],\"inLanguage\":\"es-CO\"},{\"@type\":\"WebPage\",\"@id\":\"https:\/\/www.fiscalia.gov.co\/colombia\/noticias\/judicializadas-dos-personas-que-habrian-causado-la-muerte-de-animales-en-risaralda-y-bogota\/\",\"url\":\"https:\/\/www.fiscalia.gov.co\/colombia\/noticias\/judicializadas-dos-personas-que-habrian-causado-la-muerte-de-animales-en-risaralda-y-bogota\/\",\"name\":\"Fiscal\u00eda General de la Naci\u00f3n\",\"isPartOf\":{\"@id\":\"https:\/\/www.fiscalia.gov.co\/colombia\/#website\"},\"datePublished\":\"2022-04-17T17:52:35+00:00\",\"dateModified\":\"2022-04-26T14:54:13+00:00\",\"description\":\"P\u00e1gina oficial de la Fiscal\u00eda General de la Naci\u00f3n \u2013 Colombia. Garantizamos el acceso efectivo a la justicia, la verdad y la reparaci\u00f3n de las v\u00edctimas de los delitos.\",\"breadcrumb\":{\"@id\":\"https:\/\/www.fiscalia.gov.co\/colombia\/noticias\/judicializadas-dos-personas-que-habrian-causado-la-muerte-de-animales-en-risaralda-y-bogota\/#breadcrumb\"},\"inLanguage\":\"es-CO\",\"potentialAction\":[{\"@type\":\"ReadAction\",\"target\":[\"https:\/\/www.fiscalia.gov.co\/colombia\/noticias\/judicializadas-dos-personas-que-habrian-causado-la-muerte-de-animales-en-risaralda-y-bogota\/\"]}]},{\"@type\":\"BreadcrumbList\",\"@id\":\"https:\/\/www.fiscalia.gov.co\/colombia\/noticias\/judicializadas-dos-personas-que-habrian-causado-la-muerte-de-animales-en-risaralda-y-bogota\/#breadcrumb\",\"itemListElement\":[{\"@type\":\"ListItem\",\"position\":1,\"name\":\"Home\",\"item\":\"https:\/\/www.fiscalia.gov.co\/colombia\/\"},{\"@type\":\"ListItem\",\"position\":2,\"name\":\"Judicializadas dos personas que habr\u00edan causado la muerte de animales en Risaralda y Bogot\u00e1\"}]},{\"@type\":\"WebSite\",\"@id\":\"https:\/\/www.fiscalia.gov.co\/colombia\/#website\",\"url\":\"https:\/\/www.fiscalia.gov.co\/colombia\/\",\"name\":\"Fiscal\u00eda General de la Naci\u00f3n\",\"description\":\"P\u00e1gina oficial de la Fiscal\u00eda General de la Naci\u00f3n \u2013 Colombia. Garantizamos el acceso efectivo a la justicia, la verdad y la reparaci\u00f3n de las v\u00edctimas de los delitos.\",\"publisher\":{\"@id\":\"https:\/\/www.fiscalia.gov.co\/colombia\/#organization\"},\"potentialAction\":[{\"@type\":\"SearchAction\",\"target\":{\"@type\":\"EntryPoint\",\"urlTemplate\":\"https:\/\/www.fiscalia.gov.co\/colombia\/?s={search_term_string}\"},\"query-input\":{\"@type\":\"PropertyValueSpecification\",\"valueRequired\":true,\"valueName\":\"search_term_string\"}}],\"inLanguage\":\"es-CO\"},{\"@type\":\"Organization\",\"@id\":\"https:\/\/www.fiscalia.gov.co\/colombia\/#organization\",\"name\":\"Fiscal\u00eda General de la Naci\u00f3n\",\"url\":\"https:\/\/www.fiscalia.gov.co\/colombia\/\",\"logo\":{\"@type\":\"ImageObject\",\"inLanguage\":\"es-CO\",\"@id\":\"https:\/\/www.fiscalia.gov.co\/colombia\/#\/schema\/logo\/image\/\",\"url\":\"https:\/\/www.fiscalia.gov.co\/colombia\/wp-content\/uploads\/LogoHorizontal_1.jpg\",\"contentUrl\":\"https:\/\/www.fiscalia.gov.co\/colombia\/wp-content\/uploads\/LogoHorizontal_1.jpg\",\"width\":300,\"height\":90,\"caption\":\"Fiscal\u00eda General de la Naci\u00f3n\"},\"image\":{\"@id\":\"https:\/\/www.fiscalia.gov.co\/colombia\/#\/schema\/logo\/image\/\"},\"sameAs\":[\"https:\/\/www.facebook.com\/FiscaliaCol\",\"https:\/\/x.com\/FiscaliaCol\",\"https:\/\/www.instagram.com\/fiscaliacol\",\"https:\/\/www.linkedin.com\/company\/fiscalia-general-de-la-naci-n\/\",\"https:\/\/youtube.com\/@fiscaliageneraldelanacion-4668?si=6nN79nyQICPU5iTh\"]},{\"@type\":\"Person\",\"@id\":\"https:\/\/www.fiscalia.gov.co\/colombia\/#\/schema\/person\/bf84402cf293a5393e9c70b111020b24\",\"name\":\"Jordan Leandro Oviedo Anzola\",\"image\":{\"@type\":\"ImageObject\",\"inLanguage\":\"es-CO\",\"@id\":\"https:\/\/www.fiscalia.gov.co\/colombia\/#\/schema\/person\/image\/\",\"url\":\"https:\/\/secure.gravatar.com\/avatar\/dabba4346fa9b9207d96adafa8f92721?s=96&d=mm&r=g\",\"contentUrl\":\"https:\/\/secure.gravatar.com\/avatar\/dabba4346fa9b9207d96adafa8f92721?s=96&d=mm&r=g\",\"caption\":\"Jordan Leandro Oviedo Anzola\"},\"url\":\"https:\/\/www.fiscalia.gov.co\/colombia\/author\/joviedo\/\"}]}<\/script>\n<!-- \/ Yoast SEO plugin. -->","yoast_head_json":{"title":"Fiscal\u00eda General de la Naci\u00f3n","description":"P\u00e1gina oficial de la Fiscal\u00eda General de la Naci\u00f3n \u2013 Colombia. Garantizamos el acceso efectivo a la justicia, la verdad y la reparaci\u00f3n de las v\u00edctimas de los delitos.","robots":{"index":"noindex","follow":"follow"},"og_locale":"es_ES","og_type":"article","og_title":"Fiscal\u00eda General de la Naci\u00f3n","og_description":"P\u00e1gina oficial de la Fiscal\u00eda General de la Naci\u00f3n \u2013 Colombia. Garantizamos el acceso efectivo a la justicia, la verdad y la reparaci\u00f3n de las v\u00edctimas de los delitos.","og_url":"https:\/\/www.fiscalia.gov.co\/colombia\/noticias\/judicializadas-dos-personas-que-habrian-causado-la-muerte-de-animales-en-risaralda-y-bogota\/","og_site_name":"Fiscal\u00eda General de la Naci\u00f3n","article_publisher":"https:\/\/www.facebook.com\/FiscaliaCol","article_published_time":"2022-04-17T17:52:35+00:00","article_modified_time":"2022-04-26T14:54:13+00:00","author":"Jordan Leandro Oviedo Anzola","twitter_card":"summary_large_image","twitter_creator":"@FiscaliaCol","twitter_site":"@FiscaliaCol","twitter_misc":{"Escrito por":"Jordan Leandro Oviedo Anzola","Tiempo de lectura":"2 minutos"},"schema":{"@context":"https:\/\/schema.org","@graph":[{"@type":"Article","@id":"https:\/\/www.fiscalia.gov.co\/colombia\/noticias\/judicializadas-dos-personas-que-habrian-causado-la-muerte-de-animales-en-risaralda-y-bogota\/#article","isPartOf":{"@id":"https:\/\/www.fiscalia.gov.co\/colombia\/noticias\/judicializadas-dos-personas-que-habrian-causado-la-muerte-de-animales-en-risaralda-y-bogota\/"},"author":{"name":"Jordan Leandro Oviedo Anzola","@id":"https:\/\/www.fiscalia.gov.co\/colombia\/#\/schema\/person\/bf84402cf293a5393e9c70b111020b24"},"headline":"Judicializadas dos personas que habr\u00edan causado la muerte de animales en Risaralda y Bogot\u00e1","datePublished":"2022-04-17T17:52:35+00:00","dateModified":"2022-04-26T14:54:13+00:00","mainEntityOfPage":{"@id":"https:\/\/www.fiscalia.gov.co\/colombia\/noticias\/judicializadas-dos-personas-que-habrian-causado-la-muerte-de-animales-en-risaralda-y-bogota\/"},"wordCount":429,"publisher":{"@id":"https:\/\/www.fiscalia.gov.co\/colombia\/#organization"},"keywords":["Bogot\u00e1","Cundinamarca","Fiscal Barbosa","Fiscal Francisco Barbosa","Maltrato animal","Seguridad territorial"],"articleSection":["Noticias","Seguridad territorial"],"inLanguage":"es-CO"},{"@type":"WebPage","@id":"https:\/\/www.fiscalia.gov.co\/colombia\/noticias\/judicializadas-dos-personas-que-habrian-causado-la-muerte-de-animales-en-risaralda-y-bogota\/","url":"https:\/\/www.fiscalia.gov.co\/colombia\/noticias\/judicializadas-dos-personas-que-habrian-causado-la-muerte-de-animales-en-risaralda-y-bogota\/","name":"Fiscal\u00eda General de la Naci\u00f3n","isPartOf":{"@id":"https:\/\/www.fiscalia.gov.co\/colombia\/#website"},"datePublished":"2022-04-17T17:52:35+00:00","dateModified":"2022-04-26T14:54:13+00:00","description":"P\u00e1gina oficial de la Fiscal\u00eda General de la Naci\u00f3n \u2013 Colombia. Garantizamos el acceso efectivo a la justicia, la verdad y la reparaci\u00f3n de las v\u00edctimas de los delitos.","breadcrumb":{"@id":"https:\/\/www.fiscalia.gov.co\/colombia\/noticias\/judicializadas-dos-personas-que-habrian-causado-la-muerte-de-animales-en-risaralda-y-bogota\/#breadcrumb"},"inLanguage":"es-CO","potentialAction":[{"@type":"ReadAction","target":["https:\/\/www.fiscalia.gov.co\/colombia\/noticias\/judicializadas-dos-personas-que-habrian-causado-la-muerte-de-animales-en-risaralda-y-bogota\/"]}]},{"@type":"BreadcrumbList","@id":"https:\/\/www.fiscalia.gov.co\/colombia\/noticias\/judicializadas-dos-personas-que-habrian-causado-la-muerte-de-animales-en-risaralda-y-bogota\/#breadcrumb","itemListElement":[{"@type":"ListItem","position":1,"name":"Home","item":"https:\/\/www.fiscalia.gov.co\/colombia\/"},{"@type":"ListItem","position":2,"name":"Judicializadas dos personas que habr\u00edan causado la muerte de animales en Risaralda y Bogot\u00e1"}]},{"@type":"WebSite","@id":"https:\/\/www.fiscalia.gov.co\/colombia\/#website","url":"https:\/\/www.fiscalia.gov.co\/colombia\/","name":"Fiscal\u00eda General de la Naci\u00f3n","description":"P\u00e1gina oficial de la Fiscal\u00eda General de la Naci\u00f3n \u2013 Colombia. Garantizamos el acceso efectivo a la justicia, la verdad y la reparaci\u00f3n de las v\u00edctimas de los delitos.","publisher":{"@id":"https:\/\/www.fiscalia.gov.co\/colombia\/#organization"},"potentialAction":[{"@type":"SearchAction","target":{"@type":"EntryPoint","urlTemplate":"https:\/\/www.fiscalia.gov.co\/colombia\/?s={search_term_string}"},"query-input":{"@type":"PropertyValueSpecification","valueRequired":true,"valueName":"search_term_string"}}],"inLanguage":"es-CO"},{"@type":"Organization","@id":"https:\/\/www.fiscalia.gov.co\/colombia\/#organization","name":"Fiscal\u00eda General de la Naci\u00f3n","url":"https:\/\/www.fiscalia.gov.co\/colombia\/","logo":{"@type":"ImageObject","inLanguage":"es-CO","@id":"https:\/\/www.fiscalia.gov.co\/colombia\/#\/schema\/logo\/image\/","url":"https:\/\/www.fiscalia.gov.co\/colombia\/wp-content\/uploads\/LogoHorizontal_1.jpg","contentUrl":"https:\/\/www.fiscalia.gov.co\/colombia\/wp-content\/uploads\/LogoHorizontal_1.jpg","width":300,"height":90,"caption":"Fiscal\u00eda General de la Naci\u00f3n"},"image":{"@id":"https:\/\/www.fiscalia.gov.co\/colombia\/#\/schema\/logo\/image\/"},"sameAs":["https:\/\/www.facebook.com\/FiscaliaCol","https:\/\/x.com\/FiscaliaCol","https:\/\/www.instagram.com\/fiscaliacol","https:\/\/www.linkedin.com\/company\/fiscalia-general-de-la-naci-n\/","https:\/\/youtube.com\/@fiscaliageneraldelanacion-4668?si=6nN79nyQICPU5iTh"]},{"@type":"Person","@id":"https:\/\/www.fiscalia.gov.co\/colombia\/#\/schema\/person\/bf84402cf293a5393e9c70b111020b24","name":"Jordan Leandro Oviedo Anzola","image":{"@type":"ImageObject","inLanguage":"es-CO","@id":"https:\/\/www.fiscalia.gov.co\/colombia\/#\/schema\/person\/image\/","url":"https:\/\/secure.gravatar.com\/avatar\/dabba4346fa9b9207d96adafa8f92721?s=96&d=mm&r=g","contentUrl":"https:\/\/secure.gravatar.com\/avatar\/dabba4346fa9b9207d96adafa8f92721?s=96&d=mm&r=g","caption":"Jordan Leandro Oviedo Anzola"},"url":"https:\/\/www.fiscalia.gov.co\/colombia\/author\/joviedo\/"}]}},"_links":{"self":[{"href":"https:\/\/www.fiscalia.gov.co\/colombia\/wp-json\/wp\/v2\/posts\/246093","targetHints":{"allow":["GET"]}}],"collection":[{"href":"https:\/\/www.fiscalia.gov.co\/colombia\/wp-json\/wp\/v2\/posts"}],"about":[{"href":"https:\/\/www.fiscalia.gov.co\/colombia\/wp-json\/wp\/v2\/types\/post"}],"author":[{"embeddable":true,"href":"https:\/\/www.fiscalia.gov.co\/colombia\/wp-json\/wp\/v2\/users\/177"}],"replies":[{"embeddable":true,"href":"https:\/\/www.fiscalia.gov.co\/colombia\/wp-json\/wp\/v2\/comments?post=246093"}],"version-history":[{"count":3,"href":"https:\/\/www.fiscalia.gov.co\/colombia\/wp-json\/wp\/v2\/posts\/246093\/revisions"}],"predecessor-version":[{"id":246787,"href":"https:\/\/www.fiscalia.gov.co\/colombia\/wp-json\/wp\/v2\/posts\/246093\/revisions\/246787"}],"wp:attachment":[{"href":"https:\/\/www.fiscalia.gov.co\/colombia\/wp-json\/wp\/v2\/media?parent=246093"}],"wp:term":[{"taxonomy":"category","embeddable":true,"href":"https:\/\/www.fiscalia.gov.co\/colombia\/wp-json\/wp\/v2\/categories?post=246093"},{"taxonomy":"post_tag","embeddable":true,"href":"https:\/\/www.fiscalia.gov.co\/colombia\/wp-json\/wp\/v2\/tags?post=246093"}],"curies":[{"name":"wp","href":"https:\/\/api.w.org\/{rel}","templated":true}]}}