{"id":246027,"date":"2022-04-13T15:31:32","date_gmt":"2022-04-13T20:31:32","guid":{"rendered":"https:\/\/www.fiscalia.gov.co\/colombia\/?p=246027"},"modified":"2022-04-13T15:31:49","modified_gmt":"2022-04-13T20:31:49","slug":"dos-mujeres-fueronenviadas-a-prision-porque-al-parecer-transportaban-estupefacientes-en-putumayo","status":"publish","type":"post","link":"https:\/\/www.fiscalia.gov.co\/colombia\/noticias\/dos-mujeres-fueronenviadas-a-prision-porque-al-parecer-transportaban-estupefacientes-en-putumayo\/","title":{"rendered":"Dos mujeres fueron enviadas a prisi\u00f3n porque al parecer transportaban estupefacientes en Putumayo"},"content":{"rendered":"<p>Las pruebas aportadas por un fiscal de Unidad de Reacci\u00f3n Inmediata (URI) de Mocoa (Putumayo)\u00a0 \u00a0fueron determinantes para que un juez de control de garant\u00edas profiriera medida de aseguramiento en contra de Yasleidy C\u00e1rdenas y Sandra Patricia S\u00e1nchez Muchachasoy, como presuntas responsables del delito de tr\u00e1fico, fabricaci\u00f3n o porte de estupefacientes.<\/p>\n<figure id=\"attachment_246028\" aria-describedby=\"caption-attachment-246028\" style=\"width: 696px\" class=\"wp-caption aligncenter\"><img loading=\"lazy\" decoding=\"async\" class=\"size-large wp-image-246028\" src=\"https:\/\/www.fiscalia.gov.co\/colombia\/wp-content\/uploads\/Fiscal-Barbosa-Foto-bolet\u00edn-13-de-abril-tr\u00e1fico-de-estupefacientes-1024x576.jpeg\" alt=\"\" width=\"696\" height=\"392\" srcset=\"https:\/\/www.fiscalia.gov.co\/colombia\/wp-content\/uploads\/Fiscal-Barbosa-Foto-bolet\u00edn-13-de-abril-tr\u00e1fico-de-estupefacientes-1024x576.jpeg 1024w, https:\/\/www.fiscalia.gov.co\/colombia\/wp-content\/uploads\/Fiscal-Barbosa-Foto-bolet\u00edn-13-de-abril-tr\u00e1fico-de-estupefacientes-300x169.jpeg 300w, https:\/\/www.fiscalia.gov.co\/colombia\/wp-content\/uploads\/Fiscal-Barbosa-Foto-bolet\u00edn-13-de-abril-tr\u00e1fico-de-estupefacientes-768x432.jpeg 768w, https:\/\/www.fiscalia.gov.co\/colombia\/wp-content\/uploads\/Fiscal-Barbosa-Foto-bolet\u00edn-13-de-abril-tr\u00e1fico-de-estupefacientes-696x392.jpeg 696w, https:\/\/www.fiscalia.gov.co\/colombia\/wp-content\/uploads\/Fiscal-Barbosa-Foto-bolet\u00edn-13-de-abril-tr\u00e1fico-de-estupefacientes-1068x601.jpeg 1068w, https:\/\/www.fiscalia.gov.co\/colombia\/wp-content\/uploads\/Fiscal-Barbosa-Foto-bolet\u00edn-13-de-abril-tr\u00e1fico-de-estupefacientes-747x420.jpeg 747w, https:\/\/www.fiscalia.gov.co\/colombia\/wp-content\/uploads\/Fiscal-Barbosa-Foto-bolet\u00edn-13-de-abril-tr\u00e1fico-de-estupefacientes.jpeg 1280w\" sizes=\"auto, (max-width: 696px) 100vw, 696px\" \/><figcaption id=\"caption-attachment-246028\" class=\"wp-caption-text\">Las mujeres cumplir\u00e1n su medida en centro carcelario.<\/figcaption><\/figure>\n<p>La decisi\u00f3n judicial est\u00e1 relacionada con los hechos ocurridos el pasado 6 de abril en una v\u00eda p\u00fablica del municipio de Villagarz\u00f3n (Huila), donde uniformados de la Polic\u00eda Nacional, en labores de patrullajes rutinarios, realizaron una requisa a las procesadas que se movilizaban en una motocicleta.<\/p>\n<p>Al momento de la detenci\u00f3n le encontraron en el malet\u00edn que llevaban 1.102. 4 gramos de coca\u00edna. Igualmente le fueron incautados una gramera, una motocicleta y 2 celulares.<\/p>\n<p>En las audiencias concentradas las presuntas involucradas no aceptaron los cargos endilgados por la Fiscal\u00eda y su reclusi\u00f3n se llevar\u00e1 a cabo en centro carcelario.<\/p>\n<p><strong>La Fiscal\u00eda General habla con resultados.<\/strong><\/p>\n<p><em><strong>Le puede interesar: <\/strong><\/em><a href=\"https:\/\/www.fiscalia.gov.co\/colombia\/noticias\/a-la-carcel-presunto-responsable-de-trafico-de-estupefacientes-y-municion-de-uso-privativo-de-las-fuerzas-armadas-en-buga\/\" data-saferedirecturl=\"https:\/\/www.google.com\/url?q=https:\/\/www.fiscalia.gov.co\/colombia\/noticias\/a-la-carcel-presunto-responsable-de-trafico-de-estupefacientes-y-municion-de-uso-privativo-de-las-fuerzas-armadas-en-buga\/&amp;source=gmail&amp;ust=1649962556519000&amp;usg=AOvVaw0YL8VvFUazbOqXlroITnoH\">A la c\u00e1rcel presunto responsable de tr\u00e1fico de estupefacientes y munici\u00f3n de uso privativo de las Fuerzas Armadas en Buga<\/a><\/p>\n<p><a href=\"https:\/\/www.fiscalia.gov.co\/colombia\/noticias\/asegurados-cuatro-presuntos-integrantes-de-la-estructura-criminal-pachelly-dedicada-al-trafico-de-estupefacientes\/\" data-saferedirecturl=\"https:\/\/www.google.com\/url?q=https:\/\/www.fiscalia.gov.co\/colombia\/noticias\/asegurados-cuatro-presuntos-integrantes-de-la-estructura-criminal-pachelly-dedicada-al-trafico-de-estupefacientes\/&amp;source=gmail&amp;ust=1649962556519000&amp;usg=AOvVaw3ILgITBP_Y7tVgMAo5OoXt\">Asegurados cuatro presuntos integrantes de la estructura criminal Pachelly,\u00a0dedicada al tr\u00e1fico de estupefacientes\u00a0<\/a><\/p>\n<p>&nbsp;<\/p>\n<p>&nbsp;<\/p>\n<p>DSP\/MEVA\/CFG\/GR<\/p>\n<p>&nbsp;<\/p>\n<p>&nbsp;<\/p>\n<p><em>La informaci\u00f3n contenida en este bolet\u00edn de prensa corresponde a la narraci\u00f3n de los hechos noticiosos objetivos, suministrados por los funcionarios encargados de adelantar las investigaciones penales al interior de la Fiscal\u00eda General de la Naci\u00f3n. Para el momento de la divulgaci\u00f3n de este comunicado, la situaci\u00f3n jur\u00eddica de la(s) persona(s) relacionada(s) se encuentra pendiente de resolver por la autoridad judicial competente, siempre bajo los preceptos de la presunci\u00f3n de inocencia, consagrados en el art\u00edculo 29 de la Constituci\u00f3n Pol\u00edtica y el art\u00edculo 7\u00ba de la Ley 906 de 2004.<\/em><\/p>\n\n<div class=\"twitter-share\"><a href=\"https:\/\/twitter.com\/intent\/tweet?via=fiscaliacol\" class=\"twitter-share-button\">Tweet<\/a><\/div>\n","protected":false},"excerpt":{"rendered":"<p>Las pruebas aportadas por un fiscal de Unidad de Reacci\u00f3n Inmediata (URI) de Mocoa (Putumayo)\u00a0 \u00a0fueron determinantes para que un juez de control de garant\u00edas profiriera medida de aseguramiento en [&hellip;]<\/p>\n","protected":false},"author":177,"featured_media":0,"comment_status":"closed","ping_status":"open","sticky":false,"template":"","format":"standard","meta":{"tdm_status":"","tdm_grid_status":"","footnotes":""},"categories":[1,2910,303,24103],"tags":[14550,24187,1047,558,2279,155,28810],"class_list":["post-246027","post","type-post","status-publish","format-standard","category-noticias","category-seccional-mocoa","category-seccionales","category-trafico-de-estupefacientes","tag-carcel","tag-fiscalia-colombia","tag-fiscalia-general-de-la-nacion","tag-policia-nacional","tag-putumayo","tag-trafico-de-estupefacientes","tag-villagarzon"],"yoast_head":"<!-- This site is optimized with the Yoast SEO plugin v24.3 - https:\/\/yoast.com\/wordpress\/plugins\/seo\/ -->\n<title>Fiscal\u00eda General de la Naci\u00f3n<\/title>\n<meta name=\"description\" content=\"P\u00e1gina oficial de la Fiscal\u00eda General de la Naci\u00f3n \u2013 Colombia. Garantizamos el acceso efectivo a la justicia, la verdad y la reparaci\u00f3n de las v\u00edctimas de los delitos.\" \/>\n<meta name=\"robots\" content=\"noindex, follow\" \/>\n<meta property=\"og:locale\" content=\"es_ES\" \/>\n<meta property=\"og:type\" content=\"article\" \/>\n<meta property=\"og:title\" content=\"Fiscal\u00eda General de la Naci\u00f3n\" \/>\n<meta property=\"og:description\" content=\"P\u00e1gina oficial de la Fiscal\u00eda General de la Naci\u00f3n \u2013 Colombia. Garantizamos el acceso efectivo a la justicia, la verdad y la reparaci\u00f3n de las v\u00edctimas de los delitos.\" \/>\n<meta property=\"og:url\" content=\"https:\/\/www.fiscalia.gov.co\/colombia\/noticias\/dos-mujeres-fueronenviadas-a-prision-porque-al-parecer-transportaban-estupefacientes-en-putumayo\/\" \/>\n<meta property=\"og:site_name\" content=\"Fiscal\u00eda General de la Naci\u00f3n\" \/>\n<meta property=\"article:publisher\" content=\"https:\/\/www.facebook.com\/FiscaliaCol\" \/>\n<meta property=\"article:published_time\" content=\"2022-04-13T20:31:32+00:00\" \/>\n<meta property=\"article:modified_time\" content=\"2022-04-13T20:31:49+00:00\" \/>\n<meta name=\"author\" content=\"Jordan Leandro Oviedo Anzola\" \/>\n<meta name=\"twitter:card\" content=\"summary_large_image\" \/>\n<meta name=\"twitter:creator\" content=\"@FiscaliaCol\" \/>\n<meta name=\"twitter:site\" content=\"@FiscaliaCol\" \/>\n<meta name=\"twitter:label1\" content=\"Escrito por\" \/>\n\t<meta name=\"twitter:data1\" content=\"Jordan Leandro Oviedo Anzola\" \/>\n\t<meta name=\"twitter:label2\" content=\"Tiempo de lectura\" \/>\n\t<meta name=\"twitter:data2\" content=\"2 minutos\" \/>\n<script type=\"application\/ld+json\" class=\"yoast-schema-graph\">{\"@context\":\"https:\/\/schema.org\",\"@graph\":[{\"@type\":\"Article\",\"@id\":\"https:\/\/www.fiscalia.gov.co\/colombia\/noticias\/dos-mujeres-fueronenviadas-a-prision-porque-al-parecer-transportaban-estupefacientes-en-putumayo\/#article\",\"isPartOf\":{\"@id\":\"https:\/\/www.fiscalia.gov.co\/colombia\/noticias\/dos-mujeres-fueronenviadas-a-prision-porque-al-parecer-transportaban-estupefacientes-en-putumayo\/\"},\"author\":{\"name\":\"Jordan Leandro Oviedo Anzola\",\"@id\":\"https:\/\/www.fiscalia.gov.co\/colombia\/#\/schema\/person\/bf84402cf293a5393e9c70b111020b24\"},\"headline\":\"Dos mujeres fueron enviadas a prisi\u00f3n porque al parecer transportaban estupefacientes en Putumayo\",\"datePublished\":\"2022-04-13T20:31:32+00:00\",\"dateModified\":\"2022-04-13T20:31:49+00:00\",\"mainEntityOfPage\":{\"@id\":\"https:\/\/www.fiscalia.gov.co\/colombia\/noticias\/dos-mujeres-fueronenviadas-a-prision-porque-al-parecer-transportaban-estupefacientes-en-putumayo\/\"},\"wordCount\":350,\"publisher\":{\"@id\":\"https:\/\/www.fiscalia.gov.co\/colombia\/#organization\"},\"keywords\":[\"C\u00e1rcel\",\"Fiscal\u00eda Colombia\",\"Fiscal\u00eda General de la Naci\u00f3n\",\"Polic\u00eda Nacional\",\"Putumayo\",\"Tr\u00e1fico de estupefacientes\",\"Villagarz\u00f3n\"],\"articleSection\":[\"Noticias\",\"Seccional Mocoa\",\"Seccionales\",\"Tr\u00e1fico de estupefacientes\"],\"inLanguage\":\"es-CO\"},{\"@type\":\"WebPage\",\"@id\":\"https:\/\/www.fiscalia.gov.co\/colombia\/noticias\/dos-mujeres-fueronenviadas-a-prision-porque-al-parecer-transportaban-estupefacientes-en-putumayo\/\",\"url\":\"https:\/\/www.fiscalia.gov.co\/colombia\/noticias\/dos-mujeres-fueronenviadas-a-prision-porque-al-parecer-transportaban-estupefacientes-en-putumayo\/\",\"name\":\"Fiscal\u00eda General de la Naci\u00f3n\",\"isPartOf\":{\"@id\":\"https:\/\/www.fiscalia.gov.co\/colombia\/#website\"},\"datePublished\":\"2022-04-13T20:31:32+00:00\",\"dateModified\":\"2022-04-13T20:31:49+00:00\",\"description\":\"P\u00e1gina oficial de la Fiscal\u00eda General de la Naci\u00f3n \u2013 Colombia. Garantizamos el acceso efectivo a la justicia, la verdad y la reparaci\u00f3n de las v\u00edctimas de los delitos.\",\"breadcrumb\":{\"@id\":\"https:\/\/www.fiscalia.gov.co\/colombia\/noticias\/dos-mujeres-fueronenviadas-a-prision-porque-al-parecer-transportaban-estupefacientes-en-putumayo\/#breadcrumb\"},\"inLanguage\":\"es-CO\",\"potentialAction\":[{\"@type\":\"ReadAction\",\"target\":[\"https:\/\/www.fiscalia.gov.co\/colombia\/noticias\/dos-mujeres-fueronenviadas-a-prision-porque-al-parecer-transportaban-estupefacientes-en-putumayo\/\"]}]},{\"@type\":\"BreadcrumbList\",\"@id\":\"https:\/\/www.fiscalia.gov.co\/colombia\/noticias\/dos-mujeres-fueronenviadas-a-prision-porque-al-parecer-transportaban-estupefacientes-en-putumayo\/#breadcrumb\",\"itemListElement\":[{\"@type\":\"ListItem\",\"position\":1,\"name\":\"Home\",\"item\":\"https:\/\/www.fiscalia.gov.co\/colombia\/\"},{\"@type\":\"ListItem\",\"position\":2,\"name\":\"Dos mujeres fueron enviadas a prisi\u00f3n porque al parecer transportaban estupefacientes en Putumayo\"}]},{\"@type\":\"WebSite\",\"@id\":\"https:\/\/www.fiscalia.gov.co\/colombia\/#website\",\"url\":\"https:\/\/www.fiscalia.gov.co\/colombia\/\",\"name\":\"Fiscal\u00eda General de la Naci\u00f3n\",\"description\":\"P\u00e1gina oficial de la Fiscal\u00eda General de la Naci\u00f3n \u2013 Colombia. Garantizamos el acceso efectivo a la justicia, la verdad y la reparaci\u00f3n de las v\u00edctimas de los delitos.\",\"publisher\":{\"@id\":\"https:\/\/www.fiscalia.gov.co\/colombia\/#organization\"},\"potentialAction\":[{\"@type\":\"SearchAction\",\"target\":{\"@type\":\"EntryPoint\",\"urlTemplate\":\"https:\/\/www.fiscalia.gov.co\/colombia\/?s={search_term_string}\"},\"query-input\":{\"@type\":\"PropertyValueSpecification\",\"valueRequired\":true,\"valueName\":\"search_term_string\"}}],\"inLanguage\":\"es-CO\"},{\"@type\":\"Organization\",\"@id\":\"https:\/\/www.fiscalia.gov.co\/colombia\/#organization\",\"name\":\"Fiscal\u00eda General de la Naci\u00f3n\",\"url\":\"https:\/\/www.fiscalia.gov.co\/colombia\/\",\"logo\":{\"@type\":\"ImageObject\",\"inLanguage\":\"es-CO\",\"@id\":\"https:\/\/www.fiscalia.gov.co\/colombia\/#\/schema\/logo\/image\/\",\"url\":\"https:\/\/www.fiscalia.gov.co\/colombia\/wp-content\/uploads\/LogoHorizontal_1.jpg\",\"contentUrl\":\"https:\/\/www.fiscalia.gov.co\/colombia\/wp-content\/uploads\/LogoHorizontal_1.jpg\",\"width\":300,\"height\":90,\"caption\":\"Fiscal\u00eda General de la Naci\u00f3n\"},\"image\":{\"@id\":\"https:\/\/www.fiscalia.gov.co\/colombia\/#\/schema\/logo\/image\/\"},\"sameAs\":[\"https:\/\/www.facebook.com\/FiscaliaCol\",\"https:\/\/x.com\/FiscaliaCol\",\"https:\/\/www.instagram.com\/fiscaliacol\",\"https:\/\/www.linkedin.com\/company\/fiscalia-general-de-la-naci-n\/\",\"https:\/\/youtube.com\/@fiscaliageneraldelanacion-4668?si=6nN79nyQICPU5iTh\"]},{\"@type\":\"Person\",\"@id\":\"https:\/\/www.fiscalia.gov.co\/colombia\/#\/schema\/person\/bf84402cf293a5393e9c70b111020b24\",\"name\":\"Jordan Leandro Oviedo Anzola\",\"image\":{\"@type\":\"ImageObject\",\"inLanguage\":\"es-CO\",\"@id\":\"https:\/\/www.fiscalia.gov.co\/colombia\/#\/schema\/person\/image\/\",\"url\":\"https:\/\/secure.gravatar.com\/avatar\/dabba4346fa9b9207d96adafa8f92721?s=96&d=mm&r=g\",\"contentUrl\":\"https:\/\/secure.gravatar.com\/avatar\/dabba4346fa9b9207d96adafa8f92721?s=96&d=mm&r=g\",\"caption\":\"Jordan Leandro Oviedo Anzola\"},\"url\":\"https:\/\/www.fiscalia.gov.co\/colombia\/author\/joviedo\/\"}]}<\/script>\n<!-- \/ Yoast SEO plugin. -->","yoast_head_json":{"title":"Fiscal\u00eda General de la Naci\u00f3n","description":"P\u00e1gina oficial de la Fiscal\u00eda General de la Naci\u00f3n \u2013 Colombia. Garantizamos el acceso efectivo a la justicia, la verdad y la reparaci\u00f3n de las v\u00edctimas de los delitos.","robots":{"index":"noindex","follow":"follow"},"og_locale":"es_ES","og_type":"article","og_title":"Fiscal\u00eda General de la Naci\u00f3n","og_description":"P\u00e1gina oficial de la Fiscal\u00eda General de la Naci\u00f3n \u2013 Colombia. Garantizamos el acceso efectivo a la justicia, la verdad y la reparaci\u00f3n de las v\u00edctimas de los delitos.","og_url":"https:\/\/www.fiscalia.gov.co\/colombia\/noticias\/dos-mujeres-fueronenviadas-a-prision-porque-al-parecer-transportaban-estupefacientes-en-putumayo\/","og_site_name":"Fiscal\u00eda General de la Naci\u00f3n","article_publisher":"https:\/\/www.facebook.com\/FiscaliaCol","article_published_time":"2022-04-13T20:31:32+00:00","article_modified_time":"2022-04-13T20:31:49+00:00","author":"Jordan Leandro Oviedo Anzola","twitter_card":"summary_large_image","twitter_creator":"@FiscaliaCol","twitter_site":"@FiscaliaCol","twitter_misc":{"Escrito por":"Jordan Leandro Oviedo Anzola","Tiempo de lectura":"2 minutos"},"schema":{"@context":"https:\/\/schema.org","@graph":[{"@type":"Article","@id":"https:\/\/www.fiscalia.gov.co\/colombia\/noticias\/dos-mujeres-fueronenviadas-a-prision-porque-al-parecer-transportaban-estupefacientes-en-putumayo\/#article","isPartOf":{"@id":"https:\/\/www.fiscalia.gov.co\/colombia\/noticias\/dos-mujeres-fueronenviadas-a-prision-porque-al-parecer-transportaban-estupefacientes-en-putumayo\/"},"author":{"name":"Jordan Leandro Oviedo Anzola","@id":"https:\/\/www.fiscalia.gov.co\/colombia\/#\/schema\/person\/bf84402cf293a5393e9c70b111020b24"},"headline":"Dos mujeres fueron enviadas a prisi\u00f3n porque al parecer transportaban estupefacientes en Putumayo","datePublished":"2022-04-13T20:31:32+00:00","dateModified":"2022-04-13T20:31:49+00:00","mainEntityOfPage":{"@id":"https:\/\/www.fiscalia.gov.co\/colombia\/noticias\/dos-mujeres-fueronenviadas-a-prision-porque-al-parecer-transportaban-estupefacientes-en-putumayo\/"},"wordCount":350,"publisher":{"@id":"https:\/\/www.fiscalia.gov.co\/colombia\/#organization"},"keywords":["C\u00e1rcel","Fiscal\u00eda Colombia","Fiscal\u00eda General de la Naci\u00f3n","Polic\u00eda Nacional","Putumayo","Tr\u00e1fico de estupefacientes","Villagarz\u00f3n"],"articleSection":["Noticias","Seccional Mocoa","Seccionales","Tr\u00e1fico de estupefacientes"],"inLanguage":"es-CO"},{"@type":"WebPage","@id":"https:\/\/www.fiscalia.gov.co\/colombia\/noticias\/dos-mujeres-fueronenviadas-a-prision-porque-al-parecer-transportaban-estupefacientes-en-putumayo\/","url":"https:\/\/www.fiscalia.gov.co\/colombia\/noticias\/dos-mujeres-fueronenviadas-a-prision-porque-al-parecer-transportaban-estupefacientes-en-putumayo\/","name":"Fiscal\u00eda General de la Naci\u00f3n","isPartOf":{"@id":"https:\/\/www.fiscalia.gov.co\/colombia\/#website"},"datePublished":"2022-04-13T20:31:32+00:00","dateModified":"2022-04-13T20:31:49+00:00","description":"P\u00e1gina oficial de la Fiscal\u00eda General de la Naci\u00f3n \u2013 Colombia. Garantizamos el acceso efectivo a la justicia, la verdad y la reparaci\u00f3n de las v\u00edctimas de los delitos.","breadcrumb":{"@id":"https:\/\/www.fiscalia.gov.co\/colombia\/noticias\/dos-mujeres-fueronenviadas-a-prision-porque-al-parecer-transportaban-estupefacientes-en-putumayo\/#breadcrumb"},"inLanguage":"es-CO","potentialAction":[{"@type":"ReadAction","target":["https:\/\/www.fiscalia.gov.co\/colombia\/noticias\/dos-mujeres-fueronenviadas-a-prision-porque-al-parecer-transportaban-estupefacientes-en-putumayo\/"]}]},{"@type":"BreadcrumbList","@id":"https:\/\/www.fiscalia.gov.co\/colombia\/noticias\/dos-mujeres-fueronenviadas-a-prision-porque-al-parecer-transportaban-estupefacientes-en-putumayo\/#breadcrumb","itemListElement":[{"@type":"ListItem","position":1,"name":"Home","item":"https:\/\/www.fiscalia.gov.co\/colombia\/"},{"@type":"ListItem","position":2,"name":"Dos mujeres fueron enviadas a prisi\u00f3n porque al parecer transportaban estupefacientes en Putumayo"}]},{"@type":"WebSite","@id":"https:\/\/www.fiscalia.gov.co\/colombia\/#website","url":"https:\/\/www.fiscalia.gov.co\/colombia\/","name":"Fiscal\u00eda General de la Naci\u00f3n","description":"P\u00e1gina oficial de la Fiscal\u00eda General de la Naci\u00f3n \u2013 Colombia. Garantizamos el acceso efectivo a la justicia, la verdad y la reparaci\u00f3n de las v\u00edctimas de los delitos.","publisher":{"@id":"https:\/\/www.fiscalia.gov.co\/colombia\/#organization"},"potentialAction":[{"@type":"SearchAction","target":{"@type":"EntryPoint","urlTemplate":"https:\/\/www.fiscalia.gov.co\/colombia\/?s={search_term_string}"},"query-input":{"@type":"PropertyValueSpecification","valueRequired":true,"valueName":"search_term_string"}}],"inLanguage":"es-CO"},{"@type":"Organization","@id":"https:\/\/www.fiscalia.gov.co\/colombia\/#organization","name":"Fiscal\u00eda General de la Naci\u00f3n","url":"https:\/\/www.fiscalia.gov.co\/colombia\/","logo":{"@type":"ImageObject","inLanguage":"es-CO","@id":"https:\/\/www.fiscalia.gov.co\/colombia\/#\/schema\/logo\/image\/","url":"https:\/\/www.fiscalia.gov.co\/colombia\/wp-content\/uploads\/LogoHorizontal_1.jpg","contentUrl":"https:\/\/www.fiscalia.gov.co\/colombia\/wp-content\/uploads\/LogoHorizontal_1.jpg","width":300,"height":90,"caption":"Fiscal\u00eda General de la Naci\u00f3n"},"image":{"@id":"https:\/\/www.fiscalia.gov.co\/colombia\/#\/schema\/logo\/image\/"},"sameAs":["https:\/\/www.facebook.com\/FiscaliaCol","https:\/\/x.com\/FiscaliaCol","https:\/\/www.instagram.com\/fiscaliacol","https:\/\/www.linkedin.com\/company\/fiscalia-general-de-la-naci-n\/","https:\/\/youtube.com\/@fiscaliageneraldelanacion-4668?si=6nN79nyQICPU5iTh"]},{"@type":"Person","@id":"https:\/\/www.fiscalia.gov.co\/colombia\/#\/schema\/person\/bf84402cf293a5393e9c70b111020b24","name":"Jordan Leandro Oviedo Anzola","image":{"@type":"ImageObject","inLanguage":"es-CO","@id":"https:\/\/www.fiscalia.gov.co\/colombia\/#\/schema\/person\/image\/","url":"https:\/\/secure.gravatar.com\/avatar\/dabba4346fa9b9207d96adafa8f92721?s=96&d=mm&r=g","contentUrl":"https:\/\/secure.gravatar.com\/avatar\/dabba4346fa9b9207d96adafa8f92721?s=96&d=mm&r=g","caption":"Jordan Leandro Oviedo Anzola"},"url":"https:\/\/www.fiscalia.gov.co\/colombia\/author\/joviedo\/"}]}},"_links":{"self":[{"href":"https:\/\/www.fiscalia.gov.co\/colombia\/wp-json\/wp\/v2\/posts\/246027","targetHints":{"allow":["GET"]}}],"collection":[{"href":"https:\/\/www.fiscalia.gov.co\/colombia\/wp-json\/wp\/v2\/posts"}],"about":[{"href":"https:\/\/www.fiscalia.gov.co\/colombia\/wp-json\/wp\/v2\/types\/post"}],"author":[{"embeddable":true,"href":"https:\/\/www.fiscalia.gov.co\/colombia\/wp-json\/wp\/v2\/users\/177"}],"replies":[{"embeddable":true,"href":"https:\/\/www.fiscalia.gov.co\/colombia\/wp-json\/wp\/v2\/comments?post=246027"}],"version-history":[{"count":2,"href":"https:\/\/www.fiscalia.gov.co\/colombia\/wp-json\/wp\/v2\/posts\/246027\/revisions"}],"predecessor-version":[{"id":246030,"href":"https:\/\/www.fiscalia.gov.co\/colombia\/wp-json\/wp\/v2\/posts\/246027\/revisions\/246030"}],"wp:attachment":[{"href":"https:\/\/www.fiscalia.gov.co\/colombia\/wp-json\/wp\/v2\/media?parent=246027"}],"wp:term":[{"taxonomy":"category","embeddable":true,"href":"https:\/\/www.fiscalia.gov.co\/colombia\/wp-json\/wp\/v2\/categories?post=246027"},{"taxonomy":"post_tag","embeddable":true,"href":"https:\/\/www.fiscalia.gov.co\/colombia\/wp-json\/wp\/v2\/tags?post=246027"}],"curies":[{"name":"wp","href":"https:\/\/api.w.org\/{rel}","templated":true}]}}