{"id":246008,"date":"2022-04-13T11:20:25","date_gmt":"2022-04-13T16:20:25","guid":{"rendered":"https:\/\/www.fiscalia.gov.co\/colombia\/?p=246008"},"modified":"2022-04-13T11:20:25","modified_gmt":"2022-04-13T16:20:25","slug":"una-mujer-fue-condenada-a-5-anos-de-prision-por-tratar-de-suplantar-a-una-persona-para-obtener-un-credito-en-almacen-de-cadena","status":"publish","type":"post","link":"https:\/\/www.fiscalia.gov.co\/colombia\/noticias\/una-mujer-fue-condenada-a-5-anos-de-prision-por-tratar-de-suplantar-a-una-persona-para-obtener-un-credito-en-almacen-de-cadena\/","title":{"rendered":"Una mujer fue condenada a 5 a\u00f1os de prisi\u00f3n por tratar de suplantar a una persona para obtener un cr\u00e9dito en almac\u00e9n de cadena"},"content":{"rendered":"<div dir=\"ltr\">\n<div>\n<p>La Fiscal\u00eda General de la Naci\u00f3n obtuvo sentencia condenatoria de 5 a\u00f1os de prisi\u00f3n\u00a0\u00a0en contra de Doris Luque Mesa por los delitos de falsedad material en documento p\u00fablico agravado por el uso y tentativa de estafa.<\/p>\n<p>Los hechos investigados ocurrieron en el municipio de Itag\u00fc\u00ed (Antioquia), entre el 7 y el 11 de marzo de 2011, cuando la procesada adelant\u00f3 varios\u00a0\u00a0tr\u00e1mites en un reconocido almac\u00e9n de cadena con el fin de obtener un cr\u00e9dito para la compra de un computador port\u00e1til, valorado en $1.100.000.<\/p>\n<p>Las labores de polic\u00eda judicial permitieron establecer que Luque Mesa utiliz\u00f3 una c\u00e9dula de ciudadan\u00eda falsa a nombre de Lindiela Ortiz Mej\u00eda, para diligenciar el cr\u00e9dito ilegal.<\/p>\n<p>El juez le impuso adem\u00e1s una multa de 33.33 salarios m\u00ednimos legales mensuales vigentes para la \u00e9poca de los hechos y orden\u00f3 su captura para cumpla su sentencia en la penitenciaria que determine el Inpec.<\/p>\n<\/div>\n<p>&nbsp;<\/p>\n<div>\n<p>DSM\/LFML\/PL\/CFG<\/p>\n<\/div>\n<p>&nbsp;<\/p>\n<div>\n<div class=\"td-post-content tagdiv-type\">\n<div class=\"td-post-content tagdiv-type\">\n<div id=\"m_7674474430469570775divtagdefaultwrapper\" dir=\"ltr\">\n<p align=\"justify\"><span lang=\"es-MX\"><i>La informaci\u00f3n contenida en este bolet\u00edn de prensa corresponde a la narraci\u00f3n de los hechos noticiosos objetivos, suministrados por los funcionarios encargados de adelantar las investigaciones penales al interior de la Fiscal\u00eda General de la Naci\u00f3n. Para el momento de la divulgaci\u00f3n de este comunicado, la situaci\u00f3n jur\u00eddica de la(s) persona(s) relacionada(s) se encuentra pendiente de resolver por la autoridad judicial competente, siempre bajo los preceptos de la presunci\u00f3n de inocencia, consagrados en el art\u00edculo 29 de la Constituci\u00f3n Pol\u00edtica y el art\u00edculo 7\u00ba de la Ley 906 de 2004.<\/i><\/span><\/p>\n<\/div>\n<\/div>\n<\/div>\n<footer>\n<div class=\"td-post-source-tags\"><\/div>\n<div class=\"td-post-sharing-bottom\"><\/div>\n<\/footer>\n<\/div>\n<\/div>\n\n<div class=\"twitter-share\"><a href=\"https:\/\/twitter.com\/intent\/tweet?via=fiscaliacol\" class=\"twitter-share-button\">Tweet<\/a><\/div>\n","protected":false},"excerpt":{"rendered":"<p>La Fiscal\u00eda General de la Naci\u00f3n obtuvo sentencia condenatoria de 5 a\u00f1os de prisi\u00f3n\u00a0\u00a0en contra de Doris Luque Mesa por los delitos de falsedad material en documento p\u00fablico agravado por [&hellip;]<\/p>\n","protected":false},"author":177,"featured_media":0,"comment_status":"closed","ping_status":"open","sticky":false,"template":"","format":"standard","meta":{"tdm_status":"","tdm_grid_status":"","footnotes":""},"categories":[1,318,303,24099],"tags":[31282,24185,1047,31283],"class_list":["post-246008","post","type-post","status-publish","format-standard","category-noticias","category-seccional-antioquia","category-seccionales","category-seguridad-territorial","tag-falsedad-material-en-documento-publico-agravado-por-el-uso-y-tentativa-de-estafa","tag-fiscal-barbosa","tag-fiscalia-general-de-la-nacion","tag-utilizo-una-cedula-de-ciudadania-falsa-a-nombre-de-otra-persona-para-diligenciar-el-credito-ilegal"],"yoast_head":"<!-- This site is optimized with the Yoast SEO plugin v24.3 - https:\/\/yoast.com\/wordpress\/plugins\/seo\/ -->\n<title>Fiscal\u00eda General de la Naci\u00f3n<\/title>\n<meta name=\"description\" content=\"P\u00e1gina oficial de la Fiscal\u00eda General de la Naci\u00f3n \u2013 Colombia. Garantizamos el acceso efectivo a la justicia, la verdad y la reparaci\u00f3n de las v\u00edctimas de los delitos.\" \/>\n<meta name=\"robots\" content=\"noindex, follow\" \/>\n<meta property=\"og:locale\" content=\"es_ES\" \/>\n<meta property=\"og:type\" content=\"article\" \/>\n<meta property=\"og:title\" content=\"Fiscal\u00eda General de la Naci\u00f3n\" \/>\n<meta property=\"og:description\" content=\"P\u00e1gina oficial de la Fiscal\u00eda General de la Naci\u00f3n \u2013 Colombia. Garantizamos el acceso efectivo a la justicia, la verdad y la reparaci\u00f3n de las v\u00edctimas de los delitos.\" \/>\n<meta property=\"og:url\" content=\"https:\/\/www.fiscalia.gov.co\/colombia\/noticias\/una-mujer-fue-condenada-a-5-anos-de-prision-por-tratar-de-suplantar-a-una-persona-para-obtener-un-credito-en-almacen-de-cadena\/\" \/>\n<meta property=\"og:site_name\" content=\"Fiscal\u00eda General de la Naci\u00f3n\" \/>\n<meta property=\"article:publisher\" content=\"https:\/\/www.facebook.com\/FiscaliaCol\" \/>\n<meta property=\"article:published_time\" content=\"2022-04-13T16:20:25+00:00\" \/>\n<meta name=\"author\" content=\"Jordan Leandro Oviedo Anzola\" \/>\n<meta name=\"twitter:card\" content=\"summary_large_image\" \/>\n<meta name=\"twitter:creator\" content=\"@FiscaliaCol\" \/>\n<meta name=\"twitter:site\" content=\"@FiscaliaCol\" \/>\n<meta name=\"twitter:label1\" content=\"Escrito por\" \/>\n\t<meta name=\"twitter:data1\" content=\"Jordan Leandro Oviedo Anzola\" \/>\n\t<meta name=\"twitter:label2\" content=\"Tiempo de lectura\" \/>\n\t<meta name=\"twitter:data2\" content=\"1 minuto\" \/>\n<script type=\"application\/ld+json\" class=\"yoast-schema-graph\">{\"@context\":\"https:\/\/schema.org\",\"@graph\":[{\"@type\":\"Article\",\"@id\":\"https:\/\/www.fiscalia.gov.co\/colombia\/noticias\/una-mujer-fue-condenada-a-5-anos-de-prision-por-tratar-de-suplantar-a-una-persona-para-obtener-un-credito-en-almacen-de-cadena\/#article\",\"isPartOf\":{\"@id\":\"https:\/\/www.fiscalia.gov.co\/colombia\/noticias\/una-mujer-fue-condenada-a-5-anos-de-prision-por-tratar-de-suplantar-a-una-persona-para-obtener-un-credito-en-almacen-de-cadena\/\"},\"author\":{\"name\":\"Jordan Leandro Oviedo Anzola\",\"@id\":\"https:\/\/www.fiscalia.gov.co\/colombia\/#\/schema\/person\/bf84402cf293a5393e9c70b111020b24\"},\"headline\":\"Una mujer fue condenada a 5 a\u00f1os de prisi\u00f3n por tratar de suplantar a una persona para obtener un cr\u00e9dito en almac\u00e9n de cadena\",\"datePublished\":\"2022-04-13T16:20:25+00:00\",\"dateModified\":\"2022-04-13T16:20:25+00:00\",\"mainEntityOfPage\":{\"@id\":\"https:\/\/www.fiscalia.gov.co\/colombia\/noticias\/una-mujer-fue-condenada-a-5-anos-de-prision-por-tratar-de-suplantar-a-una-persona-para-obtener-un-credito-en-almacen-de-cadena\/\"},\"wordCount\":293,\"publisher\":{\"@id\":\"https:\/\/www.fiscalia.gov.co\/colombia\/#organization\"},\"keywords\":[\"Falsedad material en documento p\u00fablico agravado por el uso y tentativa de estafa\",\"Fiscal Barbosa\",\"Fiscal\u00eda General de la Naci\u00f3n\",\"utiliz\u00f3 una c\u00e9dula de ciudadan\u00eda falsa a nombre de otra persona para diligenciar el cr\u00e9dito ilegal\"],\"articleSection\":[\"Noticias\",\"Seccional Antioquia\",\"Seccionales\",\"Seguridad territorial\"],\"inLanguage\":\"es-CO\"},{\"@type\":\"WebPage\",\"@id\":\"https:\/\/www.fiscalia.gov.co\/colombia\/noticias\/una-mujer-fue-condenada-a-5-anos-de-prision-por-tratar-de-suplantar-a-una-persona-para-obtener-un-credito-en-almacen-de-cadena\/\",\"url\":\"https:\/\/www.fiscalia.gov.co\/colombia\/noticias\/una-mujer-fue-condenada-a-5-anos-de-prision-por-tratar-de-suplantar-a-una-persona-para-obtener-un-credito-en-almacen-de-cadena\/\",\"name\":\"Fiscal\u00eda General de la Naci\u00f3n\",\"isPartOf\":{\"@id\":\"https:\/\/www.fiscalia.gov.co\/colombia\/#website\"},\"datePublished\":\"2022-04-13T16:20:25+00:00\",\"dateModified\":\"2022-04-13T16:20:25+00:00\",\"description\":\"P\u00e1gina oficial de la Fiscal\u00eda General de la Naci\u00f3n \u2013 Colombia. Garantizamos el acceso efectivo a la justicia, la verdad y la reparaci\u00f3n de las v\u00edctimas de los delitos.\",\"breadcrumb\":{\"@id\":\"https:\/\/www.fiscalia.gov.co\/colombia\/noticias\/una-mujer-fue-condenada-a-5-anos-de-prision-por-tratar-de-suplantar-a-una-persona-para-obtener-un-credito-en-almacen-de-cadena\/#breadcrumb\"},\"inLanguage\":\"es-CO\",\"potentialAction\":[{\"@type\":\"ReadAction\",\"target\":[\"https:\/\/www.fiscalia.gov.co\/colombia\/noticias\/una-mujer-fue-condenada-a-5-anos-de-prision-por-tratar-de-suplantar-a-una-persona-para-obtener-un-credito-en-almacen-de-cadena\/\"]}]},{\"@type\":\"BreadcrumbList\",\"@id\":\"https:\/\/www.fiscalia.gov.co\/colombia\/noticias\/una-mujer-fue-condenada-a-5-anos-de-prision-por-tratar-de-suplantar-a-una-persona-para-obtener-un-credito-en-almacen-de-cadena\/#breadcrumb\",\"itemListElement\":[{\"@type\":\"ListItem\",\"position\":1,\"name\":\"Home\",\"item\":\"https:\/\/www.fiscalia.gov.co\/colombia\/\"},{\"@type\":\"ListItem\",\"position\":2,\"name\":\"Una mujer fue condenada a 5 a\u00f1os de prisi\u00f3n por tratar de suplantar a una persona para obtener un cr\u00e9dito en almac\u00e9n de cadena\"}]},{\"@type\":\"WebSite\",\"@id\":\"https:\/\/www.fiscalia.gov.co\/colombia\/#website\",\"url\":\"https:\/\/www.fiscalia.gov.co\/colombia\/\",\"name\":\"Fiscal\u00eda General de la Naci\u00f3n\",\"description\":\"P\u00e1gina oficial de la Fiscal\u00eda General de la Naci\u00f3n \u2013 Colombia. Garantizamos el acceso efectivo a la justicia, la verdad y la reparaci\u00f3n de las v\u00edctimas de los delitos.\",\"publisher\":{\"@id\":\"https:\/\/www.fiscalia.gov.co\/colombia\/#organization\"},\"potentialAction\":[{\"@type\":\"SearchAction\",\"target\":{\"@type\":\"EntryPoint\",\"urlTemplate\":\"https:\/\/www.fiscalia.gov.co\/colombia\/?s={search_term_string}\"},\"query-input\":{\"@type\":\"PropertyValueSpecification\",\"valueRequired\":true,\"valueName\":\"search_term_string\"}}],\"inLanguage\":\"es-CO\"},{\"@type\":\"Organization\",\"@id\":\"https:\/\/www.fiscalia.gov.co\/colombia\/#organization\",\"name\":\"Fiscal\u00eda General de la Naci\u00f3n\",\"url\":\"https:\/\/www.fiscalia.gov.co\/colombia\/\",\"logo\":{\"@type\":\"ImageObject\",\"inLanguage\":\"es-CO\",\"@id\":\"https:\/\/www.fiscalia.gov.co\/colombia\/#\/schema\/logo\/image\/\",\"url\":\"https:\/\/www.fiscalia.gov.co\/colombia\/wp-content\/uploads\/LogoHorizontal_1.jpg\",\"contentUrl\":\"https:\/\/www.fiscalia.gov.co\/colombia\/wp-content\/uploads\/LogoHorizontal_1.jpg\",\"width\":300,\"height\":90,\"caption\":\"Fiscal\u00eda General de la Naci\u00f3n\"},\"image\":{\"@id\":\"https:\/\/www.fiscalia.gov.co\/colombia\/#\/schema\/logo\/image\/\"},\"sameAs\":[\"https:\/\/www.facebook.com\/FiscaliaCol\",\"https:\/\/x.com\/FiscaliaCol\",\"https:\/\/www.instagram.com\/fiscaliacol\",\"https:\/\/www.linkedin.com\/company\/fiscalia-general-de-la-naci-n\/\",\"https:\/\/youtube.com\/@fiscaliageneraldelanacion-4668?si=6nN79nyQICPU5iTh\"]},{\"@type\":\"Person\",\"@id\":\"https:\/\/www.fiscalia.gov.co\/colombia\/#\/schema\/person\/bf84402cf293a5393e9c70b111020b24\",\"name\":\"Jordan Leandro Oviedo Anzola\",\"image\":{\"@type\":\"ImageObject\",\"inLanguage\":\"es-CO\",\"@id\":\"https:\/\/www.fiscalia.gov.co\/colombia\/#\/schema\/person\/image\/\",\"url\":\"https:\/\/secure.gravatar.com\/avatar\/dabba4346fa9b9207d96adafa8f92721?s=96&d=mm&r=g\",\"contentUrl\":\"https:\/\/secure.gravatar.com\/avatar\/dabba4346fa9b9207d96adafa8f92721?s=96&d=mm&r=g\",\"caption\":\"Jordan Leandro Oviedo Anzola\"},\"url\":\"https:\/\/www.fiscalia.gov.co\/colombia\/author\/joviedo\/\"}]}<\/script>\n<!-- \/ Yoast SEO plugin. -->","yoast_head_json":{"title":"Fiscal\u00eda General de la Naci\u00f3n","description":"P\u00e1gina oficial de la Fiscal\u00eda General de la Naci\u00f3n \u2013 Colombia. Garantizamos el acceso efectivo a la justicia, la verdad y la reparaci\u00f3n de las v\u00edctimas de los delitos.","robots":{"index":"noindex","follow":"follow"},"og_locale":"es_ES","og_type":"article","og_title":"Fiscal\u00eda General de la Naci\u00f3n","og_description":"P\u00e1gina oficial de la Fiscal\u00eda General de la Naci\u00f3n \u2013 Colombia. Garantizamos el acceso efectivo a la justicia, la verdad y la reparaci\u00f3n de las v\u00edctimas de los delitos.","og_url":"https:\/\/www.fiscalia.gov.co\/colombia\/noticias\/una-mujer-fue-condenada-a-5-anos-de-prision-por-tratar-de-suplantar-a-una-persona-para-obtener-un-credito-en-almacen-de-cadena\/","og_site_name":"Fiscal\u00eda General de la Naci\u00f3n","article_publisher":"https:\/\/www.facebook.com\/FiscaliaCol","article_published_time":"2022-04-13T16:20:25+00:00","author":"Jordan Leandro Oviedo Anzola","twitter_card":"summary_large_image","twitter_creator":"@FiscaliaCol","twitter_site":"@FiscaliaCol","twitter_misc":{"Escrito por":"Jordan Leandro Oviedo Anzola","Tiempo de lectura":"1 minuto"},"schema":{"@context":"https:\/\/schema.org","@graph":[{"@type":"Article","@id":"https:\/\/www.fiscalia.gov.co\/colombia\/noticias\/una-mujer-fue-condenada-a-5-anos-de-prision-por-tratar-de-suplantar-a-una-persona-para-obtener-un-credito-en-almacen-de-cadena\/#article","isPartOf":{"@id":"https:\/\/www.fiscalia.gov.co\/colombia\/noticias\/una-mujer-fue-condenada-a-5-anos-de-prision-por-tratar-de-suplantar-a-una-persona-para-obtener-un-credito-en-almacen-de-cadena\/"},"author":{"name":"Jordan Leandro Oviedo Anzola","@id":"https:\/\/www.fiscalia.gov.co\/colombia\/#\/schema\/person\/bf84402cf293a5393e9c70b111020b24"},"headline":"Una mujer fue condenada a 5 a\u00f1os de prisi\u00f3n por tratar de suplantar a una persona para obtener un cr\u00e9dito en almac\u00e9n de cadena","datePublished":"2022-04-13T16:20:25+00:00","dateModified":"2022-04-13T16:20:25+00:00","mainEntityOfPage":{"@id":"https:\/\/www.fiscalia.gov.co\/colombia\/noticias\/una-mujer-fue-condenada-a-5-anos-de-prision-por-tratar-de-suplantar-a-una-persona-para-obtener-un-credito-en-almacen-de-cadena\/"},"wordCount":293,"publisher":{"@id":"https:\/\/www.fiscalia.gov.co\/colombia\/#organization"},"keywords":["Falsedad material en documento p\u00fablico agravado por el uso y tentativa de estafa","Fiscal Barbosa","Fiscal\u00eda General de la Naci\u00f3n","utiliz\u00f3 una c\u00e9dula de ciudadan\u00eda falsa a nombre de otra persona para diligenciar el cr\u00e9dito ilegal"],"articleSection":["Noticias","Seccional Antioquia","Seccionales","Seguridad territorial"],"inLanguage":"es-CO"},{"@type":"WebPage","@id":"https:\/\/www.fiscalia.gov.co\/colombia\/noticias\/una-mujer-fue-condenada-a-5-anos-de-prision-por-tratar-de-suplantar-a-una-persona-para-obtener-un-credito-en-almacen-de-cadena\/","url":"https:\/\/www.fiscalia.gov.co\/colombia\/noticias\/una-mujer-fue-condenada-a-5-anos-de-prision-por-tratar-de-suplantar-a-una-persona-para-obtener-un-credito-en-almacen-de-cadena\/","name":"Fiscal\u00eda General de la Naci\u00f3n","isPartOf":{"@id":"https:\/\/www.fiscalia.gov.co\/colombia\/#website"},"datePublished":"2022-04-13T16:20:25+00:00","dateModified":"2022-04-13T16:20:25+00:00","description":"P\u00e1gina oficial de la Fiscal\u00eda General de la Naci\u00f3n \u2013 Colombia. Garantizamos el acceso efectivo a la justicia, la verdad y la reparaci\u00f3n de las v\u00edctimas de los delitos.","breadcrumb":{"@id":"https:\/\/www.fiscalia.gov.co\/colombia\/noticias\/una-mujer-fue-condenada-a-5-anos-de-prision-por-tratar-de-suplantar-a-una-persona-para-obtener-un-credito-en-almacen-de-cadena\/#breadcrumb"},"inLanguage":"es-CO","potentialAction":[{"@type":"ReadAction","target":["https:\/\/www.fiscalia.gov.co\/colombia\/noticias\/una-mujer-fue-condenada-a-5-anos-de-prision-por-tratar-de-suplantar-a-una-persona-para-obtener-un-credito-en-almacen-de-cadena\/"]}]},{"@type":"BreadcrumbList","@id":"https:\/\/www.fiscalia.gov.co\/colombia\/noticias\/una-mujer-fue-condenada-a-5-anos-de-prision-por-tratar-de-suplantar-a-una-persona-para-obtener-un-credito-en-almacen-de-cadena\/#breadcrumb","itemListElement":[{"@type":"ListItem","position":1,"name":"Home","item":"https:\/\/www.fiscalia.gov.co\/colombia\/"},{"@type":"ListItem","position":2,"name":"Una mujer fue condenada a 5 a\u00f1os de prisi\u00f3n por tratar de suplantar a una persona para obtener un cr\u00e9dito en almac\u00e9n de cadena"}]},{"@type":"WebSite","@id":"https:\/\/www.fiscalia.gov.co\/colombia\/#website","url":"https:\/\/www.fiscalia.gov.co\/colombia\/","name":"Fiscal\u00eda General de la Naci\u00f3n","description":"P\u00e1gina oficial de la Fiscal\u00eda General de la Naci\u00f3n \u2013 Colombia. Garantizamos el acceso efectivo a la justicia, la verdad y la reparaci\u00f3n de las v\u00edctimas de los delitos.","publisher":{"@id":"https:\/\/www.fiscalia.gov.co\/colombia\/#organization"},"potentialAction":[{"@type":"SearchAction","target":{"@type":"EntryPoint","urlTemplate":"https:\/\/www.fiscalia.gov.co\/colombia\/?s={search_term_string}"},"query-input":{"@type":"PropertyValueSpecification","valueRequired":true,"valueName":"search_term_string"}}],"inLanguage":"es-CO"},{"@type":"Organization","@id":"https:\/\/www.fiscalia.gov.co\/colombia\/#organization","name":"Fiscal\u00eda General de la Naci\u00f3n","url":"https:\/\/www.fiscalia.gov.co\/colombia\/","logo":{"@type":"ImageObject","inLanguage":"es-CO","@id":"https:\/\/www.fiscalia.gov.co\/colombia\/#\/schema\/logo\/image\/","url":"https:\/\/www.fiscalia.gov.co\/colombia\/wp-content\/uploads\/LogoHorizontal_1.jpg","contentUrl":"https:\/\/www.fiscalia.gov.co\/colombia\/wp-content\/uploads\/LogoHorizontal_1.jpg","width":300,"height":90,"caption":"Fiscal\u00eda General de la Naci\u00f3n"},"image":{"@id":"https:\/\/www.fiscalia.gov.co\/colombia\/#\/schema\/logo\/image\/"},"sameAs":["https:\/\/www.facebook.com\/FiscaliaCol","https:\/\/x.com\/FiscaliaCol","https:\/\/www.instagram.com\/fiscaliacol","https:\/\/www.linkedin.com\/company\/fiscalia-general-de-la-naci-n\/","https:\/\/youtube.com\/@fiscaliageneraldelanacion-4668?si=6nN79nyQICPU5iTh"]},{"@type":"Person","@id":"https:\/\/www.fiscalia.gov.co\/colombia\/#\/schema\/person\/bf84402cf293a5393e9c70b111020b24","name":"Jordan Leandro Oviedo Anzola","image":{"@type":"ImageObject","inLanguage":"es-CO","@id":"https:\/\/www.fiscalia.gov.co\/colombia\/#\/schema\/person\/image\/","url":"https:\/\/secure.gravatar.com\/avatar\/dabba4346fa9b9207d96adafa8f92721?s=96&d=mm&r=g","contentUrl":"https:\/\/secure.gravatar.com\/avatar\/dabba4346fa9b9207d96adafa8f92721?s=96&d=mm&r=g","caption":"Jordan Leandro Oviedo Anzola"},"url":"https:\/\/www.fiscalia.gov.co\/colombia\/author\/joviedo\/"}]}},"_links":{"self":[{"href":"https:\/\/www.fiscalia.gov.co\/colombia\/wp-json\/wp\/v2\/posts\/246008","targetHints":{"allow":["GET"]}}],"collection":[{"href":"https:\/\/www.fiscalia.gov.co\/colombia\/wp-json\/wp\/v2\/posts"}],"about":[{"href":"https:\/\/www.fiscalia.gov.co\/colombia\/wp-json\/wp\/v2\/types\/post"}],"author":[{"embeddable":true,"href":"https:\/\/www.fiscalia.gov.co\/colombia\/wp-json\/wp\/v2\/users\/177"}],"replies":[{"embeddable":true,"href":"https:\/\/www.fiscalia.gov.co\/colombia\/wp-json\/wp\/v2\/comments?post=246008"}],"version-history":[{"count":1,"href":"https:\/\/www.fiscalia.gov.co\/colombia\/wp-json\/wp\/v2\/posts\/246008\/revisions"}],"predecessor-version":[{"id":246009,"href":"https:\/\/www.fiscalia.gov.co\/colombia\/wp-json\/wp\/v2\/posts\/246008\/revisions\/246009"}],"wp:attachment":[{"href":"https:\/\/www.fiscalia.gov.co\/colombia\/wp-json\/wp\/v2\/media?parent=246008"}],"wp:term":[{"taxonomy":"category","embeddable":true,"href":"https:\/\/www.fiscalia.gov.co\/colombia\/wp-json\/wp\/v2\/categories?post=246008"},{"taxonomy":"post_tag","embeddable":true,"href":"https:\/\/www.fiscalia.gov.co\/colombia\/wp-json\/wp\/v2\/tags?post=246008"}],"curies":[{"name":"wp","href":"https:\/\/api.w.org\/{rel}","templated":true}]}}