{"id":245988,"date":"2022-04-13T09:02:59","date_gmt":"2022-04-13T14:02:59","guid":{"rendered":"https:\/\/www.fiscalia.gov.co\/colombia\/?p=245988"},"modified":"2022-04-26T09:40:55","modified_gmt":"2022-04-26T14:40:55","slug":"asegurados-medico-y-enfermera-que-habrian-brindado-asistencia-clandestina-y-practicado-abortos-no-consentidos-a-integrantes-del-eln","status":"publish","type":"post","link":"https:\/\/www.fiscalia.gov.co\/colombia\/noticias\/asegurados-medico-y-enfermera-que-habrian-brindado-asistencia-clandestina-y-practicado-abortos-no-consentidos-a-integrantes-del-eln\/","title":{"rendered":"Asegurados m\u00e9dico y enfermera que habr\u00edan brindado asistencia clandestina y practicado abortos no consentidos a integrantes del ELN"},"content":{"rendered":"<h4><strong><em>Los profesionales de la salud laboraban en una cl\u00ednica particular y en el hospital de Saravena (Arauca). Adicionalmente, fue judicializado un hombre se\u00f1alado de trasladar personas que har\u00edan parte del grupo ilegal.<\/em><\/strong><\/h4>\n<p>La Fiscal\u00eda General de la Naci\u00f3n logr\u00f3 la judicializaci\u00f3n de un m\u00e9dico y una enfermera, como presuntos responsables de brindar asistencia a los integrantes de la estructura Ernesto \u2018Che\u2019 Guevara del ELN, as\u00ed como de practicar abortos y otros procedimientos no consentidos a las mujeres que hac\u00edan parte del grupo ilegal.<\/p>\n<p>Se trata de Carlos Antonio Vald\u00e9s Zuluaga, quien ser\u00eda el gerente de una cl\u00ednica de Saravena (Arauca) y profesional adscrito al hospital municipal; y Bellany Castro Quintero, alias La Caballota, Bella o Gladys.<\/p>\n<p>Adicionalmente, fue vinculado a la investigaci\u00f3n William Efra\u00edn Higuera Chac\u00f3n, se\u00f1alado de comunicar las instrucciones de los cabecillas y de transportar a las personas que har\u00edan parte del grupo ilegal.<\/p>\n<p><strong><u>Actuar clandestino<\/u><\/strong><\/p>\n<p>Los dos profesionales de la salud, al parecer, facilitaban el ingreso a los centros asistenciales de integrantes del ELN heridos o con graves enfermedades tropicales; y, supuestamente, les daban un trato privilegiado. Asimismo, hay evidencia de que tambi\u00e9n habr\u00edan viajado a los campamentos de la estructura criminal en Venezuela para realizar tratamientos, dar capacitaciones en diversos temas de salud y llevar dinero.<\/p>\n<p>Una mujer que abandon\u00f3 el grupo ilegal asegur\u00f3 haber sido v\u00edctima de Vald\u00e9s Zuluaga y la enfermera Castro Quintero, y los reconoci\u00f3 como las personas que le practicaron un aborto no consentido. Asimismo, indic\u00f3 que fue testigo y conoci\u00f3 de casi 40 embarazos interrumpidos a la fuerza por los hoy procesados. De acuerdo con el relato, la mayor\u00eda de las mujeres afectadas ser\u00edan menores de edad.<\/p>\n<p>El material de prueba da cuenta de que estas conductas, presuntamente, ocurrieron desde 2014 a la fecha. En ese sentido, un fiscal de la Direcci\u00f3n Especializada contra las Organizaciones Criminales imput\u00f3 al m\u00e9dico y a la enfermera, seg\u00fan el posible nivel de responsabilidad, los delitos de: aborto sin consentimiento, rebeli\u00f3n, y financiaci\u00f3n del terrorismo y de grupos de delincuencia organizada y administraci\u00f3n de recursos relacionados con actividades terroristas y de la delincuencia organizada.<\/p>\n<p>De otra parte, el se\u00f1or Higuera Chac\u00f3n fue imputado por el delito de rebeli\u00f3n.<\/p>\n<p>Los procesados no aceptaron los cargos. Un juez de control de garant\u00edas les impuso medida de aseguramiento privativa de la libertad en el lugar de residencia, al considerar que no registraban antecedentes judiciales y ten\u00edan arraigo.<\/p>\n<p>La Fiscal\u00eda continuar\u00e1 las investigaciones para dar con otros presuntos responsables de los abortos realizados y ubicar a otras posibles v\u00edctimas de estos procedimientos.<\/p>\n<p>Esta informaci\u00f3n se publica por razones de inter\u00e9s general.<\/p>\n<p><strong>La Fiscal\u00eda habla con resultados.<\/strong><\/p>\n<p>&nbsp;<\/p>\n<p>&nbsp;<\/p>\n<p>JARG\/CRIO\/DECOC\/MCRC.<\/p>\n<p>&nbsp;<\/p>\n<p>&nbsp;<\/p>\n<div class=\"td-post-content tagdiv-type\">\n<div>\n<div>\n<div>\n<div id=\"m_6534739541457637316divtagdefaultwrapper\" dir=\"ltr\">\n<p><i><span lang=\"ES-MX\">La informaci\u00f3n contenida en este bolet\u00edn de prensa corresponde a la narraci\u00f3n de los hechos noticiosos objetivos, suministrados por los funcionarios encargados de adelantar las investigaciones penales al interior de la Fiscal\u00eda General de la Naci\u00f3n.\u00a0<\/span><\/i><i>Para el momento de la divulgaci\u00f3n de este comunicado, la situaci\u00f3n jur\u00eddica de la(s) persona(s) relacionada(s) se encuentra pendiente de resolver por la autoridad judicial competente, siempre bajo los preceptos de la presunci\u00f3n de inocencia, consagrados en el art\u00edculo 29 de la Constituci\u00f3n Pol\u00edtica y el art\u00edculo 7\u00ba de la Ley 906 de 2004.<\/i><\/p>\n<\/div>\n<\/div>\n<\/div>\n<\/div>\n<\/div>\n<p>&nbsp;<\/p>\n\n<div class=\"twitter-share\"><a href=\"https:\/\/twitter.com\/intent\/tweet?via=fiscaliacol\" class=\"twitter-share-button\">Tweet<\/a><\/div>\n","protected":false},"excerpt":{"rendered":"<p>Los profesionales de la salud laboraban en una cl\u00ednica particular y en el hospital de Saravena (Arauca). Adicionalmente, fue judicializado un hombre se\u00f1alado de trasladar personas que har\u00edan parte del [&hellip;]<\/p>\n","protected":false},"author":177,"featured_media":0,"comment_status":"closed","ping_status":"open","sticky":false,"template":"","format":"video","meta":{"tdm_status":"","tdm_grid_status":"","footnotes":""},"categories":[24098,1],"tags":[16904,7484,762,7851,24185,24188,8863],"class_list":["post-245988","post","type-post","status-publish","format-video","category-crimen-organizado","category-noticias","tag-abortos-ilegales","tag-crimen-organizado","tag-eln","tag-enfermera","tag-fiscal-barbosa","tag-fiscal-francisco-barbosa","tag-medico","post_format-post-format-video"],"yoast_head":"<!-- This site is optimized with the Yoast SEO plugin v24.3 - https:\/\/yoast.com\/wordpress\/plugins\/seo\/ -->\n<title>Fiscal\u00eda General de la Naci\u00f3n<\/title>\n<meta name=\"description\" content=\"P\u00e1gina oficial de la Fiscal\u00eda General de la Naci\u00f3n \u2013 Colombia. Garantizamos el acceso efectivo a la justicia, la verdad y la reparaci\u00f3n de las v\u00edctimas de los delitos.\" \/>\n<meta name=\"robots\" content=\"noindex, follow\" \/>\n<meta property=\"og:locale\" content=\"es_ES\" \/>\n<meta property=\"og:type\" content=\"article\" \/>\n<meta property=\"og:title\" content=\"Fiscal\u00eda General de la Naci\u00f3n\" \/>\n<meta property=\"og:description\" content=\"P\u00e1gina oficial de la Fiscal\u00eda General de la Naci\u00f3n \u2013 Colombia. Garantizamos el acceso efectivo a la justicia, la verdad y la reparaci\u00f3n de las v\u00edctimas de los delitos.\" \/>\n<meta property=\"og:url\" content=\"https:\/\/www.fiscalia.gov.co\/colombia\/noticias\/asegurados-medico-y-enfermera-que-habrian-brindado-asistencia-clandestina-y-practicado-abortos-no-consentidos-a-integrantes-del-eln\/\" \/>\n<meta property=\"og:site_name\" content=\"Fiscal\u00eda General de la Naci\u00f3n\" \/>\n<meta property=\"article:publisher\" content=\"https:\/\/www.facebook.com\/FiscaliaCol\" \/>\n<meta property=\"article:published_time\" content=\"2022-04-13T14:02:59+00:00\" \/>\n<meta property=\"article:modified_time\" content=\"2022-04-26T14:40:55+00:00\" \/>\n<meta name=\"author\" content=\"Jordan Leandro Oviedo Anzola\" \/>\n<meta name=\"twitter:card\" content=\"summary_large_image\" \/>\n<meta name=\"twitter:creator\" content=\"@FiscaliaCol\" \/>\n<meta name=\"twitter:site\" content=\"@FiscaliaCol\" \/>\n<meta name=\"twitter:label1\" content=\"Escrito por\" \/>\n\t<meta name=\"twitter:data1\" content=\"Jordan Leandro Oviedo Anzola\" \/>\n\t<meta name=\"twitter:label2\" content=\"Tiempo de lectura\" \/>\n\t<meta name=\"twitter:data2\" content=\"3 minutos\" \/>\n<script type=\"application\/ld+json\" class=\"yoast-schema-graph\">{\"@context\":\"https:\/\/schema.org\",\"@graph\":[{\"@type\":\"Article\",\"@id\":\"https:\/\/www.fiscalia.gov.co\/colombia\/noticias\/asegurados-medico-y-enfermera-que-habrian-brindado-asistencia-clandestina-y-practicado-abortos-no-consentidos-a-integrantes-del-eln\/#article\",\"isPartOf\":{\"@id\":\"https:\/\/www.fiscalia.gov.co\/colombia\/noticias\/asegurados-medico-y-enfermera-que-habrian-brindado-asistencia-clandestina-y-practicado-abortos-no-consentidos-a-integrantes-del-eln\/\"},\"author\":{\"name\":\"Jordan Leandro Oviedo Anzola\",\"@id\":\"https:\/\/www.fiscalia.gov.co\/colombia\/#\/schema\/person\/bf84402cf293a5393e9c70b111020b24\"},\"headline\":\"Asegurados m\u00e9dico y enfermera que habr\u00edan brindado asistencia clandestina y practicado abortos no consentidos a integrantes del ELN\",\"datePublished\":\"2022-04-13T14:02:59+00:00\",\"dateModified\":\"2022-04-26T14:40:55+00:00\",\"mainEntityOfPage\":{\"@id\":\"https:\/\/www.fiscalia.gov.co\/colombia\/noticias\/asegurados-medico-y-enfermera-que-habrian-brindado-asistencia-clandestina-y-practicado-abortos-no-consentidos-a-integrantes-del-eln\/\"},\"wordCount\":604,\"publisher\":{\"@id\":\"https:\/\/www.fiscalia.gov.co\/colombia\/#organization\"},\"keywords\":[\"Abortos ilegales\",\"Crimen organizado\",\"Eln\",\"Enfermera\",\"Fiscal Barbosa\",\"Fiscal Francisco Barbosa\",\"M\u00e9dico\"],\"articleSection\":[\"Crimen organizado\",\"Noticias\"],\"inLanguage\":\"es-CO\"},{\"@type\":\"WebPage\",\"@id\":\"https:\/\/www.fiscalia.gov.co\/colombia\/noticias\/asegurados-medico-y-enfermera-que-habrian-brindado-asistencia-clandestina-y-practicado-abortos-no-consentidos-a-integrantes-del-eln\/\",\"url\":\"https:\/\/www.fiscalia.gov.co\/colombia\/noticias\/asegurados-medico-y-enfermera-que-habrian-brindado-asistencia-clandestina-y-practicado-abortos-no-consentidos-a-integrantes-del-eln\/\",\"name\":\"Fiscal\u00eda General de la Naci\u00f3n\",\"isPartOf\":{\"@id\":\"https:\/\/www.fiscalia.gov.co\/colombia\/#website\"},\"datePublished\":\"2022-04-13T14:02:59+00:00\",\"dateModified\":\"2022-04-26T14:40:55+00:00\",\"description\":\"P\u00e1gina oficial de la Fiscal\u00eda General de la Naci\u00f3n \u2013 Colombia. Garantizamos el acceso efectivo a la justicia, la verdad y la reparaci\u00f3n de las v\u00edctimas de los delitos.\",\"breadcrumb\":{\"@id\":\"https:\/\/www.fiscalia.gov.co\/colombia\/noticias\/asegurados-medico-y-enfermera-que-habrian-brindado-asistencia-clandestina-y-practicado-abortos-no-consentidos-a-integrantes-del-eln\/#breadcrumb\"},\"inLanguage\":\"es-CO\",\"potentialAction\":[{\"@type\":\"ReadAction\",\"target\":[\"https:\/\/www.fiscalia.gov.co\/colombia\/noticias\/asegurados-medico-y-enfermera-que-habrian-brindado-asistencia-clandestina-y-practicado-abortos-no-consentidos-a-integrantes-del-eln\/\"]}]},{\"@type\":\"BreadcrumbList\",\"@id\":\"https:\/\/www.fiscalia.gov.co\/colombia\/noticias\/asegurados-medico-y-enfermera-que-habrian-brindado-asistencia-clandestina-y-practicado-abortos-no-consentidos-a-integrantes-del-eln\/#breadcrumb\",\"itemListElement\":[{\"@type\":\"ListItem\",\"position\":1,\"name\":\"Home\",\"item\":\"https:\/\/www.fiscalia.gov.co\/colombia\/\"},{\"@type\":\"ListItem\",\"position\":2,\"name\":\"Asegurados m\u00e9dico y enfermera que habr\u00edan brindado asistencia clandestina y practicado abortos no consentidos a integrantes del ELN\"}]},{\"@type\":\"WebSite\",\"@id\":\"https:\/\/www.fiscalia.gov.co\/colombia\/#website\",\"url\":\"https:\/\/www.fiscalia.gov.co\/colombia\/\",\"name\":\"Fiscal\u00eda General de la Naci\u00f3n\",\"description\":\"P\u00e1gina oficial de la Fiscal\u00eda General de la Naci\u00f3n \u2013 Colombia. Garantizamos el acceso efectivo a la justicia, la verdad y la reparaci\u00f3n de las v\u00edctimas de los delitos.\",\"publisher\":{\"@id\":\"https:\/\/www.fiscalia.gov.co\/colombia\/#organization\"},\"potentialAction\":[{\"@type\":\"SearchAction\",\"target\":{\"@type\":\"EntryPoint\",\"urlTemplate\":\"https:\/\/www.fiscalia.gov.co\/colombia\/?s={search_term_string}\"},\"query-input\":{\"@type\":\"PropertyValueSpecification\",\"valueRequired\":true,\"valueName\":\"search_term_string\"}}],\"inLanguage\":\"es-CO\"},{\"@type\":\"Organization\",\"@id\":\"https:\/\/www.fiscalia.gov.co\/colombia\/#organization\",\"name\":\"Fiscal\u00eda General de la Naci\u00f3n\",\"url\":\"https:\/\/www.fiscalia.gov.co\/colombia\/\",\"logo\":{\"@type\":\"ImageObject\",\"inLanguage\":\"es-CO\",\"@id\":\"https:\/\/www.fiscalia.gov.co\/colombia\/#\/schema\/logo\/image\/\",\"url\":\"https:\/\/www.fiscalia.gov.co\/colombia\/wp-content\/uploads\/LogoHorizontal_1.jpg\",\"contentUrl\":\"https:\/\/www.fiscalia.gov.co\/colombia\/wp-content\/uploads\/LogoHorizontal_1.jpg\",\"width\":300,\"height\":90,\"caption\":\"Fiscal\u00eda General de la Naci\u00f3n\"},\"image\":{\"@id\":\"https:\/\/www.fiscalia.gov.co\/colombia\/#\/schema\/logo\/image\/\"},\"sameAs\":[\"https:\/\/www.facebook.com\/FiscaliaCol\",\"https:\/\/x.com\/FiscaliaCol\",\"https:\/\/www.instagram.com\/fiscaliacol\",\"https:\/\/www.linkedin.com\/company\/fiscalia-general-de-la-naci-n\/\",\"https:\/\/youtube.com\/@fiscaliageneraldelanacion-4668?si=6nN79nyQICPU5iTh\"]},{\"@type\":\"Person\",\"@id\":\"https:\/\/www.fiscalia.gov.co\/colombia\/#\/schema\/person\/bf84402cf293a5393e9c70b111020b24\",\"name\":\"Jordan Leandro Oviedo Anzola\",\"image\":{\"@type\":\"ImageObject\",\"inLanguage\":\"es-CO\",\"@id\":\"https:\/\/www.fiscalia.gov.co\/colombia\/#\/schema\/person\/image\/\",\"url\":\"https:\/\/secure.gravatar.com\/avatar\/dabba4346fa9b9207d96adafa8f92721?s=96&d=mm&r=g\",\"contentUrl\":\"https:\/\/secure.gravatar.com\/avatar\/dabba4346fa9b9207d96adafa8f92721?s=96&d=mm&r=g\",\"caption\":\"Jordan Leandro Oviedo Anzola\"},\"url\":\"https:\/\/www.fiscalia.gov.co\/colombia\/author\/joviedo\/\"}]}<\/script>\n<!-- \/ Yoast SEO plugin. -->","yoast_head_json":{"title":"Fiscal\u00eda General de la Naci\u00f3n","description":"P\u00e1gina oficial de la Fiscal\u00eda General de la Naci\u00f3n \u2013 Colombia. Garantizamos el acceso efectivo a la justicia, la verdad y la reparaci\u00f3n de las v\u00edctimas de los delitos.","robots":{"index":"noindex","follow":"follow"},"og_locale":"es_ES","og_type":"article","og_title":"Fiscal\u00eda General de la Naci\u00f3n","og_description":"P\u00e1gina oficial de la Fiscal\u00eda General de la Naci\u00f3n \u2013 Colombia. Garantizamos el acceso efectivo a la justicia, la verdad y la reparaci\u00f3n de las v\u00edctimas de los delitos.","og_url":"https:\/\/www.fiscalia.gov.co\/colombia\/noticias\/asegurados-medico-y-enfermera-que-habrian-brindado-asistencia-clandestina-y-practicado-abortos-no-consentidos-a-integrantes-del-eln\/","og_site_name":"Fiscal\u00eda General de la Naci\u00f3n","article_publisher":"https:\/\/www.facebook.com\/FiscaliaCol","article_published_time":"2022-04-13T14:02:59+00:00","article_modified_time":"2022-04-26T14:40:55+00:00","author":"Jordan Leandro Oviedo Anzola","twitter_card":"summary_large_image","twitter_creator":"@FiscaliaCol","twitter_site":"@FiscaliaCol","twitter_misc":{"Escrito por":"Jordan Leandro Oviedo Anzola","Tiempo de lectura":"3 minutos"},"schema":{"@context":"https:\/\/schema.org","@graph":[{"@type":"Article","@id":"https:\/\/www.fiscalia.gov.co\/colombia\/noticias\/asegurados-medico-y-enfermera-que-habrian-brindado-asistencia-clandestina-y-practicado-abortos-no-consentidos-a-integrantes-del-eln\/#article","isPartOf":{"@id":"https:\/\/www.fiscalia.gov.co\/colombia\/noticias\/asegurados-medico-y-enfermera-que-habrian-brindado-asistencia-clandestina-y-practicado-abortos-no-consentidos-a-integrantes-del-eln\/"},"author":{"name":"Jordan Leandro Oviedo Anzola","@id":"https:\/\/www.fiscalia.gov.co\/colombia\/#\/schema\/person\/bf84402cf293a5393e9c70b111020b24"},"headline":"Asegurados m\u00e9dico y enfermera que habr\u00edan brindado asistencia clandestina y practicado abortos no consentidos a integrantes del ELN","datePublished":"2022-04-13T14:02:59+00:00","dateModified":"2022-04-26T14:40:55+00:00","mainEntityOfPage":{"@id":"https:\/\/www.fiscalia.gov.co\/colombia\/noticias\/asegurados-medico-y-enfermera-que-habrian-brindado-asistencia-clandestina-y-practicado-abortos-no-consentidos-a-integrantes-del-eln\/"},"wordCount":604,"publisher":{"@id":"https:\/\/www.fiscalia.gov.co\/colombia\/#organization"},"keywords":["Abortos ilegales","Crimen organizado","Eln","Enfermera","Fiscal Barbosa","Fiscal Francisco Barbosa","M\u00e9dico"],"articleSection":["Crimen organizado","Noticias"],"inLanguage":"es-CO"},{"@type":"WebPage","@id":"https:\/\/www.fiscalia.gov.co\/colombia\/noticias\/asegurados-medico-y-enfermera-que-habrian-brindado-asistencia-clandestina-y-practicado-abortos-no-consentidos-a-integrantes-del-eln\/","url":"https:\/\/www.fiscalia.gov.co\/colombia\/noticias\/asegurados-medico-y-enfermera-que-habrian-brindado-asistencia-clandestina-y-practicado-abortos-no-consentidos-a-integrantes-del-eln\/","name":"Fiscal\u00eda General de la Naci\u00f3n","isPartOf":{"@id":"https:\/\/www.fiscalia.gov.co\/colombia\/#website"},"datePublished":"2022-04-13T14:02:59+00:00","dateModified":"2022-04-26T14:40:55+00:00","description":"P\u00e1gina oficial de la Fiscal\u00eda General de la Naci\u00f3n \u2013 Colombia. Garantizamos el acceso efectivo a la justicia, la verdad y la reparaci\u00f3n de las v\u00edctimas de los delitos.","breadcrumb":{"@id":"https:\/\/www.fiscalia.gov.co\/colombia\/noticias\/asegurados-medico-y-enfermera-que-habrian-brindado-asistencia-clandestina-y-practicado-abortos-no-consentidos-a-integrantes-del-eln\/#breadcrumb"},"inLanguage":"es-CO","potentialAction":[{"@type":"ReadAction","target":["https:\/\/www.fiscalia.gov.co\/colombia\/noticias\/asegurados-medico-y-enfermera-que-habrian-brindado-asistencia-clandestina-y-practicado-abortos-no-consentidos-a-integrantes-del-eln\/"]}]},{"@type":"BreadcrumbList","@id":"https:\/\/www.fiscalia.gov.co\/colombia\/noticias\/asegurados-medico-y-enfermera-que-habrian-brindado-asistencia-clandestina-y-practicado-abortos-no-consentidos-a-integrantes-del-eln\/#breadcrumb","itemListElement":[{"@type":"ListItem","position":1,"name":"Home","item":"https:\/\/www.fiscalia.gov.co\/colombia\/"},{"@type":"ListItem","position":2,"name":"Asegurados m\u00e9dico y enfermera que habr\u00edan brindado asistencia clandestina y practicado abortos no consentidos a integrantes del ELN"}]},{"@type":"WebSite","@id":"https:\/\/www.fiscalia.gov.co\/colombia\/#website","url":"https:\/\/www.fiscalia.gov.co\/colombia\/","name":"Fiscal\u00eda General de la Naci\u00f3n","description":"P\u00e1gina oficial de la Fiscal\u00eda General de la Naci\u00f3n \u2013 Colombia. Garantizamos el acceso efectivo a la justicia, la verdad y la reparaci\u00f3n de las v\u00edctimas de los delitos.","publisher":{"@id":"https:\/\/www.fiscalia.gov.co\/colombia\/#organization"},"potentialAction":[{"@type":"SearchAction","target":{"@type":"EntryPoint","urlTemplate":"https:\/\/www.fiscalia.gov.co\/colombia\/?s={search_term_string}"},"query-input":{"@type":"PropertyValueSpecification","valueRequired":true,"valueName":"search_term_string"}}],"inLanguage":"es-CO"},{"@type":"Organization","@id":"https:\/\/www.fiscalia.gov.co\/colombia\/#organization","name":"Fiscal\u00eda General de la Naci\u00f3n","url":"https:\/\/www.fiscalia.gov.co\/colombia\/","logo":{"@type":"ImageObject","inLanguage":"es-CO","@id":"https:\/\/www.fiscalia.gov.co\/colombia\/#\/schema\/logo\/image\/","url":"https:\/\/www.fiscalia.gov.co\/colombia\/wp-content\/uploads\/LogoHorizontal_1.jpg","contentUrl":"https:\/\/www.fiscalia.gov.co\/colombia\/wp-content\/uploads\/LogoHorizontal_1.jpg","width":300,"height":90,"caption":"Fiscal\u00eda General de la Naci\u00f3n"},"image":{"@id":"https:\/\/www.fiscalia.gov.co\/colombia\/#\/schema\/logo\/image\/"},"sameAs":["https:\/\/www.facebook.com\/FiscaliaCol","https:\/\/x.com\/FiscaliaCol","https:\/\/www.instagram.com\/fiscaliacol","https:\/\/www.linkedin.com\/company\/fiscalia-general-de-la-naci-n\/","https:\/\/youtube.com\/@fiscaliageneraldelanacion-4668?si=6nN79nyQICPU5iTh"]},{"@type":"Person","@id":"https:\/\/www.fiscalia.gov.co\/colombia\/#\/schema\/person\/bf84402cf293a5393e9c70b111020b24","name":"Jordan Leandro Oviedo Anzola","image":{"@type":"ImageObject","inLanguage":"es-CO","@id":"https:\/\/www.fiscalia.gov.co\/colombia\/#\/schema\/person\/image\/","url":"https:\/\/secure.gravatar.com\/avatar\/dabba4346fa9b9207d96adafa8f92721?s=96&d=mm&r=g","contentUrl":"https:\/\/secure.gravatar.com\/avatar\/dabba4346fa9b9207d96adafa8f92721?s=96&d=mm&r=g","caption":"Jordan Leandro Oviedo Anzola"},"url":"https:\/\/www.fiscalia.gov.co\/colombia\/author\/joviedo\/"}]}},"_links":{"self":[{"href":"https:\/\/www.fiscalia.gov.co\/colombia\/wp-json\/wp\/v2\/posts\/245988","targetHints":{"allow":["GET"]}}],"collection":[{"href":"https:\/\/www.fiscalia.gov.co\/colombia\/wp-json\/wp\/v2\/posts"}],"about":[{"href":"https:\/\/www.fiscalia.gov.co\/colombia\/wp-json\/wp\/v2\/types\/post"}],"author":[{"embeddable":true,"href":"https:\/\/www.fiscalia.gov.co\/colombia\/wp-json\/wp\/v2\/users\/177"}],"replies":[{"embeddable":true,"href":"https:\/\/www.fiscalia.gov.co\/colombia\/wp-json\/wp\/v2\/comments?post=245988"}],"version-history":[{"count":2,"href":"https:\/\/www.fiscalia.gov.co\/colombia\/wp-json\/wp\/v2\/posts\/245988\/revisions"}],"predecessor-version":[{"id":246768,"href":"https:\/\/www.fiscalia.gov.co\/colombia\/wp-json\/wp\/v2\/posts\/245988\/revisions\/246768"}],"wp:attachment":[{"href":"https:\/\/www.fiscalia.gov.co\/colombia\/wp-json\/wp\/v2\/media?parent=245988"}],"wp:term":[{"taxonomy":"category","embeddable":true,"href":"https:\/\/www.fiscalia.gov.co\/colombia\/wp-json\/wp\/v2\/categories?post=245988"},{"taxonomy":"post_tag","embeddable":true,"href":"https:\/\/www.fiscalia.gov.co\/colombia\/wp-json\/wp\/v2\/tags?post=245988"}],"curies":[{"name":"wp","href":"https:\/\/api.w.org\/{rel}","templated":true}]}}