{"id":245915,"date":"2022-04-12T11:13:05","date_gmt":"2022-04-12T16:13:05","guid":{"rendered":"https:\/\/www.fiscalia.gov.co\/colombia\/?p=245915"},"modified":"2022-04-26T09:37:16","modified_gmt":"2022-04-26T14:37:16","slug":"asegurados-presuntos-integrantes-de-una-red-dedicada-a-la-obtencion-y-trafico-ilegal-de-fauna-silvestre-y-animales-exoticos","status":"publish","type":"post","link":"https:\/\/www.fiscalia.gov.co\/colombia\/noticias\/asegurados-presuntos-integrantes-de-una-red-dedicada-a-la-obtencion-y-trafico-ilegal-de-fauna-silvestre-y-animales-exoticos\/","title":{"rendered":"Asegurados presuntos integrantes de una red dedicada a la obtenci\u00f3n y tr\u00e1fico ilegal de fauna silvestre y animales ex\u00f3ticos"},"content":{"rendered":"<h4><strong><i>21 personas fueron judicializadas. 19 recibieron medidas privativas de la libertad, entre ellas el se\u00f1alado cabecilla del andamiaje ilegal.<\/i><\/strong><\/h4>\n<p>La Fiscal\u00eda General de la Naci\u00f3n lider\u00f3 una gran ofensiva judicial contra el tr\u00e1fico de fauna silvestre. 21 presuntos integrantes de\u00a0<a href=\"https:\/\/www.fiscalia.gov.co\/colombia\/noticias\/fiscalia-judicializo-a-varias-personas-presuntamente-implicadas-en-explotacion-ilicita-de-madera-arena-y-trafico-de-fauna-silvestre\/\" target=\"_blank\" rel=\"noopener noreferrer\" data-saferedirecturl=\"https:\/\/www.google.com\/url?q=https:\/\/www.fiscalia.gov.co\/colombia\/noticias\/fiscalia-judicializo-a-varias-personas-presuntamente-implicadas-en-explotacion-ilicita-de-madera-arena-y-trafico-de-fauna-silvestre\/&amp;source=gmail&amp;ust=1649864556314000&amp;usg=AOvVaw3sdW4fpmHFRg_EGT4XNKMr\">una red dedicada a la extracci\u00f3n, distribuci\u00f3n y comercializaci\u00f3n clandestina de animales silvestres y ex\u00f3ticos<\/a>\u00a0fueron presentados ante jueces de control de garant\u00edas de Bogot\u00e1 y Medell\u00edn (Antioquia); y vinculados penalmente por cumplir diferentes roles en esta cadena criminal.<\/p>\n<figure id=\"attachment_245916\" aria-describedby=\"caption-attachment-245916\" style=\"width: 1024px\" class=\"wp-caption aligncenter\"><img loading=\"lazy\" decoding=\"async\" class=\"size-full wp-image-245916\" src=\"https:\/\/www.fiscalia.gov.co\/colombia\/wp-content\/uploads\/Fiscal-Barbosa-En-diligencias-de-registro-y-allanamiento-se-logr\u00f3-la-captura-de-21-personas-que-ya-fueron-judicializadas..jpg\" alt=\"\" width=\"1024\" height=\"576\" srcset=\"https:\/\/www.fiscalia.gov.co\/colombia\/wp-content\/uploads\/Fiscal-Barbosa-En-diligencias-de-registro-y-allanamiento-se-logr\u00f3-la-captura-de-21-personas-que-ya-fueron-judicializadas..jpg 1024w, https:\/\/www.fiscalia.gov.co\/colombia\/wp-content\/uploads\/Fiscal-Barbosa-En-diligencias-de-registro-y-allanamiento-se-logr\u00f3-la-captura-de-21-personas-que-ya-fueron-judicializadas.-300x169.jpg 300w, https:\/\/www.fiscalia.gov.co\/colombia\/wp-content\/uploads\/Fiscal-Barbosa-En-diligencias-de-registro-y-allanamiento-se-logr\u00f3-la-captura-de-21-personas-que-ya-fueron-judicializadas.-768x432.jpg 768w, https:\/\/www.fiscalia.gov.co\/colombia\/wp-content\/uploads\/Fiscal-Barbosa-En-diligencias-de-registro-y-allanamiento-se-logr\u00f3-la-captura-de-21-personas-que-ya-fueron-judicializadas.-696x392.jpg 696w, https:\/\/www.fiscalia.gov.co\/colombia\/wp-content\/uploads\/Fiscal-Barbosa-En-diligencias-de-registro-y-allanamiento-se-logr\u00f3-la-captura-de-21-personas-que-ya-fueron-judicializadas.-747x420.jpg 747w\" sizes=\"auto, (max-width: 1024px) 100vw, 1024px\" \/><figcaption id=\"caption-attachment-245916\" class=\"wp-caption-text\">En diligencias de registro y allanamiento, se logr\u00f3 la captura de 21 personas que ya fueron judicializadas.<\/figcaption><\/figure>\n<p>De acuerdo con la investigaci\u00f3n orientada por fiscales del Grupo Especial para la Lucha contra el Maltrato Animal (GELMA) y de la Direcci\u00f3n Especializada contra las Violaciones a los Derechos Humanos, esta organizaci\u00f3n ilegal extra\u00eda los animales del h\u00e1bitat natural para su posterior distribuci\u00f3n y comercializaci\u00f3n.<\/p>\n<p>Los elementos de prueba indican que todo comenzaba en Magangu\u00e9 y otros municipios de Bol\u00edvar, donde eran cazadas las especies. En esta regi\u00f3n eran embaladas entre cajas y enviadas como encomiendas a Medell\u00edn (Antioquia) entre buses de servicio p\u00fablico y transporte de carga.<\/p>\n<p><b>El se\u00f1alado cabecilla, Alexis Alonso Barrios, ser\u00eda el encargado de recibir los animales, y coordinar la venta y distribuci\u00f3n a diversas ciudades del pa\u00eds.<\/b>\u00a0Para este prop\u00f3sito, al parecer, recurr\u00eda a redes sociales y a grupos cerrados de mensajer\u00eda por celular.<\/p>\n<p>Por estos medios, conformados en su mayor\u00eda por coleccionistas y due\u00f1os de establecimientos de comercio, entre otras personas, se ofrec\u00edan y compart\u00edan fotograf\u00edas de iguanas, hurones, tortugas, serpientes, guacamayas, loros, erizos africanos, monos, venados, babillas, tigrillos y especies vulnerables o en v\u00eda de extinci\u00f3n. Asimismo, se fijaban los valores, la forma de pago y la modalidad de entrega de cada especie.<\/p>\n<p><strong>Captura y judicializaci\u00f3n.<\/strong><\/p>\n<p>En diligencias de registro y allanamiento realizadas en Medell\u00edn (Antioquia), Magangu\u00e9 (Bol\u00edvar), Cali (Valle del Cauca), Piendam\u00f3 (Cauca), Mosquera (Cundinamarca) y Bogot\u00e1 fueron capturados 21 presuntos integrantes de la red de tr\u00e1fico de fauna.<\/p>\n<p>Durante los operativos realizados de manera articulada entre la Fiscal\u00eda, la Direcci\u00f3n de Protecci\u00f3n y Servicios Especiales de la Polic\u00eda Nacional (Dipro) y la Armada Nacional fueron recuperados m\u00e1s 1.000 animales que iban a ser comercializados en Colombia y destinos internacionales.<\/p>\n<p>La Fiscal\u00eda imput\u00f3 a los detenidos delitos como: il\u00edcito aprovechamiento de recursos naturales, maltrato animal y concierto para delinquir. 19 de los procesados recibieron medidas privativas de la libertad (el supuesto cabecilla y 11 m\u00e1s en establecimiento carcelario; siete en el lugar de residencia). Los otros dos seguir\u00e1n vinculados a la investigaci\u00f3n.<\/p>\n<p>Los operativos continuar\u00e1n durante la temporada de Semana Santa para frenar el tr\u00e1fico de fauna silvestre.<\/p>\n<p><strong>La Fiscal\u00eda habla con resultados<\/strong><\/p>\n<p>&nbsp;<\/p>\n<p>&nbsp;<\/p>\n<p>AMCJ\/JARG\/MCRC\/AG\/GELMA\/<\/p>\n<p>&nbsp;<\/p>\n<p>&nbsp;<\/p>\n<div class=\"td-post-content tagdiv-type\">\n<div class=\"td-post-content tagdiv-type\">\n<p><em>La informaci\u00f3n contenida en este bolet\u00edn de prensa corresponde a la narraci\u00f3n de los hechos noticiosos objetivos, suministrados por los funcionarios encargados de adelantar las investigaciones penales al interior de la Fiscal\u00eda General de la Naci\u00f3n. Para el momento de la divulgaci\u00f3n de este comunicado, la situaci\u00f3n jur\u00eddica de la(s) persona(s) relacionada(s) se encuentra pendiente de resolver por la autoridad judicial competente, siempre bajo los preceptos de la presunci\u00f3n de inocencia, consagrados en el art\u00edculo 29 de la Constituci\u00f3n Pol\u00edtica y el art\u00edculo 7\u00ba de la Ley 906 de 2004.<\/em><\/p>\n<\/div>\n<\/div>\n\n<div class=\"twitter-share\"><a href=\"https:\/\/twitter.com\/intent\/tweet?via=fiscaliacol\" class=\"twitter-share-button\">Tweet<\/a><\/div>\n","protected":false},"excerpt":{"rendered":"<p>21 personas fueron judicializadas. 19 recibieron medidas privativas de la libertad, entre ellas el se\u00f1alado cabecilla del andamiaje ilegal. La Fiscal\u00eda General de la Naci\u00f3n lider\u00f3 una gran ofensiva judicial [&hellip;]<\/p>\n","protected":false},"author":177,"featured_media":0,"comment_status":"closed","ping_status":"open","sticky":false,"template":"","format":"video","meta":{"tdm_status":"","tdm_grid_status":"","footnotes":""},"categories":[24124,24102,1],"tags":[24185,24188,1047,25183],"class_list":["post-245915","post","type-post","status-publish","format-video","category-dano-al-medio-ambiente","category-derechos-humanos","category-noticias","tag-fiscal-barbosa","tag-fiscal-francisco-barbosa","tag-fiscalia-general-de-la-nacion","tag-trafico-de-fauna-silvestre","post_format-post-format-video"],"yoast_head":"<!-- This site is optimized with the Yoast SEO plugin v24.3 - https:\/\/yoast.com\/wordpress\/plugins\/seo\/ -->\n<title>Fiscal\u00eda General de la Naci\u00f3n<\/title>\n<meta name=\"description\" content=\"P\u00e1gina oficial de la Fiscal\u00eda General de la Naci\u00f3n \u2013 Colombia. Garantizamos el acceso efectivo a la justicia, la verdad y la reparaci\u00f3n de las v\u00edctimas de los delitos.\" \/>\n<meta name=\"robots\" content=\"noindex, follow\" \/>\n<meta property=\"og:locale\" content=\"es_ES\" \/>\n<meta property=\"og:type\" content=\"article\" \/>\n<meta property=\"og:title\" content=\"Fiscal\u00eda General de la Naci\u00f3n\" \/>\n<meta property=\"og:description\" content=\"P\u00e1gina oficial de la Fiscal\u00eda General de la Naci\u00f3n \u2013 Colombia. Garantizamos el acceso efectivo a la justicia, la verdad y la reparaci\u00f3n de las v\u00edctimas de los delitos.\" \/>\n<meta property=\"og:url\" content=\"https:\/\/www.fiscalia.gov.co\/colombia\/noticias\/asegurados-presuntos-integrantes-de-una-red-dedicada-a-la-obtencion-y-trafico-ilegal-de-fauna-silvestre-y-animales-exoticos\/\" \/>\n<meta property=\"og:site_name\" content=\"Fiscal\u00eda General de la Naci\u00f3n\" \/>\n<meta property=\"article:publisher\" content=\"https:\/\/www.facebook.com\/FiscaliaCol\" \/>\n<meta property=\"article:published_time\" content=\"2022-04-12T16:13:05+00:00\" \/>\n<meta property=\"article:modified_time\" content=\"2022-04-26T14:37:16+00:00\" \/>\n<meta name=\"author\" content=\"Jordan Leandro Oviedo Anzola\" \/>\n<meta name=\"twitter:card\" content=\"summary_large_image\" \/>\n<meta name=\"twitter:creator\" content=\"@FiscaliaCol\" \/>\n<meta name=\"twitter:site\" content=\"@FiscaliaCol\" \/>\n<meta name=\"twitter:label1\" content=\"Escrito por\" \/>\n\t<meta name=\"twitter:data1\" content=\"Jordan Leandro Oviedo Anzola\" \/>\n\t<meta name=\"twitter:label2\" content=\"Tiempo de lectura\" \/>\n\t<meta name=\"twitter:data2\" content=\"3 minutos\" \/>\n<script type=\"application\/ld+json\" class=\"yoast-schema-graph\">{\"@context\":\"https:\/\/schema.org\",\"@graph\":[{\"@type\":\"Article\",\"@id\":\"https:\/\/www.fiscalia.gov.co\/colombia\/noticias\/asegurados-presuntos-integrantes-de-una-red-dedicada-a-la-obtencion-y-trafico-ilegal-de-fauna-silvestre-y-animales-exoticos\/#article\",\"isPartOf\":{\"@id\":\"https:\/\/www.fiscalia.gov.co\/colombia\/noticias\/asegurados-presuntos-integrantes-de-una-red-dedicada-a-la-obtencion-y-trafico-ilegal-de-fauna-silvestre-y-animales-exoticos\/\"},\"author\":{\"name\":\"Jordan Leandro Oviedo Anzola\",\"@id\":\"https:\/\/www.fiscalia.gov.co\/colombia\/#\/schema\/person\/bf84402cf293a5393e9c70b111020b24\"},\"headline\":\"Asegurados presuntos integrantes de una red dedicada a la obtenci\u00f3n y tr\u00e1fico ilegal de fauna silvestre y animales ex\u00f3ticos\",\"datePublished\":\"2022-04-12T16:13:05+00:00\",\"dateModified\":\"2022-04-26T14:37:16+00:00\",\"mainEntityOfPage\":{\"@id\":\"https:\/\/www.fiscalia.gov.co\/colombia\/noticias\/asegurados-presuntos-integrantes-de-una-red-dedicada-a-la-obtencion-y-trafico-ilegal-de-fauna-silvestre-y-animales-exoticos\/\"},\"wordCount\":622,\"publisher\":{\"@id\":\"https:\/\/www.fiscalia.gov.co\/colombia\/#organization\"},\"keywords\":[\"Fiscal Barbosa\",\"Fiscal Francisco Barbosa\",\"Fiscal\u00eda General de la Naci\u00f3n\",\"tr\u00e1fico de fauna silvestre\"],\"articleSection\":[\"Da\u00f1o al medio ambiente\",\"Derechos Humanos\",\"Noticias\"],\"inLanguage\":\"es-CO\"},{\"@type\":\"WebPage\",\"@id\":\"https:\/\/www.fiscalia.gov.co\/colombia\/noticias\/asegurados-presuntos-integrantes-de-una-red-dedicada-a-la-obtencion-y-trafico-ilegal-de-fauna-silvestre-y-animales-exoticos\/\",\"url\":\"https:\/\/www.fiscalia.gov.co\/colombia\/noticias\/asegurados-presuntos-integrantes-de-una-red-dedicada-a-la-obtencion-y-trafico-ilegal-de-fauna-silvestre-y-animales-exoticos\/\",\"name\":\"Fiscal\u00eda General de la Naci\u00f3n\",\"isPartOf\":{\"@id\":\"https:\/\/www.fiscalia.gov.co\/colombia\/#website\"},\"datePublished\":\"2022-04-12T16:13:05+00:00\",\"dateModified\":\"2022-04-26T14:37:16+00:00\",\"description\":\"P\u00e1gina oficial de la Fiscal\u00eda General de la Naci\u00f3n \u2013 Colombia. Garantizamos el acceso efectivo a la justicia, la verdad y la reparaci\u00f3n de las v\u00edctimas de los delitos.\",\"breadcrumb\":{\"@id\":\"https:\/\/www.fiscalia.gov.co\/colombia\/noticias\/asegurados-presuntos-integrantes-de-una-red-dedicada-a-la-obtencion-y-trafico-ilegal-de-fauna-silvestre-y-animales-exoticos\/#breadcrumb\"},\"inLanguage\":\"es-CO\",\"potentialAction\":[{\"@type\":\"ReadAction\",\"target\":[\"https:\/\/www.fiscalia.gov.co\/colombia\/noticias\/asegurados-presuntos-integrantes-de-una-red-dedicada-a-la-obtencion-y-trafico-ilegal-de-fauna-silvestre-y-animales-exoticos\/\"]}]},{\"@type\":\"BreadcrumbList\",\"@id\":\"https:\/\/www.fiscalia.gov.co\/colombia\/noticias\/asegurados-presuntos-integrantes-de-una-red-dedicada-a-la-obtencion-y-trafico-ilegal-de-fauna-silvestre-y-animales-exoticos\/#breadcrumb\",\"itemListElement\":[{\"@type\":\"ListItem\",\"position\":1,\"name\":\"Home\",\"item\":\"https:\/\/www.fiscalia.gov.co\/colombia\/\"},{\"@type\":\"ListItem\",\"position\":2,\"name\":\"Asegurados presuntos integrantes de una red dedicada a la obtenci\u00f3n y tr\u00e1fico ilegal de fauna silvestre y animales ex\u00f3ticos\"}]},{\"@type\":\"WebSite\",\"@id\":\"https:\/\/www.fiscalia.gov.co\/colombia\/#website\",\"url\":\"https:\/\/www.fiscalia.gov.co\/colombia\/\",\"name\":\"Fiscal\u00eda General de la Naci\u00f3n\",\"description\":\"P\u00e1gina oficial de la Fiscal\u00eda General de la Naci\u00f3n \u2013 Colombia. Garantizamos el acceso efectivo a la justicia, la verdad y la reparaci\u00f3n de las v\u00edctimas de los delitos.\",\"publisher\":{\"@id\":\"https:\/\/www.fiscalia.gov.co\/colombia\/#organization\"},\"potentialAction\":[{\"@type\":\"SearchAction\",\"target\":{\"@type\":\"EntryPoint\",\"urlTemplate\":\"https:\/\/www.fiscalia.gov.co\/colombia\/?s={search_term_string}\"},\"query-input\":{\"@type\":\"PropertyValueSpecification\",\"valueRequired\":true,\"valueName\":\"search_term_string\"}}],\"inLanguage\":\"es-CO\"},{\"@type\":\"Organization\",\"@id\":\"https:\/\/www.fiscalia.gov.co\/colombia\/#organization\",\"name\":\"Fiscal\u00eda General de la Naci\u00f3n\",\"url\":\"https:\/\/www.fiscalia.gov.co\/colombia\/\",\"logo\":{\"@type\":\"ImageObject\",\"inLanguage\":\"es-CO\",\"@id\":\"https:\/\/www.fiscalia.gov.co\/colombia\/#\/schema\/logo\/image\/\",\"url\":\"https:\/\/www.fiscalia.gov.co\/colombia\/wp-content\/uploads\/LogoHorizontal_1.jpg\",\"contentUrl\":\"https:\/\/www.fiscalia.gov.co\/colombia\/wp-content\/uploads\/LogoHorizontal_1.jpg\",\"width\":300,\"height\":90,\"caption\":\"Fiscal\u00eda General de la Naci\u00f3n\"},\"image\":{\"@id\":\"https:\/\/www.fiscalia.gov.co\/colombia\/#\/schema\/logo\/image\/\"},\"sameAs\":[\"https:\/\/www.facebook.com\/FiscaliaCol\",\"https:\/\/x.com\/FiscaliaCol\",\"https:\/\/www.instagram.com\/fiscaliacol\",\"https:\/\/www.linkedin.com\/company\/fiscalia-general-de-la-naci-n\/\",\"https:\/\/youtube.com\/@fiscaliageneraldelanacion-4668?si=6nN79nyQICPU5iTh\"]},{\"@type\":\"Person\",\"@id\":\"https:\/\/www.fiscalia.gov.co\/colombia\/#\/schema\/person\/bf84402cf293a5393e9c70b111020b24\",\"name\":\"Jordan Leandro Oviedo Anzola\",\"image\":{\"@type\":\"ImageObject\",\"inLanguage\":\"es-CO\",\"@id\":\"https:\/\/www.fiscalia.gov.co\/colombia\/#\/schema\/person\/image\/\",\"url\":\"https:\/\/secure.gravatar.com\/avatar\/dabba4346fa9b9207d96adafa8f92721?s=96&d=mm&r=g\",\"contentUrl\":\"https:\/\/secure.gravatar.com\/avatar\/dabba4346fa9b9207d96adafa8f92721?s=96&d=mm&r=g\",\"caption\":\"Jordan Leandro Oviedo Anzola\"},\"url\":\"https:\/\/www.fiscalia.gov.co\/colombia\/author\/joviedo\/\"}]}<\/script>\n<!-- \/ Yoast SEO plugin. -->","yoast_head_json":{"title":"Fiscal\u00eda General de la Naci\u00f3n","description":"P\u00e1gina oficial de la Fiscal\u00eda General de la Naci\u00f3n \u2013 Colombia. Garantizamos el acceso efectivo a la justicia, la verdad y la reparaci\u00f3n de las v\u00edctimas de los delitos.","robots":{"index":"noindex","follow":"follow"},"og_locale":"es_ES","og_type":"article","og_title":"Fiscal\u00eda General de la Naci\u00f3n","og_description":"P\u00e1gina oficial de la Fiscal\u00eda General de la Naci\u00f3n \u2013 Colombia. Garantizamos el acceso efectivo a la justicia, la verdad y la reparaci\u00f3n de las v\u00edctimas de los delitos.","og_url":"https:\/\/www.fiscalia.gov.co\/colombia\/noticias\/asegurados-presuntos-integrantes-de-una-red-dedicada-a-la-obtencion-y-trafico-ilegal-de-fauna-silvestre-y-animales-exoticos\/","og_site_name":"Fiscal\u00eda General de la Naci\u00f3n","article_publisher":"https:\/\/www.facebook.com\/FiscaliaCol","article_published_time":"2022-04-12T16:13:05+00:00","article_modified_time":"2022-04-26T14:37:16+00:00","author":"Jordan Leandro Oviedo Anzola","twitter_card":"summary_large_image","twitter_creator":"@FiscaliaCol","twitter_site":"@FiscaliaCol","twitter_misc":{"Escrito por":"Jordan Leandro Oviedo Anzola","Tiempo de lectura":"3 minutos"},"schema":{"@context":"https:\/\/schema.org","@graph":[{"@type":"Article","@id":"https:\/\/www.fiscalia.gov.co\/colombia\/noticias\/asegurados-presuntos-integrantes-de-una-red-dedicada-a-la-obtencion-y-trafico-ilegal-de-fauna-silvestre-y-animales-exoticos\/#article","isPartOf":{"@id":"https:\/\/www.fiscalia.gov.co\/colombia\/noticias\/asegurados-presuntos-integrantes-de-una-red-dedicada-a-la-obtencion-y-trafico-ilegal-de-fauna-silvestre-y-animales-exoticos\/"},"author":{"name":"Jordan Leandro Oviedo Anzola","@id":"https:\/\/www.fiscalia.gov.co\/colombia\/#\/schema\/person\/bf84402cf293a5393e9c70b111020b24"},"headline":"Asegurados presuntos integrantes de una red dedicada a la obtenci\u00f3n y tr\u00e1fico ilegal de fauna silvestre y animales ex\u00f3ticos","datePublished":"2022-04-12T16:13:05+00:00","dateModified":"2022-04-26T14:37:16+00:00","mainEntityOfPage":{"@id":"https:\/\/www.fiscalia.gov.co\/colombia\/noticias\/asegurados-presuntos-integrantes-de-una-red-dedicada-a-la-obtencion-y-trafico-ilegal-de-fauna-silvestre-y-animales-exoticos\/"},"wordCount":622,"publisher":{"@id":"https:\/\/www.fiscalia.gov.co\/colombia\/#organization"},"keywords":["Fiscal Barbosa","Fiscal Francisco Barbosa","Fiscal\u00eda General de la Naci\u00f3n","tr\u00e1fico de fauna silvestre"],"articleSection":["Da\u00f1o al medio ambiente","Derechos Humanos","Noticias"],"inLanguage":"es-CO"},{"@type":"WebPage","@id":"https:\/\/www.fiscalia.gov.co\/colombia\/noticias\/asegurados-presuntos-integrantes-de-una-red-dedicada-a-la-obtencion-y-trafico-ilegal-de-fauna-silvestre-y-animales-exoticos\/","url":"https:\/\/www.fiscalia.gov.co\/colombia\/noticias\/asegurados-presuntos-integrantes-de-una-red-dedicada-a-la-obtencion-y-trafico-ilegal-de-fauna-silvestre-y-animales-exoticos\/","name":"Fiscal\u00eda General de la Naci\u00f3n","isPartOf":{"@id":"https:\/\/www.fiscalia.gov.co\/colombia\/#website"},"datePublished":"2022-04-12T16:13:05+00:00","dateModified":"2022-04-26T14:37:16+00:00","description":"P\u00e1gina oficial de la Fiscal\u00eda General de la Naci\u00f3n \u2013 Colombia. Garantizamos el acceso efectivo a la justicia, la verdad y la reparaci\u00f3n de las v\u00edctimas de los delitos.","breadcrumb":{"@id":"https:\/\/www.fiscalia.gov.co\/colombia\/noticias\/asegurados-presuntos-integrantes-de-una-red-dedicada-a-la-obtencion-y-trafico-ilegal-de-fauna-silvestre-y-animales-exoticos\/#breadcrumb"},"inLanguage":"es-CO","potentialAction":[{"@type":"ReadAction","target":["https:\/\/www.fiscalia.gov.co\/colombia\/noticias\/asegurados-presuntos-integrantes-de-una-red-dedicada-a-la-obtencion-y-trafico-ilegal-de-fauna-silvestre-y-animales-exoticos\/"]}]},{"@type":"BreadcrumbList","@id":"https:\/\/www.fiscalia.gov.co\/colombia\/noticias\/asegurados-presuntos-integrantes-de-una-red-dedicada-a-la-obtencion-y-trafico-ilegal-de-fauna-silvestre-y-animales-exoticos\/#breadcrumb","itemListElement":[{"@type":"ListItem","position":1,"name":"Home","item":"https:\/\/www.fiscalia.gov.co\/colombia\/"},{"@type":"ListItem","position":2,"name":"Asegurados presuntos integrantes de una red dedicada a la obtenci\u00f3n y tr\u00e1fico ilegal de fauna silvestre y animales ex\u00f3ticos"}]},{"@type":"WebSite","@id":"https:\/\/www.fiscalia.gov.co\/colombia\/#website","url":"https:\/\/www.fiscalia.gov.co\/colombia\/","name":"Fiscal\u00eda General de la Naci\u00f3n","description":"P\u00e1gina oficial de la Fiscal\u00eda General de la Naci\u00f3n \u2013 Colombia. Garantizamos el acceso efectivo a la justicia, la verdad y la reparaci\u00f3n de las v\u00edctimas de los delitos.","publisher":{"@id":"https:\/\/www.fiscalia.gov.co\/colombia\/#organization"},"potentialAction":[{"@type":"SearchAction","target":{"@type":"EntryPoint","urlTemplate":"https:\/\/www.fiscalia.gov.co\/colombia\/?s={search_term_string}"},"query-input":{"@type":"PropertyValueSpecification","valueRequired":true,"valueName":"search_term_string"}}],"inLanguage":"es-CO"},{"@type":"Organization","@id":"https:\/\/www.fiscalia.gov.co\/colombia\/#organization","name":"Fiscal\u00eda General de la Naci\u00f3n","url":"https:\/\/www.fiscalia.gov.co\/colombia\/","logo":{"@type":"ImageObject","inLanguage":"es-CO","@id":"https:\/\/www.fiscalia.gov.co\/colombia\/#\/schema\/logo\/image\/","url":"https:\/\/www.fiscalia.gov.co\/colombia\/wp-content\/uploads\/LogoHorizontal_1.jpg","contentUrl":"https:\/\/www.fiscalia.gov.co\/colombia\/wp-content\/uploads\/LogoHorizontal_1.jpg","width":300,"height":90,"caption":"Fiscal\u00eda General de la Naci\u00f3n"},"image":{"@id":"https:\/\/www.fiscalia.gov.co\/colombia\/#\/schema\/logo\/image\/"},"sameAs":["https:\/\/www.facebook.com\/FiscaliaCol","https:\/\/x.com\/FiscaliaCol","https:\/\/www.instagram.com\/fiscaliacol","https:\/\/www.linkedin.com\/company\/fiscalia-general-de-la-naci-n\/","https:\/\/youtube.com\/@fiscaliageneraldelanacion-4668?si=6nN79nyQICPU5iTh"]},{"@type":"Person","@id":"https:\/\/www.fiscalia.gov.co\/colombia\/#\/schema\/person\/bf84402cf293a5393e9c70b111020b24","name":"Jordan Leandro Oviedo Anzola","image":{"@type":"ImageObject","inLanguage":"es-CO","@id":"https:\/\/www.fiscalia.gov.co\/colombia\/#\/schema\/person\/image\/","url":"https:\/\/secure.gravatar.com\/avatar\/dabba4346fa9b9207d96adafa8f92721?s=96&d=mm&r=g","contentUrl":"https:\/\/secure.gravatar.com\/avatar\/dabba4346fa9b9207d96adafa8f92721?s=96&d=mm&r=g","caption":"Jordan Leandro Oviedo Anzola"},"url":"https:\/\/www.fiscalia.gov.co\/colombia\/author\/joviedo\/"}]}},"_links":{"self":[{"href":"https:\/\/www.fiscalia.gov.co\/colombia\/wp-json\/wp\/v2\/posts\/245915","targetHints":{"allow":["GET"]}}],"collection":[{"href":"https:\/\/www.fiscalia.gov.co\/colombia\/wp-json\/wp\/v2\/posts"}],"about":[{"href":"https:\/\/www.fiscalia.gov.co\/colombia\/wp-json\/wp\/v2\/types\/post"}],"author":[{"embeddable":true,"href":"https:\/\/www.fiscalia.gov.co\/colombia\/wp-json\/wp\/v2\/users\/177"}],"replies":[{"embeddable":true,"href":"https:\/\/www.fiscalia.gov.co\/colombia\/wp-json\/wp\/v2\/comments?post=245915"}],"version-history":[{"count":2,"href":"https:\/\/www.fiscalia.gov.co\/colombia\/wp-json\/wp\/v2\/posts\/245915\/revisions"}],"predecessor-version":[{"id":246764,"href":"https:\/\/www.fiscalia.gov.co\/colombia\/wp-json\/wp\/v2\/posts\/245915\/revisions\/246764"}],"wp:attachment":[{"href":"https:\/\/www.fiscalia.gov.co\/colombia\/wp-json\/wp\/v2\/media?parent=245915"}],"wp:term":[{"taxonomy":"category","embeddable":true,"href":"https:\/\/www.fiscalia.gov.co\/colombia\/wp-json\/wp\/v2\/categories?post=245915"},{"taxonomy":"post_tag","embeddable":true,"href":"https:\/\/www.fiscalia.gov.co\/colombia\/wp-json\/wp\/v2\/tags?post=245915"}],"curies":[{"name":"wp","href":"https:\/\/api.w.org\/{rel}","templated":true}]}}