{"id":245820,"date":"2022-04-10T14:02:45","date_gmt":"2022-04-10T19:02:45","guid":{"rendered":"https:\/\/www.fiscalia.gov.co\/colombia\/?p=245820"},"modified":"2022-04-10T14:02:45","modified_gmt":"2022-04-10T19:02:45","slug":"judicializados-hombres-que-mantenian-en-pesimas-condiciones-fisicas-y-de-salud-a-caballos-utilizados-para-mover-vehiculos-de-traccion","status":"publish","type":"post","link":"https:\/\/www.fiscalia.gov.co\/colombia\/noticias\/judicializados-hombres-que-mantenian-en-pesimas-condiciones-fisicas-y-de-salud-a-caballos-utilizados-para-mover-vehiculos-de-traccion\/","title":{"rendered":"Judicializados hombres que manten\u00edan en p\u00e9simas condiciones f\u00edsicas y de salud a caballos utilizados para mover veh\u00edculos de tracci\u00f3n"},"content":{"rendered":"<div>\n<div>La contundencia del material probatorio presentado por fiscales del Grupo Especial para la Lucha contra el Maltrato Animal (GELMA) permiti\u00f3<a href=\"https:\/\/www.fiscalia.gov.co\/colombia\/noticias\/judicializada-esposa-de-alcalde-de-argelia-valle-del-cauca-por-presuntas-omisiones-en-el-cuidado-y-atencion-de-animales-recuperados-que-estaban-a-su-cargo\/\" target=\"_blank\" rel=\"noopener noreferrer\" data-saferedirecturl=\"https:\/\/www.google.com\/url?q=https:\/\/www.fiscalia.gov.co\/colombia\/noticias\/judicializada-esposa-de-alcalde-de-argelia-valle-del-cauca-por-presuntas-omisiones-en-el-cuidado-y-atencion-de-animales-recuperados-que-estaban-a-su-cargo\/&amp;source=gmail&amp;ust=1649691356993000&amp;usg=AOvVaw05Mur6bUoRDrIkJIFzj1gE\">\u00a0judicializar a dos hombres que habr\u00edan generado lesiones graves a dos caballos usados<\/a>\u00a0para impulsar veh\u00edculos de tracci\u00f3n en Popay\u00e1n (Cauca).<\/div>\n<div dir=\"ltr\"><\/div>\n<div><b><u>Exceso de carga<\/u><\/b><\/div>\n<div dir=\"ltr\"><\/div>\n<div>El 23 de enero de 2020, la ciudadan\u00eda alert\u00f3 a las autoridades sobre el p\u00e9simo estado en el que se encontraba un caballo que mov\u00eda una carreta con escombros.\u00a0<b>Unidades de la Direcci\u00f3n de Carabineros de la Polic\u00eda Nacional atendieron la situaci\u00f3n y establecieron que el equino presentaba laceraciones, desnutrici\u00f3n avanzada y no ten\u00eda herraduras.<\/b><\/div>\n<div>\n<figure id=\"attachment_245821\" aria-describedby=\"caption-attachment-245821\" style=\"width: 1024px\" class=\"wp-caption aligncenter\"><img loading=\"lazy\" decoding=\"async\" class=\"size-full wp-image-245821\" src=\"https:\/\/www.fiscalia.gov.co\/colombia\/wp-content\/uploads\/Foto-caballo-1.jpg\" alt=\"\" width=\"1024\" height=\"882\" srcset=\"https:\/\/www.fiscalia.gov.co\/colombia\/wp-content\/uploads\/Foto-caballo-1.jpg 1024w, https:\/\/www.fiscalia.gov.co\/colombia\/wp-content\/uploads\/Foto-caballo-1-300x258.jpg 300w, https:\/\/www.fiscalia.gov.co\/colombia\/wp-content\/uploads\/Foto-caballo-1-768x662.jpg 768w, https:\/\/www.fiscalia.gov.co\/colombia\/wp-content\/uploads\/Foto-caballo-1-696x599.jpg 696w, https:\/\/www.fiscalia.gov.co\/colombia\/wp-content\/uploads\/Foto-caballo-1-488x420.jpg 488w\" sizes=\"auto, (max-width: 1024px) 100vw, 1024px\" \/><figcaption id=\"caption-attachment-245821\" class=\"wp-caption-text\">El caballo\u00a0presentaba laceraciones, desnutrici\u00f3n avanzada y no ten\u00eda herraduras.<\/figcaption><\/figure>\n<\/div>\n<div dir=\"ltr\"><\/div>\n<div>Adicionalmente, el veh\u00edculo de tracci\u00f3n estaba en p\u00e9simas condiciones de mantenimiento.\u00a0<b>Esto obligaba al caballo a generar mayor esfuerzo. Por estos hechos, Jaime Obando fue imputado por el delito de maltrato animal agravado.<\/b><\/div>\n<div dir=\"ltr\"><b><u>\u00a0<\/u><\/b><\/div>\n<div><b><u>Agresi\u00f3n a Yegua<\/u><\/b><\/div>\n<div dir=\"ltr\"><\/div>\n<div>La Fiscal\u00eda imput\u00f3 el delito de maltrato animal agravado a Juan Carlos Garz\u00f3n Mart\u00ednez, como presunto responsable de las graves agresiones a una yegua que halaba un veh\u00edculo de tracci\u00f3n animal.<\/div>\n<div>\n<figure id=\"attachment_245822\" aria-describedby=\"caption-attachment-245822\" style=\"width: 1024px\" class=\"wp-caption aligncenter\"><img loading=\"lazy\" decoding=\"async\" class=\"size-full wp-image-245822\" src=\"https:\/\/www.fiscalia.gov.co\/colombia\/wp-content\/uploads\/Foto-caballo-2.jpg\" alt=\"\" width=\"1024\" height=\"554\" srcset=\"https:\/\/www.fiscalia.gov.co\/colombia\/wp-content\/uploads\/Foto-caballo-2.jpg 1024w, https:\/\/www.fiscalia.gov.co\/colombia\/wp-content\/uploads\/Foto-caballo-2-300x162.jpg 300w, https:\/\/www.fiscalia.gov.co\/colombia\/wp-content\/uploads\/Foto-caballo-2-768x416.jpg 768w, https:\/\/www.fiscalia.gov.co\/colombia\/wp-content\/uploads\/Foto-caballo-2-696x377.jpg 696w, https:\/\/www.fiscalia.gov.co\/colombia\/wp-content\/uploads\/Foto-caballo-2-776x420.jpg 776w\" sizes=\"auto, (max-width: 1024px) 100vw, 1024px\" \/><figcaption id=\"caption-attachment-245822\" class=\"wp-caption-text\">La yegua\u00a0cay\u00f3 en v\u00eda p\u00fablica y Garz\u00f3n Mart\u00ednez, al parecer, lo golpe\u00f3 en reiteradas ocasiones para que se parara nuevamente.<\/figcaption><\/figure>\n<\/div>\n<div dir=\"ltr\"><\/div>\n<div>El caso investigado ocurri\u00f3 el 22 de junio de 2019.\u00a0<b>El equino cay\u00f3 en v\u00eda p\u00fablica y Garz\u00f3n Mart\u00ednez, al parecer, lo golpe\u00f3 en reiteradas ocasiones para que se parara nuevamente.<\/b><\/div>\n<div dir=\"ltr\"><\/div>\n<div>Un veterinario de la Secretar\u00eda de Salud municipal atendi\u00f3 a la yegua y determin\u00f3 que presentaba lesiones generalizadas en boca y patas, graves se\u00f1ales de cansancio, desnutrici\u00f3n y deshidrataci\u00f3n por mala alimentaci\u00f3n<b>. El procesado acept\u00f3 los cargos formulados por la Fiscal\u00eda.<\/b><\/div>\n<div dir=\"ltr\"><\/div>\n<div>AMCJ\/JARG\/MCRC\/AG\/GELMA\/<\/div>\n<div dir=\"ltr\"><\/div>\n<p>La Fiscal\u00eda habla con resultados<\/p>\n<\/div>\n\n<div class=\"twitter-share\"><a href=\"https:\/\/twitter.com\/intent\/tweet?via=fiscaliacol\" class=\"twitter-share-button\">Tweet<\/a><\/div>\n","protected":false},"excerpt":{"rendered":"<p>La contundencia del material probatorio presentado por fiscales del Grupo Especial para la Lucha contra el Maltrato Animal (GELMA) permiti\u00f3\u00a0judicializar a dos hombres que habr\u00edan generado lesiones graves a dos caballos usados\u00a0para impulsar veh\u00edculos de tracci\u00f3n en Popay\u00e1n (Cauca). Exceso de carga El 23 de enero de 2020, la ciudadan\u00eda alert\u00f3 a las autoridades sobre [&hellip;]<\/p>\n","protected":false},"author":175,"featured_media":0,"comment_status":"closed","ping_status":"open","sticky":false,"template":"","format":"standard","meta":{"tdm_status":"","tdm_grid_status":"","footnotes":""},"categories":[1],"tags":[2712,24282,18566,30239],"class_list":{"0":"post-245820","1":"post","2":"type-post","3":"status-publish","4":"format-standard","6":"category-noticias","7":"tag-cauca","8":"tag-gelma","9":"tag-maltrato-animal","10":"tag-seguridad-territorial"},"yoast_head":"<!-- This site is optimized with the Yoast SEO plugin v24.3 - https:\/\/yoast.com\/wordpress\/plugins\/seo\/ -->\n<title>Fiscal\u00eda General de la Naci\u00f3n<\/title>\n<meta name=\"description\" content=\"P\u00e1gina oficial de la Fiscal\u00eda General de la Naci\u00f3n \u2013 Colombia. Garantizamos el acceso efectivo a la justicia, la verdad y la reparaci\u00f3n de las v\u00edctimas de los delitos.\" \/>\n<meta name=\"robots\" content=\"noindex, follow\" \/>\n<meta property=\"og:locale\" content=\"es_ES\" \/>\n<meta property=\"og:type\" content=\"article\" \/>\n<meta property=\"og:title\" content=\"Fiscal\u00eda General de la Naci\u00f3n\" \/>\n<meta property=\"og:description\" content=\"P\u00e1gina oficial de la Fiscal\u00eda General de la Naci\u00f3n \u2013 Colombia. Garantizamos el acceso efectivo a la justicia, la verdad y la reparaci\u00f3n de las v\u00edctimas de los delitos.\" \/>\n<meta property=\"og:url\" content=\"https:\/\/www.fiscalia.gov.co\/colombia\/noticias\/judicializados-hombres-que-mantenian-en-pesimas-condiciones-fisicas-y-de-salud-a-caballos-utilizados-para-mover-vehiculos-de-traccion\/\" \/>\n<meta property=\"og:site_name\" content=\"Fiscal\u00eda General de la Naci\u00f3n\" \/>\n<meta property=\"article:publisher\" content=\"https:\/\/www.facebook.com\/FiscaliaCol\" \/>\n<meta property=\"article:published_time\" content=\"2022-04-10T19:02:45+00:00\" \/>\n<meta property=\"og:image\" content=\"https:\/\/www.fiscalia.gov.co\/colombia\/wp-content\/uploads\/Foto-caballo-1.jpg\" \/>\n<meta name=\"author\" content=\"Katherine Loaiza Mart\u00ednez\" \/>\n<meta name=\"twitter:card\" content=\"summary_large_image\" \/>\n<meta name=\"twitter:creator\" content=\"@FiscaliaCol\" \/>\n<meta name=\"twitter:site\" content=\"@FiscaliaCol\" \/>\n<meta name=\"twitter:label1\" content=\"Escrito por\" \/>\n\t<meta name=\"twitter:data1\" content=\"Katherine Loaiza Mart\u00ednez\" \/>\n\t<meta name=\"twitter:label2\" content=\"Tiempo de lectura\" \/>\n\t<meta name=\"twitter:data2\" content=\"2 minutos\" \/>\n<script type=\"application\/ld+json\" class=\"yoast-schema-graph\">{\"@context\":\"https:\/\/schema.org\",\"@graph\":[{\"@type\":\"Article\",\"@id\":\"https:\/\/www.fiscalia.gov.co\/colombia\/noticias\/judicializados-hombres-que-mantenian-en-pesimas-condiciones-fisicas-y-de-salud-a-caballos-utilizados-para-mover-vehiculos-de-traccion\/#article\",\"isPartOf\":{\"@id\":\"https:\/\/www.fiscalia.gov.co\/colombia\/noticias\/judicializados-hombres-que-mantenian-en-pesimas-condiciones-fisicas-y-de-salud-a-caballos-utilizados-para-mover-vehiculos-de-traccion\/\"},\"author\":{\"name\":\"Katherine Loaiza Mart\u00ednez\",\"@id\":\"https:\/\/www.fiscalia.gov.co\/colombia\/#\/schema\/person\/2e76b9aba5ecf875ed565ce4de0e0415\"},\"headline\":\"Judicializados hombres que manten\u00edan en p\u00e9simas condiciones f\u00edsicas y de salud a caballos utilizados para mover veh\u00edculos de tracci\u00f3n\",\"datePublished\":\"2022-04-10T19:02:45+00:00\",\"dateModified\":\"2022-04-10T19:02:45+00:00\",\"mainEntityOfPage\":{\"@id\":\"https:\/\/www.fiscalia.gov.co\/colombia\/noticias\/judicializados-hombres-que-mantenian-en-pesimas-condiciones-fisicas-y-de-salud-a-caballos-utilizados-para-mover-vehiculos-de-traccion\/\"},\"wordCount\":351,\"publisher\":{\"@id\":\"https:\/\/www.fiscalia.gov.co\/colombia\/#organization\"},\"image\":{\"@id\":\"https:\/\/www.fiscalia.gov.co\/colombia\/noticias\/judicializados-hombres-que-mantenian-en-pesimas-condiciones-fisicas-y-de-salud-a-caballos-utilizados-para-mover-vehiculos-de-traccion\/#primaryimage\"},\"thumbnailUrl\":\"https:\/\/www.fiscalia.gov.co\/colombia\/wp-content\/uploads\/Foto-caballo-1.jpg\",\"keywords\":[\"Cauca\",\"Gelma\",\"Maltrato animal\",\"Seguridad territorial\"],\"articleSection\":[\"Noticias\"],\"inLanguage\":\"es-CO\"},{\"@type\":\"WebPage\",\"@id\":\"https:\/\/www.fiscalia.gov.co\/colombia\/noticias\/judicializados-hombres-que-mantenian-en-pesimas-condiciones-fisicas-y-de-salud-a-caballos-utilizados-para-mover-vehiculos-de-traccion\/\",\"url\":\"https:\/\/www.fiscalia.gov.co\/colombia\/noticias\/judicializados-hombres-que-mantenian-en-pesimas-condiciones-fisicas-y-de-salud-a-caballos-utilizados-para-mover-vehiculos-de-traccion\/\",\"name\":\"Fiscal\u00eda General de la Naci\u00f3n\",\"isPartOf\":{\"@id\":\"https:\/\/www.fiscalia.gov.co\/colombia\/#website\"},\"primaryImageOfPage\":{\"@id\":\"https:\/\/www.fiscalia.gov.co\/colombia\/noticias\/judicializados-hombres-que-mantenian-en-pesimas-condiciones-fisicas-y-de-salud-a-caballos-utilizados-para-mover-vehiculos-de-traccion\/#primaryimage\"},\"image\":{\"@id\":\"https:\/\/www.fiscalia.gov.co\/colombia\/noticias\/judicializados-hombres-que-mantenian-en-pesimas-condiciones-fisicas-y-de-salud-a-caballos-utilizados-para-mover-vehiculos-de-traccion\/#primaryimage\"},\"thumbnailUrl\":\"https:\/\/www.fiscalia.gov.co\/colombia\/wp-content\/uploads\/Foto-caballo-1.jpg\",\"datePublished\":\"2022-04-10T19:02:45+00:00\",\"dateModified\":\"2022-04-10T19:02:45+00:00\",\"description\":\"P\u00e1gina oficial de la Fiscal\u00eda General de la Naci\u00f3n \u2013 Colombia. Garantizamos el acceso efectivo a la justicia, la verdad y la reparaci\u00f3n de las v\u00edctimas de los delitos.\",\"breadcrumb\":{\"@id\":\"https:\/\/www.fiscalia.gov.co\/colombia\/noticias\/judicializados-hombres-que-mantenian-en-pesimas-condiciones-fisicas-y-de-salud-a-caballos-utilizados-para-mover-vehiculos-de-traccion\/#breadcrumb\"},\"inLanguage\":\"es-CO\",\"potentialAction\":[{\"@type\":\"ReadAction\",\"target\":[\"https:\/\/www.fiscalia.gov.co\/colombia\/noticias\/judicializados-hombres-que-mantenian-en-pesimas-condiciones-fisicas-y-de-salud-a-caballos-utilizados-para-mover-vehiculos-de-traccion\/\"]}]},{\"@type\":\"ImageObject\",\"inLanguage\":\"es-CO\",\"@id\":\"https:\/\/www.fiscalia.gov.co\/colombia\/noticias\/judicializados-hombres-que-mantenian-en-pesimas-condiciones-fisicas-y-de-salud-a-caballos-utilizados-para-mover-vehiculos-de-traccion\/#primaryimage\",\"url\":\"https:\/\/www.fiscalia.gov.co\/colombia\/wp-content\/uploads\/Foto-caballo-1.jpg\",\"contentUrl\":\"https:\/\/www.fiscalia.gov.co\/colombia\/wp-content\/uploads\/Foto-caballo-1.jpg\",\"width\":1024,\"height\":882,\"caption\":\"El caballo\u00a0presentaba laceraciones, desnutrici\u00f3n avanzada y no ten\u00eda herraduras.\"},{\"@type\":\"BreadcrumbList\",\"@id\":\"https:\/\/www.fiscalia.gov.co\/colombia\/noticias\/judicializados-hombres-que-mantenian-en-pesimas-condiciones-fisicas-y-de-salud-a-caballos-utilizados-para-mover-vehiculos-de-traccion\/#breadcrumb\",\"itemListElement\":[{\"@type\":\"ListItem\",\"position\":1,\"name\":\"Home\",\"item\":\"https:\/\/www.fiscalia.gov.co\/colombia\/\"},{\"@type\":\"ListItem\",\"position\":2,\"name\":\"Judicializados hombres que manten\u00edan en p\u00e9simas condiciones f\u00edsicas y de salud a caballos utilizados para mover veh\u00edculos de tracci\u00f3n\"}]},{\"@type\":\"WebSite\",\"@id\":\"https:\/\/www.fiscalia.gov.co\/colombia\/#website\",\"url\":\"https:\/\/www.fiscalia.gov.co\/colombia\/\",\"name\":\"Fiscal\u00eda General de la Naci\u00f3n\",\"description\":\"P\u00e1gina oficial de la Fiscal\u00eda General de la Naci\u00f3n \u2013 Colombia. Garantizamos el acceso efectivo a la justicia, la verdad y la reparaci\u00f3n de las v\u00edctimas de los delitos.\",\"publisher\":{\"@id\":\"https:\/\/www.fiscalia.gov.co\/colombia\/#organization\"},\"potentialAction\":[{\"@type\":\"SearchAction\",\"target\":{\"@type\":\"EntryPoint\",\"urlTemplate\":\"https:\/\/www.fiscalia.gov.co\/colombia\/?s={search_term_string}\"},\"query-input\":{\"@type\":\"PropertyValueSpecification\",\"valueRequired\":true,\"valueName\":\"search_term_string\"}}],\"inLanguage\":\"es-CO\"},{\"@type\":\"Organization\",\"@id\":\"https:\/\/www.fiscalia.gov.co\/colombia\/#organization\",\"name\":\"Fiscal\u00eda General de la Naci\u00f3n\",\"url\":\"https:\/\/www.fiscalia.gov.co\/colombia\/\",\"logo\":{\"@type\":\"ImageObject\",\"inLanguage\":\"es-CO\",\"@id\":\"https:\/\/www.fiscalia.gov.co\/colombia\/#\/schema\/logo\/image\/\",\"url\":\"https:\/\/www.fiscalia.gov.co\/colombia\/wp-content\/uploads\/LogoHorizontal_1.jpg\",\"contentUrl\":\"https:\/\/www.fiscalia.gov.co\/colombia\/wp-content\/uploads\/LogoHorizontal_1.jpg\",\"width\":300,\"height\":90,\"caption\":\"Fiscal\u00eda General de la Naci\u00f3n\"},\"image\":{\"@id\":\"https:\/\/www.fiscalia.gov.co\/colombia\/#\/schema\/logo\/image\/\"},\"sameAs\":[\"https:\/\/www.facebook.com\/FiscaliaCol\",\"https:\/\/x.com\/FiscaliaCol\",\"https:\/\/www.instagram.com\/fiscaliacol\",\"https:\/\/www.linkedin.com\/company\/fiscalia-general-de-la-naci-n\/\",\"https:\/\/youtube.com\/@fiscaliageneraldelanacion-4668?si=6nN79nyQICPU5iTh\"]},{\"@type\":\"Person\",\"@id\":\"https:\/\/www.fiscalia.gov.co\/colombia\/#\/schema\/person\/2e76b9aba5ecf875ed565ce4de0e0415\",\"name\":\"Katherine Loaiza Mart\u00ednez\",\"image\":{\"@type\":\"ImageObject\",\"inLanguage\":\"es-CO\",\"@id\":\"https:\/\/www.fiscalia.gov.co\/colombia\/#\/schema\/person\/image\/\",\"url\":\"https:\/\/secure.gravatar.com\/avatar\/ab775a2f394c1b83b6d6f78680e57b50?s=96&d=mm&r=g\",\"contentUrl\":\"https:\/\/secure.gravatar.com\/avatar\/ab775a2f394c1b83b6d6f78680e57b50?s=96&d=mm&r=g\",\"caption\":\"Katherine Loaiza Mart\u00ednez\"},\"url\":\"https:\/\/www.fiscalia.gov.co\/colombia\/author\/kloaiza\/\"}]}<\/script>\n<!-- \/ Yoast SEO plugin. -->","yoast_head_json":{"title":"Fiscal\u00eda General de la Naci\u00f3n","description":"P\u00e1gina oficial de la Fiscal\u00eda General de la Naci\u00f3n \u2013 Colombia. Garantizamos el acceso efectivo a la justicia, la verdad y la reparaci\u00f3n de las v\u00edctimas de los delitos.","robots":{"index":"noindex","follow":"follow"},"og_locale":"es_ES","og_type":"article","og_title":"Fiscal\u00eda General de la Naci\u00f3n","og_description":"P\u00e1gina oficial de la Fiscal\u00eda General de la Naci\u00f3n \u2013 Colombia. Garantizamos el acceso efectivo a la justicia, la verdad y la reparaci\u00f3n de las v\u00edctimas de los delitos.","og_url":"https:\/\/www.fiscalia.gov.co\/colombia\/noticias\/judicializados-hombres-que-mantenian-en-pesimas-condiciones-fisicas-y-de-salud-a-caballos-utilizados-para-mover-vehiculos-de-traccion\/","og_site_name":"Fiscal\u00eda General de la Naci\u00f3n","article_publisher":"https:\/\/www.facebook.com\/FiscaliaCol","article_published_time":"2022-04-10T19:02:45+00:00","og_image":[{"url":"https:\/\/www.fiscalia.gov.co\/colombia\/wp-content\/uploads\/Foto-caballo-1.jpg","type":"","width":"","height":""}],"author":"Katherine Loaiza Mart\u00ednez","twitter_card":"summary_large_image","twitter_creator":"@FiscaliaCol","twitter_site":"@FiscaliaCol","twitter_misc":{"Escrito por":"Katherine Loaiza Mart\u00ednez","Tiempo de lectura":"2 minutos"},"schema":{"@context":"https:\/\/schema.org","@graph":[{"@type":"Article","@id":"https:\/\/www.fiscalia.gov.co\/colombia\/noticias\/judicializados-hombres-que-mantenian-en-pesimas-condiciones-fisicas-y-de-salud-a-caballos-utilizados-para-mover-vehiculos-de-traccion\/#article","isPartOf":{"@id":"https:\/\/www.fiscalia.gov.co\/colombia\/noticias\/judicializados-hombres-que-mantenian-en-pesimas-condiciones-fisicas-y-de-salud-a-caballos-utilizados-para-mover-vehiculos-de-traccion\/"},"author":{"name":"Katherine Loaiza Mart\u00ednez","@id":"https:\/\/www.fiscalia.gov.co\/colombia\/#\/schema\/person\/2e76b9aba5ecf875ed565ce4de0e0415"},"headline":"Judicializados hombres que manten\u00edan en p\u00e9simas condiciones f\u00edsicas y de salud a caballos utilizados para mover veh\u00edculos de tracci\u00f3n","datePublished":"2022-04-10T19:02:45+00:00","dateModified":"2022-04-10T19:02:45+00:00","mainEntityOfPage":{"@id":"https:\/\/www.fiscalia.gov.co\/colombia\/noticias\/judicializados-hombres-que-mantenian-en-pesimas-condiciones-fisicas-y-de-salud-a-caballos-utilizados-para-mover-vehiculos-de-traccion\/"},"wordCount":351,"publisher":{"@id":"https:\/\/www.fiscalia.gov.co\/colombia\/#organization"},"image":{"@id":"https:\/\/www.fiscalia.gov.co\/colombia\/noticias\/judicializados-hombres-que-mantenian-en-pesimas-condiciones-fisicas-y-de-salud-a-caballos-utilizados-para-mover-vehiculos-de-traccion\/#primaryimage"},"thumbnailUrl":"https:\/\/www.fiscalia.gov.co\/colombia\/wp-content\/uploads\/Foto-caballo-1.jpg","keywords":["Cauca","Gelma","Maltrato animal","Seguridad territorial"],"articleSection":["Noticias"],"inLanguage":"es-CO"},{"@type":"WebPage","@id":"https:\/\/www.fiscalia.gov.co\/colombia\/noticias\/judicializados-hombres-que-mantenian-en-pesimas-condiciones-fisicas-y-de-salud-a-caballos-utilizados-para-mover-vehiculos-de-traccion\/","url":"https:\/\/www.fiscalia.gov.co\/colombia\/noticias\/judicializados-hombres-que-mantenian-en-pesimas-condiciones-fisicas-y-de-salud-a-caballos-utilizados-para-mover-vehiculos-de-traccion\/","name":"Fiscal\u00eda General de la Naci\u00f3n","isPartOf":{"@id":"https:\/\/www.fiscalia.gov.co\/colombia\/#website"},"primaryImageOfPage":{"@id":"https:\/\/www.fiscalia.gov.co\/colombia\/noticias\/judicializados-hombres-que-mantenian-en-pesimas-condiciones-fisicas-y-de-salud-a-caballos-utilizados-para-mover-vehiculos-de-traccion\/#primaryimage"},"image":{"@id":"https:\/\/www.fiscalia.gov.co\/colombia\/noticias\/judicializados-hombres-que-mantenian-en-pesimas-condiciones-fisicas-y-de-salud-a-caballos-utilizados-para-mover-vehiculos-de-traccion\/#primaryimage"},"thumbnailUrl":"https:\/\/www.fiscalia.gov.co\/colombia\/wp-content\/uploads\/Foto-caballo-1.jpg","datePublished":"2022-04-10T19:02:45+00:00","dateModified":"2022-04-10T19:02:45+00:00","description":"P\u00e1gina oficial de la Fiscal\u00eda General de la Naci\u00f3n \u2013 Colombia. Garantizamos el acceso efectivo a la justicia, la verdad y la reparaci\u00f3n de las v\u00edctimas de los delitos.","breadcrumb":{"@id":"https:\/\/www.fiscalia.gov.co\/colombia\/noticias\/judicializados-hombres-que-mantenian-en-pesimas-condiciones-fisicas-y-de-salud-a-caballos-utilizados-para-mover-vehiculos-de-traccion\/#breadcrumb"},"inLanguage":"es-CO","potentialAction":[{"@type":"ReadAction","target":["https:\/\/www.fiscalia.gov.co\/colombia\/noticias\/judicializados-hombres-que-mantenian-en-pesimas-condiciones-fisicas-y-de-salud-a-caballos-utilizados-para-mover-vehiculos-de-traccion\/"]}]},{"@type":"ImageObject","inLanguage":"es-CO","@id":"https:\/\/www.fiscalia.gov.co\/colombia\/noticias\/judicializados-hombres-que-mantenian-en-pesimas-condiciones-fisicas-y-de-salud-a-caballos-utilizados-para-mover-vehiculos-de-traccion\/#primaryimage","url":"https:\/\/www.fiscalia.gov.co\/colombia\/wp-content\/uploads\/Foto-caballo-1.jpg","contentUrl":"https:\/\/www.fiscalia.gov.co\/colombia\/wp-content\/uploads\/Foto-caballo-1.jpg","width":1024,"height":882,"caption":"El caballo\u00a0presentaba laceraciones, desnutrici\u00f3n avanzada y no ten\u00eda herraduras."},{"@type":"BreadcrumbList","@id":"https:\/\/www.fiscalia.gov.co\/colombia\/noticias\/judicializados-hombres-que-mantenian-en-pesimas-condiciones-fisicas-y-de-salud-a-caballos-utilizados-para-mover-vehiculos-de-traccion\/#breadcrumb","itemListElement":[{"@type":"ListItem","position":1,"name":"Home","item":"https:\/\/www.fiscalia.gov.co\/colombia\/"},{"@type":"ListItem","position":2,"name":"Judicializados hombres que manten\u00edan en p\u00e9simas condiciones f\u00edsicas y de salud a caballos utilizados para mover veh\u00edculos de tracci\u00f3n"}]},{"@type":"WebSite","@id":"https:\/\/www.fiscalia.gov.co\/colombia\/#website","url":"https:\/\/www.fiscalia.gov.co\/colombia\/","name":"Fiscal\u00eda General de la Naci\u00f3n","description":"P\u00e1gina oficial de la Fiscal\u00eda General de la Naci\u00f3n \u2013 Colombia. Garantizamos el acceso efectivo a la justicia, la verdad y la reparaci\u00f3n de las v\u00edctimas de los delitos.","publisher":{"@id":"https:\/\/www.fiscalia.gov.co\/colombia\/#organization"},"potentialAction":[{"@type":"SearchAction","target":{"@type":"EntryPoint","urlTemplate":"https:\/\/www.fiscalia.gov.co\/colombia\/?s={search_term_string}"},"query-input":{"@type":"PropertyValueSpecification","valueRequired":true,"valueName":"search_term_string"}}],"inLanguage":"es-CO"},{"@type":"Organization","@id":"https:\/\/www.fiscalia.gov.co\/colombia\/#organization","name":"Fiscal\u00eda General de la Naci\u00f3n","url":"https:\/\/www.fiscalia.gov.co\/colombia\/","logo":{"@type":"ImageObject","inLanguage":"es-CO","@id":"https:\/\/www.fiscalia.gov.co\/colombia\/#\/schema\/logo\/image\/","url":"https:\/\/www.fiscalia.gov.co\/colombia\/wp-content\/uploads\/LogoHorizontal_1.jpg","contentUrl":"https:\/\/www.fiscalia.gov.co\/colombia\/wp-content\/uploads\/LogoHorizontal_1.jpg","width":300,"height":90,"caption":"Fiscal\u00eda General de la Naci\u00f3n"},"image":{"@id":"https:\/\/www.fiscalia.gov.co\/colombia\/#\/schema\/logo\/image\/"},"sameAs":["https:\/\/www.facebook.com\/FiscaliaCol","https:\/\/x.com\/FiscaliaCol","https:\/\/www.instagram.com\/fiscaliacol","https:\/\/www.linkedin.com\/company\/fiscalia-general-de-la-naci-n\/","https:\/\/youtube.com\/@fiscaliageneraldelanacion-4668?si=6nN79nyQICPU5iTh"]},{"@type":"Person","@id":"https:\/\/www.fiscalia.gov.co\/colombia\/#\/schema\/person\/2e76b9aba5ecf875ed565ce4de0e0415","name":"Katherine Loaiza Mart\u00ednez","image":{"@type":"ImageObject","inLanguage":"es-CO","@id":"https:\/\/www.fiscalia.gov.co\/colombia\/#\/schema\/person\/image\/","url":"https:\/\/secure.gravatar.com\/avatar\/ab775a2f394c1b83b6d6f78680e57b50?s=96&d=mm&r=g","contentUrl":"https:\/\/secure.gravatar.com\/avatar\/ab775a2f394c1b83b6d6f78680e57b50?s=96&d=mm&r=g","caption":"Katherine Loaiza Mart\u00ednez"},"url":"https:\/\/www.fiscalia.gov.co\/colombia\/author\/kloaiza\/"}]}},"_links":{"self":[{"href":"https:\/\/www.fiscalia.gov.co\/colombia\/wp-json\/wp\/v2\/posts\/245820","targetHints":{"allow":["GET"]}}],"collection":[{"href":"https:\/\/www.fiscalia.gov.co\/colombia\/wp-json\/wp\/v2\/posts"}],"about":[{"href":"https:\/\/www.fiscalia.gov.co\/colombia\/wp-json\/wp\/v2\/types\/post"}],"author":[{"embeddable":true,"href":"https:\/\/www.fiscalia.gov.co\/colombia\/wp-json\/wp\/v2\/users\/175"}],"replies":[{"embeddable":true,"href":"https:\/\/www.fiscalia.gov.co\/colombia\/wp-json\/wp\/v2\/comments?post=245820"}],"version-history":[{"count":2,"href":"https:\/\/www.fiscalia.gov.co\/colombia\/wp-json\/wp\/v2\/posts\/245820\/revisions"}],"predecessor-version":[{"id":245824,"href":"https:\/\/www.fiscalia.gov.co\/colombia\/wp-json\/wp\/v2\/posts\/245820\/revisions\/245824"}],"wp:attachment":[{"href":"https:\/\/www.fiscalia.gov.co\/colombia\/wp-json\/wp\/v2\/media?parent=245820"}],"wp:term":[{"taxonomy":"category","embeddable":true,"href":"https:\/\/www.fiscalia.gov.co\/colombia\/wp-json\/wp\/v2\/categories?post=245820"},{"taxonomy":"post_tag","embeddable":true,"href":"https:\/\/www.fiscalia.gov.co\/colombia\/wp-json\/wp\/v2\/tags?post=245820"}],"curies":[{"name":"wp","href":"https:\/\/api.w.org\/{rel}","templated":true}]}}