{"id":245729,"date":"2022-04-08T11:07:43","date_gmt":"2022-04-08T16:07:43","guid":{"rendered":"https:\/\/www.fiscalia.gov.co\/colombia\/?p=245729"},"modified":"2022-04-08T11:07:43","modified_gmt":"2022-04-08T16:07:43","slug":"golpe-a-los-zares-ll-seis-de-sus-presuntos-integrantes-fueron-judicializados-y-14-de-sus-bienes-afectados-con-fines-de-extincion-de-dominio","status":"publish","type":"post","link":"https:\/\/www.fiscalia.gov.co\/colombia\/noticias\/golpe-a-los-zares-ll-seis-de-sus-presuntos-integrantes-fueron-judicializados-y-14-de-sus-bienes-afectados-con-fines-de-extincion-de-dominio\/","title":{"rendered":"Golpe a los \u2018Zares ll\u2019: seis de sus presuntos integrantes fueron judicializados y 14 de sus bienes afectados con fines de extinci\u00f3n de dominio"},"content":{"rendered":"<h4><strong><em>Los procesados son se\u00f1alados de extraer ilegalmente oro en \u00e1reas protegidas en Choc\u00f3 y venderlo mediante diferentes maniobras. Entre los supuestos articuladores de la actividad est\u00e1 el alcalde de Medio San Juan, Jos\u00e9 Oliver Moreno.<\/em><em>\u00a0<\/em><\/strong><\/h4>\n<h4><strong><em>Las diligencias de ocupaci\u00f3n de los bienes afectados se cumplieron en Risaralda, Antioquia y Choc\u00f3.<\/em><\/strong><\/h4>\n<p>La Fiscal\u00eda General de la Naci\u00f3n, a trav\u00e9s de la Direcci\u00f3n Especializada contra las Violaciones a los Derechos Humanos y la Direcci\u00f3n Especializada de Extinci\u00f3n del Derecho de Dominio, y en un trabajo articulado con la Direcci\u00f3n de Carabineros de la Polic\u00eda Nacional, golpe\u00f3 el componente estructural y el patrimonio il\u00edcito de la organizaci\u00f3n delincuencial \u2018Los Zares II\u2019.<\/p>\n<p>De acuerdo con los elementos de prueba, este grupo delictivo ser\u00eda el responsable de la contaminaci\u00f3n ambiental, y la destrucci\u00f3n de varias zonas de reserva forestal y territorios de comunidades afrocolombianas en Choc\u00f3, producto de la agresiva extracci\u00f3n il\u00edcita de oro.<\/p>\n<p>Seis de los presuntos integrantes de la organizaci\u00f3n fueron capturados y judicializados, entre ellos, los denominados articuladores. Se trata de Isaac de Jes\u00fas Vargas Urieta, se\u00f1alado de controlar los entables en Atrato, R\u00edo Quito y Paimado; y Jos\u00e9 Oliver Moreno, alcalde de Medio San Juan o Andagoya (Choc\u00f3), quien tendr\u00eda complejos mineros en inmediaciones de los r\u00edos Taman\u00e1 y San Juan, los cuales funcionaban clandestinamente y mediante el uso de dragas y excavadoras.<\/p>\n<p>Otro de los involucrados en la actividad ilegal es Jos\u00e9 Darlinton Agualimpia Mosquera, supuesto hombre de confianza del procesado alcalde municipal y el encargado de manejar directamente los frentes de miner\u00eda, los turnos de los operarios y de la maquinaria, y reportar la producci\u00f3n aur\u00edfera.<\/p>\n<p>Los dem\u00e1s investigados estar\u00edan vinculados a la b\u00fasqueda del metal precioso sobre las diferentes fuentes h\u00eddricas.<\/p>\n<p>Dos operaciones realizadas contra \u2018Los Zares II\u2019, en enero y septiembre de 2021, permitieron constatar en el terreno deforestaci\u00f3n, p\u00e9rdida de ecosistemas nativos, afectaci\u00f3n al suelo y la capa vegetal, y contaminaci\u00f3n f\u00edsica y qu\u00edmica del agua por el vertimiento de sustancias t\u00f3xicas.<\/p>\n<p>La Fiscal\u00eda estableci\u00f3 que el oro obtenido, al parecer, era amparado con t\u00edtulos mineros que consegu\u00eda la red mediante diferentes maniobras y certificaciones de compa\u00f1\u00edas y proveedores fachada. As\u00ed, supuestamente, le daba una apariencia de legalidad para comercializarlo.<\/p>\n<p>Una fiscal de la Direcci\u00f3n Especializada contra las Violaciones a los Derechos Humanos imput\u00f3 a los seis presuntos integrantes de \u2018Los Zares II\u2019 los delitos de: concierto para delinquir, explotaci\u00f3n il\u00edcita de yacimiento minero y otros materiales, financiaci\u00f3n de invasi\u00f3n a \u00e1reas de especial importancia ecol\u00f3gica, y contaminaci\u00f3n ambiental por explotaci\u00f3n de yacimiento minero.<\/p>\n<p>La Fiscal\u00eda solicit\u00f3 la imposici\u00f3n de medidas de aseguramiento privativas de la libertad contra los procesados; sin embargo, el juez de control de garant\u00edas no accedi\u00f3 a la petici\u00f3n. La decisi\u00f3n fue apelada.<\/p>\n<p><strong><u>Impacto al patrimonio de los \u2018Zares II\u2019 <\/u><\/strong><\/p>\n<p>Paralelamente al proceso penal, una fiscal de la Direcci\u00f3n Especializada de Extinci\u00f3n del Derecho de Dominio impuso medidas cautelares de suspensi\u00f3n del poder dispositivo, embargo, secuestro y toma de posesi\u00f3n sobre cuatro inmuebles rurales, ocho urbanos y dos establecimientos de comercio.<\/p>\n<p>Los bienes, cuyo valor alcanzar\u00eda los 3.000 millones de pesos, pertenecer\u00edan a \u2018Los Zares II\u2019. 11 de estas propiedades fueron ocupadas en diligencias realizadas en Istmina (Choc\u00f3), Pereira (Risaralda) y Medell\u00edn (Antioquia).<\/p>\n<p>La Sociedad de Activos Especiales (SAE) asumir\u00e1 la administraci\u00f3n de los bienes afectados.<\/p>\n<p>Esta informaci\u00f3n se publica por razones de inter\u00e9s general.<\/p>\n<p><strong>La Fiscal\u00eda habla con resultados<\/strong><\/p>\n<p>&nbsp;<\/p>\n<p>JARG\/APMP\/DJR\/DECVDH\/MCRC.<\/p>\n<p>&nbsp;<\/p>\n<p><em>La informaci\u00f3n contenida en este bolet\u00edn de prensa corresponde a la narraci\u00f3n de los hechos noticiosos objetivos, suministrados por los funcionarios encargados de adelantar las investigaciones penales al interior de la Fiscal\u00eda General de la Naci\u00f3n. Para el momento de la divulgaci\u00f3n de este comunicado, la situaci\u00f3n jur\u00eddica de la(s) persona(s) relacionada(s) se encuentra pendiente de resolver por la autoridad judicial competente, siempre bajo los preceptos de la presunci\u00f3n de inocencia, consagrados en el art\u00edculo 29 de la Constituci\u00f3n Pol\u00edtica y el art\u00edculo 7\u00ba de la Ley 906 de 2004.<\/em><\/p>\n\n<div class=\"twitter-share\"><a href=\"https:\/\/twitter.com\/intent\/tweet?via=fiscaliacol\" class=\"twitter-share-button\">Tweet<\/a><\/div>\n","protected":false},"excerpt":{"rendered":"<p>Los procesados son se\u00f1alados de extraer ilegalmente oro en \u00e1reas protegidas en Choc\u00f3 y venderlo mediante diferentes maniobras. Entre los supuestos articuladores de la actividad est\u00e1 el alcalde de Medio San Juan, Jos\u00e9 Oliver Moreno.\u00a0 Las diligencias de ocupaci\u00f3n de los bienes afectados se cumplieron en Risaralda, Antioquia y Choc\u00f3. La Fiscal\u00eda General de la [&hellip;]<\/p>\n","protected":false},"author":177,"featured_media":0,"comment_status":"closed","ping_status":"open","sticky":false,"template":"","format":"standard","meta":{"_price":"","_stock":"","_tribe_ticket_header":"","_tribe_default_ticket_provider":"","_tribe_ticket_capacity":"0","_ticket_start_date":"","_ticket_end_date":"","_tribe_ticket_show_description":"","_tribe_ticket_show_not_going":false,"_tribe_ticket_use_global_stock":"","_tribe_ticket_global_stock_level":"","_global_stock_mode":"","_global_stock_cap":"","_tribe_rsvp_for_event":"","_tribe_ticket_going_count":"","_tribe_ticket_not_going_count":"","_tribe_tickets_list":"[]","_tribe_ticket_has_attendee_info_fields":false,"tdm_status":"","tdm_grid_status":"","footnotes":""},"categories":[24102,24116,1],"tags":[1050,1441,24185,29549,1047,1147],"class_list":{"0":"post-245729","1":"post","2":"type-post","3":"status-publish","4":"format-standard","6":"category-derechos-humanos","7":"category-extincion-de-dominio","8":"category-noticias","9":"tag-derechoa-humanos","10":"tag-extincion-de-dominio","11":"tag-fiscal-barbosa","12":"tag-fiscal-franciso-barbosa","13":"tag-fiscalia-general-de-la-nacion","14":"tag-medio-ambiente"},"yoast_head":"<!-- This site is optimized with the Yoast SEO plugin v24.3 - https:\/\/yoast.com\/wordpress\/plugins\/seo\/ -->\n<title>Fiscal\u00eda General de la Naci\u00f3n<\/title>\n<meta name=\"description\" content=\"P\u00e1gina oficial de la Fiscal\u00eda General de la Naci\u00f3n \u2013 Colombia. Garantizamos el acceso efectivo a la justicia, la verdad y la reparaci\u00f3n de las v\u00edctimas de los delitos.\" \/>\n<meta name=\"robots\" content=\"noindex, follow\" \/>\n<meta property=\"og:locale\" content=\"es_ES\" \/>\n<meta property=\"og:type\" content=\"article\" \/>\n<meta property=\"og:title\" content=\"Fiscal\u00eda General de la Naci\u00f3n\" \/>\n<meta property=\"og:description\" content=\"P\u00e1gina oficial de la Fiscal\u00eda General de la Naci\u00f3n \u2013 Colombia. Garantizamos el acceso efectivo a la justicia, la verdad y la reparaci\u00f3n de las v\u00edctimas de los delitos.\" \/>\n<meta property=\"og:url\" content=\"https:\/\/www.fiscalia.gov.co\/colombia\/noticias\/golpe-a-los-zares-ll-seis-de-sus-presuntos-integrantes-fueron-judicializados-y-14-de-sus-bienes-afectados-con-fines-de-extincion-de-dominio\/\" \/>\n<meta property=\"og:site_name\" content=\"Fiscal\u00eda General de la Naci\u00f3n\" \/>\n<meta property=\"article:publisher\" content=\"https:\/\/www.facebook.com\/FiscaliaCol\" \/>\n<meta property=\"article:published_time\" content=\"2022-04-08T16:07:43+00:00\" \/>\n<meta name=\"author\" content=\"Jordan Leandro Oviedo Anzola\" \/>\n<meta name=\"twitter:card\" content=\"summary_large_image\" \/>\n<meta name=\"twitter:creator\" content=\"@FiscaliaCol\" \/>\n<meta name=\"twitter:site\" content=\"@FiscaliaCol\" \/>\n<meta name=\"twitter:label1\" content=\"Escrito por\" \/>\n\t<meta name=\"twitter:data1\" content=\"Jordan Leandro Oviedo Anzola\" \/>\n\t<meta name=\"twitter:label2\" content=\"Tiempo de lectura\" \/>\n\t<meta name=\"twitter:data2\" content=\"4 minutos\" \/>\n<script type=\"application\/ld+json\" class=\"yoast-schema-graph\">{\"@context\":\"https:\/\/schema.org\",\"@graph\":[{\"@type\":\"Article\",\"@id\":\"https:\/\/www.fiscalia.gov.co\/colombia\/noticias\/golpe-a-los-zares-ll-seis-de-sus-presuntos-integrantes-fueron-judicializados-y-14-de-sus-bienes-afectados-con-fines-de-extincion-de-dominio\/#article\",\"isPartOf\":{\"@id\":\"https:\/\/www.fiscalia.gov.co\/colombia\/noticias\/golpe-a-los-zares-ll-seis-de-sus-presuntos-integrantes-fueron-judicializados-y-14-de-sus-bienes-afectados-con-fines-de-extincion-de-dominio\/\"},\"author\":{\"name\":\"Jordan Leandro Oviedo Anzola\",\"@id\":\"https:\/\/www.fiscalia.gov.co\/colombia\/#\/schema\/person\/bf84402cf293a5393e9c70b111020b24\"},\"headline\":\"Golpe a los \u2018Zares ll\u2019: seis de sus presuntos integrantes fueron judicializados y 14 de sus bienes afectados con fines de extinci\u00f3n de dominio\",\"datePublished\":\"2022-04-08T16:07:43+00:00\",\"dateModified\":\"2022-04-08T16:07:43+00:00\",\"mainEntityOfPage\":{\"@id\":\"https:\/\/www.fiscalia.gov.co\/colombia\/noticias\/golpe-a-los-zares-ll-seis-de-sus-presuntos-integrantes-fueron-judicializados-y-14-de-sus-bienes-afectados-con-fines-de-extincion-de-dominio\/\"},\"wordCount\":753,\"publisher\":{\"@id\":\"https:\/\/www.fiscalia.gov.co\/colombia\/#organization\"},\"keywords\":[\"Derechos Humanos\",\"Extinci\u00f3n de dominio\",\"Fiscal Barbosa\",\"Fiscal Franciso Barbosa\",\"Fiscal\u00eda General de la Naci\u00f3n\",\"Medio Ambiente\"],\"articleSection\":[\"Derechos Humanos\",\"Extinci\u00f3n de dominio\",\"Noticias\"],\"inLanguage\":\"es-CO\"},{\"@type\":\"WebPage\",\"@id\":\"https:\/\/www.fiscalia.gov.co\/colombia\/noticias\/golpe-a-los-zares-ll-seis-de-sus-presuntos-integrantes-fueron-judicializados-y-14-de-sus-bienes-afectados-con-fines-de-extincion-de-dominio\/\",\"url\":\"https:\/\/www.fiscalia.gov.co\/colombia\/noticias\/golpe-a-los-zares-ll-seis-de-sus-presuntos-integrantes-fueron-judicializados-y-14-de-sus-bienes-afectados-con-fines-de-extincion-de-dominio\/\",\"name\":\"Fiscal\u00eda General de la Naci\u00f3n\",\"isPartOf\":{\"@id\":\"https:\/\/www.fiscalia.gov.co\/colombia\/#website\"},\"datePublished\":\"2022-04-08T16:07:43+00:00\",\"dateModified\":\"2022-04-08T16:07:43+00:00\",\"description\":\"P\u00e1gina oficial de la Fiscal\u00eda General de la Naci\u00f3n \u2013 Colombia. Garantizamos el acceso efectivo a la justicia, la verdad y la reparaci\u00f3n de las v\u00edctimas de los delitos.\",\"breadcrumb\":{\"@id\":\"https:\/\/www.fiscalia.gov.co\/colombia\/noticias\/golpe-a-los-zares-ll-seis-de-sus-presuntos-integrantes-fueron-judicializados-y-14-de-sus-bienes-afectados-con-fines-de-extincion-de-dominio\/#breadcrumb\"},\"inLanguage\":\"es-CO\",\"potentialAction\":[{\"@type\":\"ReadAction\",\"target\":[\"https:\/\/www.fiscalia.gov.co\/colombia\/noticias\/golpe-a-los-zares-ll-seis-de-sus-presuntos-integrantes-fueron-judicializados-y-14-de-sus-bienes-afectados-con-fines-de-extincion-de-dominio\/\"]}]},{\"@type\":\"BreadcrumbList\",\"@id\":\"https:\/\/www.fiscalia.gov.co\/colombia\/noticias\/golpe-a-los-zares-ll-seis-de-sus-presuntos-integrantes-fueron-judicializados-y-14-de-sus-bienes-afectados-con-fines-de-extincion-de-dominio\/#breadcrumb\",\"itemListElement\":[{\"@type\":\"ListItem\",\"position\":1,\"name\":\"Home\",\"item\":\"https:\/\/www.fiscalia.gov.co\/colombia\/\"},{\"@type\":\"ListItem\",\"position\":2,\"name\":\"Golpe a los \u2018Zares ll\u2019: seis de sus presuntos integrantes fueron judicializados y 14 de sus bienes afectados con fines de extinci\u00f3n de dominio\"}]},{\"@type\":\"WebSite\",\"@id\":\"https:\/\/www.fiscalia.gov.co\/colombia\/#website\",\"url\":\"https:\/\/www.fiscalia.gov.co\/colombia\/\",\"name\":\"Fiscal\u00eda General de la Naci\u00f3n\",\"description\":\"P\u00e1gina oficial de la Fiscal\u00eda General de la Naci\u00f3n \u2013 Colombia. Garantizamos el acceso efectivo a la justicia, la verdad y la reparaci\u00f3n de las v\u00edctimas de los delitos.\",\"publisher\":{\"@id\":\"https:\/\/www.fiscalia.gov.co\/colombia\/#organization\"},\"potentialAction\":[{\"@type\":\"SearchAction\",\"target\":{\"@type\":\"EntryPoint\",\"urlTemplate\":\"https:\/\/www.fiscalia.gov.co\/colombia\/?s={search_term_string}\"},\"query-input\":{\"@type\":\"PropertyValueSpecification\",\"valueRequired\":true,\"valueName\":\"search_term_string\"}}],\"inLanguage\":\"es-CO\"},{\"@type\":\"Organization\",\"@id\":\"https:\/\/www.fiscalia.gov.co\/colombia\/#organization\",\"name\":\"Fiscal\u00eda General de la Naci\u00f3n\",\"url\":\"https:\/\/www.fiscalia.gov.co\/colombia\/\",\"logo\":{\"@type\":\"ImageObject\",\"inLanguage\":\"es-CO\",\"@id\":\"https:\/\/www.fiscalia.gov.co\/colombia\/#\/schema\/logo\/image\/\",\"url\":\"https:\/\/www.fiscalia.gov.co\/colombia\/wp-content\/uploads\/LogoHorizontal_1.jpg\",\"contentUrl\":\"https:\/\/www.fiscalia.gov.co\/colombia\/wp-content\/uploads\/LogoHorizontal_1.jpg\",\"width\":300,\"height\":90,\"caption\":\"Fiscal\u00eda General de la Naci\u00f3n\"},\"image\":{\"@id\":\"https:\/\/www.fiscalia.gov.co\/colombia\/#\/schema\/logo\/image\/\"},\"sameAs\":[\"https:\/\/www.facebook.com\/FiscaliaCol\",\"https:\/\/x.com\/FiscaliaCol\",\"https:\/\/www.instagram.com\/fiscaliacol\",\"https:\/\/www.linkedin.com\/company\/fiscalia-general-de-la-naci-n\/\",\"https:\/\/youtube.com\/@fiscaliageneraldelanacion-4668?si=6nN79nyQICPU5iTh\"]},{\"@type\":\"Person\",\"@id\":\"https:\/\/www.fiscalia.gov.co\/colombia\/#\/schema\/person\/bf84402cf293a5393e9c70b111020b24\",\"name\":\"Jordan Leandro Oviedo Anzola\",\"image\":{\"@type\":\"ImageObject\",\"inLanguage\":\"es-CO\",\"@id\":\"https:\/\/www.fiscalia.gov.co\/colombia\/#\/schema\/person\/image\/\",\"url\":\"https:\/\/secure.gravatar.com\/avatar\/dabba4346fa9b9207d96adafa8f92721?s=96&d=mm&r=g\",\"contentUrl\":\"https:\/\/secure.gravatar.com\/avatar\/dabba4346fa9b9207d96adafa8f92721?s=96&d=mm&r=g\",\"caption\":\"Jordan Leandro Oviedo Anzola\"},\"url\":\"https:\/\/www.fiscalia.gov.co\/colombia\/author\/joviedo\/\"}]}<\/script>\n<!-- \/ Yoast SEO plugin. -->","yoast_head_json":{"title":"Fiscal\u00eda General de la Naci\u00f3n","description":"P\u00e1gina oficial de la Fiscal\u00eda General de la Naci\u00f3n \u2013 Colombia. Garantizamos el acceso efectivo a la justicia, la verdad y la reparaci\u00f3n de las v\u00edctimas de los delitos.","robots":{"index":"noindex","follow":"follow"},"og_locale":"es_ES","og_type":"article","og_title":"Fiscal\u00eda General de la Naci\u00f3n","og_description":"P\u00e1gina oficial de la Fiscal\u00eda General de la Naci\u00f3n \u2013 Colombia. Garantizamos el acceso efectivo a la justicia, la verdad y la reparaci\u00f3n de las v\u00edctimas de los delitos.","og_url":"https:\/\/www.fiscalia.gov.co\/colombia\/noticias\/golpe-a-los-zares-ll-seis-de-sus-presuntos-integrantes-fueron-judicializados-y-14-de-sus-bienes-afectados-con-fines-de-extincion-de-dominio\/","og_site_name":"Fiscal\u00eda General de la Naci\u00f3n","article_publisher":"https:\/\/www.facebook.com\/FiscaliaCol","article_published_time":"2022-04-08T16:07:43+00:00","author":"Jordan Leandro Oviedo Anzola","twitter_card":"summary_large_image","twitter_creator":"@FiscaliaCol","twitter_site":"@FiscaliaCol","twitter_misc":{"Escrito por":"Jordan Leandro Oviedo Anzola","Tiempo de lectura":"4 minutos"},"schema":{"@context":"https:\/\/schema.org","@graph":[{"@type":"Article","@id":"https:\/\/www.fiscalia.gov.co\/colombia\/noticias\/golpe-a-los-zares-ll-seis-de-sus-presuntos-integrantes-fueron-judicializados-y-14-de-sus-bienes-afectados-con-fines-de-extincion-de-dominio\/#article","isPartOf":{"@id":"https:\/\/www.fiscalia.gov.co\/colombia\/noticias\/golpe-a-los-zares-ll-seis-de-sus-presuntos-integrantes-fueron-judicializados-y-14-de-sus-bienes-afectados-con-fines-de-extincion-de-dominio\/"},"author":{"name":"Jordan Leandro Oviedo Anzola","@id":"https:\/\/www.fiscalia.gov.co\/colombia\/#\/schema\/person\/bf84402cf293a5393e9c70b111020b24"},"headline":"Golpe a los \u2018Zares ll\u2019: seis de sus presuntos integrantes fueron judicializados y 14 de sus bienes afectados con fines de extinci\u00f3n de dominio","datePublished":"2022-04-08T16:07:43+00:00","dateModified":"2022-04-08T16:07:43+00:00","mainEntityOfPage":{"@id":"https:\/\/www.fiscalia.gov.co\/colombia\/noticias\/golpe-a-los-zares-ll-seis-de-sus-presuntos-integrantes-fueron-judicializados-y-14-de-sus-bienes-afectados-con-fines-de-extincion-de-dominio\/"},"wordCount":753,"publisher":{"@id":"https:\/\/www.fiscalia.gov.co\/colombia\/#organization"},"keywords":["Derechos Humanos","Extinci\u00f3n de dominio","Fiscal Barbosa","Fiscal Franciso Barbosa","Fiscal\u00eda General de la Naci\u00f3n","Medio Ambiente"],"articleSection":["Derechos Humanos","Extinci\u00f3n de dominio","Noticias"],"inLanguage":"es-CO"},{"@type":"WebPage","@id":"https:\/\/www.fiscalia.gov.co\/colombia\/noticias\/golpe-a-los-zares-ll-seis-de-sus-presuntos-integrantes-fueron-judicializados-y-14-de-sus-bienes-afectados-con-fines-de-extincion-de-dominio\/","url":"https:\/\/www.fiscalia.gov.co\/colombia\/noticias\/golpe-a-los-zares-ll-seis-de-sus-presuntos-integrantes-fueron-judicializados-y-14-de-sus-bienes-afectados-con-fines-de-extincion-de-dominio\/","name":"Fiscal\u00eda General de la Naci\u00f3n","isPartOf":{"@id":"https:\/\/www.fiscalia.gov.co\/colombia\/#website"},"datePublished":"2022-04-08T16:07:43+00:00","dateModified":"2022-04-08T16:07:43+00:00","description":"P\u00e1gina oficial de la Fiscal\u00eda General de la Naci\u00f3n \u2013 Colombia. Garantizamos el acceso efectivo a la justicia, la verdad y la reparaci\u00f3n de las v\u00edctimas de los delitos.","breadcrumb":{"@id":"https:\/\/www.fiscalia.gov.co\/colombia\/noticias\/golpe-a-los-zares-ll-seis-de-sus-presuntos-integrantes-fueron-judicializados-y-14-de-sus-bienes-afectados-con-fines-de-extincion-de-dominio\/#breadcrumb"},"inLanguage":"es-CO","potentialAction":[{"@type":"ReadAction","target":["https:\/\/www.fiscalia.gov.co\/colombia\/noticias\/golpe-a-los-zares-ll-seis-de-sus-presuntos-integrantes-fueron-judicializados-y-14-de-sus-bienes-afectados-con-fines-de-extincion-de-dominio\/"]}]},{"@type":"BreadcrumbList","@id":"https:\/\/www.fiscalia.gov.co\/colombia\/noticias\/golpe-a-los-zares-ll-seis-de-sus-presuntos-integrantes-fueron-judicializados-y-14-de-sus-bienes-afectados-con-fines-de-extincion-de-dominio\/#breadcrumb","itemListElement":[{"@type":"ListItem","position":1,"name":"Home","item":"https:\/\/www.fiscalia.gov.co\/colombia\/"},{"@type":"ListItem","position":2,"name":"Golpe a los \u2018Zares ll\u2019: seis de sus presuntos integrantes fueron judicializados y 14 de sus bienes afectados con fines de extinci\u00f3n de dominio"}]},{"@type":"WebSite","@id":"https:\/\/www.fiscalia.gov.co\/colombia\/#website","url":"https:\/\/www.fiscalia.gov.co\/colombia\/","name":"Fiscal\u00eda General de la Naci\u00f3n","description":"P\u00e1gina oficial de la Fiscal\u00eda General de la Naci\u00f3n \u2013 Colombia. Garantizamos el acceso efectivo a la justicia, la verdad y la reparaci\u00f3n de las v\u00edctimas de los delitos.","publisher":{"@id":"https:\/\/www.fiscalia.gov.co\/colombia\/#organization"},"potentialAction":[{"@type":"SearchAction","target":{"@type":"EntryPoint","urlTemplate":"https:\/\/www.fiscalia.gov.co\/colombia\/?s={search_term_string}"},"query-input":{"@type":"PropertyValueSpecification","valueRequired":true,"valueName":"search_term_string"}}],"inLanguage":"es-CO"},{"@type":"Organization","@id":"https:\/\/www.fiscalia.gov.co\/colombia\/#organization","name":"Fiscal\u00eda General de la Naci\u00f3n","url":"https:\/\/www.fiscalia.gov.co\/colombia\/","logo":{"@type":"ImageObject","inLanguage":"es-CO","@id":"https:\/\/www.fiscalia.gov.co\/colombia\/#\/schema\/logo\/image\/","url":"https:\/\/www.fiscalia.gov.co\/colombia\/wp-content\/uploads\/LogoHorizontal_1.jpg","contentUrl":"https:\/\/www.fiscalia.gov.co\/colombia\/wp-content\/uploads\/LogoHorizontal_1.jpg","width":300,"height":90,"caption":"Fiscal\u00eda General de la Naci\u00f3n"},"image":{"@id":"https:\/\/www.fiscalia.gov.co\/colombia\/#\/schema\/logo\/image\/"},"sameAs":["https:\/\/www.facebook.com\/FiscaliaCol","https:\/\/x.com\/FiscaliaCol","https:\/\/www.instagram.com\/fiscaliacol","https:\/\/www.linkedin.com\/company\/fiscalia-general-de-la-naci-n\/","https:\/\/youtube.com\/@fiscaliageneraldelanacion-4668?si=6nN79nyQICPU5iTh"]},{"@type":"Person","@id":"https:\/\/www.fiscalia.gov.co\/colombia\/#\/schema\/person\/bf84402cf293a5393e9c70b111020b24","name":"Jordan Leandro Oviedo Anzola","image":{"@type":"ImageObject","inLanguage":"es-CO","@id":"https:\/\/www.fiscalia.gov.co\/colombia\/#\/schema\/person\/image\/","url":"https:\/\/secure.gravatar.com\/avatar\/dabba4346fa9b9207d96adafa8f92721?s=96&d=mm&r=g","contentUrl":"https:\/\/secure.gravatar.com\/avatar\/dabba4346fa9b9207d96adafa8f92721?s=96&d=mm&r=g","caption":"Jordan Leandro Oviedo Anzola"},"url":"https:\/\/www.fiscalia.gov.co\/colombia\/author\/joviedo\/"}]}},"_links":{"self":[{"href":"https:\/\/www.fiscalia.gov.co\/colombia\/wp-json\/wp\/v2\/posts\/245729","targetHints":{"allow":["GET"]}}],"collection":[{"href":"https:\/\/www.fiscalia.gov.co\/colombia\/wp-json\/wp\/v2\/posts"}],"about":[{"href":"https:\/\/www.fiscalia.gov.co\/colombia\/wp-json\/wp\/v2\/types\/post"}],"author":[{"embeddable":true,"href":"https:\/\/www.fiscalia.gov.co\/colombia\/wp-json\/wp\/v2\/users\/177"}],"replies":[{"embeddable":true,"href":"https:\/\/www.fiscalia.gov.co\/colombia\/wp-json\/wp\/v2\/comments?post=245729"}],"version-history":[{"count":1,"href":"https:\/\/www.fiscalia.gov.co\/colombia\/wp-json\/wp\/v2\/posts\/245729\/revisions"}],"predecessor-version":[{"id":245731,"href":"https:\/\/www.fiscalia.gov.co\/colombia\/wp-json\/wp\/v2\/posts\/245729\/revisions\/245731"}],"wp:attachment":[{"href":"https:\/\/www.fiscalia.gov.co\/colombia\/wp-json\/wp\/v2\/media?parent=245729"}],"wp:term":[{"taxonomy":"category","embeddable":true,"href":"https:\/\/www.fiscalia.gov.co\/colombia\/wp-json\/wp\/v2\/categories?post=245729"},{"taxonomy":"post_tag","embeddable":true,"href":"https:\/\/www.fiscalia.gov.co\/colombia\/wp-json\/wp\/v2\/tags?post=245729"}],"curies":[{"name":"wp","href":"https:\/\/api.w.org\/{rel}","templated":true}]}}