{"id":245452,"date":"2022-04-06T09:40:14","date_gmt":"2022-04-06T14:40:14","guid":{"rendered":"https:\/\/www.fiscalia.gov.co\/colombia\/?p=245452"},"modified":"2022-04-13T16:09:16","modified_gmt":"2022-04-13T21:09:16","slug":"caen-los-yuca-red-delincuencial-senalada-de-falsificar-dolares-y-pesos-colombianos-a-gran-escala","status":"publish","type":"post","link":"https:\/\/www.fiscalia.gov.co\/colombia\/noticias\/caen-los-yuca-red-delincuencial-senalada-de-falsificar-dolares-y-pesos-colombianos-a-gran-escala\/","title":{"rendered":"Caen \u2018Los Yuca\u2019, red delincuencial se\u00f1alada de falsificar d\u00f3lares y pesos colombianos a gran escala"},"content":{"rendered":"<h4><strong><em>Las investigaciones dan cuenta de m\u00faltiples modalidades de venta y estafas con la moneda nacional y extranjera a las que habr\u00eda recurrido la organizaci\u00f3n, entre estas la suplantaci\u00f3n de autoridades y el supuesto hallazgo de una caleta con d\u00f3lares.<\/em><\/strong><\/h4>\n<p>Abundante material de prueba obtenido por la Fiscal\u00eda General de la Naci\u00f3n, en un trabajo conjunto con la Polic\u00eda Nacional, puso en evidencia a \u2018Los Yuca\u2019, considerada una de las m\u00e1s grandes redes de falsificaci\u00f3n de d\u00f3lares y pesos colombianos.<\/p>\n<p>Esta estructura habr\u00eda montado centros ilegales de producci\u00f3n en casas de familia en Bogot\u00e1. En estos puntos elaboraba billetes de diferentes denominaciones y realizaba env\u00edos a diferentes ciudades, donde eran vendidos a un menor precio a comerciantes, transportadores y otros sectores econ\u00f3micos.<\/p>\n<p>Asimismo, hay evidencia de que \u2018Los Yuca\u2019, presuntamente, llevaban d\u00f3lares falsos a zona de frontera con Ecuador y los entregaban a enlaces que se encargaban de introducirlos y ponerlos a circular en el sistema financiero de ese pa\u00eds.<\/p>\n<p>Las labores investigativas dan cuenta de que la red tambi\u00e9n recurr\u00eda a diferentes modalidades de estafa. En una de estas, el se\u00f1alado cabecilla, al parecer, se hac\u00eda pasar como integrante de la fuerza p\u00fablica o del INPEC, contactaba a personas en diferentes regiones y les ofrec\u00edan d\u00f3lares a un costo muy por debajo de la tasa representativa del mercado porque, supuestamente, los hab\u00eda encontrado en una caleta.<\/p>\n<p>Las v\u00edctimas que cre\u00edan en estos ofrecimientos entregaban sus ahorros y a cambio recib\u00edan billetes falsos.<\/p>\n<p><strong><u>Captura y judicializaci\u00f3n<\/u><\/strong><\/p>\n<p>Franking Pe\u00f1a Garz\u00f3n, alias El Capi, ser\u00eda el cabecilla de \u2018Los Yuca\u2019 y el encargado de administrar dos inmuebles donde se falsificaba la moneda nacional y extranjera mediante el uso de plantillas, tintas, telas, imprentas y otros elementos. De otra parte, la compa\u00f1era sentimental de este hombre, Angie Carolina Carvajal Castro, presuntamente \u2018maquillaba\u2019 y les mejoraba la apariencia a los billetes.<\/p>\n<p>Esta pareja y otras nueve personas fueron capturadas en diligencias de registro y allanamiento realizadas en las localidades de Los M\u00e1rtires, Rafael Uribe Uribe, Suba, Usme y Tunjuelito, en Bogot\u00e1. En los procedimientos fueron incautados 143\u2019682.000 pesos colombianos y 57.621 d\u00f3lares falsos. Adem\u00e1s, se encontraron prendas del INPEC y de las fuerzas militares, sellos, maquinaria y otros art\u00edculos.<\/p>\n<p>Uno de los presuntos articuladores de la estructura, identificado como Helberth Yesid S\u00e1nchez Sotelo fue notificado en centro carcelario y vinculado a la investigaci\u00f3n.<\/p>\n<p>Una fiscal de la Direcci\u00f3n Especializada contra las Organizaciones Criminales imput\u00f3 a \u2018Los Yuca\u2019 los delitos de: falsificaci\u00f3n de moneda nacional o extranjera, tr\u00e1fico de moneda falsificada y concierto para delinquir. Por disposici\u00f3n del juez de control de garant\u00edas, los procesados deber\u00e1n cumplir medidas de aseguramiento privativas de la libertad.<\/p>\n<p>Esta informaci\u00f3n se publica por razones de inter\u00e9s general.<\/p>\n<p><strong>La Fiscal\u00eda habla con resultados.<\/strong><\/p>\n<p>&nbsp;<\/p>\n<p>&nbsp;<\/p>\n<p>LMBG\/JARG\/NJMA\/MRC\/DECOC.<\/p>\n<p>&nbsp;<\/p>\n<p>&nbsp;<\/p>\n<div class=\"td-post-content tagdiv-type\">\n<p><i><span lang=\"ES\">La informaci\u00f3n contenida en este bolet\u00edn de prensa corresponde a la narraci\u00f3n de los hechos noticiosos objetivos, suministrados por los funcionarios encargados de adelantar las investigaciones penales al interior de la Fiscal\u00eda General de la Naci\u00f3n. Para el momento de la divulgaci\u00f3n de este comunicado, la situaci\u00f3n jur\u00eddica de la(s) persona(s) relacionada(s) se encuentra pendiente de resolver por la autoridad judicial competente, siempre bajo los preceptos de la presunci\u00f3n de inocencia, consagrados en el art\u00edculo 29 de la Constituci\u00f3n Pol\u00edtica y el art\u00edculo 7\u00ba de la Ley 906 de 2004.<\/span><\/i><i><span lang=\"ES\"><u><\/u>\u00a0<\/span><\/i><\/p>\n<\/div>\n\n<div class=\"twitter-share\"><a href=\"https:\/\/twitter.com\/intent\/tweet?via=fiscaliacol\" class=\"twitter-share-button\">Tweet<\/a><\/div>\n","protected":false},"excerpt":{"rendered":"<p>Las investigaciones dan cuenta de m\u00faltiples modalidades de venta y estafas con la moneda nacional y extranjera a las que habr\u00eda recurrido la organizaci\u00f3n, entre estas la suplantaci\u00f3n de autoridades [&hellip;]<\/p>\n","protected":false},"author":177,"featured_media":0,"comment_status":"closed","ping_status":"open","sticky":false,"template":"","format":"video","meta":{"tdm_status":"","tdm_grid_status":"","footnotes":""},"categories":[24098,1],"tags":[7484,1056,162,24185,24188,1047,12755],"class_list":["post-245452","post","type-post","status-publish","format-video","category-crimen-organizado","category-noticias","tag-crimen-organizado","tag-dolares","tag-falsificacion","tag-fiscal-barbosa","tag-fiscal-francisco-barbosa","tag-fiscalia-general-de-la-nacion","tag-pesos-colombianos","post_format-post-format-video"],"yoast_head":"<!-- This site is optimized with the Yoast SEO plugin v24.3 - https:\/\/yoast.com\/wordpress\/plugins\/seo\/ -->\n<title>Fiscal\u00eda General de la Naci\u00f3n<\/title>\n<meta name=\"description\" content=\"P\u00e1gina oficial de la Fiscal\u00eda General de la Naci\u00f3n \u2013 Colombia. Garantizamos el acceso efectivo a la justicia, la verdad y la reparaci\u00f3n de las v\u00edctimas de los delitos.\" \/>\n<meta name=\"robots\" content=\"noindex, follow\" \/>\n<meta property=\"og:locale\" content=\"es_ES\" \/>\n<meta property=\"og:type\" content=\"article\" \/>\n<meta property=\"og:title\" content=\"Fiscal\u00eda General de la Naci\u00f3n\" \/>\n<meta property=\"og:description\" content=\"P\u00e1gina oficial de la Fiscal\u00eda General de la Naci\u00f3n \u2013 Colombia. Garantizamos el acceso efectivo a la justicia, la verdad y la reparaci\u00f3n de las v\u00edctimas de los delitos.\" \/>\n<meta property=\"og:url\" content=\"https:\/\/www.fiscalia.gov.co\/colombia\/noticias\/caen-los-yuca-red-delincuencial-senalada-de-falsificar-dolares-y-pesos-colombianos-a-gran-escala\/\" \/>\n<meta property=\"og:site_name\" content=\"Fiscal\u00eda General de la Naci\u00f3n\" \/>\n<meta property=\"article:publisher\" content=\"https:\/\/www.facebook.com\/FiscaliaCol\" \/>\n<meta property=\"article:published_time\" content=\"2022-04-06T14:40:14+00:00\" \/>\n<meta property=\"article:modified_time\" content=\"2022-04-13T21:09:16+00:00\" \/>\n<meta name=\"author\" content=\"Jordan Leandro Oviedo Anzola\" \/>\n<meta name=\"twitter:card\" content=\"summary_large_image\" \/>\n<meta name=\"twitter:creator\" content=\"@FiscaliaCol\" \/>\n<meta name=\"twitter:site\" content=\"@FiscaliaCol\" \/>\n<meta name=\"twitter:label1\" content=\"Escrito por\" \/>\n\t<meta name=\"twitter:data1\" content=\"Jordan Leandro Oviedo Anzola\" \/>\n\t<meta name=\"twitter:label2\" content=\"Tiempo de lectura\" \/>\n\t<meta name=\"twitter:data2\" content=\"3 minutos\" \/>\n<script type=\"application\/ld+json\" class=\"yoast-schema-graph\">{\"@context\":\"https:\/\/schema.org\",\"@graph\":[{\"@type\":\"Article\",\"@id\":\"https:\/\/www.fiscalia.gov.co\/colombia\/noticias\/caen-los-yuca-red-delincuencial-senalada-de-falsificar-dolares-y-pesos-colombianos-a-gran-escala\/#article\",\"isPartOf\":{\"@id\":\"https:\/\/www.fiscalia.gov.co\/colombia\/noticias\/caen-los-yuca-red-delincuencial-senalada-de-falsificar-dolares-y-pesos-colombianos-a-gran-escala\/\"},\"author\":{\"name\":\"Jordan Leandro Oviedo Anzola\",\"@id\":\"https:\/\/www.fiscalia.gov.co\/colombia\/#\/schema\/person\/bf84402cf293a5393e9c70b111020b24\"},\"headline\":\"Caen \u2018Los Yuca\u2019, red delincuencial se\u00f1alada de falsificar d\u00f3lares y pesos colombianos a gran escala\",\"datePublished\":\"2022-04-06T14:40:14+00:00\",\"dateModified\":\"2022-04-13T21:09:16+00:00\",\"mainEntityOfPage\":{\"@id\":\"https:\/\/www.fiscalia.gov.co\/colombia\/noticias\/caen-los-yuca-red-delincuencial-senalada-de-falsificar-dolares-y-pesos-colombianos-a-gran-escala\/\"},\"wordCount\":626,\"publisher\":{\"@id\":\"https:\/\/www.fiscalia.gov.co\/colombia\/#organization\"},\"keywords\":[\"Crimen organizado\",\"D\u00f3lares\",\"Falsificaci\u00f3n\",\"Fiscal Barbosa\",\"Fiscal Francisco Barbosa\",\"Fiscal\u00eda General de la Naci\u00f3n\",\"Pesos colombianos\"],\"articleSection\":[\"Crimen organizado\",\"Noticias\"],\"inLanguage\":\"es-CO\"},{\"@type\":\"WebPage\",\"@id\":\"https:\/\/www.fiscalia.gov.co\/colombia\/noticias\/caen-los-yuca-red-delincuencial-senalada-de-falsificar-dolares-y-pesos-colombianos-a-gran-escala\/\",\"url\":\"https:\/\/www.fiscalia.gov.co\/colombia\/noticias\/caen-los-yuca-red-delincuencial-senalada-de-falsificar-dolares-y-pesos-colombianos-a-gran-escala\/\",\"name\":\"Fiscal\u00eda General de la Naci\u00f3n\",\"isPartOf\":{\"@id\":\"https:\/\/www.fiscalia.gov.co\/colombia\/#website\"},\"datePublished\":\"2022-04-06T14:40:14+00:00\",\"dateModified\":\"2022-04-13T21:09:16+00:00\",\"description\":\"P\u00e1gina oficial de la Fiscal\u00eda General de la Naci\u00f3n \u2013 Colombia. Garantizamos el acceso efectivo a la justicia, la verdad y la reparaci\u00f3n de las v\u00edctimas de los delitos.\",\"breadcrumb\":{\"@id\":\"https:\/\/www.fiscalia.gov.co\/colombia\/noticias\/caen-los-yuca-red-delincuencial-senalada-de-falsificar-dolares-y-pesos-colombianos-a-gran-escala\/#breadcrumb\"},\"inLanguage\":\"es-CO\",\"potentialAction\":[{\"@type\":\"ReadAction\",\"target\":[\"https:\/\/www.fiscalia.gov.co\/colombia\/noticias\/caen-los-yuca-red-delincuencial-senalada-de-falsificar-dolares-y-pesos-colombianos-a-gran-escala\/\"]}]},{\"@type\":\"BreadcrumbList\",\"@id\":\"https:\/\/www.fiscalia.gov.co\/colombia\/noticias\/caen-los-yuca-red-delincuencial-senalada-de-falsificar-dolares-y-pesos-colombianos-a-gran-escala\/#breadcrumb\",\"itemListElement\":[{\"@type\":\"ListItem\",\"position\":1,\"name\":\"Home\",\"item\":\"https:\/\/www.fiscalia.gov.co\/colombia\/\"},{\"@type\":\"ListItem\",\"position\":2,\"name\":\"Caen \u2018Los Yuca\u2019, red delincuencial se\u00f1alada de falsificar d\u00f3lares y pesos colombianos a gran escala\"}]},{\"@type\":\"WebSite\",\"@id\":\"https:\/\/www.fiscalia.gov.co\/colombia\/#website\",\"url\":\"https:\/\/www.fiscalia.gov.co\/colombia\/\",\"name\":\"Fiscal\u00eda General de la Naci\u00f3n\",\"description\":\"P\u00e1gina oficial de la Fiscal\u00eda General de la Naci\u00f3n \u2013 Colombia. Garantizamos el acceso efectivo a la justicia, la verdad y la reparaci\u00f3n de las v\u00edctimas de los delitos.\",\"publisher\":{\"@id\":\"https:\/\/www.fiscalia.gov.co\/colombia\/#organization\"},\"potentialAction\":[{\"@type\":\"SearchAction\",\"target\":{\"@type\":\"EntryPoint\",\"urlTemplate\":\"https:\/\/www.fiscalia.gov.co\/colombia\/?s={search_term_string}\"},\"query-input\":{\"@type\":\"PropertyValueSpecification\",\"valueRequired\":true,\"valueName\":\"search_term_string\"}}],\"inLanguage\":\"es-CO\"},{\"@type\":\"Organization\",\"@id\":\"https:\/\/www.fiscalia.gov.co\/colombia\/#organization\",\"name\":\"Fiscal\u00eda General de la Naci\u00f3n\",\"url\":\"https:\/\/www.fiscalia.gov.co\/colombia\/\",\"logo\":{\"@type\":\"ImageObject\",\"inLanguage\":\"es-CO\",\"@id\":\"https:\/\/www.fiscalia.gov.co\/colombia\/#\/schema\/logo\/image\/\",\"url\":\"https:\/\/www.fiscalia.gov.co\/colombia\/wp-content\/uploads\/LogoHorizontal_1.jpg\",\"contentUrl\":\"https:\/\/www.fiscalia.gov.co\/colombia\/wp-content\/uploads\/LogoHorizontal_1.jpg\",\"width\":300,\"height\":90,\"caption\":\"Fiscal\u00eda General de la Naci\u00f3n\"},\"image\":{\"@id\":\"https:\/\/www.fiscalia.gov.co\/colombia\/#\/schema\/logo\/image\/\"},\"sameAs\":[\"https:\/\/www.facebook.com\/FiscaliaCol\",\"https:\/\/x.com\/FiscaliaCol\",\"https:\/\/www.instagram.com\/fiscaliacol\",\"https:\/\/www.linkedin.com\/company\/fiscalia-general-de-la-naci-n\/\",\"https:\/\/youtube.com\/@fiscaliageneraldelanacion-4668?si=6nN79nyQICPU5iTh\"]},{\"@type\":\"Person\",\"@id\":\"https:\/\/www.fiscalia.gov.co\/colombia\/#\/schema\/person\/bf84402cf293a5393e9c70b111020b24\",\"name\":\"Jordan Leandro Oviedo Anzola\",\"image\":{\"@type\":\"ImageObject\",\"inLanguage\":\"es-CO\",\"@id\":\"https:\/\/www.fiscalia.gov.co\/colombia\/#\/schema\/person\/image\/\",\"url\":\"https:\/\/secure.gravatar.com\/avatar\/dabba4346fa9b9207d96adafa8f92721?s=96&d=mm&r=g\",\"contentUrl\":\"https:\/\/secure.gravatar.com\/avatar\/dabba4346fa9b9207d96adafa8f92721?s=96&d=mm&r=g\",\"caption\":\"Jordan Leandro Oviedo Anzola\"},\"url\":\"https:\/\/www.fiscalia.gov.co\/colombia\/author\/joviedo\/\"}]}<\/script>\n<!-- \/ Yoast SEO plugin. -->","yoast_head_json":{"title":"Fiscal\u00eda General de la Naci\u00f3n","description":"P\u00e1gina oficial de la Fiscal\u00eda General de la Naci\u00f3n \u2013 Colombia. Garantizamos el acceso efectivo a la justicia, la verdad y la reparaci\u00f3n de las v\u00edctimas de los delitos.","robots":{"index":"noindex","follow":"follow"},"og_locale":"es_ES","og_type":"article","og_title":"Fiscal\u00eda General de la Naci\u00f3n","og_description":"P\u00e1gina oficial de la Fiscal\u00eda General de la Naci\u00f3n \u2013 Colombia. Garantizamos el acceso efectivo a la justicia, la verdad y la reparaci\u00f3n de las v\u00edctimas de los delitos.","og_url":"https:\/\/www.fiscalia.gov.co\/colombia\/noticias\/caen-los-yuca-red-delincuencial-senalada-de-falsificar-dolares-y-pesos-colombianos-a-gran-escala\/","og_site_name":"Fiscal\u00eda General de la Naci\u00f3n","article_publisher":"https:\/\/www.facebook.com\/FiscaliaCol","article_published_time":"2022-04-06T14:40:14+00:00","article_modified_time":"2022-04-13T21:09:16+00:00","author":"Jordan Leandro Oviedo Anzola","twitter_card":"summary_large_image","twitter_creator":"@FiscaliaCol","twitter_site":"@FiscaliaCol","twitter_misc":{"Escrito por":"Jordan Leandro Oviedo Anzola","Tiempo de lectura":"3 minutos"},"schema":{"@context":"https:\/\/schema.org","@graph":[{"@type":"Article","@id":"https:\/\/www.fiscalia.gov.co\/colombia\/noticias\/caen-los-yuca-red-delincuencial-senalada-de-falsificar-dolares-y-pesos-colombianos-a-gran-escala\/#article","isPartOf":{"@id":"https:\/\/www.fiscalia.gov.co\/colombia\/noticias\/caen-los-yuca-red-delincuencial-senalada-de-falsificar-dolares-y-pesos-colombianos-a-gran-escala\/"},"author":{"name":"Jordan Leandro Oviedo Anzola","@id":"https:\/\/www.fiscalia.gov.co\/colombia\/#\/schema\/person\/bf84402cf293a5393e9c70b111020b24"},"headline":"Caen \u2018Los Yuca\u2019, red delincuencial se\u00f1alada de falsificar d\u00f3lares y pesos colombianos a gran escala","datePublished":"2022-04-06T14:40:14+00:00","dateModified":"2022-04-13T21:09:16+00:00","mainEntityOfPage":{"@id":"https:\/\/www.fiscalia.gov.co\/colombia\/noticias\/caen-los-yuca-red-delincuencial-senalada-de-falsificar-dolares-y-pesos-colombianos-a-gran-escala\/"},"wordCount":626,"publisher":{"@id":"https:\/\/www.fiscalia.gov.co\/colombia\/#organization"},"keywords":["Crimen organizado","D\u00f3lares","Falsificaci\u00f3n","Fiscal Barbosa","Fiscal Francisco Barbosa","Fiscal\u00eda General de la Naci\u00f3n","Pesos colombianos"],"articleSection":["Crimen organizado","Noticias"],"inLanguage":"es-CO"},{"@type":"WebPage","@id":"https:\/\/www.fiscalia.gov.co\/colombia\/noticias\/caen-los-yuca-red-delincuencial-senalada-de-falsificar-dolares-y-pesos-colombianos-a-gran-escala\/","url":"https:\/\/www.fiscalia.gov.co\/colombia\/noticias\/caen-los-yuca-red-delincuencial-senalada-de-falsificar-dolares-y-pesos-colombianos-a-gran-escala\/","name":"Fiscal\u00eda General de la Naci\u00f3n","isPartOf":{"@id":"https:\/\/www.fiscalia.gov.co\/colombia\/#website"},"datePublished":"2022-04-06T14:40:14+00:00","dateModified":"2022-04-13T21:09:16+00:00","description":"P\u00e1gina oficial de la Fiscal\u00eda General de la Naci\u00f3n \u2013 Colombia. Garantizamos el acceso efectivo a la justicia, la verdad y la reparaci\u00f3n de las v\u00edctimas de los delitos.","breadcrumb":{"@id":"https:\/\/www.fiscalia.gov.co\/colombia\/noticias\/caen-los-yuca-red-delincuencial-senalada-de-falsificar-dolares-y-pesos-colombianos-a-gran-escala\/#breadcrumb"},"inLanguage":"es-CO","potentialAction":[{"@type":"ReadAction","target":["https:\/\/www.fiscalia.gov.co\/colombia\/noticias\/caen-los-yuca-red-delincuencial-senalada-de-falsificar-dolares-y-pesos-colombianos-a-gran-escala\/"]}]},{"@type":"BreadcrumbList","@id":"https:\/\/www.fiscalia.gov.co\/colombia\/noticias\/caen-los-yuca-red-delincuencial-senalada-de-falsificar-dolares-y-pesos-colombianos-a-gran-escala\/#breadcrumb","itemListElement":[{"@type":"ListItem","position":1,"name":"Home","item":"https:\/\/www.fiscalia.gov.co\/colombia\/"},{"@type":"ListItem","position":2,"name":"Caen \u2018Los Yuca\u2019, red delincuencial se\u00f1alada de falsificar d\u00f3lares y pesos colombianos a gran escala"}]},{"@type":"WebSite","@id":"https:\/\/www.fiscalia.gov.co\/colombia\/#website","url":"https:\/\/www.fiscalia.gov.co\/colombia\/","name":"Fiscal\u00eda General de la Naci\u00f3n","description":"P\u00e1gina oficial de la Fiscal\u00eda General de la Naci\u00f3n \u2013 Colombia. Garantizamos el acceso efectivo a la justicia, la verdad y la reparaci\u00f3n de las v\u00edctimas de los delitos.","publisher":{"@id":"https:\/\/www.fiscalia.gov.co\/colombia\/#organization"},"potentialAction":[{"@type":"SearchAction","target":{"@type":"EntryPoint","urlTemplate":"https:\/\/www.fiscalia.gov.co\/colombia\/?s={search_term_string}"},"query-input":{"@type":"PropertyValueSpecification","valueRequired":true,"valueName":"search_term_string"}}],"inLanguage":"es-CO"},{"@type":"Organization","@id":"https:\/\/www.fiscalia.gov.co\/colombia\/#organization","name":"Fiscal\u00eda General de la Naci\u00f3n","url":"https:\/\/www.fiscalia.gov.co\/colombia\/","logo":{"@type":"ImageObject","inLanguage":"es-CO","@id":"https:\/\/www.fiscalia.gov.co\/colombia\/#\/schema\/logo\/image\/","url":"https:\/\/www.fiscalia.gov.co\/colombia\/wp-content\/uploads\/LogoHorizontal_1.jpg","contentUrl":"https:\/\/www.fiscalia.gov.co\/colombia\/wp-content\/uploads\/LogoHorizontal_1.jpg","width":300,"height":90,"caption":"Fiscal\u00eda General de la Naci\u00f3n"},"image":{"@id":"https:\/\/www.fiscalia.gov.co\/colombia\/#\/schema\/logo\/image\/"},"sameAs":["https:\/\/www.facebook.com\/FiscaliaCol","https:\/\/x.com\/FiscaliaCol","https:\/\/www.instagram.com\/fiscaliacol","https:\/\/www.linkedin.com\/company\/fiscalia-general-de-la-naci-n\/","https:\/\/youtube.com\/@fiscaliageneraldelanacion-4668?si=6nN79nyQICPU5iTh"]},{"@type":"Person","@id":"https:\/\/www.fiscalia.gov.co\/colombia\/#\/schema\/person\/bf84402cf293a5393e9c70b111020b24","name":"Jordan Leandro Oviedo Anzola","image":{"@type":"ImageObject","inLanguage":"es-CO","@id":"https:\/\/www.fiscalia.gov.co\/colombia\/#\/schema\/person\/image\/","url":"https:\/\/secure.gravatar.com\/avatar\/dabba4346fa9b9207d96adafa8f92721?s=96&d=mm&r=g","contentUrl":"https:\/\/secure.gravatar.com\/avatar\/dabba4346fa9b9207d96adafa8f92721?s=96&d=mm&r=g","caption":"Jordan Leandro Oviedo Anzola"},"url":"https:\/\/www.fiscalia.gov.co\/colombia\/author\/joviedo\/"}]}},"_links":{"self":[{"href":"https:\/\/www.fiscalia.gov.co\/colombia\/wp-json\/wp\/v2\/posts\/245452","targetHints":{"allow":["GET"]}}],"collection":[{"href":"https:\/\/www.fiscalia.gov.co\/colombia\/wp-json\/wp\/v2\/posts"}],"about":[{"href":"https:\/\/www.fiscalia.gov.co\/colombia\/wp-json\/wp\/v2\/types\/post"}],"author":[{"embeddable":true,"href":"https:\/\/www.fiscalia.gov.co\/colombia\/wp-json\/wp\/v2\/users\/177"}],"replies":[{"embeddable":true,"href":"https:\/\/www.fiscalia.gov.co\/colombia\/wp-json\/wp\/v2\/comments?post=245452"}],"version-history":[{"count":1,"href":"https:\/\/www.fiscalia.gov.co\/colombia\/wp-json\/wp\/v2\/posts\/245452\/revisions"}],"predecessor-version":[{"id":245453,"href":"https:\/\/www.fiscalia.gov.co\/colombia\/wp-json\/wp\/v2\/posts\/245452\/revisions\/245453"}],"wp:attachment":[{"href":"https:\/\/www.fiscalia.gov.co\/colombia\/wp-json\/wp\/v2\/media?parent=245452"}],"wp:term":[{"taxonomy":"category","embeddable":true,"href":"https:\/\/www.fiscalia.gov.co\/colombia\/wp-json\/wp\/v2\/categories?post=245452"},{"taxonomy":"post_tag","embeddable":true,"href":"https:\/\/www.fiscalia.gov.co\/colombia\/wp-json\/wp\/v2\/tags?post=245452"}],"curies":[{"name":"wp","href":"https:\/\/api.w.org\/{rel}","templated":true}]}}