{"id":245395,"date":"2022-04-05T16:56:36","date_gmt":"2022-04-05T21:56:36","guid":{"rendered":"https:\/\/www.fiscalia.gov.co\/colombia\/?p=245395"},"modified":"2022-04-13T16:05:18","modified_gmt":"2022-04-13T21:05:18","slug":"imputados-presuntos-responsables-de-estafar-a-76-familias-que-invirtieron-1-935-millones-en-un-plan-de-vivienda","status":"publish","type":"post","link":"https:\/\/www.fiscalia.gov.co\/colombia\/noticias\/imputados-presuntos-responsables-de-estafar-a-76-familias-que-invirtieron-1-935-millones-en-un-plan-de-vivienda\/","title":{"rendered":"Imputados presuntos responsables de estafar a 76 familias que invirtieron $1.935 millones en un plan de vivienda"},"content":{"rendered":"<p dir=\"auto\">Un fiscal adscrito a la Direcci\u00f3n Seccional de Fiscalias de Santander logr\u00f3 que fueron imputadas cinco\u00a0\u00a0personas investigadas por las presuntas irregularidades presentadas en el proyecto La Coru\u00f1a, promovido por la Asociaci\u00f3n de Vivienda Cachalu en el municipio de San Gil (Santander), por los delitos de Estafa agravada y urbanizaci\u00f3n ilegal.<\/p>\n<p>Dicha asociaci\u00f3n habr\u00eda recaudado m\u00e1s de $1.935 millones de 76 familias que invirtieron sus ahorros en este proyecto urban\u00edstico entre 2013 y 2017 y que\u00a0contemplaba la construcci\u00f3n de 4 torres de 5 pisos, 60 parqueaderos y 15 locales comerciales.<\/p>\n<p>De acuerdo con la investigaci\u00f3n, s\u00f3lo se construy\u00f3 una torre de manera parcial y, al parecer, se les ha venido mintiendo a los compradores a quienes, en algunos casos, les han entregado escrituras de inmuebles que no se han construido.<\/p>\n<p>Los imputados son Martin Emilio Rodr\u00edguez Salazar,\u00a0Patrocinio Salazar G\u00f3mez, Sonia, Consuelo R\u00edos Vel\u00e1squez, Cindy Melissa Wandurraga R\u00edos y Sandra Milena Bautista Merch\u00e1n, cobijados\u00a0con medidas privativas de la libertad.<\/p>\n<p><strong>La Fiscal\u00eda habla con resultados.<\/strong><\/p>\n<p>&nbsp;<\/p>\n<p>&nbsp;<\/p>\n<p>DSSDER\/DRA\/ORA\/CFG<\/p>\n<p>&nbsp;<\/p>\n<p>&nbsp;<\/p>\n<p><em>La informaci\u00f3n contenida en este bolet\u00edn de prensa corresponde a la narraci\u00f3n de los hechos noticiosos objetivos, y las investigaciones penales al interior de la Fiscal\u00eda General de la Naci\u00f3n. Para el momento de la divulgaci\u00f3n de este comunicado, la situaci\u00f3n jur\u00eddica de la(s) persona(s) relacionada(s) se encuentra pendiente de resolver por la autoridad judicial competente, siempre bajo los preceptos de la presunci\u00f3n de inocencia, consagrados en el art\u00edculo 29 de la Constituci\u00f3n Pol\u00edtica y el art\u00edculo 7\u00ba de la Ley 906 de 2004.<\/em><\/p>\n\n<div class=\"twitter-share\"><a href=\"https:\/\/twitter.com\/intent\/tweet?via=fiscaliacol\" class=\"twitter-share-button\">Tweet<\/a><\/div>\n","protected":false},"excerpt":{"rendered":"<p>Un fiscal adscrito a la Direcci\u00f3n Seccional de Fiscalias de Santander logr\u00f3 que fueron imputadas cinco\u00a0\u00a0personas investigadas por las presuntas irregularidades presentadas en el proyecto La Coru\u00f1a, promovido por la Asociaci\u00f3n de Vivienda Cachalu en el municipio de San Gil (Santander), por los delitos de Estafa agravada y urbanizaci\u00f3n ilegal. Dicha asociaci\u00f3n habr\u00eda recaudado m\u00e1s [&hellip;]<\/p>\n","protected":false},"author":177,"featured_media":246038,"comment_status":"closed","ping_status":"open","sticky":false,"template":"","format":"video","meta":{"_price":"","_stock":"","_tribe_ticket_header":"","_tribe_default_ticket_provider":"","_tribe_ticket_capacity":"0","_ticket_start_date":"","_ticket_end_date":"","_tribe_ticket_show_description":"","_tribe_ticket_show_not_going":false,"_tribe_ticket_use_global_stock":"","_tribe_ticket_global_stock_level":"","_global_stock_mode":"","_global_stock_cap":"","_tribe_rsvp_for_event":"","_tribe_ticket_going_count":"","_tribe_ticket_not_going_count":"","_tribe_tickets_list":"[]","_tribe_ticket_has_attendee_info_fields":false,"tdm_status":"","tdm_grid_status":"","footnotes":""},"categories":[1,322,303],"tags":[653,24185,4614,1561],"class_list":{"0":"post-245395","1":"post","2":"type-post","3":"status-publish","4":"format-video","5":"has-post-thumbnail","7":"category-noticias","8":"category-seccional-bucaramanga","9":"category-seccionales","10":"tag-estafa","11":"tag-fiscal-barbosa","12":"tag-fiscalia-2","13":"tag-santander","14":"post_format-post-format-video"},"yoast_head":"<!-- This site is optimized with the Yoast SEO plugin v24.3 - https:\/\/yoast.com\/wordpress\/plugins\/seo\/ -->\n<title>Fiscal\u00eda General de la Naci\u00f3n<\/title>\n<meta name=\"description\" content=\"P\u00e1gina oficial de la Fiscal\u00eda General de la Naci\u00f3n \u2013 Colombia. Garantizamos el acceso efectivo a la justicia, la verdad y la reparaci\u00f3n de las v\u00edctimas de los delitos.\" \/>\n<meta name=\"robots\" content=\"noindex, follow\" \/>\n<meta property=\"og:locale\" content=\"es_ES\" \/>\n<meta property=\"og:type\" content=\"article\" \/>\n<meta property=\"og:title\" content=\"Fiscal\u00eda General de la Naci\u00f3n\" \/>\n<meta property=\"og:description\" content=\"P\u00e1gina oficial de la Fiscal\u00eda General de la Naci\u00f3n \u2013 Colombia. Garantizamos el acceso efectivo a la justicia, la verdad y la reparaci\u00f3n de las v\u00edctimas de los delitos.\" \/>\n<meta property=\"og:url\" content=\"https:\/\/www.fiscalia.gov.co\/colombia\/noticias\/imputados-presuntos-responsables-de-estafar-a-76-familias-que-invirtieron-1-935-millones-en-un-plan-de-vivienda\/\" \/>\n<meta property=\"og:site_name\" content=\"Fiscal\u00eda General de la Naci\u00f3n\" \/>\n<meta property=\"article:publisher\" content=\"https:\/\/www.facebook.com\/FiscaliaCol\" \/>\n<meta property=\"article:published_time\" content=\"2022-04-05T21:56:36+00:00\" \/>\n<meta property=\"article:modified_time\" content=\"2022-04-13T21:05:18+00:00\" \/>\n<meta property=\"og:image\" content=\"https:\/\/www.fiscalia.gov.co\/colombia\/wp-content\/uploads\/maxresdefault-400.jpg\" \/>\n\t<meta property=\"og:image:width\" content=\"1280\" \/>\n\t<meta property=\"og:image:height\" content=\"720\" \/>\n\t<meta property=\"og:image:type\" content=\"image\/jpeg\" \/>\n<meta name=\"author\" content=\"Jordan Leandro Oviedo Anzola\" \/>\n<meta name=\"twitter:card\" content=\"summary_large_image\" \/>\n<meta name=\"twitter:creator\" content=\"@FiscaliaCol\" \/>\n<meta name=\"twitter:site\" content=\"@FiscaliaCol\" \/>\n<meta name=\"twitter:label1\" content=\"Escrito por\" \/>\n\t<meta name=\"twitter:data1\" content=\"Jordan Leandro Oviedo Anzola\" \/>\n\t<meta name=\"twitter:label2\" content=\"Tiempo de lectura\" \/>\n\t<meta name=\"twitter:data2\" content=\"1 minuto\" \/>\n<script type=\"application\/ld+json\" class=\"yoast-schema-graph\">{\"@context\":\"https:\/\/schema.org\",\"@graph\":[{\"@type\":\"Article\",\"@id\":\"https:\/\/www.fiscalia.gov.co\/colombia\/noticias\/imputados-presuntos-responsables-de-estafar-a-76-familias-que-invirtieron-1-935-millones-en-un-plan-de-vivienda\/#article\",\"isPartOf\":{\"@id\":\"https:\/\/www.fiscalia.gov.co\/colombia\/noticias\/imputados-presuntos-responsables-de-estafar-a-76-familias-que-invirtieron-1-935-millones-en-un-plan-de-vivienda\/\"},\"author\":{\"name\":\"Jordan Leandro Oviedo Anzola\",\"@id\":\"https:\/\/www.fiscalia.gov.co\/colombia\/#\/schema\/person\/bf84402cf293a5393e9c70b111020b24\"},\"headline\":\"Imputados presuntos responsables de estafar a 76 familias que invirtieron $1.935 millones en un plan de vivienda\",\"datePublished\":\"2022-04-05T21:56:36+00:00\",\"dateModified\":\"2022-04-13T21:05:18+00:00\",\"mainEntityOfPage\":{\"@id\":\"https:\/\/www.fiscalia.gov.co\/colombia\/noticias\/imputados-presuntos-responsables-de-estafar-a-76-familias-que-invirtieron-1-935-millones-en-un-plan-de-vivienda\/\"},\"wordCount\":295,\"publisher\":{\"@id\":\"https:\/\/www.fiscalia.gov.co\/colombia\/#organization\"},\"image\":{\"@id\":\"https:\/\/www.fiscalia.gov.co\/colombia\/noticias\/imputados-presuntos-responsables-de-estafar-a-76-familias-que-invirtieron-1-935-millones-en-un-plan-de-vivienda\/#primaryimage\"},\"thumbnailUrl\":\"https:\/\/www.fiscalia.gov.co\/colombia\/wp-content\/uploads\/maxresdefault-400.jpg\",\"keywords\":[\"Estafa\",\"Fiscal Barbosa\",\"Fiscal\u00eda\",\"Santander\"],\"articleSection\":[\"Noticias\",\"Seccional Bucaramanga\",\"Seccionales\"],\"inLanguage\":\"es-CO\"},{\"@type\":\"WebPage\",\"@id\":\"https:\/\/www.fiscalia.gov.co\/colombia\/noticias\/imputados-presuntos-responsables-de-estafar-a-76-familias-que-invirtieron-1-935-millones-en-un-plan-de-vivienda\/\",\"url\":\"https:\/\/www.fiscalia.gov.co\/colombia\/noticias\/imputados-presuntos-responsables-de-estafar-a-76-familias-que-invirtieron-1-935-millones-en-un-plan-de-vivienda\/\",\"name\":\"Fiscal\u00eda General de la Naci\u00f3n\",\"isPartOf\":{\"@id\":\"https:\/\/www.fiscalia.gov.co\/colombia\/#website\"},\"primaryImageOfPage\":{\"@id\":\"https:\/\/www.fiscalia.gov.co\/colombia\/noticias\/imputados-presuntos-responsables-de-estafar-a-76-familias-que-invirtieron-1-935-millones-en-un-plan-de-vivienda\/#primaryimage\"},\"image\":{\"@id\":\"https:\/\/www.fiscalia.gov.co\/colombia\/noticias\/imputados-presuntos-responsables-de-estafar-a-76-familias-que-invirtieron-1-935-millones-en-un-plan-de-vivienda\/#primaryimage\"},\"thumbnailUrl\":\"https:\/\/www.fiscalia.gov.co\/colombia\/wp-content\/uploads\/maxresdefault-400.jpg\",\"datePublished\":\"2022-04-05T21:56:36+00:00\",\"dateModified\":\"2022-04-13T21:05:18+00:00\",\"description\":\"P\u00e1gina oficial de la Fiscal\u00eda General de la Naci\u00f3n \u2013 Colombia. Garantizamos el acceso efectivo a la justicia, la verdad y la reparaci\u00f3n de las v\u00edctimas de los delitos.\",\"breadcrumb\":{\"@id\":\"https:\/\/www.fiscalia.gov.co\/colombia\/noticias\/imputados-presuntos-responsables-de-estafar-a-76-familias-que-invirtieron-1-935-millones-en-un-plan-de-vivienda\/#breadcrumb\"},\"inLanguage\":\"es-CO\",\"potentialAction\":[{\"@type\":\"ReadAction\",\"target\":[\"https:\/\/www.fiscalia.gov.co\/colombia\/noticias\/imputados-presuntos-responsables-de-estafar-a-76-familias-que-invirtieron-1-935-millones-en-un-plan-de-vivienda\/\"]}]},{\"@type\":\"ImageObject\",\"inLanguage\":\"es-CO\",\"@id\":\"https:\/\/www.fiscalia.gov.co\/colombia\/noticias\/imputados-presuntos-responsables-de-estafar-a-76-familias-que-invirtieron-1-935-millones-en-un-plan-de-vivienda\/#primaryimage\",\"url\":\"https:\/\/www.fiscalia.gov.co\/colombia\/wp-content\/uploads\/maxresdefault-400.jpg\",\"contentUrl\":\"https:\/\/www.fiscalia.gov.co\/colombia\/wp-content\/uploads\/maxresdefault-400.jpg\",\"width\":1280,\"height\":720},{\"@type\":\"BreadcrumbList\",\"@id\":\"https:\/\/www.fiscalia.gov.co\/colombia\/noticias\/imputados-presuntos-responsables-de-estafar-a-76-familias-que-invirtieron-1-935-millones-en-un-plan-de-vivienda\/#breadcrumb\",\"itemListElement\":[{\"@type\":\"ListItem\",\"position\":1,\"name\":\"Home\",\"item\":\"https:\/\/www.fiscalia.gov.co\/colombia\/\"},{\"@type\":\"ListItem\",\"position\":2,\"name\":\"Imputados presuntos responsables de estafar a 76 familias que invirtieron $1.935 millones en un plan de vivienda\"}]},{\"@type\":\"WebSite\",\"@id\":\"https:\/\/www.fiscalia.gov.co\/colombia\/#website\",\"url\":\"https:\/\/www.fiscalia.gov.co\/colombia\/\",\"name\":\"Fiscal\u00eda General de la Naci\u00f3n\",\"description\":\"P\u00e1gina oficial de la Fiscal\u00eda General de la Naci\u00f3n \u2013 Colombia. Garantizamos el acceso efectivo a la justicia, la verdad y la reparaci\u00f3n de las v\u00edctimas de los delitos.\",\"publisher\":{\"@id\":\"https:\/\/www.fiscalia.gov.co\/colombia\/#organization\"},\"potentialAction\":[{\"@type\":\"SearchAction\",\"target\":{\"@type\":\"EntryPoint\",\"urlTemplate\":\"https:\/\/www.fiscalia.gov.co\/colombia\/?s={search_term_string}\"},\"query-input\":{\"@type\":\"PropertyValueSpecification\",\"valueRequired\":true,\"valueName\":\"search_term_string\"}}],\"inLanguage\":\"es-CO\"},{\"@type\":\"Organization\",\"@id\":\"https:\/\/www.fiscalia.gov.co\/colombia\/#organization\",\"name\":\"Fiscal\u00eda General de la Naci\u00f3n\",\"url\":\"https:\/\/www.fiscalia.gov.co\/colombia\/\",\"logo\":{\"@type\":\"ImageObject\",\"inLanguage\":\"es-CO\",\"@id\":\"https:\/\/www.fiscalia.gov.co\/colombia\/#\/schema\/logo\/image\/\",\"url\":\"https:\/\/www.fiscalia.gov.co\/colombia\/wp-content\/uploads\/LogoHorizontal_1.jpg\",\"contentUrl\":\"https:\/\/www.fiscalia.gov.co\/colombia\/wp-content\/uploads\/LogoHorizontal_1.jpg\",\"width\":300,\"height\":90,\"caption\":\"Fiscal\u00eda General de la Naci\u00f3n\"},\"image\":{\"@id\":\"https:\/\/www.fiscalia.gov.co\/colombia\/#\/schema\/logo\/image\/\"},\"sameAs\":[\"https:\/\/www.facebook.com\/FiscaliaCol\",\"https:\/\/x.com\/FiscaliaCol\",\"https:\/\/www.instagram.com\/fiscaliacol\",\"https:\/\/www.linkedin.com\/company\/fiscalia-general-de-la-naci-n\/\",\"https:\/\/youtube.com\/@fiscaliageneraldelanacion-4668?si=6nN79nyQICPU5iTh\"]},{\"@type\":\"Person\",\"@id\":\"https:\/\/www.fiscalia.gov.co\/colombia\/#\/schema\/person\/bf84402cf293a5393e9c70b111020b24\",\"name\":\"Jordan Leandro Oviedo Anzola\",\"image\":{\"@type\":\"ImageObject\",\"inLanguage\":\"es-CO\",\"@id\":\"https:\/\/www.fiscalia.gov.co\/colombia\/#\/schema\/person\/image\/\",\"url\":\"https:\/\/secure.gravatar.com\/avatar\/dabba4346fa9b9207d96adafa8f92721?s=96&d=mm&r=g\",\"contentUrl\":\"https:\/\/secure.gravatar.com\/avatar\/dabba4346fa9b9207d96adafa8f92721?s=96&d=mm&r=g\",\"caption\":\"Jordan Leandro Oviedo Anzola\"},\"url\":\"https:\/\/www.fiscalia.gov.co\/colombia\/author\/joviedo\/\"}]}<\/script>\n<!-- \/ Yoast SEO plugin. -->","yoast_head_json":{"title":"Fiscal\u00eda General de la Naci\u00f3n","description":"P\u00e1gina oficial de la Fiscal\u00eda General de la Naci\u00f3n \u2013 Colombia. Garantizamos el acceso efectivo a la justicia, la verdad y la reparaci\u00f3n de las v\u00edctimas de los delitos.","robots":{"index":"noindex","follow":"follow"},"og_locale":"es_ES","og_type":"article","og_title":"Fiscal\u00eda General de la Naci\u00f3n","og_description":"P\u00e1gina oficial de la Fiscal\u00eda General de la Naci\u00f3n \u2013 Colombia. Garantizamos el acceso efectivo a la justicia, la verdad y la reparaci\u00f3n de las v\u00edctimas de los delitos.","og_url":"https:\/\/www.fiscalia.gov.co\/colombia\/noticias\/imputados-presuntos-responsables-de-estafar-a-76-familias-que-invirtieron-1-935-millones-en-un-plan-de-vivienda\/","og_site_name":"Fiscal\u00eda General de la Naci\u00f3n","article_publisher":"https:\/\/www.facebook.com\/FiscaliaCol","article_published_time":"2022-04-05T21:56:36+00:00","article_modified_time":"2022-04-13T21:05:18+00:00","og_image":[{"width":1280,"height":720,"url":"https:\/\/www.fiscalia.gov.co\/colombia\/wp-content\/uploads\/maxresdefault-400.jpg","type":"image\/jpeg"}],"author":"Jordan Leandro Oviedo Anzola","twitter_card":"summary_large_image","twitter_creator":"@FiscaliaCol","twitter_site":"@FiscaliaCol","twitter_misc":{"Escrito por":"Jordan Leandro Oviedo Anzola","Tiempo de lectura":"1 minuto"},"schema":{"@context":"https:\/\/schema.org","@graph":[{"@type":"Article","@id":"https:\/\/www.fiscalia.gov.co\/colombia\/noticias\/imputados-presuntos-responsables-de-estafar-a-76-familias-que-invirtieron-1-935-millones-en-un-plan-de-vivienda\/#article","isPartOf":{"@id":"https:\/\/www.fiscalia.gov.co\/colombia\/noticias\/imputados-presuntos-responsables-de-estafar-a-76-familias-que-invirtieron-1-935-millones-en-un-plan-de-vivienda\/"},"author":{"name":"Jordan Leandro Oviedo Anzola","@id":"https:\/\/www.fiscalia.gov.co\/colombia\/#\/schema\/person\/bf84402cf293a5393e9c70b111020b24"},"headline":"Imputados presuntos responsables de estafar a 76 familias que invirtieron $1.935 millones en un plan de vivienda","datePublished":"2022-04-05T21:56:36+00:00","dateModified":"2022-04-13T21:05:18+00:00","mainEntityOfPage":{"@id":"https:\/\/www.fiscalia.gov.co\/colombia\/noticias\/imputados-presuntos-responsables-de-estafar-a-76-familias-que-invirtieron-1-935-millones-en-un-plan-de-vivienda\/"},"wordCount":295,"publisher":{"@id":"https:\/\/www.fiscalia.gov.co\/colombia\/#organization"},"image":{"@id":"https:\/\/www.fiscalia.gov.co\/colombia\/noticias\/imputados-presuntos-responsables-de-estafar-a-76-familias-que-invirtieron-1-935-millones-en-un-plan-de-vivienda\/#primaryimage"},"thumbnailUrl":"https:\/\/www.fiscalia.gov.co\/colombia\/wp-content\/uploads\/maxresdefault-400.jpg","keywords":["Estafa","Fiscal Barbosa","Fiscal\u00eda","Santander"],"articleSection":["Noticias","Seccional Bucaramanga","Seccionales"],"inLanguage":"es-CO"},{"@type":"WebPage","@id":"https:\/\/www.fiscalia.gov.co\/colombia\/noticias\/imputados-presuntos-responsables-de-estafar-a-76-familias-que-invirtieron-1-935-millones-en-un-plan-de-vivienda\/","url":"https:\/\/www.fiscalia.gov.co\/colombia\/noticias\/imputados-presuntos-responsables-de-estafar-a-76-familias-que-invirtieron-1-935-millones-en-un-plan-de-vivienda\/","name":"Fiscal\u00eda General de la Naci\u00f3n","isPartOf":{"@id":"https:\/\/www.fiscalia.gov.co\/colombia\/#website"},"primaryImageOfPage":{"@id":"https:\/\/www.fiscalia.gov.co\/colombia\/noticias\/imputados-presuntos-responsables-de-estafar-a-76-familias-que-invirtieron-1-935-millones-en-un-plan-de-vivienda\/#primaryimage"},"image":{"@id":"https:\/\/www.fiscalia.gov.co\/colombia\/noticias\/imputados-presuntos-responsables-de-estafar-a-76-familias-que-invirtieron-1-935-millones-en-un-plan-de-vivienda\/#primaryimage"},"thumbnailUrl":"https:\/\/www.fiscalia.gov.co\/colombia\/wp-content\/uploads\/maxresdefault-400.jpg","datePublished":"2022-04-05T21:56:36+00:00","dateModified":"2022-04-13T21:05:18+00:00","description":"P\u00e1gina oficial de la Fiscal\u00eda General de la Naci\u00f3n \u2013 Colombia. Garantizamos el acceso efectivo a la justicia, la verdad y la reparaci\u00f3n de las v\u00edctimas de los delitos.","breadcrumb":{"@id":"https:\/\/www.fiscalia.gov.co\/colombia\/noticias\/imputados-presuntos-responsables-de-estafar-a-76-familias-que-invirtieron-1-935-millones-en-un-plan-de-vivienda\/#breadcrumb"},"inLanguage":"es-CO","potentialAction":[{"@type":"ReadAction","target":["https:\/\/www.fiscalia.gov.co\/colombia\/noticias\/imputados-presuntos-responsables-de-estafar-a-76-familias-que-invirtieron-1-935-millones-en-un-plan-de-vivienda\/"]}]},{"@type":"ImageObject","inLanguage":"es-CO","@id":"https:\/\/www.fiscalia.gov.co\/colombia\/noticias\/imputados-presuntos-responsables-de-estafar-a-76-familias-que-invirtieron-1-935-millones-en-un-plan-de-vivienda\/#primaryimage","url":"https:\/\/www.fiscalia.gov.co\/colombia\/wp-content\/uploads\/maxresdefault-400.jpg","contentUrl":"https:\/\/www.fiscalia.gov.co\/colombia\/wp-content\/uploads\/maxresdefault-400.jpg","width":1280,"height":720},{"@type":"BreadcrumbList","@id":"https:\/\/www.fiscalia.gov.co\/colombia\/noticias\/imputados-presuntos-responsables-de-estafar-a-76-familias-que-invirtieron-1-935-millones-en-un-plan-de-vivienda\/#breadcrumb","itemListElement":[{"@type":"ListItem","position":1,"name":"Home","item":"https:\/\/www.fiscalia.gov.co\/colombia\/"},{"@type":"ListItem","position":2,"name":"Imputados presuntos responsables de estafar a 76 familias que invirtieron $1.935 millones en un plan de vivienda"}]},{"@type":"WebSite","@id":"https:\/\/www.fiscalia.gov.co\/colombia\/#website","url":"https:\/\/www.fiscalia.gov.co\/colombia\/","name":"Fiscal\u00eda General de la Naci\u00f3n","description":"P\u00e1gina oficial de la Fiscal\u00eda General de la Naci\u00f3n \u2013 Colombia. Garantizamos el acceso efectivo a la justicia, la verdad y la reparaci\u00f3n de las v\u00edctimas de los delitos.","publisher":{"@id":"https:\/\/www.fiscalia.gov.co\/colombia\/#organization"},"potentialAction":[{"@type":"SearchAction","target":{"@type":"EntryPoint","urlTemplate":"https:\/\/www.fiscalia.gov.co\/colombia\/?s={search_term_string}"},"query-input":{"@type":"PropertyValueSpecification","valueRequired":true,"valueName":"search_term_string"}}],"inLanguage":"es-CO"},{"@type":"Organization","@id":"https:\/\/www.fiscalia.gov.co\/colombia\/#organization","name":"Fiscal\u00eda General de la Naci\u00f3n","url":"https:\/\/www.fiscalia.gov.co\/colombia\/","logo":{"@type":"ImageObject","inLanguage":"es-CO","@id":"https:\/\/www.fiscalia.gov.co\/colombia\/#\/schema\/logo\/image\/","url":"https:\/\/www.fiscalia.gov.co\/colombia\/wp-content\/uploads\/LogoHorizontal_1.jpg","contentUrl":"https:\/\/www.fiscalia.gov.co\/colombia\/wp-content\/uploads\/LogoHorizontal_1.jpg","width":300,"height":90,"caption":"Fiscal\u00eda General de la Naci\u00f3n"},"image":{"@id":"https:\/\/www.fiscalia.gov.co\/colombia\/#\/schema\/logo\/image\/"},"sameAs":["https:\/\/www.facebook.com\/FiscaliaCol","https:\/\/x.com\/FiscaliaCol","https:\/\/www.instagram.com\/fiscaliacol","https:\/\/www.linkedin.com\/company\/fiscalia-general-de-la-naci-n\/","https:\/\/youtube.com\/@fiscaliageneraldelanacion-4668?si=6nN79nyQICPU5iTh"]},{"@type":"Person","@id":"https:\/\/www.fiscalia.gov.co\/colombia\/#\/schema\/person\/bf84402cf293a5393e9c70b111020b24","name":"Jordan Leandro Oviedo Anzola","image":{"@type":"ImageObject","inLanguage":"es-CO","@id":"https:\/\/www.fiscalia.gov.co\/colombia\/#\/schema\/person\/image\/","url":"https:\/\/secure.gravatar.com\/avatar\/dabba4346fa9b9207d96adafa8f92721?s=96&d=mm&r=g","contentUrl":"https:\/\/secure.gravatar.com\/avatar\/dabba4346fa9b9207d96adafa8f92721?s=96&d=mm&r=g","caption":"Jordan Leandro Oviedo Anzola"},"url":"https:\/\/www.fiscalia.gov.co\/colombia\/author\/joviedo\/"}]}},"_links":{"self":[{"href":"https:\/\/www.fiscalia.gov.co\/colombia\/wp-json\/wp\/v2\/posts\/245395","targetHints":{"allow":["GET"]}}],"collection":[{"href":"https:\/\/www.fiscalia.gov.co\/colombia\/wp-json\/wp\/v2\/posts"}],"about":[{"href":"https:\/\/www.fiscalia.gov.co\/colombia\/wp-json\/wp\/v2\/types\/post"}],"author":[{"embeddable":true,"href":"https:\/\/www.fiscalia.gov.co\/colombia\/wp-json\/wp\/v2\/users\/177"}],"replies":[{"embeddable":true,"href":"https:\/\/www.fiscalia.gov.co\/colombia\/wp-json\/wp\/v2\/comments?post=245395"}],"version-history":[{"count":2,"href":"https:\/\/www.fiscalia.gov.co\/colombia\/wp-json\/wp\/v2\/posts\/245395\/revisions"}],"predecessor-version":[{"id":246040,"href":"https:\/\/www.fiscalia.gov.co\/colombia\/wp-json\/wp\/v2\/posts\/245395\/revisions\/246040"}],"wp:featuredmedia":[{"embeddable":true,"href":"https:\/\/www.fiscalia.gov.co\/colombia\/wp-json\/wp\/v2\/media\/246038"}],"wp:attachment":[{"href":"https:\/\/www.fiscalia.gov.co\/colombia\/wp-json\/wp\/v2\/media?parent=245395"}],"wp:term":[{"taxonomy":"category","embeddable":true,"href":"https:\/\/www.fiscalia.gov.co\/colombia\/wp-json\/wp\/v2\/categories?post=245395"},{"taxonomy":"post_tag","embeddable":true,"href":"https:\/\/www.fiscalia.gov.co\/colombia\/wp-json\/wp\/v2\/tags?post=245395"}],"curies":[{"name":"wp","href":"https:\/\/api.w.org\/{rel}","templated":true}]}}