{"id":245335,"date":"2022-04-05T12:18:34","date_gmt":"2022-04-05T17:18:34","guid":{"rendered":"https:\/\/www.fiscalia.gov.co\/colombia\/?p=245335"},"modified":"2022-04-05T12:32:33","modified_gmt":"2022-04-05T17:32:33","slug":"fiscal-general-de-la-nacion-evalua-acciones-conjuntas-con-panama-contra-narcotrafico-trafico-de-migrantes-y-criminalidad-organizada","status":"publish","type":"post","link":"https:\/\/www.fiscalia.gov.co\/colombia\/noticias\/fiscal-general-de-la-nacion-evalua-acciones-conjuntas-con-panama-contra-narcotrafico-trafico-de-migrantes-y-criminalidad-organizada\/","title":{"rendered":"Fiscal General de la Naci\u00f3n eval\u00faa acciones conjuntas con Panam\u00e1 contra narcotr\u00e1fico, tr\u00e1fico de migrantes y criminalidad organizada"},"content":{"rendered":"<h4><strong><em>Este encuentro, hace parte de las acciones del ente investigador en su estrategia internacional por combatir los fen\u00f3menos criminales que afectan a la regi\u00f3n. <\/em><\/strong><\/h4>\n<p>Desde Ciudad de Panam\u00e1, el Fiscal General de la Naci\u00f3n, Francisco Barbosa, adelant\u00f3 una evaluaci\u00f3n de las acciones conjuntas que se adelantan con este pa\u00eds en materia de tr\u00e1fico de migrantes, trata de personas, crimen organizado transnacional y finanzas criminales.<\/p>\n<p>\u201cSiempre celebrar estos trabajos, hemos visto las estad\u00edsticas de trabajos conjuntos, la multiplicaci\u00f3n\u00a0 de esfuerzos de los pa\u00edses en esta criminalidad y enviarle un mensaje tambi\u00e9n a los ciudadanos paname\u00f1os, a los colombianos que se encuentran en este pa\u00eds de que somos una sola entidad en t\u00e9rminos de persecuci\u00f3n a la criminalidad\u201d, asegur\u00f3 el Fiscal General de la Naci\u00f3n, Francisco Barbosa Delgado.<\/p>\n<p>Durante su encuentro con el Procurador General de Panam\u00e1, Javier Caraballo, el Fiscal Francisco Barbosa destac\u00f3 la creaci\u00f3n de una estrategia para la caracterizaci\u00f3n del fen\u00f3meno de tr\u00e1fico de migrantes, identificaci\u00f3n del avance investigativo en tiempo real y la colaboraci\u00f3n bilateral entre pa\u00edses y entidades.<\/p>\n<p>\u201cSomos conscientes que nuestros pa\u00edses tienen realidades en com\u00fan,\u00a0 que nuestros pa\u00edses enfrentan grupos criminales en com\u00fan y solo con la ayuda y la interrelaci\u00f3n mutua, nosotros podemos ejercer las funciones de manera eficaz y efectiva a fin de poder reducir la criminalidad organizada transnacional que busca incidir en nuestros pa\u00edses\u201d, se\u00f1al\u00f3 el Procurador General de Panam\u00e1, Javier Caraballo.<\/p>\n<iframe loading=\"lazy\"  id=\"_ytid_46188\"  width=\"696\" height=\"392\"  data-origwidth=\"696\" data-origheight=\"392\" src=\"https:\/\/www.youtube.com\/embed\/UV9UTkC0ppU?enablejsapi=1&autoplay=0&cc_load_policy=0&cc_lang_pref=&iv_load_policy=1&loop=0&modestbranding=0&rel=1&fs=1&playsinline=0&autohide=2&theme=dark&color=red&controls=1&\" class=\"__youtube_prefs__  no-lazyload\" title=\"YouTube player\"  allow=\"fullscreen; accelerometer; autoplay; clipboard-write; encrypted-media; gyroscope; picture-in-picture\" allowfullscreen data-no-lazy=\"1\" data-skipgform_ajax_framebjll=\"\"><\/iframe>\n<p>Este trabajo articulado con pa\u00edses vecinos, ha permitido un aumento en las judicializaciones por este delito. Es as\u00ed como en 2020 se adelantaron 42 investigaciones; en 2021 (196) y en lo corrido de 2022 se avanza en 11.<\/p>\n<p>El jefe de la Fiscal\u00eda colombiana se\u00f1al\u00f3 que el avance investigativo en tiempo real, ha permitido imputar a 322 personas, afectar 131 bienes, identificar 133 segmentos de rutas utilizadas en este delito, entre otras acciones.<\/p>\n<p>De estas investigaciones que avanzan en la Fiscal\u00eda colombiana, al menos 16 mencionan a Panam\u00e1, Costa Rica o Rep\u00fablica Dominicana como pa\u00eds de tr\u00e1nsito o destino, de este fen\u00f3meno.<\/p>\n<p>A esto se suma un trabajo con Per\u00fa, Ecuador, Panam\u00e1, Rep\u00fablica Dominicana, M\u00e9xico, EE.UU., entre otros, con mesas de trabajo entre pa\u00edses, para socializar buenas pr\u00e1cticas y articulaci\u00f3n entre fiscales para el abordaje de investigaciones.<\/p>\n<p>En materia de articulaci\u00f3n entre Fiscales, se viene trabajando con Panam\u00e1 en tres mesas por investigaciones conjuntas entre los dos pa\u00eds.<\/p>\n<p>Por su parte, con relaci\u00f3n al lavado de activos, actualmente existen 44 indagaciones estructurales que buscan desmantelar organizaciones criminales en el territorio de Colombia, Panam\u00e1, Costa Rica y Rep\u00fablica Dominicana. Adicionalmente, se han procesado 35 personas por delitos relacionados con finanzas criminales.<\/p>\n<p><strong><u>Estrategia internacional <\/u><\/strong><\/p>\n<p>Como parte de esta estrategia internacional, se han desarrollado tres cumbres en Panam\u00e1, Colombia y Guatemala para unir esfuerzos en la lucha contra la criminalidad trasnacional.<\/p>\n<p>El primer encuentro se adelant\u00f3 en agosto de 2021 en Ciudad de Panam\u00e1, donde se adopt\u00f3 la \u201cDeclaraci\u00f3n para el Combate al Crimen Organizado en el Contexto del Flujo Migratorio Irregular Continental, Extra continental y Caribe\u00f1o\u201d, para fortalecer los mecanismos de intercambio de informaci\u00f3n y la conformaci\u00f3n de equipos conjuntos de investigaci\u00f3n.<\/p>\n<p>La segunda cumbre se realiz\u00f3 en octubre de 2021 en Cartagena, donde se firm\u00f3\u00a0 la Declaraci\u00f3n contra el Tr\u00e1fico de Migrantes y su relaci\u00f3n con las Finanzas Criminales, que estableci\u00f3 la necesidad de desarrollar estrategias a nivel regional para facilitar el impulso de las investigaciones de car\u00e1cter transnacional.<\/p>\n<p>El \u00faltimo encuentro se\u00a0 llev\u00f3 a cabo en Antigua (Guatemala), donde se adoptaron dos propuestas de la Fiscal\u00eda de Colombia relacionadas con los actos urgentes, y las investigaciones para desarticular de manera conjunta y simult\u00e1neamente las estructuras criminales de mayor impacto, dedicadas al tr\u00e1fico il\u00edcito de migrantes en la regi\u00f3n.<\/p>\n<p>Estas cumbres se han desarrollado gracias al liderazgo del Fiscal General de la Naci\u00f3n de Colombia y el Procurador General de Panam\u00e1, que iniciaron todo un proceso de coordinaci\u00f3n e integraci\u00f3n en la regi\u00f3n.<\/p>\n<p><strong>La Fiscal\u00eda habla con resultados<\/strong><\/p>\n<p>&nbsp;<\/p>\n<p>AMCJ\/MCRC\/TMGC\/PATN\/<\/p>\n<p>&nbsp;<\/p>\n<p>&nbsp;<\/p>\n\n<div class=\"twitter-share\"><a href=\"https:\/\/twitter.com\/intent\/tweet?via=fiscaliacol\" class=\"twitter-share-button\">Tweet<\/a><\/div>\n","protected":false},"excerpt":{"rendered":"<p>Este encuentro, hace parte de las acciones del ente investigador en su estrategia internacional por combatir los fen\u00f3menos criminales que afectan a la regi\u00f3n. Desde Ciudad de Panam\u00e1, el Fiscal [&hellip;]<\/p>\n","protected":false},"author":177,"featured_media":245340,"comment_status":"closed","ping_status":"open","sticky":false,"template":"","format":"video","meta":{"tdm_status":"","tdm_grid_status":"","footnotes":""},"categories":[25128,24096,1],"tags":[7484,24185,24188,1047,148,3407,4634],"class_list":["post-245335","post","type-post","status-publish","format-video","has-post-thumbnail","category-el-fiscal-en-los-territorios","category-fiscal-general-de-la-nacion","category-noticias","tag-crimen-organizado","tag-fiscal-barbosa","tag-fiscal-francisco-barbosa","tag-fiscalia-general-de-la-nacion","tag-narcotrafico","tag-panama","tag-trafico-de-migrantes","post_format-post-format-video"],"yoast_head":"<!-- This site is optimized with the Yoast SEO plugin v24.3 - https:\/\/yoast.com\/wordpress\/plugins\/seo\/ -->\n<title>Fiscal\u00eda General de la Naci\u00f3n<\/title>\n<meta name=\"description\" content=\"P\u00e1gina oficial de la Fiscal\u00eda General de la Naci\u00f3n \u2013 Colombia. Garantizamos el acceso efectivo a la justicia, la verdad y la reparaci\u00f3n de las v\u00edctimas de los delitos.\" \/>\n<meta name=\"robots\" content=\"noindex, follow\" \/>\n<meta property=\"og:locale\" content=\"es_ES\" \/>\n<meta property=\"og:type\" content=\"article\" \/>\n<meta property=\"og:title\" content=\"Fiscal\u00eda General de la Naci\u00f3n\" \/>\n<meta property=\"og:description\" content=\"P\u00e1gina oficial de la Fiscal\u00eda General de la Naci\u00f3n \u2013 Colombia. Garantizamos el acceso efectivo a la justicia, la verdad y la reparaci\u00f3n de las v\u00edctimas de los delitos.\" \/>\n<meta property=\"og:url\" content=\"https:\/\/www.fiscalia.gov.co\/colombia\/noticias\/fiscal-general-de-la-nacion-evalua-acciones-conjuntas-con-panama-contra-narcotrafico-trafico-de-migrantes-y-criminalidad-organizada\/\" \/>\n<meta property=\"og:site_name\" content=\"Fiscal\u00eda General de la Naci\u00f3n\" \/>\n<meta property=\"article:publisher\" content=\"https:\/\/www.facebook.com\/FiscaliaCol\" \/>\n<meta property=\"article:published_time\" content=\"2022-04-05T17:18:34+00:00\" \/>\n<meta property=\"article:modified_time\" content=\"2022-04-05T17:32:33+00:00\" \/>\n<meta property=\"og:image\" content=\"https:\/\/www.fiscalia.gov.co\/colombia\/wp-content\/uploads\/maxresdefault-379.jpg\" \/>\n\t<meta property=\"og:image:width\" content=\"1280\" \/>\n\t<meta property=\"og:image:height\" content=\"720\" \/>\n\t<meta property=\"og:image:type\" content=\"image\/jpeg\" \/>\n<meta name=\"author\" content=\"Jordan Leandro Oviedo Anzola\" \/>\n<meta name=\"twitter:card\" content=\"summary_large_image\" \/>\n<meta name=\"twitter:creator\" content=\"@FiscaliaCol\" \/>\n<meta name=\"twitter:site\" content=\"@FiscaliaCol\" \/>\n<meta name=\"twitter:label1\" content=\"Escrito por\" \/>\n\t<meta name=\"twitter:data1\" content=\"Jordan Leandro Oviedo Anzola\" \/>\n\t<meta name=\"twitter:label2\" content=\"Tiempo de lectura\" \/>\n\t<meta name=\"twitter:data2\" content=\"4 minutos\" \/>\n<script type=\"application\/ld+json\" class=\"yoast-schema-graph\">{\"@context\":\"https:\/\/schema.org\",\"@graph\":[{\"@type\":\"Article\",\"@id\":\"https:\/\/www.fiscalia.gov.co\/colombia\/noticias\/fiscal-general-de-la-nacion-evalua-acciones-conjuntas-con-panama-contra-narcotrafico-trafico-de-migrantes-y-criminalidad-organizada\/#article\",\"isPartOf\":{\"@id\":\"https:\/\/www.fiscalia.gov.co\/colombia\/noticias\/fiscal-general-de-la-nacion-evalua-acciones-conjuntas-con-panama-contra-narcotrafico-trafico-de-migrantes-y-criminalidad-organizada\/\"},\"author\":{\"name\":\"Jordan Leandro Oviedo Anzola\",\"@id\":\"https:\/\/www.fiscalia.gov.co\/colombia\/#\/schema\/person\/bf84402cf293a5393e9c70b111020b24\"},\"headline\":\"Fiscal General de la Naci\u00f3n eval\u00faa acciones conjuntas con Panam\u00e1 contra narcotr\u00e1fico, tr\u00e1fico de migrantes y criminalidad organizada\",\"datePublished\":\"2022-04-05T17:18:34+00:00\",\"dateModified\":\"2022-04-05T17:32:33+00:00\",\"mainEntityOfPage\":{\"@id\":\"https:\/\/www.fiscalia.gov.co\/colombia\/noticias\/fiscal-general-de-la-nacion-evalua-acciones-conjuntas-con-panama-contra-narcotrafico-trafico-de-migrantes-y-criminalidad-organizada\/\"},\"wordCount\":739,\"publisher\":{\"@id\":\"https:\/\/www.fiscalia.gov.co\/colombia\/#organization\"},\"image\":{\"@id\":\"https:\/\/www.fiscalia.gov.co\/colombia\/noticias\/fiscal-general-de-la-nacion-evalua-acciones-conjuntas-con-panama-contra-narcotrafico-trafico-de-migrantes-y-criminalidad-organizada\/#primaryimage\"},\"thumbnailUrl\":\"https:\/\/www.fiscalia.gov.co\/colombia\/wp-content\/uploads\/maxresdefault-379.jpg\",\"keywords\":[\"Crimen organizado\",\"Fiscal Barbosa\",\"Fiscal Francisco Barbosa\",\"Fiscal\u00eda General de la Naci\u00f3n\",\"Narcotr\u00e1fico\",\"Panam\u00e1\",\"Tr\u00e1fico de migrantes\"],\"articleSection\":[\"El Fiscal en los territorios\",\"Fiscal General de la Naci\u00f3n\",\"Noticias\"],\"inLanguage\":\"es-CO\"},{\"@type\":\"WebPage\",\"@id\":\"https:\/\/www.fiscalia.gov.co\/colombia\/noticias\/fiscal-general-de-la-nacion-evalua-acciones-conjuntas-con-panama-contra-narcotrafico-trafico-de-migrantes-y-criminalidad-organizada\/\",\"url\":\"https:\/\/www.fiscalia.gov.co\/colombia\/noticias\/fiscal-general-de-la-nacion-evalua-acciones-conjuntas-con-panama-contra-narcotrafico-trafico-de-migrantes-y-criminalidad-organizada\/\",\"name\":\"Fiscal\u00eda General de la Naci\u00f3n\",\"isPartOf\":{\"@id\":\"https:\/\/www.fiscalia.gov.co\/colombia\/#website\"},\"primaryImageOfPage\":{\"@id\":\"https:\/\/www.fiscalia.gov.co\/colombia\/noticias\/fiscal-general-de-la-nacion-evalua-acciones-conjuntas-con-panama-contra-narcotrafico-trafico-de-migrantes-y-criminalidad-organizada\/#primaryimage\"},\"image\":{\"@id\":\"https:\/\/www.fiscalia.gov.co\/colombia\/noticias\/fiscal-general-de-la-nacion-evalua-acciones-conjuntas-con-panama-contra-narcotrafico-trafico-de-migrantes-y-criminalidad-organizada\/#primaryimage\"},\"thumbnailUrl\":\"https:\/\/www.fiscalia.gov.co\/colombia\/wp-content\/uploads\/maxresdefault-379.jpg\",\"datePublished\":\"2022-04-05T17:18:34+00:00\",\"dateModified\":\"2022-04-05T17:32:33+00:00\",\"description\":\"P\u00e1gina oficial de la Fiscal\u00eda General de la Naci\u00f3n \u2013 Colombia. Garantizamos el acceso efectivo a la justicia, la verdad y la reparaci\u00f3n de las v\u00edctimas de los delitos.\",\"breadcrumb\":{\"@id\":\"https:\/\/www.fiscalia.gov.co\/colombia\/noticias\/fiscal-general-de-la-nacion-evalua-acciones-conjuntas-con-panama-contra-narcotrafico-trafico-de-migrantes-y-criminalidad-organizada\/#breadcrumb\"},\"inLanguage\":\"es-CO\",\"potentialAction\":[{\"@type\":\"ReadAction\",\"target\":[\"https:\/\/www.fiscalia.gov.co\/colombia\/noticias\/fiscal-general-de-la-nacion-evalua-acciones-conjuntas-con-panama-contra-narcotrafico-trafico-de-migrantes-y-criminalidad-organizada\/\"]}]},{\"@type\":\"ImageObject\",\"inLanguage\":\"es-CO\",\"@id\":\"https:\/\/www.fiscalia.gov.co\/colombia\/noticias\/fiscal-general-de-la-nacion-evalua-acciones-conjuntas-con-panama-contra-narcotrafico-trafico-de-migrantes-y-criminalidad-organizada\/#primaryimage\",\"url\":\"https:\/\/www.fiscalia.gov.co\/colombia\/wp-content\/uploads\/maxresdefault-379.jpg\",\"contentUrl\":\"https:\/\/www.fiscalia.gov.co\/colombia\/wp-content\/uploads\/maxresdefault-379.jpg\",\"width\":1280,\"height\":720},{\"@type\":\"BreadcrumbList\",\"@id\":\"https:\/\/www.fiscalia.gov.co\/colombia\/noticias\/fiscal-general-de-la-nacion-evalua-acciones-conjuntas-con-panama-contra-narcotrafico-trafico-de-migrantes-y-criminalidad-organizada\/#breadcrumb\",\"itemListElement\":[{\"@type\":\"ListItem\",\"position\":1,\"name\":\"Home\",\"item\":\"https:\/\/www.fiscalia.gov.co\/colombia\/\"},{\"@type\":\"ListItem\",\"position\":2,\"name\":\"Fiscal General de la Naci\u00f3n eval\u00faa acciones conjuntas con Panam\u00e1 contra narcotr\u00e1fico, tr\u00e1fico de migrantes y criminalidad organizada\"}]},{\"@type\":\"WebSite\",\"@id\":\"https:\/\/www.fiscalia.gov.co\/colombia\/#website\",\"url\":\"https:\/\/www.fiscalia.gov.co\/colombia\/\",\"name\":\"Fiscal\u00eda General de la Naci\u00f3n\",\"description\":\"P\u00e1gina oficial de la Fiscal\u00eda General de la Naci\u00f3n \u2013 Colombia. Garantizamos el acceso efectivo a la justicia, la verdad y la reparaci\u00f3n de las v\u00edctimas de los delitos.\",\"publisher\":{\"@id\":\"https:\/\/www.fiscalia.gov.co\/colombia\/#organization\"},\"potentialAction\":[{\"@type\":\"SearchAction\",\"target\":{\"@type\":\"EntryPoint\",\"urlTemplate\":\"https:\/\/www.fiscalia.gov.co\/colombia\/?s={search_term_string}\"},\"query-input\":{\"@type\":\"PropertyValueSpecification\",\"valueRequired\":true,\"valueName\":\"search_term_string\"}}],\"inLanguage\":\"es-CO\"},{\"@type\":\"Organization\",\"@id\":\"https:\/\/www.fiscalia.gov.co\/colombia\/#organization\",\"name\":\"Fiscal\u00eda General de la Naci\u00f3n\",\"url\":\"https:\/\/www.fiscalia.gov.co\/colombia\/\",\"logo\":{\"@type\":\"ImageObject\",\"inLanguage\":\"es-CO\",\"@id\":\"https:\/\/www.fiscalia.gov.co\/colombia\/#\/schema\/logo\/image\/\",\"url\":\"https:\/\/www.fiscalia.gov.co\/colombia\/wp-content\/uploads\/LogoHorizontal_1.jpg\",\"contentUrl\":\"https:\/\/www.fiscalia.gov.co\/colombia\/wp-content\/uploads\/LogoHorizontal_1.jpg\",\"width\":300,\"height\":90,\"caption\":\"Fiscal\u00eda General de la Naci\u00f3n\"},\"image\":{\"@id\":\"https:\/\/www.fiscalia.gov.co\/colombia\/#\/schema\/logo\/image\/\"},\"sameAs\":[\"https:\/\/www.facebook.com\/FiscaliaCol\",\"https:\/\/x.com\/FiscaliaCol\",\"https:\/\/www.instagram.com\/fiscaliacol\",\"https:\/\/www.linkedin.com\/company\/fiscalia-general-de-la-naci-n\/\",\"https:\/\/youtube.com\/@fiscaliageneraldelanacion-4668?si=6nN79nyQICPU5iTh\"]},{\"@type\":\"Person\",\"@id\":\"https:\/\/www.fiscalia.gov.co\/colombia\/#\/schema\/person\/bf84402cf293a5393e9c70b111020b24\",\"name\":\"Jordan Leandro Oviedo Anzola\",\"image\":{\"@type\":\"ImageObject\",\"inLanguage\":\"es-CO\",\"@id\":\"https:\/\/www.fiscalia.gov.co\/colombia\/#\/schema\/person\/image\/\",\"url\":\"https:\/\/secure.gravatar.com\/avatar\/dabba4346fa9b9207d96adafa8f92721?s=96&d=mm&r=g\",\"contentUrl\":\"https:\/\/secure.gravatar.com\/avatar\/dabba4346fa9b9207d96adafa8f92721?s=96&d=mm&r=g\",\"caption\":\"Jordan Leandro Oviedo Anzola\"},\"url\":\"https:\/\/www.fiscalia.gov.co\/colombia\/author\/joviedo\/\"}]}<\/script>\n<!-- \/ Yoast SEO plugin. -->","yoast_head_json":{"title":"Fiscal\u00eda General de la Naci\u00f3n","description":"P\u00e1gina oficial de la Fiscal\u00eda General de la Naci\u00f3n \u2013 Colombia. Garantizamos el acceso efectivo a la justicia, la verdad y la reparaci\u00f3n de las v\u00edctimas de los delitos.","robots":{"index":"noindex","follow":"follow"},"og_locale":"es_ES","og_type":"article","og_title":"Fiscal\u00eda General de la Naci\u00f3n","og_description":"P\u00e1gina oficial de la Fiscal\u00eda General de la Naci\u00f3n \u2013 Colombia. Garantizamos el acceso efectivo a la justicia, la verdad y la reparaci\u00f3n de las v\u00edctimas de los delitos.","og_url":"https:\/\/www.fiscalia.gov.co\/colombia\/noticias\/fiscal-general-de-la-nacion-evalua-acciones-conjuntas-con-panama-contra-narcotrafico-trafico-de-migrantes-y-criminalidad-organizada\/","og_site_name":"Fiscal\u00eda General de la Naci\u00f3n","article_publisher":"https:\/\/www.facebook.com\/FiscaliaCol","article_published_time":"2022-04-05T17:18:34+00:00","article_modified_time":"2022-04-05T17:32:33+00:00","og_image":[{"width":1280,"height":720,"url":"https:\/\/www.fiscalia.gov.co\/colombia\/wp-content\/uploads\/maxresdefault-379.jpg","type":"image\/jpeg"}],"author":"Jordan Leandro Oviedo Anzola","twitter_card":"summary_large_image","twitter_creator":"@FiscaliaCol","twitter_site":"@FiscaliaCol","twitter_misc":{"Escrito por":"Jordan Leandro Oviedo Anzola","Tiempo de lectura":"4 minutos"},"schema":{"@context":"https:\/\/schema.org","@graph":[{"@type":"Article","@id":"https:\/\/www.fiscalia.gov.co\/colombia\/noticias\/fiscal-general-de-la-nacion-evalua-acciones-conjuntas-con-panama-contra-narcotrafico-trafico-de-migrantes-y-criminalidad-organizada\/#article","isPartOf":{"@id":"https:\/\/www.fiscalia.gov.co\/colombia\/noticias\/fiscal-general-de-la-nacion-evalua-acciones-conjuntas-con-panama-contra-narcotrafico-trafico-de-migrantes-y-criminalidad-organizada\/"},"author":{"name":"Jordan Leandro Oviedo Anzola","@id":"https:\/\/www.fiscalia.gov.co\/colombia\/#\/schema\/person\/bf84402cf293a5393e9c70b111020b24"},"headline":"Fiscal General de la Naci\u00f3n eval\u00faa acciones conjuntas con Panam\u00e1 contra narcotr\u00e1fico, tr\u00e1fico de migrantes y criminalidad organizada","datePublished":"2022-04-05T17:18:34+00:00","dateModified":"2022-04-05T17:32:33+00:00","mainEntityOfPage":{"@id":"https:\/\/www.fiscalia.gov.co\/colombia\/noticias\/fiscal-general-de-la-nacion-evalua-acciones-conjuntas-con-panama-contra-narcotrafico-trafico-de-migrantes-y-criminalidad-organizada\/"},"wordCount":739,"publisher":{"@id":"https:\/\/www.fiscalia.gov.co\/colombia\/#organization"},"image":{"@id":"https:\/\/www.fiscalia.gov.co\/colombia\/noticias\/fiscal-general-de-la-nacion-evalua-acciones-conjuntas-con-panama-contra-narcotrafico-trafico-de-migrantes-y-criminalidad-organizada\/#primaryimage"},"thumbnailUrl":"https:\/\/www.fiscalia.gov.co\/colombia\/wp-content\/uploads\/maxresdefault-379.jpg","keywords":["Crimen organizado","Fiscal Barbosa","Fiscal Francisco Barbosa","Fiscal\u00eda General de la Naci\u00f3n","Narcotr\u00e1fico","Panam\u00e1","Tr\u00e1fico de migrantes"],"articleSection":["El Fiscal en los territorios","Fiscal General de la Naci\u00f3n","Noticias"],"inLanguage":"es-CO"},{"@type":"WebPage","@id":"https:\/\/www.fiscalia.gov.co\/colombia\/noticias\/fiscal-general-de-la-nacion-evalua-acciones-conjuntas-con-panama-contra-narcotrafico-trafico-de-migrantes-y-criminalidad-organizada\/","url":"https:\/\/www.fiscalia.gov.co\/colombia\/noticias\/fiscal-general-de-la-nacion-evalua-acciones-conjuntas-con-panama-contra-narcotrafico-trafico-de-migrantes-y-criminalidad-organizada\/","name":"Fiscal\u00eda General de la Naci\u00f3n","isPartOf":{"@id":"https:\/\/www.fiscalia.gov.co\/colombia\/#website"},"primaryImageOfPage":{"@id":"https:\/\/www.fiscalia.gov.co\/colombia\/noticias\/fiscal-general-de-la-nacion-evalua-acciones-conjuntas-con-panama-contra-narcotrafico-trafico-de-migrantes-y-criminalidad-organizada\/#primaryimage"},"image":{"@id":"https:\/\/www.fiscalia.gov.co\/colombia\/noticias\/fiscal-general-de-la-nacion-evalua-acciones-conjuntas-con-panama-contra-narcotrafico-trafico-de-migrantes-y-criminalidad-organizada\/#primaryimage"},"thumbnailUrl":"https:\/\/www.fiscalia.gov.co\/colombia\/wp-content\/uploads\/maxresdefault-379.jpg","datePublished":"2022-04-05T17:18:34+00:00","dateModified":"2022-04-05T17:32:33+00:00","description":"P\u00e1gina oficial de la Fiscal\u00eda General de la Naci\u00f3n \u2013 Colombia. Garantizamos el acceso efectivo a la justicia, la verdad y la reparaci\u00f3n de las v\u00edctimas de los delitos.","breadcrumb":{"@id":"https:\/\/www.fiscalia.gov.co\/colombia\/noticias\/fiscal-general-de-la-nacion-evalua-acciones-conjuntas-con-panama-contra-narcotrafico-trafico-de-migrantes-y-criminalidad-organizada\/#breadcrumb"},"inLanguage":"es-CO","potentialAction":[{"@type":"ReadAction","target":["https:\/\/www.fiscalia.gov.co\/colombia\/noticias\/fiscal-general-de-la-nacion-evalua-acciones-conjuntas-con-panama-contra-narcotrafico-trafico-de-migrantes-y-criminalidad-organizada\/"]}]},{"@type":"ImageObject","inLanguage":"es-CO","@id":"https:\/\/www.fiscalia.gov.co\/colombia\/noticias\/fiscal-general-de-la-nacion-evalua-acciones-conjuntas-con-panama-contra-narcotrafico-trafico-de-migrantes-y-criminalidad-organizada\/#primaryimage","url":"https:\/\/www.fiscalia.gov.co\/colombia\/wp-content\/uploads\/maxresdefault-379.jpg","contentUrl":"https:\/\/www.fiscalia.gov.co\/colombia\/wp-content\/uploads\/maxresdefault-379.jpg","width":1280,"height":720},{"@type":"BreadcrumbList","@id":"https:\/\/www.fiscalia.gov.co\/colombia\/noticias\/fiscal-general-de-la-nacion-evalua-acciones-conjuntas-con-panama-contra-narcotrafico-trafico-de-migrantes-y-criminalidad-organizada\/#breadcrumb","itemListElement":[{"@type":"ListItem","position":1,"name":"Home","item":"https:\/\/www.fiscalia.gov.co\/colombia\/"},{"@type":"ListItem","position":2,"name":"Fiscal General de la Naci\u00f3n eval\u00faa acciones conjuntas con Panam\u00e1 contra narcotr\u00e1fico, tr\u00e1fico de migrantes y criminalidad organizada"}]},{"@type":"WebSite","@id":"https:\/\/www.fiscalia.gov.co\/colombia\/#website","url":"https:\/\/www.fiscalia.gov.co\/colombia\/","name":"Fiscal\u00eda General de la Naci\u00f3n","description":"P\u00e1gina oficial de la Fiscal\u00eda General de la Naci\u00f3n \u2013 Colombia. Garantizamos el acceso efectivo a la justicia, la verdad y la reparaci\u00f3n de las v\u00edctimas de los delitos.","publisher":{"@id":"https:\/\/www.fiscalia.gov.co\/colombia\/#organization"},"potentialAction":[{"@type":"SearchAction","target":{"@type":"EntryPoint","urlTemplate":"https:\/\/www.fiscalia.gov.co\/colombia\/?s={search_term_string}"},"query-input":{"@type":"PropertyValueSpecification","valueRequired":true,"valueName":"search_term_string"}}],"inLanguage":"es-CO"},{"@type":"Organization","@id":"https:\/\/www.fiscalia.gov.co\/colombia\/#organization","name":"Fiscal\u00eda General de la Naci\u00f3n","url":"https:\/\/www.fiscalia.gov.co\/colombia\/","logo":{"@type":"ImageObject","inLanguage":"es-CO","@id":"https:\/\/www.fiscalia.gov.co\/colombia\/#\/schema\/logo\/image\/","url":"https:\/\/www.fiscalia.gov.co\/colombia\/wp-content\/uploads\/LogoHorizontal_1.jpg","contentUrl":"https:\/\/www.fiscalia.gov.co\/colombia\/wp-content\/uploads\/LogoHorizontal_1.jpg","width":300,"height":90,"caption":"Fiscal\u00eda General de la Naci\u00f3n"},"image":{"@id":"https:\/\/www.fiscalia.gov.co\/colombia\/#\/schema\/logo\/image\/"},"sameAs":["https:\/\/www.facebook.com\/FiscaliaCol","https:\/\/x.com\/FiscaliaCol","https:\/\/www.instagram.com\/fiscaliacol","https:\/\/www.linkedin.com\/company\/fiscalia-general-de-la-naci-n\/","https:\/\/youtube.com\/@fiscaliageneraldelanacion-4668?si=6nN79nyQICPU5iTh"]},{"@type":"Person","@id":"https:\/\/www.fiscalia.gov.co\/colombia\/#\/schema\/person\/bf84402cf293a5393e9c70b111020b24","name":"Jordan Leandro Oviedo Anzola","image":{"@type":"ImageObject","inLanguage":"es-CO","@id":"https:\/\/www.fiscalia.gov.co\/colombia\/#\/schema\/person\/image\/","url":"https:\/\/secure.gravatar.com\/avatar\/dabba4346fa9b9207d96adafa8f92721?s=96&d=mm&r=g","contentUrl":"https:\/\/secure.gravatar.com\/avatar\/dabba4346fa9b9207d96adafa8f92721?s=96&d=mm&r=g","caption":"Jordan Leandro Oviedo Anzola"},"url":"https:\/\/www.fiscalia.gov.co\/colombia\/author\/joviedo\/"}]}},"_links":{"self":[{"href":"https:\/\/www.fiscalia.gov.co\/colombia\/wp-json\/wp\/v2\/posts\/245335","targetHints":{"allow":["GET"]}}],"collection":[{"href":"https:\/\/www.fiscalia.gov.co\/colombia\/wp-json\/wp\/v2\/posts"}],"about":[{"href":"https:\/\/www.fiscalia.gov.co\/colombia\/wp-json\/wp\/v2\/types\/post"}],"author":[{"embeddable":true,"href":"https:\/\/www.fiscalia.gov.co\/colombia\/wp-json\/wp\/v2\/users\/177"}],"replies":[{"embeddable":true,"href":"https:\/\/www.fiscalia.gov.co\/colombia\/wp-json\/wp\/v2\/comments?post=245335"}],"version-history":[{"count":2,"href":"https:\/\/www.fiscalia.gov.co\/colombia\/wp-json\/wp\/v2\/posts\/245335\/revisions"}],"predecessor-version":[{"id":245344,"href":"https:\/\/www.fiscalia.gov.co\/colombia\/wp-json\/wp\/v2\/posts\/245335\/revisions\/245344"}],"wp:featuredmedia":[{"embeddable":true,"href":"https:\/\/www.fiscalia.gov.co\/colombia\/wp-json\/wp\/v2\/media\/245340"}],"wp:attachment":[{"href":"https:\/\/www.fiscalia.gov.co\/colombia\/wp-json\/wp\/v2\/media?parent=245335"}],"wp:term":[{"taxonomy":"category","embeddable":true,"href":"https:\/\/www.fiscalia.gov.co\/colombia\/wp-json\/wp\/v2\/categories?post=245335"},{"taxonomy":"post_tag","embeddable":true,"href":"https:\/\/www.fiscalia.gov.co\/colombia\/wp-json\/wp\/v2\/tags?post=245335"}],"curies":[{"name":"wp","href":"https:\/\/api.w.org\/{rel}","templated":true}]}}