{"id":245131,"date":"2022-04-02T14:00:07","date_gmt":"2022-04-02T19:00:07","guid":{"rendered":"https:\/\/www.fiscalia.gov.co\/colombia\/?p=245131"},"modified":"2022-04-02T20:44:30","modified_gmt":"2022-04-03T01:44:30","slug":"fiscalia-logro-condenas-contra-cuatro-personas-que-trasladaron-dineros-de-un-programa-para-evitar-la-mortalidad-infantil-a-una-campana-politica-en-la-guajira","status":"publish","type":"post","link":"https:\/\/www.fiscalia.gov.co\/colombia\/noticias\/fiscalia-logro-condenas-contra-cuatro-personas-que-trasladaron-dineros-de-un-programa-para-evitar-la-mortalidad-infantil-a-una-campana-politica-en-la-guajira\/","title":{"rendered":"Fiscal\u00eda logr\u00f3 condenas contra cuatro personas que trasladaron dineros de un programa para evitar la mortalidad infantil a una campa\u00f1a pol\u00edtica en La Guajira"},"content":{"rendered":"<blockquote class=\"td_quote_box td_box_center\">\n<h4 style=\"text-align: left;\"><strong><em>Ante la contundencia de los elementos de prueba, los sentenciados hab\u00edan aceptado su participaci\u00f3n en la desviaci\u00f3n de los recursos p\u00fablicos.<\/em><\/strong><\/h4>\n<\/blockquote>\n<p>La Fiscal\u00eda General de la Naci\u00f3n puso en evidencia un acto de corrupci\u00f3n que se materializ\u00f3 en 2011, luego de la celebraci\u00f3n de un contrato entre la Alcald\u00eda de Albania (La Guajira) y el Hospital San Rafael por 18.900 millones de pesos, cuyo objeto era desarrollar un programa de salud para evitar la mortalidad de ni\u00f1os y madres gestantes.<\/p>\n<p>El centro asistencial no ten\u00eda la capacidad t\u00e9cnica ni operativa para cumplir con las obligaciones contractuales. En ese sentido, subcontrat\u00f3 a 10 profesionales de distintas \u00e1reas de la salud para dar la apariencia de desarrollar el proyecto de salud. Sin embargo, estas personas se dedicaron a vincular mediante contratos fachada a 1.459 ciudadanos para que realizaran las consultas, tratamientos y valoraciones, al igual que las visitas de campo a las comunidades afectadas por falta de alimento, agua y medicamentos.<\/p>\n<p>El material de prueba evidenci\u00f3 de los beneficiarios de los m\u00faltiples contratos deb\u00edan cumplir tres requisito. Tener inscrita la c\u00e9dula de ciudadan\u00eda para votar en Albania (La Guajira), ser seguidores de la candidata a la gobernaci\u00f3n del momento y aceptar un pago menor al establecido en las \u00f3rdenes de prestaci\u00f3n de servicios.<\/p>\n<p>Se comprob\u00f3 que la mayor\u00eda de las personas no cumpli\u00f3 actividad alguna, pero cobraron sus honorarios a trav\u00e9s de cheques. Los dineros fueron cambiados por efectivo y, posteriormente, guardados en bolsas de basura y entregados a la campa\u00f1a de la entonces aspirante a la Gobernaci\u00f3n de La Guajira.<\/p>\n<p>Estos hechos fueron aceptados, mediante preacuerdos, por cuatro de los profesionales que sirvieron de intermediarios para desviar los recursos p\u00fablicos de la salud. Es as\u00ed como un juez penal del circuito de Riohacha los declar\u00f3 responsables del delito de peculado por apropiaci\u00f3n en favor de tercero.<\/p>\n<p>Los sentenciados son:<\/p>\n<ul>\n<li>Glenis Josefina Ojeda Rivadeneira, quien firm\u00f3 seis contratos para el subprograma de lactancia por valor de 1.130 millones de pesos y dispuso de la contrataci\u00f3n de 133 personas.<\/li>\n<li>Emel Antonio Rodr\u00edguez Amaya, se\u00f1alado de contratar 672 personas para el subprograma de salud mental por un valor superior a 1.230 millones de pesos.<\/li>\n<li>Mayerlis Soto Carrillo, involucrada en la celebraci\u00f3n de seis contratos con el Hospital de Albania por 1.269 millones de pesos. A su vez, subcontrat\u00f3 a 244 ciudadanos.<\/li>\n<li>Yira Patricia Monta\u00f1o Manjarrez, quien contrat\u00f3 244 personas y cobr\u00f3 1.203 millones de pesos.<\/li>\n<\/ul>\n<p>La se\u00f1ora Ojeda Rivadeneira fue condenada a cinco a\u00f1os y 10 meses de prisi\u00f3n; mientras que los dem\u00e1s recibieron penas de cuatro a\u00f1os de prisi\u00f3n.<\/p>\n<p>Esta informaci\u00f3n se publica por razones de inter\u00e9s general.<\/p>\n<p><strong>La Fiscal\u00eda habla con resultados.<\/strong><\/p>\n<p>&nbsp;<\/p>\n<p>LAGP\/JARG\/AMS\/EAC\/MRC.<\/p>\n<p>&nbsp;<\/p>\n\n<div class=\"twitter-share\"><a href=\"https:\/\/twitter.com\/intent\/tweet?via=fiscaliacol\" class=\"twitter-share-button\">Tweet<\/a><\/div>\n","protected":false},"excerpt":{"rendered":"<p>Ante la contundencia de los elementos de prueba, los sentenciados hab\u00edan aceptado su participaci\u00f3n en la desviaci\u00f3n de los recursos p\u00fablicos. La Fiscal\u00eda General de la Naci\u00f3n puso en evidencia un acto de corrupci\u00f3n que se materializ\u00f3 en 2011, luego de la celebraci\u00f3n de un contrato entre la Alcald\u00eda de Albania (La Guajira) y el [&hellip;]<\/p>\n","protected":false},"author":162,"featured_media":0,"comment_status":"closed","ping_status":"open","sticky":false,"template":"","format":"standard","meta":{"_price":"","_stock":"","_tribe_ticket_header":"","_tribe_default_ticket_provider":"","_tribe_ticket_capacity":"0","_ticket_start_date":"","_ticket_end_date":"","_tribe_ticket_show_description":"","_tribe_ticket_show_not_going":false,"_tribe_ticket_use_global_stock":"","_tribe_ticket_global_stock_level":"","_global_stock_mode":"","_global_stock_cap":"","_tribe_rsvp_for_event":"","_tribe_ticket_going_count":"","_tribe_ticket_not_going_count":"","_tribe_tickets_list":"[]","_tribe_ticket_has_attendee_info_fields":false,"tdm_status":"","tdm_grid_status":"","footnotes":""},"categories":[24174,1],"tags":[],"class_list":{"0":"post-245131","1":"post","2":"type-post","3":"status-publish","4":"format-standard","6":"category-hay-justicia","7":"category-noticias"},"yoast_head":"<!-- This site is optimized with the Yoast SEO plugin v24.3 - https:\/\/yoast.com\/wordpress\/plugins\/seo\/ -->\n<title>Fiscal\u00eda General de la Naci\u00f3n<\/title>\n<meta name=\"description\" content=\"P\u00e1gina oficial de la Fiscal\u00eda General de la Naci\u00f3n \u2013 Colombia. Garantizamos el acceso efectivo a la justicia, la verdad y la reparaci\u00f3n de las v\u00edctimas de los delitos.\" \/>\n<meta name=\"robots\" content=\"noindex, follow\" \/>\n<meta property=\"og:locale\" content=\"es_ES\" \/>\n<meta property=\"og:type\" content=\"article\" \/>\n<meta property=\"og:title\" content=\"Fiscal\u00eda General de la Naci\u00f3n\" \/>\n<meta property=\"og:description\" content=\"P\u00e1gina oficial de la Fiscal\u00eda General de la Naci\u00f3n \u2013 Colombia. Garantizamos el acceso efectivo a la justicia, la verdad y la reparaci\u00f3n de las v\u00edctimas de los delitos.\" \/>\n<meta property=\"og:url\" content=\"https:\/\/www.fiscalia.gov.co\/colombia\/noticias\/fiscalia-logro-condenas-contra-cuatro-personas-que-trasladaron-dineros-de-un-programa-para-evitar-la-mortalidad-infantil-a-una-campana-politica-en-la-guajira\/\" \/>\n<meta property=\"og:site_name\" content=\"Fiscal\u00eda General de la Naci\u00f3n\" \/>\n<meta property=\"article:publisher\" content=\"https:\/\/www.facebook.com\/FiscaliaCol\" \/>\n<meta property=\"article:published_time\" content=\"2022-04-02T19:00:07+00:00\" \/>\n<meta property=\"article:modified_time\" content=\"2022-04-03T01:44:30+00:00\" \/>\n<meta name=\"author\" content=\"Direcci\u00f3n de Comunicaciones Fiscal\u00eda General de la Naci\u00f3n\" \/>\n<meta name=\"twitter:card\" content=\"summary_large_image\" \/>\n<meta name=\"twitter:creator\" content=\"@FiscaliaCol\" \/>\n<meta name=\"twitter:site\" content=\"@FiscaliaCol\" \/>\n<meta name=\"twitter:label1\" content=\"Escrito por\" \/>\n\t<meta name=\"twitter:data1\" content=\"Direcci\u00f3n de Comunicaciones Fiscal\u00eda General de la Naci\u00f3n\" \/>\n\t<meta name=\"twitter:label2\" content=\"Tiempo de lectura\" \/>\n\t<meta name=\"twitter:data2\" content=\"2 minutos\" \/>\n<script type=\"application\/ld+json\" class=\"yoast-schema-graph\">{\"@context\":\"https:\/\/schema.org\",\"@graph\":[{\"@type\":\"Article\",\"@id\":\"https:\/\/www.fiscalia.gov.co\/colombia\/noticias\/fiscalia-logro-condenas-contra-cuatro-personas-que-trasladaron-dineros-de-un-programa-para-evitar-la-mortalidad-infantil-a-una-campana-politica-en-la-guajira\/#article\",\"isPartOf\":{\"@id\":\"https:\/\/www.fiscalia.gov.co\/colombia\/noticias\/fiscalia-logro-condenas-contra-cuatro-personas-que-trasladaron-dineros-de-un-programa-para-evitar-la-mortalidad-infantil-a-una-campana-politica-en-la-guajira\/\"},\"author\":{\"name\":\"Direcci\u00f3n de Comunicaciones Fiscal\u00eda General de la Naci\u00f3n\",\"@id\":\"https:\/\/www.fiscalia.gov.co\/colombia\/#\/schema\/person\/bf28d8ae7f1b287bbe3af484b04f43ea\"},\"headline\":\"Fiscal\u00eda logr\u00f3 condenas contra cuatro personas que trasladaron dineros de un programa para evitar la mortalidad infantil a una campa\u00f1a pol\u00edtica en La Guajira\",\"datePublished\":\"2022-04-02T19:00:07+00:00\",\"dateModified\":\"2022-04-03T01:44:30+00:00\",\"mainEntityOfPage\":{\"@id\":\"https:\/\/www.fiscalia.gov.co\/colombia\/noticias\/fiscalia-logro-condenas-contra-cuatro-personas-que-trasladaron-dineros-de-un-programa-para-evitar-la-mortalidad-infantil-a-una-campana-politica-en-la-guajira\/\"},\"wordCount\":499,\"publisher\":{\"@id\":\"https:\/\/www.fiscalia.gov.co\/colombia\/#organization\"},\"articleSection\":[\"Hay Justicia\",\"Noticias\"],\"inLanguage\":\"es-CO\"},{\"@type\":\"WebPage\",\"@id\":\"https:\/\/www.fiscalia.gov.co\/colombia\/noticias\/fiscalia-logro-condenas-contra-cuatro-personas-que-trasladaron-dineros-de-un-programa-para-evitar-la-mortalidad-infantil-a-una-campana-politica-en-la-guajira\/\",\"url\":\"https:\/\/www.fiscalia.gov.co\/colombia\/noticias\/fiscalia-logro-condenas-contra-cuatro-personas-que-trasladaron-dineros-de-un-programa-para-evitar-la-mortalidad-infantil-a-una-campana-politica-en-la-guajira\/\",\"name\":\"Fiscal\u00eda General de la Naci\u00f3n\",\"isPartOf\":{\"@id\":\"https:\/\/www.fiscalia.gov.co\/colombia\/#website\"},\"datePublished\":\"2022-04-02T19:00:07+00:00\",\"dateModified\":\"2022-04-03T01:44:30+00:00\",\"description\":\"P\u00e1gina oficial de la Fiscal\u00eda General de la Naci\u00f3n \u2013 Colombia. Garantizamos el acceso efectivo a la justicia, la verdad y la reparaci\u00f3n de las v\u00edctimas de los delitos.\",\"breadcrumb\":{\"@id\":\"https:\/\/www.fiscalia.gov.co\/colombia\/noticias\/fiscalia-logro-condenas-contra-cuatro-personas-que-trasladaron-dineros-de-un-programa-para-evitar-la-mortalidad-infantil-a-una-campana-politica-en-la-guajira\/#breadcrumb\"},\"inLanguage\":\"es-CO\",\"potentialAction\":[{\"@type\":\"ReadAction\",\"target\":[\"https:\/\/www.fiscalia.gov.co\/colombia\/noticias\/fiscalia-logro-condenas-contra-cuatro-personas-que-trasladaron-dineros-de-un-programa-para-evitar-la-mortalidad-infantil-a-una-campana-politica-en-la-guajira\/\"]}]},{\"@type\":\"BreadcrumbList\",\"@id\":\"https:\/\/www.fiscalia.gov.co\/colombia\/noticias\/fiscalia-logro-condenas-contra-cuatro-personas-que-trasladaron-dineros-de-un-programa-para-evitar-la-mortalidad-infantil-a-una-campana-politica-en-la-guajira\/#breadcrumb\",\"itemListElement\":[{\"@type\":\"ListItem\",\"position\":1,\"name\":\"Home\",\"item\":\"https:\/\/www.fiscalia.gov.co\/colombia\/\"},{\"@type\":\"ListItem\",\"position\":2,\"name\":\"Fiscal\u00eda logr\u00f3 condenas contra cuatro personas que trasladaron dineros de un programa para evitar la mortalidad infantil a una campa\u00f1a pol\u00edtica en La Guajira\"}]},{\"@type\":\"WebSite\",\"@id\":\"https:\/\/www.fiscalia.gov.co\/colombia\/#website\",\"url\":\"https:\/\/www.fiscalia.gov.co\/colombia\/\",\"name\":\"Fiscal\u00eda General de la Naci\u00f3n\",\"description\":\"P\u00e1gina oficial de la Fiscal\u00eda General de la Naci\u00f3n \u2013 Colombia. Garantizamos el acceso efectivo a la justicia, la verdad y la reparaci\u00f3n de las v\u00edctimas de los delitos.\",\"publisher\":{\"@id\":\"https:\/\/www.fiscalia.gov.co\/colombia\/#organization\"},\"potentialAction\":[{\"@type\":\"SearchAction\",\"target\":{\"@type\":\"EntryPoint\",\"urlTemplate\":\"https:\/\/www.fiscalia.gov.co\/colombia\/?s={search_term_string}\"},\"query-input\":{\"@type\":\"PropertyValueSpecification\",\"valueRequired\":true,\"valueName\":\"search_term_string\"}}],\"inLanguage\":\"es-CO\"},{\"@type\":\"Organization\",\"@id\":\"https:\/\/www.fiscalia.gov.co\/colombia\/#organization\",\"name\":\"Fiscal\u00eda General de la Naci\u00f3n\",\"url\":\"https:\/\/www.fiscalia.gov.co\/colombia\/\",\"logo\":{\"@type\":\"ImageObject\",\"inLanguage\":\"es-CO\",\"@id\":\"https:\/\/www.fiscalia.gov.co\/colombia\/#\/schema\/logo\/image\/\",\"url\":\"https:\/\/www.fiscalia.gov.co\/colombia\/wp-content\/uploads\/LogoHorizontal_1.jpg\",\"contentUrl\":\"https:\/\/www.fiscalia.gov.co\/colombia\/wp-content\/uploads\/LogoHorizontal_1.jpg\",\"width\":300,\"height\":90,\"caption\":\"Fiscal\u00eda General de la Naci\u00f3n\"},\"image\":{\"@id\":\"https:\/\/www.fiscalia.gov.co\/colombia\/#\/schema\/logo\/image\/\"},\"sameAs\":[\"https:\/\/www.facebook.com\/FiscaliaCol\",\"https:\/\/x.com\/FiscaliaCol\",\"https:\/\/www.instagram.com\/fiscaliacol\",\"https:\/\/www.linkedin.com\/company\/fiscalia-general-de-la-naci-n\/\",\"https:\/\/youtube.com\/@fiscaliageneraldelanacion-4668?si=6nN79nyQICPU5iTh\"]},{\"@type\":\"Person\",\"@id\":\"https:\/\/www.fiscalia.gov.co\/colombia\/#\/schema\/person\/bf28d8ae7f1b287bbe3af484b04f43ea\",\"name\":\"Direcci\u00f3n de Comunicaciones Fiscal\u00eda General de la Naci\u00f3n\",\"image\":{\"@type\":\"ImageObject\",\"inLanguage\":\"es-CO\",\"@id\":\"https:\/\/www.fiscalia.gov.co\/colombia\/#\/schema\/person\/image\/\",\"url\":\"https:\/\/secure.gravatar.com\/avatar\/9d55ae161d32da16dbdd0b380c080a5f?s=96&d=mm&r=g\",\"contentUrl\":\"https:\/\/secure.gravatar.com\/avatar\/9d55ae161d32da16dbdd0b380c080a5f?s=96&d=mm&r=g\",\"caption\":\"Direcci\u00f3n de Comunicaciones Fiscal\u00eda General de la Naci\u00f3n\"},\"url\":\"https:\/\/www.fiscalia.gov.co\/colombia\/author\/kbonilla\/\"}]}<\/script>\n<!-- \/ Yoast SEO plugin. -->","yoast_head_json":{"title":"Fiscal\u00eda General de la Naci\u00f3n","description":"P\u00e1gina oficial de la Fiscal\u00eda General de la Naci\u00f3n \u2013 Colombia. Garantizamos el acceso efectivo a la justicia, la verdad y la reparaci\u00f3n de las v\u00edctimas de los delitos.","robots":{"index":"noindex","follow":"follow"},"og_locale":"es_ES","og_type":"article","og_title":"Fiscal\u00eda General de la Naci\u00f3n","og_description":"P\u00e1gina oficial de la Fiscal\u00eda General de la Naci\u00f3n \u2013 Colombia. Garantizamos el acceso efectivo a la justicia, la verdad y la reparaci\u00f3n de las v\u00edctimas de los delitos.","og_url":"https:\/\/www.fiscalia.gov.co\/colombia\/noticias\/fiscalia-logro-condenas-contra-cuatro-personas-que-trasladaron-dineros-de-un-programa-para-evitar-la-mortalidad-infantil-a-una-campana-politica-en-la-guajira\/","og_site_name":"Fiscal\u00eda General de la Naci\u00f3n","article_publisher":"https:\/\/www.facebook.com\/FiscaliaCol","article_published_time":"2022-04-02T19:00:07+00:00","article_modified_time":"2022-04-03T01:44:30+00:00","author":"Direcci\u00f3n de Comunicaciones Fiscal\u00eda General de la Naci\u00f3n","twitter_card":"summary_large_image","twitter_creator":"@FiscaliaCol","twitter_site":"@FiscaliaCol","twitter_misc":{"Escrito por":"Direcci\u00f3n de Comunicaciones Fiscal\u00eda General de la Naci\u00f3n","Tiempo de lectura":"2 minutos"},"schema":{"@context":"https:\/\/schema.org","@graph":[{"@type":"Article","@id":"https:\/\/www.fiscalia.gov.co\/colombia\/noticias\/fiscalia-logro-condenas-contra-cuatro-personas-que-trasladaron-dineros-de-un-programa-para-evitar-la-mortalidad-infantil-a-una-campana-politica-en-la-guajira\/#article","isPartOf":{"@id":"https:\/\/www.fiscalia.gov.co\/colombia\/noticias\/fiscalia-logro-condenas-contra-cuatro-personas-que-trasladaron-dineros-de-un-programa-para-evitar-la-mortalidad-infantil-a-una-campana-politica-en-la-guajira\/"},"author":{"name":"Direcci\u00f3n de Comunicaciones Fiscal\u00eda General de la Naci\u00f3n","@id":"https:\/\/www.fiscalia.gov.co\/colombia\/#\/schema\/person\/bf28d8ae7f1b287bbe3af484b04f43ea"},"headline":"Fiscal\u00eda logr\u00f3 condenas contra cuatro personas que trasladaron dineros de un programa para evitar la mortalidad infantil a una campa\u00f1a pol\u00edtica en La Guajira","datePublished":"2022-04-02T19:00:07+00:00","dateModified":"2022-04-03T01:44:30+00:00","mainEntityOfPage":{"@id":"https:\/\/www.fiscalia.gov.co\/colombia\/noticias\/fiscalia-logro-condenas-contra-cuatro-personas-que-trasladaron-dineros-de-un-programa-para-evitar-la-mortalidad-infantil-a-una-campana-politica-en-la-guajira\/"},"wordCount":499,"publisher":{"@id":"https:\/\/www.fiscalia.gov.co\/colombia\/#organization"},"articleSection":["Hay Justicia","Noticias"],"inLanguage":"es-CO"},{"@type":"WebPage","@id":"https:\/\/www.fiscalia.gov.co\/colombia\/noticias\/fiscalia-logro-condenas-contra-cuatro-personas-que-trasladaron-dineros-de-un-programa-para-evitar-la-mortalidad-infantil-a-una-campana-politica-en-la-guajira\/","url":"https:\/\/www.fiscalia.gov.co\/colombia\/noticias\/fiscalia-logro-condenas-contra-cuatro-personas-que-trasladaron-dineros-de-un-programa-para-evitar-la-mortalidad-infantil-a-una-campana-politica-en-la-guajira\/","name":"Fiscal\u00eda General de la Naci\u00f3n","isPartOf":{"@id":"https:\/\/www.fiscalia.gov.co\/colombia\/#website"},"datePublished":"2022-04-02T19:00:07+00:00","dateModified":"2022-04-03T01:44:30+00:00","description":"P\u00e1gina oficial de la Fiscal\u00eda General de la Naci\u00f3n \u2013 Colombia. Garantizamos el acceso efectivo a la justicia, la verdad y la reparaci\u00f3n de las v\u00edctimas de los delitos.","breadcrumb":{"@id":"https:\/\/www.fiscalia.gov.co\/colombia\/noticias\/fiscalia-logro-condenas-contra-cuatro-personas-que-trasladaron-dineros-de-un-programa-para-evitar-la-mortalidad-infantil-a-una-campana-politica-en-la-guajira\/#breadcrumb"},"inLanguage":"es-CO","potentialAction":[{"@type":"ReadAction","target":["https:\/\/www.fiscalia.gov.co\/colombia\/noticias\/fiscalia-logro-condenas-contra-cuatro-personas-que-trasladaron-dineros-de-un-programa-para-evitar-la-mortalidad-infantil-a-una-campana-politica-en-la-guajira\/"]}]},{"@type":"BreadcrumbList","@id":"https:\/\/www.fiscalia.gov.co\/colombia\/noticias\/fiscalia-logro-condenas-contra-cuatro-personas-que-trasladaron-dineros-de-un-programa-para-evitar-la-mortalidad-infantil-a-una-campana-politica-en-la-guajira\/#breadcrumb","itemListElement":[{"@type":"ListItem","position":1,"name":"Home","item":"https:\/\/www.fiscalia.gov.co\/colombia\/"},{"@type":"ListItem","position":2,"name":"Fiscal\u00eda logr\u00f3 condenas contra cuatro personas que trasladaron dineros de un programa para evitar la mortalidad infantil a una campa\u00f1a pol\u00edtica en La Guajira"}]},{"@type":"WebSite","@id":"https:\/\/www.fiscalia.gov.co\/colombia\/#website","url":"https:\/\/www.fiscalia.gov.co\/colombia\/","name":"Fiscal\u00eda General de la Naci\u00f3n","description":"P\u00e1gina oficial de la Fiscal\u00eda General de la Naci\u00f3n \u2013 Colombia. Garantizamos el acceso efectivo a la justicia, la verdad y la reparaci\u00f3n de las v\u00edctimas de los delitos.","publisher":{"@id":"https:\/\/www.fiscalia.gov.co\/colombia\/#organization"},"potentialAction":[{"@type":"SearchAction","target":{"@type":"EntryPoint","urlTemplate":"https:\/\/www.fiscalia.gov.co\/colombia\/?s={search_term_string}"},"query-input":{"@type":"PropertyValueSpecification","valueRequired":true,"valueName":"search_term_string"}}],"inLanguage":"es-CO"},{"@type":"Organization","@id":"https:\/\/www.fiscalia.gov.co\/colombia\/#organization","name":"Fiscal\u00eda General de la Naci\u00f3n","url":"https:\/\/www.fiscalia.gov.co\/colombia\/","logo":{"@type":"ImageObject","inLanguage":"es-CO","@id":"https:\/\/www.fiscalia.gov.co\/colombia\/#\/schema\/logo\/image\/","url":"https:\/\/www.fiscalia.gov.co\/colombia\/wp-content\/uploads\/LogoHorizontal_1.jpg","contentUrl":"https:\/\/www.fiscalia.gov.co\/colombia\/wp-content\/uploads\/LogoHorizontal_1.jpg","width":300,"height":90,"caption":"Fiscal\u00eda General de la Naci\u00f3n"},"image":{"@id":"https:\/\/www.fiscalia.gov.co\/colombia\/#\/schema\/logo\/image\/"},"sameAs":["https:\/\/www.facebook.com\/FiscaliaCol","https:\/\/x.com\/FiscaliaCol","https:\/\/www.instagram.com\/fiscaliacol","https:\/\/www.linkedin.com\/company\/fiscalia-general-de-la-naci-n\/","https:\/\/youtube.com\/@fiscaliageneraldelanacion-4668?si=6nN79nyQICPU5iTh"]},{"@type":"Person","@id":"https:\/\/www.fiscalia.gov.co\/colombia\/#\/schema\/person\/bf28d8ae7f1b287bbe3af484b04f43ea","name":"Direcci\u00f3n de Comunicaciones Fiscal\u00eda General de la Naci\u00f3n","image":{"@type":"ImageObject","inLanguage":"es-CO","@id":"https:\/\/www.fiscalia.gov.co\/colombia\/#\/schema\/person\/image\/","url":"https:\/\/secure.gravatar.com\/avatar\/9d55ae161d32da16dbdd0b380c080a5f?s=96&d=mm&r=g","contentUrl":"https:\/\/secure.gravatar.com\/avatar\/9d55ae161d32da16dbdd0b380c080a5f?s=96&d=mm&r=g","caption":"Direcci\u00f3n de Comunicaciones Fiscal\u00eda General de la Naci\u00f3n"},"url":"https:\/\/www.fiscalia.gov.co\/colombia\/author\/kbonilla\/"}]}},"_links":{"self":[{"href":"https:\/\/www.fiscalia.gov.co\/colombia\/wp-json\/wp\/v2\/posts\/245131","targetHints":{"allow":["GET"]}}],"collection":[{"href":"https:\/\/www.fiscalia.gov.co\/colombia\/wp-json\/wp\/v2\/posts"}],"about":[{"href":"https:\/\/www.fiscalia.gov.co\/colombia\/wp-json\/wp\/v2\/types\/post"}],"author":[{"embeddable":true,"href":"https:\/\/www.fiscalia.gov.co\/colombia\/wp-json\/wp\/v2\/users\/162"}],"replies":[{"embeddable":true,"href":"https:\/\/www.fiscalia.gov.co\/colombia\/wp-json\/wp\/v2\/comments?post=245131"}],"version-history":[{"count":1,"href":"https:\/\/www.fiscalia.gov.co\/colombia\/wp-json\/wp\/v2\/posts\/245131\/revisions"}],"predecessor-version":[{"id":245132,"href":"https:\/\/www.fiscalia.gov.co\/colombia\/wp-json\/wp\/v2\/posts\/245131\/revisions\/245132"}],"wp:attachment":[{"href":"https:\/\/www.fiscalia.gov.co\/colombia\/wp-json\/wp\/v2\/media?parent=245131"}],"wp:term":[{"taxonomy":"category","embeddable":true,"href":"https:\/\/www.fiscalia.gov.co\/colombia\/wp-json\/wp\/v2\/categories?post=245131"},{"taxonomy":"post_tag","embeddable":true,"href":"https:\/\/www.fiscalia.gov.co\/colombia\/wp-json\/wp\/v2\/tags?post=245131"}],"curies":[{"name":"wp","href":"https:\/\/api.w.org\/{rel}","templated":true}]}}