{"id":245004,"date":"2022-04-01T10:17:11","date_gmt":"2022-04-01T15:17:11","guid":{"rendered":"https:\/\/www.fiscalia.gov.co\/colombia\/?p=245004"},"modified":"2022-04-01T10:17:11","modified_gmt":"2022-04-01T15:17:11","slug":"condenados-a-7-anos-de-prision-mayor-retirado-del-ejercito-y-un-particular-por-falsedad-ideologica-y-peculado-por-apropiacion","status":"publish","type":"post","link":"https:\/\/www.fiscalia.gov.co\/colombia\/noticias\/condenados-a-7-anos-de-prision-mayor-retirado-del-ejercito-y-un-particular-por-falsedad-ideologica-y-peculado-por-apropiacion\/","title":{"rendered":"Condenados a 7 a\u00f1os de prisi\u00f3n mayor retirado del Ej\u00e9rcito y un particular por falsedad ideol\u00f3gica y peculado por apropiaci\u00f3n"},"content":{"rendered":"<h4><strong><em>Se tiene que el mayor Gonz\u00e1lez Coronado contrat\u00f3 transporte de v\u00edveres para varias bases militares que cobraron personas que nada ten\u00edan que ver con los contratos. Los hechos se registraron en 2007.<\/em><\/strong><\/h4>\n<p>El Juzgado Segundo Penal del Circuito de Florencia (Caquet\u00e1) conden\u00f3 a 7 a\u00f1os de prisi\u00f3n al ex director de la Agencia Log\u00edstica de las FFMM de Florencia, el mayor retirado del Ej\u00e9rcito Nacional, V\u00edctor Manuel Gonz\u00e1lez Coronado y a William Calder\u00f3n Trujillo, extesorero de la misma, por su participaci\u00f3n en los delitos de falsedad ideol\u00f3gica y <a href=\"https:\/\/www.fiscalia.gov.co\/colombia\/noticias\/capturado-exalcalde-de-palermo-huila-para-cumplir-condena-por-peculado-por-apropiacion-y-otro-delito\/\" data-saferedirecturl=\"https:\/\/www.google.com\/url?q=https:\/\/www.fiscalia.gov.co\/colombia\/noticias\/capturado-exalcalde-de-palermo-huila-para-cumplir-condena-por-peculado-por-apropiacion-y-otro-delito\/&amp;source=gmail&amp;ust=1648907997154000&amp;usg=AOvVaw0QczK0Q7X6o5gLwq6T7DTC\">peculado por apropiaci\u00f3n<\/a>.<\/p>\n<p>Ninguno de los dos podr\u00e1 ejercer cargos ni funciones p\u00fablicas por el mismo tiempo de la pena principal y deber\u00e1n pagar una multa de $10.870.000.<\/p>\n<p><strong>Los hechos<\/strong><\/p>\n<p>El director de la Agencia Log\u00edstica para el a\u00f1o 2007, el mayor V\u00edctor Gonz\u00e1lez, suscribi\u00f3 seis contratos de transporte de v\u00edveres para diferentes bases militares con el supuesto contratista Antonio Alvira.<\/p>\n<p>En ese orden de ideas, se hicieron seis comprobantes de pago los cuales fueron firmados por el director y el tesorero para la \u00e9poca, Calder\u00f3n Trujillo,\u00a0 y el contratista.<\/p>\n<p>A nombre supuestamente de \u00e9ste \u00faltimo se presentaron seis cuentas de cobro por lo cual la Agencia emiti\u00f3 cinco cheques firmados por el director y el tesorero, los cuales fueron endosados y pagados a terceras personas con la que se cre\u00eda era la firma del contratista.<\/p>\n<p>Con el apoyo de investigadores peritos en grafolog\u00eda del CTI de la Fiscal\u00eda Seccional Caquet\u00e1 e investigadores que recolectaron las evidencias documentales, sumado al testimonio del supuesto contratista, un fiscal de la Unidad de Administraci\u00f3n P\u00fablica logr\u00f3 probar en juicio oral que el total de los 23 documentos suscritos para el pago de los contratos no correspond\u00edan a la realidad.<\/p>\n<p>En t\u00e9rminos t\u00e9cnicos y especializados propios del campo de la grafolog\u00eda, el gesto gr\u00e1fico de Antonio Alvira no coincid\u00eda con su firma.<\/p>\n<p>Por estos hechos fueron hallados penalmente responsables y se emiti\u00f3 la orden de captura para darle cumplimiento a la pena impuesta.<\/p>\n<p><strong>La Fiscal\u00eda habla con resultados.<\/strong><\/p>\n<p>&nbsp;<\/p>\n<p>&nbsp;<\/p>\n<p>DSC\/PAAM\/CFG\/AOD<\/p>\n<p>&nbsp;<\/p>\n<p>&nbsp;<\/p>\n<div class=\"td-post-content tagdiv-type\">\n<div class=\"td-post-content tagdiv-type\">\n<div dir=\"ltr\">\n<div>\n<p><i>La informaci\u00f3n contenida en este bolet\u00edn de prensa corresponde a la narraci\u00f3n de los hechos noticiosos objetivos, suministrados por los funcionarios encargados de adelantar las investigaciones penales al interior de la Fiscal\u00eda General de la Naci\u00f3n. Para el momento de la divulgaci\u00f3n de este comunicado, la situaci\u00f3n jur\u00eddica de la(s) persona(s) relacionada(s) se encuentra pendiente de resolver por la autoridad judicial competente, siempre bajo los preceptos de la presunci\u00f3n de inocencia, consagrados en el art\u00edculo 29 de la Constituci\u00f3n Pol\u00edtica y el art\u00edculo 7\u00ba de la Ley 906 de 2004.<\/i><\/p>\n<\/div>\n<\/div>\n<\/div>\n<\/div>\n<p>&nbsp;<\/p>\n\n<div class=\"twitter-share\"><a href=\"https:\/\/twitter.com\/intent\/tweet?via=fiscaliacol\" class=\"twitter-share-button\">Tweet<\/a><\/div>\n","protected":false},"excerpt":{"rendered":"<p>Se tiene que el mayor Gonz\u00e1lez Coronado contrat\u00f3 transporte de v\u00edveres para varias bases militares que cobraron personas que nada ten\u00edan que ver con los contratos. Los hechos se registraron en 2007. El Juzgado Segundo Penal del Circuito de Florencia (Caquet\u00e1) conden\u00f3 a 7 a\u00f1os de prisi\u00f3n al ex director de la Agencia Log\u00edstica de [&hellip;]<\/p>\n","protected":false},"author":177,"featured_media":0,"comment_status":"closed","ping_status":"open","sticky":false,"template":"","format":"standard","meta":{"_price":"","_stock":"","_tribe_ticket_header":"","_tribe_default_ticket_provider":"","_tribe_ticket_capacity":"0","_ticket_start_date":"","_ticket_end_date":"","_tribe_ticket_show_description":"","_tribe_ticket_show_not_going":false,"_tribe_ticket_use_global_stock":"","_tribe_ticket_global_stock_level":"","_global_stock_mode":"","_global_stock_cap":"","_tribe_rsvp_for_event":"","_tribe_ticket_going_count":"","_tribe_ticket_not_going_count":"","_tribe_tickets_list":"[]","_tribe_ticket_has_attendee_info_fields":false,"tdm_status":"","tdm_grid_status":"","footnotes":""},"categories":[24097,24107,1,328,303],"tags":[31088,31092,427,45,31089,31090,31093,24185,1047,31086,31087,31091],"class_list":{"0":"post-245004","1":"post","2":"type-post","3":"status-publish","4":"format-standard","6":"category-corrupcion","7":"category-lucha-contra-corrupcion","8":"category-noticias","9":"category-seccional-florencia","10":"category-seccionales","11":"tag-agencia-logistica-de-las-ffmm-de-florencia","12":"tag-bases-militares","13":"tag-corrupcion","14":"tag-cti","15":"tag-ex-militar","16":"tag-ex-tesorero","17":"tag-falso-contratista","18":"tag-fiscal-barbosa","19":"tag-fiscalia-general-de-la-nacion","20":"tag-grafologia","21":"tag-peritos-grafologos","22":"tag-transporte-de-viveres"},"yoast_head":"<!-- This site is optimized with the Yoast SEO plugin v24.3 - https:\/\/yoast.com\/wordpress\/plugins\/seo\/ -->\n<title>Fiscal\u00eda General de la Naci\u00f3n<\/title>\n<meta name=\"description\" content=\"P\u00e1gina oficial de la Fiscal\u00eda General de la Naci\u00f3n \u2013 Colombia. Garantizamos el acceso efectivo a la justicia, la verdad y la reparaci\u00f3n de las v\u00edctimas de los delitos.\" \/>\n<meta name=\"robots\" content=\"noindex, follow\" \/>\n<meta property=\"og:locale\" content=\"es_ES\" \/>\n<meta property=\"og:type\" content=\"article\" \/>\n<meta property=\"og:title\" content=\"Fiscal\u00eda General de la Naci\u00f3n\" \/>\n<meta property=\"og:description\" content=\"P\u00e1gina oficial de la Fiscal\u00eda General de la Naci\u00f3n \u2013 Colombia. Garantizamos el acceso efectivo a la justicia, la verdad y la reparaci\u00f3n de las v\u00edctimas de los delitos.\" \/>\n<meta property=\"og:url\" content=\"https:\/\/www.fiscalia.gov.co\/colombia\/noticias\/condenados-a-7-anos-de-prision-mayor-retirado-del-ejercito-y-un-particular-por-falsedad-ideologica-y-peculado-por-apropiacion\/\" \/>\n<meta property=\"og:site_name\" content=\"Fiscal\u00eda General de la Naci\u00f3n\" \/>\n<meta property=\"article:publisher\" content=\"https:\/\/www.facebook.com\/FiscaliaCol\" \/>\n<meta property=\"article:published_time\" content=\"2022-04-01T15:17:11+00:00\" \/>\n<meta name=\"author\" content=\"Jordan Leandro Oviedo Anzola\" \/>\n<meta name=\"twitter:card\" content=\"summary_large_image\" \/>\n<meta name=\"twitter:creator\" content=\"@FiscaliaCol\" \/>\n<meta name=\"twitter:site\" content=\"@FiscaliaCol\" \/>\n<meta name=\"twitter:label1\" content=\"Escrito por\" \/>\n\t<meta name=\"twitter:data1\" content=\"Jordan Leandro Oviedo Anzola\" \/>\n\t<meta name=\"twitter:label2\" content=\"Tiempo de lectura\" \/>\n\t<meta name=\"twitter:data2\" content=\"2 minutos\" \/>\n<script type=\"application\/ld+json\" class=\"yoast-schema-graph\">{\"@context\":\"https:\/\/schema.org\",\"@graph\":[{\"@type\":\"Article\",\"@id\":\"https:\/\/www.fiscalia.gov.co\/colombia\/noticias\/condenados-a-7-anos-de-prision-mayor-retirado-del-ejercito-y-un-particular-por-falsedad-ideologica-y-peculado-por-apropiacion\/#article\",\"isPartOf\":{\"@id\":\"https:\/\/www.fiscalia.gov.co\/colombia\/noticias\/condenados-a-7-anos-de-prision-mayor-retirado-del-ejercito-y-un-particular-por-falsedad-ideologica-y-peculado-por-apropiacion\/\"},\"author\":{\"name\":\"Jordan Leandro Oviedo Anzola\",\"@id\":\"https:\/\/www.fiscalia.gov.co\/colombia\/#\/schema\/person\/bf84402cf293a5393e9c70b111020b24\"},\"headline\":\"Condenados a 7 a\u00f1os de prisi\u00f3n mayor retirado del Ej\u00e9rcito y un particular por falsedad ideol\u00f3gica y peculado por apropiaci\u00f3n\",\"datePublished\":\"2022-04-01T15:17:11+00:00\",\"dateModified\":\"2022-04-01T15:17:11+00:00\",\"mainEntityOfPage\":{\"@id\":\"https:\/\/www.fiscalia.gov.co\/colombia\/noticias\/condenados-a-7-anos-de-prision-mayor-retirado-del-ejercito-y-un-particular-por-falsedad-ideologica-y-peculado-por-apropiacion\/\"},\"wordCount\":495,\"publisher\":{\"@id\":\"https:\/\/www.fiscalia.gov.co\/colombia\/#organization\"},\"keywords\":[\"Agencia Log\u00edstica de las FFMM de Florencia\",\"bases militares\",\"Corrupci\u00f3n\",\"CTI\",\"ex militar\",\"ex tesorero\",\"falso contratista.\",\"Fiscal Barbosa\",\"Fiscal\u00eda General de la Naci\u00f3n\",\"grafolog\u00eda\",\"peritos graf\u00f3logos\",\"transporte de v\u00edveres\"],\"articleSection\":[\"Corrupci\u00f3n\",\"Corrupci\u00f3n\",\"Noticias\",\"Seccional Florencia\",\"Seccionales\"],\"inLanguage\":\"es-CO\"},{\"@type\":\"WebPage\",\"@id\":\"https:\/\/www.fiscalia.gov.co\/colombia\/noticias\/condenados-a-7-anos-de-prision-mayor-retirado-del-ejercito-y-un-particular-por-falsedad-ideologica-y-peculado-por-apropiacion\/\",\"url\":\"https:\/\/www.fiscalia.gov.co\/colombia\/noticias\/condenados-a-7-anos-de-prision-mayor-retirado-del-ejercito-y-un-particular-por-falsedad-ideologica-y-peculado-por-apropiacion\/\",\"name\":\"Fiscal\u00eda General de la Naci\u00f3n\",\"isPartOf\":{\"@id\":\"https:\/\/www.fiscalia.gov.co\/colombia\/#website\"},\"datePublished\":\"2022-04-01T15:17:11+00:00\",\"dateModified\":\"2022-04-01T15:17:11+00:00\",\"description\":\"P\u00e1gina oficial de la Fiscal\u00eda General de la Naci\u00f3n \u2013 Colombia. Garantizamos el acceso efectivo a la justicia, la verdad y la reparaci\u00f3n de las v\u00edctimas de los delitos.\",\"breadcrumb\":{\"@id\":\"https:\/\/www.fiscalia.gov.co\/colombia\/noticias\/condenados-a-7-anos-de-prision-mayor-retirado-del-ejercito-y-un-particular-por-falsedad-ideologica-y-peculado-por-apropiacion\/#breadcrumb\"},\"inLanguage\":\"es-CO\",\"potentialAction\":[{\"@type\":\"ReadAction\",\"target\":[\"https:\/\/www.fiscalia.gov.co\/colombia\/noticias\/condenados-a-7-anos-de-prision-mayor-retirado-del-ejercito-y-un-particular-por-falsedad-ideologica-y-peculado-por-apropiacion\/\"]}]},{\"@type\":\"BreadcrumbList\",\"@id\":\"https:\/\/www.fiscalia.gov.co\/colombia\/noticias\/condenados-a-7-anos-de-prision-mayor-retirado-del-ejercito-y-un-particular-por-falsedad-ideologica-y-peculado-por-apropiacion\/#breadcrumb\",\"itemListElement\":[{\"@type\":\"ListItem\",\"position\":1,\"name\":\"Home\",\"item\":\"https:\/\/www.fiscalia.gov.co\/colombia\/\"},{\"@type\":\"ListItem\",\"position\":2,\"name\":\"Condenados a 7 a\u00f1os de prisi\u00f3n mayor retirado del Ej\u00e9rcito y un particular por falsedad ideol\u00f3gica y peculado por apropiaci\u00f3n\"}]},{\"@type\":\"WebSite\",\"@id\":\"https:\/\/www.fiscalia.gov.co\/colombia\/#website\",\"url\":\"https:\/\/www.fiscalia.gov.co\/colombia\/\",\"name\":\"Fiscal\u00eda General de la Naci\u00f3n\",\"description\":\"P\u00e1gina oficial de la Fiscal\u00eda General de la Naci\u00f3n \u2013 Colombia. Garantizamos el acceso efectivo a la justicia, la verdad y la reparaci\u00f3n de las v\u00edctimas de los delitos.\",\"publisher\":{\"@id\":\"https:\/\/www.fiscalia.gov.co\/colombia\/#organization\"},\"potentialAction\":[{\"@type\":\"SearchAction\",\"target\":{\"@type\":\"EntryPoint\",\"urlTemplate\":\"https:\/\/www.fiscalia.gov.co\/colombia\/?s={search_term_string}\"},\"query-input\":{\"@type\":\"PropertyValueSpecification\",\"valueRequired\":true,\"valueName\":\"search_term_string\"}}],\"inLanguage\":\"es-CO\"},{\"@type\":\"Organization\",\"@id\":\"https:\/\/www.fiscalia.gov.co\/colombia\/#organization\",\"name\":\"Fiscal\u00eda General de la Naci\u00f3n\",\"url\":\"https:\/\/www.fiscalia.gov.co\/colombia\/\",\"logo\":{\"@type\":\"ImageObject\",\"inLanguage\":\"es-CO\",\"@id\":\"https:\/\/www.fiscalia.gov.co\/colombia\/#\/schema\/logo\/image\/\",\"url\":\"https:\/\/www.fiscalia.gov.co\/colombia\/wp-content\/uploads\/LogoHorizontal_1.jpg\",\"contentUrl\":\"https:\/\/www.fiscalia.gov.co\/colombia\/wp-content\/uploads\/LogoHorizontal_1.jpg\",\"width\":300,\"height\":90,\"caption\":\"Fiscal\u00eda General de la Naci\u00f3n\"},\"image\":{\"@id\":\"https:\/\/www.fiscalia.gov.co\/colombia\/#\/schema\/logo\/image\/\"},\"sameAs\":[\"https:\/\/www.facebook.com\/FiscaliaCol\",\"https:\/\/x.com\/FiscaliaCol\",\"https:\/\/www.instagram.com\/fiscaliacol\",\"https:\/\/www.linkedin.com\/company\/fiscalia-general-de-la-naci-n\/\",\"https:\/\/youtube.com\/@fiscaliageneraldelanacion-4668?si=6nN79nyQICPU5iTh\"]},{\"@type\":\"Person\",\"@id\":\"https:\/\/www.fiscalia.gov.co\/colombia\/#\/schema\/person\/bf84402cf293a5393e9c70b111020b24\",\"name\":\"Jordan Leandro Oviedo Anzola\",\"image\":{\"@type\":\"ImageObject\",\"inLanguage\":\"es-CO\",\"@id\":\"https:\/\/www.fiscalia.gov.co\/colombia\/#\/schema\/person\/image\/\",\"url\":\"https:\/\/secure.gravatar.com\/avatar\/dabba4346fa9b9207d96adafa8f92721?s=96&d=mm&r=g\",\"contentUrl\":\"https:\/\/secure.gravatar.com\/avatar\/dabba4346fa9b9207d96adafa8f92721?s=96&d=mm&r=g\",\"caption\":\"Jordan Leandro Oviedo Anzola\"},\"url\":\"https:\/\/www.fiscalia.gov.co\/colombia\/author\/joviedo\/\"}]}<\/script>\n<!-- \/ Yoast SEO plugin. -->","yoast_head_json":{"title":"Fiscal\u00eda General de la Naci\u00f3n","description":"P\u00e1gina oficial de la Fiscal\u00eda General de la Naci\u00f3n \u2013 Colombia. Garantizamos el acceso efectivo a la justicia, la verdad y la reparaci\u00f3n de las v\u00edctimas de los delitos.","robots":{"index":"noindex","follow":"follow"},"og_locale":"es_ES","og_type":"article","og_title":"Fiscal\u00eda General de la Naci\u00f3n","og_description":"P\u00e1gina oficial de la Fiscal\u00eda General de la Naci\u00f3n \u2013 Colombia. Garantizamos el acceso efectivo a la justicia, la verdad y la reparaci\u00f3n de las v\u00edctimas de los delitos.","og_url":"https:\/\/www.fiscalia.gov.co\/colombia\/noticias\/condenados-a-7-anos-de-prision-mayor-retirado-del-ejercito-y-un-particular-por-falsedad-ideologica-y-peculado-por-apropiacion\/","og_site_name":"Fiscal\u00eda General de la Naci\u00f3n","article_publisher":"https:\/\/www.facebook.com\/FiscaliaCol","article_published_time":"2022-04-01T15:17:11+00:00","author":"Jordan Leandro Oviedo Anzola","twitter_card":"summary_large_image","twitter_creator":"@FiscaliaCol","twitter_site":"@FiscaliaCol","twitter_misc":{"Escrito por":"Jordan Leandro Oviedo Anzola","Tiempo de lectura":"2 minutos"},"schema":{"@context":"https:\/\/schema.org","@graph":[{"@type":"Article","@id":"https:\/\/www.fiscalia.gov.co\/colombia\/noticias\/condenados-a-7-anos-de-prision-mayor-retirado-del-ejercito-y-un-particular-por-falsedad-ideologica-y-peculado-por-apropiacion\/#article","isPartOf":{"@id":"https:\/\/www.fiscalia.gov.co\/colombia\/noticias\/condenados-a-7-anos-de-prision-mayor-retirado-del-ejercito-y-un-particular-por-falsedad-ideologica-y-peculado-por-apropiacion\/"},"author":{"name":"Jordan Leandro Oviedo Anzola","@id":"https:\/\/www.fiscalia.gov.co\/colombia\/#\/schema\/person\/bf84402cf293a5393e9c70b111020b24"},"headline":"Condenados a 7 a\u00f1os de prisi\u00f3n mayor retirado del Ej\u00e9rcito y un particular por falsedad ideol\u00f3gica y peculado por apropiaci\u00f3n","datePublished":"2022-04-01T15:17:11+00:00","dateModified":"2022-04-01T15:17:11+00:00","mainEntityOfPage":{"@id":"https:\/\/www.fiscalia.gov.co\/colombia\/noticias\/condenados-a-7-anos-de-prision-mayor-retirado-del-ejercito-y-un-particular-por-falsedad-ideologica-y-peculado-por-apropiacion\/"},"wordCount":495,"publisher":{"@id":"https:\/\/www.fiscalia.gov.co\/colombia\/#organization"},"keywords":["Agencia Log\u00edstica de las FFMM de Florencia","bases militares","Corrupci\u00f3n","CTI","ex militar","ex tesorero","falso contratista.","Fiscal Barbosa","Fiscal\u00eda General de la Naci\u00f3n","grafolog\u00eda","peritos graf\u00f3logos","transporte de v\u00edveres"],"articleSection":["Corrupci\u00f3n","Corrupci\u00f3n","Noticias","Seccional Florencia","Seccionales"],"inLanguage":"es-CO"},{"@type":"WebPage","@id":"https:\/\/www.fiscalia.gov.co\/colombia\/noticias\/condenados-a-7-anos-de-prision-mayor-retirado-del-ejercito-y-un-particular-por-falsedad-ideologica-y-peculado-por-apropiacion\/","url":"https:\/\/www.fiscalia.gov.co\/colombia\/noticias\/condenados-a-7-anos-de-prision-mayor-retirado-del-ejercito-y-un-particular-por-falsedad-ideologica-y-peculado-por-apropiacion\/","name":"Fiscal\u00eda General de la Naci\u00f3n","isPartOf":{"@id":"https:\/\/www.fiscalia.gov.co\/colombia\/#website"},"datePublished":"2022-04-01T15:17:11+00:00","dateModified":"2022-04-01T15:17:11+00:00","description":"P\u00e1gina oficial de la Fiscal\u00eda General de la Naci\u00f3n \u2013 Colombia. Garantizamos el acceso efectivo a la justicia, la verdad y la reparaci\u00f3n de las v\u00edctimas de los delitos.","breadcrumb":{"@id":"https:\/\/www.fiscalia.gov.co\/colombia\/noticias\/condenados-a-7-anos-de-prision-mayor-retirado-del-ejercito-y-un-particular-por-falsedad-ideologica-y-peculado-por-apropiacion\/#breadcrumb"},"inLanguage":"es-CO","potentialAction":[{"@type":"ReadAction","target":["https:\/\/www.fiscalia.gov.co\/colombia\/noticias\/condenados-a-7-anos-de-prision-mayor-retirado-del-ejercito-y-un-particular-por-falsedad-ideologica-y-peculado-por-apropiacion\/"]}]},{"@type":"BreadcrumbList","@id":"https:\/\/www.fiscalia.gov.co\/colombia\/noticias\/condenados-a-7-anos-de-prision-mayor-retirado-del-ejercito-y-un-particular-por-falsedad-ideologica-y-peculado-por-apropiacion\/#breadcrumb","itemListElement":[{"@type":"ListItem","position":1,"name":"Home","item":"https:\/\/www.fiscalia.gov.co\/colombia\/"},{"@type":"ListItem","position":2,"name":"Condenados a 7 a\u00f1os de prisi\u00f3n mayor retirado del Ej\u00e9rcito y un particular por falsedad ideol\u00f3gica y peculado por apropiaci\u00f3n"}]},{"@type":"WebSite","@id":"https:\/\/www.fiscalia.gov.co\/colombia\/#website","url":"https:\/\/www.fiscalia.gov.co\/colombia\/","name":"Fiscal\u00eda General de la Naci\u00f3n","description":"P\u00e1gina oficial de la Fiscal\u00eda General de la Naci\u00f3n \u2013 Colombia. Garantizamos el acceso efectivo a la justicia, la verdad y la reparaci\u00f3n de las v\u00edctimas de los delitos.","publisher":{"@id":"https:\/\/www.fiscalia.gov.co\/colombia\/#organization"},"potentialAction":[{"@type":"SearchAction","target":{"@type":"EntryPoint","urlTemplate":"https:\/\/www.fiscalia.gov.co\/colombia\/?s={search_term_string}"},"query-input":{"@type":"PropertyValueSpecification","valueRequired":true,"valueName":"search_term_string"}}],"inLanguage":"es-CO"},{"@type":"Organization","@id":"https:\/\/www.fiscalia.gov.co\/colombia\/#organization","name":"Fiscal\u00eda General de la Naci\u00f3n","url":"https:\/\/www.fiscalia.gov.co\/colombia\/","logo":{"@type":"ImageObject","inLanguage":"es-CO","@id":"https:\/\/www.fiscalia.gov.co\/colombia\/#\/schema\/logo\/image\/","url":"https:\/\/www.fiscalia.gov.co\/colombia\/wp-content\/uploads\/LogoHorizontal_1.jpg","contentUrl":"https:\/\/www.fiscalia.gov.co\/colombia\/wp-content\/uploads\/LogoHorizontal_1.jpg","width":300,"height":90,"caption":"Fiscal\u00eda General de la Naci\u00f3n"},"image":{"@id":"https:\/\/www.fiscalia.gov.co\/colombia\/#\/schema\/logo\/image\/"},"sameAs":["https:\/\/www.facebook.com\/FiscaliaCol","https:\/\/x.com\/FiscaliaCol","https:\/\/www.instagram.com\/fiscaliacol","https:\/\/www.linkedin.com\/company\/fiscalia-general-de-la-naci-n\/","https:\/\/youtube.com\/@fiscaliageneraldelanacion-4668?si=6nN79nyQICPU5iTh"]},{"@type":"Person","@id":"https:\/\/www.fiscalia.gov.co\/colombia\/#\/schema\/person\/bf84402cf293a5393e9c70b111020b24","name":"Jordan Leandro Oviedo Anzola","image":{"@type":"ImageObject","inLanguage":"es-CO","@id":"https:\/\/www.fiscalia.gov.co\/colombia\/#\/schema\/person\/image\/","url":"https:\/\/secure.gravatar.com\/avatar\/dabba4346fa9b9207d96adafa8f92721?s=96&d=mm&r=g","contentUrl":"https:\/\/secure.gravatar.com\/avatar\/dabba4346fa9b9207d96adafa8f92721?s=96&d=mm&r=g","caption":"Jordan Leandro Oviedo Anzola"},"url":"https:\/\/www.fiscalia.gov.co\/colombia\/author\/joviedo\/"}]}},"_links":{"self":[{"href":"https:\/\/www.fiscalia.gov.co\/colombia\/wp-json\/wp\/v2\/posts\/245004","targetHints":{"allow":["GET"]}}],"collection":[{"href":"https:\/\/www.fiscalia.gov.co\/colombia\/wp-json\/wp\/v2\/posts"}],"about":[{"href":"https:\/\/www.fiscalia.gov.co\/colombia\/wp-json\/wp\/v2\/types\/post"}],"author":[{"embeddable":true,"href":"https:\/\/www.fiscalia.gov.co\/colombia\/wp-json\/wp\/v2\/users\/177"}],"replies":[{"embeddable":true,"href":"https:\/\/www.fiscalia.gov.co\/colombia\/wp-json\/wp\/v2\/comments?post=245004"}],"version-history":[{"count":1,"href":"https:\/\/www.fiscalia.gov.co\/colombia\/wp-json\/wp\/v2\/posts\/245004\/revisions"}],"predecessor-version":[{"id":245013,"href":"https:\/\/www.fiscalia.gov.co\/colombia\/wp-json\/wp\/v2\/posts\/245004\/revisions\/245013"}],"wp:attachment":[{"href":"https:\/\/www.fiscalia.gov.co\/colombia\/wp-json\/wp\/v2\/media?parent=245004"}],"wp:term":[{"taxonomy":"category","embeddable":true,"href":"https:\/\/www.fiscalia.gov.co\/colombia\/wp-json\/wp\/v2\/categories?post=245004"},{"taxonomy":"post_tag","embeddable":true,"href":"https:\/\/www.fiscalia.gov.co\/colombia\/wp-json\/wp\/v2\/tags?post=245004"}],"curies":[{"name":"wp","href":"https:\/\/api.w.org\/{rel}","templated":true}]}}