{"id":244513,"date":"2022-03-27T10:08:51","date_gmt":"2022-03-27T15:08:51","guid":{"rendered":"https:\/\/www.fiscalia.gov.co\/colombia\/?p=244513"},"modified":"2022-03-27T10:08:51","modified_gmt":"2022-03-27T15:08:51","slug":"carcel-para-seis-militares-que-estarian-involucrados-en-el-trafico-de-armamento-para-las-disidencias-de-las-farc-eln-y-el-clan-del-golfo","status":"publish","type":"post","link":"https:\/\/www.fiscalia.gov.co\/colombia\/noticias\/carcel-para-seis-militares-que-estarian-involucrados-en-el-trafico-de-armamento-para-las-disidencias-de-las-farc-eln-y-el-clan-del-golfo\/","title":{"rendered":"C\u00e1rcel para seis militares que estar\u00edan involucrados en el tr\u00e1fico de armamento para las disidencias de las FARC, ELN y el \u2018Clan del Golfo\u2019"},"content":{"rendered":"<h4><strong><em>Las evidencias dan cuenta de que, al parecer, utilizaban actas fraudulentas para justificar la p\u00e9rdida de material, armas y municiones, cuando en realidad eran elementos sustra\u00eddos de batallones en Bogot\u00e1, Caquet\u00e1, Antioquia, Tolima, Cesar, Putumayo, y La Guajira.<\/em><\/strong><\/h4>\n<p>El trabajo investigativo de la Fiscal\u00eda General de la Naci\u00f3n, a trav\u00e9s del CTI y la Direcci\u00f3n Especializada contra las Organizaciones Criminales, en articulaci\u00f3n con el Ej\u00e9rcito Nacional, puso en evidencia las actividades il\u00edcitas en las que estar\u00edan involucrados dos sargentos, uno de ellos en retiro, y cuatro soldados profesionales del Ej\u00e9rcito Nacional para desviar armamento, munici\u00f3n y material de intendencia y venderlos a estructuras ilegales.<\/p>\n<p>Al parecer, los uniformados se val\u00edan de conceptos t\u00e9cnicos falsos y actas fraudulentas para reportar la p\u00e9rdida de los elementos de intendencia en batallones de ubicados en Bogot\u00e1, Caquet\u00e1, Meta, Putumayo, Tolima, Antioquia, Cesar y La Guajira.<\/p>\n<p>Pistolas, rev\u00f3lveres, ametralladoras, fusiles y lanzagranadas habr\u00edan sido sustra\u00eddos de las sedes militares, y vendidos a estructuras de las disidencias de las FARC, el ELN y el \u2018Clan del Golfo\u2019 en Antioquia, Choc\u00f3, Nari\u00f1o, Arauca y Caquet\u00e1.<\/p>\n<p>Los se\u00f1alados involucrados en este andamiaje fueron capturados en diligencias realizadas en Piedecuesta (Santander), Ibagu\u00e9 (Tolima), Villavicencio (Meta) y Bogot\u00e1. En los procedimientos se incautaron armas, munici\u00f3n y prendas de uso militar que, probablemente, estaban listas para ser comercializadas.<\/p>\n<p>En este sentido, un fiscal de la Direcci\u00f3n Especializada contra las Organizaciones Criminales imput\u00f3 a los detenidos los delitos de concierto para delinquir agravado; porte y tr\u00e1fico de armas de uso privativo, de uso restringido de las Fuerzas Armadas; y enriquecimiento il\u00edcito. Uno de los procesados acept\u00f3 los cargos. Todos deber\u00e1n cumplir medidas de aseguramiento privativas de la libertad en centro carcelario.<\/p>\n<p>Los afectados con la decisi\u00f3n son el sargento primero (r) Cristian Leonardo Castro Ojeda y el sargento viceprimero Juan Manuel Torres Hern\u00e1ndez; y los soldados profesionales Ronald Gonz\u00e1lez Garc\u00eda, Jes\u00fas Tique, Eris Jos\u00e9 Pacheco Jim\u00e9nez y Jos\u00e9 Alexander Mu\u00f1oz Joven.<\/p>\n<p>En esta l\u00ednea investigativa que sigue la Fiscal\u00eda por la deviaci\u00f3n de armas, munici\u00f3n y otros elementos de uso oficial ha sido capturadas y judicializadas 25 personas, entre integrantes y exintegrantes de la fuerza p\u00fablica, y civiles.<\/p>\n<p>Esta informaci\u00f3n se publica por razones de inter\u00e9s general.<\/p>\n<p><strong>La Fiscal\u00eda habla con resultados<\/strong><\/p>\n<p>&nbsp;<\/p>\n<p>&nbsp;<\/p>\n<p>LMBG\/JARG\/YAR\/DECOC\/MRC.<\/p>\n<p>&nbsp;<\/p>\n<p><em>La informaci\u00f3n contenida en este bolet\u00edn de prensa corresponde a la narraci\u00f3n de los hechos noticiosos objetivos, suministrados por los funcionarios encargados de adelantar las investigaciones penales al interior de la Fiscal\u00eda General de la Naci\u00f3n. Para el momento de la divulgaci\u00f3n de este comunicado, la situaci\u00f3n jur\u00eddica de la(s) persona(s) relacionada(s) se encuentra pendiente de resolver por la autoridad judicial competente, siempre bajo los preceptos de la presunci\u00f3n de inocencia, consagrados en el art\u00edculo 29 de la Constituci\u00f3n Pol\u00edtica y el art\u00edculo 7\u00ba de la Ley 906 de 2004.<\/em><\/p>\n\n<div class=\"twitter-share\"><a href=\"https:\/\/twitter.com\/intent\/tweet?via=fiscaliacol\" class=\"twitter-share-button\">Tweet<\/a><\/div>\n","protected":false},"excerpt":{"rendered":"<p>Las evidencias dan cuenta de que, al parecer, utilizaban actas fraudulentas para justificar la p\u00e9rdida de material, armas y municiones, cuando en realidad eran elementos sustra\u00eddos de batallones en Bogot\u00e1, [&hellip;]<\/p>\n","protected":false},"author":177,"featured_media":0,"comment_status":"closed","ping_status":"open","sticky":false,"template":"","format":"standard","meta":{"tdm_status":"","tdm_grid_status":"","footnotes":""},"categories":[24098,1],"tags":[18672,7484,762,436,24185,24188,29144,463,689],"class_list":["post-244513","post","type-post","status-publish","format-standard","category-crimen-organizado","category-noticias","tag-clan-del-golfo","tag-crimen-organizado","tag-eln","tag-farc","tag-fiscal-barbosa","tag-fiscal-francisco-barbosa","tag-fiscalia-genera-de-la-nacion","tag-militares","tag-trafico-de-armas"],"yoast_head":"<!-- This site is optimized with the Yoast SEO plugin v24.3 - https:\/\/yoast.com\/wordpress\/plugins\/seo\/ -->\n<title>Fiscal\u00eda General de la Naci\u00f3n<\/title>\n<meta name=\"description\" content=\"P\u00e1gina oficial de la Fiscal\u00eda General de la Naci\u00f3n \u2013 Colombia. Garantizamos el acceso efectivo a la justicia, la verdad y la reparaci\u00f3n de las v\u00edctimas de los delitos.\" \/>\n<meta name=\"robots\" content=\"noindex, follow\" \/>\n<meta property=\"og:locale\" content=\"es_ES\" \/>\n<meta property=\"og:type\" content=\"article\" \/>\n<meta property=\"og:title\" content=\"Fiscal\u00eda General de la Naci\u00f3n\" \/>\n<meta property=\"og:description\" content=\"P\u00e1gina oficial de la Fiscal\u00eda General de la Naci\u00f3n \u2013 Colombia. Garantizamos el acceso efectivo a la justicia, la verdad y la reparaci\u00f3n de las v\u00edctimas de los delitos.\" \/>\n<meta property=\"og:url\" content=\"https:\/\/www.fiscalia.gov.co\/colombia\/noticias\/carcel-para-seis-militares-que-estarian-involucrados-en-el-trafico-de-armamento-para-las-disidencias-de-las-farc-eln-y-el-clan-del-golfo\/\" \/>\n<meta property=\"og:site_name\" content=\"Fiscal\u00eda General de la Naci\u00f3n\" \/>\n<meta property=\"article:publisher\" content=\"https:\/\/www.facebook.com\/FiscaliaCol\" \/>\n<meta property=\"article:published_time\" content=\"2022-03-27T15:08:51+00:00\" \/>\n<meta name=\"author\" content=\"Jordan Leandro Oviedo Anzola\" \/>\n<meta name=\"twitter:card\" content=\"summary_large_image\" \/>\n<meta name=\"twitter:creator\" content=\"@FiscaliaCol\" \/>\n<meta name=\"twitter:site\" content=\"@FiscaliaCol\" \/>\n<meta name=\"twitter:label1\" content=\"Escrito por\" \/>\n\t<meta name=\"twitter:data1\" content=\"Jordan Leandro Oviedo Anzola\" \/>\n\t<meta name=\"twitter:label2\" content=\"Tiempo de lectura\" \/>\n\t<meta name=\"twitter:data2\" content=\"3 minutos\" \/>\n<script type=\"application\/ld+json\" class=\"yoast-schema-graph\">{\"@context\":\"https:\/\/schema.org\",\"@graph\":[{\"@type\":\"Article\",\"@id\":\"https:\/\/www.fiscalia.gov.co\/colombia\/noticias\/carcel-para-seis-militares-que-estarian-involucrados-en-el-trafico-de-armamento-para-las-disidencias-de-las-farc-eln-y-el-clan-del-golfo\/#article\",\"isPartOf\":{\"@id\":\"https:\/\/www.fiscalia.gov.co\/colombia\/noticias\/carcel-para-seis-militares-que-estarian-involucrados-en-el-trafico-de-armamento-para-las-disidencias-de-las-farc-eln-y-el-clan-del-golfo\/\"},\"author\":{\"name\":\"Jordan Leandro Oviedo Anzola\",\"@id\":\"https:\/\/www.fiscalia.gov.co\/colombia\/#\/schema\/person\/bf84402cf293a5393e9c70b111020b24\"},\"headline\":\"C\u00e1rcel para seis militares que estar\u00edan involucrados en el tr\u00e1fico de armamento para las disidencias de las FARC, ELN y el \u2018Clan del Golfo\u2019\",\"datePublished\":\"2022-03-27T15:08:51+00:00\",\"dateModified\":\"2022-03-27T15:08:51+00:00\",\"mainEntityOfPage\":{\"@id\":\"https:\/\/www.fiscalia.gov.co\/colombia\/noticias\/carcel-para-seis-militares-que-estarian-involucrados-en-el-trafico-de-armamento-para-las-disidencias-de-las-farc-eln-y-el-clan-del-golfo\/\"},\"wordCount\":546,\"publisher\":{\"@id\":\"https:\/\/www.fiscalia.gov.co\/colombia\/#organization\"},\"keywords\":[\"Clan del Golfo\",\"Crimen organizado\",\"Eln\",\"Farc\",\"Fiscal Barbosa\",\"Fiscal Francisco Barbosa\",\"Fiscal\u00eda Genera de la Naci\u00f3n\",\"Militares\",\"Tr\u00e1fico de armas\"],\"articleSection\":[\"Crimen organizado\",\"Noticias\"],\"inLanguage\":\"es-CO\"},{\"@type\":\"WebPage\",\"@id\":\"https:\/\/www.fiscalia.gov.co\/colombia\/noticias\/carcel-para-seis-militares-que-estarian-involucrados-en-el-trafico-de-armamento-para-las-disidencias-de-las-farc-eln-y-el-clan-del-golfo\/\",\"url\":\"https:\/\/www.fiscalia.gov.co\/colombia\/noticias\/carcel-para-seis-militares-que-estarian-involucrados-en-el-trafico-de-armamento-para-las-disidencias-de-las-farc-eln-y-el-clan-del-golfo\/\",\"name\":\"Fiscal\u00eda General de la Naci\u00f3n\",\"isPartOf\":{\"@id\":\"https:\/\/www.fiscalia.gov.co\/colombia\/#website\"},\"datePublished\":\"2022-03-27T15:08:51+00:00\",\"dateModified\":\"2022-03-27T15:08:51+00:00\",\"description\":\"P\u00e1gina oficial de la Fiscal\u00eda General de la Naci\u00f3n \u2013 Colombia. Garantizamos el acceso efectivo a la justicia, la verdad y la reparaci\u00f3n de las v\u00edctimas de los delitos.\",\"breadcrumb\":{\"@id\":\"https:\/\/www.fiscalia.gov.co\/colombia\/noticias\/carcel-para-seis-militares-que-estarian-involucrados-en-el-trafico-de-armamento-para-las-disidencias-de-las-farc-eln-y-el-clan-del-golfo\/#breadcrumb\"},\"inLanguage\":\"es-CO\",\"potentialAction\":[{\"@type\":\"ReadAction\",\"target\":[\"https:\/\/www.fiscalia.gov.co\/colombia\/noticias\/carcel-para-seis-militares-que-estarian-involucrados-en-el-trafico-de-armamento-para-las-disidencias-de-las-farc-eln-y-el-clan-del-golfo\/\"]}]},{\"@type\":\"BreadcrumbList\",\"@id\":\"https:\/\/www.fiscalia.gov.co\/colombia\/noticias\/carcel-para-seis-militares-que-estarian-involucrados-en-el-trafico-de-armamento-para-las-disidencias-de-las-farc-eln-y-el-clan-del-golfo\/#breadcrumb\",\"itemListElement\":[{\"@type\":\"ListItem\",\"position\":1,\"name\":\"Home\",\"item\":\"https:\/\/www.fiscalia.gov.co\/colombia\/\"},{\"@type\":\"ListItem\",\"position\":2,\"name\":\"C\u00e1rcel para seis militares que estar\u00edan involucrados en el tr\u00e1fico de armamento para las disidencias de las FARC, ELN y el \u2018Clan del Golfo\u2019\"}]},{\"@type\":\"WebSite\",\"@id\":\"https:\/\/www.fiscalia.gov.co\/colombia\/#website\",\"url\":\"https:\/\/www.fiscalia.gov.co\/colombia\/\",\"name\":\"Fiscal\u00eda General de la Naci\u00f3n\",\"description\":\"P\u00e1gina oficial de la Fiscal\u00eda General de la Naci\u00f3n \u2013 Colombia. Garantizamos el acceso efectivo a la justicia, la verdad y la reparaci\u00f3n de las v\u00edctimas de los delitos.\",\"publisher\":{\"@id\":\"https:\/\/www.fiscalia.gov.co\/colombia\/#organization\"},\"potentialAction\":[{\"@type\":\"SearchAction\",\"target\":{\"@type\":\"EntryPoint\",\"urlTemplate\":\"https:\/\/www.fiscalia.gov.co\/colombia\/?s={search_term_string}\"},\"query-input\":{\"@type\":\"PropertyValueSpecification\",\"valueRequired\":true,\"valueName\":\"search_term_string\"}}],\"inLanguage\":\"es-CO\"},{\"@type\":\"Organization\",\"@id\":\"https:\/\/www.fiscalia.gov.co\/colombia\/#organization\",\"name\":\"Fiscal\u00eda General de la Naci\u00f3n\",\"url\":\"https:\/\/www.fiscalia.gov.co\/colombia\/\",\"logo\":{\"@type\":\"ImageObject\",\"inLanguage\":\"es-CO\",\"@id\":\"https:\/\/www.fiscalia.gov.co\/colombia\/#\/schema\/logo\/image\/\",\"url\":\"https:\/\/www.fiscalia.gov.co\/colombia\/wp-content\/uploads\/LogoHorizontal_1.jpg\",\"contentUrl\":\"https:\/\/www.fiscalia.gov.co\/colombia\/wp-content\/uploads\/LogoHorizontal_1.jpg\",\"width\":300,\"height\":90,\"caption\":\"Fiscal\u00eda General de la Naci\u00f3n\"},\"image\":{\"@id\":\"https:\/\/www.fiscalia.gov.co\/colombia\/#\/schema\/logo\/image\/\"},\"sameAs\":[\"https:\/\/www.facebook.com\/FiscaliaCol\",\"https:\/\/x.com\/FiscaliaCol\",\"https:\/\/www.instagram.com\/fiscaliacol\",\"https:\/\/www.linkedin.com\/company\/fiscalia-general-de-la-naci-n\/\",\"https:\/\/youtube.com\/@fiscaliageneraldelanacion-4668?si=6nN79nyQICPU5iTh\"]},{\"@type\":\"Person\",\"@id\":\"https:\/\/www.fiscalia.gov.co\/colombia\/#\/schema\/person\/bf84402cf293a5393e9c70b111020b24\",\"name\":\"Jordan Leandro Oviedo Anzola\",\"image\":{\"@type\":\"ImageObject\",\"inLanguage\":\"es-CO\",\"@id\":\"https:\/\/www.fiscalia.gov.co\/colombia\/#\/schema\/person\/image\/\",\"url\":\"https:\/\/secure.gravatar.com\/avatar\/dabba4346fa9b9207d96adafa8f92721?s=96&d=mm&r=g\",\"contentUrl\":\"https:\/\/secure.gravatar.com\/avatar\/dabba4346fa9b9207d96adafa8f92721?s=96&d=mm&r=g\",\"caption\":\"Jordan Leandro Oviedo Anzola\"},\"url\":\"https:\/\/www.fiscalia.gov.co\/colombia\/author\/joviedo\/\"}]}<\/script>\n<!-- \/ Yoast SEO plugin. -->","yoast_head_json":{"title":"Fiscal\u00eda General de la Naci\u00f3n","description":"P\u00e1gina oficial de la Fiscal\u00eda General de la Naci\u00f3n \u2013 Colombia. Garantizamos el acceso efectivo a la justicia, la verdad y la reparaci\u00f3n de las v\u00edctimas de los delitos.","robots":{"index":"noindex","follow":"follow"},"og_locale":"es_ES","og_type":"article","og_title":"Fiscal\u00eda General de la Naci\u00f3n","og_description":"P\u00e1gina oficial de la Fiscal\u00eda General de la Naci\u00f3n \u2013 Colombia. Garantizamos el acceso efectivo a la justicia, la verdad y la reparaci\u00f3n de las v\u00edctimas de los delitos.","og_url":"https:\/\/www.fiscalia.gov.co\/colombia\/noticias\/carcel-para-seis-militares-que-estarian-involucrados-en-el-trafico-de-armamento-para-las-disidencias-de-las-farc-eln-y-el-clan-del-golfo\/","og_site_name":"Fiscal\u00eda General de la Naci\u00f3n","article_publisher":"https:\/\/www.facebook.com\/FiscaliaCol","article_published_time":"2022-03-27T15:08:51+00:00","author":"Jordan Leandro Oviedo Anzola","twitter_card":"summary_large_image","twitter_creator":"@FiscaliaCol","twitter_site":"@FiscaliaCol","twitter_misc":{"Escrito por":"Jordan Leandro Oviedo Anzola","Tiempo de lectura":"3 minutos"},"schema":{"@context":"https:\/\/schema.org","@graph":[{"@type":"Article","@id":"https:\/\/www.fiscalia.gov.co\/colombia\/noticias\/carcel-para-seis-militares-que-estarian-involucrados-en-el-trafico-de-armamento-para-las-disidencias-de-las-farc-eln-y-el-clan-del-golfo\/#article","isPartOf":{"@id":"https:\/\/www.fiscalia.gov.co\/colombia\/noticias\/carcel-para-seis-militares-que-estarian-involucrados-en-el-trafico-de-armamento-para-las-disidencias-de-las-farc-eln-y-el-clan-del-golfo\/"},"author":{"name":"Jordan Leandro Oviedo Anzola","@id":"https:\/\/www.fiscalia.gov.co\/colombia\/#\/schema\/person\/bf84402cf293a5393e9c70b111020b24"},"headline":"C\u00e1rcel para seis militares que estar\u00edan involucrados en el tr\u00e1fico de armamento para las disidencias de las FARC, ELN y el \u2018Clan del Golfo\u2019","datePublished":"2022-03-27T15:08:51+00:00","dateModified":"2022-03-27T15:08:51+00:00","mainEntityOfPage":{"@id":"https:\/\/www.fiscalia.gov.co\/colombia\/noticias\/carcel-para-seis-militares-que-estarian-involucrados-en-el-trafico-de-armamento-para-las-disidencias-de-las-farc-eln-y-el-clan-del-golfo\/"},"wordCount":546,"publisher":{"@id":"https:\/\/www.fiscalia.gov.co\/colombia\/#organization"},"keywords":["Clan del Golfo","Crimen organizado","Eln","Farc","Fiscal Barbosa","Fiscal Francisco Barbosa","Fiscal\u00eda Genera de la Naci\u00f3n","Militares","Tr\u00e1fico de armas"],"articleSection":["Crimen organizado","Noticias"],"inLanguage":"es-CO"},{"@type":"WebPage","@id":"https:\/\/www.fiscalia.gov.co\/colombia\/noticias\/carcel-para-seis-militares-que-estarian-involucrados-en-el-trafico-de-armamento-para-las-disidencias-de-las-farc-eln-y-el-clan-del-golfo\/","url":"https:\/\/www.fiscalia.gov.co\/colombia\/noticias\/carcel-para-seis-militares-que-estarian-involucrados-en-el-trafico-de-armamento-para-las-disidencias-de-las-farc-eln-y-el-clan-del-golfo\/","name":"Fiscal\u00eda General de la Naci\u00f3n","isPartOf":{"@id":"https:\/\/www.fiscalia.gov.co\/colombia\/#website"},"datePublished":"2022-03-27T15:08:51+00:00","dateModified":"2022-03-27T15:08:51+00:00","description":"P\u00e1gina oficial de la Fiscal\u00eda General de la Naci\u00f3n \u2013 Colombia. Garantizamos el acceso efectivo a la justicia, la verdad y la reparaci\u00f3n de las v\u00edctimas de los delitos.","breadcrumb":{"@id":"https:\/\/www.fiscalia.gov.co\/colombia\/noticias\/carcel-para-seis-militares-que-estarian-involucrados-en-el-trafico-de-armamento-para-las-disidencias-de-las-farc-eln-y-el-clan-del-golfo\/#breadcrumb"},"inLanguage":"es-CO","potentialAction":[{"@type":"ReadAction","target":["https:\/\/www.fiscalia.gov.co\/colombia\/noticias\/carcel-para-seis-militares-que-estarian-involucrados-en-el-trafico-de-armamento-para-las-disidencias-de-las-farc-eln-y-el-clan-del-golfo\/"]}]},{"@type":"BreadcrumbList","@id":"https:\/\/www.fiscalia.gov.co\/colombia\/noticias\/carcel-para-seis-militares-que-estarian-involucrados-en-el-trafico-de-armamento-para-las-disidencias-de-las-farc-eln-y-el-clan-del-golfo\/#breadcrumb","itemListElement":[{"@type":"ListItem","position":1,"name":"Home","item":"https:\/\/www.fiscalia.gov.co\/colombia\/"},{"@type":"ListItem","position":2,"name":"C\u00e1rcel para seis militares que estar\u00edan involucrados en el tr\u00e1fico de armamento para las disidencias de las FARC, ELN y el \u2018Clan del Golfo\u2019"}]},{"@type":"WebSite","@id":"https:\/\/www.fiscalia.gov.co\/colombia\/#website","url":"https:\/\/www.fiscalia.gov.co\/colombia\/","name":"Fiscal\u00eda General de la Naci\u00f3n","description":"P\u00e1gina oficial de la Fiscal\u00eda General de la Naci\u00f3n \u2013 Colombia. Garantizamos el acceso efectivo a la justicia, la verdad y la reparaci\u00f3n de las v\u00edctimas de los delitos.","publisher":{"@id":"https:\/\/www.fiscalia.gov.co\/colombia\/#organization"},"potentialAction":[{"@type":"SearchAction","target":{"@type":"EntryPoint","urlTemplate":"https:\/\/www.fiscalia.gov.co\/colombia\/?s={search_term_string}"},"query-input":{"@type":"PropertyValueSpecification","valueRequired":true,"valueName":"search_term_string"}}],"inLanguage":"es-CO"},{"@type":"Organization","@id":"https:\/\/www.fiscalia.gov.co\/colombia\/#organization","name":"Fiscal\u00eda General de la Naci\u00f3n","url":"https:\/\/www.fiscalia.gov.co\/colombia\/","logo":{"@type":"ImageObject","inLanguage":"es-CO","@id":"https:\/\/www.fiscalia.gov.co\/colombia\/#\/schema\/logo\/image\/","url":"https:\/\/www.fiscalia.gov.co\/colombia\/wp-content\/uploads\/LogoHorizontal_1.jpg","contentUrl":"https:\/\/www.fiscalia.gov.co\/colombia\/wp-content\/uploads\/LogoHorizontal_1.jpg","width":300,"height":90,"caption":"Fiscal\u00eda General de la Naci\u00f3n"},"image":{"@id":"https:\/\/www.fiscalia.gov.co\/colombia\/#\/schema\/logo\/image\/"},"sameAs":["https:\/\/www.facebook.com\/FiscaliaCol","https:\/\/x.com\/FiscaliaCol","https:\/\/www.instagram.com\/fiscaliacol","https:\/\/www.linkedin.com\/company\/fiscalia-general-de-la-naci-n\/","https:\/\/youtube.com\/@fiscaliageneraldelanacion-4668?si=6nN79nyQICPU5iTh"]},{"@type":"Person","@id":"https:\/\/www.fiscalia.gov.co\/colombia\/#\/schema\/person\/bf84402cf293a5393e9c70b111020b24","name":"Jordan Leandro Oviedo Anzola","image":{"@type":"ImageObject","inLanguage":"es-CO","@id":"https:\/\/www.fiscalia.gov.co\/colombia\/#\/schema\/person\/image\/","url":"https:\/\/secure.gravatar.com\/avatar\/dabba4346fa9b9207d96adafa8f92721?s=96&d=mm&r=g","contentUrl":"https:\/\/secure.gravatar.com\/avatar\/dabba4346fa9b9207d96adafa8f92721?s=96&d=mm&r=g","caption":"Jordan Leandro Oviedo Anzola"},"url":"https:\/\/www.fiscalia.gov.co\/colombia\/author\/joviedo\/"}]}},"_links":{"self":[{"href":"https:\/\/www.fiscalia.gov.co\/colombia\/wp-json\/wp\/v2\/posts\/244513","targetHints":{"allow":["GET"]}}],"collection":[{"href":"https:\/\/www.fiscalia.gov.co\/colombia\/wp-json\/wp\/v2\/posts"}],"about":[{"href":"https:\/\/www.fiscalia.gov.co\/colombia\/wp-json\/wp\/v2\/types\/post"}],"author":[{"embeddable":true,"href":"https:\/\/www.fiscalia.gov.co\/colombia\/wp-json\/wp\/v2\/users\/177"}],"replies":[{"embeddable":true,"href":"https:\/\/www.fiscalia.gov.co\/colombia\/wp-json\/wp\/v2\/comments?post=244513"}],"version-history":[{"count":1,"href":"https:\/\/www.fiscalia.gov.co\/colombia\/wp-json\/wp\/v2\/posts\/244513\/revisions"}],"predecessor-version":[{"id":244516,"href":"https:\/\/www.fiscalia.gov.co\/colombia\/wp-json\/wp\/v2\/posts\/244513\/revisions\/244516"}],"wp:attachment":[{"href":"https:\/\/www.fiscalia.gov.co\/colombia\/wp-json\/wp\/v2\/media?parent=244513"}],"wp:term":[{"taxonomy":"category","embeddable":true,"href":"https:\/\/www.fiscalia.gov.co\/colombia\/wp-json\/wp\/v2\/categories?post=244513"},{"taxonomy":"post_tag","embeddable":true,"href":"https:\/\/www.fiscalia.gov.co\/colombia\/wp-json\/wp\/v2\/tags?post=244513"}],"curies":[{"name":"wp","href":"https:\/\/api.w.org\/{rel}","templated":true}]}}